{"id":39393,"date":"2017-12-08T19:00:49","date_gmt":"2017-12-08T22:00:49","guid":{"rendered":"http:\/\/patagoniambiental.com.ar\/info\/?p=39393"},"modified":"2017-12-06T11:51:15","modified_gmt":"2017-12-06T14:51:15","slug":"suiza-advierte-a-bolivia-urgencia-de-proteger-el-agua-frente-al-cambio-climatico","status":"publish","type":"post","link":"https:\/\/patagoniambiental.com.ar\/info\/suiza-advierte-a-bolivia-urgencia-de-proteger-el-agua-frente-al-cambio-climatico\/","title":{"rendered":"Suiza advierte a Bolivia urgencia de proteger el agua frente al cambio clim\u00e1tico"},"content":{"rendered":"<div class=\"l-wrap\">\n<div class=\"b-header\">\n<div class=\"b-article__header\">\n<div class=\"b-article__header-title \">\n<p>LA PAZ (Sputnik) \u2014 El cambio clim\u00e1tico debe conducir a desarrollar acciones conjuntas entre los distintos actores sociales para lograr una gesti\u00f3n integral del uso del agua que asegure su aprovechamiento, dijo el embajador de Suiza en Bolivia, Roger Denzer.<\/p>\n<\/div>\n<\/div>\n<\/div>\n<\/div>\n<p><!--more--><\/p>\n<div class=\"l-main m-oh\">\n<div class=\"l-wrap m-clear\">\n<div class=\"l-maincolumn m-static\">\n<div class=\"b-article\">\n<div class=\"b-article__refs-text\"><a class=\"b-article__refs-rubric\" href=\"https:\/\/mundo.sputniknews.com\/americalatina\/\">AM\u00c9RICA LATINA<\/a><\/p>\n<div class=\"b-article__refs-credits\"><time class=\"b-article__refs-date\" datetime=\"2017-12-06T02:43\">02:43 06.12.2017<\/time><time class=\"b-article__refs-date-upd\" datetime=\"2017-12-06T02:46\">(actualizada a las 02:46 06.12.2017)<\/time><span id=\"getShortUrl\" class=\"b-article__refs-getshorturl\" data-article=\"1074517654\">URL corto<\/span><\/div>\n<div class=\"b-counters \"><a class=\"b-counters-icon b-counters-icon_comments\" href=\"https:\/\/mundo.sputniknews.com\/americalatina\/201712061074517654-america-latina-calentamiento-global\/#comments\"><i><\/i>\u00a00\u00a0<\/a><span class=\"b-counters-icon b-counters-icon_like\"><i><\/i>0<\/span><span class=\"b-counters-icon b-counters-icon_dislike\"><i><\/i>2<\/span><\/div>\n<\/div>\n<div class=\"b-article__lead\">\n<p>&nbsp;<\/p>\n<\/div>\n<div class=\"b-article__text\">\n<p>Muchos especialistas \u00abnos dicen que el tipping point o &#8216;punto de quiebre&#8217; se acerca vertiginosamente, aunque no queramos verlo\u00bb, coment\u00f3 el diplom\u00e1tico durante un coloquio que tuvo lugar en la presentaci\u00f3n de la revista bienal \u00abElemento de vida: el agua en el desarrollo, la cultura y la sociedad\u00bb, propiciada por la cooperaci\u00f3n suiza en este pa\u00eds sudamericano.<\/p>\n<div class=\"b-inject m-inject-min\">\n<div class=\"b-inject__media\"><img fetchpriority=\"high\" decoding=\"async\" class=\"\" title=\"El cambio clim\u00e1tico (imagen referencial)\" src=\"https:\/\/cdnmundo1.img.sputniknews.com\/images\/106964\/53\/1069645332.jpg\" alt=\"El cambio clim\u00e1tico (imagen referencial)\" width=\"705\" height=\"375\" \/><\/div>\n<div class=\"b-inject__copy\">\u00a9 REUTERS\/ STEPHANE MAHE<\/div>\n<div class=\"b-inject__content\"><a href=\"https:\/\/mundo.sputniknews.com\/ecologia\/201711231074187434-fpeg-eficiencia-energetica\/\">El cambio clim\u00e1tico obliga a acelerar la transici\u00f3n a energ\u00edas sustentables<\/a><\/div>\n<\/div>\n<p>Denzer insisti\u00f3 en la necesidad de proteger y promover el buen uso del agua en momentos en que el mundo siente los efectos del cambio clim\u00e1tico.\u00bbSolo los especialistas del agua, y lamentablemente no todos ellos, parecen tener plena conciencia de que la naturaleza es un cuerpo que integra miembros que solo pueden vivir en armon\u00eda para no morir y que afectar a alguno de ellos significa afectar al conjunto del sistema: el planeta tierra\u00bb, coment\u00f3.<\/p>\n<p><strong>Lea m\u00e1s:\u00a0<a href=\"https:\/\/mundo.sputniknews.com\/ecologia\/201711161074005267-cumbre-bonn-reduccion-emisiones-efecto-invernadero\/\">\u00abPa\u00edses en desarrollo necesitan m\u00e1s recursos para mitigar cambio clim\u00e1tico\u00bb<\/a><\/strong><\/p>\n<p>Asimismo, se\u00f1al\u00f3 que el desarrollo sostenible que se plantea hoy en el mundo tiene en el agua el elemento clave cuando se habla de la producci\u00f3n agr\u00edcola, energ\u00e9tica o de salud, educaci\u00f3n o biodiversidad.<\/p>\n<div class=\"b-inject m-inject-min\">\n<div class=\"b-inject__media\"><img decoding=\"async\" class=\"\" title=\"Incendios forestales en Portugal, junio de 2017\" src=\"https:\/\/cdnmundo2.img.sputniknews.com\/images\/107018\/15\/1070181567.jpg\" alt=\"Incendios forestales en Portugal, junio de 2017\" width=\"705\" height=\"375\" \/><\/div>\n<div class=\"b-inject__copy\">\u00a9 REUTERS\/ RAFAEL MARCHANTE<\/div>\n<div class=\"b-inject__content\"><a href=\"https:\/\/mundo.sputniknews.com\/ecologia\/201710251073477756-clima-medio-ambiente-calentamiento-global\/\">\u00abSeremos tostados, rostizados y asados\u00bb: la advertencia de la directora del FMI<\/a><\/div>\n<\/div>\n<p>\u00abEl agua en el debate sobre el desarrollo humano es como el agua de los r\u00edos: lo atraviesa todo\u00bb, remarc\u00f3 el embajador que insisti\u00f3 en la necesidad de impulsar acciones conjuntas para \u00absensibilizar a todos los actores sobre la buena gesti\u00f3n integral del agua, porque cualquier impacto negativo sobre uno de los elementos ocasiona un efecto adverso sobre todo el sistema\u00bb.En junio de este a\u00f1o, la cooperaci\u00f3n suiza en Bolivia reuni\u00f3 en un conversatorio a una veintena de expertos para debatir los desaf\u00edos que enfrenta Bolivia y el mundo en relaci\u00f3n al uso del agua y su aprovechamiento, encuentro que dio permiti\u00f3 la publicaci\u00f3n de la revista.<\/p>\n<p>Fuente: Agencia Sputnik<\/p>\n<\/div>\n<\/div>\n<\/div>\n<\/div>\n<\/div>\n","protected":false},"excerpt":{"rendered":"<p>LA PAZ (Sputnik) \u2014 El cambio clim\u00e1tico debe conducir a desarrollar acciones conjuntas entre los distintos actores sociales para lograr [&hellip;]<\/p>\n","protected":false},"author":2,"featured_media":0,"comment_status":"open","ping_status":"open","sticky":false,"template":"","format":"standard","meta":{"site-sidebar-layout":"default","site-content-layout":"","ast-site-content-layout":"default","site-content-style":"default","site-sidebar-style":"default","ast-global-header-display":"","ast-banner-title-visibility":"","ast-main-header-display":"","ast-hfb-above-header-display":"","ast-hfb-below-header-display":"","ast-hfb-mobile-header-display":"","site-post-title":"","ast-breadcrumbs-content":"","ast-featured-img":"","footer-sml-layout":"","ast-disable-related-posts":"","theme-transparent-header-meta":"","adv-header-id-meta":"","stick-header-meta":"","header-above-stick-meta":"","header-main-stick-meta":"","header-below-stick-meta":"","astra-migrate-meta-layouts":"default","ast-page-background-enabled":"default","ast-page-background-meta":{"desktop":{"background-color":"var(--ast-global-color-5)","background-image":"","background-repeat":"repeat","background-position":"center center","background-size":"auto","background-attachment":"scroll","background-type":"","background-media":"","overlay-type":"","overlay-color":"","overlay-opacity":"","overlay-gradient":""},"tablet":{"background-color":"","background-image":"","background-repeat":"repeat","background-position":"center center","background-size":"auto","background-attachment":"scroll","background-type":"","background-media":"","overlay-type":"","overlay-color":"","overlay-opacity":"","overlay-gradient":""},"mobile":{"background-color":"","background-image":"","background-repeat":"repeat","background-position":"center center","background-size":"auto","background-attachment":"scroll","background-type":"","background-media":"","overlay-type":"","overlay-color":"","overlay-opacity":"","overlay-gradient":""}},"ast-content-background-meta":{"desktop":{"background-color":"var(--ast-global-color-4)","background-image":"","background-repeat":"repeat","background-position":"center center","background-size":"auto","background-attachment":"scroll","background-type":"","background-media":"","overlay-type":"","overlay-color":"","overlay-opacity":"","overlay-gradient":""},"tablet":{"background-color":"var(--ast-global-color-4)","background-image":"","background-repeat":"repeat","background-position":"center center","background-size":"auto","background-attachment":"scroll","background-type":"","background-media":"","overlay-type":"","overlay-color":"","overlay-opacity":"","overlay-gradient":""},"mobile":{"background-color":"var(--ast-global-color-4)","background-image":"","background-repeat":"repeat","background-position":"center center","background-size":"auto","background-attachment":"scroll","background-type":"","background-media":"","overlay-type":"","overlay-color":"","overlay-opacity":"","overlay-gradient":""}},"footnotes":""},"categories":[23,1],"tags":[],"class_list":["post-39393","post","type-post","status-publish","format-standard","hentry","category-internacionales","category-noticias"],"yoast_head":"<!-- This site is optimized with the Yoast SEO Premium plugin v23.0 (Yoast SEO v27.4) - https:\/\/yoast.com\/product\/yoast-seo-premium-wordpress\/ -->\n<title>Suiza advierte a Bolivia urgencia de proteger el agua frente al cambio clim\u00e1tico<\/title>\n<meta name=\"robots\" content=\"index, follow, max-snippet:-1, max-image-preview:large, max-video-preview:-1\" \/>\n<link rel=\"canonical\" href=\"https:\/\/patagoniambiental.com.ar\/info\/suiza-advierte-a-bolivia-urgencia-de-proteger-el-agua-frente-al-cambio-climatico\/\" \/>\n<meta property=\"og:locale\" content=\"es_ES\" \/>\n<meta property=\"og:type\" content=\"article\" \/>\n<meta property=\"og:title\" content=\"Suiza advierte a Bolivia urgencia de proteger el agua frente al cambio clim\u00e1tico\" \/>\n<meta property=\"og:description\" content=\"LA PAZ (Sputnik) \u2014 El cambio clim\u00e1tico debe conducir a desarrollar acciones conjuntas entre los distintos actores sociales para lograr [&hellip;]\" \/>\n<meta property=\"og:url\" content=\"https:\/\/patagoniambiental.com.ar\/info\/suiza-advierte-a-bolivia-urgencia-de-proteger-el-agua-frente-al-cambio-climatico\/\" \/>\n<meta property=\"og:site_name\" content=\"Patagonia Ambiental\" \/>\n<meta property=\"article:publisher\" content=\"https:\/\/www.facebook.com\/patagonia.ambiental\" \/>\n<meta property=\"article:author\" content=\"https:\/\/www.facebook.com\/share\/1C1V8Gv9BX\/?mibextid=qi2Omg\" \/>\n<meta property=\"article:published_time\" content=\"2017-12-08T22:00:49+00:00\" \/>\n<meta property=\"og:image\" content=\"https:\/\/cdnmundo1.img.sputniknews.com\/images\/106964\/53\/1069645332.jpg\" \/>\n<meta name=\"author\" content=\"Patagonia Ambiental\" \/>\n<meta name=\"twitter:card\" content=\"summary_large_image\" \/>\n<meta name=\"twitter:creator\" content=\"@PatAmb\" \/>\n<meta name=\"twitter:site\" content=\"@PatAmb\" \/>\n<script type=\"application\/ld+json\" class=\"yoast-schema-graph\">{\"@context\":\"https:\\\/\\\/schema.org\",\"@graph\":[{\"@type\":\"Article\",\"@id\":\"https:\\\/\\\/patagoniambiental.com.ar\\\/info\\\/suiza-advierte-a-bolivia-urgencia-de-proteger-el-agua-frente-al-cambio-climatico\\\/#article\",\"isPartOf\":{\"@id\":\"https:\\\/\\\/patagoniambiental.com.ar\\\/info\\\/suiza-advierte-a-bolivia-urgencia-de-proteger-el-agua-frente-al-cambio-climatico\\\/\"},\"author\":{\"name\":\"Patagonia Ambiental\",\"@id\":\"https:\\\/\\\/patagoniambiental.com.ar\\\/info\\\/#\\\/schema\\\/person\\\/db12bff64bbcbf6a253710bf0ea37b5d\"},\"headline\":\"Suiza advierte a Bolivia urgencia de proteger el agua frente al cambio clim\u00e1tico\",\"datePublished\":\"2017-12-08T22:00:49+00:00\",\"mainEntityOfPage\":{\"@id\":\"https:\\\/\\\/patagoniambiental.com.ar\\\/info\\\/suiza-advierte-a-bolivia-urgencia-de-proteger-el-agua-frente-al-cambio-climatico\\\/\"},\"wordCount\":408,\"commentCount\":0,\"publisher\":{\"@id\":\"https:\\\/\\\/patagoniambiental.com.ar\\\/info\\\/#organization\"},\"image\":{\"@id\":\"https:\\\/\\\/patagoniambiental.com.ar\\\/info\\\/suiza-advierte-a-bolivia-urgencia-de-proteger-el-agua-frente-al-cambio-climatico\\\/#primaryimage\"},\"thumbnailUrl\":\"https:\\\/\\\/cdnmundo1.img.sputniknews.com\\\/images\\\/106964\\\/53\\\/1069645332.jpg\",\"articleSection\":[\"Internacionales\",\"Noticias\"],\"inLanguage\":\"es\",\"potentialAction\":[{\"@type\":\"CommentAction\",\"name\":\"Comment\",\"target\":[\"https:\\\/\\\/patagoniambiental.com.ar\\\/info\\\/suiza-advierte-a-bolivia-urgencia-de-proteger-el-agua-frente-al-cambio-climatico\\\/#respond\"]}]},{\"@type\":\"WebPage\",\"@id\":\"https:\\\/\\\/patagoniambiental.com.ar\\\/info\\\/suiza-advierte-a-bolivia-urgencia-de-proteger-el-agua-frente-al-cambio-climatico\\\/\",\"url\":\"https:\\\/\\\/patagoniambiental.com.ar\\\/info\\\/suiza-advierte-a-bolivia-urgencia-de-proteger-el-agua-frente-al-cambio-climatico\\\/\",\"name\":\"Suiza advierte a Bolivia urgencia de proteger el agua frente al cambio clim\u00e1tico\",\"isPartOf\":{\"@id\":\"https:\\\/\\\/patagoniambiental.com.ar\\\/info\\\/#website\"},\"primaryImageOfPage\":{\"@id\":\"https:\\\/\\\/patagoniambiental.com.ar\\\/info\\\/suiza-advierte-a-bolivia-urgencia-de-proteger-el-agua-frente-al-cambio-climatico\\\/#primaryimage\"},\"image\":{\"@id\":\"https:\\\/\\\/patagoniambiental.com.ar\\\/info\\\/suiza-advierte-a-bolivia-urgencia-de-proteger-el-agua-frente-al-cambio-climatico\\\/#primaryimage\"},\"thumbnailUrl\":\"https:\\\/\\\/cdnmundo1.img.sputniknews.com\\\/images\\\/106964\\\/53\\\/1069645332.jpg\",\"datePublished\":\"2017-12-08T22:00:49+00:00\",\"breadcrumb\":{\"@id\":\"https:\\\/\\\/patagoniambiental.com.ar\\\/info\\\/suiza-advierte-a-bolivia-urgencia-de-proteger-el-agua-frente-al-cambio-climatico\\\/#breadcrumb\"},\"inLanguage\":\"es\",\"potentialAction\":[{\"@type\":\"ReadAction\",\"target\":[\"https:\\\/\\\/patagoniambiental.com.ar\\\/info\\\/suiza-advierte-a-bolivia-urgencia-de-proteger-el-agua-frente-al-cambio-climatico\\\/\"]}]},{\"@type\":\"ImageObject\",\"inLanguage\":\"es\",\"@id\":\"https:\\\/\\\/patagoniambiental.com.ar\\\/info\\\/suiza-advierte-a-bolivia-urgencia-de-proteger-el-agua-frente-al-cambio-climatico\\\/#primaryimage\",\"url\":\"https:\\\/\\\/cdnmundo1.img.sputniknews.com\\\/images\\\/106964\\\/53\\\/1069645332.jpg\",\"contentUrl\":\"https:\\\/\\\/cdnmundo1.img.sputniknews.com\\\/images\\\/106964\\\/53\\\/1069645332.jpg\"},{\"@type\":\"BreadcrumbList\",\"@id\":\"https:\\\/\\\/patagoniambiental.com.ar\\\/info\\\/suiza-advierte-a-bolivia-urgencia-de-proteger-el-agua-frente-al-cambio-climatico\\\/#breadcrumb\",\"itemListElement\":[{\"@type\":\"ListItem\",\"position\":1,\"name\":\"Inicio\",\"item\":\"https:\\\/\\\/patagoniambiental.com.ar\\\/info\\\/\"},{\"@type\":\"ListItem\",\"position\":2,\"name\":\"Suiza advierte a Bolivia urgencia de proteger el agua frente al cambio clim\u00e1tico\"}]},{\"@type\":\"WebSite\",\"@id\":\"https:\\\/\\\/patagoniambiental.com.ar\\\/info\\\/#website\",\"url\":\"https:\\\/\\\/patagoniambiental.com.ar\\\/info\\\/\",\"name\":\"Patagonia Ambiental\",\"description\":\"Monitoreo y an\u00e1lisis de la situaci\u00f3n geopol\u00edtica en el mundo y su implicancia en la Patagonia\",\"publisher\":{\"@id\":\"https:\\\/\\\/patagoniambiental.com.ar\\\/info\\\/#organization\"},\"potentialAction\":[{\"@type\":\"SearchAction\",\"target\":{\"@type\":\"EntryPoint\",\"urlTemplate\":\"https:\\\/\\\/patagoniambiental.com.ar\\\/info\\\/?s={search_term_string}\"},\"query-input\":{\"@type\":\"PropertyValueSpecification\",\"valueRequired\":true,\"valueName\":\"search_term_string\"}}],\"inLanguage\":\"es\"},{\"@type\":\"Organization\",\"@id\":\"https:\\\/\\\/patagoniambiental.com.ar\\\/info\\\/#organization\",\"name\":\"Patagonia Ambiental\",\"url\":\"https:\\\/\\\/patagoniambiental.com.ar\\\/info\\\/\",\"logo\":{\"@type\":\"ImageObject\",\"inLanguage\":\"es\",\"@id\":\"https:\\\/\\\/patagoniambiental.com.ar\\\/info\\\/#\\\/schema\\\/logo\\\/image\\\/\",\"url\":\"https:\\\/\\\/patagoniambiental.com.ar\\\/info\\\/wp-content\\\/uploads\\\/2025\\\/05\\\/LOGO-PATAGONIA-AMBIENTAL.png\",\"contentUrl\":\"https:\\\/\\\/patagoniambiental.com.ar\\\/info\\\/wp-content\\\/uploads\\\/2025\\\/05\\\/LOGO-PATAGONIA-AMBIENTAL.png\",\"width\":433,\"height\":250,\"caption\":\"Patagonia Ambiental\"},\"image\":{\"@id\":\"https:\\\/\\\/patagoniambiental.com.ar\\\/info\\\/#\\\/schema\\\/logo\\\/image\\\/\"},\"sameAs\":[\"https:\\\/\\\/www.facebook.com\\\/patagonia.ambiental\",\"https:\\\/\\\/x.com\\\/PatAmb\"]},{\"@type\":\"Person\",\"@id\":\"https:\\\/\\\/patagoniambiental.com.ar\\\/info\\\/#\\\/schema\\\/person\\\/db12bff64bbcbf6a253710bf0ea37b5d\",\"name\":\"Patagonia Ambiental\",\"description\":\"Andr\u00e9s Nievas T\u00e9cnico en manejo ambiental, consultor Ambiental y escritor para medios locales e internacionales sobre temas de geopolitica y medio ambiente.\",\"sameAs\":[\"http:\\\/\\\/www.patagoniambiental.com.ar\",\"https:\\\/\\\/www.facebook.com\\\/share\\\/1C1V8Gv9BX\\\/?mibextid=qi2Omg\",\"@patagoniambiental\",\"https:\\\/\\\/youtube.com\\\/@patagoniaambiental2023?si=BLt58t0wuXquxlYZ\"]}]}<\/script>\n<!-- \/ Yoast SEO Premium plugin. -->","yoast_head_json":{"title":"Suiza advierte a Bolivia urgencia de proteger el agua frente al cambio clim\u00e1tico","robots":{"index":"index","follow":"follow","max-snippet":"max-snippet:-1","max-image-preview":"max-image-preview:large","max-video-preview":"max-video-preview:-1"},"canonical":"https:\/\/patagoniambiental.com.ar\/info\/suiza-advierte-a-bolivia-urgencia-de-proteger-el-agua-frente-al-cambio-climatico\/","og_locale":"es_ES","og_type":"article","og_title":"Suiza advierte a Bolivia urgencia de proteger el agua frente al cambio clim\u00e1tico","og_description":"LA PAZ (Sputnik) \u2014 El cambio clim\u00e1tico debe conducir a desarrollar acciones conjuntas entre los distintos actores sociales para lograr [&hellip;]","og_url":"https:\/\/patagoniambiental.com.ar\/info\/suiza-advierte-a-bolivia-urgencia-de-proteger-el-agua-frente-al-cambio-climatico\/","og_site_name":"Patagonia Ambiental","article_publisher":"https:\/\/www.facebook.com\/patagonia.ambiental","article_author":"https:\/\/www.facebook.com\/share\/1C1V8Gv9BX\/?mibextid=qi2Omg","article_published_time":"2017-12-08T22:00:49+00:00","og_image":[{"url":"https:\/\/cdnmundo1.img.sputniknews.com\/images\/106964\/53\/1069645332.jpg","type":"","width":"","height":""}],"author":"Patagonia Ambiental","twitter_card":"summary_large_image","twitter_creator":"@PatAmb","twitter_site":"@PatAmb","schema":{"@context":"https:\/\/schema.org","@graph":[{"@type":"Article","@id":"https:\/\/patagoniambiental.com.ar\/info\/suiza-advierte-a-bolivia-urgencia-de-proteger-el-agua-frente-al-cambio-climatico\/#article","isPartOf":{"@id":"https:\/\/patagoniambiental.com.ar\/info\/suiza-advierte-a-bolivia-urgencia-de-proteger-el-agua-frente-al-cambio-climatico\/"},"author":{"name":"Patagonia Ambiental","@id":"https:\/\/patagoniambiental.com.ar\/info\/#\/schema\/person\/db12bff64bbcbf6a253710bf0ea37b5d"},"headline":"Suiza advierte a Bolivia urgencia de proteger el agua frente al cambio clim\u00e1tico","datePublished":"2017-12-08T22:00:49+00:00","mainEntityOfPage":{"@id":"https:\/\/patagoniambiental.com.ar\/info\/suiza-advierte-a-bolivia-urgencia-de-proteger-el-agua-frente-al-cambio-climatico\/"},"wordCount":408,"commentCount":0,"publisher":{"@id":"https:\/\/patagoniambiental.com.ar\/info\/#organization"},"image":{"@id":"https:\/\/patagoniambiental.com.ar\/info\/suiza-advierte-a-bolivia-urgencia-de-proteger-el-agua-frente-al-cambio-climatico\/#primaryimage"},"thumbnailUrl":"https:\/\/cdnmundo1.img.sputniknews.com\/images\/106964\/53\/1069645332.jpg","articleSection":["Internacionales","Noticias"],"inLanguage":"es","potentialAction":[{"@type":"CommentAction","name":"Comment","target":["https:\/\/patagoniambiental.com.ar\/info\/suiza-advierte-a-bolivia-urgencia-de-proteger-el-agua-frente-al-cambio-climatico\/#respond"]}]},{"@type":"WebPage","@id":"https:\/\/patagoniambiental.com.ar\/info\/suiza-advierte-a-bolivia-urgencia-de-proteger-el-agua-frente-al-cambio-climatico\/","url":"https:\/\/patagoniambiental.com.ar\/info\/suiza-advierte-a-bolivia-urgencia-de-proteger-el-agua-frente-al-cambio-climatico\/","name":"Suiza advierte a Bolivia urgencia de proteger el agua frente al cambio clim\u00e1tico","isPartOf":{"@id":"https:\/\/patagoniambiental.com.ar\/info\/#website"},"primaryImageOfPage":{"@id":"https:\/\/patagoniambiental.com.ar\/info\/suiza-advierte-a-bolivia-urgencia-de-proteger-el-agua-frente-al-cambio-climatico\/#primaryimage"},"image":{"@id":"https:\/\/patagoniambiental.com.ar\/info\/suiza-advierte-a-bolivia-urgencia-de-proteger-el-agua-frente-al-cambio-climatico\/#primaryimage"},"thumbnailUrl":"https:\/\/cdnmundo1.img.sputniknews.com\/images\/106964\/53\/1069645332.jpg","datePublished":"2017-12-08T22:00:49+00:00","breadcrumb":{"@id":"https:\/\/patagoniambiental.com.ar\/info\/suiza-advierte-a-bolivia-urgencia-de-proteger-el-agua-frente-al-cambio-climatico\/#breadcrumb"},"inLanguage":"es","potentialAction":[{"@type":"ReadAction","target":["https:\/\/patagoniambiental.com.ar\/info\/suiza-advierte-a-bolivia-urgencia-de-proteger-el-agua-frente-al-cambio-climatico\/"]}]},{"@type":"ImageObject","inLanguage":"es","@id":"https:\/\/patagoniambiental.com.ar\/info\/suiza-advierte-a-bolivia-urgencia-de-proteger-el-agua-frente-al-cambio-climatico\/#primaryimage","url":"https:\/\/cdnmundo1.img.sputniknews.com\/images\/106964\/53\/1069645332.jpg","contentUrl":"https:\/\/cdnmundo1.img.sputniknews.com\/images\/106964\/53\/1069645332.jpg"},{"@type":"BreadcrumbList","@id":"https:\/\/patagoniambiental.com.ar\/info\/suiza-advierte-a-bolivia-urgencia-de-proteger-el-agua-frente-al-cambio-climatico\/#breadcrumb","itemListElement":[{"@type":"ListItem","position":1,"name":"Inicio","item":"https:\/\/patagoniambiental.com.ar\/info\/"},{"@type":"ListItem","position":2,"name":"Suiza advierte a Bolivia urgencia de proteger el agua frente al cambio clim\u00e1tico"}]},{"@type":"WebSite","@id":"https:\/\/patagoniambiental.com.ar\/info\/#website","url":"https:\/\/patagoniambiental.com.ar\/info\/","name":"Patagonia Ambiental","description":"Monitoreo y an\u00e1lisis de la situaci\u00f3n geopol\u00edtica en el mundo y su implicancia en la Patagonia","publisher":{"@id":"https:\/\/patagoniambiental.com.ar\/info\/#organization"},"potentialAction":[{"@type":"SearchAction","target":{"@type":"EntryPoint","urlTemplate":"https:\/\/patagoniambiental.com.ar\/info\/?s={search_term_string}"},"query-input":{"@type":"PropertyValueSpecification","valueRequired":true,"valueName":"search_term_string"}}],"inLanguage":"es"},{"@type":"Organization","@id":"https:\/\/patagoniambiental.com.ar\/info\/#organization","name":"Patagonia Ambiental","url":"https:\/\/patagoniambiental.com.ar\/info\/","logo":{"@type":"ImageObject","inLanguage":"es","@id":"https:\/\/patagoniambiental.com.ar\/info\/#\/schema\/logo\/image\/","url":"https:\/\/patagoniambiental.com.ar\/info\/wp-content\/uploads\/2025\/05\/LOGO-PATAGONIA-AMBIENTAL.png","contentUrl":"https:\/\/patagoniambiental.com.ar\/info\/wp-content\/uploads\/2025\/05\/LOGO-PATAGONIA-AMBIENTAL.png","width":433,"height":250,"caption":"Patagonia Ambiental"},"image":{"@id":"https:\/\/patagoniambiental.com.ar\/info\/#\/schema\/logo\/image\/"},"sameAs":["https:\/\/www.facebook.com\/patagonia.ambiental","https:\/\/x.com\/PatAmb"]},{"@type":"Person","@id":"https:\/\/patagoniambiental.com.ar\/info\/#\/schema\/person\/db12bff64bbcbf6a253710bf0ea37b5d","name":"Patagonia Ambiental","description":"Andr\u00e9s Nievas T\u00e9cnico en manejo ambiental, consultor Ambiental y escritor para medios locales e internacionales sobre temas de geopolitica y medio ambiente.","sameAs":["http:\/\/www.patagoniambiental.com.ar","https:\/\/www.facebook.com\/share\/1C1V8Gv9BX\/?mibextid=qi2Omg","@patagoniambiental","https:\/\/youtube.com\/@patagoniaambiental2023?si=BLt58t0wuXquxlYZ"]}]}},"_links":{"self":[{"href":"https:\/\/patagoniambiental.com.ar\/info\/wp-json\/wp\/v2\/posts\/39393","targetHints":{"allow":["GET"]}}],"collection":[{"href":"https:\/\/patagoniambiental.com.ar\/info\/wp-json\/wp\/v2\/posts"}],"about":[{"href":"https:\/\/patagoniambiental.com.ar\/info\/wp-json\/wp\/v2\/types\/post"}],"author":[{"embeddable":true,"href":"https:\/\/patagoniambiental.com.ar\/info\/wp-json\/wp\/v2\/users\/2"}],"replies":[{"embeddable":true,"href":"https:\/\/patagoniambiental.com.ar\/info\/wp-json\/wp\/v2\/comments?post=39393"}],"version-history":[{"count":0,"href":"https:\/\/patagoniambiental.com.ar\/info\/wp-json\/wp\/v2\/posts\/39393\/revisions"}],"wp:attachment":[{"href":"https:\/\/patagoniambiental.com.ar\/info\/wp-json\/wp\/v2\/media?parent=39393"}],"wp:term":[{"taxonomy":"category","embeddable":true,"href":"https:\/\/patagoniambiental.com.ar\/info\/wp-json\/wp\/v2\/categories?post=39393"},{"taxonomy":"post_tag","embeddable":true,"href":"https:\/\/patagoniambiental.com.ar\/info\/wp-json\/wp\/v2\/tags?post=39393"}],"curies":[{"name":"wp","href":"https:\/\/api.w.org\/{rel}","templated":true}]}}