{"id":39409,"date":"2017-12-06T09:00:44","date_gmt":"2017-12-06T12:00:44","guid":{"rendered":"http:\/\/patagoniambiental.com.ar\/info\/?p=39409"},"modified":"2017-12-06T12:28:19","modified_gmt":"2017-12-06T15:28:19","slug":"el-ministro-de-defensa-hablo-por-primera-vez-del-submarino","status":"publish","type":"post","link":"https:\/\/patagoniambiental.com.ar\/info\/el-ministro-de-defensa-hablo-por-primera-vez-del-submarino\/","title":{"rendered":"El ministro de Defensa habl\u00f3 por primera vez del submarino"},"content":{"rendered":"<div class=\"article-titles\">\n<div class=\"article-title\">Buenos Aires.-Aguad reconoci\u00f3 que el ARA San Juan ten\u00eda un desperfecto<\/div>\n<div><!--more--><\/div>\n<div class=\"article-summary\">A 19 d\u00edas de su desaparici\u00f3n, el funcionario rompi\u00f3 el silencio y admiti\u00f3 la muerte de toda la tripulaci\u00f3n de la nave. Tambi\u00e9n dijo que el capit\u00e1n hab\u00eda reportado anteriormente entrada de agua por el snorkel y lo hab\u00eda puesto como prioridad para los pr\u00f3ximos trabajos de reparaci\u00f3n.<\/div>\n<\/div>\n<p>&nbsp;<\/p>\n<div class=\"article-main-media\">\n<div class=\"article-main-media-header\"><\/div>\n<div class=\"article-main-media-image\">\n<div class=\"article-main-media-image__container object-fit-block--contain\"><img decoding=\"async\" class=\"show-for-large-only lazyloaded\" src=\"https:\/\/images.pagina12.com.ar\/styles\/focal_16_9_960x540\/public\/2017-12\/nueva-imagen.jpg?itok=77ewxUVU\" data-src=\"https:\/\/images.pagina12.com.ar\/styles\/focal_16_9_960x540\/public\/2017-12\/nueva-imagen.jpg?itok=77ewxUVU\" \/><\/div>\n<\/div>\n<\/div>\n<div class=\"article-body diario\">\n<div class=\"article-text\">\n<p>A 19 d\u00edas de la desaparici\u00f3n del ARA San Juan, el ministro de Defensa Oscar Aguad habl\u00f3 por primera sobre la aver\u00eda que tuvo el submarino y reconoci\u00f3, como ya lo hab\u00eda hecho la Armada cuando finaliz\u00f3 la etapa de rescate de personas, que los integrantes de la tripulaci\u00f3n est\u00e1n todos muertos. Tambi\u00e9n inform\u00f3 que el capit\u00e1n de la embarcaci\u00f3n ya hab\u00eda reportado un incidente similar, de entrada de agua por el snorkel, en un viaje anterior y lo hab\u00eda puesto como prioridad para los trabajos de mantenimiento que el submarino iba a tener en 2018. \u201cDeterminar si la aver\u00eda era grave o no tiene que ser materia de investigaci\u00f3n. Ah\u00ed puede estar el meollo de la cuesti\u00f3n\u201d, consider\u00f3 el ministro.<\/p>\n<p>Cuando las expectativas por encontrar al submarino son cada vez menores y hasta el propio capit\u00e1n de la Armada que oficia de vocero, Enrique Balbi, admiti\u00f3 que es posible que el ARA San Juan no sea encontrado, el ministro de Defensa habl\u00f3 por primera vez sobre las irregularidades que pudieron afectar el funcionamiento de la embarcaci\u00f3n bajo su responsabilidad. Para Aguad, la Justicia debe investigar si hubo alg\u00fan error en las instrucciones de la Armada frente a la aver\u00eda reportada desde el submarino el mi\u00e9rcoles 15 de noviembre en el \u00faltimo contacto. \u201cAh\u00ed puede estar el meollo de la cuesti\u00f3n. Determinar si la aver\u00eda era grave o no era grave\u201d, reconoci\u00f3 el ministro en declaraciones al canal TN.<\/p>\n<div><\/div>\n<p>\u201cNo olvidemos la condiciones del ambiente que eran extremas, con olas de hasta 8 metros, y un submarino es muy inestable. Todos debieron tomar en cuenta lo que estaba pasando. Yo tambi\u00e9n conf\u00edo en el capit\u00e1n del barco, que todos dicen que era un hombre con mucha experiencia, y era \u00e9l quien estaba al mando de la nave\u201d, se justific\u00f3 Aguad, que afirm\u00f3 que el submarino sali\u00f3 a navegar \u201cen perfecto estado\u201d.<\/p>\n<p>En este sentido, el ministro explic\u00f3 que antes de cada partida el submarino tiene que superar un chequeo de 48 horas en el que\u00a0se controlan todos los elementos de navegaci\u00f3n. Esta revisi\u00f3n completa, inform\u00f3 Aguad, es firmada y reportada a la base por el capit\u00e1n. El ARA San Juan hab\u00eda sido inspeccionado antes de su primera partida, el 25 de octubre desde el puerto de Mar del Plata, y en su segunda salida, despu\u00e9s de los ejercicios militares, el 8 de noviembre en Ushuaia.<\/p>\n<p>\u201cTodo esto fue verificado por el capit\u00e1n y transmitido a Puerto Belgrano\u201d, confirm\u00f3 Aguad e inform\u00f3 que en septiembre pasado, el capit\u00e1n de la nave hab\u00eda hecho un chequeo m\u00e1s profundo y tambi\u00e9n hab\u00eda confirmado que el submarino estaba en perfectas condiciones.<\/p>\n<p>Sin embargo, el ministro reconoci\u00f3 que el ARA San Juan ya hab\u00eda tenido un incidente similar al que se cree podr\u00eda haber ocasionado la explosi\u00f3n detectada por los organismos internacionales tres horas m\u00e1s tarde del \u00faltimo contacto. \u201cHa habido desperfectos, un barco tiene desperfectos como los tiene un auto y el capit\u00e1n va anotando. Hubo un incidente similar a lo que creemos que pas\u00f3 el 15 de noviembre. Tambi\u00e9n entr\u00f3 agua por el snorkel con la diferencia de que el agua no lleg\u00f3 a las bater\u00edas. El capit\u00e1n dej\u00f3 un informe donde dec\u00eda que cuando el submarino entrara en reparaciones el primer semestre de 2018, hab\u00eda que fijarse en esto\u201d, aclar\u00f3 Aguad.<\/p>\n<p>Consultado por las tareas de rescate, el ministro reconoci\u00f3 que, tal como ya afirm\u00f3 la Armada, a esta altura no hay expectativas de supervivencia de la tripulaci\u00f3n. \u201cExactamente\u201d, respondi\u00f3 a la pregunta de si estaban \u201ctodos muertos\u201d. Aguad defendi\u00f3 que el fin de la etapa de rescate, que fue duramente criticada por los familiares, responde al seguimiento del protocolo SAR (b\u00fasqueda y rescate, S<em>earch and Rescue<\/em>, en ingl\u00e9s), que sostiene que por las condiciones del ambiente extremo y el tiempo transcurrido \u201cno hay compatibilidad con la existencia de la vida humana\u201d. Sin embargo, aclar\u00f3 que la b\u00fasqueda del submarino continuar\u00e1 con toda la ayuda internacional.<\/p>\n<p>\u201cQu\u00e9 habr\u00e1 pasado con el submarino, es la gran inc\u00f3gnita. \u00bfEl ruido que se escuch\u00f3 fue la explosi\u00f3n del hidr\u00f3geno o fue el colapso del barco cuando estaba cayendo?. No lo vamos a saber hasta que no encontremos el barco\u201d, plante\u00f3\u00a0Aguad, que tambi\u00e9n puso en duda los trabajos de reparaci\u00f3n de media vida que tuvo la embarcaci\u00f3n. \u201cTodas las sospechas hacen suponer que hubo corrupci\u00f3n porque hubo una denuncia\u201d, desliz\u00f3 el ministro sin m\u00e1s informaci\u00f3n y agreg\u00f3: \u201cEl arregl\u00f3 ten\u00eda que demorar dos a\u00f1os y se demor\u00f3 cinco\u201d.<\/p>\n<p>Fuente: Pagina12<\/p>\n<\/div>\n<\/div>\n","protected":false},"excerpt":{"rendered":"<p>Buenos Aires.-Aguad reconoci\u00f3 que el ARA San Juan ten\u00eda un desperfecto<\/p>\n","protected":false},"author":2,"featured_media":0,"comment_status":"open","ping_status":"open","sticky":false,"template":"","format":"standard","meta":{"site-sidebar-layout":"default","site-content-layout":"","ast-site-content-layout":"default","site-content-style":"default","site-sidebar-style":"default","ast-global-header-display":"","ast-banner-title-visibility":"","ast-main-header-display":"","ast-hfb-above-header-display":"","ast-hfb-below-header-display":"","ast-hfb-mobile-header-display":"","site-post-title":"","ast-breadcrumbs-content":"","ast-featured-img":"","footer-sml-layout":"","ast-disable-related-posts":"","theme-transparent-header-meta":"","adv-header-id-meta":"","stick-header-meta":"","header-above-stick-meta":"","header-main-stick-meta":"","header-below-stick-meta":"","astra-migrate-meta-layouts":"default","ast-page-background-enabled":"default","ast-page-background-meta":{"desktop":{"background-color":"var(--ast-global-color-5)","background-image":"","background-repeat":"repeat","background-position":"center center","background-size":"auto","background-attachment":"scroll","background-type":"","background-media":"","overlay-type":"","overlay-color":"","overlay-opacity":"","overlay-gradient":""},"tablet":{"background-color":"","background-image":"","background-repeat":"repeat","background-position":"center center","background-size":"auto","background-attachment":"scroll","background-type":"","background-media":"","overlay-type":"","overlay-color":"","overlay-opacity":"","overlay-gradient":""},"mobile":{"background-color":"","background-image":"","background-repeat":"repeat","background-position":"center center","background-size":"auto","background-attachment":"scroll","background-type":"","background-media":"","overlay-type":"","overlay-color":"","overlay-opacity":"","overlay-gradient":""}},"ast-content-background-meta":{"desktop":{"background-color":"var(--ast-global-color-4)","background-image":"","background-repeat":"repeat","background-position":"center center","background-size":"auto","background-attachment":"scroll","background-type":"","background-media":"","overlay-type":"","overlay-color":"","overlay-opacity":"","overlay-gradient":""},"tablet":{"background-color":"var(--ast-global-color-4)","background-image":"","background-repeat":"repeat","background-position":"center center","background-size":"auto","background-attachment":"scroll","background-type":"","background-media":"","overlay-type":"","overlay-color":"","overlay-opacity":"","overlay-gradient":""},"mobile":{"background-color":"var(--ast-global-color-4)","background-image":"","background-repeat":"repeat","background-position":"center center","background-size":"auto","background-attachment":"scroll","background-type":"","background-media":"","overlay-type":"","overlay-color":"","overlay-opacity":"","overlay-gradient":""}},"footnotes":""},"categories":[23,1],"tags":[],"class_list":["post-39409","post","type-post","status-publish","format-standard","hentry","category-internacionales","category-noticias"],"yoast_head":"<!-- This site is optimized with the Yoast SEO Premium plugin v23.0 (Yoast SEO v27.4) - https:\/\/yoast.com\/product\/yoast-seo-premium-wordpress\/ -->\n<title>El ministro de Defensa habl\u00f3 por primera vez del submarino<\/title>\n<meta name=\"robots\" content=\"index, follow, max-snippet:-1, max-image-preview:large, max-video-preview:-1\" \/>\n<link rel=\"canonical\" href=\"https:\/\/patagoniambiental.com.ar\/info\/el-ministro-de-defensa-hablo-por-primera-vez-del-submarino\/\" \/>\n<meta property=\"og:locale\" content=\"es_ES\" \/>\n<meta property=\"og:type\" content=\"article\" \/>\n<meta property=\"og:title\" content=\"El ministro de Defensa habl\u00f3 por primera vez del submarino\" \/>\n<meta property=\"og:description\" content=\"Buenos Aires.-Aguad reconoci\u00f3 que el ARA San Juan ten\u00eda un desperfecto\" \/>\n<meta property=\"og:url\" content=\"https:\/\/patagoniambiental.com.ar\/info\/el-ministro-de-defensa-hablo-por-primera-vez-del-submarino\/\" \/>\n<meta property=\"og:site_name\" content=\"Patagonia Ambiental\" \/>\n<meta property=\"article:publisher\" content=\"https:\/\/www.facebook.com\/patagonia.ambiental\" \/>\n<meta property=\"article:author\" content=\"https:\/\/www.facebook.com\/share\/1C1V8Gv9BX\/?mibextid=qi2Omg\" \/>\n<meta property=\"article:published_time\" content=\"2017-12-06T12:00:44+00:00\" \/>\n<meta property=\"article:modified_time\" content=\"2017-12-06T15:28:19+00:00\" \/>\n<meta property=\"og:image\" content=\"https:\/\/images.pagina12.com.ar\/styles\/focal_16_9_960x540\/public\/2017-12\/nueva-imagen.jpg?itok=77ewxUVU\" \/>\n<meta name=\"author\" content=\"Patagonia Ambiental\" \/>\n<meta name=\"twitter:card\" content=\"summary_large_image\" \/>\n<meta name=\"twitter:creator\" content=\"@PatAmb\" \/>\n<meta name=\"twitter:site\" content=\"@PatAmb\" \/>\n<script type=\"application\/ld+json\" class=\"yoast-schema-graph\">{\"@context\":\"https:\\\/\\\/schema.org\",\"@graph\":[{\"@type\":\"Article\",\"@id\":\"https:\\\/\\\/patagoniambiental.com.ar\\\/info\\\/el-ministro-de-defensa-hablo-por-primera-vez-del-submarino\\\/#article\",\"isPartOf\":{\"@id\":\"https:\\\/\\\/patagoniambiental.com.ar\\\/info\\\/el-ministro-de-defensa-hablo-por-primera-vez-del-submarino\\\/\"},\"author\":{\"name\":\"Patagonia Ambiental\",\"@id\":\"https:\\\/\\\/patagoniambiental.com.ar\\\/info\\\/#\\\/schema\\\/person\\\/db12bff64bbcbf6a253710bf0ea37b5d\"},\"headline\":\"El ministro de Defensa habl\u00f3 por primera vez del submarino\",\"datePublished\":\"2017-12-06T12:00:44+00:00\",\"dateModified\":\"2017-12-06T15:28:19+00:00\",\"mainEntityOfPage\":{\"@id\":\"https:\\\/\\\/patagoniambiental.com.ar\\\/info\\\/el-ministro-de-defensa-hablo-por-primera-vez-del-submarino\\\/\"},\"wordCount\":877,\"commentCount\":0,\"publisher\":{\"@id\":\"https:\\\/\\\/patagoniambiental.com.ar\\\/info\\\/#organization\"},\"image\":{\"@id\":\"https:\\\/\\\/patagoniambiental.com.ar\\\/info\\\/el-ministro-de-defensa-hablo-por-primera-vez-del-submarino\\\/#primaryimage\"},\"thumbnailUrl\":\"https:\\\/\\\/images.pagina12.com.ar\\\/styles\\\/focal_16_9_960x540\\\/public\\\/2017-12\\\/nueva-imagen.jpg?itok=77ewxUVU\",\"articleSection\":[\"Internacionales\",\"Noticias\"],\"inLanguage\":\"es\",\"potentialAction\":[{\"@type\":\"CommentAction\",\"name\":\"Comment\",\"target\":[\"https:\\\/\\\/patagoniambiental.com.ar\\\/info\\\/el-ministro-de-defensa-hablo-por-primera-vez-del-submarino\\\/#respond\"]}]},{\"@type\":\"WebPage\",\"@id\":\"https:\\\/\\\/patagoniambiental.com.ar\\\/info\\\/el-ministro-de-defensa-hablo-por-primera-vez-del-submarino\\\/\",\"url\":\"https:\\\/\\\/patagoniambiental.com.ar\\\/info\\\/el-ministro-de-defensa-hablo-por-primera-vez-del-submarino\\\/\",\"name\":\"El ministro de Defensa habl\u00f3 por primera vez del submarino\",\"isPartOf\":{\"@id\":\"https:\\\/\\\/patagoniambiental.com.ar\\\/info\\\/#website\"},\"primaryImageOfPage\":{\"@id\":\"https:\\\/\\\/patagoniambiental.com.ar\\\/info\\\/el-ministro-de-defensa-hablo-por-primera-vez-del-submarino\\\/#primaryimage\"},\"image\":{\"@id\":\"https:\\\/\\\/patagoniambiental.com.ar\\\/info\\\/el-ministro-de-defensa-hablo-por-primera-vez-del-submarino\\\/#primaryimage\"},\"thumbnailUrl\":\"https:\\\/\\\/images.pagina12.com.ar\\\/styles\\\/focal_16_9_960x540\\\/public\\\/2017-12\\\/nueva-imagen.jpg?itok=77ewxUVU\",\"datePublished\":\"2017-12-06T12:00:44+00:00\",\"dateModified\":\"2017-12-06T15:28:19+00:00\",\"breadcrumb\":{\"@id\":\"https:\\\/\\\/patagoniambiental.com.ar\\\/info\\\/el-ministro-de-defensa-hablo-por-primera-vez-del-submarino\\\/#breadcrumb\"},\"inLanguage\":\"es\",\"potentialAction\":[{\"@type\":\"ReadAction\",\"target\":[\"https:\\\/\\\/patagoniambiental.com.ar\\\/info\\\/el-ministro-de-defensa-hablo-por-primera-vez-del-submarino\\\/\"]}]},{\"@type\":\"ImageObject\",\"inLanguage\":\"es\",\"@id\":\"https:\\\/\\\/patagoniambiental.com.ar\\\/info\\\/el-ministro-de-defensa-hablo-por-primera-vez-del-submarino\\\/#primaryimage\",\"url\":\"https:\\\/\\\/images.pagina12.com.ar\\\/styles\\\/focal_16_9_960x540\\\/public\\\/2017-12\\\/nueva-imagen.jpg?itok=77ewxUVU\",\"contentUrl\":\"https:\\\/\\\/images.pagina12.com.ar\\\/styles\\\/focal_16_9_960x540\\\/public\\\/2017-12\\\/nueva-imagen.jpg?itok=77ewxUVU\"},{\"@type\":\"BreadcrumbList\",\"@id\":\"https:\\\/\\\/patagoniambiental.com.ar\\\/info\\\/el-ministro-de-defensa-hablo-por-primera-vez-del-submarino\\\/#breadcrumb\",\"itemListElement\":[{\"@type\":\"ListItem\",\"position\":1,\"name\":\"Inicio\",\"item\":\"https:\\\/\\\/patagoniambiental.com.ar\\\/info\\\/\"},{\"@type\":\"ListItem\",\"position\":2,\"name\":\"El ministro de Defensa habl\u00f3 por primera vez del submarino\"}]},{\"@type\":\"WebSite\",\"@id\":\"https:\\\/\\\/patagoniambiental.com.ar\\\/info\\\/#website\",\"url\":\"https:\\\/\\\/patagoniambiental.com.ar\\\/info\\\/\",\"name\":\"Patagonia Ambiental\",\"description\":\"Monitoreo y an\u00e1lisis de la situaci\u00f3n geopol\u00edtica en el mundo y su implicancia en la Patagonia\",\"publisher\":{\"@id\":\"https:\\\/\\\/patagoniambiental.com.ar\\\/info\\\/#organization\"},\"potentialAction\":[{\"@type\":\"SearchAction\",\"target\":{\"@type\":\"EntryPoint\",\"urlTemplate\":\"https:\\\/\\\/patagoniambiental.com.ar\\\/info\\\/?s={search_term_string}\"},\"query-input\":{\"@type\":\"PropertyValueSpecification\",\"valueRequired\":true,\"valueName\":\"search_term_string\"}}],\"inLanguage\":\"es\"},{\"@type\":\"Organization\",\"@id\":\"https:\\\/\\\/patagoniambiental.com.ar\\\/info\\\/#organization\",\"name\":\"Patagonia Ambiental\",\"url\":\"https:\\\/\\\/patagoniambiental.com.ar\\\/info\\\/\",\"logo\":{\"@type\":\"ImageObject\",\"inLanguage\":\"es\",\"@id\":\"https:\\\/\\\/patagoniambiental.com.ar\\\/info\\\/#\\\/schema\\\/logo\\\/image\\\/\",\"url\":\"https:\\\/\\\/patagoniambiental.com.ar\\\/info\\\/wp-content\\\/uploads\\\/2025\\\/05\\\/LOGO-PATAGONIA-AMBIENTAL.png\",\"contentUrl\":\"https:\\\/\\\/patagoniambiental.com.ar\\\/info\\\/wp-content\\\/uploads\\\/2025\\\/05\\\/LOGO-PATAGONIA-AMBIENTAL.png\",\"width\":433,\"height\":250,\"caption\":\"Patagonia Ambiental\"},\"image\":{\"@id\":\"https:\\\/\\\/patagoniambiental.com.ar\\\/info\\\/#\\\/schema\\\/logo\\\/image\\\/\"},\"sameAs\":[\"https:\\\/\\\/www.facebook.com\\\/patagonia.ambiental\",\"https:\\\/\\\/x.com\\\/PatAmb\"]},{\"@type\":\"Person\",\"@id\":\"https:\\\/\\\/patagoniambiental.com.ar\\\/info\\\/#\\\/schema\\\/person\\\/db12bff64bbcbf6a253710bf0ea37b5d\",\"name\":\"Patagonia Ambiental\",\"description\":\"Andr\u00e9s Nievas T\u00e9cnico en manejo ambiental, consultor Ambiental y escritor para medios locales e internacionales sobre temas de geopolitica y medio ambiente.\",\"sameAs\":[\"http:\\\/\\\/www.patagoniambiental.com.ar\",\"https:\\\/\\\/www.facebook.com\\\/share\\\/1C1V8Gv9BX\\\/?mibextid=qi2Omg\",\"@patagoniambiental\",\"https:\\\/\\\/youtube.com\\\/@patagoniaambiental2023?si=BLt58t0wuXquxlYZ\"]}]}<\/script>\n<!-- \/ Yoast SEO Premium plugin. -->","yoast_head_json":{"title":"El ministro de Defensa habl\u00f3 por primera vez del submarino","robots":{"index":"index","follow":"follow","max-snippet":"max-snippet:-1","max-image-preview":"max-image-preview:large","max-video-preview":"max-video-preview:-1"},"canonical":"https:\/\/patagoniambiental.com.ar\/info\/el-ministro-de-defensa-hablo-por-primera-vez-del-submarino\/","og_locale":"es_ES","og_type":"article","og_title":"El ministro de Defensa habl\u00f3 por primera vez del submarino","og_description":"Buenos Aires.-Aguad reconoci\u00f3 que el ARA San Juan ten\u00eda un desperfecto","og_url":"https:\/\/patagoniambiental.com.ar\/info\/el-ministro-de-defensa-hablo-por-primera-vez-del-submarino\/","og_site_name":"Patagonia Ambiental","article_publisher":"https:\/\/www.facebook.com\/patagonia.ambiental","article_author":"https:\/\/www.facebook.com\/share\/1C1V8Gv9BX\/?mibextid=qi2Omg","article_published_time":"2017-12-06T12:00:44+00:00","article_modified_time":"2017-12-06T15:28:19+00:00","og_image":[{"url":"https:\/\/images.pagina12.com.ar\/styles\/focal_16_9_960x540\/public\/2017-12\/nueva-imagen.jpg?itok=77ewxUVU","type":"","width":"","height":""}],"author":"Patagonia Ambiental","twitter_card":"summary_large_image","twitter_creator":"@PatAmb","twitter_site":"@PatAmb","schema":{"@context":"https:\/\/schema.org","@graph":[{"@type":"Article","@id":"https:\/\/patagoniambiental.com.ar\/info\/el-ministro-de-defensa-hablo-por-primera-vez-del-submarino\/#article","isPartOf":{"@id":"https:\/\/patagoniambiental.com.ar\/info\/el-ministro-de-defensa-hablo-por-primera-vez-del-submarino\/"},"author":{"name":"Patagonia Ambiental","@id":"https:\/\/patagoniambiental.com.ar\/info\/#\/schema\/person\/db12bff64bbcbf6a253710bf0ea37b5d"},"headline":"El ministro de Defensa habl\u00f3 por primera vez del submarino","datePublished":"2017-12-06T12:00:44+00:00","dateModified":"2017-12-06T15:28:19+00:00","mainEntityOfPage":{"@id":"https:\/\/patagoniambiental.com.ar\/info\/el-ministro-de-defensa-hablo-por-primera-vez-del-submarino\/"},"wordCount":877,"commentCount":0,"publisher":{"@id":"https:\/\/patagoniambiental.com.ar\/info\/#organization"},"image":{"@id":"https:\/\/patagoniambiental.com.ar\/info\/el-ministro-de-defensa-hablo-por-primera-vez-del-submarino\/#primaryimage"},"thumbnailUrl":"https:\/\/images.pagina12.com.ar\/styles\/focal_16_9_960x540\/public\/2017-12\/nueva-imagen.jpg?itok=77ewxUVU","articleSection":["Internacionales","Noticias"],"inLanguage":"es","potentialAction":[{"@type":"CommentAction","name":"Comment","target":["https:\/\/patagoniambiental.com.ar\/info\/el-ministro-de-defensa-hablo-por-primera-vez-del-submarino\/#respond"]}]},{"@type":"WebPage","@id":"https:\/\/patagoniambiental.com.ar\/info\/el-ministro-de-defensa-hablo-por-primera-vez-del-submarino\/","url":"https:\/\/patagoniambiental.com.ar\/info\/el-ministro-de-defensa-hablo-por-primera-vez-del-submarino\/","name":"El ministro de Defensa habl\u00f3 por primera vez del submarino","isPartOf":{"@id":"https:\/\/patagoniambiental.com.ar\/info\/#website"},"primaryImageOfPage":{"@id":"https:\/\/patagoniambiental.com.ar\/info\/el-ministro-de-defensa-hablo-por-primera-vez-del-submarino\/#primaryimage"},"image":{"@id":"https:\/\/patagoniambiental.com.ar\/info\/el-ministro-de-defensa-hablo-por-primera-vez-del-submarino\/#primaryimage"},"thumbnailUrl":"https:\/\/images.pagina12.com.ar\/styles\/focal_16_9_960x540\/public\/2017-12\/nueva-imagen.jpg?itok=77ewxUVU","datePublished":"2017-12-06T12:00:44+00:00","dateModified":"2017-12-06T15:28:19+00:00","breadcrumb":{"@id":"https:\/\/patagoniambiental.com.ar\/info\/el-ministro-de-defensa-hablo-por-primera-vez-del-submarino\/#breadcrumb"},"inLanguage":"es","potentialAction":[{"@type":"ReadAction","target":["https:\/\/patagoniambiental.com.ar\/info\/el-ministro-de-defensa-hablo-por-primera-vez-del-submarino\/"]}]},{"@type":"ImageObject","inLanguage":"es","@id":"https:\/\/patagoniambiental.com.ar\/info\/el-ministro-de-defensa-hablo-por-primera-vez-del-submarino\/#primaryimage","url":"https:\/\/images.pagina12.com.ar\/styles\/focal_16_9_960x540\/public\/2017-12\/nueva-imagen.jpg?itok=77ewxUVU","contentUrl":"https:\/\/images.pagina12.com.ar\/styles\/focal_16_9_960x540\/public\/2017-12\/nueva-imagen.jpg?itok=77ewxUVU"},{"@type":"BreadcrumbList","@id":"https:\/\/patagoniambiental.com.ar\/info\/el-ministro-de-defensa-hablo-por-primera-vez-del-submarino\/#breadcrumb","itemListElement":[{"@type":"ListItem","position":1,"name":"Inicio","item":"https:\/\/patagoniambiental.com.ar\/info\/"},{"@type":"ListItem","position":2,"name":"El ministro de Defensa habl\u00f3 por primera vez del submarino"}]},{"@type":"WebSite","@id":"https:\/\/patagoniambiental.com.ar\/info\/#website","url":"https:\/\/patagoniambiental.com.ar\/info\/","name":"Patagonia Ambiental","description":"Monitoreo y an\u00e1lisis de la situaci\u00f3n geopol\u00edtica en el mundo y su implicancia en la Patagonia","publisher":{"@id":"https:\/\/patagoniambiental.com.ar\/info\/#organization"},"potentialAction":[{"@type":"SearchAction","target":{"@type":"EntryPoint","urlTemplate":"https:\/\/patagoniambiental.com.ar\/info\/?s={search_term_string}"},"query-input":{"@type":"PropertyValueSpecification","valueRequired":true,"valueName":"search_term_string"}}],"inLanguage":"es"},{"@type":"Organization","@id":"https:\/\/patagoniambiental.com.ar\/info\/#organization","name":"Patagonia Ambiental","url":"https:\/\/patagoniambiental.com.ar\/info\/","logo":{"@type":"ImageObject","inLanguage":"es","@id":"https:\/\/patagoniambiental.com.ar\/info\/#\/schema\/logo\/image\/","url":"https:\/\/patagoniambiental.com.ar\/info\/wp-content\/uploads\/2025\/05\/LOGO-PATAGONIA-AMBIENTAL.png","contentUrl":"https:\/\/patagoniambiental.com.ar\/info\/wp-content\/uploads\/2025\/05\/LOGO-PATAGONIA-AMBIENTAL.png","width":433,"height":250,"caption":"Patagonia Ambiental"},"image":{"@id":"https:\/\/patagoniambiental.com.ar\/info\/#\/schema\/logo\/image\/"},"sameAs":["https:\/\/www.facebook.com\/patagonia.ambiental","https:\/\/x.com\/PatAmb"]},{"@type":"Person","@id":"https:\/\/patagoniambiental.com.ar\/info\/#\/schema\/person\/db12bff64bbcbf6a253710bf0ea37b5d","name":"Patagonia Ambiental","description":"Andr\u00e9s Nievas T\u00e9cnico en manejo ambiental, consultor Ambiental y escritor para medios locales e internacionales sobre temas de geopolitica y medio ambiente.","sameAs":["http:\/\/www.patagoniambiental.com.ar","https:\/\/www.facebook.com\/share\/1C1V8Gv9BX\/?mibextid=qi2Omg","@patagoniambiental","https:\/\/youtube.com\/@patagoniaambiental2023?si=BLt58t0wuXquxlYZ"]}]}},"_links":{"self":[{"href":"https:\/\/patagoniambiental.com.ar\/info\/wp-json\/wp\/v2\/posts\/39409","targetHints":{"allow":["GET"]}}],"collection":[{"href":"https:\/\/patagoniambiental.com.ar\/info\/wp-json\/wp\/v2\/posts"}],"about":[{"href":"https:\/\/patagoniambiental.com.ar\/info\/wp-json\/wp\/v2\/types\/post"}],"author":[{"embeddable":true,"href":"https:\/\/patagoniambiental.com.ar\/info\/wp-json\/wp\/v2\/users\/2"}],"replies":[{"embeddable":true,"href":"https:\/\/patagoniambiental.com.ar\/info\/wp-json\/wp\/v2\/comments?post=39409"}],"version-history":[{"count":0,"href":"https:\/\/patagoniambiental.com.ar\/info\/wp-json\/wp\/v2\/posts\/39409\/revisions"}],"wp:attachment":[{"href":"https:\/\/patagoniambiental.com.ar\/info\/wp-json\/wp\/v2\/media?parent=39409"}],"wp:term":[{"taxonomy":"category","embeddable":true,"href":"https:\/\/patagoniambiental.com.ar\/info\/wp-json\/wp\/v2\/categories?post=39409"},{"taxonomy":"post_tag","embeddable":true,"href":"https:\/\/patagoniambiental.com.ar\/info\/wp-json\/wp\/v2\/tags?post=39409"}],"curies":[{"name":"wp","href":"https:\/\/api.w.org\/{rel}","templated":true}]}}