{"id":39412,"date":"2017-12-09T19:00:31","date_gmt":"2017-12-09T22:00:31","guid":{"rendered":"http:\/\/patagoniambiental.com.ar\/info\/?p=39412"},"modified":"2017-12-07T14:01:02","modified_gmt":"2017-12-07T17:01:02","slug":"toyota-construira-la-primera-planta-para-generacion-de-electricidad-e-hidrogeno-a-partir-de-residuos","status":"publish","type":"post","link":"https:\/\/patagoniambiental.com.ar\/info\/toyota-construira-la-primera-planta-para-generacion-de-electricidad-e-hidrogeno-a-partir-de-residuos\/","title":{"rendered":"Toyota construir\u00e1 la primera planta para generaci\u00f3n de electricidad e hidr\u00f3geno a partir de residuos"},"content":{"rendered":"<div class=\"bajadanh\">Estados Unidos.-La nueva instalaci\u00f3n estar\u00e1 ubicada en California y ser\u00e1 una fuente de energ\u00edas 100% renovables.<\/div>\n<p><!--more--><\/p>\n<div><\/div>\n<div class=\"bajadanh\">Ser\u00e1 una pieza clave para alimentar al naciente mercado de los autos con pilas de combustible que promueve la firma de origen japon\u00e9s<\/div>\n<div class=\"firmaautornh\"><\/div>\n<div class=\"fotonotanh\"><a class=\"fancybox\" title=\"\" href=\"http:\/\/719ec77057a57996613a-9a5081423686babcde0c8e2e3662dda4.r0.cf1.rackcdn.com\/adjuntos\/jpg\/2017\/12\/451363.jpg\" rel=\"nofollow\" data-fancybox-group=\"gallery\"><img decoding=\"async\" title=\"\" src=\"http:\/\/719ec77057a57996613a-9a5081423686babcde0c8e2e3662dda4.r0.cf1.rackcdn.com\/adjuntos\/jpg\/2017\/12\/451363.jpg\" alt=\"\" \/><\/a><\/div>\n<div class=\"utilidadesnh\">\n<div class=\"newsnh\"><\/div>\n<div class=\"impenvnh\"><\/div>\n<div class=\"zoomtxt\"><\/div>\n<\/div>\n<div class=\"contenidonotanh\">\n<p><strong><a href=\"http:\/\/www.iprofesional.com\/notas\/258942-toyota-automotriz-vehiculos-suv-Toyota-empieza-a-vender-la-Innova-en-la-Argentina-un-minivan-para-ocho-pasajeros\" target=\"_blank\" rel=\"noopener\">Toyota<\/a>\u00a0<\/strong>Motor North America construir\u00e1 la primera planta de\u00a0<strong>generaci\u00f3n el\u00e9ctrica\u00a0<\/strong>de escala de megavatios para\u00a0<strong>pilas de combustible<\/strong>, con una\u00a0<strong>hidrogenera\u00a0<\/strong>para respaldar sus operaciones en el Puerto de Long Beach, en Los \u00c1ngeles, California (EU). La planta\u00a0<strong>Tri-Gen<\/strong>\u00a0aprovechar\u00e1 los residuos biol\u00f3gicos procedentes de la actividad agr\u00edcola en California para generar\u00a0<strong>agua<\/strong>,\u00a0<strong>electricidad\u00a0<\/strong>e\u00a0<strong>hidr\u00f3geno<\/strong>.<\/p>\n<p>Cuando entre en funcionamiento en\u00a0<strong>2020<\/strong>, Tri-Gen generar\u00e1 unos\u00a0<strong>2,35 megavatios de electricidad<\/strong>\u00a0y 1,2 toneladas de\u00a0<strong>hidr\u00f3geno<\/strong>\u00a0al d\u00eda, suficiente para suministrar energ\u00eda a unos\u00a0<strong>2.350 hogares\u00a0<\/strong>de dimensiones medias y para que circulen cerca de\u00a0<strong>1.500 veh\u00edculos<\/strong>.<\/p>\n<p>La planta de generaci\u00f3n el\u00e9ctrica ser\u00e1\u00a0<strong>100 por ciento renovable\u00a0<\/strong>y suministrar\u00e1 energ\u00eda para las operaciones de\u00a0<a href=\"http:\/\/www.iprofesional.com\/notas\/258942-toyota-automotriz-vehiculos-suv-Toyota-empieza-a-vender-la-Innova-en-la-Argentina-un-minivan-para-ocho-pasajeros\" target=\"_blank\" rel=\"noopener\">Toyota<\/a>\u00a0Logistics Services (TLS) en el Puerto de Long Beach, que se convertir\u00e1n as\u00ed en las primeras instalaciones de\u00a0<a href=\"http:\/\/www.iprofesional.com\/notas\/258942-toyota-automotriz-vehiculos-suv-Toyota-empieza-a-vender-la-Innova-en-la-Argentina-un-minivan-para-ocho-pasajeros\" target=\"_blank\" rel=\"noopener\">Toyota<\/a>\u00a0en Norteam\u00e9rica en funcionar al 100% con energ\u00eda renovable.<\/p>\n<p>Tri-Gen representa un\u00a0<strong>importante paso adelante<\/strong>\u00a0en la labor de\u00a0<a href=\"http:\/\/www.iprofesional.com\/notas\/258942-toyota-automotriz-vehiculos-suv-Toyota-empieza-a-vender-la-Innova-en-la-Argentina-un-minivan-para-ocho-pasajeros\" target=\"_blank\" rel=\"noopener\">Toyota<\/a>\u00a0de desarrollar una sociedad basada en el\u00a0<strong>hidr\u00f3geno<\/strong>. Adem\u00e1s de servir como prueba de concepto de la generaci\u00f3n local de hidr\u00f3geno\u00a0<strong>100% renovable\u00a0<\/strong>a gran escala, la planta proporcionar\u00e1 energ\u00eda a todos los veh\u00edculos de pila de combustible\u00a0<a href=\"http:\/\/www.iprofesional.com\/notas\/258942-toyota-automotriz-vehiculos-suv-Toyota-empieza-a-vender-la-Innova-en-la-Argentina-un-minivan-para-ocho-pasajeros\" target=\"_blank\" rel=\"noopener\">Toyota<\/a>\u00a0que circulen por el puerto, incluidos los\u00a0<strong><a href=\"http:\/\/www.iprofesional.com\/notas\/258942-toyota-automotriz-vehiculos-suv-Toyota-empieza-a-vender-la-Innova-en-la-Argentina-un-minivan-para-ocho-pasajeros\" target=\"_blank\" rel=\"noopener\">Toyota<\/a>\u00a0Mirai\u00a0<\/strong>y el cami\u00f3n de gran tonelaje de clase 8 de pila de combustible\u00a0<a href=\"http:\/\/www.iprofesional.com\/notas\/258942-toyota-automotriz-vehiculos-suv-Toyota-empieza-a-vender-la-Innova-en-la-Argentina-un-minivan-para-ocho-pasajeros\" target=\"_blank\" rel=\"noopener\">Toyota<\/a>, parte del \u2018<strong>Proyect Portal<\/strong>\u2019.<\/p>\n<p>Para hacer posibles esas operaciones de repostaje,\u00a0<a href=\"http:\/\/www.iprofesional.com\/notas\/258942-toyota-automotriz-vehiculos-suv-Toyota-empieza-a-vender-la-Innova-en-la-Argentina-un-minivan-para-ocho-pasajeros\" target=\"_blank\" rel=\"noopener\">Toyota<\/a>\u00a0tambi\u00e9n ha construido una de las<strong>\u00a0mayores hidrogeneras\u00a0<\/strong>del mundo, con la ayuda de Air Liquide.<\/p>\n<div class=\"objetotpi\">\n<p><span class=\"tituloobjetotpi\">Te puede interesar<\/span><\/p>\n<div class=\"lanotatpi\"><a title=\"Te puede interesar\" href=\"http:\/\/www.iprofesional.com\/notas\/258819-volkswagen-automotriz-suv-camioneta-todoterreno-El-despegue-de-la-industria-automotriz-invertira-us3500-millones-para-la-fabricacion-de-modelos-nacionales\">El despegue de la industria automotriz: invertir\u00e1 u$s3.500 millones para la fabricaci\u00f3n de modelos nacionales<\/a><\/div>\n<\/div>\n<p><a class=\"fancybox\" title=\"\" href=\"http:\/\/www.iprofesional.com\/adjuntos\/jpg\/2017\/12\/451364.jpg\" data-fancybox-group=\"gallery\"><img decoding=\"async\" src=\"http:\/\/www.iprofesional.com\/adjuntos\/jpg\/2017\/12\/451364.jpg\" alt=\"\" \/><\/a><\/p>\n<p><strong>Tri-Gen\u00a0<\/strong>ha sido desarrollada por FuelCell Energy con el apoyo del\u00a0<strong>Departamento de Energ\u00eda<\/strong>\u00a0de Estados Unidos y diversas entidades de California, como la Junta de Recursos del Aire de California, el Distrito de Gesti\u00f3n de la Calidad del Aire de la Costa Sur, el Distrito de Saneamiento del Condado de Orange y la delegaci\u00f3n de la Universidad de California en Irvine, cuya labor de investigaci\u00f3n ha ayudado a desarrollar la\u00a0<strong>tecnolog\u00eda central<\/strong>.<\/p>\n<p>La planta supera con creces las\u00a0<strong>estrictas normas<\/strong>\u00a0de\u00a0<strong>calidad del aire<\/strong>\u00a0de California y avanza los objetivos generales de la Junta de Recursos del Aire de California, la Comisi\u00f3n de Energ\u00eda de California y los Distritos de Gesti\u00f3n de la Calidad del Aire de la Costa Sur y de la Bah\u00eda de San Francisco, que han capitaneado la tarea de\u00a0<strong>reducir emisiones\u00a0<\/strong>y mejorar la calidad del aire en esa zona de Estados Unidos.<\/p>\n<p>De cara al futuro,\u00a0<a href=\"http:\/\/www.iprofesional.com\/notas\/258942-toyota-automotriz-vehiculos-suv-Toyota-empieza-a-vender-la-Innova-en-la-Argentina-un-minivan-para-ocho-pasajeros\" target=\"_blank\" rel=\"noopener\">Toyota<\/a>\u00a0mantiene su compromiso de apoyar el desarrollo de una\u00a0<strong>infraestructura de hidr\u00f3geno<\/strong>\u00a0para los consumidores con el objetivo de hacer realidad el potencial de los veh\u00edculos de\u00a0<strong>pila de combustible<\/strong>\u00a0(fuel cell).<\/p>\n<p>Actualmente hay\u00a0<strong>31 hidrogeneras\u00a0<\/strong>en funcionamiento en California y\u00a0<a href=\"http:\/\/www.iprofesional.com\/notas\/258942-toyota-automotriz-vehiculos-suv-Toyota-empieza-a-vender-la-Innova-en-la-Argentina-un-minivan-para-ocho-pasajeros\" target=\"_blank\" rel=\"noopener\">Toyota<\/a>sigue colaborando con un amplio abanico de empresas para desarrollar otras nuevas. Es el caso del acuerdo con\u00a0<strong>Shell<\/strong>, el primero entre un gran fabricante de autom\u00f3viles y una gran compa\u00f1\u00eda petrol\u00edfera.<\/p>\n<p>El vicepresidente del Grupo\u00a0<a href=\"http:\/\/www.iprofesional.com\/notas\/258942-toyota-automotriz-vehiculos-suv-Toyota-empieza-a-vender-la-Innova-en-la-Argentina-un-minivan-para-ocho-pasajeros\" target=\"_blank\" rel=\"noopener\">Toyota<\/a>\u00a0en EE.UU. y vicepresidente de Planificaci\u00f3n Estrat\u00e9gica de\u00a0<a href=\"http:\/\/www.iprofesional.com\/notas\/258942-toyota-automotriz-vehiculos-suv-Toyota-empieza-a-vender-la-Innova-en-la-Argentina-un-minivan-para-ocho-pasajeros\" target=\"_blank\" rel=\"noopener\">Toyota<\/a>\u00a0Motor Sales (TMS) USA, Doug\u00a0<strong>Murtha<\/strong>, explica: \u201cDurante m\u00e1s de veinte a\u00f1os,\u00a0<a href=\"http:\/\/www.iprofesional.com\/notas\/258942-toyota-automotriz-vehiculos-suv-Toyota-empieza-a-vender-la-Innova-en-la-Argentina-un-minivan-para-ocho-pasajeros\" target=\"_blank\" rel=\"noopener\">Toyota<\/a>\u00a0ha liderado el desarrollo de la tecnolog\u00eda de pila de combustible porque somos conscientes de su tremendo potencial para reducir las emisiones y mejorar la sociedad.\u00a0<strong>Tri-Gen\u00a0<\/strong>supone un gran paso adelante en la movilidad sostenible y un hito clave de nuestro Desaf\u00edo Medioambiental\u00a0<a href=\"http:\/\/www.iprofesional.com\/notas\/258942-toyota-automotriz-vehiculos-suv-Toyota-empieza-a-vender-la-Innova-en-la-Argentina-un-minivan-para-ocho-pasajeros\" target=\"_blank\" rel=\"noopener\">Toyota<\/a>\u00a02050 para conseguir el objetivo de cero emisiones de CO2 en nuestras operaciones\u201d.<\/p>\n<p>Fuente:\u00a0http:\/\/www.iprofesional.com\/notas\/259866-Toyota-construira-la-primera-planta-para-generacion-de-electricidad-e-hidrogeno-a-partir-de-residuos<\/p>\n<\/div>\n","protected":false},"excerpt":{"rendered":"<p>Estados Unidos.-La nueva instalaci\u00f3n estar\u00e1 ubicada en California y ser\u00e1 una fuente de energ\u00edas 100% renovables.<\/p>\n","protected":false},"author":2,"featured_media":0,"comment_status":"open","ping_status":"open","sticky":false,"template":"","format":"standard","meta":{"site-sidebar-layout":"default","site-content-layout":"","ast-site-content-layout":"default","site-content-style":"default","site-sidebar-style":"default","ast-global-header-display":"","ast-banner-title-visibility":"","ast-main-header-display":"","ast-hfb-above-header-display":"","ast-hfb-below-header-display":"","ast-hfb-mobile-header-display":"","site-post-title":"","ast-breadcrumbs-content":"","ast-featured-img":"","footer-sml-layout":"","ast-disable-related-posts":"","theme-transparent-header-meta":"","adv-header-id-meta":"","stick-header-meta":"","header-above-stick-meta":"","header-main-stick-meta":"","header-below-stick-meta":"","astra-migrate-meta-layouts":"default","ast-page-background-enabled":"default","ast-page-background-meta":{"desktop":{"background-color":"var(--ast-global-color-5)","background-image":"","background-repeat":"repeat","background-position":"center center","background-size":"auto","background-attachment":"scroll","background-type":"","background-media":"","overlay-type":"","overlay-color":"","overlay-opacity":"","overlay-gradient":""},"tablet":{"background-color":"","background-image":"","background-repeat":"repeat","background-position":"center center","background-size":"auto","background-attachment":"scroll","background-type":"","background-media":"","overlay-type":"","overlay-color":"","overlay-opacity":"","overlay-gradient":""},"mobile":{"background-color":"","background-image":"","background-repeat":"repeat","background-position":"center center","background-size":"auto","background-attachment":"scroll","background-type":"","background-media":"","overlay-type":"","overlay-color":"","overlay-opacity":"","overlay-gradient":""}},"ast-content-background-meta":{"desktop":{"background-color":"var(--ast-global-color-4)","background-image":"","background-repeat":"repeat","background-position":"center center","background-size":"auto","background-attachment":"scroll","background-type":"","background-media":"","overlay-type":"","overlay-color":"","overlay-opacity":"","overlay-gradient":""},"tablet":{"background-color":"var(--ast-global-color-4)","background-image":"","background-repeat":"repeat","background-position":"center center","background-size":"auto","background-attachment":"scroll","background-type":"","background-media":"","overlay-type":"","overlay-color":"","overlay-opacity":"","overlay-gradient":""},"mobile":{"background-color":"var(--ast-global-color-4)","background-image":"","background-repeat":"repeat","background-position":"center center","background-size":"auto","background-attachment":"scroll","background-type":"","background-media":"","overlay-type":"","overlay-color":"","overlay-opacity":"","overlay-gradient":""}},"footnotes":""},"categories":[23,1],"tags":[],"class_list":["post-39412","post","type-post","status-publish","format-standard","hentry","category-internacionales","category-noticias"],"yoast_head":"<!-- This site is optimized with the Yoast SEO Premium plugin v23.0 (Yoast SEO v27.4) - https:\/\/yoast.com\/product\/yoast-seo-premium-wordpress\/ -->\n<title>Toyota construir\u00e1 la primera planta para generaci\u00f3n de electricidad e hidr\u00f3geno a partir de residuos<\/title>\n<meta name=\"robots\" content=\"index, follow, max-snippet:-1, max-image-preview:large, max-video-preview:-1\" \/>\n<link rel=\"canonical\" href=\"https:\/\/patagoniambiental.com.ar\/info\/toyota-construira-la-primera-planta-para-generacion-de-electricidad-e-hidrogeno-a-partir-de-residuos\/\" \/>\n<meta property=\"og:locale\" content=\"es_ES\" \/>\n<meta property=\"og:type\" content=\"article\" \/>\n<meta property=\"og:title\" content=\"Toyota construir\u00e1 la primera planta para generaci\u00f3n de electricidad e hidr\u00f3geno a partir de residuos\" \/>\n<meta property=\"og:description\" content=\"Estados Unidos.-La nueva instalaci\u00f3n estar\u00e1 ubicada en California y ser\u00e1 una fuente de energ\u00edas 100% renovables.\" \/>\n<meta property=\"og:url\" content=\"https:\/\/patagoniambiental.com.ar\/info\/toyota-construira-la-primera-planta-para-generacion-de-electricidad-e-hidrogeno-a-partir-de-residuos\/\" \/>\n<meta property=\"og:site_name\" content=\"Patagonia Ambiental\" \/>\n<meta property=\"article:publisher\" content=\"https:\/\/www.facebook.com\/patagonia.ambiental\" \/>\n<meta property=\"article:author\" content=\"https:\/\/www.facebook.com\/share\/1C1V8Gv9BX\/?mibextid=qi2Omg\" \/>\n<meta property=\"article:published_time\" content=\"2017-12-09T22:00:31+00:00\" \/>\n<meta property=\"og:image\" content=\"http:\/\/719ec77057a57996613a-9a5081423686babcde0c8e2e3662dda4.r0.cf1.rackcdn.com\/adjuntos\/jpg\/2017\/12\/451363.jpg\" \/>\n<meta name=\"author\" content=\"Patagonia Ambiental\" \/>\n<meta name=\"twitter:card\" content=\"summary_large_image\" \/>\n<meta name=\"twitter:creator\" content=\"@PatAmb\" \/>\n<meta name=\"twitter:site\" content=\"@PatAmb\" \/>\n<script type=\"application\/ld+json\" class=\"yoast-schema-graph\">{\"@context\":\"https:\\\/\\\/schema.org\",\"@graph\":[{\"@type\":\"Article\",\"@id\":\"https:\\\/\\\/patagoniambiental.com.ar\\\/info\\\/toyota-construira-la-primera-planta-para-generacion-de-electricidad-e-hidrogeno-a-partir-de-residuos\\\/#article\",\"isPartOf\":{\"@id\":\"https:\\\/\\\/patagoniambiental.com.ar\\\/info\\\/toyota-construira-la-primera-planta-para-generacion-de-electricidad-e-hidrogeno-a-partir-de-residuos\\\/\"},\"author\":{\"name\":\"Patagonia Ambiental\",\"@id\":\"https:\\\/\\\/patagoniambiental.com.ar\\\/info\\\/#\\\/schema\\\/person\\\/db12bff64bbcbf6a253710bf0ea37b5d\"},\"headline\":\"Toyota construir\u00e1 la primera planta para generaci\u00f3n de electricidad e hidr\u00f3geno a partir de residuos\",\"datePublished\":\"2017-12-09T22:00:31+00:00\",\"mainEntityOfPage\":{\"@id\":\"https:\\\/\\\/patagoniambiental.com.ar\\\/info\\\/toyota-construira-la-primera-planta-para-generacion-de-electricidad-e-hidrogeno-a-partir-de-residuos\\\/\"},\"wordCount\":673,\"commentCount\":0,\"publisher\":{\"@id\":\"https:\\\/\\\/patagoniambiental.com.ar\\\/info\\\/#organization\"},\"image\":{\"@id\":\"https:\\\/\\\/patagoniambiental.com.ar\\\/info\\\/toyota-construira-la-primera-planta-para-generacion-de-electricidad-e-hidrogeno-a-partir-de-residuos\\\/#primaryimage\"},\"thumbnailUrl\":\"http:\\\/\\\/719ec77057a57996613a-9a5081423686babcde0c8e2e3662dda4.r0.cf1.rackcdn.com\\\/adjuntos\\\/jpg\\\/2017\\\/12\\\/451363.jpg\",\"articleSection\":[\"Internacionales\",\"Noticias\"],\"inLanguage\":\"es\",\"potentialAction\":[{\"@type\":\"CommentAction\",\"name\":\"Comment\",\"target\":[\"https:\\\/\\\/patagoniambiental.com.ar\\\/info\\\/toyota-construira-la-primera-planta-para-generacion-de-electricidad-e-hidrogeno-a-partir-de-residuos\\\/#respond\"]}]},{\"@type\":\"WebPage\",\"@id\":\"https:\\\/\\\/patagoniambiental.com.ar\\\/info\\\/toyota-construira-la-primera-planta-para-generacion-de-electricidad-e-hidrogeno-a-partir-de-residuos\\\/\",\"url\":\"https:\\\/\\\/patagoniambiental.com.ar\\\/info\\\/toyota-construira-la-primera-planta-para-generacion-de-electricidad-e-hidrogeno-a-partir-de-residuos\\\/\",\"name\":\"Toyota construir\u00e1 la primera planta para generaci\u00f3n de electricidad e hidr\u00f3geno a partir de residuos\",\"isPartOf\":{\"@id\":\"https:\\\/\\\/patagoniambiental.com.ar\\\/info\\\/#website\"},\"primaryImageOfPage\":{\"@id\":\"https:\\\/\\\/patagoniambiental.com.ar\\\/info\\\/toyota-construira-la-primera-planta-para-generacion-de-electricidad-e-hidrogeno-a-partir-de-residuos\\\/#primaryimage\"},\"image\":{\"@id\":\"https:\\\/\\\/patagoniambiental.com.ar\\\/info\\\/toyota-construira-la-primera-planta-para-generacion-de-electricidad-e-hidrogeno-a-partir-de-residuos\\\/#primaryimage\"},\"thumbnailUrl\":\"http:\\\/\\\/719ec77057a57996613a-9a5081423686babcde0c8e2e3662dda4.r0.cf1.rackcdn.com\\\/adjuntos\\\/jpg\\\/2017\\\/12\\\/451363.jpg\",\"datePublished\":\"2017-12-09T22:00:31+00:00\",\"breadcrumb\":{\"@id\":\"https:\\\/\\\/patagoniambiental.com.ar\\\/info\\\/toyota-construira-la-primera-planta-para-generacion-de-electricidad-e-hidrogeno-a-partir-de-residuos\\\/#breadcrumb\"},\"inLanguage\":\"es\",\"potentialAction\":[{\"@type\":\"ReadAction\",\"target\":[\"https:\\\/\\\/patagoniambiental.com.ar\\\/info\\\/toyota-construira-la-primera-planta-para-generacion-de-electricidad-e-hidrogeno-a-partir-de-residuos\\\/\"]}]},{\"@type\":\"ImageObject\",\"inLanguage\":\"es\",\"@id\":\"https:\\\/\\\/patagoniambiental.com.ar\\\/info\\\/toyota-construira-la-primera-planta-para-generacion-de-electricidad-e-hidrogeno-a-partir-de-residuos\\\/#primaryimage\",\"url\":\"http:\\\/\\\/719ec77057a57996613a-9a5081423686babcde0c8e2e3662dda4.r0.cf1.rackcdn.com\\\/adjuntos\\\/jpg\\\/2017\\\/12\\\/451363.jpg\",\"contentUrl\":\"http:\\\/\\\/719ec77057a57996613a-9a5081423686babcde0c8e2e3662dda4.r0.cf1.rackcdn.com\\\/adjuntos\\\/jpg\\\/2017\\\/12\\\/451363.jpg\"},{\"@type\":\"BreadcrumbList\",\"@id\":\"https:\\\/\\\/patagoniambiental.com.ar\\\/info\\\/toyota-construira-la-primera-planta-para-generacion-de-electricidad-e-hidrogeno-a-partir-de-residuos\\\/#breadcrumb\",\"itemListElement\":[{\"@type\":\"ListItem\",\"position\":1,\"name\":\"Inicio\",\"item\":\"https:\\\/\\\/patagoniambiental.com.ar\\\/info\\\/\"},{\"@type\":\"ListItem\",\"position\":2,\"name\":\"Toyota construir\u00e1 la primera planta para generaci\u00f3n de electricidad e hidr\u00f3geno a partir de residuos\"}]},{\"@type\":\"WebSite\",\"@id\":\"https:\\\/\\\/patagoniambiental.com.ar\\\/info\\\/#website\",\"url\":\"https:\\\/\\\/patagoniambiental.com.ar\\\/info\\\/\",\"name\":\"Patagonia Ambiental\",\"description\":\"Monitoreo y an\u00e1lisis de la situaci\u00f3n geopol\u00edtica en el mundo y su implicancia en la Patagonia\",\"publisher\":{\"@id\":\"https:\\\/\\\/patagoniambiental.com.ar\\\/info\\\/#organization\"},\"potentialAction\":[{\"@type\":\"SearchAction\",\"target\":{\"@type\":\"EntryPoint\",\"urlTemplate\":\"https:\\\/\\\/patagoniambiental.com.ar\\\/info\\\/?s={search_term_string}\"},\"query-input\":{\"@type\":\"PropertyValueSpecification\",\"valueRequired\":true,\"valueName\":\"search_term_string\"}}],\"inLanguage\":\"es\"},{\"@type\":\"Organization\",\"@id\":\"https:\\\/\\\/patagoniambiental.com.ar\\\/info\\\/#organization\",\"name\":\"Patagonia Ambiental\",\"url\":\"https:\\\/\\\/patagoniambiental.com.ar\\\/info\\\/\",\"logo\":{\"@type\":\"ImageObject\",\"inLanguage\":\"es\",\"@id\":\"https:\\\/\\\/patagoniambiental.com.ar\\\/info\\\/#\\\/schema\\\/logo\\\/image\\\/\",\"url\":\"https:\\\/\\\/patagoniambiental.com.ar\\\/info\\\/wp-content\\\/uploads\\\/2025\\\/05\\\/LOGO-PATAGONIA-AMBIENTAL.png\",\"contentUrl\":\"https:\\\/\\\/patagoniambiental.com.ar\\\/info\\\/wp-content\\\/uploads\\\/2025\\\/05\\\/LOGO-PATAGONIA-AMBIENTAL.png\",\"width\":433,\"height\":250,\"caption\":\"Patagonia Ambiental\"},\"image\":{\"@id\":\"https:\\\/\\\/patagoniambiental.com.ar\\\/info\\\/#\\\/schema\\\/logo\\\/image\\\/\"},\"sameAs\":[\"https:\\\/\\\/www.facebook.com\\\/patagonia.ambiental\",\"https:\\\/\\\/x.com\\\/PatAmb\"]},{\"@type\":\"Person\",\"@id\":\"https:\\\/\\\/patagoniambiental.com.ar\\\/info\\\/#\\\/schema\\\/person\\\/db12bff64bbcbf6a253710bf0ea37b5d\",\"name\":\"Patagonia Ambiental\",\"description\":\"Andr\u00e9s Nievas T\u00e9cnico en manejo ambiental, consultor Ambiental y escritor para medios locales e internacionales sobre temas de geopolitica y medio ambiente.\",\"sameAs\":[\"http:\\\/\\\/www.patagoniambiental.com.ar\",\"https:\\\/\\\/www.facebook.com\\\/share\\\/1C1V8Gv9BX\\\/?mibextid=qi2Omg\",\"@patagoniambiental\",\"https:\\\/\\\/youtube.com\\\/@patagoniaambiental2023?si=BLt58t0wuXquxlYZ\"]}]}<\/script>\n<!-- \/ Yoast SEO Premium plugin. -->","yoast_head_json":{"title":"Toyota construir\u00e1 la primera planta para generaci\u00f3n de electricidad e hidr\u00f3geno a partir de residuos","robots":{"index":"index","follow":"follow","max-snippet":"max-snippet:-1","max-image-preview":"max-image-preview:large","max-video-preview":"max-video-preview:-1"},"canonical":"https:\/\/patagoniambiental.com.ar\/info\/toyota-construira-la-primera-planta-para-generacion-de-electricidad-e-hidrogeno-a-partir-de-residuos\/","og_locale":"es_ES","og_type":"article","og_title":"Toyota construir\u00e1 la primera planta para generaci\u00f3n de electricidad e hidr\u00f3geno a partir de residuos","og_description":"Estados Unidos.-La nueva instalaci\u00f3n estar\u00e1 ubicada en California y ser\u00e1 una fuente de energ\u00edas 100% renovables.","og_url":"https:\/\/patagoniambiental.com.ar\/info\/toyota-construira-la-primera-planta-para-generacion-de-electricidad-e-hidrogeno-a-partir-de-residuos\/","og_site_name":"Patagonia Ambiental","article_publisher":"https:\/\/www.facebook.com\/patagonia.ambiental","article_author":"https:\/\/www.facebook.com\/share\/1C1V8Gv9BX\/?mibextid=qi2Omg","article_published_time":"2017-12-09T22:00:31+00:00","og_image":[{"url":"http:\/\/719ec77057a57996613a-9a5081423686babcde0c8e2e3662dda4.r0.cf1.rackcdn.com\/adjuntos\/jpg\/2017\/12\/451363.jpg","type":"","width":"","height":""}],"author":"Patagonia Ambiental","twitter_card":"summary_large_image","twitter_creator":"@PatAmb","twitter_site":"@PatAmb","schema":{"@context":"https:\/\/schema.org","@graph":[{"@type":"Article","@id":"https:\/\/patagoniambiental.com.ar\/info\/toyota-construira-la-primera-planta-para-generacion-de-electricidad-e-hidrogeno-a-partir-de-residuos\/#article","isPartOf":{"@id":"https:\/\/patagoniambiental.com.ar\/info\/toyota-construira-la-primera-planta-para-generacion-de-electricidad-e-hidrogeno-a-partir-de-residuos\/"},"author":{"name":"Patagonia Ambiental","@id":"https:\/\/patagoniambiental.com.ar\/info\/#\/schema\/person\/db12bff64bbcbf6a253710bf0ea37b5d"},"headline":"Toyota construir\u00e1 la primera planta para generaci\u00f3n de electricidad e hidr\u00f3geno a partir de residuos","datePublished":"2017-12-09T22:00:31+00:00","mainEntityOfPage":{"@id":"https:\/\/patagoniambiental.com.ar\/info\/toyota-construira-la-primera-planta-para-generacion-de-electricidad-e-hidrogeno-a-partir-de-residuos\/"},"wordCount":673,"commentCount":0,"publisher":{"@id":"https:\/\/patagoniambiental.com.ar\/info\/#organization"},"image":{"@id":"https:\/\/patagoniambiental.com.ar\/info\/toyota-construira-la-primera-planta-para-generacion-de-electricidad-e-hidrogeno-a-partir-de-residuos\/#primaryimage"},"thumbnailUrl":"http:\/\/719ec77057a57996613a-9a5081423686babcde0c8e2e3662dda4.r0.cf1.rackcdn.com\/adjuntos\/jpg\/2017\/12\/451363.jpg","articleSection":["Internacionales","Noticias"],"inLanguage":"es","potentialAction":[{"@type":"CommentAction","name":"Comment","target":["https:\/\/patagoniambiental.com.ar\/info\/toyota-construira-la-primera-planta-para-generacion-de-electricidad-e-hidrogeno-a-partir-de-residuos\/#respond"]}]},{"@type":"WebPage","@id":"https:\/\/patagoniambiental.com.ar\/info\/toyota-construira-la-primera-planta-para-generacion-de-electricidad-e-hidrogeno-a-partir-de-residuos\/","url":"https:\/\/patagoniambiental.com.ar\/info\/toyota-construira-la-primera-planta-para-generacion-de-electricidad-e-hidrogeno-a-partir-de-residuos\/","name":"Toyota construir\u00e1 la primera planta para generaci\u00f3n de electricidad e hidr\u00f3geno a partir de residuos","isPartOf":{"@id":"https:\/\/patagoniambiental.com.ar\/info\/#website"},"primaryImageOfPage":{"@id":"https:\/\/patagoniambiental.com.ar\/info\/toyota-construira-la-primera-planta-para-generacion-de-electricidad-e-hidrogeno-a-partir-de-residuos\/#primaryimage"},"image":{"@id":"https:\/\/patagoniambiental.com.ar\/info\/toyota-construira-la-primera-planta-para-generacion-de-electricidad-e-hidrogeno-a-partir-de-residuos\/#primaryimage"},"thumbnailUrl":"http:\/\/719ec77057a57996613a-9a5081423686babcde0c8e2e3662dda4.r0.cf1.rackcdn.com\/adjuntos\/jpg\/2017\/12\/451363.jpg","datePublished":"2017-12-09T22:00:31+00:00","breadcrumb":{"@id":"https:\/\/patagoniambiental.com.ar\/info\/toyota-construira-la-primera-planta-para-generacion-de-electricidad-e-hidrogeno-a-partir-de-residuos\/#breadcrumb"},"inLanguage":"es","potentialAction":[{"@type":"ReadAction","target":["https:\/\/patagoniambiental.com.ar\/info\/toyota-construira-la-primera-planta-para-generacion-de-electricidad-e-hidrogeno-a-partir-de-residuos\/"]}]},{"@type":"ImageObject","inLanguage":"es","@id":"https:\/\/patagoniambiental.com.ar\/info\/toyota-construira-la-primera-planta-para-generacion-de-electricidad-e-hidrogeno-a-partir-de-residuos\/#primaryimage","url":"http:\/\/719ec77057a57996613a-9a5081423686babcde0c8e2e3662dda4.r0.cf1.rackcdn.com\/adjuntos\/jpg\/2017\/12\/451363.jpg","contentUrl":"http:\/\/719ec77057a57996613a-9a5081423686babcde0c8e2e3662dda4.r0.cf1.rackcdn.com\/adjuntos\/jpg\/2017\/12\/451363.jpg"},{"@type":"BreadcrumbList","@id":"https:\/\/patagoniambiental.com.ar\/info\/toyota-construira-la-primera-planta-para-generacion-de-electricidad-e-hidrogeno-a-partir-de-residuos\/#breadcrumb","itemListElement":[{"@type":"ListItem","position":1,"name":"Inicio","item":"https:\/\/patagoniambiental.com.ar\/info\/"},{"@type":"ListItem","position":2,"name":"Toyota construir\u00e1 la primera planta para generaci\u00f3n de electricidad e hidr\u00f3geno a partir de residuos"}]},{"@type":"WebSite","@id":"https:\/\/patagoniambiental.com.ar\/info\/#website","url":"https:\/\/patagoniambiental.com.ar\/info\/","name":"Patagonia Ambiental","description":"Monitoreo y an\u00e1lisis de la situaci\u00f3n geopol\u00edtica en el mundo y su implicancia en la Patagonia","publisher":{"@id":"https:\/\/patagoniambiental.com.ar\/info\/#organization"},"potentialAction":[{"@type":"SearchAction","target":{"@type":"EntryPoint","urlTemplate":"https:\/\/patagoniambiental.com.ar\/info\/?s={search_term_string}"},"query-input":{"@type":"PropertyValueSpecification","valueRequired":true,"valueName":"search_term_string"}}],"inLanguage":"es"},{"@type":"Organization","@id":"https:\/\/patagoniambiental.com.ar\/info\/#organization","name":"Patagonia Ambiental","url":"https:\/\/patagoniambiental.com.ar\/info\/","logo":{"@type":"ImageObject","inLanguage":"es","@id":"https:\/\/patagoniambiental.com.ar\/info\/#\/schema\/logo\/image\/","url":"https:\/\/patagoniambiental.com.ar\/info\/wp-content\/uploads\/2025\/05\/LOGO-PATAGONIA-AMBIENTAL.png","contentUrl":"https:\/\/patagoniambiental.com.ar\/info\/wp-content\/uploads\/2025\/05\/LOGO-PATAGONIA-AMBIENTAL.png","width":433,"height":250,"caption":"Patagonia Ambiental"},"image":{"@id":"https:\/\/patagoniambiental.com.ar\/info\/#\/schema\/logo\/image\/"},"sameAs":["https:\/\/www.facebook.com\/patagonia.ambiental","https:\/\/x.com\/PatAmb"]},{"@type":"Person","@id":"https:\/\/patagoniambiental.com.ar\/info\/#\/schema\/person\/db12bff64bbcbf6a253710bf0ea37b5d","name":"Patagonia Ambiental","description":"Andr\u00e9s Nievas T\u00e9cnico en manejo ambiental, consultor Ambiental y escritor para medios locales e internacionales sobre temas de geopolitica y medio ambiente.","sameAs":["http:\/\/www.patagoniambiental.com.ar","https:\/\/www.facebook.com\/share\/1C1V8Gv9BX\/?mibextid=qi2Omg","@patagoniambiental","https:\/\/youtube.com\/@patagoniaambiental2023?si=BLt58t0wuXquxlYZ"]}]}},"_links":{"self":[{"href":"https:\/\/patagoniambiental.com.ar\/info\/wp-json\/wp\/v2\/posts\/39412","targetHints":{"allow":["GET"]}}],"collection":[{"href":"https:\/\/patagoniambiental.com.ar\/info\/wp-json\/wp\/v2\/posts"}],"about":[{"href":"https:\/\/patagoniambiental.com.ar\/info\/wp-json\/wp\/v2\/types\/post"}],"author":[{"embeddable":true,"href":"https:\/\/patagoniambiental.com.ar\/info\/wp-json\/wp\/v2\/users\/2"}],"replies":[{"embeddable":true,"href":"https:\/\/patagoniambiental.com.ar\/info\/wp-json\/wp\/v2\/comments?post=39412"}],"version-history":[{"count":0,"href":"https:\/\/patagoniambiental.com.ar\/info\/wp-json\/wp\/v2\/posts\/39412\/revisions"}],"wp:attachment":[{"href":"https:\/\/patagoniambiental.com.ar\/info\/wp-json\/wp\/v2\/media?parent=39412"}],"wp:term":[{"taxonomy":"category","embeddable":true,"href":"https:\/\/patagoniambiental.com.ar\/info\/wp-json\/wp\/v2\/categories?post=39412"},{"taxonomy":"post_tag","embeddable":true,"href":"https:\/\/patagoniambiental.com.ar\/info\/wp-json\/wp\/v2\/tags?post=39412"}],"curies":[{"name":"wp","href":"https:\/\/api.w.org\/{rel}","templated":true}]}}