{"id":39415,"date":"2017-12-06T09:00:57","date_gmt":"2017-12-06T12:00:57","guid":{"rendered":"http:\/\/patagoniambiental.com.ar\/info\/?p=39415"},"modified":"2017-12-06T13:00:04","modified_gmt":"2017-12-06T16:00:04","slug":"tragedia-del-ara-san-juan-el-ministro-de-defensa-categorico-estan-todos-muertos","status":"publish","type":"post","link":"https:\/\/patagoniambiental.com.ar\/info\/tragedia-del-ara-san-juan-el-ministro-de-defensa-categorico-estan-todos-muertos\/","title":{"rendered":"TRAGEDIA DEL ARA SAN JUAN  El Ministro de Defensa, categ\u00f3rico: \u00abEst\u00e1n todos muertos\u00bb"},"content":{"rendered":"<div class=\"f-right\">\n<p>Buenos Aires.-Lo confirm\u00f3 en una entrevista televisiva -anoche- donde rompi\u00f3 el silencio, tras una de los peores episodios en la historia de las Fuerzas Armadas, desde el hundimiento del ARA General Belgrano en 1982.<\/p>\n<\/div>\n<p><!--more--><\/p>\n<div class=\"w620 noborde\"><\/div>\n<div class=\"caja\">\n<div class=\"fotonota floatLeft mb20 cycle-slideshow\" style=\"margin-bottom: 20px !important; position: relative; background-color: #000000;\" data-cycle-fx=\"scrollHorz\" data-cycle-timeout=\"0\" data-cycle-prev=\"#foto-ant\" data-cycle-next=\"#foto-sig\" data-cycle-slides=\"&gt; .item\">\n<div class=\"item cycle-slide cycle-sentinel\"><\/div>\n<div class=\"fotonav\"><a id=\"foto-ant\" href=\"https:\/\/www.infofueguina.com\/el-pais\/2017\/12\/5\/ministro-defensa-categrico-estn-todos-muertos-26038.html#\">\u00ab Anterior<\/a><a id=\"foto-sig\" href=\"https:\/\/www.infofueguina.com\/el-pais\/2017\/12\/5\/ministro-defensa-categrico-estn-todos-muertos-26038.html#\">Siguiente \u00bb<\/a><\/div>\n<p class=\"epigrafe\">El submarino A.R.A. San Juan, en aguas del Canal Beagle, horas antes de emprender lo que ser\u00eda su inesperado y \u00faltimo viaje.<\/p>\n<div class=\"item cycle-slide cycle-slide-active\"><a class=\"gal_fotonota cboxElement\" title=\"\" href=\"https:\/\/www.infofueguina.com\/u\/fotografias\/fotosnoticias\/2017\/12\/5\/38187.jpg\"><img decoding=\"async\" src=\"https:\/\/www.infofueguina.com\/u\/fotografias\/m\/2017\/12\/5\/f620x350-38187_69205_2.jpg\" alt=\"El Ministro de Defensa, categ\u00f3rico: &quot;Est\u00e1n todos muertos&quot;\" \/><\/a><\/p>\n<p class=\"epigrafe\">\u00abNo se puede estar indefinidamente buscando vida, cuando las condiciones no son para la vida\u00bb, expres\u00f3 Aguad.<\/p>\n<\/div>\n<div class=\"item cycle-slide\"><a class=\"gal_fotonota cboxElement\" title=\"El submarino A.R.A. San Juan, en aguas del Canal Beagle, horas antes de emprender lo que ser\u00eda su inesperado y \u00faltimo viaje.\" href=\"https:\/\/www.infofueguina.com\/u\/fotografias\/fotosnoticias\/2017\/12\/5\/38188.jpg\"><img decoding=\"async\" src=\"https:\/\/www.infofueguina.com\/u\/fotografias\/m\/2017\/12\/5\/f620x350-38188_69206_31.jpg\" alt=\"El Ministro de Defensa, categ\u00f3rico: &quot;Est\u00e1n todos muertos&quot;\" \/><\/a><\/div>\n<\/div>\n<div id=\"noticiaint\">\n<div class=\"w300\">\n<div class=\"notas_relacionadas\">\n<div class=\"cabezal\">NOTAS RELACIONADAS<\/div>\n<ul>\n<li><a href=\"https:\/\/www.infofueguina.com\/el-pais\/2017\/12\/6\/jefe-armada-asegur-submarino-siniestrado-estaba-condiciones-navegar-26050.html\">El Jefe de la Armada asegur\u00f3 que el submarino siniestrado estaba en condiciones de navegar (6\/12\/2017)<\/a><\/li>\n<li><a href=\"https:\/\/www.infofueguina.com\/social\/2017\/12\/1\/estados-unidos-despliega-curv-21-para-encontrar-juan-25991.html\">Estados Unidos despliega el CURV-21 para encontrar el ARA San Juan (1\/12\/2017)<\/a><\/li>\n<li><a href=\"https:\/\/www.infofueguina.com\/el-pais\/2017\/12\/1\/padre-marino-cuestiono-decision-perversa-inentendible-finalizar-operativo-25973.html\">Padre de un marino cuestion\u00f3 decisi\u00f3n \u00abperversa e inentendible\u00bb de finalizar operativo (1\/12\/2017)<\/a><\/li>\n<li><a href=\"https:\/\/www.infofueguina.com\/el-pais\/2017\/11\/30\/oficial-armada-argentina-terminado-rescate-vida-tripulantes-25967.html\">OFICIAL: La Armada Argentina dio por terminado el rescate con vida de los tripulantes (30\/11\/2017)<\/a><\/li>\n<\/ul>\n<\/div>\n<\/div>\n<div id=\"txtcontenido\">\n<p>Tras semanas de llamativo silencio, el\u00a0ministro de Defensa de la Naci\u00f3n, Oscar Aguad, ratific\u00f3 ante la prensa que el operativo de rescate de los 44 tripulantes del submarino A.R.A. San Juan, desaparecido el 15 de noviembre \u00faltimo, \u00ab<strong>no continuar\u00e1<\/strong>\u00ab, lo cual dio definitivamente por tierra con el desesperado pedido de los familiares, para que su b\u00fasqueda con vida no sea abandonada.<\/p>\n<p>&nbsp;<\/p>\n<p>Tal es as\u00ed, que el m\u00e1ximo funcionario brind\u00f3 -anoche- una entrevista al programa \u00abDesde el Llano\u00bb, conducido por Joaqu\u00edn Morales Sol\u00e1 en\u00a0TN, donde, literalmente, confirm\u00f3 al pa\u00eds\u00a0<strong>la peor de las noticias<\/strong>.<\/p>\n<p>&nbsp;<\/p>\n<p>\u00abLo que motiv\u00f3 el cese del protocolo\u00a0<a href=\"https:\/\/es.wikipedia.org\/wiki\/B%C3%BAsqueda_y_rescate\">SAR<\/a>\u00a0es un informe de la Armada, diciendo que las condiciones del ambiente extremo\u00a0en el \u00e1rea donde se habr\u00eda registrado este suceso, y el tiempo que hab\u00eda transcurrido, eran<strong>\u00a0incompatibles con la existencia de vida humana,\u00bb\u00a0<\/strong>se\u00f1al\u00f3 Aguad\u00a0en el medio de la entrevista, que se emiti\u00f3 en vivo.<\/p>\n<p>&nbsp;<\/p>\n<p>\u00ab\u00bf<strong>Es decir que est\u00e1n todos muertos<\/strong>?, le pregunt\u00f3 inmediatamente el periodista. \u00ab<strong>Exactamente<\/strong>, ah\u00ed termina una etapa y nosotros nos comprometimos a seguir buscando, si podemos encontrar al submarino y traerlo de vuelta, lo vamos a hacer\u00bb, fue la respuesta del\u00a0Ministro.<\/p>\n<p>&nbsp;<\/p>\n<p>En ese sentido, Aguad argument\u00f3 que el informe de la Armada \u00abpuso un l\u00edmite\u00bb, y dijo que las normas internacionales tambien exigen ese l\u00edmite, por lo que no se puede \u00ab<strong>estar indefinidamente buscando vida<\/strong>\u00ab, cuando las condiciones \u00abno son para la vida\u00bb.<\/p>\n<p>&nbsp;<\/p>\n<p>\u00abEl \u00fanico elemento tecnol\u00f3gico que hab\u00eda\u00a0para la b\u00fasqueda de las personas, era el minisubmarino norteamericano, que ya se volvi\u00f3. En su reemplazo,\u00a0traen\u00a0un globo para buscar a profundidades de<strong>\u00a06 mil metros<\/strong>. Nos comprometimos a seguir buscando el submarino\u00bb, sentenci\u00f3.<\/p>\n<p>&nbsp;<\/p>\n<p><iframe src=\"https:\/\/www.youtube.com\/embed\/JEu2vdFx_iE\" width=\"560\" height=\"315\" frameborder=\"0\" allowfullscreen=\"allowfullscreen\" data-mce-fragment=\"1\"><\/iframe><\/p>\n<p>Fuente:\u00a0https:\/\/www.infofueguina.com\/el-pais\/2017\/12\/5\/ministro-defensa-categrico-estn-todos-muertos-26038.html<\/p>\n<\/div>\n<\/div>\n<\/div>\n","protected":false},"excerpt":{"rendered":"<p>Buenos Aires.-Lo confirm\u00f3 en una entrevista televisiva -anoche- donde rompi\u00f3 el silencio, tras una de los peores episodios en la [&hellip;]<\/p>\n","protected":false},"author":2,"featured_media":0,"comment_status":"open","ping_status":"open","sticky":false,"template":"","format":"standard","meta":{"site-sidebar-layout":"default","site-content-layout":"","ast-site-content-layout":"default","site-content-style":"default","site-sidebar-style":"default","ast-global-header-display":"","ast-banner-title-visibility":"","ast-main-header-display":"","ast-hfb-above-header-display":"","ast-hfb-below-header-display":"","ast-hfb-mobile-header-display":"","site-post-title":"","ast-breadcrumbs-content":"","ast-featured-img":"","footer-sml-layout":"","ast-disable-related-posts":"","theme-transparent-header-meta":"","adv-header-id-meta":"","stick-header-meta":"","header-above-stick-meta":"","header-main-stick-meta":"","header-below-stick-meta":"","astra-migrate-meta-layouts":"default","ast-page-background-enabled":"default","ast-page-background-meta":{"desktop":{"background-color":"var(--ast-global-color-5)","background-image":"","background-repeat":"repeat","background-position":"center center","background-size":"auto","background-attachment":"scroll","background-type":"","background-media":"","overlay-type":"","overlay-color":"","overlay-opacity":"","overlay-gradient":""},"tablet":{"background-color":"","background-image":"","background-repeat":"repeat","background-position":"center center","background-size":"auto","background-attachment":"scroll","background-type":"","background-media":"","overlay-type":"","overlay-color":"","overlay-opacity":"","overlay-gradient":""},"mobile":{"background-color":"","background-image":"","background-repeat":"repeat","background-position":"center center","background-size":"auto","background-attachment":"scroll","background-type":"","background-media":"","overlay-type":"","overlay-color":"","overlay-opacity":"","overlay-gradient":""}},"ast-content-background-meta":{"desktop":{"background-color":"var(--ast-global-color-4)","background-image":"","background-repeat":"repeat","background-position":"center center","background-size":"auto","background-attachment":"scroll","background-type":"","background-media":"","overlay-type":"","overlay-color":"","overlay-opacity":"","overlay-gradient":""},"tablet":{"background-color":"var(--ast-global-color-4)","background-image":"","background-repeat":"repeat","background-position":"center center","background-size":"auto","background-attachment":"scroll","background-type":"","background-media":"","overlay-type":"","overlay-color":"","overlay-opacity":"","overlay-gradient":""},"mobile":{"background-color":"var(--ast-global-color-4)","background-image":"","background-repeat":"repeat","background-position":"center center","background-size":"auto","background-attachment":"scroll","background-type":"","background-media":"","overlay-type":"","overlay-color":"","overlay-opacity":"","overlay-gradient":""}},"footnotes":""},"categories":[23,1],"tags":[],"class_list":["post-39415","post","type-post","status-publish","format-standard","hentry","category-internacionales","category-noticias"],"yoast_head":"<!-- This site is optimized with the Yoast SEO Premium plugin v23.0 (Yoast SEO v27.4) - https:\/\/yoast.com\/product\/yoast-seo-premium-wordpress\/ -->\n<title>TRAGEDIA DEL ARA SAN JUAN El Ministro de Defensa, categ\u00f3rico: &quot;Est\u00e1n todos muertos&quot;<\/title>\n<meta name=\"robots\" content=\"index, follow, max-snippet:-1, max-image-preview:large, max-video-preview:-1\" \/>\n<link rel=\"canonical\" href=\"https:\/\/patagoniambiental.com.ar\/info\/tragedia-del-ara-san-juan-el-ministro-de-defensa-categorico-estan-todos-muertos\/\" \/>\n<meta property=\"og:locale\" content=\"es_ES\" \/>\n<meta property=\"og:type\" content=\"article\" \/>\n<meta property=\"og:title\" content=\"TRAGEDIA DEL ARA SAN JUAN El Ministro de Defensa, categ\u00f3rico: &quot;Est\u00e1n todos muertos&quot;\" \/>\n<meta property=\"og:description\" content=\"Buenos Aires.-Lo confirm\u00f3 en una entrevista televisiva -anoche- donde rompi\u00f3 el silencio, tras una de los peores episodios en la [&hellip;]\" \/>\n<meta property=\"og:url\" content=\"https:\/\/patagoniambiental.com.ar\/info\/tragedia-del-ara-san-juan-el-ministro-de-defensa-categorico-estan-todos-muertos\/\" \/>\n<meta property=\"og:site_name\" content=\"Patagonia Ambiental\" \/>\n<meta property=\"article:publisher\" content=\"https:\/\/www.facebook.com\/patagonia.ambiental\" \/>\n<meta property=\"article:author\" content=\"https:\/\/www.facebook.com\/share\/1C1V8Gv9BX\/?mibextid=qi2Omg\" \/>\n<meta property=\"article:published_time\" content=\"2017-12-06T12:00:57+00:00\" \/>\n<meta property=\"article:modified_time\" content=\"2017-12-06T16:00:04+00:00\" \/>\n<meta property=\"og:image\" content=\"https:\/\/www.infofueguina.com\/u\/fotografias\/m\/2017\/12\/5\/f620x350-38187_69205_2.jpg\" \/>\n<meta name=\"author\" content=\"Patagonia Ambiental\" \/>\n<meta name=\"twitter:card\" content=\"summary_large_image\" \/>\n<meta name=\"twitter:creator\" content=\"@PatAmb\" \/>\n<meta name=\"twitter:site\" content=\"@PatAmb\" \/>\n<script type=\"application\/ld+json\" class=\"yoast-schema-graph\">{\"@context\":\"https:\\\/\\\/schema.org\",\"@graph\":[{\"@type\":\"Article\",\"@id\":\"https:\\\/\\\/patagoniambiental.com.ar\\\/info\\\/tragedia-del-ara-san-juan-el-ministro-de-defensa-categorico-estan-todos-muertos\\\/#article\",\"isPartOf\":{\"@id\":\"https:\\\/\\\/patagoniambiental.com.ar\\\/info\\\/tragedia-del-ara-san-juan-el-ministro-de-defensa-categorico-estan-todos-muertos\\\/\"},\"author\":{\"name\":\"Patagonia Ambiental\",\"@id\":\"https:\\\/\\\/patagoniambiental.com.ar\\\/info\\\/#\\\/schema\\\/person\\\/db12bff64bbcbf6a253710bf0ea37b5d\"},\"headline\":\"TRAGEDIA DEL ARA SAN JUAN El Ministro de Defensa, categ\u00f3rico: \u00abEst\u00e1n todos muertos\u00bb\",\"datePublished\":\"2017-12-06T12:00:57+00:00\",\"dateModified\":\"2017-12-06T16:00:04+00:00\",\"mainEntityOfPage\":{\"@id\":\"https:\\\/\\\/patagoniambiental.com.ar\\\/info\\\/tragedia-del-ara-san-juan-el-ministro-de-defensa-categorico-estan-todos-muertos\\\/\"},\"wordCount\":452,\"commentCount\":0,\"publisher\":{\"@id\":\"https:\\\/\\\/patagoniambiental.com.ar\\\/info\\\/#organization\"},\"image\":{\"@id\":\"https:\\\/\\\/patagoniambiental.com.ar\\\/info\\\/tragedia-del-ara-san-juan-el-ministro-de-defensa-categorico-estan-todos-muertos\\\/#primaryimage\"},\"thumbnailUrl\":\"https:\\\/\\\/www.infofueguina.com\\\/u\\\/fotografias\\\/m\\\/2017\\\/12\\\/5\\\/f620x350-38187_69205_2.jpg\",\"articleSection\":[\"Internacionales\",\"Noticias\"],\"inLanguage\":\"es\",\"potentialAction\":[{\"@type\":\"CommentAction\",\"name\":\"Comment\",\"target\":[\"https:\\\/\\\/patagoniambiental.com.ar\\\/info\\\/tragedia-del-ara-san-juan-el-ministro-de-defensa-categorico-estan-todos-muertos\\\/#respond\"]}]},{\"@type\":\"WebPage\",\"@id\":\"https:\\\/\\\/patagoniambiental.com.ar\\\/info\\\/tragedia-del-ara-san-juan-el-ministro-de-defensa-categorico-estan-todos-muertos\\\/\",\"url\":\"https:\\\/\\\/patagoniambiental.com.ar\\\/info\\\/tragedia-del-ara-san-juan-el-ministro-de-defensa-categorico-estan-todos-muertos\\\/\",\"name\":\"TRAGEDIA DEL ARA SAN JUAN El Ministro de Defensa, categ\u00f3rico: \\\"Est\u00e1n todos muertos\\\"\",\"isPartOf\":{\"@id\":\"https:\\\/\\\/patagoniambiental.com.ar\\\/info\\\/#website\"},\"primaryImageOfPage\":{\"@id\":\"https:\\\/\\\/patagoniambiental.com.ar\\\/info\\\/tragedia-del-ara-san-juan-el-ministro-de-defensa-categorico-estan-todos-muertos\\\/#primaryimage\"},\"image\":{\"@id\":\"https:\\\/\\\/patagoniambiental.com.ar\\\/info\\\/tragedia-del-ara-san-juan-el-ministro-de-defensa-categorico-estan-todos-muertos\\\/#primaryimage\"},\"thumbnailUrl\":\"https:\\\/\\\/www.infofueguina.com\\\/u\\\/fotografias\\\/m\\\/2017\\\/12\\\/5\\\/f620x350-38187_69205_2.jpg\",\"datePublished\":\"2017-12-06T12:00:57+00:00\",\"dateModified\":\"2017-12-06T16:00:04+00:00\",\"breadcrumb\":{\"@id\":\"https:\\\/\\\/patagoniambiental.com.ar\\\/info\\\/tragedia-del-ara-san-juan-el-ministro-de-defensa-categorico-estan-todos-muertos\\\/#breadcrumb\"},\"inLanguage\":\"es\",\"potentialAction\":[{\"@type\":\"ReadAction\",\"target\":[\"https:\\\/\\\/patagoniambiental.com.ar\\\/info\\\/tragedia-del-ara-san-juan-el-ministro-de-defensa-categorico-estan-todos-muertos\\\/\"]}]},{\"@type\":\"ImageObject\",\"inLanguage\":\"es\",\"@id\":\"https:\\\/\\\/patagoniambiental.com.ar\\\/info\\\/tragedia-del-ara-san-juan-el-ministro-de-defensa-categorico-estan-todos-muertos\\\/#primaryimage\",\"url\":\"https:\\\/\\\/www.infofueguina.com\\\/u\\\/fotografias\\\/m\\\/2017\\\/12\\\/5\\\/f620x350-38187_69205_2.jpg\",\"contentUrl\":\"https:\\\/\\\/www.infofueguina.com\\\/u\\\/fotografias\\\/m\\\/2017\\\/12\\\/5\\\/f620x350-38187_69205_2.jpg\"},{\"@type\":\"BreadcrumbList\",\"@id\":\"https:\\\/\\\/patagoniambiental.com.ar\\\/info\\\/tragedia-del-ara-san-juan-el-ministro-de-defensa-categorico-estan-todos-muertos\\\/#breadcrumb\",\"itemListElement\":[{\"@type\":\"ListItem\",\"position\":1,\"name\":\"Inicio\",\"item\":\"https:\\\/\\\/patagoniambiental.com.ar\\\/info\\\/\"},{\"@type\":\"ListItem\",\"position\":2,\"name\":\"TRAGEDIA DEL ARA SAN JUAN El Ministro de Defensa, categ\u00f3rico: \u00abEst\u00e1n todos muertos\u00bb\"}]},{\"@type\":\"WebSite\",\"@id\":\"https:\\\/\\\/patagoniambiental.com.ar\\\/info\\\/#website\",\"url\":\"https:\\\/\\\/patagoniambiental.com.ar\\\/info\\\/\",\"name\":\"Patagonia Ambiental\",\"description\":\"Monitoreo y an\u00e1lisis de la situaci\u00f3n geopol\u00edtica en el mundo y su implicancia en la Patagonia\",\"publisher\":{\"@id\":\"https:\\\/\\\/patagoniambiental.com.ar\\\/info\\\/#organization\"},\"potentialAction\":[{\"@type\":\"SearchAction\",\"target\":{\"@type\":\"EntryPoint\",\"urlTemplate\":\"https:\\\/\\\/patagoniambiental.com.ar\\\/info\\\/?s={search_term_string}\"},\"query-input\":{\"@type\":\"PropertyValueSpecification\",\"valueRequired\":true,\"valueName\":\"search_term_string\"}}],\"inLanguage\":\"es\"},{\"@type\":\"Organization\",\"@id\":\"https:\\\/\\\/patagoniambiental.com.ar\\\/info\\\/#organization\",\"name\":\"Patagonia Ambiental\",\"url\":\"https:\\\/\\\/patagoniambiental.com.ar\\\/info\\\/\",\"logo\":{\"@type\":\"ImageObject\",\"inLanguage\":\"es\",\"@id\":\"https:\\\/\\\/patagoniambiental.com.ar\\\/info\\\/#\\\/schema\\\/logo\\\/image\\\/\",\"url\":\"https:\\\/\\\/patagoniambiental.com.ar\\\/info\\\/wp-content\\\/uploads\\\/2025\\\/05\\\/LOGO-PATAGONIA-AMBIENTAL.png\",\"contentUrl\":\"https:\\\/\\\/patagoniambiental.com.ar\\\/info\\\/wp-content\\\/uploads\\\/2025\\\/05\\\/LOGO-PATAGONIA-AMBIENTAL.png\",\"width\":433,\"height\":250,\"caption\":\"Patagonia Ambiental\"},\"image\":{\"@id\":\"https:\\\/\\\/patagoniambiental.com.ar\\\/info\\\/#\\\/schema\\\/logo\\\/image\\\/\"},\"sameAs\":[\"https:\\\/\\\/www.facebook.com\\\/patagonia.ambiental\",\"https:\\\/\\\/x.com\\\/PatAmb\"]},{\"@type\":\"Person\",\"@id\":\"https:\\\/\\\/patagoniambiental.com.ar\\\/info\\\/#\\\/schema\\\/person\\\/db12bff64bbcbf6a253710bf0ea37b5d\",\"name\":\"Patagonia Ambiental\",\"description\":\"Andr\u00e9s Nievas T\u00e9cnico en manejo ambiental, consultor Ambiental y escritor para medios locales e internacionales sobre temas de geopolitica y medio ambiente.\",\"sameAs\":[\"http:\\\/\\\/www.patagoniambiental.com.ar\",\"https:\\\/\\\/www.facebook.com\\\/share\\\/1C1V8Gv9BX\\\/?mibextid=qi2Omg\",\"@patagoniambiental\",\"https:\\\/\\\/youtube.com\\\/@patagoniaambiental2023?si=BLt58t0wuXquxlYZ\"]}]}<\/script>\n<!-- \/ Yoast SEO Premium plugin. -->","yoast_head_json":{"title":"TRAGEDIA DEL ARA SAN JUAN El Ministro de Defensa, categ\u00f3rico: \"Est\u00e1n todos muertos\"","robots":{"index":"index","follow":"follow","max-snippet":"max-snippet:-1","max-image-preview":"max-image-preview:large","max-video-preview":"max-video-preview:-1"},"canonical":"https:\/\/patagoniambiental.com.ar\/info\/tragedia-del-ara-san-juan-el-ministro-de-defensa-categorico-estan-todos-muertos\/","og_locale":"es_ES","og_type":"article","og_title":"TRAGEDIA DEL ARA SAN JUAN El Ministro de Defensa, categ\u00f3rico: \"Est\u00e1n todos muertos\"","og_description":"Buenos Aires.-Lo confirm\u00f3 en una entrevista televisiva -anoche- donde rompi\u00f3 el silencio, tras una de los peores episodios en la [&hellip;]","og_url":"https:\/\/patagoniambiental.com.ar\/info\/tragedia-del-ara-san-juan-el-ministro-de-defensa-categorico-estan-todos-muertos\/","og_site_name":"Patagonia Ambiental","article_publisher":"https:\/\/www.facebook.com\/patagonia.ambiental","article_author":"https:\/\/www.facebook.com\/share\/1C1V8Gv9BX\/?mibextid=qi2Omg","article_published_time":"2017-12-06T12:00:57+00:00","article_modified_time":"2017-12-06T16:00:04+00:00","og_image":[{"url":"https:\/\/www.infofueguina.com\/u\/fotografias\/m\/2017\/12\/5\/f620x350-38187_69205_2.jpg","type":"","width":"","height":""}],"author":"Patagonia Ambiental","twitter_card":"summary_large_image","twitter_creator":"@PatAmb","twitter_site":"@PatAmb","schema":{"@context":"https:\/\/schema.org","@graph":[{"@type":"Article","@id":"https:\/\/patagoniambiental.com.ar\/info\/tragedia-del-ara-san-juan-el-ministro-de-defensa-categorico-estan-todos-muertos\/#article","isPartOf":{"@id":"https:\/\/patagoniambiental.com.ar\/info\/tragedia-del-ara-san-juan-el-ministro-de-defensa-categorico-estan-todos-muertos\/"},"author":{"name":"Patagonia Ambiental","@id":"https:\/\/patagoniambiental.com.ar\/info\/#\/schema\/person\/db12bff64bbcbf6a253710bf0ea37b5d"},"headline":"TRAGEDIA DEL ARA SAN JUAN El Ministro de Defensa, categ\u00f3rico: \u00abEst\u00e1n todos muertos\u00bb","datePublished":"2017-12-06T12:00:57+00:00","dateModified":"2017-12-06T16:00:04+00:00","mainEntityOfPage":{"@id":"https:\/\/patagoniambiental.com.ar\/info\/tragedia-del-ara-san-juan-el-ministro-de-defensa-categorico-estan-todos-muertos\/"},"wordCount":452,"commentCount":0,"publisher":{"@id":"https:\/\/patagoniambiental.com.ar\/info\/#organization"},"image":{"@id":"https:\/\/patagoniambiental.com.ar\/info\/tragedia-del-ara-san-juan-el-ministro-de-defensa-categorico-estan-todos-muertos\/#primaryimage"},"thumbnailUrl":"https:\/\/www.infofueguina.com\/u\/fotografias\/m\/2017\/12\/5\/f620x350-38187_69205_2.jpg","articleSection":["Internacionales","Noticias"],"inLanguage":"es","potentialAction":[{"@type":"CommentAction","name":"Comment","target":["https:\/\/patagoniambiental.com.ar\/info\/tragedia-del-ara-san-juan-el-ministro-de-defensa-categorico-estan-todos-muertos\/#respond"]}]},{"@type":"WebPage","@id":"https:\/\/patagoniambiental.com.ar\/info\/tragedia-del-ara-san-juan-el-ministro-de-defensa-categorico-estan-todos-muertos\/","url":"https:\/\/patagoniambiental.com.ar\/info\/tragedia-del-ara-san-juan-el-ministro-de-defensa-categorico-estan-todos-muertos\/","name":"TRAGEDIA DEL ARA SAN JUAN El Ministro de Defensa, categ\u00f3rico: \"Est\u00e1n todos muertos\"","isPartOf":{"@id":"https:\/\/patagoniambiental.com.ar\/info\/#website"},"primaryImageOfPage":{"@id":"https:\/\/patagoniambiental.com.ar\/info\/tragedia-del-ara-san-juan-el-ministro-de-defensa-categorico-estan-todos-muertos\/#primaryimage"},"image":{"@id":"https:\/\/patagoniambiental.com.ar\/info\/tragedia-del-ara-san-juan-el-ministro-de-defensa-categorico-estan-todos-muertos\/#primaryimage"},"thumbnailUrl":"https:\/\/www.infofueguina.com\/u\/fotografias\/m\/2017\/12\/5\/f620x350-38187_69205_2.jpg","datePublished":"2017-12-06T12:00:57+00:00","dateModified":"2017-12-06T16:00:04+00:00","breadcrumb":{"@id":"https:\/\/patagoniambiental.com.ar\/info\/tragedia-del-ara-san-juan-el-ministro-de-defensa-categorico-estan-todos-muertos\/#breadcrumb"},"inLanguage":"es","potentialAction":[{"@type":"ReadAction","target":["https:\/\/patagoniambiental.com.ar\/info\/tragedia-del-ara-san-juan-el-ministro-de-defensa-categorico-estan-todos-muertos\/"]}]},{"@type":"ImageObject","inLanguage":"es","@id":"https:\/\/patagoniambiental.com.ar\/info\/tragedia-del-ara-san-juan-el-ministro-de-defensa-categorico-estan-todos-muertos\/#primaryimage","url":"https:\/\/www.infofueguina.com\/u\/fotografias\/m\/2017\/12\/5\/f620x350-38187_69205_2.jpg","contentUrl":"https:\/\/www.infofueguina.com\/u\/fotografias\/m\/2017\/12\/5\/f620x350-38187_69205_2.jpg"},{"@type":"BreadcrumbList","@id":"https:\/\/patagoniambiental.com.ar\/info\/tragedia-del-ara-san-juan-el-ministro-de-defensa-categorico-estan-todos-muertos\/#breadcrumb","itemListElement":[{"@type":"ListItem","position":1,"name":"Inicio","item":"https:\/\/patagoniambiental.com.ar\/info\/"},{"@type":"ListItem","position":2,"name":"TRAGEDIA DEL ARA SAN JUAN El Ministro de Defensa, categ\u00f3rico: \u00abEst\u00e1n todos muertos\u00bb"}]},{"@type":"WebSite","@id":"https:\/\/patagoniambiental.com.ar\/info\/#website","url":"https:\/\/patagoniambiental.com.ar\/info\/","name":"Patagonia Ambiental","description":"Monitoreo y an\u00e1lisis de la situaci\u00f3n geopol\u00edtica en el mundo y su implicancia en la Patagonia","publisher":{"@id":"https:\/\/patagoniambiental.com.ar\/info\/#organization"},"potentialAction":[{"@type":"SearchAction","target":{"@type":"EntryPoint","urlTemplate":"https:\/\/patagoniambiental.com.ar\/info\/?s={search_term_string}"},"query-input":{"@type":"PropertyValueSpecification","valueRequired":true,"valueName":"search_term_string"}}],"inLanguage":"es"},{"@type":"Organization","@id":"https:\/\/patagoniambiental.com.ar\/info\/#organization","name":"Patagonia Ambiental","url":"https:\/\/patagoniambiental.com.ar\/info\/","logo":{"@type":"ImageObject","inLanguage":"es","@id":"https:\/\/patagoniambiental.com.ar\/info\/#\/schema\/logo\/image\/","url":"https:\/\/patagoniambiental.com.ar\/info\/wp-content\/uploads\/2025\/05\/LOGO-PATAGONIA-AMBIENTAL.png","contentUrl":"https:\/\/patagoniambiental.com.ar\/info\/wp-content\/uploads\/2025\/05\/LOGO-PATAGONIA-AMBIENTAL.png","width":433,"height":250,"caption":"Patagonia Ambiental"},"image":{"@id":"https:\/\/patagoniambiental.com.ar\/info\/#\/schema\/logo\/image\/"},"sameAs":["https:\/\/www.facebook.com\/patagonia.ambiental","https:\/\/x.com\/PatAmb"]},{"@type":"Person","@id":"https:\/\/patagoniambiental.com.ar\/info\/#\/schema\/person\/db12bff64bbcbf6a253710bf0ea37b5d","name":"Patagonia Ambiental","description":"Andr\u00e9s Nievas T\u00e9cnico en manejo ambiental, consultor Ambiental y escritor para medios locales e internacionales sobre temas de geopolitica y medio ambiente.","sameAs":["http:\/\/www.patagoniambiental.com.ar","https:\/\/www.facebook.com\/share\/1C1V8Gv9BX\/?mibextid=qi2Omg","@patagoniambiental","https:\/\/youtube.com\/@patagoniaambiental2023?si=BLt58t0wuXquxlYZ"]}]}},"_links":{"self":[{"href":"https:\/\/patagoniambiental.com.ar\/info\/wp-json\/wp\/v2\/posts\/39415","targetHints":{"allow":["GET"]}}],"collection":[{"href":"https:\/\/patagoniambiental.com.ar\/info\/wp-json\/wp\/v2\/posts"}],"about":[{"href":"https:\/\/patagoniambiental.com.ar\/info\/wp-json\/wp\/v2\/types\/post"}],"author":[{"embeddable":true,"href":"https:\/\/patagoniambiental.com.ar\/info\/wp-json\/wp\/v2\/users\/2"}],"replies":[{"embeddable":true,"href":"https:\/\/patagoniambiental.com.ar\/info\/wp-json\/wp\/v2\/comments?post=39415"}],"version-history":[{"count":0,"href":"https:\/\/patagoniambiental.com.ar\/info\/wp-json\/wp\/v2\/posts\/39415\/revisions"}],"wp:attachment":[{"href":"https:\/\/patagoniambiental.com.ar\/info\/wp-json\/wp\/v2\/media?parent=39415"}],"wp:term":[{"taxonomy":"category","embeddable":true,"href":"https:\/\/patagoniambiental.com.ar\/info\/wp-json\/wp\/v2\/categories?post=39415"},{"taxonomy":"post_tag","embeddable":true,"href":"https:\/\/patagoniambiental.com.ar\/info\/wp-json\/wp\/v2\/tags?post=39415"}],"curies":[{"name":"wp","href":"https:\/\/api.w.org\/{rel}","templated":true}]}}