{"id":39425,"date":"2017-12-07T09:00:19","date_gmt":"2017-12-07T12:00:19","guid":{"rendered":"http:\/\/patagoniambiental.com.ar\/info\/?p=39425"},"modified":"2017-12-06T22:10:04","modified_gmt":"2017-12-07T01:10:04","slug":"rio-negro-avanza-el-consorcio-intermunicipal-de-gestion-de-residuos-solidos-urbanos","status":"publish","type":"post","link":"https:\/\/patagoniambiental.com.ar\/info\/rio-negro-avanza-el-consorcio-intermunicipal-de-gestion-de-residuos-solidos-urbanos\/","title":{"rendered":"R\u00edo Negro: Avanza el Consorcio Intermunicipal de Gesti\u00f3n de Residuos S\u00f3lidos Urbanos"},"content":{"rendered":"<p>ALLEN.- La r\u00fabrica se concret\u00f3 a partir de las actividades que viene llevando adelante la secretaria de Ambiente y Desarrollo Sustentable, Dina Migani, quien a lo largo de dos jornadas consecutivas encabez\u00f3 el Taller de Planificaci\u00f3n y Validaci\u00f3n Estatuto CIGIRSU Alto Valle R\u00edo Negro, que se realiz\u00f3 en Allen.<\/p>\n<p>La firma del acta acuerdo se realiz\u00f3 ayer martes, e involucra a nueve localidades del Alto Valle Este y Oeste y a las secretar\u00edas de Ambiente y Desarrollo Sustentable y de Energ\u00eda. El objetivo es avanzar en la regionalizaci\u00f3n del tratamiento de los residuos.<\/p>\n<p>En esta oportunidad, la actividad cont\u00f3 con la presencia de Alfredo Gim\u00e9nez, referente del \u00e1rea de Fortalecimiento de la Direcci\u00f3n Nacional de Gesti\u00f3n Integral de Residuos (MAyDS);\u00a0 y\u00a0 de H\u00e9ctor Valiente, representante del Consejo Federal de Inversiones.<\/p>\n<p>A lo largo de las dos jornadas participaron t\u00e9cnicos y funcionarios municipales de Allen, Cinco Saltos, Campo Grande, Fern\u00e1ndez Oro, Chichinales, Ingeniero Huergo y Cipolletti. Tambi\u00e9n se sumaron desde la Secretar\u00eda de Energ\u00eda y personal de INTI Villa Regina.<\/p>\n<p>La firma se concret\u00f3 durante el cierre del taller y estuvieron presentes los jefes comunales de Cervantes, Claudia Montanaro; Allen, Sabina Costa; Ingeniero Huergo, Miguel Mart\u00ednez; Villa Regina, Jos\u00e9 Ray\u00f3; Campo Grande, Pedro Dantas; la presidenta del Concejo Deliberante de\u00a0 Chichinales, Claudia Duelle; y el titular de la Comisi\u00f3n de Fomento de Valle Azul, Heber Trincheri. Todos ellos rubricaron el acuerdo.<\/p>\n<p>En tanto, Germ\u00e1n Epul de Cinco Saltos, que tambi\u00e9n particip\u00f3, comprometi\u00f3 su firma para las pr\u00f3ximas horas, al igual que Pedro Dantas, de Contralmirante Cordero. No as\u00ed los responsables de los ejecutivos de Cipolletti y Fern\u00e1ndez Oro, quienes adem\u00e1s estuvieron presentes.<\/p>\n<p>De esta manera, se logr\u00f3 avanzar en la conformaci\u00f3n del CIGIRSU como encargado de elaborar y gestionar el plan integral. Desde la cartera ambiental tambi\u00e9n se facilit\u00f3 un espacio f\u00edsico y a la designaci\u00f3n de personal. Adem\u00e1s, se destaca en el acta la posibilidad de incorporar a nuevos municipios a la propuesta.<\/p>\n<p>Fuente: Gobierno de R\u00edo Negro<\/p>\n","protected":false},"excerpt":{"rendered":"<p>ALLEN.- La r\u00fabrica se concret\u00f3 a partir de las actividades que viene llevando adelante la secretaria de Ambiente y Desarrollo [&hellip;]<\/p>\n","protected":false},"author":2,"featured_media":0,"comment_status":"open","ping_status":"open","sticky":false,"template":"","format":"standard","meta":{"site-sidebar-layout":"default","site-content-layout":"","ast-site-content-layout":"default","site-content-style":"default","site-sidebar-style":"default","ast-global-header-display":"","ast-banner-title-visibility":"","ast-main-header-display":"","ast-hfb-above-header-display":"","ast-hfb-below-header-display":"","ast-hfb-mobile-header-display":"","site-post-title":"","ast-breadcrumbs-content":"","ast-featured-img":"","footer-sml-layout":"","ast-disable-related-posts":"","theme-transparent-header-meta":"","adv-header-id-meta":"","stick-header-meta":"","header-above-stick-meta":"","header-main-stick-meta":"","header-below-stick-meta":"","astra-migrate-meta-layouts":"default","ast-page-background-enabled":"default","ast-page-background-meta":{"desktop":{"background-color":"var(--ast-global-color-5)","background-image":"","background-repeat":"repeat","background-position":"center center","background-size":"auto","background-attachment":"scroll","background-type":"","background-media":"","overlay-type":"","overlay-color":"","overlay-opacity":"","overlay-gradient":""},"tablet":{"background-color":"","background-image":"","background-repeat":"repeat","background-position":"center center","background-size":"auto","background-attachment":"scroll","background-type":"","background-media":"","overlay-type":"","overlay-color":"","overlay-opacity":"","overlay-gradient":""},"mobile":{"background-color":"","background-image":"","background-repeat":"repeat","background-position":"center center","background-size":"auto","background-attachment":"scroll","background-type":"","background-media":"","overlay-type":"","overlay-color":"","overlay-opacity":"","overlay-gradient":""}},"ast-content-background-meta":{"desktop":{"background-color":"var(--ast-global-color-4)","background-image":"","background-repeat":"repeat","background-position":"center center","background-size":"auto","background-attachment":"scroll","background-type":"","background-media":"","overlay-type":"","overlay-color":"","overlay-opacity":"","overlay-gradient":""},"tablet":{"background-color":"var(--ast-global-color-4)","background-image":"","background-repeat":"repeat","background-position":"center center","background-size":"auto","background-attachment":"scroll","background-type":"","background-media":"","overlay-type":"","overlay-color":"","overlay-opacity":"","overlay-gradient":""},"mobile":{"background-color":"var(--ast-global-color-4)","background-image":"","background-repeat":"repeat","background-position":"center center","background-size":"auto","background-attachment":"scroll","background-type":"","background-media":"","overlay-type":"","overlay-color":"","overlay-opacity":"","overlay-gradient":""}},"footnotes":""},"categories":[1,14],"tags":[],"class_list":["post-39425","post","type-post","status-publish","format-standard","hentry","category-noticias","category-rio-negro"],"yoast_head":"<!-- This site is optimized with the Yoast SEO Premium plugin v23.0 (Yoast SEO v27.4) - https:\/\/yoast.com\/product\/yoast-seo-premium-wordpress\/ -->\n<title>R\u00edo Negro: Avanza el Consorcio Intermunicipal de Gesti\u00f3n de Residuos S\u00f3lidos Urbanos<\/title>\n<meta name=\"robots\" content=\"index, follow, max-snippet:-1, max-image-preview:large, max-video-preview:-1\" \/>\n<link rel=\"canonical\" href=\"https:\/\/patagoniambiental.com.ar\/info\/rio-negro-avanza-el-consorcio-intermunicipal-de-gestion-de-residuos-solidos-urbanos\/\" \/>\n<meta property=\"og:locale\" content=\"es_ES\" \/>\n<meta property=\"og:type\" content=\"article\" \/>\n<meta property=\"og:title\" content=\"R\u00edo Negro: Avanza el Consorcio Intermunicipal de Gesti\u00f3n de Residuos S\u00f3lidos Urbanos\" \/>\n<meta property=\"og:description\" content=\"ALLEN.- La r\u00fabrica se concret\u00f3 a partir de las actividades que viene llevando adelante la secretaria de Ambiente y Desarrollo [&hellip;]\" \/>\n<meta property=\"og:url\" content=\"https:\/\/patagoniambiental.com.ar\/info\/rio-negro-avanza-el-consorcio-intermunicipal-de-gestion-de-residuos-solidos-urbanos\/\" \/>\n<meta property=\"og:site_name\" content=\"Patagonia Ambiental\" \/>\n<meta property=\"article:publisher\" content=\"https:\/\/www.facebook.com\/patagonia.ambiental\" \/>\n<meta property=\"article:author\" content=\"https:\/\/www.facebook.com\/share\/1C1V8Gv9BX\/?mibextid=qi2Omg\" \/>\n<meta property=\"article:published_time\" content=\"2017-12-07T12:00:19+00:00\" \/>\n<meta name=\"author\" content=\"Patagonia Ambiental\" \/>\n<meta name=\"twitter:card\" content=\"summary_large_image\" \/>\n<meta name=\"twitter:creator\" content=\"@PatAmb\" \/>\n<meta name=\"twitter:site\" content=\"@PatAmb\" \/>\n<script type=\"application\/ld+json\" class=\"yoast-schema-graph\">{\"@context\":\"https:\\\/\\\/schema.org\",\"@graph\":[{\"@type\":\"Article\",\"@id\":\"https:\\\/\\\/patagoniambiental.com.ar\\\/info\\\/rio-negro-avanza-el-consorcio-intermunicipal-de-gestion-de-residuos-solidos-urbanos\\\/#article\",\"isPartOf\":{\"@id\":\"https:\\\/\\\/patagoniambiental.com.ar\\\/info\\\/rio-negro-avanza-el-consorcio-intermunicipal-de-gestion-de-residuos-solidos-urbanos\\\/\"},\"author\":{\"name\":\"Patagonia Ambiental\",\"@id\":\"https:\\\/\\\/patagoniambiental.com.ar\\\/info\\\/#\\\/schema\\\/person\\\/db12bff64bbcbf6a253710bf0ea37b5d\"},\"headline\":\"R\u00edo Negro: Avanza el Consorcio Intermunicipal de Gesti\u00f3n de Residuos S\u00f3lidos Urbanos\",\"datePublished\":\"2017-12-07T12:00:19+00:00\",\"mainEntityOfPage\":{\"@id\":\"https:\\\/\\\/patagoniambiental.com.ar\\\/info\\\/rio-negro-avanza-el-consorcio-intermunicipal-de-gestion-de-residuos-solidos-urbanos\\\/\"},\"wordCount\":373,\"commentCount\":0,\"publisher\":{\"@id\":\"https:\\\/\\\/patagoniambiental.com.ar\\\/info\\\/#organization\"},\"articleSection\":[\"Noticias\",\"R\u00edo Negro\"],\"inLanguage\":\"es\",\"potentialAction\":[{\"@type\":\"CommentAction\",\"name\":\"Comment\",\"target\":[\"https:\\\/\\\/patagoniambiental.com.ar\\\/info\\\/rio-negro-avanza-el-consorcio-intermunicipal-de-gestion-de-residuos-solidos-urbanos\\\/#respond\"]}]},{\"@type\":\"WebPage\",\"@id\":\"https:\\\/\\\/patagoniambiental.com.ar\\\/info\\\/rio-negro-avanza-el-consorcio-intermunicipal-de-gestion-de-residuos-solidos-urbanos\\\/\",\"url\":\"https:\\\/\\\/patagoniambiental.com.ar\\\/info\\\/rio-negro-avanza-el-consorcio-intermunicipal-de-gestion-de-residuos-solidos-urbanos\\\/\",\"name\":\"R\u00edo Negro: Avanza el Consorcio Intermunicipal de Gesti\u00f3n de Residuos S\u00f3lidos Urbanos\",\"isPartOf\":{\"@id\":\"https:\\\/\\\/patagoniambiental.com.ar\\\/info\\\/#website\"},\"datePublished\":\"2017-12-07T12:00:19+00:00\",\"breadcrumb\":{\"@id\":\"https:\\\/\\\/patagoniambiental.com.ar\\\/info\\\/rio-negro-avanza-el-consorcio-intermunicipal-de-gestion-de-residuos-solidos-urbanos\\\/#breadcrumb\"},\"inLanguage\":\"es\",\"potentialAction\":[{\"@type\":\"ReadAction\",\"target\":[\"https:\\\/\\\/patagoniambiental.com.ar\\\/info\\\/rio-negro-avanza-el-consorcio-intermunicipal-de-gestion-de-residuos-solidos-urbanos\\\/\"]}]},{\"@type\":\"BreadcrumbList\",\"@id\":\"https:\\\/\\\/patagoniambiental.com.ar\\\/info\\\/rio-negro-avanza-el-consorcio-intermunicipal-de-gestion-de-residuos-solidos-urbanos\\\/#breadcrumb\",\"itemListElement\":[{\"@type\":\"ListItem\",\"position\":1,\"name\":\"Inicio\",\"item\":\"https:\\\/\\\/patagoniambiental.com.ar\\\/info\\\/\"},{\"@type\":\"ListItem\",\"position\":2,\"name\":\"R\u00edo Negro: Avanza el Consorcio Intermunicipal de Gesti\u00f3n de Residuos S\u00f3lidos Urbanos\"}]},{\"@type\":\"WebSite\",\"@id\":\"https:\\\/\\\/patagoniambiental.com.ar\\\/info\\\/#website\",\"url\":\"https:\\\/\\\/patagoniambiental.com.ar\\\/info\\\/\",\"name\":\"Patagonia Ambiental\",\"description\":\"Monitoreo y an\u00e1lisis de la situaci\u00f3n geopol\u00edtica en el mundo y su implicancia en la Patagonia\",\"publisher\":{\"@id\":\"https:\\\/\\\/patagoniambiental.com.ar\\\/info\\\/#organization\"},\"potentialAction\":[{\"@type\":\"SearchAction\",\"target\":{\"@type\":\"EntryPoint\",\"urlTemplate\":\"https:\\\/\\\/patagoniambiental.com.ar\\\/info\\\/?s={search_term_string}\"},\"query-input\":{\"@type\":\"PropertyValueSpecification\",\"valueRequired\":true,\"valueName\":\"search_term_string\"}}],\"inLanguage\":\"es\"},{\"@type\":\"Organization\",\"@id\":\"https:\\\/\\\/patagoniambiental.com.ar\\\/info\\\/#organization\",\"name\":\"Patagonia Ambiental\",\"url\":\"https:\\\/\\\/patagoniambiental.com.ar\\\/info\\\/\",\"logo\":{\"@type\":\"ImageObject\",\"inLanguage\":\"es\",\"@id\":\"https:\\\/\\\/patagoniambiental.com.ar\\\/info\\\/#\\\/schema\\\/logo\\\/image\\\/\",\"url\":\"https:\\\/\\\/patagoniambiental.com.ar\\\/info\\\/wp-content\\\/uploads\\\/2025\\\/05\\\/LOGO-PATAGONIA-AMBIENTAL.png\",\"contentUrl\":\"https:\\\/\\\/patagoniambiental.com.ar\\\/info\\\/wp-content\\\/uploads\\\/2025\\\/05\\\/LOGO-PATAGONIA-AMBIENTAL.png\",\"width\":433,\"height\":250,\"caption\":\"Patagonia Ambiental\"},\"image\":{\"@id\":\"https:\\\/\\\/patagoniambiental.com.ar\\\/info\\\/#\\\/schema\\\/logo\\\/image\\\/\"},\"sameAs\":[\"https:\\\/\\\/www.facebook.com\\\/patagonia.ambiental\",\"https:\\\/\\\/x.com\\\/PatAmb\"]},{\"@type\":\"Person\",\"@id\":\"https:\\\/\\\/patagoniambiental.com.ar\\\/info\\\/#\\\/schema\\\/person\\\/db12bff64bbcbf6a253710bf0ea37b5d\",\"name\":\"Patagonia Ambiental\",\"description\":\"Andr\u00e9s Nievas T\u00e9cnico en manejo ambiental, consultor Ambiental y escritor para medios locales e internacionales sobre temas de geopolitica y medio ambiente.\",\"sameAs\":[\"http:\\\/\\\/www.patagoniambiental.com.ar\",\"https:\\\/\\\/www.facebook.com\\\/share\\\/1C1V8Gv9BX\\\/?mibextid=qi2Omg\",\"@patagoniambiental\",\"https:\\\/\\\/youtube.com\\\/@patagoniaambiental2023?si=BLt58t0wuXquxlYZ\"]}]}<\/script>\n<!-- \/ Yoast SEO Premium plugin. -->","yoast_head_json":{"title":"R\u00edo Negro: Avanza el Consorcio Intermunicipal de Gesti\u00f3n de Residuos S\u00f3lidos Urbanos","robots":{"index":"index","follow":"follow","max-snippet":"max-snippet:-1","max-image-preview":"max-image-preview:large","max-video-preview":"max-video-preview:-1"},"canonical":"https:\/\/patagoniambiental.com.ar\/info\/rio-negro-avanza-el-consorcio-intermunicipal-de-gestion-de-residuos-solidos-urbanos\/","og_locale":"es_ES","og_type":"article","og_title":"R\u00edo Negro: Avanza el Consorcio Intermunicipal de Gesti\u00f3n de Residuos S\u00f3lidos Urbanos","og_description":"ALLEN.- La r\u00fabrica se concret\u00f3 a partir de las actividades que viene llevando adelante la secretaria de Ambiente y Desarrollo [&hellip;]","og_url":"https:\/\/patagoniambiental.com.ar\/info\/rio-negro-avanza-el-consorcio-intermunicipal-de-gestion-de-residuos-solidos-urbanos\/","og_site_name":"Patagonia Ambiental","article_publisher":"https:\/\/www.facebook.com\/patagonia.ambiental","article_author":"https:\/\/www.facebook.com\/share\/1C1V8Gv9BX\/?mibextid=qi2Omg","article_published_time":"2017-12-07T12:00:19+00:00","author":"Patagonia Ambiental","twitter_card":"summary_large_image","twitter_creator":"@PatAmb","twitter_site":"@PatAmb","schema":{"@context":"https:\/\/schema.org","@graph":[{"@type":"Article","@id":"https:\/\/patagoniambiental.com.ar\/info\/rio-negro-avanza-el-consorcio-intermunicipal-de-gestion-de-residuos-solidos-urbanos\/#article","isPartOf":{"@id":"https:\/\/patagoniambiental.com.ar\/info\/rio-negro-avanza-el-consorcio-intermunicipal-de-gestion-de-residuos-solidos-urbanos\/"},"author":{"name":"Patagonia Ambiental","@id":"https:\/\/patagoniambiental.com.ar\/info\/#\/schema\/person\/db12bff64bbcbf6a253710bf0ea37b5d"},"headline":"R\u00edo Negro: Avanza el Consorcio Intermunicipal de Gesti\u00f3n de Residuos S\u00f3lidos Urbanos","datePublished":"2017-12-07T12:00:19+00:00","mainEntityOfPage":{"@id":"https:\/\/patagoniambiental.com.ar\/info\/rio-negro-avanza-el-consorcio-intermunicipal-de-gestion-de-residuos-solidos-urbanos\/"},"wordCount":373,"commentCount":0,"publisher":{"@id":"https:\/\/patagoniambiental.com.ar\/info\/#organization"},"articleSection":["Noticias","R\u00edo Negro"],"inLanguage":"es","potentialAction":[{"@type":"CommentAction","name":"Comment","target":["https:\/\/patagoniambiental.com.ar\/info\/rio-negro-avanza-el-consorcio-intermunicipal-de-gestion-de-residuos-solidos-urbanos\/#respond"]}]},{"@type":"WebPage","@id":"https:\/\/patagoniambiental.com.ar\/info\/rio-negro-avanza-el-consorcio-intermunicipal-de-gestion-de-residuos-solidos-urbanos\/","url":"https:\/\/patagoniambiental.com.ar\/info\/rio-negro-avanza-el-consorcio-intermunicipal-de-gestion-de-residuos-solidos-urbanos\/","name":"R\u00edo Negro: Avanza el Consorcio Intermunicipal de Gesti\u00f3n de Residuos S\u00f3lidos Urbanos","isPartOf":{"@id":"https:\/\/patagoniambiental.com.ar\/info\/#website"},"datePublished":"2017-12-07T12:00:19+00:00","breadcrumb":{"@id":"https:\/\/patagoniambiental.com.ar\/info\/rio-negro-avanza-el-consorcio-intermunicipal-de-gestion-de-residuos-solidos-urbanos\/#breadcrumb"},"inLanguage":"es","potentialAction":[{"@type":"ReadAction","target":["https:\/\/patagoniambiental.com.ar\/info\/rio-negro-avanza-el-consorcio-intermunicipal-de-gestion-de-residuos-solidos-urbanos\/"]}]},{"@type":"BreadcrumbList","@id":"https:\/\/patagoniambiental.com.ar\/info\/rio-negro-avanza-el-consorcio-intermunicipal-de-gestion-de-residuos-solidos-urbanos\/#breadcrumb","itemListElement":[{"@type":"ListItem","position":1,"name":"Inicio","item":"https:\/\/patagoniambiental.com.ar\/info\/"},{"@type":"ListItem","position":2,"name":"R\u00edo Negro: Avanza el Consorcio Intermunicipal de Gesti\u00f3n de Residuos S\u00f3lidos Urbanos"}]},{"@type":"WebSite","@id":"https:\/\/patagoniambiental.com.ar\/info\/#website","url":"https:\/\/patagoniambiental.com.ar\/info\/","name":"Patagonia Ambiental","description":"Monitoreo y an\u00e1lisis de la situaci\u00f3n geopol\u00edtica en el mundo y su implicancia en la Patagonia","publisher":{"@id":"https:\/\/patagoniambiental.com.ar\/info\/#organization"},"potentialAction":[{"@type":"SearchAction","target":{"@type":"EntryPoint","urlTemplate":"https:\/\/patagoniambiental.com.ar\/info\/?s={search_term_string}"},"query-input":{"@type":"PropertyValueSpecification","valueRequired":true,"valueName":"search_term_string"}}],"inLanguage":"es"},{"@type":"Organization","@id":"https:\/\/patagoniambiental.com.ar\/info\/#organization","name":"Patagonia Ambiental","url":"https:\/\/patagoniambiental.com.ar\/info\/","logo":{"@type":"ImageObject","inLanguage":"es","@id":"https:\/\/patagoniambiental.com.ar\/info\/#\/schema\/logo\/image\/","url":"https:\/\/patagoniambiental.com.ar\/info\/wp-content\/uploads\/2025\/05\/LOGO-PATAGONIA-AMBIENTAL.png","contentUrl":"https:\/\/patagoniambiental.com.ar\/info\/wp-content\/uploads\/2025\/05\/LOGO-PATAGONIA-AMBIENTAL.png","width":433,"height":250,"caption":"Patagonia Ambiental"},"image":{"@id":"https:\/\/patagoniambiental.com.ar\/info\/#\/schema\/logo\/image\/"},"sameAs":["https:\/\/www.facebook.com\/patagonia.ambiental","https:\/\/x.com\/PatAmb"]},{"@type":"Person","@id":"https:\/\/patagoniambiental.com.ar\/info\/#\/schema\/person\/db12bff64bbcbf6a253710bf0ea37b5d","name":"Patagonia Ambiental","description":"Andr\u00e9s Nievas T\u00e9cnico en manejo ambiental, consultor Ambiental y escritor para medios locales e internacionales sobre temas de geopolitica y medio ambiente.","sameAs":["http:\/\/www.patagoniambiental.com.ar","https:\/\/www.facebook.com\/share\/1C1V8Gv9BX\/?mibextid=qi2Omg","@patagoniambiental","https:\/\/youtube.com\/@patagoniaambiental2023?si=BLt58t0wuXquxlYZ"]}]}},"_links":{"self":[{"href":"https:\/\/patagoniambiental.com.ar\/info\/wp-json\/wp\/v2\/posts\/39425","targetHints":{"allow":["GET"]}}],"collection":[{"href":"https:\/\/patagoniambiental.com.ar\/info\/wp-json\/wp\/v2\/posts"}],"about":[{"href":"https:\/\/patagoniambiental.com.ar\/info\/wp-json\/wp\/v2\/types\/post"}],"author":[{"embeddable":true,"href":"https:\/\/patagoniambiental.com.ar\/info\/wp-json\/wp\/v2\/users\/2"}],"replies":[{"embeddable":true,"href":"https:\/\/patagoniambiental.com.ar\/info\/wp-json\/wp\/v2\/comments?post=39425"}],"version-history":[{"count":0,"href":"https:\/\/patagoniambiental.com.ar\/info\/wp-json\/wp\/v2\/posts\/39425\/revisions"}],"wp:attachment":[{"href":"https:\/\/patagoniambiental.com.ar\/info\/wp-json\/wp\/v2\/media?parent=39425"}],"wp:term":[{"taxonomy":"category","embeddable":true,"href":"https:\/\/patagoniambiental.com.ar\/info\/wp-json\/wp\/v2\/categories?post=39425"},{"taxonomy":"post_tag","embeddable":true,"href":"https:\/\/patagoniambiental.com.ar\/info\/wp-json\/wp\/v2\/tags?post=39425"}],"curies":[{"name":"wp","href":"https:\/\/api.w.org\/{rel}","templated":true}]}}