{"id":39431,"date":"2017-12-07T09:00:05","date_gmt":"2017-12-07T12:00:05","guid":{"rendered":"http:\/\/patagoniambiental.com.ar\/info\/?p=39431"},"modified":"2017-12-06T22:14:26","modified_gmt":"2017-12-07T01:14:26","slug":"la-untdf-participo-del-primer-encuentro-nacional-de-investigadores-de-la-cuestion-malvinas","status":"publish","type":"post","link":"https:\/\/patagoniambiental.com.ar\/info\/la-untdf-participo-del-primer-encuentro-nacional-de-investigadores-de-la-cuestion-malvinas\/","title":{"rendered":"La UNTDF particip\u00f3 del Primer Encuentro Nacional de Investigadores de la Cuesti\u00f3n Malvinas"},"content":{"rendered":"<div class=\"copete sofia\">\n<p>BUENOS AIRES.- Docentes investigadores y estudiantes del Instituto de Desarrollo Econ\u00f3mico e Innovaci\u00f3n (IDEI) de la Universidad Nacional de Tierra del Fuego, Ant\u00e1rtida e Islas del Atl\u00e1ntico Sur (UNTDF) participaron d\u00edas atr\u00e1s del\u00a0<span class=\"marker\">Primer Encuentro Nacional de Investigadores de la Cuesti\u00f3n Malvinas, desarrollado en la C\u00e1mara de Diputados de la Naci\u00f3n, bajo la organizaci\u00f3n del Observatorio Parlamentario Cuesti\u00f3n Malvinas.<\/span><\/p>\n<\/div>\n<p>Los contadores Ricardo Fr\u00edas y Ricardo Chiarvetto presentaron un informe de avance sobre las \u00faltimas etapas de la investigaci\u00f3n denominada: \u00abRelaciones de intercambio de bienes y servicios entre Islas Malvinas y \u00e1reas adyacentes\u00bb, que resulto acreditada en la convocatoria de la Secretar\u00eda de Pol\u00edticas Universitarias de la Naci\u00f3n (SPU) \u00abMalvinas en la Universidad\u00bb.\u00a0<span class=\"marker\">La iniciativa fue desarrollada conjuntamente con la contadora Maia Gessaga y los estudiantes de la carrera de Contador P\u00fablico Maximiliano Ponce de Le\u00f3n y Jonatan Pinter, \u00e9ste \u00faltimo actualmente graduado.<\/span><\/p>\n<p><span class=\"marker\">El an\u00e1lisis incluyo un trabajo de campo desarrollado en las Islas Malvinas, mediante un relevamiento de informaci\u00f3n, que busc\u00f3 describir la realidad actual<\/span>, reconocer los antecedentes comerciales y actuales respecto de los flujos de abastecimiento de bienes y servicios que poseen las islas bajo ileg\u00edtima ocupaci\u00f3n brit\u00e1nica.<\/p>\n<p>&nbsp;<\/p>\n<p>Fr\u00edas destac\u00f3 que\u00a0<span class=\"marker\">\u00abel proyecto viene a sumar a los intereses de la UNTDF, de promover el inter\u00e9s y conocimiento sobre la cuesti\u00f3n Malvinas, y los resultados del mismo contribuir\u00e1n para generar conocimiento<\/span>\u00a0sobre un aspecto poco estudiado de \u00e9sta querida porci\u00f3n de nuestro territorio nacional\u00bb.<\/p>\n<p>&nbsp;<\/p>\n<p>Cabe destacar que, en relaci\u00f3n a este proyecto,<span class=\"marker\">\u00a0la UNTDF se encuentra generando una importante cantidad de actividades acad\u00e9micas y de extensi\u00f3n relacionadas con Islas Malvinas, lo que demuestra su compromiso institucional<\/span>\u00a0con un tema tan sensible para los habitantes de la Provincia de Tierra del Fuego, Ant\u00e1rtida e Islas del Atl\u00e1ntico Sur y la Naci\u00f3n. Incluso, pr\u00f3ximamente pondr\u00e1 en marcha una C\u00e1tedra Libre sobre Malvinas y promovi\u00f3 un ciclo de charlas abiertas que servir\u00e1n como disparador para instalar desde la UNTDF, el debate en la comunidad fueguina y el sistema Universitario Nacional.<\/p>\n","protected":false},"excerpt":{"rendered":"<p>BUENOS AIRES.- Docentes investigadores y estudiantes del Instituto de Desarrollo Econ\u00f3mico e Innovaci\u00f3n (IDEI) de la Universidad Nacional de Tierra [&hellip;]<\/p>\n","protected":false},"author":2,"featured_media":0,"comment_status":"open","ping_status":"open","sticky":false,"template":"","format":"standard","meta":{"site-sidebar-layout":"default","site-content-layout":"","ast-site-content-layout":"default","site-content-style":"default","site-sidebar-style":"default","ast-global-header-display":"","ast-banner-title-visibility":"","ast-main-header-display":"","ast-hfb-above-header-display":"","ast-hfb-below-header-display":"","ast-hfb-mobile-header-display":"","site-post-title":"","ast-breadcrumbs-content":"","ast-featured-img":"","footer-sml-layout":"","ast-disable-related-posts":"","theme-transparent-header-meta":"","adv-header-id-meta":"","stick-header-meta":"","header-above-stick-meta":"","header-main-stick-meta":"","header-below-stick-meta":"","astra-migrate-meta-layouts":"default","ast-page-background-enabled":"default","ast-page-background-meta":{"desktop":{"background-color":"var(--ast-global-color-5)","background-image":"","background-repeat":"repeat","background-position":"center center","background-size":"auto","background-attachment":"scroll","background-type":"","background-media":"","overlay-type":"","overlay-color":"","overlay-opacity":"","overlay-gradient":""},"tablet":{"background-color":"","background-image":"","background-repeat":"repeat","background-position":"center center","background-size":"auto","background-attachment":"scroll","background-type":"","background-media":"","overlay-type":"","overlay-color":"","overlay-opacity":"","overlay-gradient":""},"mobile":{"background-color":"","background-image":"","background-repeat":"repeat","background-position":"center center","background-size":"auto","background-attachment":"scroll","background-type":"","background-media":"","overlay-type":"","overlay-color":"","overlay-opacity":"","overlay-gradient":""}},"ast-content-background-meta":{"desktop":{"background-color":"var(--ast-global-color-4)","background-image":"","background-repeat":"repeat","background-position":"center center","background-size":"auto","background-attachment":"scroll","background-type":"","background-media":"","overlay-type":"","overlay-color":"","overlay-opacity":"","overlay-gradient":""},"tablet":{"background-color":"var(--ast-global-color-4)","background-image":"","background-repeat":"repeat","background-position":"center center","background-size":"auto","background-attachment":"scroll","background-type":"","background-media":"","overlay-type":"","overlay-color":"","overlay-opacity":"","overlay-gradient":""},"mobile":{"background-color":"var(--ast-global-color-4)","background-image":"","background-repeat":"repeat","background-position":"center center","background-size":"auto","background-attachment":"scroll","background-type":"","background-media":"","overlay-type":"","overlay-color":"","overlay-opacity":"","overlay-gradient":""}},"footnotes":""},"categories":[1,25],"tags":[],"class_list":["post-39431","post","type-post","status-publish","format-standard","hentry","category-noticias","category-tierra-del-fuego"],"yoast_head":"<!-- This site is optimized with the Yoast SEO Premium plugin v23.0 (Yoast SEO v27.4) - https:\/\/yoast.com\/product\/yoast-seo-premium-wordpress\/ -->\n<title>La UNTDF particip\u00f3 del Primer Encuentro Nacional de Investigadores de la Cuesti\u00f3n Malvinas<\/title>\n<meta name=\"robots\" content=\"index, follow, max-snippet:-1, max-image-preview:large, max-video-preview:-1\" \/>\n<link rel=\"canonical\" href=\"https:\/\/patagoniambiental.com.ar\/info\/la-untdf-participo-del-primer-encuentro-nacional-de-investigadores-de-la-cuestion-malvinas\/\" \/>\n<meta property=\"og:locale\" content=\"es_ES\" \/>\n<meta property=\"og:type\" content=\"article\" \/>\n<meta property=\"og:title\" content=\"La UNTDF particip\u00f3 del Primer Encuentro Nacional de Investigadores de la Cuesti\u00f3n Malvinas\" \/>\n<meta property=\"og:description\" content=\"BUENOS AIRES.- Docentes investigadores y estudiantes del Instituto de Desarrollo Econ\u00f3mico e Innovaci\u00f3n (IDEI) de la Universidad Nacional de Tierra [&hellip;]\" \/>\n<meta property=\"og:url\" content=\"https:\/\/patagoniambiental.com.ar\/info\/la-untdf-participo-del-primer-encuentro-nacional-de-investigadores-de-la-cuestion-malvinas\/\" \/>\n<meta property=\"og:site_name\" content=\"Patagonia Ambiental\" \/>\n<meta property=\"article:publisher\" content=\"https:\/\/www.facebook.com\/patagonia.ambiental\" \/>\n<meta property=\"article:author\" content=\"https:\/\/www.facebook.com\/share\/1C1V8Gv9BX\/?mibextid=qi2Omg\" \/>\n<meta property=\"article:published_time\" content=\"2017-12-07T12:00:05+00:00\" \/>\n<meta name=\"author\" content=\"Patagonia Ambiental\" \/>\n<meta name=\"twitter:card\" content=\"summary_large_image\" \/>\n<meta name=\"twitter:creator\" content=\"@PatAmb\" \/>\n<meta name=\"twitter:site\" content=\"@PatAmb\" \/>\n<script type=\"application\/ld+json\" class=\"yoast-schema-graph\">{\"@context\":\"https:\\\/\\\/schema.org\",\"@graph\":[{\"@type\":\"Article\",\"@id\":\"https:\\\/\\\/patagoniambiental.com.ar\\\/info\\\/la-untdf-participo-del-primer-encuentro-nacional-de-investigadores-de-la-cuestion-malvinas\\\/#article\",\"isPartOf\":{\"@id\":\"https:\\\/\\\/patagoniambiental.com.ar\\\/info\\\/la-untdf-participo-del-primer-encuentro-nacional-de-investigadores-de-la-cuestion-malvinas\\\/\"},\"author\":{\"name\":\"Patagonia Ambiental\",\"@id\":\"https:\\\/\\\/patagoniambiental.com.ar\\\/info\\\/#\\\/schema\\\/person\\\/db12bff64bbcbf6a253710bf0ea37b5d\"},\"headline\":\"La UNTDF particip\u00f3 del Primer Encuentro Nacional de Investigadores de la Cuesti\u00f3n Malvinas\",\"datePublished\":\"2017-12-07T12:00:05+00:00\",\"mainEntityOfPage\":{\"@id\":\"https:\\\/\\\/patagoniambiental.com.ar\\\/info\\\/la-untdf-participo-del-primer-encuentro-nacional-de-investigadores-de-la-cuestion-malvinas\\\/\"},\"wordCount\":382,\"commentCount\":0,\"publisher\":{\"@id\":\"https:\\\/\\\/patagoniambiental.com.ar\\\/info\\\/#organization\"},\"articleSection\":[\"Noticias\",\"Tierra del Fuego\"],\"inLanguage\":\"es\",\"potentialAction\":[{\"@type\":\"CommentAction\",\"name\":\"Comment\",\"target\":[\"https:\\\/\\\/patagoniambiental.com.ar\\\/info\\\/la-untdf-participo-del-primer-encuentro-nacional-de-investigadores-de-la-cuestion-malvinas\\\/#respond\"]}]},{\"@type\":\"WebPage\",\"@id\":\"https:\\\/\\\/patagoniambiental.com.ar\\\/info\\\/la-untdf-participo-del-primer-encuentro-nacional-de-investigadores-de-la-cuestion-malvinas\\\/\",\"url\":\"https:\\\/\\\/patagoniambiental.com.ar\\\/info\\\/la-untdf-participo-del-primer-encuentro-nacional-de-investigadores-de-la-cuestion-malvinas\\\/\",\"name\":\"La UNTDF particip\u00f3 del Primer Encuentro Nacional de Investigadores de la Cuesti\u00f3n Malvinas\",\"isPartOf\":{\"@id\":\"https:\\\/\\\/patagoniambiental.com.ar\\\/info\\\/#website\"},\"datePublished\":\"2017-12-07T12:00:05+00:00\",\"breadcrumb\":{\"@id\":\"https:\\\/\\\/patagoniambiental.com.ar\\\/info\\\/la-untdf-participo-del-primer-encuentro-nacional-de-investigadores-de-la-cuestion-malvinas\\\/#breadcrumb\"},\"inLanguage\":\"es\",\"potentialAction\":[{\"@type\":\"ReadAction\",\"target\":[\"https:\\\/\\\/patagoniambiental.com.ar\\\/info\\\/la-untdf-participo-del-primer-encuentro-nacional-de-investigadores-de-la-cuestion-malvinas\\\/\"]}]},{\"@type\":\"BreadcrumbList\",\"@id\":\"https:\\\/\\\/patagoniambiental.com.ar\\\/info\\\/la-untdf-participo-del-primer-encuentro-nacional-de-investigadores-de-la-cuestion-malvinas\\\/#breadcrumb\",\"itemListElement\":[{\"@type\":\"ListItem\",\"position\":1,\"name\":\"Inicio\",\"item\":\"https:\\\/\\\/patagoniambiental.com.ar\\\/info\\\/\"},{\"@type\":\"ListItem\",\"position\":2,\"name\":\"La UNTDF particip\u00f3 del Primer Encuentro Nacional de Investigadores de la Cuesti\u00f3n Malvinas\"}]},{\"@type\":\"WebSite\",\"@id\":\"https:\\\/\\\/patagoniambiental.com.ar\\\/info\\\/#website\",\"url\":\"https:\\\/\\\/patagoniambiental.com.ar\\\/info\\\/\",\"name\":\"Patagonia Ambiental\",\"description\":\"Monitoreo y an\u00e1lisis de la situaci\u00f3n geopol\u00edtica en el mundo y su implicancia en la Patagonia\",\"publisher\":{\"@id\":\"https:\\\/\\\/patagoniambiental.com.ar\\\/info\\\/#organization\"},\"potentialAction\":[{\"@type\":\"SearchAction\",\"target\":{\"@type\":\"EntryPoint\",\"urlTemplate\":\"https:\\\/\\\/patagoniambiental.com.ar\\\/info\\\/?s={search_term_string}\"},\"query-input\":{\"@type\":\"PropertyValueSpecification\",\"valueRequired\":true,\"valueName\":\"search_term_string\"}}],\"inLanguage\":\"es\"},{\"@type\":\"Organization\",\"@id\":\"https:\\\/\\\/patagoniambiental.com.ar\\\/info\\\/#organization\",\"name\":\"Patagonia Ambiental\",\"url\":\"https:\\\/\\\/patagoniambiental.com.ar\\\/info\\\/\",\"logo\":{\"@type\":\"ImageObject\",\"inLanguage\":\"es\",\"@id\":\"https:\\\/\\\/patagoniambiental.com.ar\\\/info\\\/#\\\/schema\\\/logo\\\/image\\\/\",\"url\":\"https:\\\/\\\/patagoniambiental.com.ar\\\/info\\\/wp-content\\\/uploads\\\/2025\\\/05\\\/LOGO-PATAGONIA-AMBIENTAL.png\",\"contentUrl\":\"https:\\\/\\\/patagoniambiental.com.ar\\\/info\\\/wp-content\\\/uploads\\\/2025\\\/05\\\/LOGO-PATAGONIA-AMBIENTAL.png\",\"width\":433,\"height\":250,\"caption\":\"Patagonia Ambiental\"},\"image\":{\"@id\":\"https:\\\/\\\/patagoniambiental.com.ar\\\/info\\\/#\\\/schema\\\/logo\\\/image\\\/\"},\"sameAs\":[\"https:\\\/\\\/www.facebook.com\\\/patagonia.ambiental\",\"https:\\\/\\\/x.com\\\/PatAmb\"]},{\"@type\":\"Person\",\"@id\":\"https:\\\/\\\/patagoniambiental.com.ar\\\/info\\\/#\\\/schema\\\/person\\\/db12bff64bbcbf6a253710bf0ea37b5d\",\"name\":\"Patagonia Ambiental\",\"description\":\"Andr\u00e9s Nievas T\u00e9cnico en manejo ambiental, consultor Ambiental y escritor para medios locales e internacionales sobre temas de geopolitica y medio ambiente.\",\"sameAs\":[\"http:\\\/\\\/www.patagoniambiental.com.ar\",\"https:\\\/\\\/www.facebook.com\\\/share\\\/1C1V8Gv9BX\\\/?mibextid=qi2Omg\",\"@patagoniambiental\",\"https:\\\/\\\/youtube.com\\\/@patagoniaambiental2023?si=BLt58t0wuXquxlYZ\"]}]}<\/script>\n<!-- \/ Yoast SEO Premium plugin. -->","yoast_head_json":{"title":"La UNTDF particip\u00f3 del Primer Encuentro Nacional de Investigadores de la Cuesti\u00f3n Malvinas","robots":{"index":"index","follow":"follow","max-snippet":"max-snippet:-1","max-image-preview":"max-image-preview:large","max-video-preview":"max-video-preview:-1"},"canonical":"https:\/\/patagoniambiental.com.ar\/info\/la-untdf-participo-del-primer-encuentro-nacional-de-investigadores-de-la-cuestion-malvinas\/","og_locale":"es_ES","og_type":"article","og_title":"La UNTDF particip\u00f3 del Primer Encuentro Nacional de Investigadores de la Cuesti\u00f3n Malvinas","og_description":"BUENOS AIRES.- Docentes investigadores y estudiantes del Instituto de Desarrollo Econ\u00f3mico e Innovaci\u00f3n (IDEI) de la Universidad Nacional de Tierra [&hellip;]","og_url":"https:\/\/patagoniambiental.com.ar\/info\/la-untdf-participo-del-primer-encuentro-nacional-de-investigadores-de-la-cuestion-malvinas\/","og_site_name":"Patagonia Ambiental","article_publisher":"https:\/\/www.facebook.com\/patagonia.ambiental","article_author":"https:\/\/www.facebook.com\/share\/1C1V8Gv9BX\/?mibextid=qi2Omg","article_published_time":"2017-12-07T12:00:05+00:00","author":"Patagonia Ambiental","twitter_card":"summary_large_image","twitter_creator":"@PatAmb","twitter_site":"@PatAmb","schema":{"@context":"https:\/\/schema.org","@graph":[{"@type":"Article","@id":"https:\/\/patagoniambiental.com.ar\/info\/la-untdf-participo-del-primer-encuentro-nacional-de-investigadores-de-la-cuestion-malvinas\/#article","isPartOf":{"@id":"https:\/\/patagoniambiental.com.ar\/info\/la-untdf-participo-del-primer-encuentro-nacional-de-investigadores-de-la-cuestion-malvinas\/"},"author":{"name":"Patagonia Ambiental","@id":"https:\/\/patagoniambiental.com.ar\/info\/#\/schema\/person\/db12bff64bbcbf6a253710bf0ea37b5d"},"headline":"La UNTDF particip\u00f3 del Primer Encuentro Nacional de Investigadores de la Cuesti\u00f3n Malvinas","datePublished":"2017-12-07T12:00:05+00:00","mainEntityOfPage":{"@id":"https:\/\/patagoniambiental.com.ar\/info\/la-untdf-participo-del-primer-encuentro-nacional-de-investigadores-de-la-cuestion-malvinas\/"},"wordCount":382,"commentCount":0,"publisher":{"@id":"https:\/\/patagoniambiental.com.ar\/info\/#organization"},"articleSection":["Noticias","Tierra del Fuego"],"inLanguage":"es","potentialAction":[{"@type":"CommentAction","name":"Comment","target":["https:\/\/patagoniambiental.com.ar\/info\/la-untdf-participo-del-primer-encuentro-nacional-de-investigadores-de-la-cuestion-malvinas\/#respond"]}]},{"@type":"WebPage","@id":"https:\/\/patagoniambiental.com.ar\/info\/la-untdf-participo-del-primer-encuentro-nacional-de-investigadores-de-la-cuestion-malvinas\/","url":"https:\/\/patagoniambiental.com.ar\/info\/la-untdf-participo-del-primer-encuentro-nacional-de-investigadores-de-la-cuestion-malvinas\/","name":"La UNTDF particip\u00f3 del Primer Encuentro Nacional de Investigadores de la Cuesti\u00f3n Malvinas","isPartOf":{"@id":"https:\/\/patagoniambiental.com.ar\/info\/#website"},"datePublished":"2017-12-07T12:00:05+00:00","breadcrumb":{"@id":"https:\/\/patagoniambiental.com.ar\/info\/la-untdf-participo-del-primer-encuentro-nacional-de-investigadores-de-la-cuestion-malvinas\/#breadcrumb"},"inLanguage":"es","potentialAction":[{"@type":"ReadAction","target":["https:\/\/patagoniambiental.com.ar\/info\/la-untdf-participo-del-primer-encuentro-nacional-de-investigadores-de-la-cuestion-malvinas\/"]}]},{"@type":"BreadcrumbList","@id":"https:\/\/patagoniambiental.com.ar\/info\/la-untdf-participo-del-primer-encuentro-nacional-de-investigadores-de-la-cuestion-malvinas\/#breadcrumb","itemListElement":[{"@type":"ListItem","position":1,"name":"Inicio","item":"https:\/\/patagoniambiental.com.ar\/info\/"},{"@type":"ListItem","position":2,"name":"La UNTDF particip\u00f3 del Primer Encuentro Nacional de Investigadores de la Cuesti\u00f3n Malvinas"}]},{"@type":"WebSite","@id":"https:\/\/patagoniambiental.com.ar\/info\/#website","url":"https:\/\/patagoniambiental.com.ar\/info\/","name":"Patagonia Ambiental","description":"Monitoreo y an\u00e1lisis de la situaci\u00f3n geopol\u00edtica en el mundo y su implicancia en la Patagonia","publisher":{"@id":"https:\/\/patagoniambiental.com.ar\/info\/#organization"},"potentialAction":[{"@type":"SearchAction","target":{"@type":"EntryPoint","urlTemplate":"https:\/\/patagoniambiental.com.ar\/info\/?s={search_term_string}"},"query-input":{"@type":"PropertyValueSpecification","valueRequired":true,"valueName":"search_term_string"}}],"inLanguage":"es"},{"@type":"Organization","@id":"https:\/\/patagoniambiental.com.ar\/info\/#organization","name":"Patagonia Ambiental","url":"https:\/\/patagoniambiental.com.ar\/info\/","logo":{"@type":"ImageObject","inLanguage":"es","@id":"https:\/\/patagoniambiental.com.ar\/info\/#\/schema\/logo\/image\/","url":"https:\/\/patagoniambiental.com.ar\/info\/wp-content\/uploads\/2025\/05\/LOGO-PATAGONIA-AMBIENTAL.png","contentUrl":"https:\/\/patagoniambiental.com.ar\/info\/wp-content\/uploads\/2025\/05\/LOGO-PATAGONIA-AMBIENTAL.png","width":433,"height":250,"caption":"Patagonia Ambiental"},"image":{"@id":"https:\/\/patagoniambiental.com.ar\/info\/#\/schema\/logo\/image\/"},"sameAs":["https:\/\/www.facebook.com\/patagonia.ambiental","https:\/\/x.com\/PatAmb"]},{"@type":"Person","@id":"https:\/\/patagoniambiental.com.ar\/info\/#\/schema\/person\/db12bff64bbcbf6a253710bf0ea37b5d","name":"Patagonia Ambiental","description":"Andr\u00e9s Nievas T\u00e9cnico en manejo ambiental, consultor Ambiental y escritor para medios locales e internacionales sobre temas de geopolitica y medio ambiente.","sameAs":["http:\/\/www.patagoniambiental.com.ar","https:\/\/www.facebook.com\/share\/1C1V8Gv9BX\/?mibextid=qi2Omg","@patagoniambiental","https:\/\/youtube.com\/@patagoniaambiental2023?si=BLt58t0wuXquxlYZ"]}]}},"_links":{"self":[{"href":"https:\/\/patagoniambiental.com.ar\/info\/wp-json\/wp\/v2\/posts\/39431","targetHints":{"allow":["GET"]}}],"collection":[{"href":"https:\/\/patagoniambiental.com.ar\/info\/wp-json\/wp\/v2\/posts"}],"about":[{"href":"https:\/\/patagoniambiental.com.ar\/info\/wp-json\/wp\/v2\/types\/post"}],"author":[{"embeddable":true,"href":"https:\/\/patagoniambiental.com.ar\/info\/wp-json\/wp\/v2\/users\/2"}],"replies":[{"embeddable":true,"href":"https:\/\/patagoniambiental.com.ar\/info\/wp-json\/wp\/v2\/comments?post=39431"}],"version-history":[{"count":0,"href":"https:\/\/patagoniambiental.com.ar\/info\/wp-json\/wp\/v2\/posts\/39431\/revisions"}],"wp:attachment":[{"href":"https:\/\/patagoniambiental.com.ar\/info\/wp-json\/wp\/v2\/media?parent=39431"}],"wp:term":[{"taxonomy":"category","embeddable":true,"href":"https:\/\/patagoniambiental.com.ar\/info\/wp-json\/wp\/v2\/categories?post=39431"},{"taxonomy":"post_tag","embeddable":true,"href":"https:\/\/patagoniambiental.com.ar\/info\/wp-json\/wp\/v2\/tags?post=39431"}],"curies":[{"name":"wp","href":"https:\/\/api.w.org\/{rel}","templated":true}]}}