{"id":39434,"date":"2017-12-07T09:00:36","date_gmt":"2017-12-07T12:00:36","guid":{"rendered":"http:\/\/patagoniambiental.com.ar\/info\/?p=39434"},"modified":"2017-12-06T22:16:24","modified_gmt":"2017-12-07T01:16:24","slug":"se-inauguro-vacunatorio-amigable-autoctono-en-el-calafate","status":"publish","type":"post","link":"https:\/\/patagoniambiental.com.ar\/info\/se-inauguro-vacunatorio-amigable-autoctono-en-el-calafate\/","title":{"rendered":"Se inaugur\u00f3 Vacunatorio Amigable Aut\u00f3ctono en El Calafate"},"content":{"rendered":"<p class=\"x_copete\">EL CALAFATE.- La Ministra de Salud y Ambiente Roc\u00edo Garc\u00eda junto a funcionarios de la cartera sanitaria, el intendente Javier Belloni, la senadora Ana Mar\u00eda Ianni, concejales y autoridades de la Unidad Comunitaria de Salud Familiar, dejaron inaugurado un nuevo vacunatorio central en El Calafate. El vacunatorio fue intervenido por artistas de la localidad dejando plasmadas im\u00e1genes de la fauna aut\u00f3ctona.<\/p>\n<div class=\"x_row\">\n<div class=\"x_col-md-8 x_nopaddingleft x_col-central\">\n<p>La Ministra destac\u00f3 la importancia de contar con esta pol\u00edtica p\u00fablica que es la vacunaci\u00f3n para la disminuci\u00f3n de distintas enfermedades como por ejemplo los \u00edndices de bronquiolitis que disminuyeron, la cobertura lograda en vacunaci\u00f3n antigripal que se realiz\u00f3 con una fuerte campa\u00f1a a nivel provincial, y donde los resultados est\u00e1n a la vista.<\/p>\n<p>En el a\u00f1o 2017 se registr\u00f3 un r\u00e9cord en Santa Cruz a trav\u00e9s de las trazadoras de SUMAR, donde se lleg\u00f3 a un nivel \u00f3ptimo en control de ni\u00f1o sano y vacunaci\u00f3n, con n\u00fameros a los que Santa Cruz nunca hab\u00eda llegado. \u201cDebemos aplicar estas pol\u00edticas para tener a nuestros ni\u00f1os protegidos, con el compromiso de todos los efectores y equipos de salud para tener una poblaci\u00f3n m\u00e1s sana\u201d finaliz\u00f3 la titular de la cartera sanitaria.<\/p>\n<p>Silveria Garc\u00eda, Directora de la Unidad Comunitaria de Salud Familiar \u201cDr. Jos\u00e9 Formenti\u201d explic\u00f3 que este nuevo vacunatorio se denomina central porque se distribuir\u00e1n los recursos que administra la provincia, como son las vacunas o la entrega de leche, de manera unificada a los distintos efectores.<\/p>\n<p>El vacunatorio central es el que distribuye y en este caso lo que se intenta es reordenar todo lo que es la distribuci\u00f3n provincial de los recursos. Asimismo agreg\u00f3 \u201cComo todas las provincias del pa\u00eds los recursos que vienen de Naci\u00f3n son administrados por los ministerios y referentes provinciales\u00a0y\u00a0cada provincia tiene la potestad de distribuirlos y la obligaci\u00f3n que en todos los efectores est\u00e9n disponibles y la idea es que desde el Formenti se pueda realizar esa distribuci\u00f3n\u201d.<\/p>\n<p>Seguidamente manifest\u00f3 que como en el Formenti se nuclea todo lo que es la distribuci\u00f3n provincial la idea era poder reorganizar y se llev\u00f3 a cabo la inauguraci\u00f3n haciendo hincapi\u00e9 en los vacunatorios amigables, con un formato nuevo que hace referencia a la provincia,\u00a0a lo santacruce\u00f1o aut\u00f3ctono, por este motivo artistas locales como Mauro Stefanazzi y la Dra. De Crist\u00f3faro pintaron el vacunatorio nuevo con animales aut\u00f3ctonos, \u201cla verdad que quedo hermoso y la idea es poder replicarlo\u201d.<\/p>\n<p>El trabajo que realizar\u00e1 este vacunatorio incluye a las localidades de El Chalt\u00e9n y Tres Lagos para poder reforzar el trabajo con ellos como lo referente a sanidad rural, y poder brindar\u00a0m\u00e1s capacitaci\u00f3n a los vacunadores e intensificar el trabajo. Se abri\u00f3 toda un \u00e1rea pedi\u00e1trica,\u00a0un vacunatorio y en otro sector del hospital un dep\u00f3sito que habilitamos con heladeras para el acopio. \u201cHoy vacunamos el primer bebe en nuestra inauguraci\u00f3n as\u00ed que estamos muy contentos de poder seguir sumando\u201d. Por \u00faltimo informaron que el horario de atenci\u00f3n ser\u00e1 de 8:00 a 20:00 hs.<\/p>\n<p>Por otro lado el enfermero Juan Alderete expres\u00f3 que lo convocaron para poner a punto el nuevo vacunatorio que adem\u00e1s funcionar\u00e1 como centro de recepci\u00f3n de vacunas y distribuci\u00f3n, \u201cla idea es tratar de seguir vacunando de la manera ven\u00edamos haci\u00e9ndolo ahora con la posibilidad de tener un lugar m\u00e1s amplio para el acopio de vacunas y tener dos personas m\u00e1s que trabajan ac\u00e1 en el Formenti lo que nos permite poder realizar m\u00e1s tareas\u201d.<\/p>\n<p>En cuanto a las salidas de sanidad rural se\u00f1al\u00f3 que la idea es ver si se puede ampliar un poco m\u00e1s el lugar\u00a0y salir un poco m\u00e1s all\u00e1 del departamento Lago Argentino. \u201cSer\u00eda muy bueno poder aumentar los d\u00edas de trabajo para poder llegar a mas lugares y nos permitir\u00eda poder trabajar y llegar un poco m\u00e1s y con m\u00e1s tiempos a los diferentes lugares\u201d finaliz\u00f3.<\/p>\n<\/div>\n<\/div>\n<p>uente:\u00a0<a id=\"LPlnk129911\" class=\"x_OWAAutoLink\" href=\"https:\/\/www.tiemposur.com.ar\/nota\/143376-se-inauguro-vacunatorio-amigable-autoctono-en-el-calafate\" target=\"_blank\" rel=\"noopener noreferrer\">https:\/\/www.tiemposur.com.ar\/nota\/143376-se-inauguro-vacunatorio-amigable-autoctono-en-el-calafate<\/a><\/p>\n<div id=\"x_Signature\"><\/div>\n","protected":false},"excerpt":{"rendered":"<p>EL CALAFATE.- La Ministra de Salud y Ambiente Roc\u00edo Garc\u00eda junto a funcionarios de la cartera sanitaria, el intendente Javier [&hellip;]<\/p>\n","protected":false},"author":2,"featured_media":0,"comment_status":"open","ping_status":"open","sticky":false,"template":"","format":"standard","meta":{"site-sidebar-layout":"default","site-content-layout":"","ast-site-content-layout":"default","site-content-style":"default","site-sidebar-style":"default","ast-global-header-display":"","ast-banner-title-visibility":"","ast-main-header-display":"","ast-hfb-above-header-display":"","ast-hfb-below-header-display":"","ast-hfb-mobile-header-display":"","site-post-title":"","ast-breadcrumbs-content":"","ast-featured-img":"","footer-sml-layout":"","ast-disable-related-posts":"","theme-transparent-header-meta":"","adv-header-id-meta":"","stick-header-meta":"","header-above-stick-meta":"","header-main-stick-meta":"","header-below-stick-meta":"","astra-migrate-meta-layouts":"default","ast-page-background-enabled":"default","ast-page-background-meta":{"desktop":{"background-color":"var(--ast-global-color-5)","background-image":"","background-repeat":"repeat","background-position":"center center","background-size":"auto","background-attachment":"scroll","background-type":"","background-media":"","overlay-type":"","overlay-color":"","overlay-opacity":"","overlay-gradient":""},"tablet":{"background-color":"","background-image":"","background-repeat":"repeat","background-position":"center center","background-size":"auto","background-attachment":"scroll","background-type":"","background-media":"","overlay-type":"","overlay-color":"","overlay-opacity":"","overlay-gradient":""},"mobile":{"background-color":"","background-image":"","background-repeat":"repeat","background-position":"center center","background-size":"auto","background-attachment":"scroll","background-type":"","background-media":"","overlay-type":"","overlay-color":"","overlay-opacity":"","overlay-gradient":""}},"ast-content-background-meta":{"desktop":{"background-color":"var(--ast-global-color-4)","background-image":"","background-repeat":"repeat","background-position":"center center","background-size":"auto","background-attachment":"scroll","background-type":"","background-media":"","overlay-type":"","overlay-color":"","overlay-opacity":"","overlay-gradient":""},"tablet":{"background-color":"var(--ast-global-color-4)","background-image":"","background-repeat":"repeat","background-position":"center center","background-size":"auto","background-attachment":"scroll","background-type":"","background-media":"","overlay-type":"","overlay-color":"","overlay-opacity":"","overlay-gradient":""},"mobile":{"background-color":"var(--ast-global-color-4)","background-image":"","background-repeat":"repeat","background-position":"center center","background-size":"auto","background-attachment":"scroll","background-type":"","background-media":"","overlay-type":"","overlay-color":"","overlay-opacity":"","overlay-gradient":""}},"footnotes":""},"categories":[46,1],"tags":[],"class_list":["post-39434","post","type-post","status-publish","format-standard","hentry","category-municipios","category-noticias"],"yoast_head":"<!-- This site is optimized with the Yoast SEO Premium plugin v23.0 (Yoast SEO v27.4) - https:\/\/yoast.com\/product\/yoast-seo-premium-wordpress\/ -->\n<title>Se inaugur\u00f3 Vacunatorio Amigable Aut\u00f3ctono en El Calafate<\/title>\n<meta name=\"robots\" content=\"index, follow, max-snippet:-1, max-image-preview:large, max-video-preview:-1\" \/>\n<link rel=\"canonical\" href=\"https:\/\/patagoniambiental.com.ar\/info\/se-inauguro-vacunatorio-amigable-autoctono-en-el-calafate\/\" \/>\n<meta property=\"og:locale\" content=\"es_ES\" \/>\n<meta property=\"og:type\" content=\"article\" \/>\n<meta property=\"og:title\" content=\"Se inaugur\u00f3 Vacunatorio Amigable Aut\u00f3ctono en El Calafate\" \/>\n<meta property=\"og:description\" content=\"EL CALAFATE.- La Ministra de Salud y Ambiente Roc\u00edo Garc\u00eda junto a funcionarios de la cartera sanitaria, el intendente Javier [&hellip;]\" \/>\n<meta property=\"og:url\" content=\"https:\/\/patagoniambiental.com.ar\/info\/se-inauguro-vacunatorio-amigable-autoctono-en-el-calafate\/\" \/>\n<meta property=\"og:site_name\" content=\"Patagonia Ambiental\" \/>\n<meta property=\"article:publisher\" content=\"https:\/\/www.facebook.com\/patagonia.ambiental\" \/>\n<meta property=\"article:author\" content=\"https:\/\/www.facebook.com\/share\/1C1V8Gv9BX\/?mibextid=qi2Omg\" \/>\n<meta property=\"article:published_time\" content=\"2017-12-07T12:00:36+00:00\" \/>\n<meta name=\"author\" content=\"Patagonia Ambiental\" \/>\n<meta name=\"twitter:card\" content=\"summary_large_image\" \/>\n<meta name=\"twitter:creator\" content=\"@PatAmb\" \/>\n<meta name=\"twitter:site\" content=\"@PatAmb\" \/>\n<script type=\"application\/ld+json\" class=\"yoast-schema-graph\">{\"@context\":\"https:\\\/\\\/schema.org\",\"@graph\":[{\"@type\":\"Article\",\"@id\":\"https:\\\/\\\/patagoniambiental.com.ar\\\/info\\\/se-inauguro-vacunatorio-amigable-autoctono-en-el-calafate\\\/#article\",\"isPartOf\":{\"@id\":\"https:\\\/\\\/patagoniambiental.com.ar\\\/info\\\/se-inauguro-vacunatorio-amigable-autoctono-en-el-calafate\\\/\"},\"author\":{\"name\":\"Patagonia Ambiental\",\"@id\":\"https:\\\/\\\/patagoniambiental.com.ar\\\/info\\\/#\\\/schema\\\/person\\\/db12bff64bbcbf6a253710bf0ea37b5d\"},\"headline\":\"Se inaugur\u00f3 Vacunatorio Amigable Aut\u00f3ctono en El Calafate\",\"datePublished\":\"2017-12-07T12:00:36+00:00\",\"mainEntityOfPage\":{\"@id\":\"https:\\\/\\\/patagoniambiental.com.ar\\\/info\\\/se-inauguro-vacunatorio-amigable-autoctono-en-el-calafate\\\/\"},\"wordCount\":708,\"commentCount\":0,\"publisher\":{\"@id\":\"https:\\\/\\\/patagoniambiental.com.ar\\\/info\\\/#organization\"},\"articleSection\":[\"Municipios\",\"Noticias\"],\"inLanguage\":\"es\",\"potentialAction\":[{\"@type\":\"CommentAction\",\"name\":\"Comment\",\"target\":[\"https:\\\/\\\/patagoniambiental.com.ar\\\/info\\\/se-inauguro-vacunatorio-amigable-autoctono-en-el-calafate\\\/#respond\"]}]},{\"@type\":\"WebPage\",\"@id\":\"https:\\\/\\\/patagoniambiental.com.ar\\\/info\\\/se-inauguro-vacunatorio-amigable-autoctono-en-el-calafate\\\/\",\"url\":\"https:\\\/\\\/patagoniambiental.com.ar\\\/info\\\/se-inauguro-vacunatorio-amigable-autoctono-en-el-calafate\\\/\",\"name\":\"Se inaugur\u00f3 Vacunatorio Amigable Aut\u00f3ctono en El Calafate\",\"isPartOf\":{\"@id\":\"https:\\\/\\\/patagoniambiental.com.ar\\\/info\\\/#website\"},\"datePublished\":\"2017-12-07T12:00:36+00:00\",\"breadcrumb\":{\"@id\":\"https:\\\/\\\/patagoniambiental.com.ar\\\/info\\\/se-inauguro-vacunatorio-amigable-autoctono-en-el-calafate\\\/#breadcrumb\"},\"inLanguage\":\"es\",\"potentialAction\":[{\"@type\":\"ReadAction\",\"target\":[\"https:\\\/\\\/patagoniambiental.com.ar\\\/info\\\/se-inauguro-vacunatorio-amigable-autoctono-en-el-calafate\\\/\"]}]},{\"@type\":\"BreadcrumbList\",\"@id\":\"https:\\\/\\\/patagoniambiental.com.ar\\\/info\\\/se-inauguro-vacunatorio-amigable-autoctono-en-el-calafate\\\/#breadcrumb\",\"itemListElement\":[{\"@type\":\"ListItem\",\"position\":1,\"name\":\"Inicio\",\"item\":\"https:\\\/\\\/patagoniambiental.com.ar\\\/info\\\/\"},{\"@type\":\"ListItem\",\"position\":2,\"name\":\"Se inaugur\u00f3 Vacunatorio Amigable Aut\u00f3ctono en El Calafate\"}]},{\"@type\":\"WebSite\",\"@id\":\"https:\\\/\\\/patagoniambiental.com.ar\\\/info\\\/#website\",\"url\":\"https:\\\/\\\/patagoniambiental.com.ar\\\/info\\\/\",\"name\":\"Patagonia Ambiental\",\"description\":\"Monitoreo y an\u00e1lisis de la situaci\u00f3n geopol\u00edtica en el mundo y su implicancia en la Patagonia\",\"publisher\":{\"@id\":\"https:\\\/\\\/patagoniambiental.com.ar\\\/info\\\/#organization\"},\"potentialAction\":[{\"@type\":\"SearchAction\",\"target\":{\"@type\":\"EntryPoint\",\"urlTemplate\":\"https:\\\/\\\/patagoniambiental.com.ar\\\/info\\\/?s={search_term_string}\"},\"query-input\":{\"@type\":\"PropertyValueSpecification\",\"valueRequired\":true,\"valueName\":\"search_term_string\"}}],\"inLanguage\":\"es\"},{\"@type\":\"Organization\",\"@id\":\"https:\\\/\\\/patagoniambiental.com.ar\\\/info\\\/#organization\",\"name\":\"Patagonia Ambiental\",\"url\":\"https:\\\/\\\/patagoniambiental.com.ar\\\/info\\\/\",\"logo\":{\"@type\":\"ImageObject\",\"inLanguage\":\"es\",\"@id\":\"https:\\\/\\\/patagoniambiental.com.ar\\\/info\\\/#\\\/schema\\\/logo\\\/image\\\/\",\"url\":\"https:\\\/\\\/patagoniambiental.com.ar\\\/info\\\/wp-content\\\/uploads\\\/2025\\\/05\\\/LOGO-PATAGONIA-AMBIENTAL.png\",\"contentUrl\":\"https:\\\/\\\/patagoniambiental.com.ar\\\/info\\\/wp-content\\\/uploads\\\/2025\\\/05\\\/LOGO-PATAGONIA-AMBIENTAL.png\",\"width\":433,\"height\":250,\"caption\":\"Patagonia Ambiental\"},\"image\":{\"@id\":\"https:\\\/\\\/patagoniambiental.com.ar\\\/info\\\/#\\\/schema\\\/logo\\\/image\\\/\"},\"sameAs\":[\"https:\\\/\\\/www.facebook.com\\\/patagonia.ambiental\",\"https:\\\/\\\/x.com\\\/PatAmb\"]},{\"@type\":\"Person\",\"@id\":\"https:\\\/\\\/patagoniambiental.com.ar\\\/info\\\/#\\\/schema\\\/person\\\/db12bff64bbcbf6a253710bf0ea37b5d\",\"name\":\"Patagonia Ambiental\",\"description\":\"Andr\u00e9s Nievas T\u00e9cnico en manejo ambiental, consultor Ambiental y escritor para medios locales e internacionales sobre temas de geopolitica y medio ambiente.\",\"sameAs\":[\"http:\\\/\\\/www.patagoniambiental.com.ar\",\"https:\\\/\\\/www.facebook.com\\\/share\\\/1C1V8Gv9BX\\\/?mibextid=qi2Omg\",\"@patagoniambiental\",\"https:\\\/\\\/youtube.com\\\/@patagoniaambiental2023?si=BLt58t0wuXquxlYZ\"]}]}<\/script>\n<!-- \/ Yoast SEO Premium plugin. -->","yoast_head_json":{"title":"Se inaugur\u00f3 Vacunatorio Amigable Aut\u00f3ctono en El Calafate","robots":{"index":"index","follow":"follow","max-snippet":"max-snippet:-1","max-image-preview":"max-image-preview:large","max-video-preview":"max-video-preview:-1"},"canonical":"https:\/\/patagoniambiental.com.ar\/info\/se-inauguro-vacunatorio-amigable-autoctono-en-el-calafate\/","og_locale":"es_ES","og_type":"article","og_title":"Se inaugur\u00f3 Vacunatorio Amigable Aut\u00f3ctono en El Calafate","og_description":"EL CALAFATE.- La Ministra de Salud y Ambiente Roc\u00edo Garc\u00eda junto a funcionarios de la cartera sanitaria, el intendente Javier [&hellip;]","og_url":"https:\/\/patagoniambiental.com.ar\/info\/se-inauguro-vacunatorio-amigable-autoctono-en-el-calafate\/","og_site_name":"Patagonia Ambiental","article_publisher":"https:\/\/www.facebook.com\/patagonia.ambiental","article_author":"https:\/\/www.facebook.com\/share\/1C1V8Gv9BX\/?mibextid=qi2Omg","article_published_time":"2017-12-07T12:00:36+00:00","author":"Patagonia Ambiental","twitter_card":"summary_large_image","twitter_creator":"@PatAmb","twitter_site":"@PatAmb","schema":{"@context":"https:\/\/schema.org","@graph":[{"@type":"Article","@id":"https:\/\/patagoniambiental.com.ar\/info\/se-inauguro-vacunatorio-amigable-autoctono-en-el-calafate\/#article","isPartOf":{"@id":"https:\/\/patagoniambiental.com.ar\/info\/se-inauguro-vacunatorio-amigable-autoctono-en-el-calafate\/"},"author":{"name":"Patagonia Ambiental","@id":"https:\/\/patagoniambiental.com.ar\/info\/#\/schema\/person\/db12bff64bbcbf6a253710bf0ea37b5d"},"headline":"Se inaugur\u00f3 Vacunatorio Amigable Aut\u00f3ctono en El Calafate","datePublished":"2017-12-07T12:00:36+00:00","mainEntityOfPage":{"@id":"https:\/\/patagoniambiental.com.ar\/info\/se-inauguro-vacunatorio-amigable-autoctono-en-el-calafate\/"},"wordCount":708,"commentCount":0,"publisher":{"@id":"https:\/\/patagoniambiental.com.ar\/info\/#organization"},"articleSection":["Municipios","Noticias"],"inLanguage":"es","potentialAction":[{"@type":"CommentAction","name":"Comment","target":["https:\/\/patagoniambiental.com.ar\/info\/se-inauguro-vacunatorio-amigable-autoctono-en-el-calafate\/#respond"]}]},{"@type":"WebPage","@id":"https:\/\/patagoniambiental.com.ar\/info\/se-inauguro-vacunatorio-amigable-autoctono-en-el-calafate\/","url":"https:\/\/patagoniambiental.com.ar\/info\/se-inauguro-vacunatorio-amigable-autoctono-en-el-calafate\/","name":"Se inaugur\u00f3 Vacunatorio Amigable Aut\u00f3ctono en El Calafate","isPartOf":{"@id":"https:\/\/patagoniambiental.com.ar\/info\/#website"},"datePublished":"2017-12-07T12:00:36+00:00","breadcrumb":{"@id":"https:\/\/patagoniambiental.com.ar\/info\/se-inauguro-vacunatorio-amigable-autoctono-en-el-calafate\/#breadcrumb"},"inLanguage":"es","potentialAction":[{"@type":"ReadAction","target":["https:\/\/patagoniambiental.com.ar\/info\/se-inauguro-vacunatorio-amigable-autoctono-en-el-calafate\/"]}]},{"@type":"BreadcrumbList","@id":"https:\/\/patagoniambiental.com.ar\/info\/se-inauguro-vacunatorio-amigable-autoctono-en-el-calafate\/#breadcrumb","itemListElement":[{"@type":"ListItem","position":1,"name":"Inicio","item":"https:\/\/patagoniambiental.com.ar\/info\/"},{"@type":"ListItem","position":2,"name":"Se inaugur\u00f3 Vacunatorio Amigable Aut\u00f3ctono en El Calafate"}]},{"@type":"WebSite","@id":"https:\/\/patagoniambiental.com.ar\/info\/#website","url":"https:\/\/patagoniambiental.com.ar\/info\/","name":"Patagonia Ambiental","description":"Monitoreo y an\u00e1lisis de la situaci\u00f3n geopol\u00edtica en el mundo y su implicancia en la Patagonia","publisher":{"@id":"https:\/\/patagoniambiental.com.ar\/info\/#organization"},"potentialAction":[{"@type":"SearchAction","target":{"@type":"EntryPoint","urlTemplate":"https:\/\/patagoniambiental.com.ar\/info\/?s={search_term_string}"},"query-input":{"@type":"PropertyValueSpecification","valueRequired":true,"valueName":"search_term_string"}}],"inLanguage":"es"},{"@type":"Organization","@id":"https:\/\/patagoniambiental.com.ar\/info\/#organization","name":"Patagonia Ambiental","url":"https:\/\/patagoniambiental.com.ar\/info\/","logo":{"@type":"ImageObject","inLanguage":"es","@id":"https:\/\/patagoniambiental.com.ar\/info\/#\/schema\/logo\/image\/","url":"https:\/\/patagoniambiental.com.ar\/info\/wp-content\/uploads\/2025\/05\/LOGO-PATAGONIA-AMBIENTAL.png","contentUrl":"https:\/\/patagoniambiental.com.ar\/info\/wp-content\/uploads\/2025\/05\/LOGO-PATAGONIA-AMBIENTAL.png","width":433,"height":250,"caption":"Patagonia Ambiental"},"image":{"@id":"https:\/\/patagoniambiental.com.ar\/info\/#\/schema\/logo\/image\/"},"sameAs":["https:\/\/www.facebook.com\/patagonia.ambiental","https:\/\/x.com\/PatAmb"]},{"@type":"Person","@id":"https:\/\/patagoniambiental.com.ar\/info\/#\/schema\/person\/db12bff64bbcbf6a253710bf0ea37b5d","name":"Patagonia Ambiental","description":"Andr\u00e9s Nievas T\u00e9cnico en manejo ambiental, consultor Ambiental y escritor para medios locales e internacionales sobre temas de geopolitica y medio ambiente.","sameAs":["http:\/\/www.patagoniambiental.com.ar","https:\/\/www.facebook.com\/share\/1C1V8Gv9BX\/?mibextid=qi2Omg","@patagoniambiental","https:\/\/youtube.com\/@patagoniaambiental2023?si=BLt58t0wuXquxlYZ"]}]}},"_links":{"self":[{"href":"https:\/\/patagoniambiental.com.ar\/info\/wp-json\/wp\/v2\/posts\/39434","targetHints":{"allow":["GET"]}}],"collection":[{"href":"https:\/\/patagoniambiental.com.ar\/info\/wp-json\/wp\/v2\/posts"}],"about":[{"href":"https:\/\/patagoniambiental.com.ar\/info\/wp-json\/wp\/v2\/types\/post"}],"author":[{"embeddable":true,"href":"https:\/\/patagoniambiental.com.ar\/info\/wp-json\/wp\/v2\/users\/2"}],"replies":[{"embeddable":true,"href":"https:\/\/patagoniambiental.com.ar\/info\/wp-json\/wp\/v2\/comments?post=39434"}],"version-history":[{"count":0,"href":"https:\/\/patagoniambiental.com.ar\/info\/wp-json\/wp\/v2\/posts\/39434\/revisions"}],"wp:attachment":[{"href":"https:\/\/patagoniambiental.com.ar\/info\/wp-json\/wp\/v2\/media?parent=39434"}],"wp:term":[{"taxonomy":"category","embeddable":true,"href":"https:\/\/patagoniambiental.com.ar\/info\/wp-json\/wp\/v2\/categories?post=39434"},{"taxonomy":"post_tag","embeddable":true,"href":"https:\/\/patagoniambiental.com.ar\/info\/wp-json\/wp\/v2\/tags?post=39434"}],"curies":[{"name":"wp","href":"https:\/\/api.w.org\/{rel}","templated":true}]}}