{"id":39456,"date":"2017-12-07T19:00:26","date_gmt":"2017-12-07T22:00:26","guid":{"rendered":"http:\/\/patagoniambiental.com.ar\/info\/?p=39456"},"modified":"2017-12-07T09:24:01","modified_gmt":"2017-12-07T12:24:01","slug":"legisladores-en-alerta-por-avance-de-nacion-sobre-recursos-pesqueros","status":"publish","type":"post","link":"https:\/\/patagoniambiental.com.ar\/info\/legisladores-en-alerta-por-avance-de-nacion-sobre-recursos-pesqueros\/","title":{"rendered":"Legisladores en alerta por avance de Naci\u00f3n sobre recursos pesqueros"},"content":{"rendered":"<p>Viedma.-\u201cDe pronto, sin siquiera consultarnos, nos quieren manejar nuestros recursos pesqueros sin tener competencia\u201d, expres\u00f3 asombrado el legislador\u00a0 de Juntos Somos R\u00edo Negro, Adrian Casadei, quien junto a su par de bancada, Alejandro Palmieri, present\u00f3 un proyecto de comunicaci\u00f3n para que toda la Legislatura de R\u00edo Negro le plantee al Consejo Nacional Pesquero, \u201cel rechazo a cualquier intento de avasallamiento de las jurisdicciones provinciales, relacionadas con la apertura de pesca de la especie Langostino,\u00a0 o cualquier otra especie de caracter\u00edsticas tranzonal, siendo la misma una clara violaci\u00f3n sobre las potestades constitucionales vigentes\u201d.<\/p>\n<p><!--more--><\/p>\n<p>Para Casadei, \u201ces muy llamativa la coincidencia entre la postura de la poderosa c\u00e1mara pesquera nacional y lo que ahora intenta hacer el Consejo Nacional Pesquero (CFP)\u201d.<\/p>\n<p>La C\u00e1mara de la Industria Pesquera Argentina (CAIPA) la semana pasada, present\u00f3 ante el CFP, una nota mediante la cual, recurriendo a una serie de leyes, art\u00edculos y casos testigo, solicit\u00f3 que \u201ctodo lo relativo a la pesca de la especie langostino, y otras especies, tanto sea en relaci\u00f3n a la apertura y cierre del caladero para estas especies y el establecimiento de medidas de conservaci\u00f3n, pesca y control, sea resuelto por el organismo nacional\u201d y no por cada provincia como se ven\u00eda haciendo hasta el momento.<\/p>\n<p>\u201cHay un intento de pasar por encima de las autonom\u00edas provinciales, y de pasar por encima de todo un orden jur\u00eddico, desde leyes, hasta las constituciones, tanto la de R\u00edo Negro, como la de la Naci\u00f3n Argentina\u201d, se\u00f1al\u00f3 Casadei.<\/p>\n<p>Por lo tanto, ambos legisladores rechazaron \u201ctoda medida que posibilite o habilite cualquier eventual apertura en aguas de jurisdicci\u00f3n provincial\u201d. Se basaron en la Ley 24.922 (R\u00e9gimen Federal de Pesca), que en su art\u00edculo 3 establece que \u00ablas provincias con litoral mar\u00edtimo podr\u00e1n explorar, explotar, conservar y administrar los recursos vivos que poblaren las aguas interiores y mar territorial argentino adyacente a sus costas\u00bb. Cabe resaltar, adem\u00e1s, que esto se encuentra amparado por el art\u00edculo 70 de la Constituci\u00f3n de R\u00edo Negro, donde se define a la provincia como propietaria originaria.<\/p>\n<p>\u201cEl marco legal es claro y concreto\u201d, aseveran los legisladores y advierten que \u201cno se puede disponer de los recursos naturales sin previo acuerdo\u201d. Por tal motivo, dejan constancia de su contundente rechazo a \u00abun acto que atenta contra el federalismo en s\u00ed mismo\u00bb.<\/p>\n<p>\u201cSon los due\u00f1os de los grandes barcos los que est\u00e1n haciendo presi\u00f3n, y ac\u00e1 nosotros hemos trabajado mucho para encontrar un punto de equilibrio, que ha tenido aval de Legislatura, y no queremos este tipo de medidas inconsultas y avasallantes\u201d, se\u00f1al\u00f3 Casadei, luego de presentar en la Legislatura el proyecto de comunicaci\u00f3n dirigido al Consejo Nacional Pesquero.<\/p>\n<p>\u201cQuieren acordar, en una oficina de Buenos Aires, cu\u00e1ndo y qui\u00e9n explota nuestros recursos pesqueros, y lo que es peor, con consignas que siguen al detalle las exigencias de los grandes empresarios del sector\u201d, concluy\u00f3.<\/p>\n<p>Vale recordar que el Art\u00edculo 70 de la Constituci\u00f3n de la Provincia de R\u00edo Negro establece: \u201cLa Provincia tiene la propiedad originaria de los recursos naturales existentes en el territorio, su subsuelo, espacio a\u00e9reo y mar adyacente a sus costas, y la ejercita con las particularidades que establece para cada uno. La ley preserva su conservaci\u00f3n y aprovechamiento racional e integral, por s\u00ed o mediante acuerdo con la Naci\u00f3n, con otras provincias o con terceros. La Naci\u00f3n no puede disponer de los recursos naturales de la Provincia, sin previo acuerdo mediante leyes-convenios que contemplen el uso racional del mismo, las necesidades locales y la preservaci\u00f3n del recurso y de la ecolog\u00eda\u201d.<\/p>\n<div class=\"x_moz-signature\">Fuente:\u00a0<b>\u00c1rea de Comunicaci\u00f3n y Prensa<br \/>\nBloque de Legisladores<\/b><\/div>\n","protected":false},"excerpt":{"rendered":"<p>Viedma.-\u201cDe pronto, sin siquiera consultarnos, nos quieren manejar nuestros recursos pesqueros sin tener competencia\u201d, expres\u00f3 asombrado el legislador\u00a0 de Juntos [&hellip;]<\/p>\n","protected":false},"author":2,"featured_media":0,"comment_status":"open","ping_status":"open","sticky":false,"template":"","format":"standard","meta":{"site-sidebar-layout":"default","site-content-layout":"","ast-site-content-layout":"default","site-content-style":"default","site-sidebar-style":"default","ast-global-header-display":"","ast-banner-title-visibility":"","ast-main-header-display":"","ast-hfb-above-header-display":"","ast-hfb-below-header-display":"","ast-hfb-mobile-header-display":"","site-post-title":"","ast-breadcrumbs-content":"","ast-featured-img":"","footer-sml-layout":"","ast-disable-related-posts":"","theme-transparent-header-meta":"","adv-header-id-meta":"","stick-header-meta":"","header-above-stick-meta":"","header-main-stick-meta":"","header-below-stick-meta":"","astra-migrate-meta-layouts":"default","ast-page-background-enabled":"default","ast-page-background-meta":{"desktop":{"background-color":"var(--ast-global-color-5)","background-image":"","background-repeat":"repeat","background-position":"center center","background-size":"auto","background-attachment":"scroll","background-type":"","background-media":"","overlay-type":"","overlay-color":"","overlay-opacity":"","overlay-gradient":""},"tablet":{"background-color":"","background-image":"","background-repeat":"repeat","background-position":"center center","background-size":"auto","background-attachment":"scroll","background-type":"","background-media":"","overlay-type":"","overlay-color":"","overlay-opacity":"","overlay-gradient":""},"mobile":{"background-color":"","background-image":"","background-repeat":"repeat","background-position":"center center","background-size":"auto","background-attachment":"scroll","background-type":"","background-media":"","overlay-type":"","overlay-color":"","overlay-opacity":"","overlay-gradient":""}},"ast-content-background-meta":{"desktop":{"background-color":"var(--ast-global-color-4)","background-image":"","background-repeat":"repeat","background-position":"center center","background-size":"auto","background-attachment":"scroll","background-type":"","background-media":"","overlay-type":"","overlay-color":"","overlay-opacity":"","overlay-gradient":""},"tablet":{"background-color":"var(--ast-global-color-4)","background-image":"","background-repeat":"repeat","background-position":"center center","background-size":"auto","background-attachment":"scroll","background-type":"","background-media":"","overlay-type":"","overlay-color":"","overlay-opacity":"","overlay-gradient":""},"mobile":{"background-color":"var(--ast-global-color-4)","background-image":"","background-repeat":"repeat","background-position":"center center","background-size":"auto","background-attachment":"scroll","background-type":"","background-media":"","overlay-type":"","overlay-color":"","overlay-opacity":"","overlay-gradient":""}},"footnotes":""},"categories":[1,13,14],"tags":[],"class_list":["post-39456","post","type-post","status-publish","format-standard","hentry","category-noticias","category-provinciales","category-rio-negro"],"yoast_head":"<!-- This site is optimized with the Yoast SEO Premium plugin v23.0 (Yoast SEO v27.4) - https:\/\/yoast.com\/product\/yoast-seo-premium-wordpress\/ -->\n<title>Legisladores en alerta por avance de Naci\u00f3n sobre recursos pesqueros<\/title>\n<meta name=\"robots\" content=\"index, follow, max-snippet:-1, max-image-preview:large, max-video-preview:-1\" \/>\n<link rel=\"canonical\" href=\"https:\/\/patagoniambiental.com.ar\/info\/legisladores-en-alerta-por-avance-de-nacion-sobre-recursos-pesqueros\/\" \/>\n<meta property=\"og:locale\" content=\"es_ES\" \/>\n<meta property=\"og:type\" content=\"article\" \/>\n<meta property=\"og:title\" content=\"Legisladores en alerta por avance de Naci\u00f3n sobre recursos pesqueros\" \/>\n<meta property=\"og:description\" content=\"Viedma.-\u201cDe pronto, sin siquiera consultarnos, nos quieren manejar nuestros recursos pesqueros sin tener competencia\u201d, expres\u00f3 asombrado el legislador\u00a0 de Juntos [&hellip;]\" \/>\n<meta property=\"og:url\" content=\"https:\/\/patagoniambiental.com.ar\/info\/legisladores-en-alerta-por-avance-de-nacion-sobre-recursos-pesqueros\/\" \/>\n<meta property=\"og:site_name\" content=\"Patagonia Ambiental\" \/>\n<meta property=\"article:publisher\" content=\"https:\/\/www.facebook.com\/patagonia.ambiental\" \/>\n<meta property=\"article:author\" content=\"https:\/\/www.facebook.com\/share\/1C1V8Gv9BX\/?mibextid=qi2Omg\" \/>\n<meta property=\"article:published_time\" content=\"2017-12-07T22:00:26+00:00\" \/>\n<meta name=\"author\" content=\"Patagonia Ambiental\" \/>\n<meta name=\"twitter:card\" content=\"summary_large_image\" \/>\n<meta name=\"twitter:creator\" content=\"@PatAmb\" \/>\n<meta name=\"twitter:site\" content=\"@PatAmb\" \/>\n<script type=\"application\/ld+json\" class=\"yoast-schema-graph\">{\"@context\":\"https:\\\/\\\/schema.org\",\"@graph\":[{\"@type\":\"Article\",\"@id\":\"https:\\\/\\\/patagoniambiental.com.ar\\\/info\\\/legisladores-en-alerta-por-avance-de-nacion-sobre-recursos-pesqueros\\\/#article\",\"isPartOf\":{\"@id\":\"https:\\\/\\\/patagoniambiental.com.ar\\\/info\\\/legisladores-en-alerta-por-avance-de-nacion-sobre-recursos-pesqueros\\\/\"},\"author\":{\"name\":\"Patagonia Ambiental\",\"@id\":\"https:\\\/\\\/patagoniambiental.com.ar\\\/info\\\/#\\\/schema\\\/person\\\/db12bff64bbcbf6a253710bf0ea37b5d\"},\"headline\":\"Legisladores en alerta por avance de Naci\u00f3n sobre recursos pesqueros\",\"datePublished\":\"2017-12-07T22:00:26+00:00\",\"mainEntityOfPage\":{\"@id\":\"https:\\\/\\\/patagoniambiental.com.ar\\\/info\\\/legisladores-en-alerta-por-avance-de-nacion-sobre-recursos-pesqueros\\\/\"},\"wordCount\":643,\"commentCount\":0,\"publisher\":{\"@id\":\"https:\\\/\\\/patagoniambiental.com.ar\\\/info\\\/#organization\"},\"articleSection\":[\"Noticias\",\"Provinciales\",\"R\u00edo Negro\"],\"inLanguage\":\"es\",\"potentialAction\":[{\"@type\":\"CommentAction\",\"name\":\"Comment\",\"target\":[\"https:\\\/\\\/patagoniambiental.com.ar\\\/info\\\/legisladores-en-alerta-por-avance-de-nacion-sobre-recursos-pesqueros\\\/#respond\"]}]},{\"@type\":\"WebPage\",\"@id\":\"https:\\\/\\\/patagoniambiental.com.ar\\\/info\\\/legisladores-en-alerta-por-avance-de-nacion-sobre-recursos-pesqueros\\\/\",\"url\":\"https:\\\/\\\/patagoniambiental.com.ar\\\/info\\\/legisladores-en-alerta-por-avance-de-nacion-sobre-recursos-pesqueros\\\/\",\"name\":\"Legisladores en alerta por avance de Naci\u00f3n sobre recursos pesqueros\",\"isPartOf\":{\"@id\":\"https:\\\/\\\/patagoniambiental.com.ar\\\/info\\\/#website\"},\"datePublished\":\"2017-12-07T22:00:26+00:00\",\"breadcrumb\":{\"@id\":\"https:\\\/\\\/patagoniambiental.com.ar\\\/info\\\/legisladores-en-alerta-por-avance-de-nacion-sobre-recursos-pesqueros\\\/#breadcrumb\"},\"inLanguage\":\"es\",\"potentialAction\":[{\"@type\":\"ReadAction\",\"target\":[\"https:\\\/\\\/patagoniambiental.com.ar\\\/info\\\/legisladores-en-alerta-por-avance-de-nacion-sobre-recursos-pesqueros\\\/\"]}]},{\"@type\":\"BreadcrumbList\",\"@id\":\"https:\\\/\\\/patagoniambiental.com.ar\\\/info\\\/legisladores-en-alerta-por-avance-de-nacion-sobre-recursos-pesqueros\\\/#breadcrumb\",\"itemListElement\":[{\"@type\":\"ListItem\",\"position\":1,\"name\":\"Inicio\",\"item\":\"https:\\\/\\\/patagoniambiental.com.ar\\\/info\\\/\"},{\"@type\":\"ListItem\",\"position\":2,\"name\":\"Legisladores en alerta por avance de Naci\u00f3n sobre recursos pesqueros\"}]},{\"@type\":\"WebSite\",\"@id\":\"https:\\\/\\\/patagoniambiental.com.ar\\\/info\\\/#website\",\"url\":\"https:\\\/\\\/patagoniambiental.com.ar\\\/info\\\/\",\"name\":\"Patagonia Ambiental\",\"description\":\"Monitoreo y an\u00e1lisis de la situaci\u00f3n geopol\u00edtica en el mundo y su implicancia en la Patagonia\",\"publisher\":{\"@id\":\"https:\\\/\\\/patagoniambiental.com.ar\\\/info\\\/#organization\"},\"potentialAction\":[{\"@type\":\"SearchAction\",\"target\":{\"@type\":\"EntryPoint\",\"urlTemplate\":\"https:\\\/\\\/patagoniambiental.com.ar\\\/info\\\/?s={search_term_string}\"},\"query-input\":{\"@type\":\"PropertyValueSpecification\",\"valueRequired\":true,\"valueName\":\"search_term_string\"}}],\"inLanguage\":\"es\"},{\"@type\":\"Organization\",\"@id\":\"https:\\\/\\\/patagoniambiental.com.ar\\\/info\\\/#organization\",\"name\":\"Patagonia Ambiental\",\"url\":\"https:\\\/\\\/patagoniambiental.com.ar\\\/info\\\/\",\"logo\":{\"@type\":\"ImageObject\",\"inLanguage\":\"es\",\"@id\":\"https:\\\/\\\/patagoniambiental.com.ar\\\/info\\\/#\\\/schema\\\/logo\\\/image\\\/\",\"url\":\"https:\\\/\\\/patagoniambiental.com.ar\\\/info\\\/wp-content\\\/uploads\\\/2025\\\/05\\\/LOGO-PATAGONIA-AMBIENTAL.png\",\"contentUrl\":\"https:\\\/\\\/patagoniambiental.com.ar\\\/info\\\/wp-content\\\/uploads\\\/2025\\\/05\\\/LOGO-PATAGONIA-AMBIENTAL.png\",\"width\":433,\"height\":250,\"caption\":\"Patagonia Ambiental\"},\"image\":{\"@id\":\"https:\\\/\\\/patagoniambiental.com.ar\\\/info\\\/#\\\/schema\\\/logo\\\/image\\\/\"},\"sameAs\":[\"https:\\\/\\\/www.facebook.com\\\/patagonia.ambiental\",\"https:\\\/\\\/x.com\\\/PatAmb\"]},{\"@type\":\"Person\",\"@id\":\"https:\\\/\\\/patagoniambiental.com.ar\\\/info\\\/#\\\/schema\\\/person\\\/db12bff64bbcbf6a253710bf0ea37b5d\",\"name\":\"Patagonia Ambiental\",\"description\":\"Andr\u00e9s Nievas T\u00e9cnico en manejo ambiental, consultor Ambiental y escritor para medios locales e internacionales sobre temas de geopolitica y medio ambiente.\",\"sameAs\":[\"http:\\\/\\\/www.patagoniambiental.com.ar\",\"https:\\\/\\\/www.facebook.com\\\/share\\\/1C1V8Gv9BX\\\/?mibextid=qi2Omg\",\"@patagoniambiental\",\"https:\\\/\\\/youtube.com\\\/@patagoniaambiental2023?si=BLt58t0wuXquxlYZ\"]}]}<\/script>\n<!-- \/ Yoast SEO Premium plugin. -->","yoast_head_json":{"title":"Legisladores en alerta por avance de Naci\u00f3n sobre recursos pesqueros","robots":{"index":"index","follow":"follow","max-snippet":"max-snippet:-1","max-image-preview":"max-image-preview:large","max-video-preview":"max-video-preview:-1"},"canonical":"https:\/\/patagoniambiental.com.ar\/info\/legisladores-en-alerta-por-avance-de-nacion-sobre-recursos-pesqueros\/","og_locale":"es_ES","og_type":"article","og_title":"Legisladores en alerta por avance de Naci\u00f3n sobre recursos pesqueros","og_description":"Viedma.-\u201cDe pronto, sin siquiera consultarnos, nos quieren manejar nuestros recursos pesqueros sin tener competencia\u201d, expres\u00f3 asombrado el legislador\u00a0 de Juntos [&hellip;]","og_url":"https:\/\/patagoniambiental.com.ar\/info\/legisladores-en-alerta-por-avance-de-nacion-sobre-recursos-pesqueros\/","og_site_name":"Patagonia Ambiental","article_publisher":"https:\/\/www.facebook.com\/patagonia.ambiental","article_author":"https:\/\/www.facebook.com\/share\/1C1V8Gv9BX\/?mibextid=qi2Omg","article_published_time":"2017-12-07T22:00:26+00:00","author":"Patagonia Ambiental","twitter_card":"summary_large_image","twitter_creator":"@PatAmb","twitter_site":"@PatAmb","schema":{"@context":"https:\/\/schema.org","@graph":[{"@type":"Article","@id":"https:\/\/patagoniambiental.com.ar\/info\/legisladores-en-alerta-por-avance-de-nacion-sobre-recursos-pesqueros\/#article","isPartOf":{"@id":"https:\/\/patagoniambiental.com.ar\/info\/legisladores-en-alerta-por-avance-de-nacion-sobre-recursos-pesqueros\/"},"author":{"name":"Patagonia Ambiental","@id":"https:\/\/patagoniambiental.com.ar\/info\/#\/schema\/person\/db12bff64bbcbf6a253710bf0ea37b5d"},"headline":"Legisladores en alerta por avance de Naci\u00f3n sobre recursos pesqueros","datePublished":"2017-12-07T22:00:26+00:00","mainEntityOfPage":{"@id":"https:\/\/patagoniambiental.com.ar\/info\/legisladores-en-alerta-por-avance-de-nacion-sobre-recursos-pesqueros\/"},"wordCount":643,"commentCount":0,"publisher":{"@id":"https:\/\/patagoniambiental.com.ar\/info\/#organization"},"articleSection":["Noticias","Provinciales","R\u00edo Negro"],"inLanguage":"es","potentialAction":[{"@type":"CommentAction","name":"Comment","target":["https:\/\/patagoniambiental.com.ar\/info\/legisladores-en-alerta-por-avance-de-nacion-sobre-recursos-pesqueros\/#respond"]}]},{"@type":"WebPage","@id":"https:\/\/patagoniambiental.com.ar\/info\/legisladores-en-alerta-por-avance-de-nacion-sobre-recursos-pesqueros\/","url":"https:\/\/patagoniambiental.com.ar\/info\/legisladores-en-alerta-por-avance-de-nacion-sobre-recursos-pesqueros\/","name":"Legisladores en alerta por avance de Naci\u00f3n sobre recursos pesqueros","isPartOf":{"@id":"https:\/\/patagoniambiental.com.ar\/info\/#website"},"datePublished":"2017-12-07T22:00:26+00:00","breadcrumb":{"@id":"https:\/\/patagoniambiental.com.ar\/info\/legisladores-en-alerta-por-avance-de-nacion-sobre-recursos-pesqueros\/#breadcrumb"},"inLanguage":"es","potentialAction":[{"@type":"ReadAction","target":["https:\/\/patagoniambiental.com.ar\/info\/legisladores-en-alerta-por-avance-de-nacion-sobre-recursos-pesqueros\/"]}]},{"@type":"BreadcrumbList","@id":"https:\/\/patagoniambiental.com.ar\/info\/legisladores-en-alerta-por-avance-de-nacion-sobre-recursos-pesqueros\/#breadcrumb","itemListElement":[{"@type":"ListItem","position":1,"name":"Inicio","item":"https:\/\/patagoniambiental.com.ar\/info\/"},{"@type":"ListItem","position":2,"name":"Legisladores en alerta por avance de Naci\u00f3n sobre recursos pesqueros"}]},{"@type":"WebSite","@id":"https:\/\/patagoniambiental.com.ar\/info\/#website","url":"https:\/\/patagoniambiental.com.ar\/info\/","name":"Patagonia Ambiental","description":"Monitoreo y an\u00e1lisis de la situaci\u00f3n geopol\u00edtica en el mundo y su implicancia en la Patagonia","publisher":{"@id":"https:\/\/patagoniambiental.com.ar\/info\/#organization"},"potentialAction":[{"@type":"SearchAction","target":{"@type":"EntryPoint","urlTemplate":"https:\/\/patagoniambiental.com.ar\/info\/?s={search_term_string}"},"query-input":{"@type":"PropertyValueSpecification","valueRequired":true,"valueName":"search_term_string"}}],"inLanguage":"es"},{"@type":"Organization","@id":"https:\/\/patagoniambiental.com.ar\/info\/#organization","name":"Patagonia Ambiental","url":"https:\/\/patagoniambiental.com.ar\/info\/","logo":{"@type":"ImageObject","inLanguage":"es","@id":"https:\/\/patagoniambiental.com.ar\/info\/#\/schema\/logo\/image\/","url":"https:\/\/patagoniambiental.com.ar\/info\/wp-content\/uploads\/2025\/05\/LOGO-PATAGONIA-AMBIENTAL.png","contentUrl":"https:\/\/patagoniambiental.com.ar\/info\/wp-content\/uploads\/2025\/05\/LOGO-PATAGONIA-AMBIENTAL.png","width":433,"height":250,"caption":"Patagonia Ambiental"},"image":{"@id":"https:\/\/patagoniambiental.com.ar\/info\/#\/schema\/logo\/image\/"},"sameAs":["https:\/\/www.facebook.com\/patagonia.ambiental","https:\/\/x.com\/PatAmb"]},{"@type":"Person","@id":"https:\/\/patagoniambiental.com.ar\/info\/#\/schema\/person\/db12bff64bbcbf6a253710bf0ea37b5d","name":"Patagonia Ambiental","description":"Andr\u00e9s Nievas T\u00e9cnico en manejo ambiental, consultor Ambiental y escritor para medios locales e internacionales sobre temas de geopolitica y medio ambiente.","sameAs":["http:\/\/www.patagoniambiental.com.ar","https:\/\/www.facebook.com\/share\/1C1V8Gv9BX\/?mibextid=qi2Omg","@patagoniambiental","https:\/\/youtube.com\/@patagoniaambiental2023?si=BLt58t0wuXquxlYZ"]}]}},"_links":{"self":[{"href":"https:\/\/patagoniambiental.com.ar\/info\/wp-json\/wp\/v2\/posts\/39456","targetHints":{"allow":["GET"]}}],"collection":[{"href":"https:\/\/patagoniambiental.com.ar\/info\/wp-json\/wp\/v2\/posts"}],"about":[{"href":"https:\/\/patagoniambiental.com.ar\/info\/wp-json\/wp\/v2\/types\/post"}],"author":[{"embeddable":true,"href":"https:\/\/patagoniambiental.com.ar\/info\/wp-json\/wp\/v2\/users\/2"}],"replies":[{"embeddable":true,"href":"https:\/\/patagoniambiental.com.ar\/info\/wp-json\/wp\/v2\/comments?post=39456"}],"version-history":[{"count":0,"href":"https:\/\/patagoniambiental.com.ar\/info\/wp-json\/wp\/v2\/posts\/39456\/revisions"}],"wp:attachment":[{"href":"https:\/\/patagoniambiental.com.ar\/info\/wp-json\/wp\/v2\/media?parent=39456"}],"wp:term":[{"taxonomy":"category","embeddable":true,"href":"https:\/\/patagoniambiental.com.ar\/info\/wp-json\/wp\/v2\/categories?post=39456"},{"taxonomy":"post_tag","embeddable":true,"href":"https:\/\/patagoniambiental.com.ar\/info\/wp-json\/wp\/v2\/tags?post=39456"}],"curies":[{"name":"wp","href":"https:\/\/api.w.org\/{rel}","templated":true}]}}