{"id":39472,"date":"2017-12-07T19:00:19","date_gmt":"2017-12-07T22:00:19","guid":{"rendered":"http:\/\/patagoniambiental.com.ar\/info\/?p=39472"},"modified":"2017-12-07T10:00:02","modified_gmt":"2017-12-07T13:00:02","slug":"el-gobierno-presento-pruebas-a-la-justicia-sobre-el-supuesto-uso-de-armas-de-los-mapuches-en-bariloche","status":"publish","type":"post","link":"https:\/\/patagoniambiental.com.ar\/info\/el-gobierno-presento-pruebas-a-la-justicia-sobre-el-supuesto-uso-de-armas-de-los-mapuches-en-bariloche\/","title":{"rendered":"El Gobierno present\u00f3 pruebas a la Justicia sobre el supuesto uso de armas de los mapuches en Bariloche"},"content":{"rendered":"<div id=\"fA2Drw1EOu6IBq\" class=\"wrapper clearfix col-lg-12 pb-feature pb-layout-item pb-f-article-header col-md-12 col-sm-12 col-xs-12 no-align\">\n<div class=\"row\">\n<header class=\"article-header hed-first col-sm-12\">Bariloche.-En un nuevo giro en la causa por la muerte del joven mapuche\u00a0<strong>Rafael Nahuel<\/strong>\u00a0durante un desalojo de tierras en Bariloche tras un enfrentamiento con la Prefectura,\u00a0<strong>el Gobierno present\u00f3 ante la Justicia elementos que probar\u00edan que la comunidad mapuche ten\u00eda armas de fuego y que hab\u00eda referentes de la RAM en la zona<\/strong>.<\/p>\n<\/header>\n<\/div>\n<\/div>\n<p><!--more--><\/p>\n<div id=\"fZ8gS02EOu6IBq\" class=\"wrapper clearfix col-lg-12 col-md-12 pb-feature pb-layout-item pb-f-article-byline col-sm-12 col-xs-12 no-align\">\n<div class=\"byline col-md-8 col-xs-12 col-print-12\">\n<div class=\"clearfix\"><img decoding=\"async\" src=\"https:\/\/www.infobae.com\/new-resizer\/kbo9TwK-IY00VnV8OtgiNkjkETA=\/0x200\/filters:quality(100)\/s3.amazonaws.com\/arc-authors\/infobae\/0e74a70a-8382-4fdb-8c9c-74149ac0a34d.png\" \/><\/p>\n<div class=\"byline-author\">Por\u00a0<a class=\"author-name\" href=\"https:\/\/www.infobae.com\/autor\/martin-dinatale\/\" rel=\"author\">Mart\u00edn Dinatale<\/a>\u00a0<span class=\"byline-date\">6 de diciembre de 2017<\/span><\/div>\n<div class=\"byline-bio\">mdinatale@infobae.com<\/div>\n<\/div>\n<\/div>\n<\/div>\n<div id=\"cLqIjw1EOu6IBq\" class=\"col-md-8 col-sm-12 col-xs-12 pb-layout-item pb-chain pb-c-list-chain left-align\">\n<div id=\"f08MimYEOu6IBq\" class=\"wrapper clearfix full pb-feature pb-layout-item pb-f-article-body no-align\">\n<div id=\"article-body\" class=\"article-body article-body-elements\">\n<div id=\"article-content\">\n<div class=\"row\">\n<figure class=\"element element-image col-xs-12\">\n<div class=\"single-image\">\n<div class=\"shares\"><\/div>\n<p><img decoding=\"async\" id=\"2B2O6MCP3BE3XCIK67W74NUVXA\" class=\"image-lazy\" src=\"https:\/\/www.infobae.com\/new-resizer\/NnbJjk5_jmNnApE_foHvIDdCXdM=\/600x0\/filters:quality(100)\/s3.amazonaws.com\/arc-wordpress-client-uploads\/infobae-wp\/wp-content\/uploads\/2017\/12\/06132617\/3ffee7ca-70d4-4673-a464-4b7c472be687.jpg\" alt=\"\" width=\"750\" height=\"1250.814332247557\" data-url=\"http:\/\/www.infobae.com\/politica\/2017\/12\/06\/el-gobierno-presento-pruebas-a-la-justicia-sobre-el-supuesto-uso-de-armas-de-los-mapuches-en-bariloche\/%232B2O6MCP3BE3XCIK67W74NUVXA\" data-original=\"https:\/\/www.infobae.com\/new-resizer\/NnbJjk5_jmNnApE_foHvIDdCXdM=\/600x0\/filters:quality(100)\/s3.amazonaws.com\/arc-wordpress-client-uploads\/infobae-wp\/wp-content\/uploads\/2017\/12\/06132617\/3ffee7ca-70d4-4673-a464-4b7c472be687.jpg\" \/><\/div><figcaption class=\"\"><\/figcaption><\/figure>\n<\/div>\n<div class=\"row\">\n<div class=\"col-xs-12 col-print-12\">\n<p class=\"element element-paragraph\">\n<\/div>\n<\/div>\n<div class=\"row\">\n<div class=\"col-xs-12 col-print-12\">\n<p class=\"element element-paragraph\">Seg\u00fan informaron a\u00a0<strong>Infobae<\/strong>\u00a0en\u00a0la Casa Rosada, el juez\u00a0<strong>Gustavo Villanueva<\/strong>\u00a0ya tiene en su poder fotos y testimonios que tomaron los prefectos del\u00a0Grupo Albatros donde se muestran armas, equipos handy, celulares y ropa que usaron los referentes de la comunidad mapuche en Villa Mascardi, el s\u00e1bado 25 de noviembre cuando muri\u00f3 Nahuel.<\/p>\n<\/div>\n<\/div>\n<div class=\"row\">\n<div class=\"col-xs-12 col-print-12\">\n<p class=\"element element-paragraph\">\u00ab<strong>La comunidad mapuche de Villa Mascardi actu\u00f3 con apoyo de referentes de la RAM y de grupos mapuches de Chile, que les aportaron armas y desplegaron toda una log\u00edstica militar de defensa y ataque<\/strong>\u00ab, precis\u00f3 uno de los funcionarios que trabaj\u00f3 en la presentaci\u00f3n realizada ante la Justicia.<\/p>\n<\/div>\n<\/div>\n<div class=\"row\">\n<div class=\"col-xs-12 col-print-12\">\n<p class=\"element element-paragraph\">Los 21 prefectos de Albatros ingresaron a la zona para desalojar y fueron enfrentados con disparos. Luego\u00a0sacaron fotos de las armas y equipos de los mapuches que tras el enfrentamiento y la muerte de Nahuel se entregaron al juez Villanueva.<\/p>\n<\/div>\n<\/div>\n<div class=\"row\">\n<div id=\"\" class=\"wrapper clearfix pb-feature pb-layout-item pb-f-ads-dfp left-align\"><\/div>\n<figure class=\"element element-image col-xs-12\">\n<div class=\"single-image\">\n<div class=\"shares\"><\/div>\n<p><img decoding=\"async\" id=\"75X4BTW5JJHYNMHT65J66BINQU\" class=\"image-lazy\" src=\"https:\/\/www.infobae.com\/new-resizer\/M3b9-xDoi6C_NMq5C5IHsAtDcTA=\/600x0\/filters:quality(100)\/s3.amazonaws.com\/arc-wordpress-client-uploads\/infobae-wp\/wp-content\/uploads\/2017\/12\/06162725\/Muerte-de-Nahuel-Ramon-Chocones-el-titular-del-parlamento-mapuche-de-Neuquen-Luis-Pilquiman-y-el-juez-laboral-Ruben-Marigo.jpg\" alt=\"\" width=\"750\" height=\"421.875\" data-url=\"http:\/\/www.infobae.com\/politica\/2017\/12\/06\/el-gobierno-presento-pruebas-a-la-justicia-sobre-el-supuesto-uso-de-armas-de-los-mapuches-en-bariloche\/%2375X4BTW5JJHYNMHT65J66BINQU\" data-original=\"https:\/\/www.infobae.com\/new-resizer\/M3b9-xDoi6C_NMq5C5IHsAtDcTA=\/600x0\/filters:quality(100)\/s3.amazonaws.com\/arc-wordpress-client-uploads\/infobae-wp\/wp-content\/uploads\/2017\/12\/06162725\/Muerte-de-Nahuel-Ramon-Chocones-el-titular-del-parlamento-mapuche-de-Neuquen-Luis-Pilquiman-y-el-juez-laboral-Ruben-Marigo.jpg\" \/><\/div><figcaption class=\"\"><\/figcaption><\/figure>\n<\/div>\n<div class=\"row\">\n<div class=\"col-xs-12 col-print-12\">\n<p class=\"element element-paragraph\"><strong>Por otra parte, el Gobierno aport\u00f3 fotos del momento en que un concejal del kirchnerismo, Ram\u00f3n Chiocconi, junto al titular del parlamento mapuche de Neuqu\u00e9n, Luis Pilquiman, y el juez laboral Rub\u00e9n Marigo, ingresaron el d\u00eda despu\u00e9s de la muerte de Nahuel y \u00ablimpiaron\u00bb la escena del crimen.<\/strong><\/p>\n<\/div>\n<\/div>\n<div class=\"row\">\n<figure class=\"element element-image col-xs-12\">\n<div class=\"single-image\">\n<div class=\"shares\"><\/div>\n<p><img decoding=\"async\" id=\"JDXJO3CTGFGU3JKKTEXU5CBTVY\" class=\"image-lazy\" src=\"https:\/\/www.infobae.com\/new-resizer\/-khFSVweL7h3OIVDXB65uf9m2Mw=\/600x0\/filters:quality(100)\/s3.amazonaws.com\/arc-wordpress-client-uploads\/infobae-wp\/wp-content\/uploads\/2017\/12\/06132958\/WhatsApp-Image-2017-12-06-at-13.22.19.jpeg\" alt=\"El juez Rub\u00e9n Marigo\" width=\"750\" height=\"521.7391304347826\" data-url=\"http:\/\/www.infobae.com\/politica\/2017\/12\/06\/el-gobierno-presento-pruebas-a-la-justicia-sobre-el-supuesto-uso-de-armas-de-los-mapuches-en-bariloche\/%23JDXJO3CTGFGU3JKKTEXU5CBTVY\" data-original=\"https:\/\/www.infobae.com\/new-resizer\/-khFSVweL7h3OIVDXB65uf9m2Mw=\/600x0\/filters:quality(100)\/s3.amazonaws.com\/arc-wordpress-client-uploads\/infobae-wp\/wp-content\/uploads\/2017\/12\/06132958\/WhatsApp-Image-2017-12-06-at-13.22.19.jpeg\" \/><\/div><figcaption class=\"\"><span class=\"credit\">El juez Rub\u00e9n Marigo<\/span><\/figcaption><\/figure>\n<\/div>\n<div class=\"row\">\n<figure class=\"element element-image col-xs-12\">\n<div class=\"single-image\">\n<div class=\"shares\"><\/div>\n<p><img decoding=\"async\" id=\"J4QKTEZIBVAPVGUAQ3ZWBO5ELA\" class=\"image-lazy\" src=\"https:\/\/www.infobae.com\/new-resizer\/ZCHVktKehBmJlZmGd-yvv60xqw8=\/600x0\/filters:quality(100)\/s3.amazonaws.com\/arc-wordpress-client-uploads\/infobae-wp\/wp-content\/uploads\/2017\/12\/06133057\/WhatsApp-Image-2017-12-06-at-13.24.32.jpeg\" alt=\"Concejal Chocones\" width=\"750\" height=\"567.8571428571429\" data-url=\"http:\/\/www.infobae.com\/politica\/2017\/12\/06\/el-gobierno-presento-pruebas-a-la-justicia-sobre-el-supuesto-uso-de-armas-de-los-mapuches-en-bariloche\/%23J4QKTEZIBVAPVGUAQ3ZWBO5ELA\" data-original=\"https:\/\/www.infobae.com\/new-resizer\/ZCHVktKehBmJlZmGd-yvv60xqw8=\/600x0\/filters:quality(100)\/s3.amazonaws.com\/arc-wordpress-client-uploads\/infobae-wp\/wp-content\/uploads\/2017\/12\/06133057\/WhatsApp-Image-2017-12-06-at-13.24.32.jpeg\" \/><\/div><figcaption class=\"\"><span class=\"credit\">Concejal Chocones<\/span><\/figcaption><\/figure>\n<\/div>\n<div class=\"row\">\n<div class=\"col-xs-12 col-print-12\">\n<p class=\"element element-paragraph\">Seg\u00fan denunci\u00f3 el Gobierno, estos referentes ingresaron al lugar y se llevaron vainas 9mm como las que us\u00f3 la Prefectura. Pero tambi\u00e9n aducen que retiraron armas y otros elementos de los mapuches. En di\u00e1logo con Infobae, tanto Pilquiman como el concejal Chocones hab\u00edan dicho que ingresaron a la zona de Villa Mascardi para \u00abasistir\u00bb a los mapuches que estaban heridos pero que no llegaron hasta la escena del crimen.<\/p>\n<\/div>\n<\/div>\n<div class=\"row\">\n<div class=\"col-xs-12 col-print-12\">\n<p class=\"element element-paragraph\">En el Gobierno hay un informe reservado con el testimonio de\u00a0seis integrantes del Grupo Albatros en el que relatan todos los hechos y exponen fotos de las armas de los mapuches, presuntamente aportadas por la RAM. Esos mismos informes obran en poder del juez. Esta ser\u00eda una de las razones por las que el magistrado a\u00fan no ingres\u00f3 a las tierras de parque nacionales\u00a0todav\u00eda ocupadas para realizar una inspecci\u00f3n ocular. \u00ab<strong>No tiene sentido una inspecci\u00f3n en un lugar en el que se borraron todas las huellas<\/strong>\u00ab, dijo un funcionario del Gobierno consultado por\u00a0<strong>Infobae<\/strong>.<\/p>\n<\/div>\n<\/div>\n<div class=\"row\">\n<div class=\"col-xs-12 col-print-12\">\n<p class=\"element element-paragraph\">Por otra parte se supo que los referentes de la comunidad mapuche ten\u00edan una \u00ablog\u00edstica militar\u00bb con trincheras, puestos de vigilancia y una camioneta blanca de patente chilena que les aportaba alimentos y armas. Se inform\u00f3 tambi\u00e9n que hubo cuatro trasandinos que estar\u00edan vinculados con la Coordinadora Arauco-Malleco, que aport\u00f3 log\u00edstica y armas.<\/p>\n<\/div>\n<\/div>\n<div class=\"row\">\n<div class=\"col-xs-12 col-print-12\">\n<p class=\"element element-paragraph\">En el Gobierno tambi\u00e9n aseguran que al joven Nahuel le pagaban 500 pesos por d\u00eda para estar \u00abresistiendo\u00bb en Villa Mascardi ante un desalojo y que la familia del joven muerto asegur\u00f3 que no ten\u00edan m\u00e1s que ver con la causa mapuche. Durante esta tarde se realizar\u00e1 en la Casa Rosada una reuni\u00f3n con los gobernadores de la Patagonia para evaluar estos hechos y el avance del grupo RAM en el sur a fin de tomar algunas medidas.<\/p>\n<p>Fuente: Infobae<\/p>\n<\/div>\n<\/div>\n<\/div>\n<\/div>\n<\/div>\n<\/div>\n","protected":false},"excerpt":{"rendered":"<p>Bariloche.-En un nuevo giro en la causa por la muerte del joven mapuche\u00a0Rafael Nahuel\u00a0durante un desalojo de tierras en Bariloche [&hellip;]<\/p>\n","protected":false},"author":2,"featured_media":0,"comment_status":"open","ping_status":"open","sticky":false,"template":"","format":"standard","meta":{"site-sidebar-layout":"default","site-content-layout":"","ast-site-content-layout":"default","site-content-style":"default","site-sidebar-style":"default","ast-global-header-display":"","ast-banner-title-visibility":"","ast-main-header-display":"","ast-hfb-above-header-display":"","ast-hfb-below-header-display":"","ast-hfb-mobile-header-display":"","site-post-title":"","ast-breadcrumbs-content":"","ast-featured-img":"","footer-sml-layout":"","ast-disable-related-posts":"","theme-transparent-header-meta":"","adv-header-id-meta":"","stick-header-meta":"","header-above-stick-meta":"","header-main-stick-meta":"","header-below-stick-meta":"","astra-migrate-meta-layouts":"default","ast-page-background-enabled":"default","ast-page-background-meta":{"desktop":{"background-color":"var(--ast-global-color-5)","background-image":"","background-repeat":"repeat","background-position":"center center","background-size":"auto","background-attachment":"scroll","background-type":"","background-media":"","overlay-type":"","overlay-color":"","overlay-opacity":"","overlay-gradient":""},"tablet":{"background-color":"","background-image":"","background-repeat":"repeat","background-position":"center center","background-size":"auto","background-attachment":"scroll","background-type":"","background-media":"","overlay-type":"","overlay-color":"","overlay-opacity":"","overlay-gradient":""},"mobile":{"background-color":"","background-image":"","background-repeat":"repeat","background-position":"center center","background-size":"auto","background-attachment":"scroll","background-type":"","background-media":"","overlay-type":"","overlay-color":"","overlay-opacity":"","overlay-gradient":""}},"ast-content-background-meta":{"desktop":{"background-color":"var(--ast-global-color-4)","background-image":"","background-repeat":"repeat","background-position":"center center","background-size":"auto","background-attachment":"scroll","background-type":"","background-media":"","overlay-type":"","overlay-color":"","overlay-opacity":"","overlay-gradient":""},"tablet":{"background-color":"var(--ast-global-color-4)","background-image":"","background-repeat":"repeat","background-position":"center center","background-size":"auto","background-attachment":"scroll","background-type":"","background-media":"","overlay-type":"","overlay-color":"","overlay-opacity":"","overlay-gradient":""},"mobile":{"background-color":"var(--ast-global-color-4)","background-image":"","background-repeat":"repeat","background-position":"center center","background-size":"auto","background-attachment":"scroll","background-type":"","background-media":"","overlay-type":"","overlay-color":"","overlay-opacity":"","overlay-gradient":""}},"footnotes":""},"categories":[1,13,14],"tags":[],"class_list":["post-39472","post","type-post","status-publish","format-standard","hentry","category-noticias","category-provinciales","category-rio-negro"],"yoast_head":"<!-- This site is optimized with the Yoast SEO Premium plugin v23.0 (Yoast SEO v27.4) - https:\/\/yoast.com\/product\/yoast-seo-premium-wordpress\/ -->\n<title>El Gobierno present\u00f3 pruebas a la Justicia sobre el supuesto uso de armas de los mapuches en Bariloche<\/title>\n<meta name=\"robots\" content=\"index, follow, max-snippet:-1, max-image-preview:large, max-video-preview:-1\" \/>\n<link rel=\"canonical\" href=\"https:\/\/patagoniambiental.com.ar\/info\/el-gobierno-presento-pruebas-a-la-justicia-sobre-el-supuesto-uso-de-armas-de-los-mapuches-en-bariloche\/\" \/>\n<meta property=\"og:locale\" content=\"es_ES\" \/>\n<meta property=\"og:type\" content=\"article\" \/>\n<meta property=\"og:title\" content=\"El Gobierno present\u00f3 pruebas a la Justicia sobre el supuesto uso de armas de los mapuches en Bariloche\" \/>\n<meta property=\"og:description\" content=\"Bariloche.-En un nuevo giro en la causa por la muerte del joven mapuche\u00a0Rafael Nahuel\u00a0durante un desalojo de tierras en Bariloche [&hellip;]\" \/>\n<meta property=\"og:url\" content=\"https:\/\/patagoniambiental.com.ar\/info\/el-gobierno-presento-pruebas-a-la-justicia-sobre-el-supuesto-uso-de-armas-de-los-mapuches-en-bariloche\/\" \/>\n<meta property=\"og:site_name\" content=\"Patagonia Ambiental\" \/>\n<meta property=\"article:publisher\" content=\"https:\/\/www.facebook.com\/patagonia.ambiental\" \/>\n<meta property=\"article:author\" content=\"https:\/\/www.facebook.com\/share\/1C1V8Gv9BX\/?mibextid=qi2Omg\" \/>\n<meta property=\"article:published_time\" content=\"2017-12-07T22:00:19+00:00\" \/>\n<meta property=\"og:image\" content=\"https:\/\/www.infobae.com\/new-resizer\/kbo9TwK-IY00VnV8OtgiNkjkETA=\/0x200\/filters:quality(100)\/s3.amazonaws.com\/arc-authors\/infobae\/0e74a70a-8382-4fdb-8c9c-74149ac0a34d.png\" \/>\n<meta name=\"author\" content=\"Patagonia Ambiental\" \/>\n<meta name=\"twitter:card\" content=\"summary_large_image\" \/>\n<meta name=\"twitter:creator\" content=\"@PatAmb\" \/>\n<meta name=\"twitter:site\" content=\"@PatAmb\" \/>\n<script type=\"application\/ld+json\" class=\"yoast-schema-graph\">{\"@context\":\"https:\\\/\\\/schema.org\",\"@graph\":[{\"@type\":\"Article\",\"@id\":\"https:\\\/\\\/patagoniambiental.com.ar\\\/info\\\/el-gobierno-presento-pruebas-a-la-justicia-sobre-el-supuesto-uso-de-armas-de-los-mapuches-en-bariloche\\\/#article\",\"isPartOf\":{\"@id\":\"https:\\\/\\\/patagoniambiental.com.ar\\\/info\\\/el-gobierno-presento-pruebas-a-la-justicia-sobre-el-supuesto-uso-de-armas-de-los-mapuches-en-bariloche\\\/\"},\"author\":{\"name\":\"Patagonia Ambiental\",\"@id\":\"https:\\\/\\\/patagoniambiental.com.ar\\\/info\\\/#\\\/schema\\\/person\\\/db12bff64bbcbf6a253710bf0ea37b5d\"},\"headline\":\"El Gobierno present\u00f3 pruebas a la Justicia sobre el supuesto uso de armas de los mapuches en Bariloche\",\"datePublished\":\"2017-12-07T22:00:19+00:00\",\"mainEntityOfPage\":{\"@id\":\"https:\\\/\\\/patagoniambiental.com.ar\\\/info\\\/el-gobierno-presento-pruebas-a-la-justicia-sobre-el-supuesto-uso-de-armas-de-los-mapuches-en-bariloche\\\/\"},\"wordCount\":609,\"commentCount\":0,\"publisher\":{\"@id\":\"https:\\\/\\\/patagoniambiental.com.ar\\\/info\\\/#organization\"},\"image\":{\"@id\":\"https:\\\/\\\/patagoniambiental.com.ar\\\/info\\\/el-gobierno-presento-pruebas-a-la-justicia-sobre-el-supuesto-uso-de-armas-de-los-mapuches-en-bariloche\\\/#primaryimage\"},\"thumbnailUrl\":\"https:\\\/\\\/www.infobae.com\\\/new-resizer\\\/kbo9TwK-IY00VnV8OtgiNkjkETA=\\\/0x200\\\/filters:quality(100)\\\/s3.amazonaws.com\\\/arc-authors\\\/infobae\\\/0e74a70a-8382-4fdb-8c9c-74149ac0a34d.png\",\"articleSection\":[\"Noticias\",\"Provinciales\",\"R\u00edo Negro\"],\"inLanguage\":\"es\",\"potentialAction\":[{\"@type\":\"CommentAction\",\"name\":\"Comment\",\"target\":[\"https:\\\/\\\/patagoniambiental.com.ar\\\/info\\\/el-gobierno-presento-pruebas-a-la-justicia-sobre-el-supuesto-uso-de-armas-de-los-mapuches-en-bariloche\\\/#respond\"]}]},{\"@type\":\"WebPage\",\"@id\":\"https:\\\/\\\/patagoniambiental.com.ar\\\/info\\\/el-gobierno-presento-pruebas-a-la-justicia-sobre-el-supuesto-uso-de-armas-de-los-mapuches-en-bariloche\\\/\",\"url\":\"https:\\\/\\\/patagoniambiental.com.ar\\\/info\\\/el-gobierno-presento-pruebas-a-la-justicia-sobre-el-supuesto-uso-de-armas-de-los-mapuches-en-bariloche\\\/\",\"name\":\"El Gobierno present\u00f3 pruebas a la Justicia sobre el supuesto uso de armas de los mapuches en Bariloche\",\"isPartOf\":{\"@id\":\"https:\\\/\\\/patagoniambiental.com.ar\\\/info\\\/#website\"},\"primaryImageOfPage\":{\"@id\":\"https:\\\/\\\/patagoniambiental.com.ar\\\/info\\\/el-gobierno-presento-pruebas-a-la-justicia-sobre-el-supuesto-uso-de-armas-de-los-mapuches-en-bariloche\\\/#primaryimage\"},\"image\":{\"@id\":\"https:\\\/\\\/patagoniambiental.com.ar\\\/info\\\/el-gobierno-presento-pruebas-a-la-justicia-sobre-el-supuesto-uso-de-armas-de-los-mapuches-en-bariloche\\\/#primaryimage\"},\"thumbnailUrl\":\"https:\\\/\\\/www.infobae.com\\\/new-resizer\\\/kbo9TwK-IY00VnV8OtgiNkjkETA=\\\/0x200\\\/filters:quality(100)\\\/s3.amazonaws.com\\\/arc-authors\\\/infobae\\\/0e74a70a-8382-4fdb-8c9c-74149ac0a34d.png\",\"datePublished\":\"2017-12-07T22:00:19+00:00\",\"breadcrumb\":{\"@id\":\"https:\\\/\\\/patagoniambiental.com.ar\\\/info\\\/el-gobierno-presento-pruebas-a-la-justicia-sobre-el-supuesto-uso-de-armas-de-los-mapuches-en-bariloche\\\/#breadcrumb\"},\"inLanguage\":\"es\",\"potentialAction\":[{\"@type\":\"ReadAction\",\"target\":[\"https:\\\/\\\/patagoniambiental.com.ar\\\/info\\\/el-gobierno-presento-pruebas-a-la-justicia-sobre-el-supuesto-uso-de-armas-de-los-mapuches-en-bariloche\\\/\"]}]},{\"@type\":\"ImageObject\",\"inLanguage\":\"es\",\"@id\":\"https:\\\/\\\/patagoniambiental.com.ar\\\/info\\\/el-gobierno-presento-pruebas-a-la-justicia-sobre-el-supuesto-uso-de-armas-de-los-mapuches-en-bariloche\\\/#primaryimage\",\"url\":\"https:\\\/\\\/www.infobae.com\\\/new-resizer\\\/kbo9TwK-IY00VnV8OtgiNkjkETA=\\\/0x200\\\/filters:quality(100)\\\/s3.amazonaws.com\\\/arc-authors\\\/infobae\\\/0e74a70a-8382-4fdb-8c9c-74149ac0a34d.png\",\"contentUrl\":\"https:\\\/\\\/www.infobae.com\\\/new-resizer\\\/kbo9TwK-IY00VnV8OtgiNkjkETA=\\\/0x200\\\/filters:quality(100)\\\/s3.amazonaws.com\\\/arc-authors\\\/infobae\\\/0e74a70a-8382-4fdb-8c9c-74149ac0a34d.png\"},{\"@type\":\"BreadcrumbList\",\"@id\":\"https:\\\/\\\/patagoniambiental.com.ar\\\/info\\\/el-gobierno-presento-pruebas-a-la-justicia-sobre-el-supuesto-uso-de-armas-de-los-mapuches-en-bariloche\\\/#breadcrumb\",\"itemListElement\":[{\"@type\":\"ListItem\",\"position\":1,\"name\":\"Inicio\",\"item\":\"https:\\\/\\\/patagoniambiental.com.ar\\\/info\\\/\"},{\"@type\":\"ListItem\",\"position\":2,\"name\":\"El Gobierno present\u00f3 pruebas a la Justicia sobre el supuesto uso de armas de los mapuches en Bariloche\"}]},{\"@type\":\"WebSite\",\"@id\":\"https:\\\/\\\/patagoniambiental.com.ar\\\/info\\\/#website\",\"url\":\"https:\\\/\\\/patagoniambiental.com.ar\\\/info\\\/\",\"name\":\"Patagonia Ambiental\",\"description\":\"Monitoreo y an\u00e1lisis de la situaci\u00f3n geopol\u00edtica en el mundo y su implicancia en la Patagonia\",\"publisher\":{\"@id\":\"https:\\\/\\\/patagoniambiental.com.ar\\\/info\\\/#organization\"},\"potentialAction\":[{\"@type\":\"SearchAction\",\"target\":{\"@type\":\"EntryPoint\",\"urlTemplate\":\"https:\\\/\\\/patagoniambiental.com.ar\\\/info\\\/?s={search_term_string}\"},\"query-input\":{\"@type\":\"PropertyValueSpecification\",\"valueRequired\":true,\"valueName\":\"search_term_string\"}}],\"inLanguage\":\"es\"},{\"@type\":\"Organization\",\"@id\":\"https:\\\/\\\/patagoniambiental.com.ar\\\/info\\\/#organization\",\"name\":\"Patagonia Ambiental\",\"url\":\"https:\\\/\\\/patagoniambiental.com.ar\\\/info\\\/\",\"logo\":{\"@type\":\"ImageObject\",\"inLanguage\":\"es\",\"@id\":\"https:\\\/\\\/patagoniambiental.com.ar\\\/info\\\/#\\\/schema\\\/logo\\\/image\\\/\",\"url\":\"https:\\\/\\\/patagoniambiental.com.ar\\\/info\\\/wp-content\\\/uploads\\\/2025\\\/05\\\/LOGO-PATAGONIA-AMBIENTAL.png\",\"contentUrl\":\"https:\\\/\\\/patagoniambiental.com.ar\\\/info\\\/wp-content\\\/uploads\\\/2025\\\/05\\\/LOGO-PATAGONIA-AMBIENTAL.png\",\"width\":433,\"height\":250,\"caption\":\"Patagonia Ambiental\"},\"image\":{\"@id\":\"https:\\\/\\\/patagoniambiental.com.ar\\\/info\\\/#\\\/schema\\\/logo\\\/image\\\/\"},\"sameAs\":[\"https:\\\/\\\/www.facebook.com\\\/patagonia.ambiental\",\"https:\\\/\\\/x.com\\\/PatAmb\"]},{\"@type\":\"Person\",\"@id\":\"https:\\\/\\\/patagoniambiental.com.ar\\\/info\\\/#\\\/schema\\\/person\\\/db12bff64bbcbf6a253710bf0ea37b5d\",\"name\":\"Patagonia Ambiental\",\"description\":\"Andr\u00e9s Nievas T\u00e9cnico en manejo ambiental, consultor Ambiental y escritor para medios locales e internacionales sobre temas de geopolitica y medio ambiente.\",\"sameAs\":[\"http:\\\/\\\/www.patagoniambiental.com.ar\",\"https:\\\/\\\/www.facebook.com\\\/share\\\/1C1V8Gv9BX\\\/?mibextid=qi2Omg\",\"@patagoniambiental\",\"https:\\\/\\\/youtube.com\\\/@patagoniaambiental2023?si=BLt58t0wuXquxlYZ\"]}]}<\/script>\n<!-- \/ Yoast SEO Premium plugin. -->","yoast_head_json":{"title":"El Gobierno present\u00f3 pruebas a la Justicia sobre el supuesto uso de armas de los mapuches en Bariloche","robots":{"index":"index","follow":"follow","max-snippet":"max-snippet:-1","max-image-preview":"max-image-preview:large","max-video-preview":"max-video-preview:-1"},"canonical":"https:\/\/patagoniambiental.com.ar\/info\/el-gobierno-presento-pruebas-a-la-justicia-sobre-el-supuesto-uso-de-armas-de-los-mapuches-en-bariloche\/","og_locale":"es_ES","og_type":"article","og_title":"El Gobierno present\u00f3 pruebas a la Justicia sobre el supuesto uso de armas de los mapuches en Bariloche","og_description":"Bariloche.-En un nuevo giro en la causa por la muerte del joven mapuche\u00a0Rafael Nahuel\u00a0durante un desalojo de tierras en Bariloche [&hellip;]","og_url":"https:\/\/patagoniambiental.com.ar\/info\/el-gobierno-presento-pruebas-a-la-justicia-sobre-el-supuesto-uso-de-armas-de-los-mapuches-en-bariloche\/","og_site_name":"Patagonia Ambiental","article_publisher":"https:\/\/www.facebook.com\/patagonia.ambiental","article_author":"https:\/\/www.facebook.com\/share\/1C1V8Gv9BX\/?mibextid=qi2Omg","article_published_time":"2017-12-07T22:00:19+00:00","og_image":[{"url":"https:\/\/www.infobae.com\/new-resizer\/kbo9TwK-IY00VnV8OtgiNkjkETA=\/0x200\/filters:quality(100)\/s3.amazonaws.com\/arc-authors\/infobae\/0e74a70a-8382-4fdb-8c9c-74149ac0a34d.png","type":"","width":"","height":""}],"author":"Patagonia Ambiental","twitter_card":"summary_large_image","twitter_creator":"@PatAmb","twitter_site":"@PatAmb","schema":{"@context":"https:\/\/schema.org","@graph":[{"@type":"Article","@id":"https:\/\/patagoniambiental.com.ar\/info\/el-gobierno-presento-pruebas-a-la-justicia-sobre-el-supuesto-uso-de-armas-de-los-mapuches-en-bariloche\/#article","isPartOf":{"@id":"https:\/\/patagoniambiental.com.ar\/info\/el-gobierno-presento-pruebas-a-la-justicia-sobre-el-supuesto-uso-de-armas-de-los-mapuches-en-bariloche\/"},"author":{"name":"Patagonia Ambiental","@id":"https:\/\/patagoniambiental.com.ar\/info\/#\/schema\/person\/db12bff64bbcbf6a253710bf0ea37b5d"},"headline":"El Gobierno present\u00f3 pruebas a la Justicia sobre el supuesto uso de armas de los mapuches en Bariloche","datePublished":"2017-12-07T22:00:19+00:00","mainEntityOfPage":{"@id":"https:\/\/patagoniambiental.com.ar\/info\/el-gobierno-presento-pruebas-a-la-justicia-sobre-el-supuesto-uso-de-armas-de-los-mapuches-en-bariloche\/"},"wordCount":609,"commentCount":0,"publisher":{"@id":"https:\/\/patagoniambiental.com.ar\/info\/#organization"},"image":{"@id":"https:\/\/patagoniambiental.com.ar\/info\/el-gobierno-presento-pruebas-a-la-justicia-sobre-el-supuesto-uso-de-armas-de-los-mapuches-en-bariloche\/#primaryimage"},"thumbnailUrl":"https:\/\/www.infobae.com\/new-resizer\/kbo9TwK-IY00VnV8OtgiNkjkETA=\/0x200\/filters:quality(100)\/s3.amazonaws.com\/arc-authors\/infobae\/0e74a70a-8382-4fdb-8c9c-74149ac0a34d.png","articleSection":["Noticias","Provinciales","R\u00edo Negro"],"inLanguage":"es","potentialAction":[{"@type":"CommentAction","name":"Comment","target":["https:\/\/patagoniambiental.com.ar\/info\/el-gobierno-presento-pruebas-a-la-justicia-sobre-el-supuesto-uso-de-armas-de-los-mapuches-en-bariloche\/#respond"]}]},{"@type":"WebPage","@id":"https:\/\/patagoniambiental.com.ar\/info\/el-gobierno-presento-pruebas-a-la-justicia-sobre-el-supuesto-uso-de-armas-de-los-mapuches-en-bariloche\/","url":"https:\/\/patagoniambiental.com.ar\/info\/el-gobierno-presento-pruebas-a-la-justicia-sobre-el-supuesto-uso-de-armas-de-los-mapuches-en-bariloche\/","name":"El Gobierno present\u00f3 pruebas a la Justicia sobre el supuesto uso de armas de los mapuches en Bariloche","isPartOf":{"@id":"https:\/\/patagoniambiental.com.ar\/info\/#website"},"primaryImageOfPage":{"@id":"https:\/\/patagoniambiental.com.ar\/info\/el-gobierno-presento-pruebas-a-la-justicia-sobre-el-supuesto-uso-de-armas-de-los-mapuches-en-bariloche\/#primaryimage"},"image":{"@id":"https:\/\/patagoniambiental.com.ar\/info\/el-gobierno-presento-pruebas-a-la-justicia-sobre-el-supuesto-uso-de-armas-de-los-mapuches-en-bariloche\/#primaryimage"},"thumbnailUrl":"https:\/\/www.infobae.com\/new-resizer\/kbo9TwK-IY00VnV8OtgiNkjkETA=\/0x200\/filters:quality(100)\/s3.amazonaws.com\/arc-authors\/infobae\/0e74a70a-8382-4fdb-8c9c-74149ac0a34d.png","datePublished":"2017-12-07T22:00:19+00:00","breadcrumb":{"@id":"https:\/\/patagoniambiental.com.ar\/info\/el-gobierno-presento-pruebas-a-la-justicia-sobre-el-supuesto-uso-de-armas-de-los-mapuches-en-bariloche\/#breadcrumb"},"inLanguage":"es","potentialAction":[{"@type":"ReadAction","target":["https:\/\/patagoniambiental.com.ar\/info\/el-gobierno-presento-pruebas-a-la-justicia-sobre-el-supuesto-uso-de-armas-de-los-mapuches-en-bariloche\/"]}]},{"@type":"ImageObject","inLanguage":"es","@id":"https:\/\/patagoniambiental.com.ar\/info\/el-gobierno-presento-pruebas-a-la-justicia-sobre-el-supuesto-uso-de-armas-de-los-mapuches-en-bariloche\/#primaryimage","url":"https:\/\/www.infobae.com\/new-resizer\/kbo9TwK-IY00VnV8OtgiNkjkETA=\/0x200\/filters:quality(100)\/s3.amazonaws.com\/arc-authors\/infobae\/0e74a70a-8382-4fdb-8c9c-74149ac0a34d.png","contentUrl":"https:\/\/www.infobae.com\/new-resizer\/kbo9TwK-IY00VnV8OtgiNkjkETA=\/0x200\/filters:quality(100)\/s3.amazonaws.com\/arc-authors\/infobae\/0e74a70a-8382-4fdb-8c9c-74149ac0a34d.png"},{"@type":"BreadcrumbList","@id":"https:\/\/patagoniambiental.com.ar\/info\/el-gobierno-presento-pruebas-a-la-justicia-sobre-el-supuesto-uso-de-armas-de-los-mapuches-en-bariloche\/#breadcrumb","itemListElement":[{"@type":"ListItem","position":1,"name":"Inicio","item":"https:\/\/patagoniambiental.com.ar\/info\/"},{"@type":"ListItem","position":2,"name":"El Gobierno present\u00f3 pruebas a la Justicia sobre el supuesto uso de armas de los mapuches en Bariloche"}]},{"@type":"WebSite","@id":"https:\/\/patagoniambiental.com.ar\/info\/#website","url":"https:\/\/patagoniambiental.com.ar\/info\/","name":"Patagonia Ambiental","description":"Monitoreo y an\u00e1lisis de la situaci\u00f3n geopol\u00edtica en el mundo y su implicancia en la Patagonia","publisher":{"@id":"https:\/\/patagoniambiental.com.ar\/info\/#organization"},"potentialAction":[{"@type":"SearchAction","target":{"@type":"EntryPoint","urlTemplate":"https:\/\/patagoniambiental.com.ar\/info\/?s={search_term_string}"},"query-input":{"@type":"PropertyValueSpecification","valueRequired":true,"valueName":"search_term_string"}}],"inLanguage":"es"},{"@type":"Organization","@id":"https:\/\/patagoniambiental.com.ar\/info\/#organization","name":"Patagonia Ambiental","url":"https:\/\/patagoniambiental.com.ar\/info\/","logo":{"@type":"ImageObject","inLanguage":"es","@id":"https:\/\/patagoniambiental.com.ar\/info\/#\/schema\/logo\/image\/","url":"https:\/\/patagoniambiental.com.ar\/info\/wp-content\/uploads\/2025\/05\/LOGO-PATAGONIA-AMBIENTAL.png","contentUrl":"https:\/\/patagoniambiental.com.ar\/info\/wp-content\/uploads\/2025\/05\/LOGO-PATAGONIA-AMBIENTAL.png","width":433,"height":250,"caption":"Patagonia Ambiental"},"image":{"@id":"https:\/\/patagoniambiental.com.ar\/info\/#\/schema\/logo\/image\/"},"sameAs":["https:\/\/www.facebook.com\/patagonia.ambiental","https:\/\/x.com\/PatAmb"]},{"@type":"Person","@id":"https:\/\/patagoniambiental.com.ar\/info\/#\/schema\/person\/db12bff64bbcbf6a253710bf0ea37b5d","name":"Patagonia Ambiental","description":"Andr\u00e9s Nievas T\u00e9cnico en manejo ambiental, consultor Ambiental y escritor para medios locales e internacionales sobre temas de geopolitica y medio ambiente.","sameAs":["http:\/\/www.patagoniambiental.com.ar","https:\/\/www.facebook.com\/share\/1C1V8Gv9BX\/?mibextid=qi2Omg","@patagoniambiental","https:\/\/youtube.com\/@patagoniaambiental2023?si=BLt58t0wuXquxlYZ"]}]}},"_links":{"self":[{"href":"https:\/\/patagoniambiental.com.ar\/info\/wp-json\/wp\/v2\/posts\/39472","targetHints":{"allow":["GET"]}}],"collection":[{"href":"https:\/\/patagoniambiental.com.ar\/info\/wp-json\/wp\/v2\/posts"}],"about":[{"href":"https:\/\/patagoniambiental.com.ar\/info\/wp-json\/wp\/v2\/types\/post"}],"author":[{"embeddable":true,"href":"https:\/\/patagoniambiental.com.ar\/info\/wp-json\/wp\/v2\/users\/2"}],"replies":[{"embeddable":true,"href":"https:\/\/patagoniambiental.com.ar\/info\/wp-json\/wp\/v2\/comments?post=39472"}],"version-history":[{"count":0,"href":"https:\/\/patagoniambiental.com.ar\/info\/wp-json\/wp\/v2\/posts\/39472\/revisions"}],"wp:attachment":[{"href":"https:\/\/patagoniambiental.com.ar\/info\/wp-json\/wp\/v2\/media?parent=39472"}],"wp:term":[{"taxonomy":"category","embeddable":true,"href":"https:\/\/patagoniambiental.com.ar\/info\/wp-json\/wp\/v2\/categories?post=39472"},{"taxonomy":"post_tag","embeddable":true,"href":"https:\/\/patagoniambiental.com.ar\/info\/wp-json\/wp\/v2\/tags?post=39472"}],"curies":[{"name":"wp","href":"https:\/\/api.w.org\/{rel}","templated":true}]}}