{"id":39498,"date":"2017-12-08T19:00:11","date_gmt":"2017-12-08T22:00:11","guid":{"rendered":"http:\/\/patagoniambiental.com.ar\/info\/?p=39498"},"modified":"2017-12-07T14:05:01","modified_gmt":"2017-12-07T17:05:01","slug":"los-perros-se-deben-quedar-afuera-de-los-balnearios-en-neuquen","status":"publish","type":"post","link":"https:\/\/patagoniambiental.com.ar\/info\/los-perros-se-deben-quedar-afuera-de-los-balnearios-en-neuquen\/","title":{"rendered":"Los perros se deben quedar afuera de los balnearios en Neuquen"},"content":{"rendered":"<div id=\"p_p_id_contentviewerportlet_WAR_newsportlet_INSTANCE_842cffe3ed024350bf66ca93cc917ee7_\" class=\"portlet-boundary portlet-boundary_contentviewerportlet_WAR_newsportlet_  portlet-static portlet-static-end content-viewer-portlet \">\n<div class=\"td-portlet\">\n<section id=\"portlet_contentviewerportlet_WAR_newsportlet_INSTANCE_842cffe3ed024350bf66ca93cc917ee7\" class=\"portlet\">\n<div class=\"portlet-content\">\n<div class=\" portlet-content-container\">\n<div class=\"portlet-body\">\n<div class=\"last td-viewer full-access\">\n<div class=\"template-90\">\n<div class=\"left-block\">\n<p class=\"location font-2-ebold fs16\"><a href=\"http:\/\/www.rionegro.com.ar\/tag\/-\/meta\/neuquen\">NEUQU\u00c9N.<\/a>La Municipalidad de Neuqu\u00e9n record\u00f3 que est\u00e1 prohibido llevar las mascotas al r\u00edo. En el resto de los espacios p\u00fablicos deben estar con correa y bozal.<\/p>\n<\/div>\n<\/div>\n<\/div>\n<\/div>\n<\/div>\n<\/div>\n<\/section>\n<\/div>\n<\/div>\n<p><!--more--><\/p>\n<div id=\"p_p_id_relatedviewerportlet_WAR_newsportlet_INSTANCE_b9b39c35e2904ff4b13552d42a22c8ab_\" class=\"portlet-boundary portlet-boundary_relatedviewerportlet_WAR_newsportlet_  portlet-static portlet-static-end related-viewer-portlet advanced-91\"><\/div>\n<div id=\"p_p_id_contentviewerportlet_WAR_newsportlet_INSTANCE_e710afd6fe7440f38db4b40a275c4c82_\" class=\"portlet-boundary portlet-boundary_contentviewerportlet_WAR_newsportlet_  portlet-static portlet-static-end content-viewer-portlet \"><a id=\"p_contentviewerportlet_WAR_newsportlet_INSTANCE_e710afd6fe7440f38db4b40a275c4c82\"><\/a><\/p>\n<div class=\"td-portlet\">\n<section id=\"portlet_contentviewerportlet_WAR_newsportlet_INSTANCE_e710afd6fe7440f38db4b40a275c4c82\" class=\"portlet\">\n<div class=\"portlet-content\">\n<div class=\" portlet-content-container\">\n<div class=\"portlet-body\">\n<div class=\"last td-viewer full-access\">\n<div class=\"template-92\">\n<div class=\"left-block\">\n<div class=\"bx-wrapper\">\n<div class=\"bx-viewport\">\n<div class=\"multimediaMacroWrapper bxMultimedia4040788\">\n<div class=\"contentMedia art-gallery\">\n<figure class=\"cutlineShow\">\n<div><img decoding=\"async\" class=\" lazyloaded\" title=\"Una ordenanza prohibe ingresar con mascotas a los balnearios. - DeNeuqu\u00e9n - Diario Rio Negro - rionegro.com.ar\" src=\"data:;base64,<svg xmlns='http:\/\/www.w3.org\/2000\/svg' viewBox='0 0 660 370'\/>\u00bb srcset=\u00bb\/\/www.rionegro.com.ar\/documents\/1\/0\/660&#215;437\/0c34\/660d370\/none\/12350\/ORLM\/image_content_9145240_20171206173332.jpg 660w\u00bb alt=\u00bbUna ordenanza prohibe ingresar con mascotas a los balnearios. &#8211; DeNeuqu\u00e9n &#8211; Diario Rio Negro &#8211; rionegro.com.ar\u00bb width=\u00bb660&#8243; height=\u00bb370&#8243; data-srcset=\u00bb\/\/www.rionegro.com.ar\/documents\/1\/0\/660&#215;437\/0c34\/660d370\/none\/12350\/ORLM\/image_content_9145240_20171206173332.jpg 660w\u00bb \/><\/div>\n<\/figure>\n<div class=\"cutline\">Una ordenanza prohibe ingresar con mascotas a los balnearios.<span class=\"byline-image\">\u00a0(Foto: Archivo)<\/span><\/div>\n<\/div>\n<\/div>\n<\/div>\n<div class=\"bx-controls bx-has-controls-direction\"><\/div>\n<\/div>\n<div class=\"separator\"><\/div>\n<\/div>\n<div class=\"cl\"><\/div>\n<\/div>\n<\/div>\n<\/div>\n<\/div>\n<\/div>\n<\/section>\n<\/div>\n<\/div>\n<div id=\"p_p_id_contentviewerportlet_WAR_newsportlet_INSTANCE_d803597d6d0741fd974bf80be02a6e3a_\" class=\"portlet-boundary portlet-boundary_contentviewerportlet_WAR_newsportlet_  portlet-static portlet-static-end content-viewer-portlet advanced-93\"><\/div>\n<div id=\"p_p_id_adcontainerportlet_WAR_advertisementportlet_INSTANCE_2ede3924257544b2911d00f42d4094cb_\" class=\"portlet-boundary portlet-boundary_adcontainerportlet_WAR_advertisementportlet_  portlet-static portlet-static-end adcontainer-portlet ad-border\">\n<div class=\"td-portlet\">\n<section id=\"portlet_adcontainerportlet_WAR_advertisementportlet_INSTANCE_2ede3924257544b2911d00f42d4094cb\" class=\"portlet\">\n<div class=\"portlet-content\">\n<div class=\" portlet-content-container\">\n<div class=\"portlet-body\">\n<div>\n<div id=\"eplAdDivNotas_AB1\">Comenz\u00f3 la temporada de balnearios y tambi\u00e9n la imposibilidad de ingresar a estos lugares con mascotas. Los inspectores ya recorren los cuatro balnearios municipales habilitados para recordar que est\u00e1 vigente la ordenanza que prohibe estar en el lugar con sus animales. Las tareas de control est\u00e1n a cargo de la subsecretar\u00eda de Medio Ambiente que tambi\u00e9n vigila que no se generen ruidos molestos y la correcta disposici\u00f3n de los residuos.<\/div>\n<\/div>\n<\/div>\n<\/div>\n<\/div>\n<\/section>\n<\/div>\n<\/div>\n<div id=\"p_p_id_contentviewerportlet_WAR_newsportlet_INSTANCE_1c63c59a70d048d1bbeac1ba7de178d7_\" class=\"portlet-boundary portlet-boundary_contentviewerportlet_WAR_newsportlet_  portlet-static portlet-static-end content-viewer-portlet \">\n<div class=\"td-portlet\">\n<section id=\"portlet_contentviewerportlet_WAR_newsportlet_INSTANCE_1c63c59a70d048d1bbeac1ba7de178d7\" class=\"portlet\">\n<div class=\"portlet-content\">\n<div class=\" portlet-content-container\">\n<div class=\"portlet-body\">\n<div class=\"last td-viewer full-access\">\n<div class=\"template-94\">\n<div class=\"left-block\">\n<div class=\"text font-2 fs16 resizable\">\n<div class=\"paragraph\">\n<p>La prohibici\u00f3n rige s\u00f3lo para los balnearios en \u00e9poca estival, pero no para los espacios p\u00fablicos en general como, por ejemplo, el Paseo de la Costa. Sin embargo se exige la \u201ctenencia responsable\u201d que implica llevar a los perros con correa y bozal y hacerse cargo de los residuos que generan.<\/p>\n<p><i><b>Te puede interesar:<a href=\"http:\/\/www.rionegro.com.ar\/region\/los-perros-no-pueden-ir-al-rio-con-sus-duenos-EARN_8047757\" target=\"_blank\" rel=\"follow noopener\">\u00a0Los perros no pueden ir al r\u00edo con sus due\u00f1os<\/a><\/b><\/i><\/p>\n<p>El secretario de Gobierno y Coordinaci\u00f3n de la Municipalidad de Neuqu\u00e9n, Marcelo Berm\u00fadez reflexion\u00f3: \u201cHay gente que ama a las mascotas y tiene derecho a pasear con ellas, pero hay gente a la que los animales le generan cierto resquemor o temor por lo que tambi\u00e9n hay que respetar esa situaci\u00f3n\u201d.<\/p>\n<p>Opin\u00f3 que no se trata de sancionar sino de que todos puedan disfrutar de la Isla 132, del Paseo Costero y de cualquier espacio p\u00fablico con cuidados\u201d, opin\u00f3<\/p>\n<p>Silvia Guti\u00e9rrez, responsable de la campa\u00f1a y subsecretaria de Medio Ambiente, apel\u00f3 a la responsabilidad de los vecinos y pidi\u00f3 no ingresar a los balnearios con sus mascotas. \u201cTienen totalmente prohibido el ingreso. Eso dice la ordenanza que es bastante estricta y tiene contravenciones que llegan desde el que transita con un animal y hasta los que no limpian las heces de sus animales en los espacios p\u00fablicos en general\u201d.<\/p>\n<p><i><b>Te puede interesar:<a href=\"http:\/\/www.rionegro.com.ar\/region\/idean-un-balneario-exclusivo-para-ir-con-perros-BARN_8049680\" target=\"_blank\" rel=\"follow noopener\">\u00a0Idean un balneario exclusivo para ir con perros<\/a><\/b><\/i><\/p>\n<p>Adem\u00e1s record\u00f3 que si bien el control sobre las mascotas ser\u00e1 uno de los ejes de la campa\u00f1a, tambi\u00e9n se fiscalizar\u00e1n los ruidos molestos y se har\u00e1 foco en la correcta disposici\u00f3n de los vecinos, \u201ctodo esto en bien de la comunidad y bien de la convivencia social, por lo que pedimos a todos los que vienen a disfrutar de estos espacios cumplan con esas reglamentaciones\u201d, finaliz\u00f3 Guti\u00e9rrez.<\/p>\n<\/div>\n<\/div>\n<\/div>\n<\/div>\n<\/div>\n<\/div>\n<\/div>\n<\/div>\n<\/section>\n<\/div>\n<\/div>\n","protected":false},"excerpt":{"rendered":"<p>NEUQU\u00c9N.La Municipalidad de Neuqu\u00e9n record\u00f3 que est\u00e1 prohibido llevar las mascotas al r\u00edo. En el resto de los espacios p\u00fablicos [&hellip;]<\/p>\n","protected":false},"author":2,"featured_media":0,"comment_status":"open","ping_status":"open","sticky":false,"template":"","format":"standard","meta":{"site-sidebar-layout":"default","site-content-layout":"","ast-site-content-layout":"default","site-content-style":"default","site-sidebar-style":"default","ast-global-header-display":"","ast-banner-title-visibility":"","ast-main-header-display":"","ast-hfb-above-header-display":"","ast-hfb-below-header-display":"","ast-hfb-mobile-header-display":"","site-post-title":"","ast-breadcrumbs-content":"","ast-featured-img":"","footer-sml-layout":"","ast-disable-related-posts":"","theme-transparent-header-meta":"","adv-header-id-meta":"","stick-header-meta":"","header-above-stick-meta":"","header-main-stick-meta":"","header-below-stick-meta":"","astra-migrate-meta-layouts":"default","ast-page-background-enabled":"default","ast-page-background-meta":{"desktop":{"background-color":"var(--ast-global-color-5)","background-image":"","background-repeat":"repeat","background-position":"center center","background-size":"auto","background-attachment":"scroll","background-type":"","background-media":"","overlay-type":"","overlay-color":"","overlay-opacity":"","overlay-gradient":""},"tablet":{"background-color":"","background-image":"","background-repeat":"repeat","background-position":"center center","background-size":"auto","background-attachment":"scroll","background-type":"","background-media":"","overlay-type":"","overlay-color":"","overlay-opacity":"","overlay-gradient":""},"mobile":{"background-color":"","background-image":"","background-repeat":"repeat","background-position":"center center","background-size":"auto","background-attachment":"scroll","background-type":"","background-media":"","overlay-type":"","overlay-color":"","overlay-opacity":"","overlay-gradient":""}},"ast-content-background-meta":{"desktop":{"background-color":"var(--ast-global-color-4)","background-image":"","background-repeat":"repeat","background-position":"center center","background-size":"auto","background-attachment":"scroll","background-type":"","background-media":"","overlay-type":"","overlay-color":"","overlay-opacity":"","overlay-gradient":""},"tablet":{"background-color":"var(--ast-global-color-4)","background-image":"","background-repeat":"repeat","background-position":"center center","background-size":"auto","background-attachment":"scroll","background-type":"","background-media":"","overlay-type":"","overlay-color":"","overlay-opacity":"","overlay-gradient":""},"mobile":{"background-color":"var(--ast-global-color-4)","background-image":"","background-repeat":"repeat","background-position":"center center","background-size":"auto","background-attachment":"scroll","background-type":"","background-media":"","overlay-type":"","overlay-color":"","overlay-opacity":"","overlay-gradient":""}},"footnotes":""},"categories":[1],"tags":[],"class_list":["post-39498","post","type-post","status-publish","format-standard","hentry","category-noticias"],"yoast_head":"<!-- This site is optimized with the Yoast SEO Premium plugin v23.0 (Yoast SEO v27.4) - https:\/\/yoast.com\/product\/yoast-seo-premium-wordpress\/ -->\n<title>Los perros se deben quedar afuera de los balnearios en Neuquen<\/title>\n<meta name=\"robots\" content=\"index, follow, max-snippet:-1, max-image-preview:large, max-video-preview:-1\" \/>\n<link rel=\"canonical\" href=\"https:\/\/patagoniambiental.com.ar\/info\/los-perros-se-deben-quedar-afuera-de-los-balnearios-en-neuquen\/\" \/>\n<meta property=\"og:locale\" content=\"es_ES\" \/>\n<meta property=\"og:type\" content=\"article\" \/>\n<meta property=\"og:title\" content=\"Los perros se deben quedar afuera de los balnearios en Neuquen\" \/>\n<meta property=\"og:description\" content=\"NEUQU\u00c9N.La Municipalidad de Neuqu\u00e9n record\u00f3 que est\u00e1 prohibido llevar las mascotas al r\u00edo. En el resto de los espacios p\u00fablicos [&hellip;]\" \/>\n<meta property=\"og:url\" content=\"https:\/\/patagoniambiental.com.ar\/info\/los-perros-se-deben-quedar-afuera-de-los-balnearios-en-neuquen\/\" \/>\n<meta property=\"og:site_name\" content=\"Patagonia Ambiental\" \/>\n<meta property=\"article:publisher\" content=\"https:\/\/www.facebook.com\/patagonia.ambiental\" \/>\n<meta property=\"article:author\" content=\"https:\/\/www.facebook.com\/share\/1C1V8Gv9BX\/?mibextid=qi2Omg\" \/>\n<meta property=\"article:published_time\" content=\"2017-12-08T22:00:11+00:00\" \/>\n<meta name=\"author\" content=\"Patagonia Ambiental\" \/>\n<meta name=\"twitter:card\" content=\"summary_large_image\" \/>\n<meta name=\"twitter:creator\" content=\"@PatAmb\" \/>\n<meta name=\"twitter:site\" content=\"@PatAmb\" \/>\n<script type=\"application\/ld+json\" class=\"yoast-schema-graph\">{\"@context\":\"https:\\\/\\\/schema.org\",\"@graph\":[{\"@type\":\"Article\",\"@id\":\"https:\\\/\\\/patagoniambiental.com.ar\\\/info\\\/los-perros-se-deben-quedar-afuera-de-los-balnearios-en-neuquen\\\/#article\",\"isPartOf\":{\"@id\":\"https:\\\/\\\/patagoniambiental.com.ar\\\/info\\\/los-perros-se-deben-quedar-afuera-de-los-balnearios-en-neuquen\\\/\"},\"author\":{\"name\":\"Patagonia Ambiental\",\"@id\":\"https:\\\/\\\/patagoniambiental.com.ar\\\/info\\\/#\\\/schema\\\/person\\\/db12bff64bbcbf6a253710bf0ea37b5d\"},\"headline\":\"Los perros se deben quedar afuera de los balnearios en Neuquen\",\"datePublished\":\"2017-12-08T22:00:11+00:00\",\"mainEntityOfPage\":{\"@id\":\"https:\\\/\\\/patagoniambiental.com.ar\\\/info\\\/los-perros-se-deben-quedar-afuera-de-los-balnearios-en-neuquen\\\/\"},\"wordCount\":439,\"commentCount\":0,\"publisher\":{\"@id\":\"https:\\\/\\\/patagoniambiental.com.ar\\\/info\\\/#organization\"},\"articleSection\":[\"Noticias\"],\"inLanguage\":\"es\",\"potentialAction\":[{\"@type\":\"CommentAction\",\"name\":\"Comment\",\"target\":[\"https:\\\/\\\/patagoniambiental.com.ar\\\/info\\\/los-perros-se-deben-quedar-afuera-de-los-balnearios-en-neuquen\\\/#respond\"]}]},{\"@type\":\"WebPage\",\"@id\":\"https:\\\/\\\/patagoniambiental.com.ar\\\/info\\\/los-perros-se-deben-quedar-afuera-de-los-balnearios-en-neuquen\\\/\",\"url\":\"https:\\\/\\\/patagoniambiental.com.ar\\\/info\\\/los-perros-se-deben-quedar-afuera-de-los-balnearios-en-neuquen\\\/\",\"name\":\"Los perros se deben quedar afuera de los balnearios en Neuquen\",\"isPartOf\":{\"@id\":\"https:\\\/\\\/patagoniambiental.com.ar\\\/info\\\/#website\"},\"datePublished\":\"2017-12-08T22:00:11+00:00\",\"breadcrumb\":{\"@id\":\"https:\\\/\\\/patagoniambiental.com.ar\\\/info\\\/los-perros-se-deben-quedar-afuera-de-los-balnearios-en-neuquen\\\/#breadcrumb\"},\"inLanguage\":\"es\",\"potentialAction\":[{\"@type\":\"ReadAction\",\"target\":[\"https:\\\/\\\/patagoniambiental.com.ar\\\/info\\\/los-perros-se-deben-quedar-afuera-de-los-balnearios-en-neuquen\\\/\"]}]},{\"@type\":\"BreadcrumbList\",\"@id\":\"https:\\\/\\\/patagoniambiental.com.ar\\\/info\\\/los-perros-se-deben-quedar-afuera-de-los-balnearios-en-neuquen\\\/#breadcrumb\",\"itemListElement\":[{\"@type\":\"ListItem\",\"position\":1,\"name\":\"Inicio\",\"item\":\"https:\\\/\\\/patagoniambiental.com.ar\\\/info\\\/\"},{\"@type\":\"ListItem\",\"position\":2,\"name\":\"Los perros se deben quedar afuera de los balnearios en Neuquen\"}]},{\"@type\":\"WebSite\",\"@id\":\"https:\\\/\\\/patagoniambiental.com.ar\\\/info\\\/#website\",\"url\":\"https:\\\/\\\/patagoniambiental.com.ar\\\/info\\\/\",\"name\":\"Patagonia Ambiental\",\"description\":\"Monitoreo y an\u00e1lisis de la situaci\u00f3n geopol\u00edtica en el mundo y su implicancia en la Patagonia\",\"publisher\":{\"@id\":\"https:\\\/\\\/patagoniambiental.com.ar\\\/info\\\/#organization\"},\"potentialAction\":[{\"@type\":\"SearchAction\",\"target\":{\"@type\":\"EntryPoint\",\"urlTemplate\":\"https:\\\/\\\/patagoniambiental.com.ar\\\/info\\\/?s={search_term_string}\"},\"query-input\":{\"@type\":\"PropertyValueSpecification\",\"valueRequired\":true,\"valueName\":\"search_term_string\"}}],\"inLanguage\":\"es\"},{\"@type\":\"Organization\",\"@id\":\"https:\\\/\\\/patagoniambiental.com.ar\\\/info\\\/#organization\",\"name\":\"Patagonia Ambiental\",\"url\":\"https:\\\/\\\/patagoniambiental.com.ar\\\/info\\\/\",\"logo\":{\"@type\":\"ImageObject\",\"inLanguage\":\"es\",\"@id\":\"https:\\\/\\\/patagoniambiental.com.ar\\\/info\\\/#\\\/schema\\\/logo\\\/image\\\/\",\"url\":\"https:\\\/\\\/patagoniambiental.com.ar\\\/info\\\/wp-content\\\/uploads\\\/2025\\\/05\\\/LOGO-PATAGONIA-AMBIENTAL.png\",\"contentUrl\":\"https:\\\/\\\/patagoniambiental.com.ar\\\/info\\\/wp-content\\\/uploads\\\/2025\\\/05\\\/LOGO-PATAGONIA-AMBIENTAL.png\",\"width\":433,\"height\":250,\"caption\":\"Patagonia Ambiental\"},\"image\":{\"@id\":\"https:\\\/\\\/patagoniambiental.com.ar\\\/info\\\/#\\\/schema\\\/logo\\\/image\\\/\"},\"sameAs\":[\"https:\\\/\\\/www.facebook.com\\\/patagonia.ambiental\",\"https:\\\/\\\/x.com\\\/PatAmb\"]},{\"@type\":\"Person\",\"@id\":\"https:\\\/\\\/patagoniambiental.com.ar\\\/info\\\/#\\\/schema\\\/person\\\/db12bff64bbcbf6a253710bf0ea37b5d\",\"name\":\"Patagonia Ambiental\",\"description\":\"Andr\u00e9s Nievas T\u00e9cnico en manejo ambiental, consultor Ambiental y escritor para medios locales e internacionales sobre temas de geopolitica y medio ambiente.\",\"sameAs\":[\"http:\\\/\\\/www.patagoniambiental.com.ar\",\"https:\\\/\\\/www.facebook.com\\\/share\\\/1C1V8Gv9BX\\\/?mibextid=qi2Omg\",\"@patagoniambiental\",\"https:\\\/\\\/youtube.com\\\/@patagoniaambiental2023?si=BLt58t0wuXquxlYZ\"]}]}<\/script>\n<!-- \/ Yoast SEO Premium plugin. -->","yoast_head_json":{"title":"Los perros se deben quedar afuera de los balnearios en Neuquen","robots":{"index":"index","follow":"follow","max-snippet":"max-snippet:-1","max-image-preview":"max-image-preview:large","max-video-preview":"max-video-preview:-1"},"canonical":"https:\/\/patagoniambiental.com.ar\/info\/los-perros-se-deben-quedar-afuera-de-los-balnearios-en-neuquen\/","og_locale":"es_ES","og_type":"article","og_title":"Los perros se deben quedar afuera de los balnearios en Neuquen","og_description":"NEUQU\u00c9N.La Municipalidad de Neuqu\u00e9n record\u00f3 que est\u00e1 prohibido llevar las mascotas al r\u00edo. En el resto de los espacios p\u00fablicos [&hellip;]","og_url":"https:\/\/patagoniambiental.com.ar\/info\/los-perros-se-deben-quedar-afuera-de-los-balnearios-en-neuquen\/","og_site_name":"Patagonia Ambiental","article_publisher":"https:\/\/www.facebook.com\/patagonia.ambiental","article_author":"https:\/\/www.facebook.com\/share\/1C1V8Gv9BX\/?mibextid=qi2Omg","article_published_time":"2017-12-08T22:00:11+00:00","author":"Patagonia Ambiental","twitter_card":"summary_large_image","twitter_creator":"@PatAmb","twitter_site":"@PatAmb","schema":{"@context":"https:\/\/schema.org","@graph":[{"@type":"Article","@id":"https:\/\/patagoniambiental.com.ar\/info\/los-perros-se-deben-quedar-afuera-de-los-balnearios-en-neuquen\/#article","isPartOf":{"@id":"https:\/\/patagoniambiental.com.ar\/info\/los-perros-se-deben-quedar-afuera-de-los-balnearios-en-neuquen\/"},"author":{"name":"Patagonia Ambiental","@id":"https:\/\/patagoniambiental.com.ar\/info\/#\/schema\/person\/db12bff64bbcbf6a253710bf0ea37b5d"},"headline":"Los perros se deben quedar afuera de los balnearios en Neuquen","datePublished":"2017-12-08T22:00:11+00:00","mainEntityOfPage":{"@id":"https:\/\/patagoniambiental.com.ar\/info\/los-perros-se-deben-quedar-afuera-de-los-balnearios-en-neuquen\/"},"wordCount":439,"commentCount":0,"publisher":{"@id":"https:\/\/patagoniambiental.com.ar\/info\/#organization"},"articleSection":["Noticias"],"inLanguage":"es","potentialAction":[{"@type":"CommentAction","name":"Comment","target":["https:\/\/patagoniambiental.com.ar\/info\/los-perros-se-deben-quedar-afuera-de-los-balnearios-en-neuquen\/#respond"]}]},{"@type":"WebPage","@id":"https:\/\/patagoniambiental.com.ar\/info\/los-perros-se-deben-quedar-afuera-de-los-balnearios-en-neuquen\/","url":"https:\/\/patagoniambiental.com.ar\/info\/los-perros-se-deben-quedar-afuera-de-los-balnearios-en-neuquen\/","name":"Los perros se deben quedar afuera de los balnearios en Neuquen","isPartOf":{"@id":"https:\/\/patagoniambiental.com.ar\/info\/#website"},"datePublished":"2017-12-08T22:00:11+00:00","breadcrumb":{"@id":"https:\/\/patagoniambiental.com.ar\/info\/los-perros-se-deben-quedar-afuera-de-los-balnearios-en-neuquen\/#breadcrumb"},"inLanguage":"es","potentialAction":[{"@type":"ReadAction","target":["https:\/\/patagoniambiental.com.ar\/info\/los-perros-se-deben-quedar-afuera-de-los-balnearios-en-neuquen\/"]}]},{"@type":"BreadcrumbList","@id":"https:\/\/patagoniambiental.com.ar\/info\/los-perros-se-deben-quedar-afuera-de-los-balnearios-en-neuquen\/#breadcrumb","itemListElement":[{"@type":"ListItem","position":1,"name":"Inicio","item":"https:\/\/patagoniambiental.com.ar\/info\/"},{"@type":"ListItem","position":2,"name":"Los perros se deben quedar afuera de los balnearios en Neuquen"}]},{"@type":"WebSite","@id":"https:\/\/patagoniambiental.com.ar\/info\/#website","url":"https:\/\/patagoniambiental.com.ar\/info\/","name":"Patagonia Ambiental","description":"Monitoreo y an\u00e1lisis de la situaci\u00f3n geopol\u00edtica en el mundo y su implicancia en la Patagonia","publisher":{"@id":"https:\/\/patagoniambiental.com.ar\/info\/#organization"},"potentialAction":[{"@type":"SearchAction","target":{"@type":"EntryPoint","urlTemplate":"https:\/\/patagoniambiental.com.ar\/info\/?s={search_term_string}"},"query-input":{"@type":"PropertyValueSpecification","valueRequired":true,"valueName":"search_term_string"}}],"inLanguage":"es"},{"@type":"Organization","@id":"https:\/\/patagoniambiental.com.ar\/info\/#organization","name":"Patagonia Ambiental","url":"https:\/\/patagoniambiental.com.ar\/info\/","logo":{"@type":"ImageObject","inLanguage":"es","@id":"https:\/\/patagoniambiental.com.ar\/info\/#\/schema\/logo\/image\/","url":"https:\/\/patagoniambiental.com.ar\/info\/wp-content\/uploads\/2025\/05\/LOGO-PATAGONIA-AMBIENTAL.png","contentUrl":"https:\/\/patagoniambiental.com.ar\/info\/wp-content\/uploads\/2025\/05\/LOGO-PATAGONIA-AMBIENTAL.png","width":433,"height":250,"caption":"Patagonia Ambiental"},"image":{"@id":"https:\/\/patagoniambiental.com.ar\/info\/#\/schema\/logo\/image\/"},"sameAs":["https:\/\/www.facebook.com\/patagonia.ambiental","https:\/\/x.com\/PatAmb"]},{"@type":"Person","@id":"https:\/\/patagoniambiental.com.ar\/info\/#\/schema\/person\/db12bff64bbcbf6a253710bf0ea37b5d","name":"Patagonia Ambiental","description":"Andr\u00e9s Nievas T\u00e9cnico en manejo ambiental, consultor Ambiental y escritor para medios locales e internacionales sobre temas de geopolitica y medio ambiente.","sameAs":["http:\/\/www.patagoniambiental.com.ar","https:\/\/www.facebook.com\/share\/1C1V8Gv9BX\/?mibextid=qi2Omg","@patagoniambiental","https:\/\/youtube.com\/@patagoniaambiental2023?si=BLt58t0wuXquxlYZ"]}]}},"_links":{"self":[{"href":"https:\/\/patagoniambiental.com.ar\/info\/wp-json\/wp\/v2\/posts\/39498","targetHints":{"allow":["GET"]}}],"collection":[{"href":"https:\/\/patagoniambiental.com.ar\/info\/wp-json\/wp\/v2\/posts"}],"about":[{"href":"https:\/\/patagoniambiental.com.ar\/info\/wp-json\/wp\/v2\/types\/post"}],"author":[{"embeddable":true,"href":"https:\/\/patagoniambiental.com.ar\/info\/wp-json\/wp\/v2\/users\/2"}],"replies":[{"embeddable":true,"href":"https:\/\/patagoniambiental.com.ar\/info\/wp-json\/wp\/v2\/comments?post=39498"}],"version-history":[{"count":0,"href":"https:\/\/patagoniambiental.com.ar\/info\/wp-json\/wp\/v2\/posts\/39498\/revisions"}],"wp:attachment":[{"href":"https:\/\/patagoniambiental.com.ar\/info\/wp-json\/wp\/v2\/media?parent=39498"}],"wp:term":[{"taxonomy":"category","embeddable":true,"href":"https:\/\/patagoniambiental.com.ar\/info\/wp-json\/wp\/v2\/categories?post=39498"},{"taxonomy":"post_tag","embeddable":true,"href":"https:\/\/patagoniambiental.com.ar\/info\/wp-json\/wp\/v2\/tags?post=39498"}],"curies":[{"name":"wp","href":"https:\/\/api.w.org\/{rel}","templated":true}]}}