{"id":39501,"date":"2017-12-08T09:00:44","date_gmt":"2017-12-08T12:00:44","guid":{"rendered":"http:\/\/patagoniambiental.com.ar\/info\/?p=39501"},"modified":"2017-12-07T21:24:08","modified_gmt":"2017-12-08T00:24:08","slug":"rio-negro-defiende-su-potestad-sobre-el-manejo-del-recurso-pesquero-en-el-golfo-san-matias","status":"publish","type":"post","link":"https:\/\/patagoniambiental.com.ar\/info\/rio-negro-defiende-su-potestad-sobre-el-manejo-del-recurso-pesquero-en-el-golfo-san-matias\/","title":{"rendered":"R\u00edo Negro defiende su potestad sobre el manejo del recurso pesquero en el Golfo San Mat\u00edas"},"content":{"rendered":"<p>R\u00cdO NEGRO.-\u00a0\u201cDefenderemos lo intereses y los recursos rionegrinos y estamos en la vereda de enfrente de cualquier actitud que quiera vulnerarlos\u201d, sostuvo hoy el gobernador Alberto Weretilneck ante el reclamo de la C\u00e1mara de la Industria Pesquera Argentina de intervenir en la administraci\u00f3n del caladero del de langostino en el Golfo San Mat\u00edas.<\/p>\n<p>De esta manera el Mandatario Provincial fij\u00f3 posici\u00f3n ante el pedido realizado por la CAIPA (C\u00e1mara de la Industria Pesquera Argentina) para que el Consejo Federal Pesquero tenga injerencia en el manejo del recurso del langostino en la jurisdicci\u00f3n rionegrina, argumentando que se trata de una especia transzonal.<\/p>\n<p>Bajo este argumento, desde la CAIPA seguramente luego se pretender\u00e1 que los buques que poseen permisos nacionales puedan capturar estas especies en el Golfo San Mat\u00edas, que es de jurisdicci\u00f3n estrictamente provincial.<\/p>\n<p>Weretilneck record\u00f3 que \u201cde acuerdo a lo establecido por el Art. 70 de la Constituci\u00f3n y las leyes nacionales, el manejo en el Golfo San Mat\u00edas es jurisdicci\u00f3n exclusiva de la Provincia\u201d.<\/p>\n<p>Reiter\u00f3 que \u201cen defensa de los intereses de los rionegrinos, de su recurso pesquero y de las fuentes laborales que ellos implican, nos pondremos enfrente de cualquier entidad, c\u00e1mara o grupo econ\u00f3mico que pretenda vulnerar los derechos de la Provincia y depredar nuestro mar\u201d.<\/p>\n<p>\u201cEstamos llevando adelante un trabajo a conciencia entre el Estado y los pescadores para que no se vea afectado negativamente el recurso, y de ninguna manera permitiremos que intereses for\u00e1neos pongan en riesgo esta actividad econ\u00f3mica de los rionegrinos\u201d, a\u00f1adi\u00f3.<\/p>\n<p>Sostuvo que \u201cmientras las grandes empresas han devastado en muchos casos el mar argentino, nosotros en R\u00edo Negro hemos defendido siempre nuestro recurso y lo seguiremos haciendo. Por ello llevaremos nuestra posici\u00f3n al Consejo Federal Pesquero y las m\u00e1ximas autoridades para impedir que se vulnere nuestra leg\u00edtima potestad\u201d.<\/p>\n<p>Asimismo, el Gobernador ratific\u00f3 su acompa\u00f1amiento a la nota elevado al Consejo Federal Pesquero por parte de todos los actores vinculados a la pesca en el Golfo San Mat\u00edas, en la que se rechaza el pedido de la CAIPA.<\/p>\n<p>La postura del Gobernador se suma al proyecto de Comunicaci\u00f3n presentado en la Legislatura de R\u00edo Negro sumando su rechazo a la pretensi\u00f3n de la C\u00e1mara.<\/p>\n<p>Fuente: Gobierno de R\u00edo Negro<\/p>\n","protected":false},"excerpt":{"rendered":"<p>R\u00cdO NEGRO.-\u00a0\u201cDefenderemos lo intereses y los recursos rionegrinos y estamos en la vereda de enfrente de cualquier actitud que quiera [&hellip;]<\/p>\n","protected":false},"author":2,"featured_media":0,"comment_status":"open","ping_status":"open","sticky":false,"template":"","format":"standard","meta":{"site-sidebar-layout":"default","site-content-layout":"","ast-site-content-layout":"default","site-content-style":"default","site-sidebar-style":"default","ast-global-header-display":"","ast-banner-title-visibility":"","ast-main-header-display":"","ast-hfb-above-header-display":"","ast-hfb-below-header-display":"","ast-hfb-mobile-header-display":"","site-post-title":"","ast-breadcrumbs-content":"","ast-featured-img":"","footer-sml-layout":"","ast-disable-related-posts":"","theme-transparent-header-meta":"","adv-header-id-meta":"","stick-header-meta":"","header-above-stick-meta":"","header-main-stick-meta":"","header-below-stick-meta":"","astra-migrate-meta-layouts":"default","ast-page-background-enabled":"default","ast-page-background-meta":{"desktop":{"background-color":"var(--ast-global-color-5)","background-image":"","background-repeat":"repeat","background-position":"center center","background-size":"auto","background-attachment":"scroll","background-type":"","background-media":"","overlay-type":"","overlay-color":"","overlay-opacity":"","overlay-gradient":""},"tablet":{"background-color":"","background-image":"","background-repeat":"repeat","background-position":"center center","background-size":"auto","background-attachment":"scroll","background-type":"","background-media":"","overlay-type":"","overlay-color":"","overlay-opacity":"","overlay-gradient":""},"mobile":{"background-color":"","background-image":"","background-repeat":"repeat","background-position":"center center","background-size":"auto","background-attachment":"scroll","background-type":"","background-media":"","overlay-type":"","overlay-color":"","overlay-opacity":"","overlay-gradient":""}},"ast-content-background-meta":{"desktop":{"background-color":"var(--ast-global-color-4)","background-image":"","background-repeat":"repeat","background-position":"center center","background-size":"auto","background-attachment":"scroll","background-type":"","background-media":"","overlay-type":"","overlay-color":"","overlay-opacity":"","overlay-gradient":""},"tablet":{"background-color":"var(--ast-global-color-4)","background-image":"","background-repeat":"repeat","background-position":"center center","background-size":"auto","background-attachment":"scroll","background-type":"","background-media":"","overlay-type":"","overlay-color":"","overlay-opacity":"","overlay-gradient":""},"mobile":{"background-color":"var(--ast-global-color-4)","background-image":"","background-repeat":"repeat","background-position":"center center","background-size":"auto","background-attachment":"scroll","background-type":"","background-media":"","overlay-type":"","overlay-color":"","overlay-opacity":"","overlay-gradient":""}},"footnotes":""},"categories":[1],"tags":[],"class_list":["post-39501","post","type-post","status-publish","format-standard","hentry","category-noticias"],"yoast_head":"<!-- This site is optimized with the Yoast SEO Premium plugin v23.0 (Yoast SEO v27.4) - https:\/\/yoast.com\/product\/yoast-seo-premium-wordpress\/ -->\n<title>R\u00edo Negro defiende su potestad sobre el manejo del recurso pesquero en el Golfo San Mat\u00edas<\/title>\n<meta name=\"robots\" content=\"index, follow, max-snippet:-1, max-image-preview:large, max-video-preview:-1\" \/>\n<link rel=\"canonical\" href=\"https:\/\/patagoniambiental.com.ar\/info\/rio-negro-defiende-su-potestad-sobre-el-manejo-del-recurso-pesquero-en-el-golfo-san-matias\/\" \/>\n<meta property=\"og:locale\" content=\"es_ES\" \/>\n<meta property=\"og:type\" content=\"article\" \/>\n<meta property=\"og:title\" content=\"R\u00edo Negro defiende su potestad sobre el manejo del recurso pesquero en el Golfo San Mat\u00edas\" \/>\n<meta property=\"og:description\" content=\"R\u00cdO NEGRO.-\u00a0\u201cDefenderemos lo intereses y los recursos rionegrinos y estamos en la vereda de enfrente de cualquier actitud que quiera [&hellip;]\" \/>\n<meta property=\"og:url\" content=\"https:\/\/patagoniambiental.com.ar\/info\/rio-negro-defiende-su-potestad-sobre-el-manejo-del-recurso-pesquero-en-el-golfo-san-matias\/\" \/>\n<meta property=\"og:site_name\" content=\"Patagonia Ambiental\" \/>\n<meta property=\"article:publisher\" content=\"https:\/\/www.facebook.com\/patagonia.ambiental\" \/>\n<meta property=\"article:author\" content=\"https:\/\/www.facebook.com\/share\/1C1V8Gv9BX\/?mibextid=qi2Omg\" \/>\n<meta property=\"article:published_time\" content=\"2017-12-08T12:00:44+00:00\" \/>\n<meta name=\"author\" content=\"Patagonia Ambiental\" \/>\n<meta name=\"twitter:card\" content=\"summary_large_image\" \/>\n<meta name=\"twitter:creator\" content=\"@PatAmb\" \/>\n<meta name=\"twitter:site\" content=\"@PatAmb\" \/>\n<script type=\"application\/ld+json\" class=\"yoast-schema-graph\">{\"@context\":\"https:\\\/\\\/schema.org\",\"@graph\":[{\"@type\":\"Article\",\"@id\":\"https:\\\/\\\/patagoniambiental.com.ar\\\/info\\\/rio-negro-defiende-su-potestad-sobre-el-manejo-del-recurso-pesquero-en-el-golfo-san-matias\\\/#article\",\"isPartOf\":{\"@id\":\"https:\\\/\\\/patagoniambiental.com.ar\\\/info\\\/rio-negro-defiende-su-potestad-sobre-el-manejo-del-recurso-pesquero-en-el-golfo-san-matias\\\/\"},\"author\":{\"name\":\"Patagonia Ambiental\",\"@id\":\"https:\\\/\\\/patagoniambiental.com.ar\\\/info\\\/#\\\/schema\\\/person\\\/db12bff64bbcbf6a253710bf0ea37b5d\"},\"headline\":\"R\u00edo Negro defiende su potestad sobre el manejo del recurso pesquero en el Golfo San Mat\u00edas\",\"datePublished\":\"2017-12-08T12:00:44+00:00\",\"mainEntityOfPage\":{\"@id\":\"https:\\\/\\\/patagoniambiental.com.ar\\\/info\\\/rio-negro-defiende-su-potestad-sobre-el-manejo-del-recurso-pesquero-en-el-golfo-san-matias\\\/\"},\"wordCount\":414,\"commentCount\":0,\"publisher\":{\"@id\":\"https:\\\/\\\/patagoniambiental.com.ar\\\/info\\\/#organization\"},\"articleSection\":[\"Noticias\"],\"inLanguage\":\"es\",\"potentialAction\":[{\"@type\":\"CommentAction\",\"name\":\"Comment\",\"target\":[\"https:\\\/\\\/patagoniambiental.com.ar\\\/info\\\/rio-negro-defiende-su-potestad-sobre-el-manejo-del-recurso-pesquero-en-el-golfo-san-matias\\\/#respond\"]}]},{\"@type\":\"WebPage\",\"@id\":\"https:\\\/\\\/patagoniambiental.com.ar\\\/info\\\/rio-negro-defiende-su-potestad-sobre-el-manejo-del-recurso-pesquero-en-el-golfo-san-matias\\\/\",\"url\":\"https:\\\/\\\/patagoniambiental.com.ar\\\/info\\\/rio-negro-defiende-su-potestad-sobre-el-manejo-del-recurso-pesquero-en-el-golfo-san-matias\\\/\",\"name\":\"R\u00edo Negro defiende su potestad sobre el manejo del recurso pesquero en el Golfo San Mat\u00edas\",\"isPartOf\":{\"@id\":\"https:\\\/\\\/patagoniambiental.com.ar\\\/info\\\/#website\"},\"datePublished\":\"2017-12-08T12:00:44+00:00\",\"breadcrumb\":{\"@id\":\"https:\\\/\\\/patagoniambiental.com.ar\\\/info\\\/rio-negro-defiende-su-potestad-sobre-el-manejo-del-recurso-pesquero-en-el-golfo-san-matias\\\/#breadcrumb\"},\"inLanguage\":\"es\",\"potentialAction\":[{\"@type\":\"ReadAction\",\"target\":[\"https:\\\/\\\/patagoniambiental.com.ar\\\/info\\\/rio-negro-defiende-su-potestad-sobre-el-manejo-del-recurso-pesquero-en-el-golfo-san-matias\\\/\"]}]},{\"@type\":\"BreadcrumbList\",\"@id\":\"https:\\\/\\\/patagoniambiental.com.ar\\\/info\\\/rio-negro-defiende-su-potestad-sobre-el-manejo-del-recurso-pesquero-en-el-golfo-san-matias\\\/#breadcrumb\",\"itemListElement\":[{\"@type\":\"ListItem\",\"position\":1,\"name\":\"Inicio\",\"item\":\"https:\\\/\\\/patagoniambiental.com.ar\\\/info\\\/\"},{\"@type\":\"ListItem\",\"position\":2,\"name\":\"R\u00edo Negro defiende su potestad sobre el manejo del recurso pesquero en el Golfo San Mat\u00edas\"}]},{\"@type\":\"WebSite\",\"@id\":\"https:\\\/\\\/patagoniambiental.com.ar\\\/info\\\/#website\",\"url\":\"https:\\\/\\\/patagoniambiental.com.ar\\\/info\\\/\",\"name\":\"Patagonia Ambiental\",\"description\":\"Monitoreo y an\u00e1lisis de la situaci\u00f3n geopol\u00edtica en el mundo y su implicancia en la Patagonia\",\"publisher\":{\"@id\":\"https:\\\/\\\/patagoniambiental.com.ar\\\/info\\\/#organization\"},\"potentialAction\":[{\"@type\":\"SearchAction\",\"target\":{\"@type\":\"EntryPoint\",\"urlTemplate\":\"https:\\\/\\\/patagoniambiental.com.ar\\\/info\\\/?s={search_term_string}\"},\"query-input\":{\"@type\":\"PropertyValueSpecification\",\"valueRequired\":true,\"valueName\":\"search_term_string\"}}],\"inLanguage\":\"es\"},{\"@type\":\"Organization\",\"@id\":\"https:\\\/\\\/patagoniambiental.com.ar\\\/info\\\/#organization\",\"name\":\"Patagonia Ambiental\",\"url\":\"https:\\\/\\\/patagoniambiental.com.ar\\\/info\\\/\",\"logo\":{\"@type\":\"ImageObject\",\"inLanguage\":\"es\",\"@id\":\"https:\\\/\\\/patagoniambiental.com.ar\\\/info\\\/#\\\/schema\\\/logo\\\/image\\\/\",\"url\":\"https:\\\/\\\/patagoniambiental.com.ar\\\/info\\\/wp-content\\\/uploads\\\/2025\\\/05\\\/LOGO-PATAGONIA-AMBIENTAL.png\",\"contentUrl\":\"https:\\\/\\\/patagoniambiental.com.ar\\\/info\\\/wp-content\\\/uploads\\\/2025\\\/05\\\/LOGO-PATAGONIA-AMBIENTAL.png\",\"width\":433,\"height\":250,\"caption\":\"Patagonia Ambiental\"},\"image\":{\"@id\":\"https:\\\/\\\/patagoniambiental.com.ar\\\/info\\\/#\\\/schema\\\/logo\\\/image\\\/\"},\"sameAs\":[\"https:\\\/\\\/www.facebook.com\\\/patagonia.ambiental\",\"https:\\\/\\\/x.com\\\/PatAmb\"]},{\"@type\":\"Person\",\"@id\":\"https:\\\/\\\/patagoniambiental.com.ar\\\/info\\\/#\\\/schema\\\/person\\\/db12bff64bbcbf6a253710bf0ea37b5d\",\"name\":\"Patagonia Ambiental\",\"description\":\"Andr\u00e9s Nievas T\u00e9cnico en manejo ambiental, consultor Ambiental y escritor para medios locales e internacionales sobre temas de geopolitica y medio ambiente.\",\"sameAs\":[\"http:\\\/\\\/www.patagoniambiental.com.ar\",\"https:\\\/\\\/www.facebook.com\\\/share\\\/1C1V8Gv9BX\\\/?mibextid=qi2Omg\",\"@patagoniambiental\",\"https:\\\/\\\/youtube.com\\\/@patagoniaambiental2023?si=BLt58t0wuXquxlYZ\"]}]}<\/script>\n<!-- \/ Yoast SEO Premium plugin. -->","yoast_head_json":{"title":"R\u00edo Negro defiende su potestad sobre el manejo del recurso pesquero en el Golfo San Mat\u00edas","robots":{"index":"index","follow":"follow","max-snippet":"max-snippet:-1","max-image-preview":"max-image-preview:large","max-video-preview":"max-video-preview:-1"},"canonical":"https:\/\/patagoniambiental.com.ar\/info\/rio-negro-defiende-su-potestad-sobre-el-manejo-del-recurso-pesquero-en-el-golfo-san-matias\/","og_locale":"es_ES","og_type":"article","og_title":"R\u00edo Negro defiende su potestad sobre el manejo del recurso pesquero en el Golfo San Mat\u00edas","og_description":"R\u00cdO NEGRO.-\u00a0\u201cDefenderemos lo intereses y los recursos rionegrinos y estamos en la vereda de enfrente de cualquier actitud que quiera [&hellip;]","og_url":"https:\/\/patagoniambiental.com.ar\/info\/rio-negro-defiende-su-potestad-sobre-el-manejo-del-recurso-pesquero-en-el-golfo-san-matias\/","og_site_name":"Patagonia Ambiental","article_publisher":"https:\/\/www.facebook.com\/patagonia.ambiental","article_author":"https:\/\/www.facebook.com\/share\/1C1V8Gv9BX\/?mibextid=qi2Omg","article_published_time":"2017-12-08T12:00:44+00:00","author":"Patagonia Ambiental","twitter_card":"summary_large_image","twitter_creator":"@PatAmb","twitter_site":"@PatAmb","schema":{"@context":"https:\/\/schema.org","@graph":[{"@type":"Article","@id":"https:\/\/patagoniambiental.com.ar\/info\/rio-negro-defiende-su-potestad-sobre-el-manejo-del-recurso-pesquero-en-el-golfo-san-matias\/#article","isPartOf":{"@id":"https:\/\/patagoniambiental.com.ar\/info\/rio-negro-defiende-su-potestad-sobre-el-manejo-del-recurso-pesquero-en-el-golfo-san-matias\/"},"author":{"name":"Patagonia Ambiental","@id":"https:\/\/patagoniambiental.com.ar\/info\/#\/schema\/person\/db12bff64bbcbf6a253710bf0ea37b5d"},"headline":"R\u00edo Negro defiende su potestad sobre el manejo del recurso pesquero en el Golfo San Mat\u00edas","datePublished":"2017-12-08T12:00:44+00:00","mainEntityOfPage":{"@id":"https:\/\/patagoniambiental.com.ar\/info\/rio-negro-defiende-su-potestad-sobre-el-manejo-del-recurso-pesquero-en-el-golfo-san-matias\/"},"wordCount":414,"commentCount":0,"publisher":{"@id":"https:\/\/patagoniambiental.com.ar\/info\/#organization"},"articleSection":["Noticias"],"inLanguage":"es","potentialAction":[{"@type":"CommentAction","name":"Comment","target":["https:\/\/patagoniambiental.com.ar\/info\/rio-negro-defiende-su-potestad-sobre-el-manejo-del-recurso-pesquero-en-el-golfo-san-matias\/#respond"]}]},{"@type":"WebPage","@id":"https:\/\/patagoniambiental.com.ar\/info\/rio-negro-defiende-su-potestad-sobre-el-manejo-del-recurso-pesquero-en-el-golfo-san-matias\/","url":"https:\/\/patagoniambiental.com.ar\/info\/rio-negro-defiende-su-potestad-sobre-el-manejo-del-recurso-pesquero-en-el-golfo-san-matias\/","name":"R\u00edo Negro defiende su potestad sobre el manejo del recurso pesquero en el Golfo San Mat\u00edas","isPartOf":{"@id":"https:\/\/patagoniambiental.com.ar\/info\/#website"},"datePublished":"2017-12-08T12:00:44+00:00","breadcrumb":{"@id":"https:\/\/patagoniambiental.com.ar\/info\/rio-negro-defiende-su-potestad-sobre-el-manejo-del-recurso-pesquero-en-el-golfo-san-matias\/#breadcrumb"},"inLanguage":"es","potentialAction":[{"@type":"ReadAction","target":["https:\/\/patagoniambiental.com.ar\/info\/rio-negro-defiende-su-potestad-sobre-el-manejo-del-recurso-pesquero-en-el-golfo-san-matias\/"]}]},{"@type":"BreadcrumbList","@id":"https:\/\/patagoniambiental.com.ar\/info\/rio-negro-defiende-su-potestad-sobre-el-manejo-del-recurso-pesquero-en-el-golfo-san-matias\/#breadcrumb","itemListElement":[{"@type":"ListItem","position":1,"name":"Inicio","item":"https:\/\/patagoniambiental.com.ar\/info\/"},{"@type":"ListItem","position":2,"name":"R\u00edo Negro defiende su potestad sobre el manejo del recurso pesquero en el Golfo San Mat\u00edas"}]},{"@type":"WebSite","@id":"https:\/\/patagoniambiental.com.ar\/info\/#website","url":"https:\/\/patagoniambiental.com.ar\/info\/","name":"Patagonia Ambiental","description":"Monitoreo y an\u00e1lisis de la situaci\u00f3n geopol\u00edtica en el mundo y su implicancia en la Patagonia","publisher":{"@id":"https:\/\/patagoniambiental.com.ar\/info\/#organization"},"potentialAction":[{"@type":"SearchAction","target":{"@type":"EntryPoint","urlTemplate":"https:\/\/patagoniambiental.com.ar\/info\/?s={search_term_string}"},"query-input":{"@type":"PropertyValueSpecification","valueRequired":true,"valueName":"search_term_string"}}],"inLanguage":"es"},{"@type":"Organization","@id":"https:\/\/patagoniambiental.com.ar\/info\/#organization","name":"Patagonia Ambiental","url":"https:\/\/patagoniambiental.com.ar\/info\/","logo":{"@type":"ImageObject","inLanguage":"es","@id":"https:\/\/patagoniambiental.com.ar\/info\/#\/schema\/logo\/image\/","url":"https:\/\/patagoniambiental.com.ar\/info\/wp-content\/uploads\/2025\/05\/LOGO-PATAGONIA-AMBIENTAL.png","contentUrl":"https:\/\/patagoniambiental.com.ar\/info\/wp-content\/uploads\/2025\/05\/LOGO-PATAGONIA-AMBIENTAL.png","width":433,"height":250,"caption":"Patagonia Ambiental"},"image":{"@id":"https:\/\/patagoniambiental.com.ar\/info\/#\/schema\/logo\/image\/"},"sameAs":["https:\/\/www.facebook.com\/patagonia.ambiental","https:\/\/x.com\/PatAmb"]},{"@type":"Person","@id":"https:\/\/patagoniambiental.com.ar\/info\/#\/schema\/person\/db12bff64bbcbf6a253710bf0ea37b5d","name":"Patagonia Ambiental","description":"Andr\u00e9s Nievas T\u00e9cnico en manejo ambiental, consultor Ambiental y escritor para medios locales e internacionales sobre temas de geopolitica y medio ambiente.","sameAs":["http:\/\/www.patagoniambiental.com.ar","https:\/\/www.facebook.com\/share\/1C1V8Gv9BX\/?mibextid=qi2Omg","@patagoniambiental","https:\/\/youtube.com\/@patagoniaambiental2023?si=BLt58t0wuXquxlYZ"]}]}},"_links":{"self":[{"href":"https:\/\/patagoniambiental.com.ar\/info\/wp-json\/wp\/v2\/posts\/39501","targetHints":{"allow":["GET"]}}],"collection":[{"href":"https:\/\/patagoniambiental.com.ar\/info\/wp-json\/wp\/v2\/posts"}],"about":[{"href":"https:\/\/patagoniambiental.com.ar\/info\/wp-json\/wp\/v2\/types\/post"}],"author":[{"embeddable":true,"href":"https:\/\/patagoniambiental.com.ar\/info\/wp-json\/wp\/v2\/users\/2"}],"replies":[{"embeddable":true,"href":"https:\/\/patagoniambiental.com.ar\/info\/wp-json\/wp\/v2\/comments?post=39501"}],"version-history":[{"count":0,"href":"https:\/\/patagoniambiental.com.ar\/info\/wp-json\/wp\/v2\/posts\/39501\/revisions"}],"wp:attachment":[{"href":"https:\/\/patagoniambiental.com.ar\/info\/wp-json\/wp\/v2\/media?parent=39501"}],"wp:term":[{"taxonomy":"category","embeddable":true,"href":"https:\/\/patagoniambiental.com.ar\/info\/wp-json\/wp\/v2\/categories?post=39501"},{"taxonomy":"post_tag","embeddable":true,"href":"https:\/\/patagoniambiental.com.ar\/info\/wp-json\/wp\/v2\/tags?post=39501"}],"curies":[{"name":"wp","href":"https:\/\/api.w.org\/{rel}","templated":true}]}}