{"id":39516,"date":"2017-12-09T09:00:29","date_gmt":"2017-12-09T12:00:29","guid":{"rendered":"http:\/\/patagoniambiental.com.ar\/info\/?p=39516"},"modified":"2017-12-09T08:33:43","modified_gmt":"2017-12-09T11:33:43","slug":"guardaparques-chubutenses-participaron-del-encuentro-federal-en-mendoza","status":"publish","type":"post","link":"https:\/\/patagoniambiental.com.ar\/info\/guardaparques-chubutenses-participaron-del-encuentro-federal-en-mendoza\/","title":{"rendered":"Guardaparques chubutenses participaron del Encuentro Federal en Mendoza"},"content":{"rendered":"<p>MENDOZA.- Entre el 5 y el 7 de diciembre, una delegaci\u00f3n de guardaparques chubutenses de Lago Puelo y Los Alerces particip\u00f3, en el Regimiento de Infanter\u00eda de Monta\u00f1a N\u00ba 16 de Uspallata, Mendoza, del Encuentro Federal de Guardaparques, organizado por la Administraci\u00f3n de Parques Nacionales (APN).<br \/>\nJunto a m\u00e1s de cien guardaparques de \u00e1reas protegidas nacionales y provinciales, el evento se desarroll\u00f3 en el marco del fortalecimiento del Sistema Federal de \u00c1reas Protegidas (SIFAP) que forma parte del Proyecto GEF Corredores Rurales y Biodiversidad llevado adelante por el Ministerio de Ambiente y Desarrollo Sustentable y Parques Nacionales desde la Unidad de Coordinaci\u00f3n para la Ejecuci\u00f3n de Proyectos con Financiamiento Externo (UCEFE).<br \/>\nTambi\u00e9n participaron guardaparques de los Parques Nacionales Calilegua, El Rey, Campo de los Alisos, Campos del Tuy\u00fa, Chaco, El Impenetrable, Mburucuy\u00e1, Quebrada del Condorito, Talampaya, Sierra de las Quijadas, Lihu\u00e9 Calel, Lan\u00edn, Laguna Blanca, Los Glaciares, Bosques Petrificados de Jaramillo y Tierra del Fuego; la Reserva Natural Formosa, las Reservas Naturales Estricta San Antonio y Educativa Colonia Ben\u00edtez, el Monumento Natural Laguna de los Pozuelos y el futuro Parque Nacional Iber\u00e1.<br \/>\nPor su parte, las \u00e1reas protegidas provinciales estuvieron representadas por guardaparques de Salta, Jujuy, Catamarca, Formosa, Chaco, Corrientes, Misiones, Entre R\u00edos, Santa Fe, C\u00f3rdoba, La Rioja, San Juan, Mendoza, San Luis, Buenos Aires, Neuqu\u00e9n, R\u00edo Negro, Santa Cruz y Tierra del Fuego.<\/p>\n<p><strong>Cuidar la biodiversidad<\/strong><\/p>\n<p>La apertura estuvo a cargo del vicepresidente de Parques Nacionales, Emiliano Ezcurra, junto al secretario de Ambiente y Ordenamiento Territorial de la Provincia de Mendoza, y cont\u00f3 con la participaci\u00f3n del director nacional de Uso P\u00fablico de APN, Eduardo Ceccotti.<br \/>\n\u201cLa fauna, la flora y los turistas no entienden de jurisdicciones; lo importante es que cuidemos la biodiversidad m\u00e1s all\u00e1 de lo que estas establecen y generar par\u00e1metros claros sobre d\u00f3nde es necesario expandir las \u00e1reas protegidas nacionales y las provinciales, que juegan un rol fundamental por ser los lugares donde empiezan a dar sus primeros pasos los futuros bi\u00f3logos, guardaparques y brigadistas\u201d, expres\u00f3 Ezcurra durante la apertura del Encuentro.<br \/>\nEl vicepresidente de Parques Nacionales present\u00f3 el Sistema Nacional de \u00c1reas Protegidas, mientras que representantes provinciales lo hicieron con sus respectivos sistemas. Asimismo, el director nacional de Uso P\u00fablico de APN expuso sobre la importancia de transmitir valores de conservaci\u00f3n al visitante, la calidad de la visita y el turismo sostenible, seg\u00fan par\u00e1metros de la Organizaci\u00f3n Mundial de Turismo.<br \/>\nDurante las jornadas se trabaj\u00f3 en diversas tem\u00e1ticas como la prevenci\u00f3n y control de incendios, experiencias de uso sustentable de especies, manejo de especies ex\u00f3ticas, cambio clim\u00e1tico, cooperaci\u00f3n interjurisdiccional y corredores como estrategia de conservaci\u00f3n.<\/p>\n<p><strong>Proyecto GEF Corredores Rurales<\/strong><\/p>\n<p>Impulsa el fortalecimiento del Sistema Federal de \u00c1reas Protegidas, encargado de planificar y coordinar la participaci\u00f3n de las m\u00faltiples partes interesadas en la conservaci\u00f3n de la biodiversidad de las \u00e1reas protegidas, el uso sostenible de sus componentes y de los recursos culturales asociados.<br \/>\nEl Primer Encuentro Federal de Guardaparques tuvo el objetivo de profundizar y fortalecer el trabajo conjunto. Es con ese esp\u00edritu que se busca promover el intercambio y la confraternizaci\u00f3n entre los agentes de conservaci\u00f3n de las Provincias y de la Naci\u00f3n a trav\u00e9s de capacitaciones y generando el espacio para compartir el conocimiento y el trabajo que se realiza en cada una de las regiones y provincias.<\/p>\n<div class=\"sharedaddy sd-sharing-enabled\">\u00a0Fuente:\u00a0http:\/\/www.eldiariodemadryn.com\/2017\/12\/guardaparques-chubutenses-participaron-del-encuentro-federal-en-mendoza\/<\/div>\n","protected":false},"excerpt":{"rendered":"<p>MENDOZA.- Entre el 5 y el 7 de diciembre, una delegaci\u00f3n de guardaparques chubutenses de Lago Puelo y Los Alerces [&hellip;]<\/p>\n","protected":false},"author":2,"featured_media":0,"comment_status":"open","ping_status":"open","sticky":false,"template":"","format":"standard","meta":{"site-sidebar-layout":"default","site-content-layout":"","ast-site-content-layout":"default","site-content-style":"default","site-sidebar-style":"default","ast-global-header-display":"","ast-banner-title-visibility":"","ast-main-header-display":"","ast-hfb-above-header-display":"","ast-hfb-below-header-display":"","ast-hfb-mobile-header-display":"","site-post-title":"","ast-breadcrumbs-content":"","ast-featured-img":"","footer-sml-layout":"","ast-disable-related-posts":"","theme-transparent-header-meta":"","adv-header-id-meta":"","stick-header-meta":"","header-above-stick-meta":"","header-main-stick-meta":"","header-below-stick-meta":"","astra-migrate-meta-layouts":"default","ast-page-background-enabled":"default","ast-page-background-meta":{"desktop":{"background-color":"var(--ast-global-color-5)","background-image":"","background-repeat":"repeat","background-position":"center center","background-size":"auto","background-attachment":"scroll","background-type":"","background-media":"","overlay-type":"","overlay-color":"","overlay-opacity":"","overlay-gradient":""},"tablet":{"background-color":"","background-image":"","background-repeat":"repeat","background-position":"center center","background-size":"auto","background-attachment":"scroll","background-type":"","background-media":"","overlay-type":"","overlay-color":"","overlay-opacity":"","overlay-gradient":""},"mobile":{"background-color":"","background-image":"","background-repeat":"repeat","background-position":"center center","background-size":"auto","background-attachment":"scroll","background-type":"","background-media":"","overlay-type":"","overlay-color":"","overlay-opacity":"","overlay-gradient":""}},"ast-content-background-meta":{"desktop":{"background-color":"var(--ast-global-color-4)","background-image":"","background-repeat":"repeat","background-position":"center center","background-size":"auto","background-attachment":"scroll","background-type":"","background-media":"","overlay-type":"","overlay-color":"","overlay-opacity":"","overlay-gradient":""},"tablet":{"background-color":"var(--ast-global-color-4)","background-image":"","background-repeat":"repeat","background-position":"center center","background-size":"auto","background-attachment":"scroll","background-type":"","background-media":"","overlay-type":"","overlay-color":"","overlay-opacity":"","overlay-gradient":""},"mobile":{"background-color":"var(--ast-global-color-4)","background-image":"","background-repeat":"repeat","background-position":"center center","background-size":"auto","background-attachment":"scroll","background-type":"","background-media":"","overlay-type":"","overlay-color":"","overlay-opacity":"","overlay-gradient":""}},"footnotes":""},"categories":[1],"tags":[],"class_list":["post-39516","post","type-post","status-publish","format-standard","hentry","category-noticias"],"yoast_head":"<!-- This site is optimized with the Yoast SEO Premium plugin v23.0 (Yoast SEO v27.4) - https:\/\/yoast.com\/product\/yoast-seo-premium-wordpress\/ -->\n<title>Guardaparques chubutenses participaron del Encuentro Federal en Mendoza<\/title>\n<meta name=\"robots\" content=\"index, follow, max-snippet:-1, max-image-preview:large, max-video-preview:-1\" \/>\n<link rel=\"canonical\" href=\"https:\/\/patagoniambiental.com.ar\/info\/guardaparques-chubutenses-participaron-del-encuentro-federal-en-mendoza\/\" \/>\n<meta property=\"og:locale\" content=\"es_ES\" \/>\n<meta property=\"og:type\" content=\"article\" \/>\n<meta property=\"og:title\" content=\"Guardaparques chubutenses participaron del Encuentro Federal en Mendoza\" \/>\n<meta property=\"og:description\" content=\"MENDOZA.- Entre el 5 y el 7 de diciembre, una delegaci\u00f3n de guardaparques chubutenses de Lago Puelo y Los Alerces [&hellip;]\" \/>\n<meta property=\"og:url\" content=\"https:\/\/patagoniambiental.com.ar\/info\/guardaparques-chubutenses-participaron-del-encuentro-federal-en-mendoza\/\" \/>\n<meta property=\"og:site_name\" content=\"Patagonia Ambiental\" \/>\n<meta property=\"article:publisher\" content=\"https:\/\/www.facebook.com\/patagonia.ambiental\" \/>\n<meta property=\"article:author\" content=\"https:\/\/www.facebook.com\/share\/1C1V8Gv9BX\/?mibextid=qi2Omg\" \/>\n<meta property=\"article:published_time\" content=\"2017-12-09T12:00:29+00:00\" \/>\n<meta name=\"author\" content=\"Patagonia Ambiental\" \/>\n<meta name=\"twitter:card\" content=\"summary_large_image\" \/>\n<meta name=\"twitter:creator\" content=\"@PatAmb\" \/>\n<meta name=\"twitter:site\" content=\"@PatAmb\" \/>\n<script type=\"application\/ld+json\" class=\"yoast-schema-graph\">{\"@context\":\"https:\\\/\\\/schema.org\",\"@graph\":[{\"@type\":\"Article\",\"@id\":\"https:\\\/\\\/patagoniambiental.com.ar\\\/info\\\/guardaparques-chubutenses-participaron-del-encuentro-federal-en-mendoza\\\/#article\",\"isPartOf\":{\"@id\":\"https:\\\/\\\/patagoniambiental.com.ar\\\/info\\\/guardaparques-chubutenses-participaron-del-encuentro-federal-en-mendoza\\\/\"},\"author\":{\"name\":\"Patagonia Ambiental\",\"@id\":\"https:\\\/\\\/patagoniambiental.com.ar\\\/info\\\/#\\\/schema\\\/person\\\/db12bff64bbcbf6a253710bf0ea37b5d\"},\"headline\":\"Guardaparques chubutenses participaron del Encuentro Federal en Mendoza\",\"datePublished\":\"2017-12-09T12:00:29+00:00\",\"mainEntityOfPage\":{\"@id\":\"https:\\\/\\\/patagoniambiental.com.ar\\\/info\\\/guardaparques-chubutenses-participaron-del-encuentro-federal-en-mendoza\\\/\"},\"wordCount\":596,\"commentCount\":0,\"publisher\":{\"@id\":\"https:\\\/\\\/patagoniambiental.com.ar\\\/info\\\/#organization\"},\"articleSection\":[\"Noticias\"],\"inLanguage\":\"es\",\"potentialAction\":[{\"@type\":\"CommentAction\",\"name\":\"Comment\",\"target\":[\"https:\\\/\\\/patagoniambiental.com.ar\\\/info\\\/guardaparques-chubutenses-participaron-del-encuentro-federal-en-mendoza\\\/#respond\"]}]},{\"@type\":\"WebPage\",\"@id\":\"https:\\\/\\\/patagoniambiental.com.ar\\\/info\\\/guardaparques-chubutenses-participaron-del-encuentro-federal-en-mendoza\\\/\",\"url\":\"https:\\\/\\\/patagoniambiental.com.ar\\\/info\\\/guardaparques-chubutenses-participaron-del-encuentro-federal-en-mendoza\\\/\",\"name\":\"Guardaparques chubutenses participaron del Encuentro Federal en Mendoza\",\"isPartOf\":{\"@id\":\"https:\\\/\\\/patagoniambiental.com.ar\\\/info\\\/#website\"},\"datePublished\":\"2017-12-09T12:00:29+00:00\",\"breadcrumb\":{\"@id\":\"https:\\\/\\\/patagoniambiental.com.ar\\\/info\\\/guardaparques-chubutenses-participaron-del-encuentro-federal-en-mendoza\\\/#breadcrumb\"},\"inLanguage\":\"es\",\"potentialAction\":[{\"@type\":\"ReadAction\",\"target\":[\"https:\\\/\\\/patagoniambiental.com.ar\\\/info\\\/guardaparques-chubutenses-participaron-del-encuentro-federal-en-mendoza\\\/\"]}]},{\"@type\":\"BreadcrumbList\",\"@id\":\"https:\\\/\\\/patagoniambiental.com.ar\\\/info\\\/guardaparques-chubutenses-participaron-del-encuentro-federal-en-mendoza\\\/#breadcrumb\",\"itemListElement\":[{\"@type\":\"ListItem\",\"position\":1,\"name\":\"Inicio\",\"item\":\"https:\\\/\\\/patagoniambiental.com.ar\\\/info\\\/\"},{\"@type\":\"ListItem\",\"position\":2,\"name\":\"Guardaparques chubutenses participaron del Encuentro Federal en Mendoza\"}]},{\"@type\":\"WebSite\",\"@id\":\"https:\\\/\\\/patagoniambiental.com.ar\\\/info\\\/#website\",\"url\":\"https:\\\/\\\/patagoniambiental.com.ar\\\/info\\\/\",\"name\":\"Patagonia Ambiental\",\"description\":\"Monitoreo y an\u00e1lisis de la situaci\u00f3n geopol\u00edtica en el mundo y su implicancia en la Patagonia\",\"publisher\":{\"@id\":\"https:\\\/\\\/patagoniambiental.com.ar\\\/info\\\/#organization\"},\"potentialAction\":[{\"@type\":\"SearchAction\",\"target\":{\"@type\":\"EntryPoint\",\"urlTemplate\":\"https:\\\/\\\/patagoniambiental.com.ar\\\/info\\\/?s={search_term_string}\"},\"query-input\":{\"@type\":\"PropertyValueSpecification\",\"valueRequired\":true,\"valueName\":\"search_term_string\"}}],\"inLanguage\":\"es\"},{\"@type\":\"Organization\",\"@id\":\"https:\\\/\\\/patagoniambiental.com.ar\\\/info\\\/#organization\",\"name\":\"Patagonia Ambiental\",\"url\":\"https:\\\/\\\/patagoniambiental.com.ar\\\/info\\\/\",\"logo\":{\"@type\":\"ImageObject\",\"inLanguage\":\"es\",\"@id\":\"https:\\\/\\\/patagoniambiental.com.ar\\\/info\\\/#\\\/schema\\\/logo\\\/image\\\/\",\"url\":\"https:\\\/\\\/patagoniambiental.com.ar\\\/info\\\/wp-content\\\/uploads\\\/2025\\\/05\\\/LOGO-PATAGONIA-AMBIENTAL.png\",\"contentUrl\":\"https:\\\/\\\/patagoniambiental.com.ar\\\/info\\\/wp-content\\\/uploads\\\/2025\\\/05\\\/LOGO-PATAGONIA-AMBIENTAL.png\",\"width\":433,\"height\":250,\"caption\":\"Patagonia Ambiental\"},\"image\":{\"@id\":\"https:\\\/\\\/patagoniambiental.com.ar\\\/info\\\/#\\\/schema\\\/logo\\\/image\\\/\"},\"sameAs\":[\"https:\\\/\\\/www.facebook.com\\\/patagonia.ambiental\",\"https:\\\/\\\/x.com\\\/PatAmb\"]},{\"@type\":\"Person\",\"@id\":\"https:\\\/\\\/patagoniambiental.com.ar\\\/info\\\/#\\\/schema\\\/person\\\/db12bff64bbcbf6a253710bf0ea37b5d\",\"name\":\"Patagonia Ambiental\",\"description\":\"Andr\u00e9s Nievas T\u00e9cnico en manejo ambiental, consultor Ambiental y escritor para medios locales e internacionales sobre temas de geopolitica y medio ambiente.\",\"sameAs\":[\"http:\\\/\\\/www.patagoniambiental.com.ar\",\"https:\\\/\\\/www.facebook.com\\\/share\\\/1C1V8Gv9BX\\\/?mibextid=qi2Omg\",\"@patagoniambiental\",\"https:\\\/\\\/youtube.com\\\/@patagoniaambiental2023?si=BLt58t0wuXquxlYZ\"]}]}<\/script>\n<!-- \/ Yoast SEO Premium plugin. -->","yoast_head_json":{"title":"Guardaparques chubutenses participaron del Encuentro Federal en Mendoza","robots":{"index":"index","follow":"follow","max-snippet":"max-snippet:-1","max-image-preview":"max-image-preview:large","max-video-preview":"max-video-preview:-1"},"canonical":"https:\/\/patagoniambiental.com.ar\/info\/guardaparques-chubutenses-participaron-del-encuentro-federal-en-mendoza\/","og_locale":"es_ES","og_type":"article","og_title":"Guardaparques chubutenses participaron del Encuentro Federal en Mendoza","og_description":"MENDOZA.- Entre el 5 y el 7 de diciembre, una delegaci\u00f3n de guardaparques chubutenses de Lago Puelo y Los Alerces [&hellip;]","og_url":"https:\/\/patagoniambiental.com.ar\/info\/guardaparques-chubutenses-participaron-del-encuentro-federal-en-mendoza\/","og_site_name":"Patagonia Ambiental","article_publisher":"https:\/\/www.facebook.com\/patagonia.ambiental","article_author":"https:\/\/www.facebook.com\/share\/1C1V8Gv9BX\/?mibextid=qi2Omg","article_published_time":"2017-12-09T12:00:29+00:00","author":"Patagonia Ambiental","twitter_card":"summary_large_image","twitter_creator":"@PatAmb","twitter_site":"@PatAmb","schema":{"@context":"https:\/\/schema.org","@graph":[{"@type":"Article","@id":"https:\/\/patagoniambiental.com.ar\/info\/guardaparques-chubutenses-participaron-del-encuentro-federal-en-mendoza\/#article","isPartOf":{"@id":"https:\/\/patagoniambiental.com.ar\/info\/guardaparques-chubutenses-participaron-del-encuentro-federal-en-mendoza\/"},"author":{"name":"Patagonia Ambiental","@id":"https:\/\/patagoniambiental.com.ar\/info\/#\/schema\/person\/db12bff64bbcbf6a253710bf0ea37b5d"},"headline":"Guardaparques chubutenses participaron del Encuentro Federal en Mendoza","datePublished":"2017-12-09T12:00:29+00:00","mainEntityOfPage":{"@id":"https:\/\/patagoniambiental.com.ar\/info\/guardaparques-chubutenses-participaron-del-encuentro-federal-en-mendoza\/"},"wordCount":596,"commentCount":0,"publisher":{"@id":"https:\/\/patagoniambiental.com.ar\/info\/#organization"},"articleSection":["Noticias"],"inLanguage":"es","potentialAction":[{"@type":"CommentAction","name":"Comment","target":["https:\/\/patagoniambiental.com.ar\/info\/guardaparques-chubutenses-participaron-del-encuentro-federal-en-mendoza\/#respond"]}]},{"@type":"WebPage","@id":"https:\/\/patagoniambiental.com.ar\/info\/guardaparques-chubutenses-participaron-del-encuentro-federal-en-mendoza\/","url":"https:\/\/patagoniambiental.com.ar\/info\/guardaparques-chubutenses-participaron-del-encuentro-federal-en-mendoza\/","name":"Guardaparques chubutenses participaron del Encuentro Federal en Mendoza","isPartOf":{"@id":"https:\/\/patagoniambiental.com.ar\/info\/#website"},"datePublished":"2017-12-09T12:00:29+00:00","breadcrumb":{"@id":"https:\/\/patagoniambiental.com.ar\/info\/guardaparques-chubutenses-participaron-del-encuentro-federal-en-mendoza\/#breadcrumb"},"inLanguage":"es","potentialAction":[{"@type":"ReadAction","target":["https:\/\/patagoniambiental.com.ar\/info\/guardaparques-chubutenses-participaron-del-encuentro-federal-en-mendoza\/"]}]},{"@type":"BreadcrumbList","@id":"https:\/\/patagoniambiental.com.ar\/info\/guardaparques-chubutenses-participaron-del-encuentro-federal-en-mendoza\/#breadcrumb","itemListElement":[{"@type":"ListItem","position":1,"name":"Inicio","item":"https:\/\/patagoniambiental.com.ar\/info\/"},{"@type":"ListItem","position":2,"name":"Guardaparques chubutenses participaron del Encuentro Federal en Mendoza"}]},{"@type":"WebSite","@id":"https:\/\/patagoniambiental.com.ar\/info\/#website","url":"https:\/\/patagoniambiental.com.ar\/info\/","name":"Patagonia Ambiental","description":"Monitoreo y an\u00e1lisis de la situaci\u00f3n geopol\u00edtica en el mundo y su implicancia en la Patagonia","publisher":{"@id":"https:\/\/patagoniambiental.com.ar\/info\/#organization"},"potentialAction":[{"@type":"SearchAction","target":{"@type":"EntryPoint","urlTemplate":"https:\/\/patagoniambiental.com.ar\/info\/?s={search_term_string}"},"query-input":{"@type":"PropertyValueSpecification","valueRequired":true,"valueName":"search_term_string"}}],"inLanguage":"es"},{"@type":"Organization","@id":"https:\/\/patagoniambiental.com.ar\/info\/#organization","name":"Patagonia Ambiental","url":"https:\/\/patagoniambiental.com.ar\/info\/","logo":{"@type":"ImageObject","inLanguage":"es","@id":"https:\/\/patagoniambiental.com.ar\/info\/#\/schema\/logo\/image\/","url":"https:\/\/patagoniambiental.com.ar\/info\/wp-content\/uploads\/2025\/05\/LOGO-PATAGONIA-AMBIENTAL.png","contentUrl":"https:\/\/patagoniambiental.com.ar\/info\/wp-content\/uploads\/2025\/05\/LOGO-PATAGONIA-AMBIENTAL.png","width":433,"height":250,"caption":"Patagonia Ambiental"},"image":{"@id":"https:\/\/patagoniambiental.com.ar\/info\/#\/schema\/logo\/image\/"},"sameAs":["https:\/\/www.facebook.com\/patagonia.ambiental","https:\/\/x.com\/PatAmb"]},{"@type":"Person","@id":"https:\/\/patagoniambiental.com.ar\/info\/#\/schema\/person\/db12bff64bbcbf6a253710bf0ea37b5d","name":"Patagonia Ambiental","description":"Andr\u00e9s Nievas T\u00e9cnico en manejo ambiental, consultor Ambiental y escritor para medios locales e internacionales sobre temas de geopolitica y medio ambiente.","sameAs":["http:\/\/www.patagoniambiental.com.ar","https:\/\/www.facebook.com\/share\/1C1V8Gv9BX\/?mibextid=qi2Omg","@patagoniambiental","https:\/\/youtube.com\/@patagoniaambiental2023?si=BLt58t0wuXquxlYZ"]}]}},"_links":{"self":[{"href":"https:\/\/patagoniambiental.com.ar\/info\/wp-json\/wp\/v2\/posts\/39516","targetHints":{"allow":["GET"]}}],"collection":[{"href":"https:\/\/patagoniambiental.com.ar\/info\/wp-json\/wp\/v2\/posts"}],"about":[{"href":"https:\/\/patagoniambiental.com.ar\/info\/wp-json\/wp\/v2\/types\/post"}],"author":[{"embeddable":true,"href":"https:\/\/patagoniambiental.com.ar\/info\/wp-json\/wp\/v2\/users\/2"}],"replies":[{"embeddable":true,"href":"https:\/\/patagoniambiental.com.ar\/info\/wp-json\/wp\/v2\/comments?post=39516"}],"version-history":[{"count":0,"href":"https:\/\/patagoniambiental.com.ar\/info\/wp-json\/wp\/v2\/posts\/39516\/revisions"}],"wp:attachment":[{"href":"https:\/\/patagoniambiental.com.ar\/info\/wp-json\/wp\/v2\/media?parent=39516"}],"wp:term":[{"taxonomy":"category","embeddable":true,"href":"https:\/\/patagoniambiental.com.ar\/info\/wp-json\/wp\/v2\/categories?post=39516"},{"taxonomy":"post_tag","embeddable":true,"href":"https:\/\/patagoniambiental.com.ar\/info\/wp-json\/wp\/v2\/tags?post=39516"}],"curies":[{"name":"wp","href":"https:\/\/api.w.org\/{rel}","templated":true}]}}