{"id":39526,"date":"2017-12-09T09:00:11","date_gmt":"2017-12-09T12:00:11","guid":{"rendered":"http:\/\/patagoniambiental.com.ar\/info\/?p=39526"},"modified":"2017-12-09T08:42:00","modified_gmt":"2017-12-09T11:42:00","slug":"greenpeace-rechaza-basurero-de-residuos-toxicos-en-catriel","status":"publish","type":"post","link":"https:\/\/patagoniambiental.com.ar\/info\/greenpeace-rechaza-basurero-de-residuos-toxicos-en-catriel\/","title":{"rendered":"Greenpeace rechaza basurero de residuos t\u00f3xicos en Catriel"},"content":{"rendered":"<p>CATRIEL.- La comunidad de Catriel est\u00e1 en alerta en oposici\u00f3n a un proyecto de la instalaci\u00f3n de un megabasurero de residuos t\u00f3xicos en esa localidad que cuentan con la anuencia de la Provincia y la comuna local. El Comit\u00e9 Interjurisdiccional del R\u00edo Colorado (Coirco) pidi\u00f3 estudios ambientales sobre incidencia en el r\u00edo Colorado.<br \/>\nMuchas son las voces que est\u00e1n en disidencia, pero ahora se sum\u00f3 un pedido de la reconocida ONG ambientalista Greenpeace, entidad que, entre otros problemas ecol\u00f3gicos, advierte sobre la posible contaminaci\u00f3n del r\u00edo Colorado. El ingeniero Juan Greco advirti\u00f3 que los cauces aluvionales descienden del lugar de emplazamiento directo al lago de Casa de Piedra.<\/p>\n<p>El proyecto.<br \/>\nTiempo atr\u00e1s, casi en silencio, la provincia de R\u00edo Negro, a trav\u00e9s de la Secretar\u00eda de Ambiente y Desarrollo Sustentable, que conduce Dina Migani, concili\u00f3 con el intendente Carlos Johnston, un proyecto para que la empresa neuquina Crexell Ambientales SA, vinculada a la familia Sapag, instale un megabasurero de residuos t\u00f3xicos derivados de la actividad petrolera en inmediaciones de Catriel.<br \/>\nLos trascendidos, nunca confirmados por la Provincia, autora del proyecto, indican que el basurero ser\u00eda el m\u00e1s grande del continente y que la ubicaci\u00f3n proyectada en un punto de la Meseta de Bayo Mesa, a unos pocos kil\u00f3metros al sur de Catriel. El mismo ser\u00eda el receptor de los desechos de la explotaci\u00f3n petrolera de toda la regi\u00f3n.<br \/>\nAllegados a las organizaciones ambientalistas aseguran que la lista de los elementos t\u00f3xicos que el basurero albergar\u00eda corresponde a suelos contaminados con hidrocarburos, cutting, aguas con hidrocarburos, flowback, l\u00edquidos provenientes de perforaciones no convencionales y residuos semis\u00f3lidos con hidrocarburos, com\u00fanmente denominados fondos de tanques, entre otros.<\/p>\n<p>Sin precisiones.<br \/>\nEl tema comenz\u00f3 a surgir a principios de a\u00f1o cuando varias organizaciones ambientales locales comenzaron a poner en relieve algunos datos y trataron infructuosamente de lograr precisiones en el municipio.<br \/>\nAnte la presi\u00f3n popular, en marzo pasado, se realiz\u00f3 una Audiencia P\u00fablica. All\u00ed los estados Provincial y municipal blanquearon el proyecto, sin embargo hasta el d\u00eda de hoy desde esos \u00e1mbitos oficiales no se dieron respuestas a las inquietudes, dudas y planteos.<br \/>\nJustamente uno de los entes que plantearon dudas es el Coirco. El ingeniero Juan Greco, representante de La Pampa en esa entidad de control de la cuenca del r\u00edo Colorado revel\u00f3 a medios rionegrinos su preocupaci\u00f3n y revel\u00f3 que han pedido precisiones sobre los estudios ambientales que conlleva el proyecto.<br \/>\n\u201cLos cauces aluvionales apuntan hacia Casa de Piedra. Creo que es un error que se debe subsanar, creo que es una situaci\u00f3n desde el punto de vista de este informe que se debe tener en cuenta, porque el riesgo aluvional sigue, una situaci\u00f3n de riesgo real y las distancias no son muy elevadas, todos sabemos lo que sucede con las escorrent\u00edas, en el caso de tormentas\u201d, puntualiz\u00f3 el ingeniero.<br \/>\nContempor\u00e1neo con este proyecto, desde mayo se realiza en Catriel un espacio de reforma de la Constituci\u00f3n Municipal. En ella, claramente, la mayor\u00eda de los constituyentes dio su anuencia para la sanci\u00f3n de un art\u00edculo donde es establece la expresa prohibici\u00f3n de la instalaci\u00f3n de este tipo de reservorios de elementos t\u00f3xicos.<\/p>\n<p>Piden refer\u00e9ndum.<br \/>\nA estos reclamos se sum\u00f3 en los \u00faltimos d\u00edas una campa\u00f1a a trav\u00e9s de las redes sociales en una p\u00e1gina que regentea Greenpeace Argentina. En pocos d\u00edas se puso en marcha una campa\u00f1a \u201cNo al megabasurero de residuos t\u00f3xicos de 300 hect\u00e1reas en Catriel\u201d. La movida ya tiene 7 mil firmas que avalan el reclamo.<br \/>\n\u201cEstimados Gobernador -Jorge Weretilneck- e intendente -Carlos Johnston- : por favor, llamen a un refer\u00e9ndum popular vinculante para que sea el pueblo el que decida sobre este megabasurero\u201d, es el reclamo que realiza Greenpeace Argentina.<\/p>\n<div class=\"td-g-rec td-g-rec-id-content_bottom \">\u00a0Fuente:\u00a0http:\/\/www.laarena.com.ar\/la_pampa-greenpeace-rechaza-basurero-de-residuos-toxicos-en-catriel-1182428-163.html<\/div>\n","protected":false},"excerpt":{"rendered":"<p>CATRIEL.- La comunidad de Catriel est\u00e1 en alerta en oposici\u00f3n a un proyecto de la instalaci\u00f3n de un megabasurero de [&hellip;]<\/p>\n","protected":false},"author":2,"featured_media":0,"comment_status":"open","ping_status":"open","sticky":false,"template":"","format":"standard","meta":{"site-sidebar-layout":"default","site-content-layout":"","ast-site-content-layout":"default","site-content-style":"default","site-sidebar-style":"default","ast-global-header-display":"","ast-banner-title-visibility":"","ast-main-header-display":"","ast-hfb-above-header-display":"","ast-hfb-below-header-display":"","ast-hfb-mobile-header-display":"","site-post-title":"","ast-breadcrumbs-content":"","ast-featured-img":"","footer-sml-layout":"","ast-disable-related-posts":"","theme-transparent-header-meta":"","adv-header-id-meta":"","stick-header-meta":"","header-above-stick-meta":"","header-main-stick-meta":"","header-below-stick-meta":"","astra-migrate-meta-layouts":"default","ast-page-background-enabled":"default","ast-page-background-meta":{"desktop":{"background-color":"var(--ast-global-color-5)","background-image":"","background-repeat":"repeat","background-position":"center center","background-size":"auto","background-attachment":"scroll","background-type":"","background-media":"","overlay-type":"","overlay-color":"","overlay-opacity":"","overlay-gradient":""},"tablet":{"background-color":"","background-image":"","background-repeat":"repeat","background-position":"center center","background-size":"auto","background-attachment":"scroll","background-type":"","background-media":"","overlay-type":"","overlay-color":"","overlay-opacity":"","overlay-gradient":""},"mobile":{"background-color":"","background-image":"","background-repeat":"repeat","background-position":"center center","background-size":"auto","background-attachment":"scroll","background-type":"","background-media":"","overlay-type":"","overlay-color":"","overlay-opacity":"","overlay-gradient":""}},"ast-content-background-meta":{"desktop":{"background-color":"var(--ast-global-color-4)","background-image":"","background-repeat":"repeat","background-position":"center center","background-size":"auto","background-attachment":"scroll","background-type":"","background-media":"","overlay-type":"","overlay-color":"","overlay-opacity":"","overlay-gradient":""},"tablet":{"background-color":"var(--ast-global-color-4)","background-image":"","background-repeat":"repeat","background-position":"center center","background-size":"auto","background-attachment":"scroll","background-type":"","background-media":"","overlay-type":"","overlay-color":"","overlay-opacity":"","overlay-gradient":""},"mobile":{"background-color":"var(--ast-global-color-4)","background-image":"","background-repeat":"repeat","background-position":"center center","background-size":"auto","background-attachment":"scroll","background-type":"","background-media":"","overlay-type":"","overlay-color":"","overlay-opacity":"","overlay-gradient":""}},"footnotes":""},"categories":[46,1,10],"tags":[],"class_list":["post-39526","post","type-post","status-publish","format-standard","hentry","category-municipios","category-noticias","category-rotador"],"yoast_head":"<!-- This site is optimized with the Yoast SEO Premium plugin v23.0 (Yoast SEO v27.4) - https:\/\/yoast.com\/product\/yoast-seo-premium-wordpress\/ -->\n<title>Greenpeace rechaza basurero de residuos t\u00f3xicos en Catriel<\/title>\n<meta name=\"robots\" content=\"index, follow, max-snippet:-1, max-image-preview:large, max-video-preview:-1\" \/>\n<link rel=\"canonical\" href=\"https:\/\/patagoniambiental.com.ar\/info\/greenpeace-rechaza-basurero-de-residuos-toxicos-en-catriel\/\" \/>\n<meta property=\"og:locale\" content=\"es_ES\" \/>\n<meta property=\"og:type\" content=\"article\" \/>\n<meta property=\"og:title\" content=\"Greenpeace rechaza basurero de residuos t\u00f3xicos en Catriel\" \/>\n<meta property=\"og:description\" content=\"CATRIEL.- La comunidad de Catriel est\u00e1 en alerta en oposici\u00f3n a un proyecto de la instalaci\u00f3n de un megabasurero de [&hellip;]\" \/>\n<meta property=\"og:url\" content=\"https:\/\/patagoniambiental.com.ar\/info\/greenpeace-rechaza-basurero-de-residuos-toxicos-en-catriel\/\" \/>\n<meta property=\"og:site_name\" content=\"Patagonia Ambiental\" \/>\n<meta property=\"article:publisher\" content=\"https:\/\/www.facebook.com\/patagonia.ambiental\" \/>\n<meta property=\"article:author\" content=\"https:\/\/www.facebook.com\/share\/1C1V8Gv9BX\/?mibextid=qi2Omg\" \/>\n<meta property=\"article:published_time\" content=\"2017-12-09T12:00:11+00:00\" \/>\n<meta name=\"author\" content=\"Patagonia Ambiental\" \/>\n<meta name=\"twitter:card\" content=\"summary_large_image\" \/>\n<meta name=\"twitter:creator\" content=\"@PatAmb\" \/>\n<meta name=\"twitter:site\" content=\"@PatAmb\" \/>\n<script type=\"application\/ld+json\" class=\"yoast-schema-graph\">{\"@context\":\"https:\\\/\\\/schema.org\",\"@graph\":[{\"@type\":\"Article\",\"@id\":\"https:\\\/\\\/patagoniambiental.com.ar\\\/info\\\/greenpeace-rechaza-basurero-de-residuos-toxicos-en-catriel\\\/#article\",\"isPartOf\":{\"@id\":\"https:\\\/\\\/patagoniambiental.com.ar\\\/info\\\/greenpeace-rechaza-basurero-de-residuos-toxicos-en-catriel\\\/\"},\"author\":{\"name\":\"Patagonia Ambiental\",\"@id\":\"https:\\\/\\\/patagoniambiental.com.ar\\\/info\\\/#\\\/schema\\\/person\\\/db12bff64bbcbf6a253710bf0ea37b5d\"},\"headline\":\"Greenpeace rechaza basurero de residuos t\u00f3xicos en Catriel\",\"datePublished\":\"2017-12-09T12:00:11+00:00\",\"mainEntityOfPage\":{\"@id\":\"https:\\\/\\\/patagoniambiental.com.ar\\\/info\\\/greenpeace-rechaza-basurero-de-residuos-toxicos-en-catriel\\\/\"},\"wordCount\":681,\"commentCount\":0,\"publisher\":{\"@id\":\"https:\\\/\\\/patagoniambiental.com.ar\\\/info\\\/#organization\"},\"articleSection\":[\"Municipios\",\"Noticias\",\"Rotador\"],\"inLanguage\":\"es\",\"potentialAction\":[{\"@type\":\"CommentAction\",\"name\":\"Comment\",\"target\":[\"https:\\\/\\\/patagoniambiental.com.ar\\\/info\\\/greenpeace-rechaza-basurero-de-residuos-toxicos-en-catriel\\\/#respond\"]}]},{\"@type\":\"WebPage\",\"@id\":\"https:\\\/\\\/patagoniambiental.com.ar\\\/info\\\/greenpeace-rechaza-basurero-de-residuos-toxicos-en-catriel\\\/\",\"url\":\"https:\\\/\\\/patagoniambiental.com.ar\\\/info\\\/greenpeace-rechaza-basurero-de-residuos-toxicos-en-catriel\\\/\",\"name\":\"Greenpeace rechaza basurero de residuos t\u00f3xicos en Catriel\",\"isPartOf\":{\"@id\":\"https:\\\/\\\/patagoniambiental.com.ar\\\/info\\\/#website\"},\"datePublished\":\"2017-12-09T12:00:11+00:00\",\"breadcrumb\":{\"@id\":\"https:\\\/\\\/patagoniambiental.com.ar\\\/info\\\/greenpeace-rechaza-basurero-de-residuos-toxicos-en-catriel\\\/#breadcrumb\"},\"inLanguage\":\"es\",\"potentialAction\":[{\"@type\":\"ReadAction\",\"target\":[\"https:\\\/\\\/patagoniambiental.com.ar\\\/info\\\/greenpeace-rechaza-basurero-de-residuos-toxicos-en-catriel\\\/\"]}]},{\"@type\":\"BreadcrumbList\",\"@id\":\"https:\\\/\\\/patagoniambiental.com.ar\\\/info\\\/greenpeace-rechaza-basurero-de-residuos-toxicos-en-catriel\\\/#breadcrumb\",\"itemListElement\":[{\"@type\":\"ListItem\",\"position\":1,\"name\":\"Inicio\",\"item\":\"https:\\\/\\\/patagoniambiental.com.ar\\\/info\\\/\"},{\"@type\":\"ListItem\",\"position\":2,\"name\":\"Greenpeace rechaza basurero de residuos t\u00f3xicos en Catriel\"}]},{\"@type\":\"WebSite\",\"@id\":\"https:\\\/\\\/patagoniambiental.com.ar\\\/info\\\/#website\",\"url\":\"https:\\\/\\\/patagoniambiental.com.ar\\\/info\\\/\",\"name\":\"Patagonia Ambiental\",\"description\":\"Monitoreo y an\u00e1lisis de la situaci\u00f3n geopol\u00edtica en el mundo y su implicancia en la Patagonia\",\"publisher\":{\"@id\":\"https:\\\/\\\/patagoniambiental.com.ar\\\/info\\\/#organization\"},\"potentialAction\":[{\"@type\":\"SearchAction\",\"target\":{\"@type\":\"EntryPoint\",\"urlTemplate\":\"https:\\\/\\\/patagoniambiental.com.ar\\\/info\\\/?s={search_term_string}\"},\"query-input\":{\"@type\":\"PropertyValueSpecification\",\"valueRequired\":true,\"valueName\":\"search_term_string\"}}],\"inLanguage\":\"es\"},{\"@type\":\"Organization\",\"@id\":\"https:\\\/\\\/patagoniambiental.com.ar\\\/info\\\/#organization\",\"name\":\"Patagonia Ambiental\",\"url\":\"https:\\\/\\\/patagoniambiental.com.ar\\\/info\\\/\",\"logo\":{\"@type\":\"ImageObject\",\"inLanguage\":\"es\",\"@id\":\"https:\\\/\\\/patagoniambiental.com.ar\\\/info\\\/#\\\/schema\\\/logo\\\/image\\\/\",\"url\":\"https:\\\/\\\/patagoniambiental.com.ar\\\/info\\\/wp-content\\\/uploads\\\/2025\\\/05\\\/LOGO-PATAGONIA-AMBIENTAL.png\",\"contentUrl\":\"https:\\\/\\\/patagoniambiental.com.ar\\\/info\\\/wp-content\\\/uploads\\\/2025\\\/05\\\/LOGO-PATAGONIA-AMBIENTAL.png\",\"width\":433,\"height\":250,\"caption\":\"Patagonia Ambiental\"},\"image\":{\"@id\":\"https:\\\/\\\/patagoniambiental.com.ar\\\/info\\\/#\\\/schema\\\/logo\\\/image\\\/\"},\"sameAs\":[\"https:\\\/\\\/www.facebook.com\\\/patagonia.ambiental\",\"https:\\\/\\\/x.com\\\/PatAmb\"]},{\"@type\":\"Person\",\"@id\":\"https:\\\/\\\/patagoniambiental.com.ar\\\/info\\\/#\\\/schema\\\/person\\\/db12bff64bbcbf6a253710bf0ea37b5d\",\"name\":\"Patagonia Ambiental\",\"description\":\"Andr\u00e9s Nievas T\u00e9cnico en manejo ambiental, consultor Ambiental y escritor para medios locales e internacionales sobre temas de geopolitica y medio ambiente.\",\"sameAs\":[\"http:\\\/\\\/www.patagoniambiental.com.ar\",\"https:\\\/\\\/www.facebook.com\\\/share\\\/1C1V8Gv9BX\\\/?mibextid=qi2Omg\",\"@patagoniambiental\",\"https:\\\/\\\/youtube.com\\\/@patagoniaambiental2023?si=BLt58t0wuXquxlYZ\"]}]}<\/script>\n<!-- \/ Yoast SEO Premium plugin. -->","yoast_head_json":{"title":"Greenpeace rechaza basurero de residuos t\u00f3xicos en Catriel","robots":{"index":"index","follow":"follow","max-snippet":"max-snippet:-1","max-image-preview":"max-image-preview:large","max-video-preview":"max-video-preview:-1"},"canonical":"https:\/\/patagoniambiental.com.ar\/info\/greenpeace-rechaza-basurero-de-residuos-toxicos-en-catriel\/","og_locale":"es_ES","og_type":"article","og_title":"Greenpeace rechaza basurero de residuos t\u00f3xicos en Catriel","og_description":"CATRIEL.- La comunidad de Catriel est\u00e1 en alerta en oposici\u00f3n a un proyecto de la instalaci\u00f3n de un megabasurero de [&hellip;]","og_url":"https:\/\/patagoniambiental.com.ar\/info\/greenpeace-rechaza-basurero-de-residuos-toxicos-en-catriel\/","og_site_name":"Patagonia Ambiental","article_publisher":"https:\/\/www.facebook.com\/patagonia.ambiental","article_author":"https:\/\/www.facebook.com\/share\/1C1V8Gv9BX\/?mibextid=qi2Omg","article_published_time":"2017-12-09T12:00:11+00:00","author":"Patagonia Ambiental","twitter_card":"summary_large_image","twitter_creator":"@PatAmb","twitter_site":"@PatAmb","schema":{"@context":"https:\/\/schema.org","@graph":[{"@type":"Article","@id":"https:\/\/patagoniambiental.com.ar\/info\/greenpeace-rechaza-basurero-de-residuos-toxicos-en-catriel\/#article","isPartOf":{"@id":"https:\/\/patagoniambiental.com.ar\/info\/greenpeace-rechaza-basurero-de-residuos-toxicos-en-catriel\/"},"author":{"name":"Patagonia Ambiental","@id":"https:\/\/patagoniambiental.com.ar\/info\/#\/schema\/person\/db12bff64bbcbf6a253710bf0ea37b5d"},"headline":"Greenpeace rechaza basurero de residuos t\u00f3xicos en Catriel","datePublished":"2017-12-09T12:00:11+00:00","mainEntityOfPage":{"@id":"https:\/\/patagoniambiental.com.ar\/info\/greenpeace-rechaza-basurero-de-residuos-toxicos-en-catriel\/"},"wordCount":681,"commentCount":0,"publisher":{"@id":"https:\/\/patagoniambiental.com.ar\/info\/#organization"},"articleSection":["Municipios","Noticias","Rotador"],"inLanguage":"es","potentialAction":[{"@type":"CommentAction","name":"Comment","target":["https:\/\/patagoniambiental.com.ar\/info\/greenpeace-rechaza-basurero-de-residuos-toxicos-en-catriel\/#respond"]}]},{"@type":"WebPage","@id":"https:\/\/patagoniambiental.com.ar\/info\/greenpeace-rechaza-basurero-de-residuos-toxicos-en-catriel\/","url":"https:\/\/patagoniambiental.com.ar\/info\/greenpeace-rechaza-basurero-de-residuos-toxicos-en-catriel\/","name":"Greenpeace rechaza basurero de residuos t\u00f3xicos en Catriel","isPartOf":{"@id":"https:\/\/patagoniambiental.com.ar\/info\/#website"},"datePublished":"2017-12-09T12:00:11+00:00","breadcrumb":{"@id":"https:\/\/patagoniambiental.com.ar\/info\/greenpeace-rechaza-basurero-de-residuos-toxicos-en-catriel\/#breadcrumb"},"inLanguage":"es","potentialAction":[{"@type":"ReadAction","target":["https:\/\/patagoniambiental.com.ar\/info\/greenpeace-rechaza-basurero-de-residuos-toxicos-en-catriel\/"]}]},{"@type":"BreadcrumbList","@id":"https:\/\/patagoniambiental.com.ar\/info\/greenpeace-rechaza-basurero-de-residuos-toxicos-en-catriel\/#breadcrumb","itemListElement":[{"@type":"ListItem","position":1,"name":"Inicio","item":"https:\/\/patagoniambiental.com.ar\/info\/"},{"@type":"ListItem","position":2,"name":"Greenpeace rechaza basurero de residuos t\u00f3xicos en Catriel"}]},{"@type":"WebSite","@id":"https:\/\/patagoniambiental.com.ar\/info\/#website","url":"https:\/\/patagoniambiental.com.ar\/info\/","name":"Patagonia Ambiental","description":"Monitoreo y an\u00e1lisis de la situaci\u00f3n geopol\u00edtica en el mundo y su implicancia en la Patagonia","publisher":{"@id":"https:\/\/patagoniambiental.com.ar\/info\/#organization"},"potentialAction":[{"@type":"SearchAction","target":{"@type":"EntryPoint","urlTemplate":"https:\/\/patagoniambiental.com.ar\/info\/?s={search_term_string}"},"query-input":{"@type":"PropertyValueSpecification","valueRequired":true,"valueName":"search_term_string"}}],"inLanguage":"es"},{"@type":"Organization","@id":"https:\/\/patagoniambiental.com.ar\/info\/#organization","name":"Patagonia Ambiental","url":"https:\/\/patagoniambiental.com.ar\/info\/","logo":{"@type":"ImageObject","inLanguage":"es","@id":"https:\/\/patagoniambiental.com.ar\/info\/#\/schema\/logo\/image\/","url":"https:\/\/patagoniambiental.com.ar\/info\/wp-content\/uploads\/2025\/05\/LOGO-PATAGONIA-AMBIENTAL.png","contentUrl":"https:\/\/patagoniambiental.com.ar\/info\/wp-content\/uploads\/2025\/05\/LOGO-PATAGONIA-AMBIENTAL.png","width":433,"height":250,"caption":"Patagonia Ambiental"},"image":{"@id":"https:\/\/patagoniambiental.com.ar\/info\/#\/schema\/logo\/image\/"},"sameAs":["https:\/\/www.facebook.com\/patagonia.ambiental","https:\/\/x.com\/PatAmb"]},{"@type":"Person","@id":"https:\/\/patagoniambiental.com.ar\/info\/#\/schema\/person\/db12bff64bbcbf6a253710bf0ea37b5d","name":"Patagonia Ambiental","description":"Andr\u00e9s Nievas T\u00e9cnico en manejo ambiental, consultor Ambiental y escritor para medios locales e internacionales sobre temas de geopolitica y medio ambiente.","sameAs":["http:\/\/www.patagoniambiental.com.ar","https:\/\/www.facebook.com\/share\/1C1V8Gv9BX\/?mibextid=qi2Omg","@patagoniambiental","https:\/\/youtube.com\/@patagoniaambiental2023?si=BLt58t0wuXquxlYZ"]}]}},"_links":{"self":[{"href":"https:\/\/patagoniambiental.com.ar\/info\/wp-json\/wp\/v2\/posts\/39526","targetHints":{"allow":["GET"]}}],"collection":[{"href":"https:\/\/patagoniambiental.com.ar\/info\/wp-json\/wp\/v2\/posts"}],"about":[{"href":"https:\/\/patagoniambiental.com.ar\/info\/wp-json\/wp\/v2\/types\/post"}],"author":[{"embeddable":true,"href":"https:\/\/patagoniambiental.com.ar\/info\/wp-json\/wp\/v2\/users\/2"}],"replies":[{"embeddable":true,"href":"https:\/\/patagoniambiental.com.ar\/info\/wp-json\/wp\/v2\/comments?post=39526"}],"version-history":[{"count":0,"href":"https:\/\/patagoniambiental.com.ar\/info\/wp-json\/wp\/v2\/posts\/39526\/revisions"}],"wp:attachment":[{"href":"https:\/\/patagoniambiental.com.ar\/info\/wp-json\/wp\/v2\/media?parent=39526"}],"wp:term":[{"taxonomy":"category","embeddable":true,"href":"https:\/\/patagoniambiental.com.ar\/info\/wp-json\/wp\/v2\/categories?post=39526"},{"taxonomy":"post_tag","embeddable":true,"href":"https:\/\/patagoniambiental.com.ar\/info\/wp-json\/wp\/v2\/tags?post=39526"}],"curies":[{"name":"wp","href":"https:\/\/api.w.org\/{rel}","templated":true}]}}