{"id":39532,"date":"2017-12-10T09:00:06","date_gmt":"2017-12-10T12:00:06","guid":{"rendered":"http:\/\/patagoniambiental.com.ar\/info\/?p=39532"},"modified":"2017-12-09T20:19:32","modified_gmt":"2017-12-09T23:19:32","slug":"la-joya-costera-rionegrina-se-alista-para-el-verano","status":"publish","type":"post","link":"https:\/\/patagoniambiental.com.ar\/info\/la-joya-costera-rionegrina-se-alista-para-el-verano\/","title":{"rendered":"La joya costera rionegrina se alista para el verano"},"content":{"rendered":"<p class=\"bajada\">LAS GRUTAS.- El Gobierno de R\u00edo Negro present\u00f3 las actividades que llevar\u00e1 adelante durante la temporada estival 2017-2018 en Las Grutas y dem\u00e1s centros tur\u00edsticos de la costa provincial. Cultura, deportes, gastronom\u00eda y bebidas rionegrinas, seguridad, prevenci\u00f3n de adicciones y salud, ser\u00e1n los puntos m\u00e1s destacados.<\/p>\n<div class=\"col-xs-12 col-sm-12 col-md-12 col-lg-12\">\n<p>\u201cLos objetivos de todo el sector p\u00fablico y el privado deben ser los mismos: que esta temporada sea la mejor. Si cada uno hace lo suyo, tenemos el \u00e9xito asegurado\u201d, indic\u00f3 el gobernador Alberto Weretilneck. Destac\u00f3 la importancia del sector privado y el compromiso de su Gobierno de \u201cno entorpecer su trabajo\u201d.<\/p>\n<p>\u201cSin dudas la mejor temporada se logra cuando al final, la gran mayor\u00eda de los habitantes tiene ganas de volver, y le cuentan a los dem\u00e1s lo bien que la pasaron en R\u00edo Negro. Si lo logramos con un trabajo coordinado, ser\u00e1 la mejor temporada en n\u00fameros y calidad\u201d, dijo.<\/p>\n<div id=\"attachment_8605\" class=\"wp-caption alignnone\"><img fetchpriority=\"high\" decoding=\"async\" class=\"size-full wp-image-8605\" src=\"http:\/\/patagonia.net\/wp-content\/uploads\/2017\/09\/Las-Grutas.jpg\" alt=\"\" width=\"787\" height=\"433\" \/><\/p>\n<p class=\"wp-caption-text\">La joya tur\u00edstica de la costa rionegrina<\/p>\n<\/div>\n<p>Weretilneck confirm\u00f3 adem\u00e1s que la Provincia afrontar\u00e1 la inversi\u00f3n del pago de guardavidas en la temporada de Las Grutas, al tiempo que se garantizar\u00e1 el refuerzo de m\u00e9dicos y personal en el hospital local. \u201cTambi\u00e9n tendremos un fuerte trabajo en seguridad, con refuerzos y operativos en las rutas; y se est\u00e1 trabajando para garantizar la prestaci\u00f3n de todos los servicios en el marco de las inversiones permanentes<a href=\"http:\/\/patagonia.net\/turismo\/las-grutas-opciones-atraer-turistas\/\" target=\"_blank\" rel=\"noopener\">\u00a0en Las Grutas<\/a>\u201d, sostuvo.<\/p>\n<p>Finalmente, el Gobernador remarc\u00f3 que \u201ctodos en conjunto debemos lograr tener la mejor temporada posible, garantizando la calidad de los servicios en un a\u00f1o con mucha competitividad. Debemos ser competitivos en precios y calidad\u201d.<\/p>\n<p><strong>ACTIVIDADES<\/strong><\/p>\n<p>En primer t\u00e9rmino, la Ministra de Turismo destac\u00f3 que esta semana el Gobierno estar\u00e1 elevando a la Legislatura el proyecto de ley que crea un Programa de Inversiones Tur\u00edsticas, con la construcci\u00f3n de un fondo espec\u00edfico sustentado con parte de los impuestos que aporta el sector: \u201cEs la primera vez en la historia de nuestra provincia que un Gobernador decide devolverle al sector en forma inmediata todo el esfuerzo que ellos hacen con sus impuestos. Como entendemos que el turismo es una herramienta fundamental para generar recursos y empleo en nuestra provincia, vamos a invertir en ello\u201d.<\/p>\n<p>Remarc\u00f3 en tal sentido que \u201ces la primera provincia que toma una medida de este tipo y estamos inaugurando una tendencia para el turismo a nivel nacional\u201d. Carreras destac\u00f3 la importancia del trabajo conjunto con el sector tur\u00edstico \u201cpara aunar esfuerzos en pos de lograr una gran temporada\u201d.<img decoding=\"async\" class=\"size-full wp-image-9699 aligncenter\" src=\"http:\/\/patagonia.net\/wp-content\/uploads\/2017\/12\/rabas.jpg\" alt=\"\" width=\"678\" height=\"381\" \/><\/p>\n<p>Por otra parte, adelant\u00f3 que la presente temporada se realizar\u00e1 una fuerte apuesta al turismo gastron\u00f3mico, al tiempo que anunci\u00f3 el regreso de la tradicional \u201csalmoneada\u201d, en conjunto con el Municipio local. A esta actividad se le sumar\u00e1n distintas ferias como \u201cMar y Sabores\u201d en conjunto con el Ministerio de Agricultura para la degustaci\u00f3n de vinos y sidras y la presencia de grandes chefs y demostraciones de gastronom\u00eda, con la presentaci\u00f3n de platos realizados exclusivamente con productos rionegrinos.<\/p>\n<p>En lo que hace a Cultura, se realizar\u00e1n actividades en todos los destinos tur\u00edsticos todos los d\u00edas, tanto en Las Grutas como en El C\u00f3ndor y Playas Doradas, adem\u00e1s de Viedma; con espect\u00e1culos, tango, cine, talleres, t\u00edteres, as\u00ed como presentaciones de<a href=\"http:\/\/patagonia.net\/cultura\/filarmonica-rio-negro-despide-ano\/\" target=\"_blank\" rel=\"noopener\">\u00a0la Orquesta Sinf\u00f3nica provincial.<\/a><\/p>\n<p>En materia de Deportes, el beach handball ser\u00e1 una de las atracciones principales, baile en la playa, torneos de f\u00fatbol, v\u00f3ley y tejo, educaci\u00f3n f\u00edsica para todas las edades, recreaci\u00f3n y caminatas bajo la luna, coordinadas por la Secretar\u00eda de Deportes.<\/p>\n<p>Tambi\u00e9n se han adquirido cinco alcohol\u00edmetros para reforzar los controles en las rutas y as\u00ed bajar los \u00edndices de accidentabilidad por ingesta de alcohol, en un trabajo conjunto entre la Agencia de Seguridad Vial y la Polic\u00eda. En el caso de Las Grutas habr\u00e1 refuerzos policiales en personal y m\u00f3viles.<\/p>\n<p>Fuente: Hostnews<\/p>\n<\/div>\n<div class=\"col-xs-12 col-sm-12 col-md-12 col-lg-12\"><\/div>\n<div class=\"box-tags\"><\/div>\n","protected":false},"excerpt":{"rendered":"<p>LAS GRUTAS.- El Gobierno de R\u00edo Negro present\u00f3 las actividades que llevar\u00e1 adelante durante la temporada estival 2017-2018 en Las [&hellip;]<\/p>\n","protected":false},"author":2,"featured_media":0,"comment_status":"open","ping_status":"open","sticky":false,"template":"","format":"standard","meta":{"site-sidebar-layout":"default","site-content-layout":"","ast-site-content-layout":"default","site-content-style":"default","site-sidebar-style":"default","ast-global-header-display":"","ast-banner-title-visibility":"","ast-main-header-display":"","ast-hfb-above-header-display":"","ast-hfb-below-header-display":"","ast-hfb-mobile-header-display":"","site-post-title":"","ast-breadcrumbs-content":"","ast-featured-img":"","footer-sml-layout":"","ast-disable-related-posts":"","theme-transparent-header-meta":"","adv-header-id-meta":"","stick-header-meta":"","header-above-stick-meta":"","header-main-stick-meta":"","header-below-stick-meta":"","astra-migrate-meta-layouts":"default","ast-page-background-enabled":"default","ast-page-background-meta":{"desktop":{"background-color":"var(--ast-global-color-5)","background-image":"","background-repeat":"repeat","background-position":"center center","background-size":"auto","background-attachment":"scroll","background-type":"","background-media":"","overlay-type":"","overlay-color":"","overlay-opacity":"","overlay-gradient":""},"tablet":{"background-color":"","background-image":"","background-repeat":"repeat","background-position":"center center","background-size":"auto","background-attachment":"scroll","background-type":"","background-media":"","overlay-type":"","overlay-color":"","overlay-opacity":"","overlay-gradient":""},"mobile":{"background-color":"","background-image":"","background-repeat":"repeat","background-position":"center center","background-size":"auto","background-attachment":"scroll","background-type":"","background-media":"","overlay-type":"","overlay-color":"","overlay-opacity":"","overlay-gradient":""}},"ast-content-background-meta":{"desktop":{"background-color":"var(--ast-global-color-4)","background-image":"","background-repeat":"repeat","background-position":"center center","background-size":"auto","background-attachment":"scroll","background-type":"","background-media":"","overlay-type":"","overlay-color":"","overlay-opacity":"","overlay-gradient":""},"tablet":{"background-color":"var(--ast-global-color-4)","background-image":"","background-repeat":"repeat","background-position":"center center","background-size":"auto","background-attachment":"scroll","background-type":"","background-media":"","overlay-type":"","overlay-color":"","overlay-opacity":"","overlay-gradient":""},"mobile":{"background-color":"var(--ast-global-color-4)","background-image":"","background-repeat":"repeat","background-position":"center center","background-size":"auto","background-attachment":"scroll","background-type":"","background-media":"","overlay-type":"","overlay-color":"","overlay-opacity":"","overlay-gradient":""}},"footnotes":""},"categories":[1,14],"tags":[],"class_list":["post-39532","post","type-post","status-publish","format-standard","hentry","category-noticias","category-rio-negro"],"yoast_head":"<!-- This site is optimized with the Yoast SEO Premium plugin v23.0 (Yoast SEO v27.4) - https:\/\/yoast.com\/product\/yoast-seo-premium-wordpress\/ -->\n<title>La joya costera rionegrina se alista para el verano<\/title>\n<meta name=\"robots\" content=\"index, follow, max-snippet:-1, max-image-preview:large, max-video-preview:-1\" \/>\n<link rel=\"canonical\" href=\"https:\/\/patagoniambiental.com.ar\/info\/la-joya-costera-rionegrina-se-alista-para-el-verano\/\" \/>\n<meta property=\"og:locale\" content=\"es_ES\" \/>\n<meta property=\"og:type\" content=\"article\" \/>\n<meta property=\"og:title\" content=\"La joya costera rionegrina se alista para el verano\" \/>\n<meta property=\"og:description\" content=\"LAS GRUTAS.- El Gobierno de R\u00edo Negro present\u00f3 las actividades que llevar\u00e1 adelante durante la temporada estival 2017-2018 en Las [&hellip;]\" \/>\n<meta property=\"og:url\" content=\"https:\/\/patagoniambiental.com.ar\/info\/la-joya-costera-rionegrina-se-alista-para-el-verano\/\" \/>\n<meta property=\"og:site_name\" content=\"Patagonia Ambiental\" \/>\n<meta property=\"article:publisher\" content=\"https:\/\/www.facebook.com\/patagonia.ambiental\" \/>\n<meta property=\"article:author\" content=\"https:\/\/www.facebook.com\/share\/1C1V8Gv9BX\/?mibextid=qi2Omg\" \/>\n<meta property=\"article:published_time\" content=\"2017-12-10T12:00:06+00:00\" \/>\n<meta property=\"og:image\" content=\"http:\/\/patagonia.net\/wp-content\/uploads\/2017\/09\/Las-Grutas.jpg\" \/>\n<meta name=\"author\" content=\"Patagonia Ambiental\" \/>\n<meta name=\"twitter:card\" content=\"summary_large_image\" \/>\n<meta name=\"twitter:creator\" content=\"@PatAmb\" \/>\n<meta name=\"twitter:site\" content=\"@PatAmb\" \/>\n<script type=\"application\/ld+json\" class=\"yoast-schema-graph\">{\"@context\":\"https:\\\/\\\/schema.org\",\"@graph\":[{\"@type\":\"Article\",\"@id\":\"https:\\\/\\\/patagoniambiental.com.ar\\\/info\\\/la-joya-costera-rionegrina-se-alista-para-el-verano\\\/#article\",\"isPartOf\":{\"@id\":\"https:\\\/\\\/patagoniambiental.com.ar\\\/info\\\/la-joya-costera-rionegrina-se-alista-para-el-verano\\\/\"},\"author\":{\"name\":\"Patagonia Ambiental\",\"@id\":\"https:\\\/\\\/patagoniambiental.com.ar\\\/info\\\/#\\\/schema\\\/person\\\/db12bff64bbcbf6a253710bf0ea37b5d\"},\"headline\":\"La joya costera rionegrina se alista para el verano\",\"datePublished\":\"2017-12-10T12:00:06+00:00\",\"mainEntityOfPage\":{\"@id\":\"https:\\\/\\\/patagoniambiental.com.ar\\\/info\\\/la-joya-costera-rionegrina-se-alista-para-el-verano\\\/\"},\"wordCount\":679,\"commentCount\":0,\"publisher\":{\"@id\":\"https:\\\/\\\/patagoniambiental.com.ar\\\/info\\\/#organization\"},\"image\":{\"@id\":\"https:\\\/\\\/patagoniambiental.com.ar\\\/info\\\/la-joya-costera-rionegrina-se-alista-para-el-verano\\\/#primaryimage\"},\"thumbnailUrl\":\"http:\\\/\\\/patagonia.net\\\/wp-content\\\/uploads\\\/2017\\\/09\\\/Las-Grutas.jpg\",\"articleSection\":[\"Noticias\",\"R\u00edo Negro\"],\"inLanguage\":\"es\",\"potentialAction\":[{\"@type\":\"CommentAction\",\"name\":\"Comment\",\"target\":[\"https:\\\/\\\/patagoniambiental.com.ar\\\/info\\\/la-joya-costera-rionegrina-se-alista-para-el-verano\\\/#respond\"]}]},{\"@type\":\"WebPage\",\"@id\":\"https:\\\/\\\/patagoniambiental.com.ar\\\/info\\\/la-joya-costera-rionegrina-se-alista-para-el-verano\\\/\",\"url\":\"https:\\\/\\\/patagoniambiental.com.ar\\\/info\\\/la-joya-costera-rionegrina-se-alista-para-el-verano\\\/\",\"name\":\"La joya costera rionegrina se alista para el verano\",\"isPartOf\":{\"@id\":\"https:\\\/\\\/patagoniambiental.com.ar\\\/info\\\/#website\"},\"primaryImageOfPage\":{\"@id\":\"https:\\\/\\\/patagoniambiental.com.ar\\\/info\\\/la-joya-costera-rionegrina-se-alista-para-el-verano\\\/#primaryimage\"},\"image\":{\"@id\":\"https:\\\/\\\/patagoniambiental.com.ar\\\/info\\\/la-joya-costera-rionegrina-se-alista-para-el-verano\\\/#primaryimage\"},\"thumbnailUrl\":\"http:\\\/\\\/patagonia.net\\\/wp-content\\\/uploads\\\/2017\\\/09\\\/Las-Grutas.jpg\",\"datePublished\":\"2017-12-10T12:00:06+00:00\",\"breadcrumb\":{\"@id\":\"https:\\\/\\\/patagoniambiental.com.ar\\\/info\\\/la-joya-costera-rionegrina-se-alista-para-el-verano\\\/#breadcrumb\"},\"inLanguage\":\"es\",\"potentialAction\":[{\"@type\":\"ReadAction\",\"target\":[\"https:\\\/\\\/patagoniambiental.com.ar\\\/info\\\/la-joya-costera-rionegrina-se-alista-para-el-verano\\\/\"]}]},{\"@type\":\"ImageObject\",\"inLanguage\":\"es\",\"@id\":\"https:\\\/\\\/patagoniambiental.com.ar\\\/info\\\/la-joya-costera-rionegrina-se-alista-para-el-verano\\\/#primaryimage\",\"url\":\"http:\\\/\\\/patagonia.net\\\/wp-content\\\/uploads\\\/2017\\\/09\\\/Las-Grutas.jpg\",\"contentUrl\":\"http:\\\/\\\/patagonia.net\\\/wp-content\\\/uploads\\\/2017\\\/09\\\/Las-Grutas.jpg\"},{\"@type\":\"BreadcrumbList\",\"@id\":\"https:\\\/\\\/patagoniambiental.com.ar\\\/info\\\/la-joya-costera-rionegrina-se-alista-para-el-verano\\\/#breadcrumb\",\"itemListElement\":[{\"@type\":\"ListItem\",\"position\":1,\"name\":\"Inicio\",\"item\":\"https:\\\/\\\/patagoniambiental.com.ar\\\/info\\\/\"},{\"@type\":\"ListItem\",\"position\":2,\"name\":\"La joya costera rionegrina se alista para el verano\"}]},{\"@type\":\"WebSite\",\"@id\":\"https:\\\/\\\/patagoniambiental.com.ar\\\/info\\\/#website\",\"url\":\"https:\\\/\\\/patagoniambiental.com.ar\\\/info\\\/\",\"name\":\"Patagonia Ambiental\",\"description\":\"Monitoreo y an\u00e1lisis de la situaci\u00f3n geopol\u00edtica en el mundo y su implicancia en la Patagonia\",\"publisher\":{\"@id\":\"https:\\\/\\\/patagoniambiental.com.ar\\\/info\\\/#organization\"},\"potentialAction\":[{\"@type\":\"SearchAction\",\"target\":{\"@type\":\"EntryPoint\",\"urlTemplate\":\"https:\\\/\\\/patagoniambiental.com.ar\\\/info\\\/?s={search_term_string}\"},\"query-input\":{\"@type\":\"PropertyValueSpecification\",\"valueRequired\":true,\"valueName\":\"search_term_string\"}}],\"inLanguage\":\"es\"},{\"@type\":\"Organization\",\"@id\":\"https:\\\/\\\/patagoniambiental.com.ar\\\/info\\\/#organization\",\"name\":\"Patagonia Ambiental\",\"url\":\"https:\\\/\\\/patagoniambiental.com.ar\\\/info\\\/\",\"logo\":{\"@type\":\"ImageObject\",\"inLanguage\":\"es\",\"@id\":\"https:\\\/\\\/patagoniambiental.com.ar\\\/info\\\/#\\\/schema\\\/logo\\\/image\\\/\",\"url\":\"https:\\\/\\\/patagoniambiental.com.ar\\\/info\\\/wp-content\\\/uploads\\\/2025\\\/05\\\/LOGO-PATAGONIA-AMBIENTAL.png\",\"contentUrl\":\"https:\\\/\\\/patagoniambiental.com.ar\\\/info\\\/wp-content\\\/uploads\\\/2025\\\/05\\\/LOGO-PATAGONIA-AMBIENTAL.png\",\"width\":433,\"height\":250,\"caption\":\"Patagonia Ambiental\"},\"image\":{\"@id\":\"https:\\\/\\\/patagoniambiental.com.ar\\\/info\\\/#\\\/schema\\\/logo\\\/image\\\/\"},\"sameAs\":[\"https:\\\/\\\/www.facebook.com\\\/patagonia.ambiental\",\"https:\\\/\\\/x.com\\\/PatAmb\"]},{\"@type\":\"Person\",\"@id\":\"https:\\\/\\\/patagoniambiental.com.ar\\\/info\\\/#\\\/schema\\\/person\\\/db12bff64bbcbf6a253710bf0ea37b5d\",\"name\":\"Patagonia Ambiental\",\"description\":\"Andr\u00e9s Nievas T\u00e9cnico en manejo ambiental, consultor Ambiental y escritor para medios locales e internacionales sobre temas de geopolitica y medio ambiente.\",\"sameAs\":[\"http:\\\/\\\/www.patagoniambiental.com.ar\",\"https:\\\/\\\/www.facebook.com\\\/share\\\/1C1V8Gv9BX\\\/?mibextid=qi2Omg\",\"@patagoniambiental\",\"https:\\\/\\\/youtube.com\\\/@patagoniaambiental2023?si=BLt58t0wuXquxlYZ\"]}]}<\/script>\n<!-- \/ Yoast SEO Premium plugin. -->","yoast_head_json":{"title":"La joya costera rionegrina se alista para el verano","robots":{"index":"index","follow":"follow","max-snippet":"max-snippet:-1","max-image-preview":"max-image-preview:large","max-video-preview":"max-video-preview:-1"},"canonical":"https:\/\/patagoniambiental.com.ar\/info\/la-joya-costera-rionegrina-se-alista-para-el-verano\/","og_locale":"es_ES","og_type":"article","og_title":"La joya costera rionegrina se alista para el verano","og_description":"LAS GRUTAS.- El Gobierno de R\u00edo Negro present\u00f3 las actividades que llevar\u00e1 adelante durante la temporada estival 2017-2018 en Las [&hellip;]","og_url":"https:\/\/patagoniambiental.com.ar\/info\/la-joya-costera-rionegrina-se-alista-para-el-verano\/","og_site_name":"Patagonia Ambiental","article_publisher":"https:\/\/www.facebook.com\/patagonia.ambiental","article_author":"https:\/\/www.facebook.com\/share\/1C1V8Gv9BX\/?mibextid=qi2Omg","article_published_time":"2017-12-10T12:00:06+00:00","og_image":[{"url":"http:\/\/patagonia.net\/wp-content\/uploads\/2017\/09\/Las-Grutas.jpg","type":"","width":"","height":""}],"author":"Patagonia Ambiental","twitter_card":"summary_large_image","twitter_creator":"@PatAmb","twitter_site":"@PatAmb","schema":{"@context":"https:\/\/schema.org","@graph":[{"@type":"Article","@id":"https:\/\/patagoniambiental.com.ar\/info\/la-joya-costera-rionegrina-se-alista-para-el-verano\/#article","isPartOf":{"@id":"https:\/\/patagoniambiental.com.ar\/info\/la-joya-costera-rionegrina-se-alista-para-el-verano\/"},"author":{"name":"Patagonia Ambiental","@id":"https:\/\/patagoniambiental.com.ar\/info\/#\/schema\/person\/db12bff64bbcbf6a253710bf0ea37b5d"},"headline":"La joya costera rionegrina se alista para el verano","datePublished":"2017-12-10T12:00:06+00:00","mainEntityOfPage":{"@id":"https:\/\/patagoniambiental.com.ar\/info\/la-joya-costera-rionegrina-se-alista-para-el-verano\/"},"wordCount":679,"commentCount":0,"publisher":{"@id":"https:\/\/patagoniambiental.com.ar\/info\/#organization"},"image":{"@id":"https:\/\/patagoniambiental.com.ar\/info\/la-joya-costera-rionegrina-se-alista-para-el-verano\/#primaryimage"},"thumbnailUrl":"http:\/\/patagonia.net\/wp-content\/uploads\/2017\/09\/Las-Grutas.jpg","articleSection":["Noticias","R\u00edo Negro"],"inLanguage":"es","potentialAction":[{"@type":"CommentAction","name":"Comment","target":["https:\/\/patagoniambiental.com.ar\/info\/la-joya-costera-rionegrina-se-alista-para-el-verano\/#respond"]}]},{"@type":"WebPage","@id":"https:\/\/patagoniambiental.com.ar\/info\/la-joya-costera-rionegrina-se-alista-para-el-verano\/","url":"https:\/\/patagoniambiental.com.ar\/info\/la-joya-costera-rionegrina-se-alista-para-el-verano\/","name":"La joya costera rionegrina se alista para el verano","isPartOf":{"@id":"https:\/\/patagoniambiental.com.ar\/info\/#website"},"primaryImageOfPage":{"@id":"https:\/\/patagoniambiental.com.ar\/info\/la-joya-costera-rionegrina-se-alista-para-el-verano\/#primaryimage"},"image":{"@id":"https:\/\/patagoniambiental.com.ar\/info\/la-joya-costera-rionegrina-se-alista-para-el-verano\/#primaryimage"},"thumbnailUrl":"http:\/\/patagonia.net\/wp-content\/uploads\/2017\/09\/Las-Grutas.jpg","datePublished":"2017-12-10T12:00:06+00:00","breadcrumb":{"@id":"https:\/\/patagoniambiental.com.ar\/info\/la-joya-costera-rionegrina-se-alista-para-el-verano\/#breadcrumb"},"inLanguage":"es","potentialAction":[{"@type":"ReadAction","target":["https:\/\/patagoniambiental.com.ar\/info\/la-joya-costera-rionegrina-se-alista-para-el-verano\/"]}]},{"@type":"ImageObject","inLanguage":"es","@id":"https:\/\/patagoniambiental.com.ar\/info\/la-joya-costera-rionegrina-se-alista-para-el-verano\/#primaryimage","url":"http:\/\/patagonia.net\/wp-content\/uploads\/2017\/09\/Las-Grutas.jpg","contentUrl":"http:\/\/patagonia.net\/wp-content\/uploads\/2017\/09\/Las-Grutas.jpg"},{"@type":"BreadcrumbList","@id":"https:\/\/patagoniambiental.com.ar\/info\/la-joya-costera-rionegrina-se-alista-para-el-verano\/#breadcrumb","itemListElement":[{"@type":"ListItem","position":1,"name":"Inicio","item":"https:\/\/patagoniambiental.com.ar\/info\/"},{"@type":"ListItem","position":2,"name":"La joya costera rionegrina se alista para el verano"}]},{"@type":"WebSite","@id":"https:\/\/patagoniambiental.com.ar\/info\/#website","url":"https:\/\/patagoniambiental.com.ar\/info\/","name":"Patagonia Ambiental","description":"Monitoreo y an\u00e1lisis de la situaci\u00f3n geopol\u00edtica en el mundo y su implicancia en la Patagonia","publisher":{"@id":"https:\/\/patagoniambiental.com.ar\/info\/#organization"},"potentialAction":[{"@type":"SearchAction","target":{"@type":"EntryPoint","urlTemplate":"https:\/\/patagoniambiental.com.ar\/info\/?s={search_term_string}"},"query-input":{"@type":"PropertyValueSpecification","valueRequired":true,"valueName":"search_term_string"}}],"inLanguage":"es"},{"@type":"Organization","@id":"https:\/\/patagoniambiental.com.ar\/info\/#organization","name":"Patagonia Ambiental","url":"https:\/\/patagoniambiental.com.ar\/info\/","logo":{"@type":"ImageObject","inLanguage":"es","@id":"https:\/\/patagoniambiental.com.ar\/info\/#\/schema\/logo\/image\/","url":"https:\/\/patagoniambiental.com.ar\/info\/wp-content\/uploads\/2025\/05\/LOGO-PATAGONIA-AMBIENTAL.png","contentUrl":"https:\/\/patagoniambiental.com.ar\/info\/wp-content\/uploads\/2025\/05\/LOGO-PATAGONIA-AMBIENTAL.png","width":433,"height":250,"caption":"Patagonia Ambiental"},"image":{"@id":"https:\/\/patagoniambiental.com.ar\/info\/#\/schema\/logo\/image\/"},"sameAs":["https:\/\/www.facebook.com\/patagonia.ambiental","https:\/\/x.com\/PatAmb"]},{"@type":"Person","@id":"https:\/\/patagoniambiental.com.ar\/info\/#\/schema\/person\/db12bff64bbcbf6a253710bf0ea37b5d","name":"Patagonia Ambiental","description":"Andr\u00e9s Nievas T\u00e9cnico en manejo ambiental, consultor Ambiental y escritor para medios locales e internacionales sobre temas de geopolitica y medio ambiente.","sameAs":["http:\/\/www.patagoniambiental.com.ar","https:\/\/www.facebook.com\/share\/1C1V8Gv9BX\/?mibextid=qi2Omg","@patagoniambiental","https:\/\/youtube.com\/@patagoniaambiental2023?si=BLt58t0wuXquxlYZ"]}]}},"_links":{"self":[{"href":"https:\/\/patagoniambiental.com.ar\/info\/wp-json\/wp\/v2\/posts\/39532","targetHints":{"allow":["GET"]}}],"collection":[{"href":"https:\/\/patagoniambiental.com.ar\/info\/wp-json\/wp\/v2\/posts"}],"about":[{"href":"https:\/\/patagoniambiental.com.ar\/info\/wp-json\/wp\/v2\/types\/post"}],"author":[{"embeddable":true,"href":"https:\/\/patagoniambiental.com.ar\/info\/wp-json\/wp\/v2\/users\/2"}],"replies":[{"embeddable":true,"href":"https:\/\/patagoniambiental.com.ar\/info\/wp-json\/wp\/v2\/comments?post=39532"}],"version-history":[{"count":0,"href":"https:\/\/patagoniambiental.com.ar\/info\/wp-json\/wp\/v2\/posts\/39532\/revisions"}],"wp:attachment":[{"href":"https:\/\/patagoniambiental.com.ar\/info\/wp-json\/wp\/v2\/media?parent=39532"}],"wp:term":[{"taxonomy":"category","embeddable":true,"href":"https:\/\/patagoniambiental.com.ar\/info\/wp-json\/wp\/v2\/categories?post=39532"},{"taxonomy":"post_tag","embeddable":true,"href":"https:\/\/patagoniambiental.com.ar\/info\/wp-json\/wp\/v2\/tags?post=39532"}],"curies":[{"name":"wp","href":"https:\/\/api.w.org\/{rel}","templated":true}]}}