{"id":39541,"date":"2017-12-11T09:00:57","date_gmt":"2017-12-11T12:00:57","guid":{"rendered":"http:\/\/patagoniambiental.com.ar\/info\/?p=39541"},"modified":"2017-12-11T06:59:44","modified_gmt":"2017-12-11T09:59:44","slug":"concluyo-en-mendoza-el-primer-encuentro-federal-de-guardaparques-nacionales","status":"publish","type":"post","link":"https:\/\/patagoniambiental.com.ar\/info\/concluyo-en-mendoza-el-primer-encuentro-federal-de-guardaparques-nacionales\/","title":{"rendered":"Concluy\u00f3 en Mendoza el primer encuentro federal de guardaparques nacionales"},"content":{"rendered":"<p><strong>MENDOZA.- El encuentro se desarroll\u00f3 en el Regimiento de Infanter\u00eda de Monta\u00f1a 16 de Uspallata y form\u00f3 parte de un proyecto de fortalecimiento del Sistema Federal de \u00c1reas Protegidas (Sifap), que llevan adelante el Ministerio de Ambiente y Desarrollo Sustentable y la APN.<\/strong><\/p>\n<p>Durante las jornadas se trabaj\u00f3 en diversas tem\u00e1ticas como la prevenci\u00f3n y control de incendios, experiencias de uso sustentable de especies, manejo de especies ex\u00f3ticas, cambio clim\u00e1tico, cooperaci\u00f3n interjurisdiccional y corredores como estrategia de conservaci\u00f3n.<\/p>\n<p><strong>\u201cLo importante es que cuidemos la biodiversidad y generar par\u00e1metros claros sobre d\u00f3nde es necesario expandir las \u00e1reas protegidas nacionales y provinciales\u00bb<\/strong>, donde empiezan a dar sus primeros pasos los futuros bi\u00f3logos, guardaparques y brigadistas\u201d, dijo Emiliano Ezcurra, vicepresidente de la APN, durante la apertura del encuentro.<\/p>\n<p>Tambi\u00e9n participaron Humberto Mingorance, secretario de Ambiente y Ordenamiento Territorial de Mendoza, y el director nacional de Uso P\u00fablico de APN, Eduardo Ceccotti.<\/p>\n<p>Participaron de las jornadas representantes de los parques nacionales Calilegua, El Rey, Campo de los Alisos, Campos del Tuy\u00fa, Chaco, El Impenetrable, Mburucuy\u00e1, Quebrada del Condorito, Talampaya, Sierra de las Quijadas, Lihu\u00e9 Calel, Lan\u00edn, Laguna Blanca, Lago Puelo, Los Alerces, Los Glaciares, Bosques Petrificados de Jaramillo y Tierra del Fuego.<\/p>\n<p>Tambi\u00e9n hubo guardaparques de las reservas naturales Formosa, Estricta San Antonio y Educativa Colonia Ben\u00edtez, el monumento natural Laguna de los Pozuelos y el futuro parque nacional Iber\u00e1.<\/p>\n<p>Las \u00e1reas protegidas provinciales estuvieron representadas por guardaparques de Salta, Jujuy, Catamarca, Formosa, Chaco, Corrientes, Misiones, Entre R\u00edos, Santa Fe, C\u00f3rdoba, La Rioja, San Juan, Mendoza, San Luis, Buenos Aires, Neuqu\u00e9n, R\u00edo Negro, Santa Cruz y Tierra del Fuego, detall\u00f3 la APN.<\/p>\n<p>&nbsp;<\/p>\n<p>Fuente:\u00a0http:\/\/jornadaonline.com\/mendoza\/184818-concluyo-en-mendoza-el-primer-encuentro-federal-de-guardaparques-nacionales<\/p>\n","protected":false},"excerpt":{"rendered":"<p>MENDOZA.- El encuentro se desarroll\u00f3 en el Regimiento de Infanter\u00eda de Monta\u00f1a 16 de Uspallata y form\u00f3 parte de un [&hellip;]<\/p>\n","protected":false},"author":2,"featured_media":0,"comment_status":"open","ping_status":"open","sticky":false,"template":"","format":"standard","meta":{"site-sidebar-layout":"default","site-content-layout":"","ast-site-content-layout":"default","site-content-style":"default","site-sidebar-style":"default","ast-global-header-display":"","ast-banner-title-visibility":"","ast-main-header-display":"","ast-hfb-above-header-display":"","ast-hfb-below-header-display":"","ast-hfb-mobile-header-display":"","site-post-title":"","ast-breadcrumbs-content":"","ast-featured-img":"","footer-sml-layout":"","ast-disable-related-posts":"","theme-transparent-header-meta":"","adv-header-id-meta":"","stick-header-meta":"","header-above-stick-meta":"","header-main-stick-meta":"","header-below-stick-meta":"","astra-migrate-meta-layouts":"default","ast-page-background-enabled":"default","ast-page-background-meta":{"desktop":{"background-color":"var(--ast-global-color-5)","background-image":"","background-repeat":"repeat","background-position":"center center","background-size":"auto","background-attachment":"scroll","background-type":"","background-media":"","overlay-type":"","overlay-color":"","overlay-opacity":"","overlay-gradient":""},"tablet":{"background-color":"","background-image":"","background-repeat":"repeat","background-position":"center center","background-size":"auto","background-attachment":"scroll","background-type":"","background-media":"","overlay-type":"","overlay-color":"","overlay-opacity":"","overlay-gradient":""},"mobile":{"background-color":"","background-image":"","background-repeat":"repeat","background-position":"center center","background-size":"auto","background-attachment":"scroll","background-type":"","background-media":"","overlay-type":"","overlay-color":"","overlay-opacity":"","overlay-gradient":""}},"ast-content-background-meta":{"desktop":{"background-color":"var(--ast-global-color-4)","background-image":"","background-repeat":"repeat","background-position":"center center","background-size":"auto","background-attachment":"scroll","background-type":"","background-media":"","overlay-type":"","overlay-color":"","overlay-opacity":"","overlay-gradient":""},"tablet":{"background-color":"var(--ast-global-color-4)","background-image":"","background-repeat":"repeat","background-position":"center center","background-size":"auto","background-attachment":"scroll","background-type":"","background-media":"","overlay-type":"","overlay-color":"","overlay-opacity":"","overlay-gradient":""},"mobile":{"background-color":"var(--ast-global-color-4)","background-image":"","background-repeat":"repeat","background-position":"center center","background-size":"auto","background-attachment":"scroll","background-type":"","background-media":"","overlay-type":"","overlay-color":"","overlay-opacity":"","overlay-gradient":""}},"footnotes":""},"categories":[1],"tags":[],"class_list":["post-39541","post","type-post","status-publish","format-standard","hentry","category-noticias"],"yoast_head":"<!-- This site is optimized with the Yoast SEO Premium plugin v23.0 (Yoast SEO v27.4) - https:\/\/yoast.com\/product\/yoast-seo-premium-wordpress\/ -->\n<title>Concluy\u00f3 en Mendoza el primer encuentro federal de guardaparques nacionales<\/title>\n<meta name=\"robots\" content=\"index, follow, max-snippet:-1, max-image-preview:large, max-video-preview:-1\" \/>\n<link rel=\"canonical\" href=\"https:\/\/patagoniambiental.com.ar\/info\/concluyo-en-mendoza-el-primer-encuentro-federal-de-guardaparques-nacionales\/\" \/>\n<meta property=\"og:locale\" content=\"es_ES\" \/>\n<meta property=\"og:type\" content=\"article\" \/>\n<meta property=\"og:title\" content=\"Concluy\u00f3 en Mendoza el primer encuentro federal de guardaparques nacionales\" \/>\n<meta property=\"og:description\" content=\"MENDOZA.- El encuentro se desarroll\u00f3 en el Regimiento de Infanter\u00eda de Monta\u00f1a 16 de Uspallata y form\u00f3 parte de un [&hellip;]\" \/>\n<meta property=\"og:url\" content=\"https:\/\/patagoniambiental.com.ar\/info\/concluyo-en-mendoza-el-primer-encuentro-federal-de-guardaparques-nacionales\/\" \/>\n<meta property=\"og:site_name\" content=\"Patagonia Ambiental\" \/>\n<meta property=\"article:publisher\" content=\"https:\/\/www.facebook.com\/patagonia.ambiental\" \/>\n<meta property=\"article:author\" content=\"https:\/\/www.facebook.com\/share\/1C1V8Gv9BX\/?mibextid=qi2Omg\" \/>\n<meta property=\"article:published_time\" content=\"2017-12-11T12:00:57+00:00\" \/>\n<meta name=\"author\" content=\"Patagonia Ambiental\" \/>\n<meta name=\"twitter:card\" content=\"summary_large_image\" \/>\n<meta name=\"twitter:creator\" content=\"@PatAmb\" \/>\n<meta name=\"twitter:site\" content=\"@PatAmb\" \/>\n<script type=\"application\/ld+json\" class=\"yoast-schema-graph\">{\"@context\":\"https:\\\/\\\/schema.org\",\"@graph\":[{\"@type\":\"Article\",\"@id\":\"https:\\\/\\\/patagoniambiental.com.ar\\\/info\\\/concluyo-en-mendoza-el-primer-encuentro-federal-de-guardaparques-nacionales\\\/#article\",\"isPartOf\":{\"@id\":\"https:\\\/\\\/patagoniambiental.com.ar\\\/info\\\/concluyo-en-mendoza-el-primer-encuentro-federal-de-guardaparques-nacionales\\\/\"},\"author\":{\"name\":\"Patagonia Ambiental\",\"@id\":\"https:\\\/\\\/patagoniambiental.com.ar\\\/info\\\/#\\\/schema\\\/person\\\/db12bff64bbcbf6a253710bf0ea37b5d\"},\"headline\":\"Concluy\u00f3 en Mendoza el primer encuentro federal de guardaparques nacionales\",\"datePublished\":\"2017-12-11T12:00:57+00:00\",\"mainEntityOfPage\":{\"@id\":\"https:\\\/\\\/patagoniambiental.com.ar\\\/info\\\/concluyo-en-mendoza-el-primer-encuentro-federal-de-guardaparques-nacionales\\\/\"},\"wordCount\":305,\"commentCount\":0,\"publisher\":{\"@id\":\"https:\\\/\\\/patagoniambiental.com.ar\\\/info\\\/#organization\"},\"articleSection\":[\"Noticias\"],\"inLanguage\":\"es\",\"potentialAction\":[{\"@type\":\"CommentAction\",\"name\":\"Comment\",\"target\":[\"https:\\\/\\\/patagoniambiental.com.ar\\\/info\\\/concluyo-en-mendoza-el-primer-encuentro-federal-de-guardaparques-nacionales\\\/#respond\"]}]},{\"@type\":\"WebPage\",\"@id\":\"https:\\\/\\\/patagoniambiental.com.ar\\\/info\\\/concluyo-en-mendoza-el-primer-encuentro-federal-de-guardaparques-nacionales\\\/\",\"url\":\"https:\\\/\\\/patagoniambiental.com.ar\\\/info\\\/concluyo-en-mendoza-el-primer-encuentro-federal-de-guardaparques-nacionales\\\/\",\"name\":\"Concluy\u00f3 en Mendoza el primer encuentro federal de guardaparques nacionales\",\"isPartOf\":{\"@id\":\"https:\\\/\\\/patagoniambiental.com.ar\\\/info\\\/#website\"},\"datePublished\":\"2017-12-11T12:00:57+00:00\",\"breadcrumb\":{\"@id\":\"https:\\\/\\\/patagoniambiental.com.ar\\\/info\\\/concluyo-en-mendoza-el-primer-encuentro-federal-de-guardaparques-nacionales\\\/#breadcrumb\"},\"inLanguage\":\"es\",\"potentialAction\":[{\"@type\":\"ReadAction\",\"target\":[\"https:\\\/\\\/patagoniambiental.com.ar\\\/info\\\/concluyo-en-mendoza-el-primer-encuentro-federal-de-guardaparques-nacionales\\\/\"]}]},{\"@type\":\"BreadcrumbList\",\"@id\":\"https:\\\/\\\/patagoniambiental.com.ar\\\/info\\\/concluyo-en-mendoza-el-primer-encuentro-federal-de-guardaparques-nacionales\\\/#breadcrumb\",\"itemListElement\":[{\"@type\":\"ListItem\",\"position\":1,\"name\":\"Inicio\",\"item\":\"https:\\\/\\\/patagoniambiental.com.ar\\\/info\\\/\"},{\"@type\":\"ListItem\",\"position\":2,\"name\":\"Concluy\u00f3 en Mendoza el primer encuentro federal de guardaparques nacionales\"}]},{\"@type\":\"WebSite\",\"@id\":\"https:\\\/\\\/patagoniambiental.com.ar\\\/info\\\/#website\",\"url\":\"https:\\\/\\\/patagoniambiental.com.ar\\\/info\\\/\",\"name\":\"Patagonia Ambiental\",\"description\":\"Monitoreo y an\u00e1lisis de la situaci\u00f3n geopol\u00edtica en el mundo y su implicancia en la Patagonia\",\"publisher\":{\"@id\":\"https:\\\/\\\/patagoniambiental.com.ar\\\/info\\\/#organization\"},\"potentialAction\":[{\"@type\":\"SearchAction\",\"target\":{\"@type\":\"EntryPoint\",\"urlTemplate\":\"https:\\\/\\\/patagoniambiental.com.ar\\\/info\\\/?s={search_term_string}\"},\"query-input\":{\"@type\":\"PropertyValueSpecification\",\"valueRequired\":true,\"valueName\":\"search_term_string\"}}],\"inLanguage\":\"es\"},{\"@type\":\"Organization\",\"@id\":\"https:\\\/\\\/patagoniambiental.com.ar\\\/info\\\/#organization\",\"name\":\"Patagonia Ambiental\",\"url\":\"https:\\\/\\\/patagoniambiental.com.ar\\\/info\\\/\",\"logo\":{\"@type\":\"ImageObject\",\"inLanguage\":\"es\",\"@id\":\"https:\\\/\\\/patagoniambiental.com.ar\\\/info\\\/#\\\/schema\\\/logo\\\/image\\\/\",\"url\":\"https:\\\/\\\/patagoniambiental.com.ar\\\/info\\\/wp-content\\\/uploads\\\/2025\\\/05\\\/LOGO-PATAGONIA-AMBIENTAL.png\",\"contentUrl\":\"https:\\\/\\\/patagoniambiental.com.ar\\\/info\\\/wp-content\\\/uploads\\\/2025\\\/05\\\/LOGO-PATAGONIA-AMBIENTAL.png\",\"width\":433,\"height\":250,\"caption\":\"Patagonia Ambiental\"},\"image\":{\"@id\":\"https:\\\/\\\/patagoniambiental.com.ar\\\/info\\\/#\\\/schema\\\/logo\\\/image\\\/\"},\"sameAs\":[\"https:\\\/\\\/www.facebook.com\\\/patagonia.ambiental\",\"https:\\\/\\\/x.com\\\/PatAmb\"]},{\"@type\":\"Person\",\"@id\":\"https:\\\/\\\/patagoniambiental.com.ar\\\/info\\\/#\\\/schema\\\/person\\\/db12bff64bbcbf6a253710bf0ea37b5d\",\"name\":\"Patagonia Ambiental\",\"description\":\"Andr\u00e9s Nievas T\u00e9cnico en manejo ambiental, consultor Ambiental y escritor para medios locales e internacionales sobre temas de geopolitica y medio ambiente.\",\"sameAs\":[\"http:\\\/\\\/www.patagoniambiental.com.ar\",\"https:\\\/\\\/www.facebook.com\\\/share\\\/1C1V8Gv9BX\\\/?mibextid=qi2Omg\",\"@patagoniambiental\",\"https:\\\/\\\/youtube.com\\\/@patagoniaambiental2023?si=BLt58t0wuXquxlYZ\"]}]}<\/script>\n<!-- \/ Yoast SEO Premium plugin. -->","yoast_head_json":{"title":"Concluy\u00f3 en Mendoza el primer encuentro federal de guardaparques nacionales","robots":{"index":"index","follow":"follow","max-snippet":"max-snippet:-1","max-image-preview":"max-image-preview:large","max-video-preview":"max-video-preview:-1"},"canonical":"https:\/\/patagoniambiental.com.ar\/info\/concluyo-en-mendoza-el-primer-encuentro-federal-de-guardaparques-nacionales\/","og_locale":"es_ES","og_type":"article","og_title":"Concluy\u00f3 en Mendoza el primer encuentro federal de guardaparques nacionales","og_description":"MENDOZA.- El encuentro se desarroll\u00f3 en el Regimiento de Infanter\u00eda de Monta\u00f1a 16 de Uspallata y form\u00f3 parte de un [&hellip;]","og_url":"https:\/\/patagoniambiental.com.ar\/info\/concluyo-en-mendoza-el-primer-encuentro-federal-de-guardaparques-nacionales\/","og_site_name":"Patagonia Ambiental","article_publisher":"https:\/\/www.facebook.com\/patagonia.ambiental","article_author":"https:\/\/www.facebook.com\/share\/1C1V8Gv9BX\/?mibextid=qi2Omg","article_published_time":"2017-12-11T12:00:57+00:00","author":"Patagonia Ambiental","twitter_card":"summary_large_image","twitter_creator":"@PatAmb","twitter_site":"@PatAmb","schema":{"@context":"https:\/\/schema.org","@graph":[{"@type":"Article","@id":"https:\/\/patagoniambiental.com.ar\/info\/concluyo-en-mendoza-el-primer-encuentro-federal-de-guardaparques-nacionales\/#article","isPartOf":{"@id":"https:\/\/patagoniambiental.com.ar\/info\/concluyo-en-mendoza-el-primer-encuentro-federal-de-guardaparques-nacionales\/"},"author":{"name":"Patagonia Ambiental","@id":"https:\/\/patagoniambiental.com.ar\/info\/#\/schema\/person\/db12bff64bbcbf6a253710bf0ea37b5d"},"headline":"Concluy\u00f3 en Mendoza el primer encuentro federal de guardaparques nacionales","datePublished":"2017-12-11T12:00:57+00:00","mainEntityOfPage":{"@id":"https:\/\/patagoniambiental.com.ar\/info\/concluyo-en-mendoza-el-primer-encuentro-federal-de-guardaparques-nacionales\/"},"wordCount":305,"commentCount":0,"publisher":{"@id":"https:\/\/patagoniambiental.com.ar\/info\/#organization"},"articleSection":["Noticias"],"inLanguage":"es","potentialAction":[{"@type":"CommentAction","name":"Comment","target":["https:\/\/patagoniambiental.com.ar\/info\/concluyo-en-mendoza-el-primer-encuentro-federal-de-guardaparques-nacionales\/#respond"]}]},{"@type":"WebPage","@id":"https:\/\/patagoniambiental.com.ar\/info\/concluyo-en-mendoza-el-primer-encuentro-federal-de-guardaparques-nacionales\/","url":"https:\/\/patagoniambiental.com.ar\/info\/concluyo-en-mendoza-el-primer-encuentro-federal-de-guardaparques-nacionales\/","name":"Concluy\u00f3 en Mendoza el primer encuentro federal de guardaparques nacionales","isPartOf":{"@id":"https:\/\/patagoniambiental.com.ar\/info\/#website"},"datePublished":"2017-12-11T12:00:57+00:00","breadcrumb":{"@id":"https:\/\/patagoniambiental.com.ar\/info\/concluyo-en-mendoza-el-primer-encuentro-federal-de-guardaparques-nacionales\/#breadcrumb"},"inLanguage":"es","potentialAction":[{"@type":"ReadAction","target":["https:\/\/patagoniambiental.com.ar\/info\/concluyo-en-mendoza-el-primer-encuentro-federal-de-guardaparques-nacionales\/"]}]},{"@type":"BreadcrumbList","@id":"https:\/\/patagoniambiental.com.ar\/info\/concluyo-en-mendoza-el-primer-encuentro-federal-de-guardaparques-nacionales\/#breadcrumb","itemListElement":[{"@type":"ListItem","position":1,"name":"Inicio","item":"https:\/\/patagoniambiental.com.ar\/info\/"},{"@type":"ListItem","position":2,"name":"Concluy\u00f3 en Mendoza el primer encuentro federal de guardaparques nacionales"}]},{"@type":"WebSite","@id":"https:\/\/patagoniambiental.com.ar\/info\/#website","url":"https:\/\/patagoniambiental.com.ar\/info\/","name":"Patagonia Ambiental","description":"Monitoreo y an\u00e1lisis de la situaci\u00f3n geopol\u00edtica en el mundo y su implicancia en la Patagonia","publisher":{"@id":"https:\/\/patagoniambiental.com.ar\/info\/#organization"},"potentialAction":[{"@type":"SearchAction","target":{"@type":"EntryPoint","urlTemplate":"https:\/\/patagoniambiental.com.ar\/info\/?s={search_term_string}"},"query-input":{"@type":"PropertyValueSpecification","valueRequired":true,"valueName":"search_term_string"}}],"inLanguage":"es"},{"@type":"Organization","@id":"https:\/\/patagoniambiental.com.ar\/info\/#organization","name":"Patagonia Ambiental","url":"https:\/\/patagoniambiental.com.ar\/info\/","logo":{"@type":"ImageObject","inLanguage":"es","@id":"https:\/\/patagoniambiental.com.ar\/info\/#\/schema\/logo\/image\/","url":"https:\/\/patagoniambiental.com.ar\/info\/wp-content\/uploads\/2025\/05\/LOGO-PATAGONIA-AMBIENTAL.png","contentUrl":"https:\/\/patagoniambiental.com.ar\/info\/wp-content\/uploads\/2025\/05\/LOGO-PATAGONIA-AMBIENTAL.png","width":433,"height":250,"caption":"Patagonia Ambiental"},"image":{"@id":"https:\/\/patagoniambiental.com.ar\/info\/#\/schema\/logo\/image\/"},"sameAs":["https:\/\/www.facebook.com\/patagonia.ambiental","https:\/\/x.com\/PatAmb"]},{"@type":"Person","@id":"https:\/\/patagoniambiental.com.ar\/info\/#\/schema\/person\/db12bff64bbcbf6a253710bf0ea37b5d","name":"Patagonia Ambiental","description":"Andr\u00e9s Nievas T\u00e9cnico en manejo ambiental, consultor Ambiental y escritor para medios locales e internacionales sobre temas de geopolitica y medio ambiente.","sameAs":["http:\/\/www.patagoniambiental.com.ar","https:\/\/www.facebook.com\/share\/1C1V8Gv9BX\/?mibextid=qi2Omg","@patagoniambiental","https:\/\/youtube.com\/@patagoniaambiental2023?si=BLt58t0wuXquxlYZ"]}]}},"_links":{"self":[{"href":"https:\/\/patagoniambiental.com.ar\/info\/wp-json\/wp\/v2\/posts\/39541","targetHints":{"allow":["GET"]}}],"collection":[{"href":"https:\/\/patagoniambiental.com.ar\/info\/wp-json\/wp\/v2\/posts"}],"about":[{"href":"https:\/\/patagoniambiental.com.ar\/info\/wp-json\/wp\/v2\/types\/post"}],"author":[{"embeddable":true,"href":"https:\/\/patagoniambiental.com.ar\/info\/wp-json\/wp\/v2\/users\/2"}],"replies":[{"embeddable":true,"href":"https:\/\/patagoniambiental.com.ar\/info\/wp-json\/wp\/v2\/comments?post=39541"}],"version-history":[{"count":0,"href":"https:\/\/patagoniambiental.com.ar\/info\/wp-json\/wp\/v2\/posts\/39541\/revisions"}],"wp:attachment":[{"href":"https:\/\/patagoniambiental.com.ar\/info\/wp-json\/wp\/v2\/media?parent=39541"}],"wp:term":[{"taxonomy":"category","embeddable":true,"href":"https:\/\/patagoniambiental.com.ar\/info\/wp-json\/wp\/v2\/categories?post=39541"},{"taxonomy":"post_tag","embeddable":true,"href":"https:\/\/patagoniambiental.com.ar\/info\/wp-json\/wp\/v2\/tags?post=39541"}],"curies":[{"name":"wp","href":"https:\/\/api.w.org\/{rel}","templated":true}]}}