{"id":39550,"date":"2017-12-11T09:00:05","date_gmt":"2017-12-11T12:00:05","guid":{"rendered":"http:\/\/patagoniambiental.com.ar\/info\/?p=39550"},"modified":"2017-12-11T07:07:19","modified_gmt":"2017-12-11T10:07:19","slug":"acuerdo-ue-mercosur-gran-amenaza-para-los-habitats-naturales-suramericanos","status":"publish","type":"post","link":"https:\/\/patagoniambiental.com.ar\/info\/acuerdo-ue-mercosur-gran-amenaza-para-los-habitats-naturales-suramericanos\/","title":{"rendered":"Acuerdo UE-Mercosur: gran amenaza para los h\u00e1bitats naturales suramericanos"},"content":{"rendered":"<article id=\"the-post\" class=\"post-listing post-95277 post type-post status-publish format-standard has-post-thumbnail  category-economia category-noticias tag-deforestacion tag-greenpeace tag-mercosur tag-miguel-angel-soto tag-tratados-comerciales tag-union-europea sumome-article\">\n<div class=\"post-inner\">\n<div class=\"entry\">\n<p>Greenpeace Pa\u00edses Bajos ha hecho p\u00fablicas parte de las conversaciones secretas mantenidas entre la Uni\u00f3n Europea (UE) y los pa\u00edses del Mercosur (Argentina, Brasil, Uruguay y Paraguay) para firmar un acuerdo comercial, que ponen de manifiesto\u00a0una gran amenaza para el clima y la preservaci\u00f3n de los h\u00e1bitats naturales en Am\u00e9rica del Sur, incluidas las sensibles regiones de Amazonas y Cerrado en Brasil.<span id=\"more-95277\"><\/span><\/p>\n<p>Los documentos filtrados, que suman 171 p\u00e1ginas, son textos que hasta la fecha no han sido hechos p\u00fablicos por los responsables de la UE, y se han conocido en v\u00edsperas de la ronda de negociaciones que comienzaron en Buenos Aires.<\/p>\n<figure id=\"attachment_95278\" class=\"wp-caption aligncenter\"><img fetchpriority=\"high\" decoding=\"async\" class=\"size-large wp-image-95278\" src=\"https:\/\/i2.wp.com\/periodistas-es.com\/wp-content\/uploads\/ganaderia-argentina.jpg?resize=600%2C332\" alt=\"Explotaci\u00f3n ganadera en Argentina\" width=\"600\" height=\"332\" \/><figcaption class=\"wp-caption-text\">Explotaci\u00f3n ganadera en Argentina<\/figcaption><\/figure>\n<p>Las filtraciones ponen de manifiesto nuevamente el fracaso de la Comisi\u00f3n Europea y los Gobiernos europeos para cumplir con sus compromisos de transparencia.<\/p>\n<p>\u201cEl car\u00e1cter clandestino de estas negociaciones comerciales socavan la democracia y la confianza p\u00fablica en los pol\u00edticos. Este acuerdo comercial en particular se ve eclipsado por serias acusaciones de corrupci\u00f3n en Brasil, los asesinatos de activistas ambientales y l\u00edderes ind\u00edgenas, y una gran amenaza para el medio ambiente\u201d, ha declarado\u00a0<strong>Miguel \u00c1ngel Soto<\/strong>, portavoz de Greenpeace Espa\u00f1a.<\/p>\n<p>\u201cLos pa\u00edses del Mercosur esperan aumentar masivamente las exportaciones de carne a Europa, lo que llevar\u00eda a una mayor expansi\u00f3n de la ganader\u00eda hacia regiones todav\u00eda intactas de los bosques amaz\u00f3nicos, que ser\u00edan destruidos, del Cerrado brasile\u00f1o o el Chaco en Argentina. Hasta que estas cuestiones no sean abordadas correctamente en el contenido del acuerdo, las negociaciones sobre este tratado no deber\u00edan seguir avanzando\u201c, ha a\u00f1adido Soto.<\/p>\n<p>En la actualidad, los pa\u00edses del Mercosur exportan a la UE alrededor de 200 000 toneladas de carne de vacuno y los negociadores de la UE han ofrecido a los pa\u00edses del Mercosur un aumento de la cuota de importaciones de hasta 70 000 toneladas, aunque los observadores esperan que esta oferta aumente a 100 000 a 130 000 toneladas.<\/p>\n<p><img decoding=\"async\" class=\"size-full wp-image-34921 alignright\" src=\"https:\/\/i2.wp.com\/periodistas-es.com\/wp-content\/uploads\/2014\/05\/poster-soja.jpg?resize=300%2C424\" alt=\"\" width=\"300\" height=\"424\" \/><\/p>\n<h2>La soja: motor de la deforestaci\u00f3n<\/h2>\n<p>Pero el principal producto que exportan los pa\u00edses del Mercosur a la UE es otro motor de la deforestaci\u00f3n: la soja, que representa el 22 % del valor de las exportaciones. Esta soja es utilizada en la UE para alimentar a la caba\u00f1a ganadera, y est\u00e1 presente en el 67 % de los piensos de engorde de la producci\u00f3n intensiva de carne. Dos tercios de estas cantidad procede de Brasil. Los investigadores sospechan que las importaciones de soja de los pa\u00edses del Mercosur aumentar\u00e1n como resultado de estas negociaciones.<\/p>\n<p>Los impactos de la producci\u00f3n de soja y la ganader\u00eda en la selva amaz\u00f3nica y otros ecosistemas circundantes han sido extensamente documentados. La regi\u00f3n amaz\u00f3nica brasile\u00f1a perdi\u00f3 37 000 km\u00b2 de cobertura arb\u00f3rea en 2016, un \u00e1rea aproximadamente del tama\u00f1o de Suiza, casi tres veces m\u00e1s que en 2015. Entre 2013 y 2015, cerca de 19 000 km\u00b2 de bosque fueron destruidos en la regi\u00f3n de sabana tropical del Cerrado en Brasil. El plan de desarrollo ganadero intensivo de Argentina para el norte del pa\u00eds prev\u00e9 un aumento en la producci\u00f3n de alrededor de diez millones de vacas, principalmente para la exportaci\u00f3n a Europa y China. Esta expansi\u00f3n amenaza diez millones de hect\u00e1reas de bosques protegidos en la regi\u00f3n del Gran Chaco.<\/p>\n<p>Brasil se encuentra envuelta en una grave crisis pol\u00edtica, y su Gobierno ha desmantelado las salvaguardas ambientales y de derechos humanos, y ha expuesto las \u00e1reas previamente protegidas de la selva tropical a la deforestaci\u00f3n producida por la expansi\u00f3n agr\u00edcola.<\/p>\n<p>Greenpeace advierte que la entrada de grandes cantidades de carne de vacuno como consecuencia del efecto acumulativo de los tratados firmados con otros pa\u00edses y regiones (Canad\u00e1, M\u00e9xico, Mercosur, Australia, etc.) puede generar un impacto negativo en los ecosistemas europeos.<\/p>\n<p>\u201cEn Espa\u00f1a numerosos h\u00e1bitats rurales conviven en equilibrio con un tipo de ganader\u00eda tradicional y sostenible que podr\u00eda desaparecer, generando disfunciones en el funcionamiento los ecosistemas\u201d, ha apuntado Soto. \u201cMuchos ecosistemas ib\u00e9ricos, como los paisajes de dehesa, dependen en gran medida de la supervivencia de la ganader\u00eda extensiva. El aprovechamiento ganadero, adem\u00e1s de ser un pilar en el desarrollo rural de amplias zonas, tiene una gran importancia ecol\u00f3gica, ya que contribuye a mantener el h\u00e1bitat de especies amenazadas como el \u00e1guila imperial, el buitre negro, la cig\u00fce\u00f1a negra o el lince ib\u00e9rico\u201d.<\/p>\n<p>Los documentos filtrados y publicados por Greenpeace Pa\u00edses Bajos sobre las negociaciones entre la Uni\u00f3n Europea y los pa\u00edses del Mercosur tienen fecha de julio de 2017, excepto un documento que es de 2016. Si este acuerdo se concluye, el tratado comercial UE-Mercosur podr\u00eda ser el mayor acuerdo comercial de la UE, abarcando un volumen comercial similar al comercio de la UE con Jap\u00f3n.<\/p>\n<\/div>\n<div class=\"clear\"><\/div>\n<\/div>\n<\/article>\n<p class=\"post-tag\">Fuente:\u00a0http:\/\/periodistas-es.com\/acuerdo-ue-mercosur-gran-amenaza-los-habitats-naturales-suramericanos-95277<\/p>\n","protected":false},"excerpt":{"rendered":"<p>Greenpeace Pa\u00edses Bajos ha hecho p\u00fablicas parte de las conversaciones secretas mantenidas entre la Uni\u00f3n Europea (UE) y los pa\u00edses [&hellip;]<\/p>\n","protected":false},"author":2,"featured_media":0,"comment_status":"open","ping_status":"open","sticky":false,"template":"","format":"standard","meta":{"site-sidebar-layout":"default","site-content-layout":"","ast-site-content-layout":"default","site-content-style":"default","site-sidebar-style":"default","ast-global-header-display":"","ast-banner-title-visibility":"","ast-main-header-display":"","ast-hfb-above-header-display":"","ast-hfb-below-header-display":"","ast-hfb-mobile-header-display":"","site-post-title":"","ast-breadcrumbs-content":"","ast-featured-img":"","footer-sml-layout":"","ast-disable-related-posts":"","theme-transparent-header-meta":"","adv-header-id-meta":"","stick-header-meta":"","header-above-stick-meta":"","header-main-stick-meta":"","header-below-stick-meta":"","astra-migrate-meta-layouts":"default","ast-page-background-enabled":"default","ast-page-background-meta":{"desktop":{"background-color":"var(--ast-global-color-5)","background-image":"","background-repeat":"repeat","background-position":"center center","background-size":"auto","background-attachment":"scroll","background-type":"","background-media":"","overlay-type":"","overlay-color":"","overlay-opacity":"","overlay-gradient":""},"tablet":{"background-color":"","background-image":"","background-repeat":"repeat","background-position":"center center","background-size":"auto","background-attachment":"scroll","background-type":"","background-media":"","overlay-type":"","overlay-color":"","overlay-opacity":"","overlay-gradient":""},"mobile":{"background-color":"","background-image":"","background-repeat":"repeat","background-position":"center center","background-size":"auto","background-attachment":"scroll","background-type":"","background-media":"","overlay-type":"","overlay-color":"","overlay-opacity":"","overlay-gradient":""}},"ast-content-background-meta":{"desktop":{"background-color":"var(--ast-global-color-4)","background-image":"","background-repeat":"repeat","background-position":"center center","background-size":"auto","background-attachment":"scroll","background-type":"","background-media":"","overlay-type":"","overlay-color":"","overlay-opacity":"","overlay-gradient":""},"tablet":{"background-color":"var(--ast-global-color-4)","background-image":"","background-repeat":"repeat","background-position":"center center","background-size":"auto","background-attachment":"scroll","background-type":"","background-media":"","overlay-type":"","overlay-color":"","overlay-opacity":"","overlay-gradient":""},"mobile":{"background-color":"var(--ast-global-color-4)","background-image":"","background-repeat":"repeat","background-position":"center center","background-size":"auto","background-attachment":"scroll","background-type":"","background-media":"","overlay-type":"","overlay-color":"","overlay-opacity":"","overlay-gradient":""}},"footnotes":""},"categories":[23,1],"tags":[],"class_list":["post-39550","post","type-post","status-publish","format-standard","hentry","category-internacionales","category-noticias"],"yoast_head":"<!-- This site is optimized with the Yoast SEO Premium plugin v23.0 (Yoast SEO v27.4) - https:\/\/yoast.com\/product\/yoast-seo-premium-wordpress\/ -->\n<title>Acuerdo UE-Mercosur: gran amenaza para los h\u00e1bitats naturales suramericanos<\/title>\n<meta name=\"robots\" content=\"index, follow, max-snippet:-1, max-image-preview:large, max-video-preview:-1\" \/>\n<link rel=\"canonical\" href=\"https:\/\/patagoniambiental.com.ar\/info\/acuerdo-ue-mercosur-gran-amenaza-para-los-habitats-naturales-suramericanos\/\" \/>\n<meta property=\"og:locale\" content=\"es_ES\" \/>\n<meta property=\"og:type\" content=\"article\" \/>\n<meta property=\"og:title\" content=\"Acuerdo UE-Mercosur: gran amenaza para los h\u00e1bitats naturales suramericanos\" \/>\n<meta property=\"og:description\" content=\"Greenpeace Pa\u00edses Bajos ha hecho p\u00fablicas parte de las conversaciones secretas mantenidas entre la Uni\u00f3n Europea (UE) y los pa\u00edses [&hellip;]\" \/>\n<meta property=\"og:url\" content=\"https:\/\/patagoniambiental.com.ar\/info\/acuerdo-ue-mercosur-gran-amenaza-para-los-habitats-naturales-suramericanos\/\" \/>\n<meta property=\"og:site_name\" content=\"Patagonia Ambiental\" \/>\n<meta property=\"article:publisher\" content=\"https:\/\/www.facebook.com\/patagonia.ambiental\" \/>\n<meta property=\"article:author\" content=\"https:\/\/www.facebook.com\/share\/1C1V8Gv9BX\/?mibextid=qi2Omg\" \/>\n<meta property=\"article:published_time\" content=\"2017-12-11T12:00:05+00:00\" \/>\n<meta property=\"og:image\" content=\"https:\/\/i2.wp.com\/periodistas-es.com\/wp-content\/uploads\/ganaderia-argentina.jpg?resize=600%2C332\" \/>\n<meta name=\"author\" content=\"Patagonia Ambiental\" \/>\n<meta name=\"twitter:card\" content=\"summary_large_image\" \/>\n<meta name=\"twitter:creator\" content=\"@PatAmb\" \/>\n<meta name=\"twitter:site\" content=\"@PatAmb\" \/>\n<script type=\"application\/ld+json\" class=\"yoast-schema-graph\">{\"@context\":\"https:\\\/\\\/schema.org\",\"@graph\":[{\"@type\":\"Article\",\"@id\":\"https:\\\/\\\/patagoniambiental.com.ar\\\/info\\\/acuerdo-ue-mercosur-gran-amenaza-para-los-habitats-naturales-suramericanos\\\/#article\",\"isPartOf\":{\"@id\":\"https:\\\/\\\/patagoniambiental.com.ar\\\/info\\\/acuerdo-ue-mercosur-gran-amenaza-para-los-habitats-naturales-suramericanos\\\/\"},\"author\":{\"name\":\"Patagonia Ambiental\",\"@id\":\"https:\\\/\\\/patagoniambiental.com.ar\\\/info\\\/#\\\/schema\\\/person\\\/db12bff64bbcbf6a253710bf0ea37b5d\"},\"headline\":\"Acuerdo UE-Mercosur: gran amenaza para los h\u00e1bitats naturales suramericanos\",\"datePublished\":\"2017-12-11T12:00:05+00:00\",\"mainEntityOfPage\":{\"@id\":\"https:\\\/\\\/patagoniambiental.com.ar\\\/info\\\/acuerdo-ue-mercosur-gran-amenaza-para-los-habitats-naturales-suramericanos\\\/\"},\"wordCount\":836,\"commentCount\":0,\"publisher\":{\"@id\":\"https:\\\/\\\/patagoniambiental.com.ar\\\/info\\\/#organization\"},\"image\":{\"@id\":\"https:\\\/\\\/patagoniambiental.com.ar\\\/info\\\/acuerdo-ue-mercosur-gran-amenaza-para-los-habitats-naturales-suramericanos\\\/#primaryimage\"},\"thumbnailUrl\":\"https:\\\/\\\/i2.wp.com\\\/periodistas-es.com\\\/wp-content\\\/uploads\\\/ganaderia-argentina.jpg?resize=600%2C332\",\"articleSection\":[\"Internacionales\",\"Noticias\"],\"inLanguage\":\"es\",\"potentialAction\":[{\"@type\":\"CommentAction\",\"name\":\"Comment\",\"target\":[\"https:\\\/\\\/patagoniambiental.com.ar\\\/info\\\/acuerdo-ue-mercosur-gran-amenaza-para-los-habitats-naturales-suramericanos\\\/#respond\"]}]},{\"@type\":\"WebPage\",\"@id\":\"https:\\\/\\\/patagoniambiental.com.ar\\\/info\\\/acuerdo-ue-mercosur-gran-amenaza-para-los-habitats-naturales-suramericanos\\\/\",\"url\":\"https:\\\/\\\/patagoniambiental.com.ar\\\/info\\\/acuerdo-ue-mercosur-gran-amenaza-para-los-habitats-naturales-suramericanos\\\/\",\"name\":\"Acuerdo UE-Mercosur: gran amenaza para los h\u00e1bitats naturales suramericanos\",\"isPartOf\":{\"@id\":\"https:\\\/\\\/patagoniambiental.com.ar\\\/info\\\/#website\"},\"primaryImageOfPage\":{\"@id\":\"https:\\\/\\\/patagoniambiental.com.ar\\\/info\\\/acuerdo-ue-mercosur-gran-amenaza-para-los-habitats-naturales-suramericanos\\\/#primaryimage\"},\"image\":{\"@id\":\"https:\\\/\\\/patagoniambiental.com.ar\\\/info\\\/acuerdo-ue-mercosur-gran-amenaza-para-los-habitats-naturales-suramericanos\\\/#primaryimage\"},\"thumbnailUrl\":\"https:\\\/\\\/i2.wp.com\\\/periodistas-es.com\\\/wp-content\\\/uploads\\\/ganaderia-argentina.jpg?resize=600%2C332\",\"datePublished\":\"2017-12-11T12:00:05+00:00\",\"breadcrumb\":{\"@id\":\"https:\\\/\\\/patagoniambiental.com.ar\\\/info\\\/acuerdo-ue-mercosur-gran-amenaza-para-los-habitats-naturales-suramericanos\\\/#breadcrumb\"},\"inLanguage\":\"es\",\"potentialAction\":[{\"@type\":\"ReadAction\",\"target\":[\"https:\\\/\\\/patagoniambiental.com.ar\\\/info\\\/acuerdo-ue-mercosur-gran-amenaza-para-los-habitats-naturales-suramericanos\\\/\"]}]},{\"@type\":\"ImageObject\",\"inLanguage\":\"es\",\"@id\":\"https:\\\/\\\/patagoniambiental.com.ar\\\/info\\\/acuerdo-ue-mercosur-gran-amenaza-para-los-habitats-naturales-suramericanos\\\/#primaryimage\",\"url\":\"https:\\\/\\\/i2.wp.com\\\/periodistas-es.com\\\/wp-content\\\/uploads\\\/ganaderia-argentina.jpg?resize=600%2C332\",\"contentUrl\":\"https:\\\/\\\/i2.wp.com\\\/periodistas-es.com\\\/wp-content\\\/uploads\\\/ganaderia-argentina.jpg?resize=600%2C332\"},{\"@type\":\"BreadcrumbList\",\"@id\":\"https:\\\/\\\/patagoniambiental.com.ar\\\/info\\\/acuerdo-ue-mercosur-gran-amenaza-para-los-habitats-naturales-suramericanos\\\/#breadcrumb\",\"itemListElement\":[{\"@type\":\"ListItem\",\"position\":1,\"name\":\"Inicio\",\"item\":\"https:\\\/\\\/patagoniambiental.com.ar\\\/info\\\/\"},{\"@type\":\"ListItem\",\"position\":2,\"name\":\"Acuerdo UE-Mercosur: gran amenaza para los h\u00e1bitats naturales suramericanos\"}]},{\"@type\":\"WebSite\",\"@id\":\"https:\\\/\\\/patagoniambiental.com.ar\\\/info\\\/#website\",\"url\":\"https:\\\/\\\/patagoniambiental.com.ar\\\/info\\\/\",\"name\":\"Patagonia Ambiental\",\"description\":\"Monitoreo y an\u00e1lisis de la situaci\u00f3n geopol\u00edtica en el mundo y su implicancia en la Patagonia\",\"publisher\":{\"@id\":\"https:\\\/\\\/patagoniambiental.com.ar\\\/info\\\/#organization\"},\"potentialAction\":[{\"@type\":\"SearchAction\",\"target\":{\"@type\":\"EntryPoint\",\"urlTemplate\":\"https:\\\/\\\/patagoniambiental.com.ar\\\/info\\\/?s={search_term_string}\"},\"query-input\":{\"@type\":\"PropertyValueSpecification\",\"valueRequired\":true,\"valueName\":\"search_term_string\"}}],\"inLanguage\":\"es\"},{\"@type\":\"Organization\",\"@id\":\"https:\\\/\\\/patagoniambiental.com.ar\\\/info\\\/#organization\",\"name\":\"Patagonia Ambiental\",\"url\":\"https:\\\/\\\/patagoniambiental.com.ar\\\/info\\\/\",\"logo\":{\"@type\":\"ImageObject\",\"inLanguage\":\"es\",\"@id\":\"https:\\\/\\\/patagoniambiental.com.ar\\\/info\\\/#\\\/schema\\\/logo\\\/image\\\/\",\"url\":\"https:\\\/\\\/patagoniambiental.com.ar\\\/info\\\/wp-content\\\/uploads\\\/2025\\\/05\\\/LOGO-PATAGONIA-AMBIENTAL.png\",\"contentUrl\":\"https:\\\/\\\/patagoniambiental.com.ar\\\/info\\\/wp-content\\\/uploads\\\/2025\\\/05\\\/LOGO-PATAGONIA-AMBIENTAL.png\",\"width\":433,\"height\":250,\"caption\":\"Patagonia Ambiental\"},\"image\":{\"@id\":\"https:\\\/\\\/patagoniambiental.com.ar\\\/info\\\/#\\\/schema\\\/logo\\\/image\\\/\"},\"sameAs\":[\"https:\\\/\\\/www.facebook.com\\\/patagonia.ambiental\",\"https:\\\/\\\/x.com\\\/PatAmb\"]},{\"@type\":\"Person\",\"@id\":\"https:\\\/\\\/patagoniambiental.com.ar\\\/info\\\/#\\\/schema\\\/person\\\/db12bff64bbcbf6a253710bf0ea37b5d\",\"name\":\"Patagonia Ambiental\",\"description\":\"Andr\u00e9s Nievas T\u00e9cnico en manejo ambiental, consultor Ambiental y escritor para medios locales e internacionales sobre temas de geopolitica y medio ambiente.\",\"sameAs\":[\"http:\\\/\\\/www.patagoniambiental.com.ar\",\"https:\\\/\\\/www.facebook.com\\\/share\\\/1C1V8Gv9BX\\\/?mibextid=qi2Omg\",\"@patagoniambiental\",\"https:\\\/\\\/youtube.com\\\/@patagoniaambiental2023?si=BLt58t0wuXquxlYZ\"]}]}<\/script>\n<!-- \/ Yoast SEO Premium plugin. -->","yoast_head_json":{"title":"Acuerdo UE-Mercosur: gran amenaza para los h\u00e1bitats naturales suramericanos","robots":{"index":"index","follow":"follow","max-snippet":"max-snippet:-1","max-image-preview":"max-image-preview:large","max-video-preview":"max-video-preview:-1"},"canonical":"https:\/\/patagoniambiental.com.ar\/info\/acuerdo-ue-mercosur-gran-amenaza-para-los-habitats-naturales-suramericanos\/","og_locale":"es_ES","og_type":"article","og_title":"Acuerdo UE-Mercosur: gran amenaza para los h\u00e1bitats naturales suramericanos","og_description":"Greenpeace Pa\u00edses Bajos ha hecho p\u00fablicas parte de las conversaciones secretas mantenidas entre la Uni\u00f3n Europea (UE) y los pa\u00edses [&hellip;]","og_url":"https:\/\/patagoniambiental.com.ar\/info\/acuerdo-ue-mercosur-gran-amenaza-para-los-habitats-naturales-suramericanos\/","og_site_name":"Patagonia Ambiental","article_publisher":"https:\/\/www.facebook.com\/patagonia.ambiental","article_author":"https:\/\/www.facebook.com\/share\/1C1V8Gv9BX\/?mibextid=qi2Omg","article_published_time":"2017-12-11T12:00:05+00:00","og_image":[{"url":"https:\/\/i2.wp.com\/periodistas-es.com\/wp-content\/uploads\/ganaderia-argentina.jpg?resize=600%2C332","type":"","width":"","height":""}],"author":"Patagonia Ambiental","twitter_card":"summary_large_image","twitter_creator":"@PatAmb","twitter_site":"@PatAmb","schema":{"@context":"https:\/\/schema.org","@graph":[{"@type":"Article","@id":"https:\/\/patagoniambiental.com.ar\/info\/acuerdo-ue-mercosur-gran-amenaza-para-los-habitats-naturales-suramericanos\/#article","isPartOf":{"@id":"https:\/\/patagoniambiental.com.ar\/info\/acuerdo-ue-mercosur-gran-amenaza-para-los-habitats-naturales-suramericanos\/"},"author":{"name":"Patagonia Ambiental","@id":"https:\/\/patagoniambiental.com.ar\/info\/#\/schema\/person\/db12bff64bbcbf6a253710bf0ea37b5d"},"headline":"Acuerdo UE-Mercosur: gran amenaza para los h\u00e1bitats naturales suramericanos","datePublished":"2017-12-11T12:00:05+00:00","mainEntityOfPage":{"@id":"https:\/\/patagoniambiental.com.ar\/info\/acuerdo-ue-mercosur-gran-amenaza-para-los-habitats-naturales-suramericanos\/"},"wordCount":836,"commentCount":0,"publisher":{"@id":"https:\/\/patagoniambiental.com.ar\/info\/#organization"},"image":{"@id":"https:\/\/patagoniambiental.com.ar\/info\/acuerdo-ue-mercosur-gran-amenaza-para-los-habitats-naturales-suramericanos\/#primaryimage"},"thumbnailUrl":"https:\/\/i2.wp.com\/periodistas-es.com\/wp-content\/uploads\/ganaderia-argentina.jpg?resize=600%2C332","articleSection":["Internacionales","Noticias"],"inLanguage":"es","potentialAction":[{"@type":"CommentAction","name":"Comment","target":["https:\/\/patagoniambiental.com.ar\/info\/acuerdo-ue-mercosur-gran-amenaza-para-los-habitats-naturales-suramericanos\/#respond"]}]},{"@type":"WebPage","@id":"https:\/\/patagoniambiental.com.ar\/info\/acuerdo-ue-mercosur-gran-amenaza-para-los-habitats-naturales-suramericanos\/","url":"https:\/\/patagoniambiental.com.ar\/info\/acuerdo-ue-mercosur-gran-amenaza-para-los-habitats-naturales-suramericanos\/","name":"Acuerdo UE-Mercosur: gran amenaza para los h\u00e1bitats naturales suramericanos","isPartOf":{"@id":"https:\/\/patagoniambiental.com.ar\/info\/#website"},"primaryImageOfPage":{"@id":"https:\/\/patagoniambiental.com.ar\/info\/acuerdo-ue-mercosur-gran-amenaza-para-los-habitats-naturales-suramericanos\/#primaryimage"},"image":{"@id":"https:\/\/patagoniambiental.com.ar\/info\/acuerdo-ue-mercosur-gran-amenaza-para-los-habitats-naturales-suramericanos\/#primaryimage"},"thumbnailUrl":"https:\/\/i2.wp.com\/periodistas-es.com\/wp-content\/uploads\/ganaderia-argentina.jpg?resize=600%2C332","datePublished":"2017-12-11T12:00:05+00:00","breadcrumb":{"@id":"https:\/\/patagoniambiental.com.ar\/info\/acuerdo-ue-mercosur-gran-amenaza-para-los-habitats-naturales-suramericanos\/#breadcrumb"},"inLanguage":"es","potentialAction":[{"@type":"ReadAction","target":["https:\/\/patagoniambiental.com.ar\/info\/acuerdo-ue-mercosur-gran-amenaza-para-los-habitats-naturales-suramericanos\/"]}]},{"@type":"ImageObject","inLanguage":"es","@id":"https:\/\/patagoniambiental.com.ar\/info\/acuerdo-ue-mercosur-gran-amenaza-para-los-habitats-naturales-suramericanos\/#primaryimage","url":"https:\/\/i2.wp.com\/periodistas-es.com\/wp-content\/uploads\/ganaderia-argentina.jpg?resize=600%2C332","contentUrl":"https:\/\/i2.wp.com\/periodistas-es.com\/wp-content\/uploads\/ganaderia-argentina.jpg?resize=600%2C332"},{"@type":"BreadcrumbList","@id":"https:\/\/patagoniambiental.com.ar\/info\/acuerdo-ue-mercosur-gran-amenaza-para-los-habitats-naturales-suramericanos\/#breadcrumb","itemListElement":[{"@type":"ListItem","position":1,"name":"Inicio","item":"https:\/\/patagoniambiental.com.ar\/info\/"},{"@type":"ListItem","position":2,"name":"Acuerdo UE-Mercosur: gran amenaza para los h\u00e1bitats naturales suramericanos"}]},{"@type":"WebSite","@id":"https:\/\/patagoniambiental.com.ar\/info\/#website","url":"https:\/\/patagoniambiental.com.ar\/info\/","name":"Patagonia Ambiental","description":"Monitoreo y an\u00e1lisis de la situaci\u00f3n geopol\u00edtica en el mundo y su implicancia en la Patagonia","publisher":{"@id":"https:\/\/patagoniambiental.com.ar\/info\/#organization"},"potentialAction":[{"@type":"SearchAction","target":{"@type":"EntryPoint","urlTemplate":"https:\/\/patagoniambiental.com.ar\/info\/?s={search_term_string}"},"query-input":{"@type":"PropertyValueSpecification","valueRequired":true,"valueName":"search_term_string"}}],"inLanguage":"es"},{"@type":"Organization","@id":"https:\/\/patagoniambiental.com.ar\/info\/#organization","name":"Patagonia Ambiental","url":"https:\/\/patagoniambiental.com.ar\/info\/","logo":{"@type":"ImageObject","inLanguage":"es","@id":"https:\/\/patagoniambiental.com.ar\/info\/#\/schema\/logo\/image\/","url":"https:\/\/patagoniambiental.com.ar\/info\/wp-content\/uploads\/2025\/05\/LOGO-PATAGONIA-AMBIENTAL.png","contentUrl":"https:\/\/patagoniambiental.com.ar\/info\/wp-content\/uploads\/2025\/05\/LOGO-PATAGONIA-AMBIENTAL.png","width":433,"height":250,"caption":"Patagonia Ambiental"},"image":{"@id":"https:\/\/patagoniambiental.com.ar\/info\/#\/schema\/logo\/image\/"},"sameAs":["https:\/\/www.facebook.com\/patagonia.ambiental","https:\/\/x.com\/PatAmb"]},{"@type":"Person","@id":"https:\/\/patagoniambiental.com.ar\/info\/#\/schema\/person\/db12bff64bbcbf6a253710bf0ea37b5d","name":"Patagonia Ambiental","description":"Andr\u00e9s Nievas T\u00e9cnico en manejo ambiental, consultor Ambiental y escritor para medios locales e internacionales sobre temas de geopolitica y medio ambiente.","sameAs":["http:\/\/www.patagoniambiental.com.ar","https:\/\/www.facebook.com\/share\/1C1V8Gv9BX\/?mibextid=qi2Omg","@patagoniambiental","https:\/\/youtube.com\/@patagoniaambiental2023?si=BLt58t0wuXquxlYZ"]}]}},"_links":{"self":[{"href":"https:\/\/patagoniambiental.com.ar\/info\/wp-json\/wp\/v2\/posts\/39550","targetHints":{"allow":["GET"]}}],"collection":[{"href":"https:\/\/patagoniambiental.com.ar\/info\/wp-json\/wp\/v2\/posts"}],"about":[{"href":"https:\/\/patagoniambiental.com.ar\/info\/wp-json\/wp\/v2\/types\/post"}],"author":[{"embeddable":true,"href":"https:\/\/patagoniambiental.com.ar\/info\/wp-json\/wp\/v2\/users\/2"}],"replies":[{"embeddable":true,"href":"https:\/\/patagoniambiental.com.ar\/info\/wp-json\/wp\/v2\/comments?post=39550"}],"version-history":[{"count":0,"href":"https:\/\/patagoniambiental.com.ar\/info\/wp-json\/wp\/v2\/posts\/39550\/revisions"}],"wp:attachment":[{"href":"https:\/\/patagoniambiental.com.ar\/info\/wp-json\/wp\/v2\/media?parent=39550"}],"wp:term":[{"taxonomy":"category","embeddable":true,"href":"https:\/\/patagoniambiental.com.ar\/info\/wp-json\/wp\/v2\/categories?post=39550"},{"taxonomy":"post_tag","embeddable":true,"href":"https:\/\/patagoniambiental.com.ar\/info\/wp-json\/wp\/v2\/tags?post=39550"}],"curies":[{"name":"wp","href":"https:\/\/api.w.org\/{rel}","templated":true}]}}