{"id":39571,"date":"2017-12-11T19:00:36","date_gmt":"2017-12-11T22:00:36","guid":{"rendered":"http:\/\/patagoniambiental.com.ar\/info\/?p=39571"},"modified":"2017-12-11T09:30:59","modified_gmt":"2017-12-11T12:30:59","slug":"iglesia-envia-a-papa-informe-de-conflicto-mapuche-en-zona-chilena-que-visitara","status":"publish","type":"post","link":"https:\/\/patagoniambiental.com.ar\/info\/iglesia-envia-a-papa-informe-de-conflicto-mapuche-en-zona-chilena-que-visitara\/","title":{"rendered":"Iglesia env\u00eda a Papa informe de conflicto mapuche en zona chilena que visitar\u00e1"},"content":{"rendered":"<p>La Iglesia Cat\u00f3lica chilena envi\u00f3 al Vaticano un reporte de la Presidencia sobre el conflicto de las comunidades ind\u00edgenas mapuches en la Araucan\u00eda, con el fin de informar al Papa de la situaci\u00f3n en la zona, a donde llegar\u00e1 en su visita al pa\u00eds en enero de 2018, informaron este domingo 10 de diciembre de 2017 medios locales.<!--more--><\/p>\n<p>Seg\u00fan difunde el portal Emol el reporte, que incluye 70 conclusiones y realizado por el Consejo Asesor Presidencial para la Araucan\u00eda fue remitido por el obispo de la di\u00f3cesis de San Jos\u00e9 de Temuco a Italia, previo a la misa que el papa celebrar\u00e1 all\u00ed el 17 de enero. En esta regi\u00f3n, ubicada a unos 670 kil\u00f3metros al sur de Santiago, se vive desde hace varios a\u00f1os un conflicto entre comunidades mapuches que reclaman la propiedad de tierras que consideran ancestrales y las empresas agr\u00edcolas o forestales que las poseen legalmente.<\/p>\n<p>La pugna ha derivado en la muerte de varios comuneros mapuches, polic\u00edas y agricultores, ataques incendiarios a propiedades, iglesias, bosques y veh\u00edculos y varias decenas de ind\u00edgenas procesados y condenados por esos hechos. \u00abYo no s\u00e9 lo que el papa Francisco nos va a decir ac\u00e1, pero sin dudas va a tener estos documentos en el contexto\u00bb, dijo el obispo Vargas. El prelado envi\u00f3 una carta pastoral a la Santa Sede, de 81 p\u00e1ginas, en donde se plantea la posici\u00f3n de la Iglesia cat\u00f3lica chilena respecto a esta situaci\u00f3n. La misiva, llamada \u00abConstruyamos el buen vivir en La Araucan\u00eda\u00bb, invita a reflexionar \u00abfrente al conflicto entablado entre el Estado chileno, comunidades y organizaciones ind\u00edgenas y empresas privadas u organismos gremiales presentes en la regi\u00f3n\u00bb. Vargas precis\u00f3 que ambos documentos fueron solicitados por la representaci\u00f3n diplom\u00e1tica del Vaticano en Chile. \u00abEn Roma existe un conocimiento acabado de cada una de las di\u00f3cesis del mundo y sus realidades\u00bb, asegur\u00f3. La Iglesia cat\u00f3lica chilena manifest\u00f3 el a\u00f1o pasado su \u00abdolor\u00bb por la creciente violencia en la regi\u00f3n de La Araucan\u00eda, en el sur de Chile, en el llamado conflicto mapuche y critic\u00f3 la forma como el Gobierno ha enfrentado la situaci\u00f3n. \u00abLa iglesia hace presente nuestro dolor por la creciente violencia en La Araucan\u00eda. Ha habido lentitud de los gobiernos para encontrar una soluci\u00f3n\u00bb, se\u00f1al\u00f3 en la oportunidad el obispo secretario de la Conferencia Episcopal, Cristi\u00e1n Contreras. \u200b Contreras, obispo de la ciudad de Melipilla, se\u00f1al\u00f3 que \u00abcuando no se respetan valores tan esenciales para la existencia de un pueblo creyente, como son el derecho a la vida humana, su seguridad y sus espacios sagrados, se hiere el alma misma de este pueblo\u00bb. Los comuneros mapuches han manifestado su oposici\u00f3n a la visita del papa Francisco a la zona y un 85,8 % de los chilenos cree que el viaje del pont\u00edfice a la regi\u00f3n sure\u00f1a de La Araucan\u00eda agudizar\u00e1 la crisis. Una encuesta realizada por la radio Cooperativa y la consultora Imaginacci\u00f3n, recopil\u00f3 las respuestas de 501 personas de las ciudades de Santiago, Iquique y Temuco, y se realiz\u00f3 de manera telef\u00f3nica entre los d\u00edas 9 y 12 de noviembre.<\/p>\n<p>El papa Francisco arribar\u00e1 a Santiago el pr\u00f3ximo 15 de enero, en medio del verano austral que se caracteriza por temperaturas que bordean los 35 grados celsius. El sumo pont\u00edfice visitar\u00e1 Santiago, la norte\u00f1a regi\u00f3n de Iquique y la sure\u00f1a regi\u00f3n de La Araucan\u00eda, en una visita de tres d\u00edas en los que recorrer\u00e1 m\u00e1s de 5 000 kil\u00f3metros s\u00f3lo en el pa\u00eds suramericano y dar\u00e1 cumplimiento a una exigente agenda.<\/p>\n<p><small><br \/>\n<\/small><\/p>\n","protected":false},"excerpt":{"rendered":"<p>La Iglesia Cat\u00f3lica chilena envi\u00f3 al Vaticano un reporte de la Presidencia sobre el conflicto de las comunidades ind\u00edgenas mapuches [&hellip;]<\/p>\n","protected":false},"author":2,"featured_media":0,"comment_status":"open","ping_status":"open","sticky":false,"template":"","format":"standard","meta":{"site-sidebar-layout":"default","site-content-layout":"","ast-site-content-layout":"default","site-content-style":"default","site-sidebar-style":"default","ast-global-header-display":"","ast-banner-title-visibility":"","ast-main-header-display":"","ast-hfb-above-header-display":"","ast-hfb-below-header-display":"","ast-hfb-mobile-header-display":"","site-post-title":"","ast-breadcrumbs-content":"","ast-featured-img":"","footer-sml-layout":"","ast-disable-related-posts":"","theme-transparent-header-meta":"","adv-header-id-meta":"","stick-header-meta":"","header-above-stick-meta":"","header-main-stick-meta":"","header-below-stick-meta":"","astra-migrate-meta-layouts":"default","ast-page-background-enabled":"default","ast-page-background-meta":{"desktop":{"background-color":"var(--ast-global-color-5)","background-image":"","background-repeat":"repeat","background-position":"center center","background-size":"auto","background-attachment":"scroll","background-type":"","background-media":"","overlay-type":"","overlay-color":"","overlay-opacity":"","overlay-gradient":""},"tablet":{"background-color":"","background-image":"","background-repeat":"repeat","background-position":"center center","background-size":"auto","background-attachment":"scroll","background-type":"","background-media":"","overlay-type":"","overlay-color":"","overlay-opacity":"","overlay-gradient":""},"mobile":{"background-color":"","background-image":"","background-repeat":"repeat","background-position":"center center","background-size":"auto","background-attachment":"scroll","background-type":"","background-media":"","overlay-type":"","overlay-color":"","overlay-opacity":"","overlay-gradient":""}},"ast-content-background-meta":{"desktop":{"background-color":"var(--ast-global-color-4)","background-image":"","background-repeat":"repeat","background-position":"center center","background-size":"auto","background-attachment":"scroll","background-type":"","background-media":"","overlay-type":"","overlay-color":"","overlay-opacity":"","overlay-gradient":""},"tablet":{"background-color":"var(--ast-global-color-4)","background-image":"","background-repeat":"repeat","background-position":"center center","background-size":"auto","background-attachment":"scroll","background-type":"","background-media":"","overlay-type":"","overlay-color":"","overlay-opacity":"","overlay-gradient":""},"mobile":{"background-color":"var(--ast-global-color-4)","background-image":"","background-repeat":"repeat","background-position":"center center","background-size":"auto","background-attachment":"scroll","background-type":"","background-media":"","overlay-type":"","overlay-color":"","overlay-opacity":"","overlay-gradient":""}},"footnotes":""},"categories":[23,1],"tags":[],"class_list":["post-39571","post","type-post","status-publish","format-standard","hentry","category-internacionales","category-noticias"],"yoast_head":"<!-- This site is optimized with the Yoast SEO Premium plugin v23.0 (Yoast SEO v27.4) - https:\/\/yoast.com\/product\/yoast-seo-premium-wordpress\/ -->\n<title>Iglesia env\u00eda a Papa informe de conflicto mapuche en zona chilena que visitar\u00e1<\/title>\n<meta name=\"robots\" content=\"index, follow, max-snippet:-1, max-image-preview:large, max-video-preview:-1\" \/>\n<link rel=\"canonical\" href=\"https:\/\/patagoniambiental.com.ar\/info\/iglesia-envia-a-papa-informe-de-conflicto-mapuche-en-zona-chilena-que-visitara\/\" \/>\n<meta property=\"og:locale\" content=\"es_ES\" \/>\n<meta property=\"og:type\" content=\"article\" \/>\n<meta property=\"og:title\" content=\"Iglesia env\u00eda a Papa informe de conflicto mapuche en zona chilena que visitar\u00e1\" \/>\n<meta property=\"og:description\" content=\"La Iglesia Cat\u00f3lica chilena envi\u00f3 al Vaticano un reporte de la Presidencia sobre el conflicto de las comunidades ind\u00edgenas mapuches [&hellip;]\" \/>\n<meta property=\"og:url\" content=\"https:\/\/patagoniambiental.com.ar\/info\/iglesia-envia-a-papa-informe-de-conflicto-mapuche-en-zona-chilena-que-visitara\/\" \/>\n<meta property=\"og:site_name\" content=\"Patagonia Ambiental\" \/>\n<meta property=\"article:publisher\" content=\"https:\/\/www.facebook.com\/patagonia.ambiental\" \/>\n<meta property=\"article:author\" content=\"https:\/\/www.facebook.com\/share\/1C1V8Gv9BX\/?mibextid=qi2Omg\" \/>\n<meta property=\"article:published_time\" content=\"2017-12-11T22:00:36+00:00\" \/>\n<meta name=\"author\" content=\"Patagonia Ambiental\" \/>\n<meta name=\"twitter:card\" content=\"summary_large_image\" \/>\n<meta name=\"twitter:creator\" content=\"@PatAmb\" \/>\n<meta name=\"twitter:site\" content=\"@PatAmb\" \/>\n<script type=\"application\/ld+json\" class=\"yoast-schema-graph\">{\"@context\":\"https:\\\/\\\/schema.org\",\"@graph\":[{\"@type\":\"Article\",\"@id\":\"https:\\\/\\\/patagoniambiental.com.ar\\\/info\\\/iglesia-envia-a-papa-informe-de-conflicto-mapuche-en-zona-chilena-que-visitara\\\/#article\",\"isPartOf\":{\"@id\":\"https:\\\/\\\/patagoniambiental.com.ar\\\/info\\\/iglesia-envia-a-papa-informe-de-conflicto-mapuche-en-zona-chilena-que-visitara\\\/\"},\"author\":{\"name\":\"Patagonia Ambiental\",\"@id\":\"https:\\\/\\\/patagoniambiental.com.ar\\\/info\\\/#\\\/schema\\\/person\\\/db12bff64bbcbf6a253710bf0ea37b5d\"},\"headline\":\"Iglesia env\u00eda a Papa informe de conflicto mapuche en zona chilena que visitar\u00e1\",\"datePublished\":\"2017-12-11T22:00:36+00:00\",\"mainEntityOfPage\":{\"@id\":\"https:\\\/\\\/patagoniambiental.com.ar\\\/info\\\/iglesia-envia-a-papa-informe-de-conflicto-mapuche-en-zona-chilena-que-visitara\\\/\"},\"wordCount\":630,\"commentCount\":0,\"publisher\":{\"@id\":\"https:\\\/\\\/patagoniambiental.com.ar\\\/info\\\/#organization\"},\"articleSection\":[\"Internacionales\",\"Noticias\"],\"inLanguage\":\"es\",\"potentialAction\":[{\"@type\":\"CommentAction\",\"name\":\"Comment\",\"target\":[\"https:\\\/\\\/patagoniambiental.com.ar\\\/info\\\/iglesia-envia-a-papa-informe-de-conflicto-mapuche-en-zona-chilena-que-visitara\\\/#respond\"]}]},{\"@type\":\"WebPage\",\"@id\":\"https:\\\/\\\/patagoniambiental.com.ar\\\/info\\\/iglesia-envia-a-papa-informe-de-conflicto-mapuche-en-zona-chilena-que-visitara\\\/\",\"url\":\"https:\\\/\\\/patagoniambiental.com.ar\\\/info\\\/iglesia-envia-a-papa-informe-de-conflicto-mapuche-en-zona-chilena-que-visitara\\\/\",\"name\":\"Iglesia env\u00eda a Papa informe de conflicto mapuche en zona chilena que visitar\u00e1\",\"isPartOf\":{\"@id\":\"https:\\\/\\\/patagoniambiental.com.ar\\\/info\\\/#website\"},\"datePublished\":\"2017-12-11T22:00:36+00:00\",\"breadcrumb\":{\"@id\":\"https:\\\/\\\/patagoniambiental.com.ar\\\/info\\\/iglesia-envia-a-papa-informe-de-conflicto-mapuche-en-zona-chilena-que-visitara\\\/#breadcrumb\"},\"inLanguage\":\"es\",\"potentialAction\":[{\"@type\":\"ReadAction\",\"target\":[\"https:\\\/\\\/patagoniambiental.com.ar\\\/info\\\/iglesia-envia-a-papa-informe-de-conflicto-mapuche-en-zona-chilena-que-visitara\\\/\"]}]},{\"@type\":\"BreadcrumbList\",\"@id\":\"https:\\\/\\\/patagoniambiental.com.ar\\\/info\\\/iglesia-envia-a-papa-informe-de-conflicto-mapuche-en-zona-chilena-que-visitara\\\/#breadcrumb\",\"itemListElement\":[{\"@type\":\"ListItem\",\"position\":1,\"name\":\"Inicio\",\"item\":\"https:\\\/\\\/patagoniambiental.com.ar\\\/info\\\/\"},{\"@type\":\"ListItem\",\"position\":2,\"name\":\"Iglesia env\u00eda a Papa informe de conflicto mapuche en zona chilena que visitar\u00e1\"}]},{\"@type\":\"WebSite\",\"@id\":\"https:\\\/\\\/patagoniambiental.com.ar\\\/info\\\/#website\",\"url\":\"https:\\\/\\\/patagoniambiental.com.ar\\\/info\\\/\",\"name\":\"Patagonia Ambiental\",\"description\":\"Monitoreo y an\u00e1lisis de la situaci\u00f3n geopol\u00edtica en el mundo y su implicancia en la Patagonia\",\"publisher\":{\"@id\":\"https:\\\/\\\/patagoniambiental.com.ar\\\/info\\\/#organization\"},\"potentialAction\":[{\"@type\":\"SearchAction\",\"target\":{\"@type\":\"EntryPoint\",\"urlTemplate\":\"https:\\\/\\\/patagoniambiental.com.ar\\\/info\\\/?s={search_term_string}\"},\"query-input\":{\"@type\":\"PropertyValueSpecification\",\"valueRequired\":true,\"valueName\":\"search_term_string\"}}],\"inLanguage\":\"es\"},{\"@type\":\"Organization\",\"@id\":\"https:\\\/\\\/patagoniambiental.com.ar\\\/info\\\/#organization\",\"name\":\"Patagonia Ambiental\",\"url\":\"https:\\\/\\\/patagoniambiental.com.ar\\\/info\\\/\",\"logo\":{\"@type\":\"ImageObject\",\"inLanguage\":\"es\",\"@id\":\"https:\\\/\\\/patagoniambiental.com.ar\\\/info\\\/#\\\/schema\\\/logo\\\/image\\\/\",\"url\":\"https:\\\/\\\/patagoniambiental.com.ar\\\/info\\\/wp-content\\\/uploads\\\/2025\\\/05\\\/LOGO-PATAGONIA-AMBIENTAL.png\",\"contentUrl\":\"https:\\\/\\\/patagoniambiental.com.ar\\\/info\\\/wp-content\\\/uploads\\\/2025\\\/05\\\/LOGO-PATAGONIA-AMBIENTAL.png\",\"width\":433,\"height\":250,\"caption\":\"Patagonia Ambiental\"},\"image\":{\"@id\":\"https:\\\/\\\/patagoniambiental.com.ar\\\/info\\\/#\\\/schema\\\/logo\\\/image\\\/\"},\"sameAs\":[\"https:\\\/\\\/www.facebook.com\\\/patagonia.ambiental\",\"https:\\\/\\\/x.com\\\/PatAmb\"]},{\"@type\":\"Person\",\"@id\":\"https:\\\/\\\/patagoniambiental.com.ar\\\/info\\\/#\\\/schema\\\/person\\\/db12bff64bbcbf6a253710bf0ea37b5d\",\"name\":\"Patagonia Ambiental\",\"description\":\"Andr\u00e9s Nievas T\u00e9cnico en manejo ambiental, consultor Ambiental y escritor para medios locales e internacionales sobre temas de geopolitica y medio ambiente.\",\"sameAs\":[\"http:\\\/\\\/www.patagoniambiental.com.ar\",\"https:\\\/\\\/www.facebook.com\\\/share\\\/1C1V8Gv9BX\\\/?mibextid=qi2Omg\",\"@patagoniambiental\",\"https:\\\/\\\/youtube.com\\\/@patagoniaambiental2023?si=BLt58t0wuXquxlYZ\"]}]}<\/script>\n<!-- \/ Yoast SEO Premium plugin. -->","yoast_head_json":{"title":"Iglesia env\u00eda a Papa informe de conflicto mapuche en zona chilena que visitar\u00e1","robots":{"index":"index","follow":"follow","max-snippet":"max-snippet:-1","max-image-preview":"max-image-preview:large","max-video-preview":"max-video-preview:-1"},"canonical":"https:\/\/patagoniambiental.com.ar\/info\/iglesia-envia-a-papa-informe-de-conflicto-mapuche-en-zona-chilena-que-visitara\/","og_locale":"es_ES","og_type":"article","og_title":"Iglesia env\u00eda a Papa informe de conflicto mapuche en zona chilena que visitar\u00e1","og_description":"La Iglesia Cat\u00f3lica chilena envi\u00f3 al Vaticano un reporte de la Presidencia sobre el conflicto de las comunidades ind\u00edgenas mapuches [&hellip;]","og_url":"https:\/\/patagoniambiental.com.ar\/info\/iglesia-envia-a-papa-informe-de-conflicto-mapuche-en-zona-chilena-que-visitara\/","og_site_name":"Patagonia Ambiental","article_publisher":"https:\/\/www.facebook.com\/patagonia.ambiental","article_author":"https:\/\/www.facebook.com\/share\/1C1V8Gv9BX\/?mibextid=qi2Omg","article_published_time":"2017-12-11T22:00:36+00:00","author":"Patagonia Ambiental","twitter_card":"summary_large_image","twitter_creator":"@PatAmb","twitter_site":"@PatAmb","schema":{"@context":"https:\/\/schema.org","@graph":[{"@type":"Article","@id":"https:\/\/patagoniambiental.com.ar\/info\/iglesia-envia-a-papa-informe-de-conflicto-mapuche-en-zona-chilena-que-visitara\/#article","isPartOf":{"@id":"https:\/\/patagoniambiental.com.ar\/info\/iglesia-envia-a-papa-informe-de-conflicto-mapuche-en-zona-chilena-que-visitara\/"},"author":{"name":"Patagonia Ambiental","@id":"https:\/\/patagoniambiental.com.ar\/info\/#\/schema\/person\/db12bff64bbcbf6a253710bf0ea37b5d"},"headline":"Iglesia env\u00eda a Papa informe de conflicto mapuche en zona chilena que visitar\u00e1","datePublished":"2017-12-11T22:00:36+00:00","mainEntityOfPage":{"@id":"https:\/\/patagoniambiental.com.ar\/info\/iglesia-envia-a-papa-informe-de-conflicto-mapuche-en-zona-chilena-que-visitara\/"},"wordCount":630,"commentCount":0,"publisher":{"@id":"https:\/\/patagoniambiental.com.ar\/info\/#organization"},"articleSection":["Internacionales","Noticias"],"inLanguage":"es","potentialAction":[{"@type":"CommentAction","name":"Comment","target":["https:\/\/patagoniambiental.com.ar\/info\/iglesia-envia-a-papa-informe-de-conflicto-mapuche-en-zona-chilena-que-visitara\/#respond"]}]},{"@type":"WebPage","@id":"https:\/\/patagoniambiental.com.ar\/info\/iglesia-envia-a-papa-informe-de-conflicto-mapuche-en-zona-chilena-que-visitara\/","url":"https:\/\/patagoniambiental.com.ar\/info\/iglesia-envia-a-papa-informe-de-conflicto-mapuche-en-zona-chilena-que-visitara\/","name":"Iglesia env\u00eda a Papa informe de conflicto mapuche en zona chilena que visitar\u00e1","isPartOf":{"@id":"https:\/\/patagoniambiental.com.ar\/info\/#website"},"datePublished":"2017-12-11T22:00:36+00:00","breadcrumb":{"@id":"https:\/\/patagoniambiental.com.ar\/info\/iglesia-envia-a-papa-informe-de-conflicto-mapuche-en-zona-chilena-que-visitara\/#breadcrumb"},"inLanguage":"es","potentialAction":[{"@type":"ReadAction","target":["https:\/\/patagoniambiental.com.ar\/info\/iglesia-envia-a-papa-informe-de-conflicto-mapuche-en-zona-chilena-que-visitara\/"]}]},{"@type":"BreadcrumbList","@id":"https:\/\/patagoniambiental.com.ar\/info\/iglesia-envia-a-papa-informe-de-conflicto-mapuche-en-zona-chilena-que-visitara\/#breadcrumb","itemListElement":[{"@type":"ListItem","position":1,"name":"Inicio","item":"https:\/\/patagoniambiental.com.ar\/info\/"},{"@type":"ListItem","position":2,"name":"Iglesia env\u00eda a Papa informe de conflicto mapuche en zona chilena que visitar\u00e1"}]},{"@type":"WebSite","@id":"https:\/\/patagoniambiental.com.ar\/info\/#website","url":"https:\/\/patagoniambiental.com.ar\/info\/","name":"Patagonia Ambiental","description":"Monitoreo y an\u00e1lisis de la situaci\u00f3n geopol\u00edtica en el mundo y su implicancia en la Patagonia","publisher":{"@id":"https:\/\/patagoniambiental.com.ar\/info\/#organization"},"potentialAction":[{"@type":"SearchAction","target":{"@type":"EntryPoint","urlTemplate":"https:\/\/patagoniambiental.com.ar\/info\/?s={search_term_string}"},"query-input":{"@type":"PropertyValueSpecification","valueRequired":true,"valueName":"search_term_string"}}],"inLanguage":"es"},{"@type":"Organization","@id":"https:\/\/patagoniambiental.com.ar\/info\/#organization","name":"Patagonia Ambiental","url":"https:\/\/patagoniambiental.com.ar\/info\/","logo":{"@type":"ImageObject","inLanguage":"es","@id":"https:\/\/patagoniambiental.com.ar\/info\/#\/schema\/logo\/image\/","url":"https:\/\/patagoniambiental.com.ar\/info\/wp-content\/uploads\/2025\/05\/LOGO-PATAGONIA-AMBIENTAL.png","contentUrl":"https:\/\/patagoniambiental.com.ar\/info\/wp-content\/uploads\/2025\/05\/LOGO-PATAGONIA-AMBIENTAL.png","width":433,"height":250,"caption":"Patagonia Ambiental"},"image":{"@id":"https:\/\/patagoniambiental.com.ar\/info\/#\/schema\/logo\/image\/"},"sameAs":["https:\/\/www.facebook.com\/patagonia.ambiental","https:\/\/x.com\/PatAmb"]},{"@type":"Person","@id":"https:\/\/patagoniambiental.com.ar\/info\/#\/schema\/person\/db12bff64bbcbf6a253710bf0ea37b5d","name":"Patagonia Ambiental","description":"Andr\u00e9s Nievas T\u00e9cnico en manejo ambiental, consultor Ambiental y escritor para medios locales e internacionales sobre temas de geopolitica y medio ambiente.","sameAs":["http:\/\/www.patagoniambiental.com.ar","https:\/\/www.facebook.com\/share\/1C1V8Gv9BX\/?mibextid=qi2Omg","@patagoniambiental","https:\/\/youtube.com\/@patagoniaambiental2023?si=BLt58t0wuXquxlYZ"]}]}},"_links":{"self":[{"href":"https:\/\/patagoniambiental.com.ar\/info\/wp-json\/wp\/v2\/posts\/39571","targetHints":{"allow":["GET"]}}],"collection":[{"href":"https:\/\/patagoniambiental.com.ar\/info\/wp-json\/wp\/v2\/posts"}],"about":[{"href":"https:\/\/patagoniambiental.com.ar\/info\/wp-json\/wp\/v2\/types\/post"}],"author":[{"embeddable":true,"href":"https:\/\/patagoniambiental.com.ar\/info\/wp-json\/wp\/v2\/users\/2"}],"replies":[{"embeddable":true,"href":"https:\/\/patagoniambiental.com.ar\/info\/wp-json\/wp\/v2\/comments?post=39571"}],"version-history":[{"count":0,"href":"https:\/\/patagoniambiental.com.ar\/info\/wp-json\/wp\/v2\/posts\/39571\/revisions"}],"wp:attachment":[{"href":"https:\/\/patagoniambiental.com.ar\/info\/wp-json\/wp\/v2\/media?parent=39571"}],"wp:term":[{"taxonomy":"category","embeddable":true,"href":"https:\/\/patagoniambiental.com.ar\/info\/wp-json\/wp\/v2\/categories?post=39571"},{"taxonomy":"post_tag","embeddable":true,"href":"https:\/\/patagoniambiental.com.ar\/info\/wp-json\/wp\/v2\/tags?post=39571"}],"curies":[{"name":"wp","href":"https:\/\/api.w.org\/{rel}","templated":true}]}}