{"id":39585,"date":"2017-12-11T09:00:35","date_gmt":"2017-12-11T12:00:35","guid":{"rendered":"http:\/\/patagoniambiental.com.ar\/info\/?p=39585"},"modified":"2017-12-11T09:54:02","modified_gmt":"2017-12-11T12:54:02","slug":"gomez-valoro-el-potencial-de-la-ampliacion-del-parque-nacional-patagonia","status":"publish","type":"post","link":"https:\/\/patagoniambiental.com.ar\/info\/gomez-valoro-el-potencial-de-la-ampliacion-del-parque-nacional-patagonia\/","title":{"rendered":"G\u00f3mez valor\u00f3 el potencial de la ampliaci\u00f3n del Parque Nacional Patagonia"},"content":{"rendered":"<div class=\"row nd_top\">\n<div class=\"col-lg-12 nopadding\">\n<p class=\"copete\">R\u00edo Gallegos.-El diputado por municipio de R\u00edo Gallegos, Santiago G\u00f3mez, opin\u00f3 sobre el proyecto que se votar\u00e1 en la pr\u00f3xima sesi\u00f3n. Inform\u00f3 que particip\u00f3 de debates con opiniones en pro y en contra, destacando \u201cel aspecto positivo de conservar la riqueza natural para el futuro, y de apostar por el turismo como eje de desarrollo provincial y regional\u201d.<\/p>\n<\/div>\n<\/div>\n<p><!--more--><\/p>\n<div class=\"clear\"><\/div>\n<div class=\"row\">\n<div class=\"col-md-8 nopaddingleft col-central\">\n<div class=\"image\">\n<div class=\"fotonota1\">\n<div id=\"galeria_fotos143570\">\n<div id=\"photos_143570\" class=\"photos_all\">\n<div>\n<div id=\"jahl-newsitem143570\">\n<div id=\"photos_143570_img_1\" class=\"photos_143570_img\"><img decoding=\"async\" id=\"\" src=\"https:\/\/www.tiemposur.com.ar\/uploads\/noticia_galeria\/2017\/12\/10\/file_23219_main1\" alt=\"\" data-u=\"\" \/><\/div>\n<p><a title=\"G\u00f3mez valor\u00f3 el potencial de la ampliaci\u00f3n del Parque Nacional Patagonia\"><span class=\"ampliar-foto\" title=\"Ampliar imagen\">\u00a0<\/span><\/a><\/div>\n<\/div>\n<\/div>\n<\/div>\n<\/div>\n<\/div>\n<div class=\"redes clearfix\"><\/div>\n<p>En concordancia con las pol\u00edticas de preservaci\u00f3n de un ambiente saludable y, entendiendo que la ampliaci\u00f3n del Parque Nacional Patagonia no perjudicar\u00e1 a las actividades econ\u00f3micas preexistentes, dijo que \u201c\u00e9stas ser\u00e1n complementadas con el valor agregado de un \u00e1rea protegida rica en recursos naturales y culturales, que repercutir\u00e1 positivamente en lo patrimonial. M\u00e1s all\u00e1 de eso, es un \u00e1rea que debemos resguardar lo antes posible de cualquier amenaza, como ser el avance de la miner\u00eda\u201d.<br \/>\nEn este sentido detall\u00f3 que se plantea un trabajo que incluye a la producci\u00f3n ovina y bovina, \u201cpor lo que hay voluntades claras y expresas de que todas las partes puedan coexistir y desarrollarse\u201d.<br \/>\nCabe destacar que la zona en cuesti\u00f3n comprende la riqueza arqueol\u00f3gica de la Cueva de las Manos, flora y fauna, la ruta esc\u00e9nica N\u00ba 41 y el ca\u00f1ad\u00f3n del r\u00edo Pinturas.<br \/>\nEn el plano secundario, G\u00f3mez hizo hincapi\u00e9 en el recurso humano que encontrar\u00e1 fuentes laborales, \u201csiendo una gran oportunidad para atraer inversiones y descomprimir la mano de obra concentrada en el \u00e1mbito p\u00fablico, siempre con una mirada puesta en la convivencia y uso razonable del medio ambiente\u201d, aclar\u00f3.<br \/>\n\u201cLa puesta en valor-continu\u00f3- se traduce en beneficios, en especial para las localidades de Lago Posadas, Perito Moreno, Los Antiguos y alrededores, siendo un gran puntapi\u00e9 para el crecimiento del emprendedurismo\u201d.<br \/>\nSobre el debate que conllev\u00f3 a esta decisi\u00f3n de validar el proyecto, G\u00f3mez resalt\u00f3 que \u201cfue fruct\u00edfero, y se evaluaron diversos aspectos. De all\u00ed se tienen en cuenta modificaciones, tendientes a establecer un plan de integraci\u00f3n regional donde se prev\u00e9 el manejo de animales y recursos h\u00eddricos; pautas de convivencia con los vecinos de la zona; y mejorar la infraestructura de la ruta N\u00ba 41\u201d.<br \/>\nPara finalizar dijo que de concretarse la ampliaci\u00f3n \u201cpor supuesto, como Legislador, estar\u00e9 al tanto del desarrollo del Parque, propiciando el trabajo integral que contemple el esp\u00edritu primordial que encuentro en la iniciativa: la protecci\u00f3n de nuestro lugar\u201d.<\/p>\n<p>Fuente:\u00a0https:\/\/www.tiemposur.com.ar\/nota\/143570-gomez-valoro-el-potencial-de-la-ampliacion-del-parque-nacional-patagonia<\/p>\n<\/div>\n<\/div>\n","protected":false},"excerpt":{"rendered":"<p>R\u00edo Gallegos.-El diputado por municipio de R\u00edo Gallegos, Santiago G\u00f3mez, opin\u00f3 sobre el proyecto que se votar\u00e1 en la pr\u00f3xima [&hellip;]<\/p>\n","protected":false},"author":2,"featured_media":0,"comment_status":"open","ping_status":"open","sticky":false,"template":"","format":"standard","meta":{"site-sidebar-layout":"default","site-content-layout":"","ast-site-content-layout":"default","site-content-style":"default","site-sidebar-style":"default","ast-global-header-display":"","ast-banner-title-visibility":"","ast-main-header-display":"","ast-hfb-above-header-display":"","ast-hfb-below-header-display":"","ast-hfb-mobile-header-display":"","site-post-title":"","ast-breadcrumbs-content":"","ast-featured-img":"","footer-sml-layout":"","ast-disable-related-posts":"","theme-transparent-header-meta":"","adv-header-id-meta":"","stick-header-meta":"","header-above-stick-meta":"","header-main-stick-meta":"","header-below-stick-meta":"","astra-migrate-meta-layouts":"default","ast-page-background-enabled":"default","ast-page-background-meta":{"desktop":{"background-color":"var(--ast-global-color-5)","background-image":"","background-repeat":"repeat","background-position":"center center","background-size":"auto","background-attachment":"scroll","background-type":"","background-media":"","overlay-type":"","overlay-color":"","overlay-opacity":"","overlay-gradient":""},"tablet":{"background-color":"","background-image":"","background-repeat":"repeat","background-position":"center center","background-size":"auto","background-attachment":"scroll","background-type":"","background-media":"","overlay-type":"","overlay-color":"","overlay-opacity":"","overlay-gradient":""},"mobile":{"background-color":"","background-image":"","background-repeat":"repeat","background-position":"center center","background-size":"auto","background-attachment":"scroll","background-type":"","background-media":"","overlay-type":"","overlay-color":"","overlay-opacity":"","overlay-gradient":""}},"ast-content-background-meta":{"desktop":{"background-color":"var(--ast-global-color-4)","background-image":"","background-repeat":"repeat","background-position":"center center","background-size":"auto","background-attachment":"scroll","background-type":"","background-media":"","overlay-type":"","overlay-color":"","overlay-opacity":"","overlay-gradient":""},"tablet":{"background-color":"var(--ast-global-color-4)","background-image":"","background-repeat":"repeat","background-position":"center center","background-size":"auto","background-attachment":"scroll","background-type":"","background-media":"","overlay-type":"","overlay-color":"","overlay-opacity":"","overlay-gradient":""},"mobile":{"background-color":"var(--ast-global-color-4)","background-image":"","background-repeat":"repeat","background-position":"center center","background-size":"auto","background-attachment":"scroll","background-type":"","background-media":"","overlay-type":"","overlay-color":"","overlay-opacity":"","overlay-gradient":""}},"footnotes":""},"categories":[1,13,25],"tags":[],"class_list":["post-39585","post","type-post","status-publish","format-standard","hentry","category-noticias","category-provinciales","category-tierra-del-fuego"],"yoast_head":"<!-- This site is optimized with the Yoast SEO Premium plugin v23.0 (Yoast SEO v27.4) - https:\/\/yoast.com\/product\/yoast-seo-premium-wordpress\/ -->\n<title>G\u00f3mez valor\u00f3 el potencial de la ampliaci\u00f3n del Parque Nacional Patagonia<\/title>\n<meta name=\"robots\" content=\"index, follow, max-snippet:-1, max-image-preview:large, max-video-preview:-1\" \/>\n<link rel=\"canonical\" href=\"https:\/\/patagoniambiental.com.ar\/info\/gomez-valoro-el-potencial-de-la-ampliacion-del-parque-nacional-patagonia\/\" \/>\n<meta property=\"og:locale\" content=\"es_ES\" \/>\n<meta property=\"og:type\" content=\"article\" \/>\n<meta property=\"og:title\" content=\"G\u00f3mez valor\u00f3 el potencial de la ampliaci\u00f3n del Parque Nacional Patagonia\" \/>\n<meta property=\"og:description\" content=\"R\u00edo Gallegos.-El diputado por municipio de R\u00edo Gallegos, Santiago G\u00f3mez, opin\u00f3 sobre el proyecto que se votar\u00e1 en la pr\u00f3xima [&hellip;]\" \/>\n<meta property=\"og:url\" content=\"https:\/\/patagoniambiental.com.ar\/info\/gomez-valoro-el-potencial-de-la-ampliacion-del-parque-nacional-patagonia\/\" \/>\n<meta property=\"og:site_name\" content=\"Patagonia Ambiental\" \/>\n<meta property=\"article:publisher\" content=\"https:\/\/www.facebook.com\/patagonia.ambiental\" \/>\n<meta property=\"article:author\" content=\"https:\/\/www.facebook.com\/share\/1C1V8Gv9BX\/?mibextid=qi2Omg\" \/>\n<meta property=\"article:published_time\" content=\"2017-12-11T12:00:35+00:00\" \/>\n<meta property=\"article:modified_time\" content=\"2017-12-11T12:54:02+00:00\" \/>\n<meta property=\"og:image\" content=\"https:\/\/www.tiemposur.com.ar\/uploads\/noticia_galeria\/2017\/12\/10\/file_23219_main1\" \/>\n<meta name=\"author\" content=\"Patagonia Ambiental\" \/>\n<meta name=\"twitter:card\" content=\"summary_large_image\" \/>\n<meta name=\"twitter:creator\" content=\"@PatAmb\" \/>\n<meta name=\"twitter:site\" content=\"@PatAmb\" \/>\n<script type=\"application\/ld+json\" class=\"yoast-schema-graph\">{\"@context\":\"https:\\\/\\\/schema.org\",\"@graph\":[{\"@type\":\"Article\",\"@id\":\"https:\\\/\\\/patagoniambiental.com.ar\\\/info\\\/gomez-valoro-el-potencial-de-la-ampliacion-del-parque-nacional-patagonia\\\/#article\",\"isPartOf\":{\"@id\":\"https:\\\/\\\/patagoniambiental.com.ar\\\/info\\\/gomez-valoro-el-potencial-de-la-ampliacion-del-parque-nacional-patagonia\\\/\"},\"author\":{\"name\":\"Patagonia Ambiental\",\"@id\":\"https:\\\/\\\/patagoniambiental.com.ar\\\/info\\\/#\\\/schema\\\/person\\\/db12bff64bbcbf6a253710bf0ea37b5d\"},\"headline\":\"G\u00f3mez valor\u00f3 el potencial de la ampliaci\u00f3n del Parque Nacional Patagonia\",\"datePublished\":\"2017-12-11T12:00:35+00:00\",\"dateModified\":\"2017-12-11T12:54:02+00:00\",\"mainEntityOfPage\":{\"@id\":\"https:\\\/\\\/patagoniambiental.com.ar\\\/info\\\/gomez-valoro-el-potencial-de-la-ampliacion-del-parque-nacional-patagonia\\\/\"},\"wordCount\":430,\"commentCount\":0,\"publisher\":{\"@id\":\"https:\\\/\\\/patagoniambiental.com.ar\\\/info\\\/#organization\"},\"image\":{\"@id\":\"https:\\\/\\\/patagoniambiental.com.ar\\\/info\\\/gomez-valoro-el-potencial-de-la-ampliacion-del-parque-nacional-patagonia\\\/#primaryimage\"},\"thumbnailUrl\":\"https:\\\/\\\/www.tiemposur.com.ar\\\/uploads\\\/noticia_galeria\\\/2017\\\/12\\\/10\\\/file_23219_main1\",\"articleSection\":[\"Noticias\",\"Provinciales\",\"Tierra del Fuego\"],\"inLanguage\":\"es\",\"potentialAction\":[{\"@type\":\"CommentAction\",\"name\":\"Comment\",\"target\":[\"https:\\\/\\\/patagoniambiental.com.ar\\\/info\\\/gomez-valoro-el-potencial-de-la-ampliacion-del-parque-nacional-patagonia\\\/#respond\"]}]},{\"@type\":\"WebPage\",\"@id\":\"https:\\\/\\\/patagoniambiental.com.ar\\\/info\\\/gomez-valoro-el-potencial-de-la-ampliacion-del-parque-nacional-patagonia\\\/\",\"url\":\"https:\\\/\\\/patagoniambiental.com.ar\\\/info\\\/gomez-valoro-el-potencial-de-la-ampliacion-del-parque-nacional-patagonia\\\/\",\"name\":\"G\u00f3mez valor\u00f3 el potencial de la ampliaci\u00f3n del Parque Nacional Patagonia\",\"isPartOf\":{\"@id\":\"https:\\\/\\\/patagoniambiental.com.ar\\\/info\\\/#website\"},\"primaryImageOfPage\":{\"@id\":\"https:\\\/\\\/patagoniambiental.com.ar\\\/info\\\/gomez-valoro-el-potencial-de-la-ampliacion-del-parque-nacional-patagonia\\\/#primaryimage\"},\"image\":{\"@id\":\"https:\\\/\\\/patagoniambiental.com.ar\\\/info\\\/gomez-valoro-el-potencial-de-la-ampliacion-del-parque-nacional-patagonia\\\/#primaryimage\"},\"thumbnailUrl\":\"https:\\\/\\\/www.tiemposur.com.ar\\\/uploads\\\/noticia_galeria\\\/2017\\\/12\\\/10\\\/file_23219_main1\",\"datePublished\":\"2017-12-11T12:00:35+00:00\",\"dateModified\":\"2017-12-11T12:54:02+00:00\",\"breadcrumb\":{\"@id\":\"https:\\\/\\\/patagoniambiental.com.ar\\\/info\\\/gomez-valoro-el-potencial-de-la-ampliacion-del-parque-nacional-patagonia\\\/#breadcrumb\"},\"inLanguage\":\"es\",\"potentialAction\":[{\"@type\":\"ReadAction\",\"target\":[\"https:\\\/\\\/patagoniambiental.com.ar\\\/info\\\/gomez-valoro-el-potencial-de-la-ampliacion-del-parque-nacional-patagonia\\\/\"]}]},{\"@type\":\"ImageObject\",\"inLanguage\":\"es\",\"@id\":\"https:\\\/\\\/patagoniambiental.com.ar\\\/info\\\/gomez-valoro-el-potencial-de-la-ampliacion-del-parque-nacional-patagonia\\\/#primaryimage\",\"url\":\"https:\\\/\\\/www.tiemposur.com.ar\\\/uploads\\\/noticia_galeria\\\/2017\\\/12\\\/10\\\/file_23219_main1\",\"contentUrl\":\"https:\\\/\\\/www.tiemposur.com.ar\\\/uploads\\\/noticia_galeria\\\/2017\\\/12\\\/10\\\/file_23219_main1\"},{\"@type\":\"BreadcrumbList\",\"@id\":\"https:\\\/\\\/patagoniambiental.com.ar\\\/info\\\/gomez-valoro-el-potencial-de-la-ampliacion-del-parque-nacional-patagonia\\\/#breadcrumb\",\"itemListElement\":[{\"@type\":\"ListItem\",\"position\":1,\"name\":\"Inicio\",\"item\":\"https:\\\/\\\/patagoniambiental.com.ar\\\/info\\\/\"},{\"@type\":\"ListItem\",\"position\":2,\"name\":\"G\u00f3mez valor\u00f3 el potencial de la ampliaci\u00f3n del Parque Nacional Patagonia\"}]},{\"@type\":\"WebSite\",\"@id\":\"https:\\\/\\\/patagoniambiental.com.ar\\\/info\\\/#website\",\"url\":\"https:\\\/\\\/patagoniambiental.com.ar\\\/info\\\/\",\"name\":\"Patagonia Ambiental\",\"description\":\"Monitoreo y an\u00e1lisis de la situaci\u00f3n geopol\u00edtica en el mundo y su implicancia en la Patagonia\",\"publisher\":{\"@id\":\"https:\\\/\\\/patagoniambiental.com.ar\\\/info\\\/#organization\"},\"potentialAction\":[{\"@type\":\"SearchAction\",\"target\":{\"@type\":\"EntryPoint\",\"urlTemplate\":\"https:\\\/\\\/patagoniambiental.com.ar\\\/info\\\/?s={search_term_string}\"},\"query-input\":{\"@type\":\"PropertyValueSpecification\",\"valueRequired\":true,\"valueName\":\"search_term_string\"}}],\"inLanguage\":\"es\"},{\"@type\":\"Organization\",\"@id\":\"https:\\\/\\\/patagoniambiental.com.ar\\\/info\\\/#organization\",\"name\":\"Patagonia Ambiental\",\"url\":\"https:\\\/\\\/patagoniambiental.com.ar\\\/info\\\/\",\"logo\":{\"@type\":\"ImageObject\",\"inLanguage\":\"es\",\"@id\":\"https:\\\/\\\/patagoniambiental.com.ar\\\/info\\\/#\\\/schema\\\/logo\\\/image\\\/\",\"url\":\"https:\\\/\\\/patagoniambiental.com.ar\\\/info\\\/wp-content\\\/uploads\\\/2025\\\/05\\\/LOGO-PATAGONIA-AMBIENTAL.png\",\"contentUrl\":\"https:\\\/\\\/patagoniambiental.com.ar\\\/info\\\/wp-content\\\/uploads\\\/2025\\\/05\\\/LOGO-PATAGONIA-AMBIENTAL.png\",\"width\":433,\"height\":250,\"caption\":\"Patagonia Ambiental\"},\"image\":{\"@id\":\"https:\\\/\\\/patagoniambiental.com.ar\\\/info\\\/#\\\/schema\\\/logo\\\/image\\\/\"},\"sameAs\":[\"https:\\\/\\\/www.facebook.com\\\/patagonia.ambiental\",\"https:\\\/\\\/x.com\\\/PatAmb\"]},{\"@type\":\"Person\",\"@id\":\"https:\\\/\\\/patagoniambiental.com.ar\\\/info\\\/#\\\/schema\\\/person\\\/db12bff64bbcbf6a253710bf0ea37b5d\",\"name\":\"Patagonia Ambiental\",\"description\":\"Andr\u00e9s Nievas T\u00e9cnico en manejo ambiental, consultor Ambiental y escritor para medios locales e internacionales sobre temas de geopolitica y medio ambiente.\",\"sameAs\":[\"http:\\\/\\\/www.patagoniambiental.com.ar\",\"https:\\\/\\\/www.facebook.com\\\/share\\\/1C1V8Gv9BX\\\/?mibextid=qi2Omg\",\"@patagoniambiental\",\"https:\\\/\\\/youtube.com\\\/@patagoniaambiental2023?si=BLt58t0wuXquxlYZ\"]}]}<\/script>\n<!-- \/ Yoast SEO Premium plugin. -->","yoast_head_json":{"title":"G\u00f3mez valor\u00f3 el potencial de la ampliaci\u00f3n del Parque Nacional Patagonia","robots":{"index":"index","follow":"follow","max-snippet":"max-snippet:-1","max-image-preview":"max-image-preview:large","max-video-preview":"max-video-preview:-1"},"canonical":"https:\/\/patagoniambiental.com.ar\/info\/gomez-valoro-el-potencial-de-la-ampliacion-del-parque-nacional-patagonia\/","og_locale":"es_ES","og_type":"article","og_title":"G\u00f3mez valor\u00f3 el potencial de la ampliaci\u00f3n del Parque Nacional Patagonia","og_description":"R\u00edo Gallegos.-El diputado por municipio de R\u00edo Gallegos, Santiago G\u00f3mez, opin\u00f3 sobre el proyecto que se votar\u00e1 en la pr\u00f3xima [&hellip;]","og_url":"https:\/\/patagoniambiental.com.ar\/info\/gomez-valoro-el-potencial-de-la-ampliacion-del-parque-nacional-patagonia\/","og_site_name":"Patagonia Ambiental","article_publisher":"https:\/\/www.facebook.com\/patagonia.ambiental","article_author":"https:\/\/www.facebook.com\/share\/1C1V8Gv9BX\/?mibextid=qi2Omg","article_published_time":"2017-12-11T12:00:35+00:00","article_modified_time":"2017-12-11T12:54:02+00:00","og_image":[{"url":"https:\/\/www.tiemposur.com.ar\/uploads\/noticia_galeria\/2017\/12\/10\/file_23219_main1","type":"","width":"","height":""}],"author":"Patagonia Ambiental","twitter_card":"summary_large_image","twitter_creator":"@PatAmb","twitter_site":"@PatAmb","schema":{"@context":"https:\/\/schema.org","@graph":[{"@type":"Article","@id":"https:\/\/patagoniambiental.com.ar\/info\/gomez-valoro-el-potencial-de-la-ampliacion-del-parque-nacional-patagonia\/#article","isPartOf":{"@id":"https:\/\/patagoniambiental.com.ar\/info\/gomez-valoro-el-potencial-de-la-ampliacion-del-parque-nacional-patagonia\/"},"author":{"name":"Patagonia Ambiental","@id":"https:\/\/patagoniambiental.com.ar\/info\/#\/schema\/person\/db12bff64bbcbf6a253710bf0ea37b5d"},"headline":"G\u00f3mez valor\u00f3 el potencial de la ampliaci\u00f3n del Parque Nacional Patagonia","datePublished":"2017-12-11T12:00:35+00:00","dateModified":"2017-12-11T12:54:02+00:00","mainEntityOfPage":{"@id":"https:\/\/patagoniambiental.com.ar\/info\/gomez-valoro-el-potencial-de-la-ampliacion-del-parque-nacional-patagonia\/"},"wordCount":430,"commentCount":0,"publisher":{"@id":"https:\/\/patagoniambiental.com.ar\/info\/#organization"},"image":{"@id":"https:\/\/patagoniambiental.com.ar\/info\/gomez-valoro-el-potencial-de-la-ampliacion-del-parque-nacional-patagonia\/#primaryimage"},"thumbnailUrl":"https:\/\/www.tiemposur.com.ar\/uploads\/noticia_galeria\/2017\/12\/10\/file_23219_main1","articleSection":["Noticias","Provinciales","Tierra del Fuego"],"inLanguage":"es","potentialAction":[{"@type":"CommentAction","name":"Comment","target":["https:\/\/patagoniambiental.com.ar\/info\/gomez-valoro-el-potencial-de-la-ampliacion-del-parque-nacional-patagonia\/#respond"]}]},{"@type":"WebPage","@id":"https:\/\/patagoniambiental.com.ar\/info\/gomez-valoro-el-potencial-de-la-ampliacion-del-parque-nacional-patagonia\/","url":"https:\/\/patagoniambiental.com.ar\/info\/gomez-valoro-el-potencial-de-la-ampliacion-del-parque-nacional-patagonia\/","name":"G\u00f3mez valor\u00f3 el potencial de la ampliaci\u00f3n del Parque Nacional Patagonia","isPartOf":{"@id":"https:\/\/patagoniambiental.com.ar\/info\/#website"},"primaryImageOfPage":{"@id":"https:\/\/patagoniambiental.com.ar\/info\/gomez-valoro-el-potencial-de-la-ampliacion-del-parque-nacional-patagonia\/#primaryimage"},"image":{"@id":"https:\/\/patagoniambiental.com.ar\/info\/gomez-valoro-el-potencial-de-la-ampliacion-del-parque-nacional-patagonia\/#primaryimage"},"thumbnailUrl":"https:\/\/www.tiemposur.com.ar\/uploads\/noticia_galeria\/2017\/12\/10\/file_23219_main1","datePublished":"2017-12-11T12:00:35+00:00","dateModified":"2017-12-11T12:54:02+00:00","breadcrumb":{"@id":"https:\/\/patagoniambiental.com.ar\/info\/gomez-valoro-el-potencial-de-la-ampliacion-del-parque-nacional-patagonia\/#breadcrumb"},"inLanguage":"es","potentialAction":[{"@type":"ReadAction","target":["https:\/\/patagoniambiental.com.ar\/info\/gomez-valoro-el-potencial-de-la-ampliacion-del-parque-nacional-patagonia\/"]}]},{"@type":"ImageObject","inLanguage":"es","@id":"https:\/\/patagoniambiental.com.ar\/info\/gomez-valoro-el-potencial-de-la-ampliacion-del-parque-nacional-patagonia\/#primaryimage","url":"https:\/\/www.tiemposur.com.ar\/uploads\/noticia_galeria\/2017\/12\/10\/file_23219_main1","contentUrl":"https:\/\/www.tiemposur.com.ar\/uploads\/noticia_galeria\/2017\/12\/10\/file_23219_main1"},{"@type":"BreadcrumbList","@id":"https:\/\/patagoniambiental.com.ar\/info\/gomez-valoro-el-potencial-de-la-ampliacion-del-parque-nacional-patagonia\/#breadcrumb","itemListElement":[{"@type":"ListItem","position":1,"name":"Inicio","item":"https:\/\/patagoniambiental.com.ar\/info\/"},{"@type":"ListItem","position":2,"name":"G\u00f3mez valor\u00f3 el potencial de la ampliaci\u00f3n del Parque Nacional Patagonia"}]},{"@type":"WebSite","@id":"https:\/\/patagoniambiental.com.ar\/info\/#website","url":"https:\/\/patagoniambiental.com.ar\/info\/","name":"Patagonia Ambiental","description":"Monitoreo y an\u00e1lisis de la situaci\u00f3n geopol\u00edtica en el mundo y su implicancia en la Patagonia","publisher":{"@id":"https:\/\/patagoniambiental.com.ar\/info\/#organization"},"potentialAction":[{"@type":"SearchAction","target":{"@type":"EntryPoint","urlTemplate":"https:\/\/patagoniambiental.com.ar\/info\/?s={search_term_string}"},"query-input":{"@type":"PropertyValueSpecification","valueRequired":true,"valueName":"search_term_string"}}],"inLanguage":"es"},{"@type":"Organization","@id":"https:\/\/patagoniambiental.com.ar\/info\/#organization","name":"Patagonia Ambiental","url":"https:\/\/patagoniambiental.com.ar\/info\/","logo":{"@type":"ImageObject","inLanguage":"es","@id":"https:\/\/patagoniambiental.com.ar\/info\/#\/schema\/logo\/image\/","url":"https:\/\/patagoniambiental.com.ar\/info\/wp-content\/uploads\/2025\/05\/LOGO-PATAGONIA-AMBIENTAL.png","contentUrl":"https:\/\/patagoniambiental.com.ar\/info\/wp-content\/uploads\/2025\/05\/LOGO-PATAGONIA-AMBIENTAL.png","width":433,"height":250,"caption":"Patagonia Ambiental"},"image":{"@id":"https:\/\/patagoniambiental.com.ar\/info\/#\/schema\/logo\/image\/"},"sameAs":["https:\/\/www.facebook.com\/patagonia.ambiental","https:\/\/x.com\/PatAmb"]},{"@type":"Person","@id":"https:\/\/patagoniambiental.com.ar\/info\/#\/schema\/person\/db12bff64bbcbf6a253710bf0ea37b5d","name":"Patagonia Ambiental","description":"Andr\u00e9s Nievas T\u00e9cnico en manejo ambiental, consultor Ambiental y escritor para medios locales e internacionales sobre temas de geopolitica y medio ambiente.","sameAs":["http:\/\/www.patagoniambiental.com.ar","https:\/\/www.facebook.com\/share\/1C1V8Gv9BX\/?mibextid=qi2Omg","@patagoniambiental","https:\/\/youtube.com\/@patagoniaambiental2023?si=BLt58t0wuXquxlYZ"]}]}},"_links":{"self":[{"href":"https:\/\/patagoniambiental.com.ar\/info\/wp-json\/wp\/v2\/posts\/39585","targetHints":{"allow":["GET"]}}],"collection":[{"href":"https:\/\/patagoniambiental.com.ar\/info\/wp-json\/wp\/v2\/posts"}],"about":[{"href":"https:\/\/patagoniambiental.com.ar\/info\/wp-json\/wp\/v2\/types\/post"}],"author":[{"embeddable":true,"href":"https:\/\/patagoniambiental.com.ar\/info\/wp-json\/wp\/v2\/users\/2"}],"replies":[{"embeddable":true,"href":"https:\/\/patagoniambiental.com.ar\/info\/wp-json\/wp\/v2\/comments?post=39585"}],"version-history":[{"count":0,"href":"https:\/\/patagoniambiental.com.ar\/info\/wp-json\/wp\/v2\/posts\/39585\/revisions"}],"wp:attachment":[{"href":"https:\/\/patagoniambiental.com.ar\/info\/wp-json\/wp\/v2\/media?parent=39585"}],"wp:term":[{"taxonomy":"category","embeddable":true,"href":"https:\/\/patagoniambiental.com.ar\/info\/wp-json\/wp\/v2\/categories?post=39585"},{"taxonomy":"post_tag","embeddable":true,"href":"https:\/\/patagoniambiental.com.ar\/info\/wp-json\/wp\/v2\/tags?post=39585"}],"curies":[{"name":"wp","href":"https:\/\/api.w.org\/{rel}","templated":true}]}}