{"id":39607,"date":"2017-12-15T19:00:12","date_gmt":"2017-12-15T22:00:12","guid":{"rendered":"http:\/\/patagoniambiental.com.ar\/info\/?p=39607"},"modified":"2017-12-14T10:09:28","modified_gmt":"2017-12-14T13:09:28","slug":"el-observatorio-iberoamericano-de-cambio-climatico-estara-operativo-en-2018","status":"publish","type":"post","link":"https:\/\/patagoniambiental.com.ar\/info\/el-observatorio-iberoamericano-de-cambio-climatico-estara-operativo-en-2018\/","title":{"rendered":"El Observatorio Iberoamericano de Cambio Clim\u00e1tico estar\u00e1 operativo en 2018"},"content":{"rendered":"<div class=\"row\">Huelva, 11 dic (EFE).- El Observatorio Iberoamericano de Cambio Clim\u00e1tico, que tendr\u00e1 su sede en La R\u00e1bida (Huelva), estar\u00e1 operativo en 2018 y tendr\u00e1 como objetivo hacer un diagn\u00f3stico de la la evoluci\u00f3n de este fen\u00f3meno en los distintos pa\u00edses iberoamericanos para proponer acciones.<\/div>\n<div class=\"row\">\n<div class=\"col-xs-12 col-sm-12 col-md-8\">\n<div class=\"story-leaf-body\">\n<div class=\"story-leaf-txt-p\" data-gtm-element-container=\"modulo-texto-link\">\n<p><!--more--><\/p>\n<p>As\u00ed lo ha anunciado el consejero de Medio Ambiente y Ordenaci\u00f3n del Territorio, Jos\u00e9 Fiscal, en declaraciones a los periodistas en la sede de La R\u00e1bida de la Universidad Internacional de Andaluc\u00eda (UNIA), antes de participar en una jornada sobre la Ley de Cambio Clim\u00e1tico de Andaluc\u00eda &#8216;la Agenda 2030 y los Objetivos de Desarrollo Sostenible&#8217;.<\/p>\n<p>Fiscal ha recordado que la creaci\u00f3n de este observatorio se enmarca en la conmemoraci\u00f3n del 525 Aniversario del Encuentro entre Dos mundos, y ha precisado que \u00abse est\u00e1 en un momento clave para su consecuci\u00f3n\u00bb.<\/p>\n<p>Asimismo, ha destacado la participaci\u00f3n de la Junta de Andaluc\u00eda y su consejer\u00eda en esta iniciativa, consignando una partida espec\u00edfica para su funcionamiento en los presupuestos de 2018.<\/p>\n<p>\u00abQueremos que se convierta en un organismo clave para la observaci\u00f3n del fen\u00f3meno en toda Iberoam\u00e9rica, cumpliendo as\u00ed una de las obligaciones que tiene Andaluc\u00eda con esos pa\u00edses, en este caso, en el \u00e1mbito ambiental\u00bb, ha se\u00f1alado.<\/p>\n<p>Con respecto a la Ley Andaluza de Cambio Clim\u00e1tico ha expresado su confianza en que pueda estar aprobada a principios del curso pol\u00edtico 2018-2019 y ha destacado que \u00abincluye la obligatoriedad de que los municipios de m\u00e1s de 50.000 habitantes tengan que elaborar unos planes de reducci\u00f3n de emisiones de CO2 en sus \u00e1mbitos de competencia\u00bb.<\/p>\n<p>Por su parte, el embajador para la Agenda 2030 del Ministerio de Asuntos Exteriores y Cooperaci\u00f3n, Francisco Montalb\u00e1n, ha destacado que la mejor filosof\u00eda de este agenda, propuesta por la ONU, es que \u00abse est\u00e1 construyendo un compromiso en base a alianzas\u00bb.<\/p>\n<p>Tras calificar de \u00abloable\u00bb el empe\u00f1o de la Junta de Andaluc\u00eda de dotarse de una ley contra el cambio clim\u00e1tico, ha insistido en que \u00abes esencial el trabajo conjunto y que lo hagamos en el \u00e1mbito iberoamericano\u00bb.<\/p>\n<p>\u00abPor primera vez la cumbre de Guatemala que tendr\u00e1 lugar a finales de 2018 ha introducido el tema de la sostenibilidad dentro de su plan de trabajo y que podamos con tiempo, calma y determinaci\u00f3n ir construyendo una propuesta espa\u00f1ola s\u00f3lida en ese sentido ser\u00e1 relevante\u00bb, ha remarcado.<\/p>\n<p>Sobre la agenda 2030 ha indicado que es \u00abambiciosa, compleja y la respuesta adecuada de todos los pa\u00edses al inmenso reto al que nos enfrentamos\u00bb, al tiempo que ha destacado que desde Exteriores defienden la necesidad de \u00abavanzar en temas de biodiversidad, de cambio clim\u00e1tico, pero tambi\u00e9n de lucha contra la desigualdad, de ir consiguiendo un crecimiento econ\u00f3mico inclusivo\u00bb.<\/p>\n<p>Fuente: EFE<\/p>\n<\/div>\n<\/div>\n<\/div>\n<\/div>\n<p>&nbsp;<\/p>\n","protected":false},"excerpt":{"rendered":"<p>Huelva, 11 dic (EFE).- El Observatorio Iberoamericano de Cambio Clim\u00e1tico, que tendr\u00e1 su sede en La R\u00e1bida (Huelva), estar\u00e1 operativo [&hellip;]<\/p>\n","protected":false},"author":2,"featured_media":0,"comment_status":"open","ping_status":"open","sticky":false,"template":"","format":"standard","meta":{"site-sidebar-layout":"default","site-content-layout":"","ast-site-content-layout":"default","site-content-style":"default","site-sidebar-style":"default","ast-global-header-display":"","ast-banner-title-visibility":"","ast-main-header-display":"","ast-hfb-above-header-display":"","ast-hfb-below-header-display":"","ast-hfb-mobile-header-display":"","site-post-title":"","ast-breadcrumbs-content":"","ast-featured-img":"","footer-sml-layout":"","ast-disable-related-posts":"","theme-transparent-header-meta":"","adv-header-id-meta":"","stick-header-meta":"","header-above-stick-meta":"","header-main-stick-meta":"","header-below-stick-meta":"","astra-migrate-meta-layouts":"default","ast-page-background-enabled":"default","ast-page-background-meta":{"desktop":{"background-color":"var(--ast-global-color-5)","background-image":"","background-repeat":"repeat","background-position":"center center","background-size":"auto","background-attachment":"scroll","background-type":"","background-media":"","overlay-type":"","overlay-color":"","overlay-opacity":"","overlay-gradient":""},"tablet":{"background-color":"","background-image":"","background-repeat":"repeat","background-position":"center center","background-size":"auto","background-attachment":"scroll","background-type":"","background-media":"","overlay-type":"","overlay-color":"","overlay-opacity":"","overlay-gradient":""},"mobile":{"background-color":"","background-image":"","background-repeat":"repeat","background-position":"center center","background-size":"auto","background-attachment":"scroll","background-type":"","background-media":"","overlay-type":"","overlay-color":"","overlay-opacity":"","overlay-gradient":""}},"ast-content-background-meta":{"desktop":{"background-color":"var(--ast-global-color-4)","background-image":"","background-repeat":"repeat","background-position":"center center","background-size":"auto","background-attachment":"scroll","background-type":"","background-media":"","overlay-type":"","overlay-color":"","overlay-opacity":"","overlay-gradient":""},"tablet":{"background-color":"var(--ast-global-color-4)","background-image":"","background-repeat":"repeat","background-position":"center center","background-size":"auto","background-attachment":"scroll","background-type":"","background-media":"","overlay-type":"","overlay-color":"","overlay-opacity":"","overlay-gradient":""},"mobile":{"background-color":"var(--ast-global-color-4)","background-image":"","background-repeat":"repeat","background-position":"center center","background-size":"auto","background-attachment":"scroll","background-type":"","background-media":"","overlay-type":"","overlay-color":"","overlay-opacity":"","overlay-gradient":""}},"footnotes":""},"categories":[23,1],"tags":[],"class_list":["post-39607","post","type-post","status-publish","format-standard","hentry","category-internacionales","category-noticias"],"yoast_head":"<!-- This site is optimized with the Yoast SEO Premium plugin v23.0 (Yoast SEO v27.4) - https:\/\/yoast.com\/product\/yoast-seo-premium-wordpress\/ -->\n<title>El Observatorio Iberoamericano de Cambio Clim\u00e1tico estar\u00e1 operativo en 2018<\/title>\n<meta name=\"robots\" content=\"index, follow, max-snippet:-1, max-image-preview:large, max-video-preview:-1\" \/>\n<link rel=\"canonical\" href=\"https:\/\/patagoniambiental.com.ar\/info\/el-observatorio-iberoamericano-de-cambio-climatico-estara-operativo-en-2018\/\" \/>\n<meta property=\"og:locale\" content=\"es_ES\" \/>\n<meta property=\"og:type\" content=\"article\" \/>\n<meta property=\"og:title\" content=\"El Observatorio Iberoamericano de Cambio Clim\u00e1tico estar\u00e1 operativo en 2018\" \/>\n<meta property=\"og:description\" content=\"Huelva, 11 dic (EFE).- El Observatorio Iberoamericano de Cambio Clim\u00e1tico, que tendr\u00e1 su sede en La R\u00e1bida (Huelva), estar\u00e1 operativo [&hellip;]\" \/>\n<meta property=\"og:url\" content=\"https:\/\/patagoniambiental.com.ar\/info\/el-observatorio-iberoamericano-de-cambio-climatico-estara-operativo-en-2018\/\" \/>\n<meta property=\"og:site_name\" content=\"Patagonia Ambiental\" \/>\n<meta property=\"article:publisher\" content=\"https:\/\/www.facebook.com\/patagonia.ambiental\" \/>\n<meta property=\"article:author\" content=\"https:\/\/www.facebook.com\/share\/1C1V8Gv9BX\/?mibextid=qi2Omg\" \/>\n<meta property=\"article:published_time\" content=\"2017-12-15T22:00:12+00:00\" \/>\n<meta name=\"author\" content=\"Patagonia Ambiental\" \/>\n<meta name=\"twitter:card\" content=\"summary_large_image\" \/>\n<meta name=\"twitter:creator\" content=\"@PatAmb\" \/>\n<meta name=\"twitter:site\" content=\"@PatAmb\" \/>\n<script type=\"application\/ld+json\" class=\"yoast-schema-graph\">{\"@context\":\"https:\\\/\\\/schema.org\",\"@graph\":[{\"@type\":\"Article\",\"@id\":\"https:\\\/\\\/patagoniambiental.com.ar\\\/info\\\/el-observatorio-iberoamericano-de-cambio-climatico-estara-operativo-en-2018\\\/#article\",\"isPartOf\":{\"@id\":\"https:\\\/\\\/patagoniambiental.com.ar\\\/info\\\/el-observatorio-iberoamericano-de-cambio-climatico-estara-operativo-en-2018\\\/\"},\"author\":{\"name\":\"Patagonia Ambiental\",\"@id\":\"https:\\\/\\\/patagoniambiental.com.ar\\\/info\\\/#\\\/schema\\\/person\\\/db12bff64bbcbf6a253710bf0ea37b5d\"},\"headline\":\"El Observatorio Iberoamericano de Cambio Clim\u00e1tico estar\u00e1 operativo en 2018\",\"datePublished\":\"2017-12-15T22:00:12+00:00\",\"mainEntityOfPage\":{\"@id\":\"https:\\\/\\\/patagoniambiental.com.ar\\\/info\\\/el-observatorio-iberoamericano-de-cambio-climatico-estara-operativo-en-2018\\\/\"},\"wordCount\":488,\"commentCount\":0,\"publisher\":{\"@id\":\"https:\\\/\\\/patagoniambiental.com.ar\\\/info\\\/#organization\"},\"articleSection\":[\"Internacionales\",\"Noticias\"],\"inLanguage\":\"es\",\"potentialAction\":[{\"@type\":\"CommentAction\",\"name\":\"Comment\",\"target\":[\"https:\\\/\\\/patagoniambiental.com.ar\\\/info\\\/el-observatorio-iberoamericano-de-cambio-climatico-estara-operativo-en-2018\\\/#respond\"]}]},{\"@type\":\"WebPage\",\"@id\":\"https:\\\/\\\/patagoniambiental.com.ar\\\/info\\\/el-observatorio-iberoamericano-de-cambio-climatico-estara-operativo-en-2018\\\/\",\"url\":\"https:\\\/\\\/patagoniambiental.com.ar\\\/info\\\/el-observatorio-iberoamericano-de-cambio-climatico-estara-operativo-en-2018\\\/\",\"name\":\"El Observatorio Iberoamericano de Cambio Clim\u00e1tico estar\u00e1 operativo en 2018\",\"isPartOf\":{\"@id\":\"https:\\\/\\\/patagoniambiental.com.ar\\\/info\\\/#website\"},\"datePublished\":\"2017-12-15T22:00:12+00:00\",\"breadcrumb\":{\"@id\":\"https:\\\/\\\/patagoniambiental.com.ar\\\/info\\\/el-observatorio-iberoamericano-de-cambio-climatico-estara-operativo-en-2018\\\/#breadcrumb\"},\"inLanguage\":\"es\",\"potentialAction\":[{\"@type\":\"ReadAction\",\"target\":[\"https:\\\/\\\/patagoniambiental.com.ar\\\/info\\\/el-observatorio-iberoamericano-de-cambio-climatico-estara-operativo-en-2018\\\/\"]}]},{\"@type\":\"BreadcrumbList\",\"@id\":\"https:\\\/\\\/patagoniambiental.com.ar\\\/info\\\/el-observatorio-iberoamericano-de-cambio-climatico-estara-operativo-en-2018\\\/#breadcrumb\",\"itemListElement\":[{\"@type\":\"ListItem\",\"position\":1,\"name\":\"Inicio\",\"item\":\"https:\\\/\\\/patagoniambiental.com.ar\\\/info\\\/\"},{\"@type\":\"ListItem\",\"position\":2,\"name\":\"El Observatorio Iberoamericano de Cambio Clim\u00e1tico estar\u00e1 operativo en 2018\"}]},{\"@type\":\"WebSite\",\"@id\":\"https:\\\/\\\/patagoniambiental.com.ar\\\/info\\\/#website\",\"url\":\"https:\\\/\\\/patagoniambiental.com.ar\\\/info\\\/\",\"name\":\"Patagonia Ambiental\",\"description\":\"Monitoreo y an\u00e1lisis de la situaci\u00f3n geopol\u00edtica en el mundo y su implicancia en la Patagonia\",\"publisher\":{\"@id\":\"https:\\\/\\\/patagoniambiental.com.ar\\\/info\\\/#organization\"},\"potentialAction\":[{\"@type\":\"SearchAction\",\"target\":{\"@type\":\"EntryPoint\",\"urlTemplate\":\"https:\\\/\\\/patagoniambiental.com.ar\\\/info\\\/?s={search_term_string}\"},\"query-input\":{\"@type\":\"PropertyValueSpecification\",\"valueRequired\":true,\"valueName\":\"search_term_string\"}}],\"inLanguage\":\"es\"},{\"@type\":\"Organization\",\"@id\":\"https:\\\/\\\/patagoniambiental.com.ar\\\/info\\\/#organization\",\"name\":\"Patagonia Ambiental\",\"url\":\"https:\\\/\\\/patagoniambiental.com.ar\\\/info\\\/\",\"logo\":{\"@type\":\"ImageObject\",\"inLanguage\":\"es\",\"@id\":\"https:\\\/\\\/patagoniambiental.com.ar\\\/info\\\/#\\\/schema\\\/logo\\\/image\\\/\",\"url\":\"https:\\\/\\\/patagoniambiental.com.ar\\\/info\\\/wp-content\\\/uploads\\\/2025\\\/05\\\/LOGO-PATAGONIA-AMBIENTAL.png\",\"contentUrl\":\"https:\\\/\\\/patagoniambiental.com.ar\\\/info\\\/wp-content\\\/uploads\\\/2025\\\/05\\\/LOGO-PATAGONIA-AMBIENTAL.png\",\"width\":433,\"height\":250,\"caption\":\"Patagonia Ambiental\"},\"image\":{\"@id\":\"https:\\\/\\\/patagoniambiental.com.ar\\\/info\\\/#\\\/schema\\\/logo\\\/image\\\/\"},\"sameAs\":[\"https:\\\/\\\/www.facebook.com\\\/patagonia.ambiental\",\"https:\\\/\\\/x.com\\\/PatAmb\"]},{\"@type\":\"Person\",\"@id\":\"https:\\\/\\\/patagoniambiental.com.ar\\\/info\\\/#\\\/schema\\\/person\\\/db12bff64bbcbf6a253710bf0ea37b5d\",\"name\":\"Patagonia Ambiental\",\"description\":\"Andr\u00e9s Nievas T\u00e9cnico en manejo ambiental, consultor Ambiental y escritor para medios locales e internacionales sobre temas de geopolitica y medio ambiente.\",\"sameAs\":[\"http:\\\/\\\/www.patagoniambiental.com.ar\",\"https:\\\/\\\/www.facebook.com\\\/share\\\/1C1V8Gv9BX\\\/?mibextid=qi2Omg\",\"@patagoniambiental\",\"https:\\\/\\\/youtube.com\\\/@patagoniaambiental2023?si=BLt58t0wuXquxlYZ\"]}]}<\/script>\n<!-- \/ Yoast SEO Premium plugin. -->","yoast_head_json":{"title":"El Observatorio Iberoamericano de Cambio Clim\u00e1tico estar\u00e1 operativo en 2018","robots":{"index":"index","follow":"follow","max-snippet":"max-snippet:-1","max-image-preview":"max-image-preview:large","max-video-preview":"max-video-preview:-1"},"canonical":"https:\/\/patagoniambiental.com.ar\/info\/el-observatorio-iberoamericano-de-cambio-climatico-estara-operativo-en-2018\/","og_locale":"es_ES","og_type":"article","og_title":"El Observatorio Iberoamericano de Cambio Clim\u00e1tico estar\u00e1 operativo en 2018","og_description":"Huelva, 11 dic (EFE).- El Observatorio Iberoamericano de Cambio Clim\u00e1tico, que tendr\u00e1 su sede en La R\u00e1bida (Huelva), estar\u00e1 operativo [&hellip;]","og_url":"https:\/\/patagoniambiental.com.ar\/info\/el-observatorio-iberoamericano-de-cambio-climatico-estara-operativo-en-2018\/","og_site_name":"Patagonia Ambiental","article_publisher":"https:\/\/www.facebook.com\/patagonia.ambiental","article_author":"https:\/\/www.facebook.com\/share\/1C1V8Gv9BX\/?mibextid=qi2Omg","article_published_time":"2017-12-15T22:00:12+00:00","author":"Patagonia Ambiental","twitter_card":"summary_large_image","twitter_creator":"@PatAmb","twitter_site":"@PatAmb","schema":{"@context":"https:\/\/schema.org","@graph":[{"@type":"Article","@id":"https:\/\/patagoniambiental.com.ar\/info\/el-observatorio-iberoamericano-de-cambio-climatico-estara-operativo-en-2018\/#article","isPartOf":{"@id":"https:\/\/patagoniambiental.com.ar\/info\/el-observatorio-iberoamericano-de-cambio-climatico-estara-operativo-en-2018\/"},"author":{"name":"Patagonia Ambiental","@id":"https:\/\/patagoniambiental.com.ar\/info\/#\/schema\/person\/db12bff64bbcbf6a253710bf0ea37b5d"},"headline":"El Observatorio Iberoamericano de Cambio Clim\u00e1tico estar\u00e1 operativo en 2018","datePublished":"2017-12-15T22:00:12+00:00","mainEntityOfPage":{"@id":"https:\/\/patagoniambiental.com.ar\/info\/el-observatorio-iberoamericano-de-cambio-climatico-estara-operativo-en-2018\/"},"wordCount":488,"commentCount":0,"publisher":{"@id":"https:\/\/patagoniambiental.com.ar\/info\/#organization"},"articleSection":["Internacionales","Noticias"],"inLanguage":"es","potentialAction":[{"@type":"CommentAction","name":"Comment","target":["https:\/\/patagoniambiental.com.ar\/info\/el-observatorio-iberoamericano-de-cambio-climatico-estara-operativo-en-2018\/#respond"]}]},{"@type":"WebPage","@id":"https:\/\/patagoniambiental.com.ar\/info\/el-observatorio-iberoamericano-de-cambio-climatico-estara-operativo-en-2018\/","url":"https:\/\/patagoniambiental.com.ar\/info\/el-observatorio-iberoamericano-de-cambio-climatico-estara-operativo-en-2018\/","name":"El Observatorio Iberoamericano de Cambio Clim\u00e1tico estar\u00e1 operativo en 2018","isPartOf":{"@id":"https:\/\/patagoniambiental.com.ar\/info\/#website"},"datePublished":"2017-12-15T22:00:12+00:00","breadcrumb":{"@id":"https:\/\/patagoniambiental.com.ar\/info\/el-observatorio-iberoamericano-de-cambio-climatico-estara-operativo-en-2018\/#breadcrumb"},"inLanguage":"es","potentialAction":[{"@type":"ReadAction","target":["https:\/\/patagoniambiental.com.ar\/info\/el-observatorio-iberoamericano-de-cambio-climatico-estara-operativo-en-2018\/"]}]},{"@type":"BreadcrumbList","@id":"https:\/\/patagoniambiental.com.ar\/info\/el-observatorio-iberoamericano-de-cambio-climatico-estara-operativo-en-2018\/#breadcrumb","itemListElement":[{"@type":"ListItem","position":1,"name":"Inicio","item":"https:\/\/patagoniambiental.com.ar\/info\/"},{"@type":"ListItem","position":2,"name":"El Observatorio Iberoamericano de Cambio Clim\u00e1tico estar\u00e1 operativo en 2018"}]},{"@type":"WebSite","@id":"https:\/\/patagoniambiental.com.ar\/info\/#website","url":"https:\/\/patagoniambiental.com.ar\/info\/","name":"Patagonia Ambiental","description":"Monitoreo y an\u00e1lisis de la situaci\u00f3n geopol\u00edtica en el mundo y su implicancia en la Patagonia","publisher":{"@id":"https:\/\/patagoniambiental.com.ar\/info\/#organization"},"potentialAction":[{"@type":"SearchAction","target":{"@type":"EntryPoint","urlTemplate":"https:\/\/patagoniambiental.com.ar\/info\/?s={search_term_string}"},"query-input":{"@type":"PropertyValueSpecification","valueRequired":true,"valueName":"search_term_string"}}],"inLanguage":"es"},{"@type":"Organization","@id":"https:\/\/patagoniambiental.com.ar\/info\/#organization","name":"Patagonia Ambiental","url":"https:\/\/patagoniambiental.com.ar\/info\/","logo":{"@type":"ImageObject","inLanguage":"es","@id":"https:\/\/patagoniambiental.com.ar\/info\/#\/schema\/logo\/image\/","url":"https:\/\/patagoniambiental.com.ar\/info\/wp-content\/uploads\/2025\/05\/LOGO-PATAGONIA-AMBIENTAL.png","contentUrl":"https:\/\/patagoniambiental.com.ar\/info\/wp-content\/uploads\/2025\/05\/LOGO-PATAGONIA-AMBIENTAL.png","width":433,"height":250,"caption":"Patagonia Ambiental"},"image":{"@id":"https:\/\/patagoniambiental.com.ar\/info\/#\/schema\/logo\/image\/"},"sameAs":["https:\/\/www.facebook.com\/patagonia.ambiental","https:\/\/x.com\/PatAmb"]},{"@type":"Person","@id":"https:\/\/patagoniambiental.com.ar\/info\/#\/schema\/person\/db12bff64bbcbf6a253710bf0ea37b5d","name":"Patagonia Ambiental","description":"Andr\u00e9s Nievas T\u00e9cnico en manejo ambiental, consultor Ambiental y escritor para medios locales e internacionales sobre temas de geopolitica y medio ambiente.","sameAs":["http:\/\/www.patagoniambiental.com.ar","https:\/\/www.facebook.com\/share\/1C1V8Gv9BX\/?mibextid=qi2Omg","@patagoniambiental","https:\/\/youtube.com\/@patagoniaambiental2023?si=BLt58t0wuXquxlYZ"]}]}},"_links":{"self":[{"href":"https:\/\/patagoniambiental.com.ar\/info\/wp-json\/wp\/v2\/posts\/39607","targetHints":{"allow":["GET"]}}],"collection":[{"href":"https:\/\/patagoniambiental.com.ar\/info\/wp-json\/wp\/v2\/posts"}],"about":[{"href":"https:\/\/patagoniambiental.com.ar\/info\/wp-json\/wp\/v2\/types\/post"}],"author":[{"embeddable":true,"href":"https:\/\/patagoniambiental.com.ar\/info\/wp-json\/wp\/v2\/users\/2"}],"replies":[{"embeddable":true,"href":"https:\/\/patagoniambiental.com.ar\/info\/wp-json\/wp\/v2\/comments?post=39607"}],"version-history":[{"count":0,"href":"https:\/\/patagoniambiental.com.ar\/info\/wp-json\/wp\/v2\/posts\/39607\/revisions"}],"wp:attachment":[{"href":"https:\/\/patagoniambiental.com.ar\/info\/wp-json\/wp\/v2\/media?parent=39607"}],"wp:term":[{"taxonomy":"category","embeddable":true,"href":"https:\/\/patagoniambiental.com.ar\/info\/wp-json\/wp\/v2\/categories?post=39607"},{"taxonomy":"post_tag","embeddable":true,"href":"https:\/\/patagoniambiental.com.ar\/info\/wp-json\/wp\/v2\/tags?post=39607"}],"curies":[{"name":"wp","href":"https:\/\/api.w.org\/{rel}","templated":true}]}}