{"id":39631,"date":"2017-12-13T09:00:22","date_gmt":"2017-12-13T12:00:22","guid":{"rendered":"http:\/\/patagoniambiental.com.ar\/info\/?p=39631"},"modified":"2017-12-12T22:04:23","modified_gmt":"2017-12-13T01:04:23","slug":"proponen-pavimentar-el-corredor-bioceanico-de-chubut-a-aysen","status":"publish","type":"post","link":"https:\/\/patagoniambiental.com.ar\/info\/proponen-pavimentar-el-corredor-bioceanico-de-chubut-a-aysen\/","title":{"rendered":"Proponen pavimentar el corredor bioce\u00e1nico de Chubut a Ays\u00e9n"},"content":{"rendered":"<p>AYSEN.-\u00a0El Encuentro Binacional entre Argentina y Chile, que culmin\u00f3 ayer en la Regi\u00f3n de Ays\u00e9n, fue el marco propicio para ratificar la decisi\u00f3n de continuar con las gestiones para la pavimentaci\u00f3n del Corredor Bioce\u00e1nico en el tramo pendiente que corresponde al Estado argentino. \u201cHay que convencer al Gobierno nacional de su importancia estrat\u00e9gica\u201d, se\u00f1al\u00f3 el viceintendente comodorense Juan Pablo Luque.<br \/>\nEn la regi\u00f3n chilena de Ays\u00e9n se realiz\u00f3 un Encuentro Binacional donde se decidi\u00f3 insistir con la pavimentaci\u00f3n total del Corredor Bioce\u00e1nico.<br \/>\nEn la regi\u00f3n chilena de Ays\u00e9n se realiz\u00f3 un Encuentro Binacional donde se decidi\u00f3 insistir con la pavimentaci\u00f3n total del Corredor Bioce\u00e1nico.<br \/>\n\u201cIntentaremos convencer al Gobierno nacional de que al Corredor Bioce\u00e1nico no hay que medirlo por la cantidad de veh\u00edculos que entran o salen, sino como estrategia comercial entre los dos pa\u00edses y la posibilidad de abrir camino hacia R\u00edo Mayo, a la Ruta 40, a la costa con Comodoro y Rada Tilly, y fundamentalmente la posibilidad de facilitar el acceso a nuestro puerto\u201d, dijo el viceintendente Juan Pablo Luque, tras el Encuentro Binacional organizado entre Argentina y Chile, que culmin\u00f3 ayer en el vecino pa\u00eds con la presencia de funcionarios del sector p\u00fablico y referentes del sector privado de ambos pa\u00edses.<br \/>\nLa reuni\u00f3n se realiz\u00f3 en la zona de Huemules y en la ciudad de Coyhaique, en la Regi\u00f3n de Ays\u00e9n, y cont\u00f3 con la presencia del senador Alfredo Luenzo; el concejal Maximiliano Sampaoli; el secretario de Hacienda de Comodoro, Germ\u00e1n Issa Pf\u00edster; y el c\u00f3nsul chileno en Comodoro, Roberto San Mart\u00edn.<br \/>\nTambi\u00e9n participaron la Asociaci\u00f3n Hotelera y Gastron\u00f3mica, representada por Antonio Roqueta y Gabriela Zu\u00f1eda; el presidente de Comodoro Conocimiento, Alberto Hroncich; el presidente de la C\u00e1mara de Comercio, Alexis T\u00f6gel; el intendente de Sarmiento, Ricardo Britapaja; el concejal de Rada Tilly, Omar Casagrande; de Aduana, Taus Kikano; y Norma Masquiar\u00e1n de la Secretar\u00eda de Turismo de R\u00edo Mayo.<br \/>\nEn ese marco, se ratific\u00f3 la decisi\u00f3n de continuar con las gestiones para la pavimentaci\u00f3n de la ruta nacional 260 que integra el Corredor Bioce\u00e1nico del lado argentino.<br \/>\nEn ese sentido, Luque explic\u00f3: \u201ctenemos dos opciones; o tratamos la integraci\u00f3n o nos pasan por encima. M\u00e1s all\u00e1 de cualquier ideolog\u00eda pol\u00edtica, Argentina y Chile merecen un trabajo conjunto, sobre todo en nuestra regi\u00f3n\u201d.<br \/>\nEl objetivo del encuentro fue fortalecer las relaciones de intercambio comercial entre los dos pa\u00edses.<br \/>\nPor esa raz\u00f3n, tambi\u00e9n se trataron temas para potenciar la relaci\u00f3n comercial entre las regiones, y la necesidad de insistir con la obra de pavimento que unir\u00eda el puerto de Balmaceda y el de Comodoro a trav\u00e9s de dos rutas pavimentadas.<br \/>\nEl concejal del FpV, Maximiliano Sampaoli, por su parte, manifest\u00f3 que \u201cel encuentro fue muy bueno, hay mucho por hacer, pero tambi\u00e9n un gran avance con este paso integrado que est\u00e1 pr\u00f3ximo a inaugurarse en Balmaceda\u201d. Se trata del Complejo Fronterizo Huemules, que ser\u00e1 el primer paso integrado argentino-chileno en la Patagonia.<br \/>\nEse complejo beneficiar\u00e1 el env\u00edo de mercader\u00edas entre ambos pa\u00edses hacia otros destinos del mundo, desde puertos argentinos y chilenos ubicados en los oc\u00e9anos Atl\u00e1ntico y Pac\u00edfico, respectivamente. Adem\u00e1s, tanto ciudadanos argentinos como chilenos podr\u00e1n trasladarse con mayor facilidad, incentivando el turismo.<\/p>\n<div class=\"sharedaddy sd-sharing-enabled\">\u00a0Fuente:\u00a0http:\/\/www.eldiariodemadryn.com\/2017\/12\/proponen-pavimentar-el-corredor-bioceanico-de-chubut-a-aysen\/<\/div>\n","protected":false},"excerpt":{"rendered":"<p>AYSEN.-\u00a0El Encuentro Binacional entre Argentina y Chile, que culmin\u00f3 ayer en la Regi\u00f3n de Ays\u00e9n, fue el marco propicio para [&hellip;]<\/p>\n","protected":false},"author":2,"featured_media":0,"comment_status":"open","ping_status":"open","sticky":false,"template":"","format":"standard","meta":{"site-sidebar-layout":"default","site-content-layout":"","ast-site-content-layout":"default","site-content-style":"default","site-sidebar-style":"default","ast-global-header-display":"","ast-banner-title-visibility":"","ast-main-header-display":"","ast-hfb-above-header-display":"","ast-hfb-below-header-display":"","ast-hfb-mobile-header-display":"","site-post-title":"","ast-breadcrumbs-content":"","ast-featured-img":"","footer-sml-layout":"","ast-disable-related-posts":"","theme-transparent-header-meta":"","adv-header-id-meta":"","stick-header-meta":"","header-above-stick-meta":"","header-main-stick-meta":"","header-below-stick-meta":"","astra-migrate-meta-layouts":"default","ast-page-background-enabled":"default","ast-page-background-meta":{"desktop":{"background-color":"var(--ast-global-color-5)","background-image":"","background-repeat":"repeat","background-position":"center center","background-size":"auto","background-attachment":"scroll","background-type":"","background-media":"","overlay-type":"","overlay-color":"","overlay-opacity":"","overlay-gradient":""},"tablet":{"background-color":"","background-image":"","background-repeat":"repeat","background-position":"center center","background-size":"auto","background-attachment":"scroll","background-type":"","background-media":"","overlay-type":"","overlay-color":"","overlay-opacity":"","overlay-gradient":""},"mobile":{"background-color":"","background-image":"","background-repeat":"repeat","background-position":"center center","background-size":"auto","background-attachment":"scroll","background-type":"","background-media":"","overlay-type":"","overlay-color":"","overlay-opacity":"","overlay-gradient":""}},"ast-content-background-meta":{"desktop":{"background-color":"var(--ast-global-color-4)","background-image":"","background-repeat":"repeat","background-position":"center center","background-size":"auto","background-attachment":"scroll","background-type":"","background-media":"","overlay-type":"","overlay-color":"","overlay-opacity":"","overlay-gradient":""},"tablet":{"background-color":"var(--ast-global-color-4)","background-image":"","background-repeat":"repeat","background-position":"center center","background-size":"auto","background-attachment":"scroll","background-type":"","background-media":"","overlay-type":"","overlay-color":"","overlay-opacity":"","overlay-gradient":""},"mobile":{"background-color":"var(--ast-global-color-4)","background-image":"","background-repeat":"repeat","background-position":"center center","background-size":"auto","background-attachment":"scroll","background-type":"","background-media":"","overlay-type":"","overlay-color":"","overlay-opacity":"","overlay-gradient":""}},"footnotes":""},"categories":[1],"tags":[],"class_list":["post-39631","post","type-post","status-publish","format-standard","hentry","category-noticias"],"yoast_head":"<!-- This site is optimized with the Yoast SEO Premium plugin v23.0 (Yoast SEO v27.4) - https:\/\/yoast.com\/product\/yoast-seo-premium-wordpress\/ -->\n<title>Proponen pavimentar el corredor bioce\u00e1nico de Chubut a Ays\u00e9n<\/title>\n<meta name=\"robots\" content=\"index, follow, max-snippet:-1, max-image-preview:large, max-video-preview:-1\" \/>\n<link rel=\"canonical\" href=\"https:\/\/patagoniambiental.com.ar\/info\/proponen-pavimentar-el-corredor-bioceanico-de-chubut-a-aysen\/\" \/>\n<meta property=\"og:locale\" content=\"es_ES\" \/>\n<meta property=\"og:type\" content=\"article\" \/>\n<meta property=\"og:title\" content=\"Proponen pavimentar el corredor bioce\u00e1nico de Chubut a Ays\u00e9n\" \/>\n<meta property=\"og:description\" content=\"AYSEN.-\u00a0El Encuentro Binacional entre Argentina y Chile, que culmin\u00f3 ayer en la Regi\u00f3n de Ays\u00e9n, fue el marco propicio para [&hellip;]\" \/>\n<meta property=\"og:url\" content=\"https:\/\/patagoniambiental.com.ar\/info\/proponen-pavimentar-el-corredor-bioceanico-de-chubut-a-aysen\/\" \/>\n<meta property=\"og:site_name\" content=\"Patagonia Ambiental\" \/>\n<meta property=\"article:publisher\" content=\"https:\/\/www.facebook.com\/patagonia.ambiental\" \/>\n<meta property=\"article:author\" content=\"https:\/\/www.facebook.com\/share\/1C1V8Gv9BX\/?mibextid=qi2Omg\" \/>\n<meta property=\"article:published_time\" content=\"2017-12-13T12:00:22+00:00\" \/>\n<meta name=\"author\" content=\"Patagonia Ambiental\" \/>\n<meta name=\"twitter:card\" content=\"summary_large_image\" \/>\n<meta name=\"twitter:creator\" content=\"@PatAmb\" \/>\n<meta name=\"twitter:site\" content=\"@PatAmb\" \/>\n<script type=\"application\/ld+json\" class=\"yoast-schema-graph\">{\"@context\":\"https:\\\/\\\/schema.org\",\"@graph\":[{\"@type\":\"Article\",\"@id\":\"https:\\\/\\\/patagoniambiental.com.ar\\\/info\\\/proponen-pavimentar-el-corredor-bioceanico-de-chubut-a-aysen\\\/#article\",\"isPartOf\":{\"@id\":\"https:\\\/\\\/patagoniambiental.com.ar\\\/info\\\/proponen-pavimentar-el-corredor-bioceanico-de-chubut-a-aysen\\\/\"},\"author\":{\"name\":\"Patagonia Ambiental\",\"@id\":\"https:\\\/\\\/patagoniambiental.com.ar\\\/info\\\/#\\\/schema\\\/person\\\/db12bff64bbcbf6a253710bf0ea37b5d\"},\"headline\":\"Proponen pavimentar el corredor bioce\u00e1nico de Chubut a Ays\u00e9n\",\"datePublished\":\"2017-12-13T12:00:22+00:00\",\"mainEntityOfPage\":{\"@id\":\"https:\\\/\\\/patagoniambiental.com.ar\\\/info\\\/proponen-pavimentar-el-corredor-bioceanico-de-chubut-a-aysen\\\/\"},\"wordCount\":606,\"commentCount\":0,\"publisher\":{\"@id\":\"https:\\\/\\\/patagoniambiental.com.ar\\\/info\\\/#organization\"},\"articleSection\":[\"Noticias\"],\"inLanguage\":\"es\",\"potentialAction\":[{\"@type\":\"CommentAction\",\"name\":\"Comment\",\"target\":[\"https:\\\/\\\/patagoniambiental.com.ar\\\/info\\\/proponen-pavimentar-el-corredor-bioceanico-de-chubut-a-aysen\\\/#respond\"]}]},{\"@type\":\"WebPage\",\"@id\":\"https:\\\/\\\/patagoniambiental.com.ar\\\/info\\\/proponen-pavimentar-el-corredor-bioceanico-de-chubut-a-aysen\\\/\",\"url\":\"https:\\\/\\\/patagoniambiental.com.ar\\\/info\\\/proponen-pavimentar-el-corredor-bioceanico-de-chubut-a-aysen\\\/\",\"name\":\"Proponen pavimentar el corredor bioce\u00e1nico de Chubut a Ays\u00e9n\",\"isPartOf\":{\"@id\":\"https:\\\/\\\/patagoniambiental.com.ar\\\/info\\\/#website\"},\"datePublished\":\"2017-12-13T12:00:22+00:00\",\"breadcrumb\":{\"@id\":\"https:\\\/\\\/patagoniambiental.com.ar\\\/info\\\/proponen-pavimentar-el-corredor-bioceanico-de-chubut-a-aysen\\\/#breadcrumb\"},\"inLanguage\":\"es\",\"potentialAction\":[{\"@type\":\"ReadAction\",\"target\":[\"https:\\\/\\\/patagoniambiental.com.ar\\\/info\\\/proponen-pavimentar-el-corredor-bioceanico-de-chubut-a-aysen\\\/\"]}]},{\"@type\":\"BreadcrumbList\",\"@id\":\"https:\\\/\\\/patagoniambiental.com.ar\\\/info\\\/proponen-pavimentar-el-corredor-bioceanico-de-chubut-a-aysen\\\/#breadcrumb\",\"itemListElement\":[{\"@type\":\"ListItem\",\"position\":1,\"name\":\"Inicio\",\"item\":\"https:\\\/\\\/patagoniambiental.com.ar\\\/info\\\/\"},{\"@type\":\"ListItem\",\"position\":2,\"name\":\"Proponen pavimentar el corredor bioce\u00e1nico de Chubut a Ays\u00e9n\"}]},{\"@type\":\"WebSite\",\"@id\":\"https:\\\/\\\/patagoniambiental.com.ar\\\/info\\\/#website\",\"url\":\"https:\\\/\\\/patagoniambiental.com.ar\\\/info\\\/\",\"name\":\"Patagonia Ambiental\",\"description\":\"Monitoreo y an\u00e1lisis de la situaci\u00f3n geopol\u00edtica en el mundo y su implicancia en la Patagonia\",\"publisher\":{\"@id\":\"https:\\\/\\\/patagoniambiental.com.ar\\\/info\\\/#organization\"},\"potentialAction\":[{\"@type\":\"SearchAction\",\"target\":{\"@type\":\"EntryPoint\",\"urlTemplate\":\"https:\\\/\\\/patagoniambiental.com.ar\\\/info\\\/?s={search_term_string}\"},\"query-input\":{\"@type\":\"PropertyValueSpecification\",\"valueRequired\":true,\"valueName\":\"search_term_string\"}}],\"inLanguage\":\"es\"},{\"@type\":\"Organization\",\"@id\":\"https:\\\/\\\/patagoniambiental.com.ar\\\/info\\\/#organization\",\"name\":\"Patagonia Ambiental\",\"url\":\"https:\\\/\\\/patagoniambiental.com.ar\\\/info\\\/\",\"logo\":{\"@type\":\"ImageObject\",\"inLanguage\":\"es\",\"@id\":\"https:\\\/\\\/patagoniambiental.com.ar\\\/info\\\/#\\\/schema\\\/logo\\\/image\\\/\",\"url\":\"https:\\\/\\\/patagoniambiental.com.ar\\\/info\\\/wp-content\\\/uploads\\\/2025\\\/05\\\/LOGO-PATAGONIA-AMBIENTAL.png\",\"contentUrl\":\"https:\\\/\\\/patagoniambiental.com.ar\\\/info\\\/wp-content\\\/uploads\\\/2025\\\/05\\\/LOGO-PATAGONIA-AMBIENTAL.png\",\"width\":433,\"height\":250,\"caption\":\"Patagonia Ambiental\"},\"image\":{\"@id\":\"https:\\\/\\\/patagoniambiental.com.ar\\\/info\\\/#\\\/schema\\\/logo\\\/image\\\/\"},\"sameAs\":[\"https:\\\/\\\/www.facebook.com\\\/patagonia.ambiental\",\"https:\\\/\\\/x.com\\\/PatAmb\"]},{\"@type\":\"Person\",\"@id\":\"https:\\\/\\\/patagoniambiental.com.ar\\\/info\\\/#\\\/schema\\\/person\\\/db12bff64bbcbf6a253710bf0ea37b5d\",\"name\":\"Patagonia Ambiental\",\"description\":\"Andr\u00e9s Nievas T\u00e9cnico en manejo ambiental, consultor Ambiental y escritor para medios locales e internacionales sobre temas de geopolitica y medio ambiente.\",\"sameAs\":[\"http:\\\/\\\/www.patagoniambiental.com.ar\",\"https:\\\/\\\/www.facebook.com\\\/share\\\/1C1V8Gv9BX\\\/?mibextid=qi2Omg\",\"@patagoniambiental\",\"https:\\\/\\\/youtube.com\\\/@patagoniaambiental2023?si=BLt58t0wuXquxlYZ\"]}]}<\/script>\n<!-- \/ Yoast SEO Premium plugin. -->","yoast_head_json":{"title":"Proponen pavimentar el corredor bioce\u00e1nico de Chubut a Ays\u00e9n","robots":{"index":"index","follow":"follow","max-snippet":"max-snippet:-1","max-image-preview":"max-image-preview:large","max-video-preview":"max-video-preview:-1"},"canonical":"https:\/\/patagoniambiental.com.ar\/info\/proponen-pavimentar-el-corredor-bioceanico-de-chubut-a-aysen\/","og_locale":"es_ES","og_type":"article","og_title":"Proponen pavimentar el corredor bioce\u00e1nico de Chubut a Ays\u00e9n","og_description":"AYSEN.-\u00a0El Encuentro Binacional entre Argentina y Chile, que culmin\u00f3 ayer en la Regi\u00f3n de Ays\u00e9n, fue el marco propicio para [&hellip;]","og_url":"https:\/\/patagoniambiental.com.ar\/info\/proponen-pavimentar-el-corredor-bioceanico-de-chubut-a-aysen\/","og_site_name":"Patagonia Ambiental","article_publisher":"https:\/\/www.facebook.com\/patagonia.ambiental","article_author":"https:\/\/www.facebook.com\/share\/1C1V8Gv9BX\/?mibextid=qi2Omg","article_published_time":"2017-12-13T12:00:22+00:00","author":"Patagonia Ambiental","twitter_card":"summary_large_image","twitter_creator":"@PatAmb","twitter_site":"@PatAmb","schema":{"@context":"https:\/\/schema.org","@graph":[{"@type":"Article","@id":"https:\/\/patagoniambiental.com.ar\/info\/proponen-pavimentar-el-corredor-bioceanico-de-chubut-a-aysen\/#article","isPartOf":{"@id":"https:\/\/patagoniambiental.com.ar\/info\/proponen-pavimentar-el-corredor-bioceanico-de-chubut-a-aysen\/"},"author":{"name":"Patagonia Ambiental","@id":"https:\/\/patagoniambiental.com.ar\/info\/#\/schema\/person\/db12bff64bbcbf6a253710bf0ea37b5d"},"headline":"Proponen pavimentar el corredor bioce\u00e1nico de Chubut a Ays\u00e9n","datePublished":"2017-12-13T12:00:22+00:00","mainEntityOfPage":{"@id":"https:\/\/patagoniambiental.com.ar\/info\/proponen-pavimentar-el-corredor-bioceanico-de-chubut-a-aysen\/"},"wordCount":606,"commentCount":0,"publisher":{"@id":"https:\/\/patagoniambiental.com.ar\/info\/#organization"},"articleSection":["Noticias"],"inLanguage":"es","potentialAction":[{"@type":"CommentAction","name":"Comment","target":["https:\/\/patagoniambiental.com.ar\/info\/proponen-pavimentar-el-corredor-bioceanico-de-chubut-a-aysen\/#respond"]}]},{"@type":"WebPage","@id":"https:\/\/patagoniambiental.com.ar\/info\/proponen-pavimentar-el-corredor-bioceanico-de-chubut-a-aysen\/","url":"https:\/\/patagoniambiental.com.ar\/info\/proponen-pavimentar-el-corredor-bioceanico-de-chubut-a-aysen\/","name":"Proponen pavimentar el corredor bioce\u00e1nico de Chubut a Ays\u00e9n","isPartOf":{"@id":"https:\/\/patagoniambiental.com.ar\/info\/#website"},"datePublished":"2017-12-13T12:00:22+00:00","breadcrumb":{"@id":"https:\/\/patagoniambiental.com.ar\/info\/proponen-pavimentar-el-corredor-bioceanico-de-chubut-a-aysen\/#breadcrumb"},"inLanguage":"es","potentialAction":[{"@type":"ReadAction","target":["https:\/\/patagoniambiental.com.ar\/info\/proponen-pavimentar-el-corredor-bioceanico-de-chubut-a-aysen\/"]}]},{"@type":"BreadcrumbList","@id":"https:\/\/patagoniambiental.com.ar\/info\/proponen-pavimentar-el-corredor-bioceanico-de-chubut-a-aysen\/#breadcrumb","itemListElement":[{"@type":"ListItem","position":1,"name":"Inicio","item":"https:\/\/patagoniambiental.com.ar\/info\/"},{"@type":"ListItem","position":2,"name":"Proponen pavimentar el corredor bioce\u00e1nico de Chubut a Ays\u00e9n"}]},{"@type":"WebSite","@id":"https:\/\/patagoniambiental.com.ar\/info\/#website","url":"https:\/\/patagoniambiental.com.ar\/info\/","name":"Patagonia Ambiental","description":"Monitoreo y an\u00e1lisis de la situaci\u00f3n geopol\u00edtica en el mundo y su implicancia en la Patagonia","publisher":{"@id":"https:\/\/patagoniambiental.com.ar\/info\/#organization"},"potentialAction":[{"@type":"SearchAction","target":{"@type":"EntryPoint","urlTemplate":"https:\/\/patagoniambiental.com.ar\/info\/?s={search_term_string}"},"query-input":{"@type":"PropertyValueSpecification","valueRequired":true,"valueName":"search_term_string"}}],"inLanguage":"es"},{"@type":"Organization","@id":"https:\/\/patagoniambiental.com.ar\/info\/#organization","name":"Patagonia Ambiental","url":"https:\/\/patagoniambiental.com.ar\/info\/","logo":{"@type":"ImageObject","inLanguage":"es","@id":"https:\/\/patagoniambiental.com.ar\/info\/#\/schema\/logo\/image\/","url":"https:\/\/patagoniambiental.com.ar\/info\/wp-content\/uploads\/2025\/05\/LOGO-PATAGONIA-AMBIENTAL.png","contentUrl":"https:\/\/patagoniambiental.com.ar\/info\/wp-content\/uploads\/2025\/05\/LOGO-PATAGONIA-AMBIENTAL.png","width":433,"height":250,"caption":"Patagonia Ambiental"},"image":{"@id":"https:\/\/patagoniambiental.com.ar\/info\/#\/schema\/logo\/image\/"},"sameAs":["https:\/\/www.facebook.com\/patagonia.ambiental","https:\/\/x.com\/PatAmb"]},{"@type":"Person","@id":"https:\/\/patagoniambiental.com.ar\/info\/#\/schema\/person\/db12bff64bbcbf6a253710bf0ea37b5d","name":"Patagonia Ambiental","description":"Andr\u00e9s Nievas T\u00e9cnico en manejo ambiental, consultor Ambiental y escritor para medios locales e internacionales sobre temas de geopolitica y medio ambiente.","sameAs":["http:\/\/www.patagoniambiental.com.ar","https:\/\/www.facebook.com\/share\/1C1V8Gv9BX\/?mibextid=qi2Omg","@patagoniambiental","https:\/\/youtube.com\/@patagoniaambiental2023?si=BLt58t0wuXquxlYZ"]}]}},"_links":{"self":[{"href":"https:\/\/patagoniambiental.com.ar\/info\/wp-json\/wp\/v2\/posts\/39631","targetHints":{"allow":["GET"]}}],"collection":[{"href":"https:\/\/patagoniambiental.com.ar\/info\/wp-json\/wp\/v2\/posts"}],"about":[{"href":"https:\/\/patagoniambiental.com.ar\/info\/wp-json\/wp\/v2\/types\/post"}],"author":[{"embeddable":true,"href":"https:\/\/patagoniambiental.com.ar\/info\/wp-json\/wp\/v2\/users\/2"}],"replies":[{"embeddable":true,"href":"https:\/\/patagoniambiental.com.ar\/info\/wp-json\/wp\/v2\/comments?post=39631"}],"version-history":[{"count":0,"href":"https:\/\/patagoniambiental.com.ar\/info\/wp-json\/wp\/v2\/posts\/39631\/revisions"}],"wp:attachment":[{"href":"https:\/\/patagoniambiental.com.ar\/info\/wp-json\/wp\/v2\/media?parent=39631"}],"wp:term":[{"taxonomy":"category","embeddable":true,"href":"https:\/\/patagoniambiental.com.ar\/info\/wp-json\/wp\/v2\/categories?post=39631"},{"taxonomy":"post_tag","embeddable":true,"href":"https:\/\/patagoniambiental.com.ar\/info\/wp-json\/wp\/v2\/tags?post=39631"}],"curies":[{"name":"wp","href":"https:\/\/api.w.org\/{rel}","templated":true}]}}