{"id":39634,"date":"2017-12-12T09:00:18","date_gmt":"2017-12-12T12:00:18","guid":{"rendered":"http:\/\/patagoniambiental.com.ar\/info\/?p=39634"},"modified":"2017-12-11T21:20:12","modified_gmt":"2017-12-12T00:20:12","slug":"rawson-preventores-exigiran-en-la-playa-cumplir-ordenanzas-durante-la-temporada","status":"publish","type":"post","link":"https:\/\/patagoniambiental.com.ar\/info\/rawson-preventores-exigiran-en-la-playa-cumplir-ordenanzas-durante-la-temporada\/","title":{"rendered":"Rawson: Preventores exigir\u00e1n en la playa cumplir ordenanzas durante la temporada"},"content":{"rendered":"<p>PLAYA UNI\u00d3N.- Un grupo de 16 preventores de la Municipalidad de Rawson comenzar\u00e1 este viernes con una prueba piloto en la costa de Playa Uni\u00f3n con el objetivo de iniciar su trabajo la pr\u00f3xima semana, a partir del inicio de la temporada de verano.<br \/>\nEl objetivo de la implementaci\u00f3n del cuerpo de preventores, que recibieron en los \u00faltimos d\u00edas una capacitaci\u00f3n por parte de funcionarios municipales en el foyer del Centro Cultural \u201cJos\u00e9 Hern\u00e1ndez\u201d, es realizar un trabajo coordinado con los inspectores de distintas \u00e1reas para velar por el cumplimiento de normativas y ordenanzas, como las relacionadas con la prohibici\u00f3n de presencia de perros en la costa, con la sujeci\u00f3n de sombrillas y con el uso del agua, adem\u00e1s de otras cuestiones como la disposici\u00f3n final de la basura.<br \/>\nCabe destacar que la implementaci\u00f3n de este cuerpo de preventores es resultado de la decisi\u00f3n pol\u00edtica de la intendenta Rossana Artero de hacer cumplir las ordenanzas y reglamentaciones municipales para que la temporada de verano en Playa Uni\u00f3n garantice las condiciones para la permanencia y el disfrute de los vecinos y visitantes.<br \/>\nExplic\u00f3 Patricia Moyano, directora general de Comercio dependiente de la Secretar\u00eda de Producci\u00f3n y Medio Ambiente de la Municipalidad de Rawson, que el objetivo de la prueba piloto que se inicia este viernes es \u201cempezar a vincularnos entre todas las \u00e1reas, para llegar en condiciones al inicio de la temporada de verano\u201d.<br \/>\nMoyano precis\u00f3 que los preventores recorrer\u00e1n la zona costera, as\u00ed como los comercios de la primera, segunda y tercera fila, y lo har\u00e1n divididos en dos grupos: uno a la ma\u00f1ana, de 8,30 a 13 horas y otro por la tarde, de 14 a 18.<br \/>\n\u201cLa intenci\u00f3n es articular acciones para atacar problem\u00e1ticas que tenemos como la disposici\u00f3n de la basura por parte de los comercios, la presencia de perros en la costa, la sujeci\u00f3n de sombrillas, el uso del agua, de manera que los preventores se puedan comunicar ante cualquier situaci\u00f3n irregular con los inspectores de \u00e1reas como Comercio, Bromatolog\u00eda, Ambiente, Tr\u00e1nsito, entre otras\u201d, afirm\u00f3 la funcionaria.<br \/>\nDe manera complementaria, Moyano inform\u00f3 que el trabajo incluir\u00e1 el control de los puestos de venta ubicados en la zona costera y los vendedores ambulantes, sobre los cuales se trabaja en la confecci\u00f3n de un registro. \u201cLos puestos van a tener habilitaciones comerciales para tranquilidad de los vecinos y visitantes, y la idea es que los vendedores ambulantes est\u00e9n registrados para que cuenten con una identificaci\u00f3n visible\u201d, precis\u00f3.<\/p>\n<p><strong>Gente involucrada<\/strong><\/p>\n<p>Por su parte, el director de Veterinaria, Hugo Ib\u00e1\u00f1ez, dijo: \u201cEl grupo de preventores van a ser nuestros auxiliares sobre todo en la playa en lo relacionado con perros en la costa, sombrillas, basura, entre otros temas\u201d.<br \/>\n\u201cHemos tratado de hacernos de gente que le interese la problem\u00e1tica ambiental porque creemos que es fundamental que la persona, m\u00e1s all\u00e1 de desarrollar una tarea, est\u00e9 involucrada en el trasfondo de la tarea\u201d, indic\u00f3.<\/p>\n<div class=\"sharedaddy sd-sharing-enabled\">\u00a0Fuente:\u00a0http:\/\/www.eldiariodemadryn.com\/2017\/12\/preventores-exigiran-en-la-playa-cumplir-ordenanzas-durante-la-temporada\/<\/div>\n","protected":false},"excerpt":{"rendered":"<p>PLAYA UNI\u00d3N.- Un grupo de 16 preventores de la Municipalidad de Rawson comenzar\u00e1 este viernes con una prueba piloto en [&hellip;]<\/p>\n","protected":false},"author":2,"featured_media":0,"comment_status":"open","ping_status":"open","sticky":false,"template":"","format":"standard","meta":{"site-sidebar-layout":"default","site-content-layout":"","ast-site-content-layout":"default","site-content-style":"default","site-sidebar-style":"default","ast-global-header-display":"","ast-banner-title-visibility":"","ast-main-header-display":"","ast-hfb-above-header-display":"","ast-hfb-below-header-display":"","ast-hfb-mobile-header-display":"","site-post-title":"","ast-breadcrumbs-content":"","ast-featured-img":"","footer-sml-layout":"","ast-disable-related-posts":"","theme-transparent-header-meta":"","adv-header-id-meta":"","stick-header-meta":"","header-above-stick-meta":"","header-main-stick-meta":"","header-below-stick-meta":"","astra-migrate-meta-layouts":"default","ast-page-background-enabled":"default","ast-page-background-meta":{"desktop":{"background-color":"var(--ast-global-color-5)","background-image":"","background-repeat":"repeat","background-position":"center center","background-size":"auto","background-attachment":"scroll","background-type":"","background-media":"","overlay-type":"","overlay-color":"","overlay-opacity":"","overlay-gradient":""},"tablet":{"background-color":"","background-image":"","background-repeat":"repeat","background-position":"center center","background-size":"auto","background-attachment":"scroll","background-type":"","background-media":"","overlay-type":"","overlay-color":"","overlay-opacity":"","overlay-gradient":""},"mobile":{"background-color":"","background-image":"","background-repeat":"repeat","background-position":"center center","background-size":"auto","background-attachment":"scroll","background-type":"","background-media":"","overlay-type":"","overlay-color":"","overlay-opacity":"","overlay-gradient":""}},"ast-content-background-meta":{"desktop":{"background-color":"var(--ast-global-color-4)","background-image":"","background-repeat":"repeat","background-position":"center center","background-size":"auto","background-attachment":"scroll","background-type":"","background-media":"","overlay-type":"","overlay-color":"","overlay-opacity":"","overlay-gradient":""},"tablet":{"background-color":"var(--ast-global-color-4)","background-image":"","background-repeat":"repeat","background-position":"center center","background-size":"auto","background-attachment":"scroll","background-type":"","background-media":"","overlay-type":"","overlay-color":"","overlay-opacity":"","overlay-gradient":""},"mobile":{"background-color":"var(--ast-global-color-4)","background-image":"","background-repeat":"repeat","background-position":"center center","background-size":"auto","background-attachment":"scroll","background-type":"","background-media":"","overlay-type":"","overlay-color":"","overlay-opacity":"","overlay-gradient":""}},"footnotes":""},"categories":[46,1],"tags":[],"class_list":["post-39634","post","type-post","status-publish","format-standard","hentry","category-municipios","category-noticias"],"yoast_head":"<!-- This site is optimized with the Yoast SEO Premium plugin v23.0 (Yoast SEO v27.4) - https:\/\/yoast.com\/product\/yoast-seo-premium-wordpress\/ -->\n<title>Rawson: Preventores exigir\u00e1n en la playa cumplir ordenanzas durante la temporada<\/title>\n<meta name=\"robots\" content=\"index, follow, max-snippet:-1, max-image-preview:large, max-video-preview:-1\" \/>\n<link rel=\"canonical\" href=\"https:\/\/patagoniambiental.com.ar\/info\/rawson-preventores-exigiran-en-la-playa-cumplir-ordenanzas-durante-la-temporada\/\" \/>\n<meta property=\"og:locale\" content=\"es_ES\" \/>\n<meta property=\"og:type\" content=\"article\" \/>\n<meta property=\"og:title\" content=\"Rawson: Preventores exigir\u00e1n en la playa cumplir ordenanzas durante la temporada\" \/>\n<meta property=\"og:description\" content=\"PLAYA UNI\u00d3N.- Un grupo de 16 preventores de la Municipalidad de Rawson comenzar\u00e1 este viernes con una prueba piloto en [&hellip;]\" \/>\n<meta property=\"og:url\" content=\"https:\/\/patagoniambiental.com.ar\/info\/rawson-preventores-exigiran-en-la-playa-cumplir-ordenanzas-durante-la-temporada\/\" \/>\n<meta property=\"og:site_name\" content=\"Patagonia Ambiental\" \/>\n<meta property=\"article:publisher\" content=\"https:\/\/www.facebook.com\/patagonia.ambiental\" \/>\n<meta property=\"article:author\" content=\"https:\/\/www.facebook.com\/share\/1C1V8Gv9BX\/?mibextid=qi2Omg\" \/>\n<meta property=\"article:published_time\" content=\"2017-12-12T12:00:18+00:00\" \/>\n<meta name=\"author\" content=\"Patagonia Ambiental\" \/>\n<meta name=\"twitter:card\" content=\"summary_large_image\" \/>\n<meta name=\"twitter:creator\" content=\"@PatAmb\" \/>\n<meta name=\"twitter:site\" content=\"@PatAmb\" \/>\n<script type=\"application\/ld+json\" class=\"yoast-schema-graph\">{\"@context\":\"https:\\\/\\\/schema.org\",\"@graph\":[{\"@type\":\"Article\",\"@id\":\"https:\\\/\\\/patagoniambiental.com.ar\\\/info\\\/rawson-preventores-exigiran-en-la-playa-cumplir-ordenanzas-durante-la-temporada\\\/#article\",\"isPartOf\":{\"@id\":\"https:\\\/\\\/patagoniambiental.com.ar\\\/info\\\/rawson-preventores-exigiran-en-la-playa-cumplir-ordenanzas-durante-la-temporada\\\/\"},\"author\":{\"name\":\"Patagonia Ambiental\",\"@id\":\"https:\\\/\\\/patagoniambiental.com.ar\\\/info\\\/#\\\/schema\\\/person\\\/db12bff64bbcbf6a253710bf0ea37b5d\"},\"headline\":\"Rawson: Preventores exigir\u00e1n en la playa cumplir ordenanzas durante la temporada\",\"datePublished\":\"2017-12-12T12:00:18+00:00\",\"mainEntityOfPage\":{\"@id\":\"https:\\\/\\\/patagoniambiental.com.ar\\\/info\\\/rawson-preventores-exigiran-en-la-playa-cumplir-ordenanzas-durante-la-temporada\\\/\"},\"wordCount\":530,\"commentCount\":0,\"publisher\":{\"@id\":\"https:\\\/\\\/patagoniambiental.com.ar\\\/info\\\/#organization\"},\"articleSection\":[\"Municipios\",\"Noticias\"],\"inLanguage\":\"es\",\"potentialAction\":[{\"@type\":\"CommentAction\",\"name\":\"Comment\",\"target\":[\"https:\\\/\\\/patagoniambiental.com.ar\\\/info\\\/rawson-preventores-exigiran-en-la-playa-cumplir-ordenanzas-durante-la-temporada\\\/#respond\"]}]},{\"@type\":\"WebPage\",\"@id\":\"https:\\\/\\\/patagoniambiental.com.ar\\\/info\\\/rawson-preventores-exigiran-en-la-playa-cumplir-ordenanzas-durante-la-temporada\\\/\",\"url\":\"https:\\\/\\\/patagoniambiental.com.ar\\\/info\\\/rawson-preventores-exigiran-en-la-playa-cumplir-ordenanzas-durante-la-temporada\\\/\",\"name\":\"Rawson: Preventores exigir\u00e1n en la playa cumplir ordenanzas durante la temporada\",\"isPartOf\":{\"@id\":\"https:\\\/\\\/patagoniambiental.com.ar\\\/info\\\/#website\"},\"datePublished\":\"2017-12-12T12:00:18+00:00\",\"breadcrumb\":{\"@id\":\"https:\\\/\\\/patagoniambiental.com.ar\\\/info\\\/rawson-preventores-exigiran-en-la-playa-cumplir-ordenanzas-durante-la-temporada\\\/#breadcrumb\"},\"inLanguage\":\"es\",\"potentialAction\":[{\"@type\":\"ReadAction\",\"target\":[\"https:\\\/\\\/patagoniambiental.com.ar\\\/info\\\/rawson-preventores-exigiran-en-la-playa-cumplir-ordenanzas-durante-la-temporada\\\/\"]}]},{\"@type\":\"BreadcrumbList\",\"@id\":\"https:\\\/\\\/patagoniambiental.com.ar\\\/info\\\/rawson-preventores-exigiran-en-la-playa-cumplir-ordenanzas-durante-la-temporada\\\/#breadcrumb\",\"itemListElement\":[{\"@type\":\"ListItem\",\"position\":1,\"name\":\"Inicio\",\"item\":\"https:\\\/\\\/patagoniambiental.com.ar\\\/info\\\/\"},{\"@type\":\"ListItem\",\"position\":2,\"name\":\"Rawson: Preventores exigir\u00e1n en la playa cumplir ordenanzas durante la temporada\"}]},{\"@type\":\"WebSite\",\"@id\":\"https:\\\/\\\/patagoniambiental.com.ar\\\/info\\\/#website\",\"url\":\"https:\\\/\\\/patagoniambiental.com.ar\\\/info\\\/\",\"name\":\"Patagonia Ambiental\",\"description\":\"Monitoreo y an\u00e1lisis de la situaci\u00f3n geopol\u00edtica en el mundo y su implicancia en la Patagonia\",\"publisher\":{\"@id\":\"https:\\\/\\\/patagoniambiental.com.ar\\\/info\\\/#organization\"},\"potentialAction\":[{\"@type\":\"SearchAction\",\"target\":{\"@type\":\"EntryPoint\",\"urlTemplate\":\"https:\\\/\\\/patagoniambiental.com.ar\\\/info\\\/?s={search_term_string}\"},\"query-input\":{\"@type\":\"PropertyValueSpecification\",\"valueRequired\":true,\"valueName\":\"search_term_string\"}}],\"inLanguage\":\"es\"},{\"@type\":\"Organization\",\"@id\":\"https:\\\/\\\/patagoniambiental.com.ar\\\/info\\\/#organization\",\"name\":\"Patagonia Ambiental\",\"url\":\"https:\\\/\\\/patagoniambiental.com.ar\\\/info\\\/\",\"logo\":{\"@type\":\"ImageObject\",\"inLanguage\":\"es\",\"@id\":\"https:\\\/\\\/patagoniambiental.com.ar\\\/info\\\/#\\\/schema\\\/logo\\\/image\\\/\",\"url\":\"https:\\\/\\\/patagoniambiental.com.ar\\\/info\\\/wp-content\\\/uploads\\\/2025\\\/05\\\/LOGO-PATAGONIA-AMBIENTAL.png\",\"contentUrl\":\"https:\\\/\\\/patagoniambiental.com.ar\\\/info\\\/wp-content\\\/uploads\\\/2025\\\/05\\\/LOGO-PATAGONIA-AMBIENTAL.png\",\"width\":433,\"height\":250,\"caption\":\"Patagonia Ambiental\"},\"image\":{\"@id\":\"https:\\\/\\\/patagoniambiental.com.ar\\\/info\\\/#\\\/schema\\\/logo\\\/image\\\/\"},\"sameAs\":[\"https:\\\/\\\/www.facebook.com\\\/patagonia.ambiental\",\"https:\\\/\\\/x.com\\\/PatAmb\"]},{\"@type\":\"Person\",\"@id\":\"https:\\\/\\\/patagoniambiental.com.ar\\\/info\\\/#\\\/schema\\\/person\\\/db12bff64bbcbf6a253710bf0ea37b5d\",\"name\":\"Patagonia Ambiental\",\"description\":\"Andr\u00e9s Nievas T\u00e9cnico en manejo ambiental, consultor Ambiental y escritor para medios locales e internacionales sobre temas de geopolitica y medio ambiente.\",\"sameAs\":[\"http:\\\/\\\/www.patagoniambiental.com.ar\",\"https:\\\/\\\/www.facebook.com\\\/share\\\/1C1V8Gv9BX\\\/?mibextid=qi2Omg\",\"@patagoniambiental\",\"https:\\\/\\\/youtube.com\\\/@patagoniaambiental2023?si=BLt58t0wuXquxlYZ\"]}]}<\/script>\n<!-- \/ Yoast SEO Premium plugin. -->","yoast_head_json":{"title":"Rawson: Preventores exigir\u00e1n en la playa cumplir ordenanzas durante la temporada","robots":{"index":"index","follow":"follow","max-snippet":"max-snippet:-1","max-image-preview":"max-image-preview:large","max-video-preview":"max-video-preview:-1"},"canonical":"https:\/\/patagoniambiental.com.ar\/info\/rawson-preventores-exigiran-en-la-playa-cumplir-ordenanzas-durante-la-temporada\/","og_locale":"es_ES","og_type":"article","og_title":"Rawson: Preventores exigir\u00e1n en la playa cumplir ordenanzas durante la temporada","og_description":"PLAYA UNI\u00d3N.- Un grupo de 16 preventores de la Municipalidad de Rawson comenzar\u00e1 este viernes con una prueba piloto en [&hellip;]","og_url":"https:\/\/patagoniambiental.com.ar\/info\/rawson-preventores-exigiran-en-la-playa-cumplir-ordenanzas-durante-la-temporada\/","og_site_name":"Patagonia Ambiental","article_publisher":"https:\/\/www.facebook.com\/patagonia.ambiental","article_author":"https:\/\/www.facebook.com\/share\/1C1V8Gv9BX\/?mibextid=qi2Omg","article_published_time":"2017-12-12T12:00:18+00:00","author":"Patagonia Ambiental","twitter_card":"summary_large_image","twitter_creator":"@PatAmb","twitter_site":"@PatAmb","schema":{"@context":"https:\/\/schema.org","@graph":[{"@type":"Article","@id":"https:\/\/patagoniambiental.com.ar\/info\/rawson-preventores-exigiran-en-la-playa-cumplir-ordenanzas-durante-la-temporada\/#article","isPartOf":{"@id":"https:\/\/patagoniambiental.com.ar\/info\/rawson-preventores-exigiran-en-la-playa-cumplir-ordenanzas-durante-la-temporada\/"},"author":{"name":"Patagonia Ambiental","@id":"https:\/\/patagoniambiental.com.ar\/info\/#\/schema\/person\/db12bff64bbcbf6a253710bf0ea37b5d"},"headline":"Rawson: Preventores exigir\u00e1n en la playa cumplir ordenanzas durante la temporada","datePublished":"2017-12-12T12:00:18+00:00","mainEntityOfPage":{"@id":"https:\/\/patagoniambiental.com.ar\/info\/rawson-preventores-exigiran-en-la-playa-cumplir-ordenanzas-durante-la-temporada\/"},"wordCount":530,"commentCount":0,"publisher":{"@id":"https:\/\/patagoniambiental.com.ar\/info\/#organization"},"articleSection":["Municipios","Noticias"],"inLanguage":"es","potentialAction":[{"@type":"CommentAction","name":"Comment","target":["https:\/\/patagoniambiental.com.ar\/info\/rawson-preventores-exigiran-en-la-playa-cumplir-ordenanzas-durante-la-temporada\/#respond"]}]},{"@type":"WebPage","@id":"https:\/\/patagoniambiental.com.ar\/info\/rawson-preventores-exigiran-en-la-playa-cumplir-ordenanzas-durante-la-temporada\/","url":"https:\/\/patagoniambiental.com.ar\/info\/rawson-preventores-exigiran-en-la-playa-cumplir-ordenanzas-durante-la-temporada\/","name":"Rawson: Preventores exigir\u00e1n en la playa cumplir ordenanzas durante la temporada","isPartOf":{"@id":"https:\/\/patagoniambiental.com.ar\/info\/#website"},"datePublished":"2017-12-12T12:00:18+00:00","breadcrumb":{"@id":"https:\/\/patagoniambiental.com.ar\/info\/rawson-preventores-exigiran-en-la-playa-cumplir-ordenanzas-durante-la-temporada\/#breadcrumb"},"inLanguage":"es","potentialAction":[{"@type":"ReadAction","target":["https:\/\/patagoniambiental.com.ar\/info\/rawson-preventores-exigiran-en-la-playa-cumplir-ordenanzas-durante-la-temporada\/"]}]},{"@type":"BreadcrumbList","@id":"https:\/\/patagoniambiental.com.ar\/info\/rawson-preventores-exigiran-en-la-playa-cumplir-ordenanzas-durante-la-temporada\/#breadcrumb","itemListElement":[{"@type":"ListItem","position":1,"name":"Inicio","item":"https:\/\/patagoniambiental.com.ar\/info\/"},{"@type":"ListItem","position":2,"name":"Rawson: Preventores exigir\u00e1n en la playa cumplir ordenanzas durante la temporada"}]},{"@type":"WebSite","@id":"https:\/\/patagoniambiental.com.ar\/info\/#website","url":"https:\/\/patagoniambiental.com.ar\/info\/","name":"Patagonia Ambiental","description":"Monitoreo y an\u00e1lisis de la situaci\u00f3n geopol\u00edtica en el mundo y su implicancia en la Patagonia","publisher":{"@id":"https:\/\/patagoniambiental.com.ar\/info\/#organization"},"potentialAction":[{"@type":"SearchAction","target":{"@type":"EntryPoint","urlTemplate":"https:\/\/patagoniambiental.com.ar\/info\/?s={search_term_string}"},"query-input":{"@type":"PropertyValueSpecification","valueRequired":true,"valueName":"search_term_string"}}],"inLanguage":"es"},{"@type":"Organization","@id":"https:\/\/patagoniambiental.com.ar\/info\/#organization","name":"Patagonia Ambiental","url":"https:\/\/patagoniambiental.com.ar\/info\/","logo":{"@type":"ImageObject","inLanguage":"es","@id":"https:\/\/patagoniambiental.com.ar\/info\/#\/schema\/logo\/image\/","url":"https:\/\/patagoniambiental.com.ar\/info\/wp-content\/uploads\/2025\/05\/LOGO-PATAGONIA-AMBIENTAL.png","contentUrl":"https:\/\/patagoniambiental.com.ar\/info\/wp-content\/uploads\/2025\/05\/LOGO-PATAGONIA-AMBIENTAL.png","width":433,"height":250,"caption":"Patagonia Ambiental"},"image":{"@id":"https:\/\/patagoniambiental.com.ar\/info\/#\/schema\/logo\/image\/"},"sameAs":["https:\/\/www.facebook.com\/patagonia.ambiental","https:\/\/x.com\/PatAmb"]},{"@type":"Person","@id":"https:\/\/patagoniambiental.com.ar\/info\/#\/schema\/person\/db12bff64bbcbf6a253710bf0ea37b5d","name":"Patagonia Ambiental","description":"Andr\u00e9s Nievas T\u00e9cnico en manejo ambiental, consultor Ambiental y escritor para medios locales e internacionales sobre temas de geopolitica y medio ambiente.","sameAs":["http:\/\/www.patagoniambiental.com.ar","https:\/\/www.facebook.com\/share\/1C1V8Gv9BX\/?mibextid=qi2Omg","@patagoniambiental","https:\/\/youtube.com\/@patagoniaambiental2023?si=BLt58t0wuXquxlYZ"]}]}},"_links":{"self":[{"href":"https:\/\/patagoniambiental.com.ar\/info\/wp-json\/wp\/v2\/posts\/39634","targetHints":{"allow":["GET"]}}],"collection":[{"href":"https:\/\/patagoniambiental.com.ar\/info\/wp-json\/wp\/v2\/posts"}],"about":[{"href":"https:\/\/patagoniambiental.com.ar\/info\/wp-json\/wp\/v2\/types\/post"}],"author":[{"embeddable":true,"href":"https:\/\/patagoniambiental.com.ar\/info\/wp-json\/wp\/v2\/users\/2"}],"replies":[{"embeddable":true,"href":"https:\/\/patagoniambiental.com.ar\/info\/wp-json\/wp\/v2\/comments?post=39634"}],"version-history":[{"count":0,"href":"https:\/\/patagoniambiental.com.ar\/info\/wp-json\/wp\/v2\/posts\/39634\/revisions"}],"wp:attachment":[{"href":"https:\/\/patagoniambiental.com.ar\/info\/wp-json\/wp\/v2\/media?parent=39634"}],"wp:term":[{"taxonomy":"category","embeddable":true,"href":"https:\/\/patagoniambiental.com.ar\/info\/wp-json\/wp\/v2\/categories?post=39634"},{"taxonomy":"post_tag","embeddable":true,"href":"https:\/\/patagoniambiental.com.ar\/info\/wp-json\/wp\/v2\/tags?post=39634"}],"curies":[{"name":"wp","href":"https:\/\/api.w.org\/{rel}","templated":true}]}}