{"id":39646,"date":"2017-12-12T09:00:30","date_gmt":"2017-12-12T12:00:30","guid":{"rendered":"http:\/\/patagoniambiental.com.ar\/info\/?p=39646"},"modified":"2017-12-11T21:36:17","modified_gmt":"2017-12-12T00:36:17","slug":"bahia-exploradores-en-aysen-se-une-a-red-global-que-estudia-cambios-en-el-medio-ambiente","status":"publish","type":"post","link":"https:\/\/patagoniambiental.com.ar\/info\/bahia-exploradores-en-aysen-se-une-a-red-global-que-estudia-cambios-en-el-medio-ambiente\/","title":{"rendered":"Bah\u00eda Exploradores, en Ays\u00e9n, se une a red global que estudia cambios en el medio ambiente"},"content":{"rendered":"<p><span style=\"font-family: Arial, Helvetica, sans-serif;font-size: small\">AYS\u00c9N.- En enero de 2018, este lugar se sumar\u00e1 a los once observatorios de la interacci\u00f3n humana y su impacto en el entorno, vinculados al Centro Nacional de Investigaci\u00f3n Cient\u00edfica de Francia (CNRS). Aqu\u00ed se trabaja desde 2013 en microbiolog\u00eda, registro de datos clim\u00e1ticos y caudales de r\u00edos, ecolog\u00eda de suelos, catastros de especies de flora y fauna, entre otras \u00e1reas.<\/span><\/p>\n<p><span class=\"arial12\">\u00abEs como un peque\u00f1o c\u00f3ndor\u00bb, dice Eric Maire, investigador franc\u00e9s del laboratorio de geograf\u00eda ambiental Geode, mientras sostiene en sus manos las alas del dron liviano eBee que trajo hasta bah\u00eda Exploradores en la regi\u00f3n de Ays\u00e9n, para captar im\u00e1genes en \u00e1reas inaccesibles y de un relieve complejo. En su primer sobrevuelo, esta herramienta dirigida a control remoto, que pesa menos de un kilo y se eleva hasta los 140 metros, pudo captar m\u00e1s de cincuenta fotograf\u00edas en un barrido a\u00e9reo programado con un tiempo m\u00e1ximo de 40 minutos. Las im\u00e1genes, de alta resoluci\u00f3n, se utilizan para elaborar cartograf\u00edas de vegetaci\u00f3n y cursos de agua.<\/span><\/p>\n<p><span class=\"arial12\">Maire forma parte de un equipo de cuatro investigadores galos del Centre National de la Recherche Scientifique (CNRS) que encabeza Didier Galop, doctor en Geograf\u00eda, quien ya ha venido a la zona al menos tres veces. Viajaron desde Toulouse (Francia) para integrarse, por una semana, a otras treinta y cinco personas en una expedici\u00f3n cient\u00edfica de la Estaci\u00f3n Patagonia de investigaci\u00f3n interdisciplinaria de la U.Cat\u00f3lica, en Bah\u00eda Exploradores, en la costa de Ays\u00e9n, 350 kil\u00f3metros al sur de Coyhaique.<\/span><\/p>\n<p><span class=\"arial12\">Monitoreo ambiental<\/span><\/p>\n<p><span class=\"arial12\">Los expedicionarios se trasladaron desde Santiago a Balmaceda, y de ah\u00ed a bah\u00eda Exploradores por la ruta de los glaciares. Les tom\u00f3 casi 12 horas llegar a un refugio en las cercan\u00edas del embarcadero, desde donde zarpar\u00edan al d\u00eda siguiente para navegar en lancha o z\u00f3diac 40 minutos por los fiordos rumbo a la Estaci\u00f3n Patagonia.<\/span><\/p>\n<p><span class=\"arial12\">Se trata de un enclave aislado, donde la U. Cat\u00f3lica administra desde 2009 un terreno de 5.080 hect\u00e1reas que le otorg\u00f3 en concesi\u00f3n Bienes Nacionales para desarrollar un campo base para investigaciones. Ah\u00ed, desde 2013, hay varios proyectos en curso, tales como el monitoreo microbiol\u00f3gico de r\u00edos y fiordos para detectar contaminantes y metales; un registro de datos clim\u00e1ticos; la evaluaci\u00f3n de caudales en r\u00edos; estudios de ecolog\u00eda de suelos; catastros de flora y fauna, y el impacto de la introducci\u00f3n de especies, entre otros temas. Pero, adem\u00e1s, se investigan mecanismos de toma de decisiones sobre desarrollo territorial en zonas aisladas (proyecto Fondecyt) y c\u00f3mo se ha desarrollado la historia ambiental del valle.<\/span><\/p>\n<p><span class=\"arial12\">Los recibe un clima fr\u00edo, la mayor\u00eda de las veces inh\u00f3spito, porque llueven entre 3 mil y 4 mil mil\u00edmetros al a\u00f1o e incluso nieva, como ocurri\u00f3 este invierno, aunque a veces hay \u00abventanas de buen tiempo\u00bb que alivian el muestreo y la recolecci\u00f3n de datos desde sensores en r\u00edos y bosques.<\/span><\/p>\n<p><span class=\"arial12\">El director de la Estaci\u00f3n Patagonia UC, Alejandro Salazar, profesor del Instituto de Geograf\u00eda, quien lidera desde su inicio el proyecto nacido en esa unidad, cuenta que con el tiempo se sumaron acad\u00e9micos de Historia, Ciencias Biol\u00f3gicas, Agronom\u00eda y Arquitectura, pero adem\u00e1s pudieron atraer a investigadores del CNRS de Francia y otras instituciones nacionales, entre ellas la U. de Magallanes y la U. de Ays\u00e9n. M\u00e1s de un centenar de personas han pasado por aqu\u00ed: alumnos de pregrado y postgrado de investigaci\u00f3n, entre ellos varios extranjeros que realizan postdoctorados en Chile.<\/span><\/p>\n<p><span class=\"arial12\">La naturaleza concentr\u00f3 aqu\u00ed un pu\u00f1ado de bosques fr\u00e1giles, r\u00edos, lagos, glaciares y fiordos, que convergen en \u00abla zona de amortiguaci\u00f3n\u00bb del Parque Nacional Laguna San Rafael, que es reserva de la bi\u00f3sfera, lo que ha hecho crecer el inter\u00e9s por investigar en esta \u00e1rea poco intervenida. Tambi\u00e9n, porque la zona est\u00e1 experimentando r\u00e1pidamente cambios. Desde el a\u00f1o pasado hay un puente para veh\u00edculos livianos, que conect\u00f3 bah\u00eda Exploradores con el camino a Puerto R\u00edo Tranquilo, un caser\u00edo de unos 400 habitantes junto al Lago General Carrera, donde pasan cada a\u00f1o unos 20 mil visitantes, lo que puede aumentar. Esto implicar\u00e1 sumar nuevos impactos de la actividad humana a los ya existentes, como las concesiones acu\u00edcolas a la industria salmonera en los fiordos.<\/span><\/p>\n<p><span class=\"arial12\">Por eso, un gran desaf\u00edo ser\u00e1 monitorear en el largo plazo las modificaciones en el ambiente, explican. En ese marco, en enero de 2018, la rector\u00eda de la UC suscribir\u00e1 un convenio con el Instituto Nacional de Ecolog\u00eda y Medio Ambiente del CNRS, y as\u00ed la Estaci\u00f3n Patagonia se sumar\u00e1 a la red mundial del Observatorio del Hombre Medio LabEx DRIIHM (sigla que alude a un dispositivo de investigaci\u00f3n interdisciplinaria sobre las interacciones humano-ambientales).<\/span><\/p>\n<p><span class=\"arial12\">Didier Galop, del CNRS, quien participa de esta red que hoy tiene nexos en once lugares del planeta, opina que el valle de Exploradores en Ays\u00e9n \u00abes un observatorio muy interesante para estudiar las interacciones del hombre y el medio, porque esta era un \u00e1rea muy protegida hace cuarenta a\u00f1os, con muy poca gente y una naturaleza salvaje, virgen (&#8230;) y va a cambiar mucho\u00bb.<\/span><\/p>\n<p><span class=\"arial12\">Existen observatorios OHM en varios sitios del mundo donde se estudian impactos de la actividad industrial, urbana, minera, portuaria sobre el ambiente y los ecosistemas, entre otros. Est\u00e1n en Francia (Provence, costa Mediterr\u00e1nea, en Bas Rhin en la frontera con Alemania, en el valle del Rhone, en Haut Vicdessos, Pirineos), en Oyapock (Guyana Francesa) en un r\u00edo fronterizo con Brasil; en Estarreja (Portugal), en Canad\u00e1; en Pima County en Tucson (Estados Unidos); y en Guadalupe, en las Antillas en el Caribe.<\/span><\/p>\n<p><span class=\"arial12\">A futuro, remarca Salazar, el plan es que los datos que se han recolectado en los \u00faltimos a\u00f1os en Bah\u00eda Exploradores queden disponibles en esta red global y en otras de monitoreo ambiental . Adem\u00e1s, se podr\u00e1 realizar un concurso abierto con fondos para que investigadores de Chile y de otros pa\u00edses vengan a realizar sus proyectos en esta zona.<\/span><\/p>\n<p><span class=\"arial12\">Avanzan obras de refugio sustentable<\/span><\/p>\n<p><span class=\"arial12\">Hace unos cuatro meses comenzaron las obras de un peque\u00f1o albergue sustentable para alojar a unos diez investigadores, el que se sumar\u00e1 a la plataforma con dos domos en que la Estaci\u00f3n Patagonia ha estado operando. Adem\u00e1s, con maestros de la zona se construy\u00f3 una pasarela para sortear los mallines y llegar a uno de los pocos lugares planos, donde alguna vez vivi\u00f3 un antiguo colono, lo que hubo que rastrear con lugare\u00f1os.<\/span><\/p>\n<p><span class=\"arial12\">Francisco Chateau, acad\u00e9mico de Arquitectura, dirige ahora la construcci\u00f3n de un sencillo refugio. Trabajan nueve personas, lo que incluye expertos en energ\u00eda solar y en sistemas de agua. Los arquitectos Felipe Elton y Germ\u00e1n Guzm\u00e1n \u00abcubicaron\u00bb los materiales, que llegan en decenas de viajes en botes. Traer\u00e1n el techo en enero. \u00abLo m\u00e1s complicado de esta obra es estar tan lejos. Lo que no trajiste no lo tienes no m\u00e1s\u00bb, comenta, y a\u00f1ade que las lluvias interrumpen las faenas muy a menudo.<\/span><\/p>\n<p><span class=\"arial12\">La directora de investigaci\u00f3n de la UC, Mar\u00eda Elena Boisier, quien vino por primera vez a la Estaci\u00f3n Patagonia, se\u00f1ala: \u00abEs interesante ver en terreno la interdisciplina y c\u00f3mo se est\u00e1 cubriendo toda la cadena desde pregrado, que puede entusiasmar a los alumnos con la carrera de investigaci\u00f3n, hasta cient\u00edficos que se dedican full y llevan muchos a\u00f1os en esto, lo que permite crear lazos estrechos porque se trabaja en distintos ambientes, en botes, lo que saca de la interacci\u00f3n regular\u00bb.<\/span><\/p>\n<p><span class=\"arial12\">Coincide Alejandro Dussaillant, director de investigaci\u00f3n de la Universidad de Ays\u00e9n, cuyo plantel es ahora un aliado en la regi\u00f3n: \u00abAqu\u00ed aparece la investigaci\u00f3n como tiene que ser ahora, en que los problemas no pueden ser abordados por una sola disciplina, una sola instituci\u00f3n o una sola mirada\u00bb.<\/span><\/p>\n<p><span class=\"arial12\">\u00abSomos chicos: solo 14 acad\u00e9micos y seremos 20 en marzo, pero tenemos tres n\u00facleos de investigaci\u00f3n y buscamos socios nacionales e internacionales\u00bb, dice. Ya tienen un logro: la U. de Ays\u00e9n gan\u00f3 su primer Fondequip (fondo de equipamiento) con un dron multiespectral, que llegar\u00e1 en abril para el monitoreo de recursos naturales, el que se usar\u00e1 en la Estaci\u00f3n Patagonia UC que integra el proyecto, junto a otras instituciones.<\/span><\/p>\n<p><span class=\"arial12\"><b>En 1932, el explorador Augusto Grosse naveg\u00f3 por el r\u00edo Exploradores. Se adentr\u00f3 en el valle, por encargo de Vialidad, para trazar un camino hacia la costa. Esa ruta se termin\u00f3 en 2010, pero faltaba un puente que se levant\u00f3 el a\u00f1o pasado. Los turistas han ido en aumento, lo que generar\u00e1 cambios en la zona.<\/b><\/span><\/p>\n<p>Fuente:\u00a0http:\/\/www.economiaynegocios.cl\/noticias\/noticias.asp?id=424637<b><\/b><\/p>\n","protected":false},"excerpt":{"rendered":"<p>AYS\u00c9N.- En enero de 2018, este lugar se sumar\u00e1 a los once observatorios de la interacci\u00f3n humana y su impacto [&hellip;]<\/p>\n","protected":false},"author":2,"featured_media":0,"comment_status":"open","ping_status":"open","sticky":false,"template":"","format":"standard","meta":{"site-sidebar-layout":"default","site-content-layout":"","ast-site-content-layout":"default","site-content-style":"default","site-sidebar-style":"default","ast-global-header-display":"","ast-banner-title-visibility":"","ast-main-header-display":"","ast-hfb-above-header-display":"","ast-hfb-below-header-display":"","ast-hfb-mobile-header-display":"","site-post-title":"","ast-breadcrumbs-content":"","ast-featured-img":"","footer-sml-layout":"","ast-disable-related-posts":"","theme-transparent-header-meta":"","adv-header-id-meta":"","stick-header-meta":"","header-above-stick-meta":"","header-main-stick-meta":"","header-below-stick-meta":"","astra-migrate-meta-layouts":"default","ast-page-background-enabled":"default","ast-page-background-meta":{"desktop":{"background-color":"var(--ast-global-color-5)","background-image":"","background-repeat":"repeat","background-position":"center center","background-size":"auto","background-attachment":"scroll","background-type":"","background-media":"","overlay-type":"","overlay-color":"","overlay-opacity":"","overlay-gradient":""},"tablet":{"background-color":"","background-image":"","background-repeat":"repeat","background-position":"center center","background-size":"auto","background-attachment":"scroll","background-type":"","background-media":"","overlay-type":"","overlay-color":"","overlay-opacity":"","overlay-gradient":""},"mobile":{"background-color":"","background-image":"","background-repeat":"repeat","background-position":"center center","background-size":"auto","background-attachment":"scroll","background-type":"","background-media":"","overlay-type":"","overlay-color":"","overlay-opacity":"","overlay-gradient":""}},"ast-content-background-meta":{"desktop":{"background-color":"var(--ast-global-color-4)","background-image":"","background-repeat":"repeat","background-position":"center center","background-size":"auto","background-attachment":"scroll","background-type":"","background-media":"","overlay-type":"","overlay-color":"","overlay-opacity":"","overlay-gradient":""},"tablet":{"background-color":"var(--ast-global-color-4)","background-image":"","background-repeat":"repeat","background-position":"center center","background-size":"auto","background-attachment":"scroll","background-type":"","background-media":"","overlay-type":"","overlay-color":"","overlay-opacity":"","overlay-gradient":""},"mobile":{"background-color":"var(--ast-global-color-4)","background-image":"","background-repeat":"repeat","background-position":"center center","background-size":"auto","background-attachment":"scroll","background-type":"","background-media":"","overlay-type":"","overlay-color":"","overlay-opacity":"","overlay-gradient":""}},"footnotes":""},"categories":[23,1],"tags":[],"class_list":["post-39646","post","type-post","status-publish","format-standard","hentry","category-internacionales","category-noticias"],"yoast_head":"<!-- This site is optimized with the Yoast SEO Premium plugin v23.0 (Yoast SEO v27.4) - https:\/\/yoast.com\/product\/yoast-seo-premium-wordpress\/ -->\n<title>Bah\u00eda Exploradores, en Ays\u00e9n, se une a red global que estudia cambios en el medio ambiente<\/title>\n<meta name=\"robots\" content=\"index, follow, max-snippet:-1, max-image-preview:large, max-video-preview:-1\" \/>\n<link rel=\"canonical\" href=\"https:\/\/patagoniambiental.com.ar\/info\/bahia-exploradores-en-aysen-se-une-a-red-global-que-estudia-cambios-en-el-medio-ambiente\/\" \/>\n<meta property=\"og:locale\" content=\"es_ES\" \/>\n<meta property=\"og:type\" content=\"article\" \/>\n<meta property=\"og:title\" content=\"Bah\u00eda Exploradores, en Ays\u00e9n, se une a red global que estudia cambios en el medio ambiente\" \/>\n<meta property=\"og:description\" content=\"AYS\u00c9N.- En enero de 2018, este lugar se sumar\u00e1 a los once observatorios de la interacci\u00f3n humana y su impacto [&hellip;]\" \/>\n<meta property=\"og:url\" content=\"https:\/\/patagoniambiental.com.ar\/info\/bahia-exploradores-en-aysen-se-une-a-red-global-que-estudia-cambios-en-el-medio-ambiente\/\" \/>\n<meta property=\"og:site_name\" content=\"Patagonia Ambiental\" \/>\n<meta property=\"article:publisher\" content=\"https:\/\/www.facebook.com\/patagonia.ambiental\" \/>\n<meta property=\"article:author\" content=\"https:\/\/www.facebook.com\/share\/1C1V8Gv9BX\/?mibextid=qi2Omg\" \/>\n<meta property=\"article:published_time\" content=\"2017-12-12T12:00:30+00:00\" \/>\n<meta name=\"author\" content=\"Patagonia Ambiental\" \/>\n<meta name=\"twitter:card\" content=\"summary_large_image\" \/>\n<meta name=\"twitter:creator\" content=\"@PatAmb\" \/>\n<meta name=\"twitter:site\" content=\"@PatAmb\" \/>\n<script type=\"application\/ld+json\" class=\"yoast-schema-graph\">{\"@context\":\"https:\\\/\\\/schema.org\",\"@graph\":[{\"@type\":\"Article\",\"@id\":\"https:\\\/\\\/patagoniambiental.com.ar\\\/info\\\/bahia-exploradores-en-aysen-se-une-a-red-global-que-estudia-cambios-en-el-medio-ambiente\\\/#article\",\"isPartOf\":{\"@id\":\"https:\\\/\\\/patagoniambiental.com.ar\\\/info\\\/bahia-exploradores-en-aysen-se-une-a-red-global-que-estudia-cambios-en-el-medio-ambiente\\\/\"},\"author\":{\"name\":\"Patagonia Ambiental\",\"@id\":\"https:\\\/\\\/patagoniambiental.com.ar\\\/info\\\/#\\\/schema\\\/person\\\/db12bff64bbcbf6a253710bf0ea37b5d\"},\"headline\":\"Bah\u00eda Exploradores, en Ays\u00e9n, se une a red global que estudia cambios en el medio ambiente\",\"datePublished\":\"2017-12-12T12:00:30+00:00\",\"mainEntityOfPage\":{\"@id\":\"https:\\\/\\\/patagoniambiental.com.ar\\\/info\\\/bahia-exploradores-en-aysen-se-une-a-red-global-que-estudia-cambios-en-el-medio-ambiente\\\/\"},\"wordCount\":1514,\"commentCount\":0,\"publisher\":{\"@id\":\"https:\\\/\\\/patagoniambiental.com.ar\\\/info\\\/#organization\"},\"articleSection\":[\"Internacionales\",\"Noticias\"],\"inLanguage\":\"es\",\"potentialAction\":[{\"@type\":\"CommentAction\",\"name\":\"Comment\",\"target\":[\"https:\\\/\\\/patagoniambiental.com.ar\\\/info\\\/bahia-exploradores-en-aysen-se-une-a-red-global-que-estudia-cambios-en-el-medio-ambiente\\\/#respond\"]}]},{\"@type\":\"WebPage\",\"@id\":\"https:\\\/\\\/patagoniambiental.com.ar\\\/info\\\/bahia-exploradores-en-aysen-se-une-a-red-global-que-estudia-cambios-en-el-medio-ambiente\\\/\",\"url\":\"https:\\\/\\\/patagoniambiental.com.ar\\\/info\\\/bahia-exploradores-en-aysen-se-une-a-red-global-que-estudia-cambios-en-el-medio-ambiente\\\/\",\"name\":\"Bah\u00eda Exploradores, en Ays\u00e9n, se une a red global que estudia cambios en el medio ambiente\",\"isPartOf\":{\"@id\":\"https:\\\/\\\/patagoniambiental.com.ar\\\/info\\\/#website\"},\"datePublished\":\"2017-12-12T12:00:30+00:00\",\"breadcrumb\":{\"@id\":\"https:\\\/\\\/patagoniambiental.com.ar\\\/info\\\/bahia-exploradores-en-aysen-se-une-a-red-global-que-estudia-cambios-en-el-medio-ambiente\\\/#breadcrumb\"},\"inLanguage\":\"es\",\"potentialAction\":[{\"@type\":\"ReadAction\",\"target\":[\"https:\\\/\\\/patagoniambiental.com.ar\\\/info\\\/bahia-exploradores-en-aysen-se-une-a-red-global-que-estudia-cambios-en-el-medio-ambiente\\\/\"]}]},{\"@type\":\"BreadcrumbList\",\"@id\":\"https:\\\/\\\/patagoniambiental.com.ar\\\/info\\\/bahia-exploradores-en-aysen-se-une-a-red-global-que-estudia-cambios-en-el-medio-ambiente\\\/#breadcrumb\",\"itemListElement\":[{\"@type\":\"ListItem\",\"position\":1,\"name\":\"Inicio\",\"item\":\"https:\\\/\\\/patagoniambiental.com.ar\\\/info\\\/\"},{\"@type\":\"ListItem\",\"position\":2,\"name\":\"Bah\u00eda Exploradores, en Ays\u00e9n, se une a red global que estudia cambios en el medio ambiente\"}]},{\"@type\":\"WebSite\",\"@id\":\"https:\\\/\\\/patagoniambiental.com.ar\\\/info\\\/#website\",\"url\":\"https:\\\/\\\/patagoniambiental.com.ar\\\/info\\\/\",\"name\":\"Patagonia Ambiental\",\"description\":\"Monitoreo y an\u00e1lisis de la situaci\u00f3n geopol\u00edtica en el mundo y su implicancia en la Patagonia\",\"publisher\":{\"@id\":\"https:\\\/\\\/patagoniambiental.com.ar\\\/info\\\/#organization\"},\"potentialAction\":[{\"@type\":\"SearchAction\",\"target\":{\"@type\":\"EntryPoint\",\"urlTemplate\":\"https:\\\/\\\/patagoniambiental.com.ar\\\/info\\\/?s={search_term_string}\"},\"query-input\":{\"@type\":\"PropertyValueSpecification\",\"valueRequired\":true,\"valueName\":\"search_term_string\"}}],\"inLanguage\":\"es\"},{\"@type\":\"Organization\",\"@id\":\"https:\\\/\\\/patagoniambiental.com.ar\\\/info\\\/#organization\",\"name\":\"Patagonia Ambiental\",\"url\":\"https:\\\/\\\/patagoniambiental.com.ar\\\/info\\\/\",\"logo\":{\"@type\":\"ImageObject\",\"inLanguage\":\"es\",\"@id\":\"https:\\\/\\\/patagoniambiental.com.ar\\\/info\\\/#\\\/schema\\\/logo\\\/image\\\/\",\"url\":\"https:\\\/\\\/patagoniambiental.com.ar\\\/info\\\/wp-content\\\/uploads\\\/2025\\\/05\\\/LOGO-PATAGONIA-AMBIENTAL.png\",\"contentUrl\":\"https:\\\/\\\/patagoniambiental.com.ar\\\/info\\\/wp-content\\\/uploads\\\/2025\\\/05\\\/LOGO-PATAGONIA-AMBIENTAL.png\",\"width\":433,\"height\":250,\"caption\":\"Patagonia Ambiental\"},\"image\":{\"@id\":\"https:\\\/\\\/patagoniambiental.com.ar\\\/info\\\/#\\\/schema\\\/logo\\\/image\\\/\"},\"sameAs\":[\"https:\\\/\\\/www.facebook.com\\\/patagonia.ambiental\",\"https:\\\/\\\/x.com\\\/PatAmb\"]},{\"@type\":\"Person\",\"@id\":\"https:\\\/\\\/patagoniambiental.com.ar\\\/info\\\/#\\\/schema\\\/person\\\/db12bff64bbcbf6a253710bf0ea37b5d\",\"name\":\"Patagonia Ambiental\",\"description\":\"Andr\u00e9s Nievas T\u00e9cnico en manejo ambiental, consultor Ambiental y escritor para medios locales e internacionales sobre temas de geopolitica y medio ambiente.\",\"sameAs\":[\"http:\\\/\\\/www.patagoniambiental.com.ar\",\"https:\\\/\\\/www.facebook.com\\\/share\\\/1C1V8Gv9BX\\\/?mibextid=qi2Omg\",\"@patagoniambiental\",\"https:\\\/\\\/youtube.com\\\/@patagoniaambiental2023?si=BLt58t0wuXquxlYZ\"]}]}<\/script>\n<!-- \/ Yoast SEO Premium plugin. -->","yoast_head_json":{"title":"Bah\u00eda Exploradores, en Ays\u00e9n, se une a red global que estudia cambios en el medio ambiente","robots":{"index":"index","follow":"follow","max-snippet":"max-snippet:-1","max-image-preview":"max-image-preview:large","max-video-preview":"max-video-preview:-1"},"canonical":"https:\/\/patagoniambiental.com.ar\/info\/bahia-exploradores-en-aysen-se-une-a-red-global-que-estudia-cambios-en-el-medio-ambiente\/","og_locale":"es_ES","og_type":"article","og_title":"Bah\u00eda Exploradores, en Ays\u00e9n, se une a red global que estudia cambios en el medio ambiente","og_description":"AYS\u00c9N.- En enero de 2018, este lugar se sumar\u00e1 a los once observatorios de la interacci\u00f3n humana y su impacto [&hellip;]","og_url":"https:\/\/patagoniambiental.com.ar\/info\/bahia-exploradores-en-aysen-se-une-a-red-global-que-estudia-cambios-en-el-medio-ambiente\/","og_site_name":"Patagonia Ambiental","article_publisher":"https:\/\/www.facebook.com\/patagonia.ambiental","article_author":"https:\/\/www.facebook.com\/share\/1C1V8Gv9BX\/?mibextid=qi2Omg","article_published_time":"2017-12-12T12:00:30+00:00","author":"Patagonia Ambiental","twitter_card":"summary_large_image","twitter_creator":"@PatAmb","twitter_site":"@PatAmb","schema":{"@context":"https:\/\/schema.org","@graph":[{"@type":"Article","@id":"https:\/\/patagoniambiental.com.ar\/info\/bahia-exploradores-en-aysen-se-une-a-red-global-que-estudia-cambios-en-el-medio-ambiente\/#article","isPartOf":{"@id":"https:\/\/patagoniambiental.com.ar\/info\/bahia-exploradores-en-aysen-se-une-a-red-global-que-estudia-cambios-en-el-medio-ambiente\/"},"author":{"name":"Patagonia Ambiental","@id":"https:\/\/patagoniambiental.com.ar\/info\/#\/schema\/person\/db12bff64bbcbf6a253710bf0ea37b5d"},"headline":"Bah\u00eda Exploradores, en Ays\u00e9n, se une a red global que estudia cambios en el medio ambiente","datePublished":"2017-12-12T12:00:30+00:00","mainEntityOfPage":{"@id":"https:\/\/patagoniambiental.com.ar\/info\/bahia-exploradores-en-aysen-se-une-a-red-global-que-estudia-cambios-en-el-medio-ambiente\/"},"wordCount":1514,"commentCount":0,"publisher":{"@id":"https:\/\/patagoniambiental.com.ar\/info\/#organization"},"articleSection":["Internacionales","Noticias"],"inLanguage":"es","potentialAction":[{"@type":"CommentAction","name":"Comment","target":["https:\/\/patagoniambiental.com.ar\/info\/bahia-exploradores-en-aysen-se-une-a-red-global-que-estudia-cambios-en-el-medio-ambiente\/#respond"]}]},{"@type":"WebPage","@id":"https:\/\/patagoniambiental.com.ar\/info\/bahia-exploradores-en-aysen-se-une-a-red-global-que-estudia-cambios-en-el-medio-ambiente\/","url":"https:\/\/patagoniambiental.com.ar\/info\/bahia-exploradores-en-aysen-se-une-a-red-global-que-estudia-cambios-en-el-medio-ambiente\/","name":"Bah\u00eda Exploradores, en Ays\u00e9n, se une a red global que estudia cambios en el medio ambiente","isPartOf":{"@id":"https:\/\/patagoniambiental.com.ar\/info\/#website"},"datePublished":"2017-12-12T12:00:30+00:00","breadcrumb":{"@id":"https:\/\/patagoniambiental.com.ar\/info\/bahia-exploradores-en-aysen-se-une-a-red-global-que-estudia-cambios-en-el-medio-ambiente\/#breadcrumb"},"inLanguage":"es","potentialAction":[{"@type":"ReadAction","target":["https:\/\/patagoniambiental.com.ar\/info\/bahia-exploradores-en-aysen-se-une-a-red-global-que-estudia-cambios-en-el-medio-ambiente\/"]}]},{"@type":"BreadcrumbList","@id":"https:\/\/patagoniambiental.com.ar\/info\/bahia-exploradores-en-aysen-se-une-a-red-global-que-estudia-cambios-en-el-medio-ambiente\/#breadcrumb","itemListElement":[{"@type":"ListItem","position":1,"name":"Inicio","item":"https:\/\/patagoniambiental.com.ar\/info\/"},{"@type":"ListItem","position":2,"name":"Bah\u00eda Exploradores, en Ays\u00e9n, se une a red global que estudia cambios en el medio ambiente"}]},{"@type":"WebSite","@id":"https:\/\/patagoniambiental.com.ar\/info\/#website","url":"https:\/\/patagoniambiental.com.ar\/info\/","name":"Patagonia Ambiental","description":"Monitoreo y an\u00e1lisis de la situaci\u00f3n geopol\u00edtica en el mundo y su implicancia en la Patagonia","publisher":{"@id":"https:\/\/patagoniambiental.com.ar\/info\/#organization"},"potentialAction":[{"@type":"SearchAction","target":{"@type":"EntryPoint","urlTemplate":"https:\/\/patagoniambiental.com.ar\/info\/?s={search_term_string}"},"query-input":{"@type":"PropertyValueSpecification","valueRequired":true,"valueName":"search_term_string"}}],"inLanguage":"es"},{"@type":"Organization","@id":"https:\/\/patagoniambiental.com.ar\/info\/#organization","name":"Patagonia Ambiental","url":"https:\/\/patagoniambiental.com.ar\/info\/","logo":{"@type":"ImageObject","inLanguage":"es","@id":"https:\/\/patagoniambiental.com.ar\/info\/#\/schema\/logo\/image\/","url":"https:\/\/patagoniambiental.com.ar\/info\/wp-content\/uploads\/2025\/05\/LOGO-PATAGONIA-AMBIENTAL.png","contentUrl":"https:\/\/patagoniambiental.com.ar\/info\/wp-content\/uploads\/2025\/05\/LOGO-PATAGONIA-AMBIENTAL.png","width":433,"height":250,"caption":"Patagonia Ambiental"},"image":{"@id":"https:\/\/patagoniambiental.com.ar\/info\/#\/schema\/logo\/image\/"},"sameAs":["https:\/\/www.facebook.com\/patagonia.ambiental","https:\/\/x.com\/PatAmb"]},{"@type":"Person","@id":"https:\/\/patagoniambiental.com.ar\/info\/#\/schema\/person\/db12bff64bbcbf6a253710bf0ea37b5d","name":"Patagonia Ambiental","description":"Andr\u00e9s Nievas T\u00e9cnico en manejo ambiental, consultor Ambiental y escritor para medios locales e internacionales sobre temas de geopolitica y medio ambiente.","sameAs":["http:\/\/www.patagoniambiental.com.ar","https:\/\/www.facebook.com\/share\/1C1V8Gv9BX\/?mibextid=qi2Omg","@patagoniambiental","https:\/\/youtube.com\/@patagoniaambiental2023?si=BLt58t0wuXquxlYZ"]}]}},"_links":{"self":[{"href":"https:\/\/patagoniambiental.com.ar\/info\/wp-json\/wp\/v2\/posts\/39646","targetHints":{"allow":["GET"]}}],"collection":[{"href":"https:\/\/patagoniambiental.com.ar\/info\/wp-json\/wp\/v2\/posts"}],"about":[{"href":"https:\/\/patagoniambiental.com.ar\/info\/wp-json\/wp\/v2\/types\/post"}],"author":[{"embeddable":true,"href":"https:\/\/patagoniambiental.com.ar\/info\/wp-json\/wp\/v2\/users\/2"}],"replies":[{"embeddable":true,"href":"https:\/\/patagoniambiental.com.ar\/info\/wp-json\/wp\/v2\/comments?post=39646"}],"version-history":[{"count":0,"href":"https:\/\/patagoniambiental.com.ar\/info\/wp-json\/wp\/v2\/posts\/39646\/revisions"}],"wp:attachment":[{"href":"https:\/\/patagoniambiental.com.ar\/info\/wp-json\/wp\/v2\/media?parent=39646"}],"wp:term":[{"taxonomy":"category","embeddable":true,"href":"https:\/\/patagoniambiental.com.ar\/info\/wp-json\/wp\/v2\/categories?post=39646"},{"taxonomy":"post_tag","embeddable":true,"href":"https:\/\/patagoniambiental.com.ar\/info\/wp-json\/wp\/v2\/tags?post=39646"}],"curies":[{"name":"wp","href":"https:\/\/api.w.org\/{rel}","templated":true}]}}