{"id":39656,"date":"2017-12-12T19:00:20","date_gmt":"2017-12-12T22:00:20","guid":{"rendered":"http:\/\/patagoniambiental.com.ar\/info\/?p=39656"},"modified":"2017-12-12T10:14:08","modified_gmt":"2017-12-12T13:14:08","slug":"ciencia-y-tecnologia-se-instala-una-caldera-que-usara-residuos-forestales-para-generar-energia","status":"publish","type":"post","link":"https:\/\/patagoniambiental.com.ar\/info\/ciencia-y-tecnologia-se-instala-una-caldera-que-usara-residuos-forestales-para-generar-energia\/","title":{"rendered":"Ciencia y Tecnolog\u00eda Se instala una caldera que usar\u00e1 residuos forestales para generar energ\u00eda"},"content":{"rendered":"<div align=\"justify\"><span style=\"font-family: asap, sans-serif; font-size: large;\"><i>Bariloche.-El pr\u00f3ximo viernes quedar\u00e1 formalmente inaugurada la caldera bioenerg\u00e9tica que permite la utilizaci\u00f3n de la biomasa con fines energ\u00e9ticos.<\/i><\/span><\/div>\n<p><!--more--><\/p>\n<div align=\"justify\"><span style=\"font-family: asap, sans-serif; font-size: large;\">\u00a0<\/span><\/div>\n<div align=\"justify\"><span style=\"font-family: asap, sans-serif; font-size: large;\">Se trata de un proyecto que transforma la biomasa forestal, o residuo, en energ\u00eda el\u00e9ctrica y t\u00e9rmica. La caldera dise\u00f1ada es alimentada por chips de residuos forestales o madera, generando energ\u00eda que puede utilizarse para calentar agua destinada a calefacci\u00f3n por radiadores y para agua sanitaria que trabaja con termotanque.<\/span><\/div>\n<div align=\"justify\"><span style=\"font-family: asap, sans-serif; font-size: large;\">Desde sus inicios, el proyecto generado por el Centro de Investigaci\u00f3n y Extensi\u00f3n Forestal Andino Patag\u00f3nico (CIEFAP), obtuvo un fuerte apoyo del Estado provincial, a trav\u00e9s de su Secretar\u00eda de Ciencia, Tecnolog\u00eda y Desarrollo para la Producci\u00f3n, en primera medida por ofrecerse como sede de los ensayos y pruebas tecnol\u00f3gicas para su implementaci\u00f3n, luego por la contrataci\u00f3n de una pyme tecnol\u00f3gica barilochense para la realizaci\u00f3n del dise\u00f1o de la caldera y su posterior compra.<\/span><\/div>\n<div align=\"justify\"><span style=\"font-family: asap, sans-serif; font-size: large;\">Es un proyecto tecnol\u00f3gico con un importante impacto social el cual brindar\u00e1 soluciones a problem\u00e1ticas concretas como la falta de energ\u00eda a trav\u00e9s del uso de residuos forestales que hoy se queman a cielo abierto y producen riesgo de incendios.<\/span><\/div>\n<div align=\"justify\"><span style=\"font-family: asap, sans-serif; font-size: large;\">La instalaci\u00f3n de la caldera se realizar\u00e1 en la delegaci\u00f3n del CIEFAP en Bariloche y ser\u00e1, en el marco de la prueba piloto, el primer edificio dentro de la provincia en calefaccionar sus 300 metros cuadrados y brindar agua sanitaria a trav\u00e9s de los chips de madera consumidos por la caldera.<\/span><\/div>\n<div align=\"justify\"><span style=\"font-family: asap, sans-serif; font-size: large;\">El objetivo, luego de superadas las pruebas, es ampliar el alcance de aplicaci\u00f3n de las calderas, promover una trama productiva de generaci\u00f3n de chips de maderas y poner en valor el uso de la tecnolog\u00eda y la log\u00edstica a trav\u00e9s del trabajo conjunto del Estado con el sector privado.<\/span><\/div>\n<div align=\"justify\"><span style=\"font-family: asap, sans-serif; font-size: large;\">Cabe destacar que la provincia de R\u00edo Negro es integrante por Ley del Consejo Directivo del CIEFAP, consejo que en el a\u00f1o 2014 defini\u00f3 una serie de proyectos los cuales deber\u00edan tener un impacto social y brindar soluciones a la falta de energ\u00eda, las deficiencias en la aislaci\u00f3n de los sistemas constructivos para aislante, las tecnolog\u00edas asociadas al monitoreo de incendios forestales, el turismo, entre otras.<\/span><\/div>\n<p><span style=\"font-family: asap;\"><b>Fuente: GOBIERNO DE R\u00cdO NEGRO<\/b><\/span><span style=\"font-family: asap;\"><br \/>\nSecretar\u00eda de Medios<\/span><\/p>\n","protected":false},"excerpt":{"rendered":"<p>Bariloche.-El pr\u00f3ximo viernes quedar\u00e1 formalmente inaugurada la caldera bioenerg\u00e9tica que permite la utilizaci\u00f3n de la biomasa con fines energ\u00e9ticos.<\/p>\n","protected":false},"author":2,"featured_media":0,"comment_status":"open","ping_status":"open","sticky":false,"template":"","format":"standard","meta":{"site-sidebar-layout":"default","site-content-layout":"","ast-site-content-layout":"default","site-content-style":"default","site-sidebar-style":"default","ast-global-header-display":"","ast-banner-title-visibility":"","ast-main-header-display":"","ast-hfb-above-header-display":"","ast-hfb-below-header-display":"","ast-hfb-mobile-header-display":"","site-post-title":"","ast-breadcrumbs-content":"","ast-featured-img":"","footer-sml-layout":"","ast-disable-related-posts":"","theme-transparent-header-meta":"","adv-header-id-meta":"","stick-header-meta":"","header-above-stick-meta":"","header-main-stick-meta":"","header-below-stick-meta":"","astra-migrate-meta-layouts":"default","ast-page-background-enabled":"default","ast-page-background-meta":{"desktop":{"background-color":"var(--ast-global-color-5)","background-image":"","background-repeat":"repeat","background-position":"center center","background-size":"auto","background-attachment":"scroll","background-type":"","background-media":"","overlay-type":"","overlay-color":"","overlay-opacity":"","overlay-gradient":""},"tablet":{"background-color":"","background-image":"","background-repeat":"repeat","background-position":"center center","background-size":"auto","background-attachment":"scroll","background-type":"","background-media":"","overlay-type":"","overlay-color":"","overlay-opacity":"","overlay-gradient":""},"mobile":{"background-color":"","background-image":"","background-repeat":"repeat","background-position":"center center","background-size":"auto","background-attachment":"scroll","background-type":"","background-media":"","overlay-type":"","overlay-color":"","overlay-opacity":"","overlay-gradient":""}},"ast-content-background-meta":{"desktop":{"background-color":"var(--ast-global-color-4)","background-image":"","background-repeat":"repeat","background-position":"center center","background-size":"auto","background-attachment":"scroll","background-type":"","background-media":"","overlay-type":"","overlay-color":"","overlay-opacity":"","overlay-gradient":""},"tablet":{"background-color":"var(--ast-global-color-4)","background-image":"","background-repeat":"repeat","background-position":"center center","background-size":"auto","background-attachment":"scroll","background-type":"","background-media":"","overlay-type":"","overlay-color":"","overlay-opacity":"","overlay-gradient":""},"mobile":{"background-color":"var(--ast-global-color-4)","background-image":"","background-repeat":"repeat","background-position":"center center","background-size":"auto","background-attachment":"scroll","background-type":"","background-media":"","overlay-type":"","overlay-color":"","overlay-opacity":"","overlay-gradient":""}},"footnotes":""},"categories":[1,13,14],"tags":[],"class_list":["post-39656","post","type-post","status-publish","format-standard","hentry","category-noticias","category-provinciales","category-rio-negro"],"yoast_head":"<!-- This site is optimized with the Yoast SEO Premium plugin v23.0 (Yoast SEO v27.4) - https:\/\/yoast.com\/product\/yoast-seo-premium-wordpress\/ -->\n<title>Ciencia y Tecnolog\u00eda Se instala una caldera que usar\u00e1 residuos forestales para generar energ\u00eda<\/title>\n<meta name=\"robots\" content=\"index, follow, max-snippet:-1, max-image-preview:large, max-video-preview:-1\" \/>\n<link rel=\"canonical\" href=\"https:\/\/patagoniambiental.com.ar\/info\/ciencia-y-tecnologia-se-instala-una-caldera-que-usara-residuos-forestales-para-generar-energia\/\" \/>\n<meta property=\"og:locale\" content=\"es_ES\" \/>\n<meta property=\"og:type\" content=\"article\" \/>\n<meta property=\"og:title\" content=\"Ciencia y Tecnolog\u00eda Se instala una caldera que usar\u00e1 residuos forestales para generar energ\u00eda\" \/>\n<meta property=\"og:description\" content=\"Bariloche.-El pr\u00f3ximo viernes quedar\u00e1 formalmente inaugurada la caldera bioenerg\u00e9tica que permite la utilizaci\u00f3n de la biomasa con fines energ\u00e9ticos.\" \/>\n<meta property=\"og:url\" content=\"https:\/\/patagoniambiental.com.ar\/info\/ciencia-y-tecnologia-se-instala-una-caldera-que-usara-residuos-forestales-para-generar-energia\/\" \/>\n<meta property=\"og:site_name\" content=\"Patagonia Ambiental\" \/>\n<meta property=\"article:publisher\" content=\"https:\/\/www.facebook.com\/patagonia.ambiental\" \/>\n<meta property=\"article:author\" content=\"https:\/\/www.facebook.com\/share\/1C1V8Gv9BX\/?mibextid=qi2Omg\" \/>\n<meta property=\"article:published_time\" content=\"2017-12-12T22:00:20+00:00\" \/>\n<meta name=\"author\" content=\"Patagonia Ambiental\" \/>\n<meta name=\"twitter:card\" content=\"summary_large_image\" \/>\n<meta name=\"twitter:creator\" content=\"@PatAmb\" \/>\n<meta name=\"twitter:site\" content=\"@PatAmb\" \/>\n<script type=\"application\/ld+json\" class=\"yoast-schema-graph\">{\"@context\":\"https:\\\/\\\/schema.org\",\"@graph\":[{\"@type\":\"Article\",\"@id\":\"https:\\\/\\\/patagoniambiental.com.ar\\\/info\\\/ciencia-y-tecnologia-se-instala-una-caldera-que-usara-residuos-forestales-para-generar-energia\\\/#article\",\"isPartOf\":{\"@id\":\"https:\\\/\\\/patagoniambiental.com.ar\\\/info\\\/ciencia-y-tecnologia-se-instala-una-caldera-que-usara-residuos-forestales-para-generar-energia\\\/\"},\"author\":{\"name\":\"Patagonia Ambiental\",\"@id\":\"https:\\\/\\\/patagoniambiental.com.ar\\\/info\\\/#\\\/schema\\\/person\\\/db12bff64bbcbf6a253710bf0ea37b5d\"},\"headline\":\"Ciencia y Tecnolog\u00eda Se instala una caldera que usar\u00e1 residuos forestales para generar energ\u00eda\",\"datePublished\":\"2017-12-12T22:00:20+00:00\",\"mainEntityOfPage\":{\"@id\":\"https:\\\/\\\/patagoniambiental.com.ar\\\/info\\\/ciencia-y-tecnologia-se-instala-una-caldera-que-usara-residuos-forestales-para-generar-energia\\\/\"},\"wordCount\":415,\"commentCount\":0,\"publisher\":{\"@id\":\"https:\\\/\\\/patagoniambiental.com.ar\\\/info\\\/#organization\"},\"articleSection\":[\"Noticias\",\"Provinciales\",\"R\u00edo Negro\"],\"inLanguage\":\"es\",\"potentialAction\":[{\"@type\":\"CommentAction\",\"name\":\"Comment\",\"target\":[\"https:\\\/\\\/patagoniambiental.com.ar\\\/info\\\/ciencia-y-tecnologia-se-instala-una-caldera-que-usara-residuos-forestales-para-generar-energia\\\/#respond\"]}]},{\"@type\":\"WebPage\",\"@id\":\"https:\\\/\\\/patagoniambiental.com.ar\\\/info\\\/ciencia-y-tecnologia-se-instala-una-caldera-que-usara-residuos-forestales-para-generar-energia\\\/\",\"url\":\"https:\\\/\\\/patagoniambiental.com.ar\\\/info\\\/ciencia-y-tecnologia-se-instala-una-caldera-que-usara-residuos-forestales-para-generar-energia\\\/\",\"name\":\"Ciencia y Tecnolog\u00eda Se instala una caldera que usar\u00e1 residuos forestales para generar energ\u00eda\",\"isPartOf\":{\"@id\":\"https:\\\/\\\/patagoniambiental.com.ar\\\/info\\\/#website\"},\"datePublished\":\"2017-12-12T22:00:20+00:00\",\"breadcrumb\":{\"@id\":\"https:\\\/\\\/patagoniambiental.com.ar\\\/info\\\/ciencia-y-tecnologia-se-instala-una-caldera-que-usara-residuos-forestales-para-generar-energia\\\/#breadcrumb\"},\"inLanguage\":\"es\",\"potentialAction\":[{\"@type\":\"ReadAction\",\"target\":[\"https:\\\/\\\/patagoniambiental.com.ar\\\/info\\\/ciencia-y-tecnologia-se-instala-una-caldera-que-usara-residuos-forestales-para-generar-energia\\\/\"]}]},{\"@type\":\"BreadcrumbList\",\"@id\":\"https:\\\/\\\/patagoniambiental.com.ar\\\/info\\\/ciencia-y-tecnologia-se-instala-una-caldera-que-usara-residuos-forestales-para-generar-energia\\\/#breadcrumb\",\"itemListElement\":[{\"@type\":\"ListItem\",\"position\":1,\"name\":\"Inicio\",\"item\":\"https:\\\/\\\/patagoniambiental.com.ar\\\/info\\\/\"},{\"@type\":\"ListItem\",\"position\":2,\"name\":\"Ciencia y Tecnolog\u00eda Se instala una caldera que usar\u00e1 residuos forestales para generar energ\u00eda\"}]},{\"@type\":\"WebSite\",\"@id\":\"https:\\\/\\\/patagoniambiental.com.ar\\\/info\\\/#website\",\"url\":\"https:\\\/\\\/patagoniambiental.com.ar\\\/info\\\/\",\"name\":\"Patagonia Ambiental\",\"description\":\"Monitoreo y an\u00e1lisis de la situaci\u00f3n geopol\u00edtica en el mundo y su implicancia en la Patagonia\",\"publisher\":{\"@id\":\"https:\\\/\\\/patagoniambiental.com.ar\\\/info\\\/#organization\"},\"potentialAction\":[{\"@type\":\"SearchAction\",\"target\":{\"@type\":\"EntryPoint\",\"urlTemplate\":\"https:\\\/\\\/patagoniambiental.com.ar\\\/info\\\/?s={search_term_string}\"},\"query-input\":{\"@type\":\"PropertyValueSpecification\",\"valueRequired\":true,\"valueName\":\"search_term_string\"}}],\"inLanguage\":\"es\"},{\"@type\":\"Organization\",\"@id\":\"https:\\\/\\\/patagoniambiental.com.ar\\\/info\\\/#organization\",\"name\":\"Patagonia Ambiental\",\"url\":\"https:\\\/\\\/patagoniambiental.com.ar\\\/info\\\/\",\"logo\":{\"@type\":\"ImageObject\",\"inLanguage\":\"es\",\"@id\":\"https:\\\/\\\/patagoniambiental.com.ar\\\/info\\\/#\\\/schema\\\/logo\\\/image\\\/\",\"url\":\"https:\\\/\\\/patagoniambiental.com.ar\\\/info\\\/wp-content\\\/uploads\\\/2025\\\/05\\\/LOGO-PATAGONIA-AMBIENTAL.png\",\"contentUrl\":\"https:\\\/\\\/patagoniambiental.com.ar\\\/info\\\/wp-content\\\/uploads\\\/2025\\\/05\\\/LOGO-PATAGONIA-AMBIENTAL.png\",\"width\":433,\"height\":250,\"caption\":\"Patagonia Ambiental\"},\"image\":{\"@id\":\"https:\\\/\\\/patagoniambiental.com.ar\\\/info\\\/#\\\/schema\\\/logo\\\/image\\\/\"},\"sameAs\":[\"https:\\\/\\\/www.facebook.com\\\/patagonia.ambiental\",\"https:\\\/\\\/x.com\\\/PatAmb\"]},{\"@type\":\"Person\",\"@id\":\"https:\\\/\\\/patagoniambiental.com.ar\\\/info\\\/#\\\/schema\\\/person\\\/db12bff64bbcbf6a253710bf0ea37b5d\",\"name\":\"Patagonia Ambiental\",\"description\":\"Andr\u00e9s Nievas T\u00e9cnico en manejo ambiental, consultor Ambiental y escritor para medios locales e internacionales sobre temas de geopolitica y medio ambiente.\",\"sameAs\":[\"http:\\\/\\\/www.patagoniambiental.com.ar\",\"https:\\\/\\\/www.facebook.com\\\/share\\\/1C1V8Gv9BX\\\/?mibextid=qi2Omg\",\"@patagoniambiental\",\"https:\\\/\\\/youtube.com\\\/@patagoniaambiental2023?si=BLt58t0wuXquxlYZ\"]}]}<\/script>\n<!-- \/ Yoast SEO Premium plugin. -->","yoast_head_json":{"title":"Ciencia y Tecnolog\u00eda Se instala una caldera que usar\u00e1 residuos forestales para generar energ\u00eda","robots":{"index":"index","follow":"follow","max-snippet":"max-snippet:-1","max-image-preview":"max-image-preview:large","max-video-preview":"max-video-preview:-1"},"canonical":"https:\/\/patagoniambiental.com.ar\/info\/ciencia-y-tecnologia-se-instala-una-caldera-que-usara-residuos-forestales-para-generar-energia\/","og_locale":"es_ES","og_type":"article","og_title":"Ciencia y Tecnolog\u00eda Se instala una caldera que usar\u00e1 residuos forestales para generar energ\u00eda","og_description":"Bariloche.-El pr\u00f3ximo viernes quedar\u00e1 formalmente inaugurada la caldera bioenerg\u00e9tica que permite la utilizaci\u00f3n de la biomasa con fines energ\u00e9ticos.","og_url":"https:\/\/patagoniambiental.com.ar\/info\/ciencia-y-tecnologia-se-instala-una-caldera-que-usara-residuos-forestales-para-generar-energia\/","og_site_name":"Patagonia Ambiental","article_publisher":"https:\/\/www.facebook.com\/patagonia.ambiental","article_author":"https:\/\/www.facebook.com\/share\/1C1V8Gv9BX\/?mibextid=qi2Omg","article_published_time":"2017-12-12T22:00:20+00:00","author":"Patagonia Ambiental","twitter_card":"summary_large_image","twitter_creator":"@PatAmb","twitter_site":"@PatAmb","schema":{"@context":"https:\/\/schema.org","@graph":[{"@type":"Article","@id":"https:\/\/patagoniambiental.com.ar\/info\/ciencia-y-tecnologia-se-instala-una-caldera-que-usara-residuos-forestales-para-generar-energia\/#article","isPartOf":{"@id":"https:\/\/patagoniambiental.com.ar\/info\/ciencia-y-tecnologia-se-instala-una-caldera-que-usara-residuos-forestales-para-generar-energia\/"},"author":{"name":"Patagonia Ambiental","@id":"https:\/\/patagoniambiental.com.ar\/info\/#\/schema\/person\/db12bff64bbcbf6a253710bf0ea37b5d"},"headline":"Ciencia y Tecnolog\u00eda Se instala una caldera que usar\u00e1 residuos forestales para generar energ\u00eda","datePublished":"2017-12-12T22:00:20+00:00","mainEntityOfPage":{"@id":"https:\/\/patagoniambiental.com.ar\/info\/ciencia-y-tecnologia-se-instala-una-caldera-que-usara-residuos-forestales-para-generar-energia\/"},"wordCount":415,"commentCount":0,"publisher":{"@id":"https:\/\/patagoniambiental.com.ar\/info\/#organization"},"articleSection":["Noticias","Provinciales","R\u00edo Negro"],"inLanguage":"es","potentialAction":[{"@type":"CommentAction","name":"Comment","target":["https:\/\/patagoniambiental.com.ar\/info\/ciencia-y-tecnologia-se-instala-una-caldera-que-usara-residuos-forestales-para-generar-energia\/#respond"]}]},{"@type":"WebPage","@id":"https:\/\/patagoniambiental.com.ar\/info\/ciencia-y-tecnologia-se-instala-una-caldera-que-usara-residuos-forestales-para-generar-energia\/","url":"https:\/\/patagoniambiental.com.ar\/info\/ciencia-y-tecnologia-se-instala-una-caldera-que-usara-residuos-forestales-para-generar-energia\/","name":"Ciencia y Tecnolog\u00eda Se instala una caldera que usar\u00e1 residuos forestales para generar energ\u00eda","isPartOf":{"@id":"https:\/\/patagoniambiental.com.ar\/info\/#website"},"datePublished":"2017-12-12T22:00:20+00:00","breadcrumb":{"@id":"https:\/\/patagoniambiental.com.ar\/info\/ciencia-y-tecnologia-se-instala-una-caldera-que-usara-residuos-forestales-para-generar-energia\/#breadcrumb"},"inLanguage":"es","potentialAction":[{"@type":"ReadAction","target":["https:\/\/patagoniambiental.com.ar\/info\/ciencia-y-tecnologia-se-instala-una-caldera-que-usara-residuos-forestales-para-generar-energia\/"]}]},{"@type":"BreadcrumbList","@id":"https:\/\/patagoniambiental.com.ar\/info\/ciencia-y-tecnologia-se-instala-una-caldera-que-usara-residuos-forestales-para-generar-energia\/#breadcrumb","itemListElement":[{"@type":"ListItem","position":1,"name":"Inicio","item":"https:\/\/patagoniambiental.com.ar\/info\/"},{"@type":"ListItem","position":2,"name":"Ciencia y Tecnolog\u00eda Se instala una caldera que usar\u00e1 residuos forestales para generar energ\u00eda"}]},{"@type":"WebSite","@id":"https:\/\/patagoniambiental.com.ar\/info\/#website","url":"https:\/\/patagoniambiental.com.ar\/info\/","name":"Patagonia Ambiental","description":"Monitoreo y an\u00e1lisis de la situaci\u00f3n geopol\u00edtica en el mundo y su implicancia en la Patagonia","publisher":{"@id":"https:\/\/patagoniambiental.com.ar\/info\/#organization"},"potentialAction":[{"@type":"SearchAction","target":{"@type":"EntryPoint","urlTemplate":"https:\/\/patagoniambiental.com.ar\/info\/?s={search_term_string}"},"query-input":{"@type":"PropertyValueSpecification","valueRequired":true,"valueName":"search_term_string"}}],"inLanguage":"es"},{"@type":"Organization","@id":"https:\/\/patagoniambiental.com.ar\/info\/#organization","name":"Patagonia Ambiental","url":"https:\/\/patagoniambiental.com.ar\/info\/","logo":{"@type":"ImageObject","inLanguage":"es","@id":"https:\/\/patagoniambiental.com.ar\/info\/#\/schema\/logo\/image\/","url":"https:\/\/patagoniambiental.com.ar\/info\/wp-content\/uploads\/2025\/05\/LOGO-PATAGONIA-AMBIENTAL.png","contentUrl":"https:\/\/patagoniambiental.com.ar\/info\/wp-content\/uploads\/2025\/05\/LOGO-PATAGONIA-AMBIENTAL.png","width":433,"height":250,"caption":"Patagonia Ambiental"},"image":{"@id":"https:\/\/patagoniambiental.com.ar\/info\/#\/schema\/logo\/image\/"},"sameAs":["https:\/\/www.facebook.com\/patagonia.ambiental","https:\/\/x.com\/PatAmb"]},{"@type":"Person","@id":"https:\/\/patagoniambiental.com.ar\/info\/#\/schema\/person\/db12bff64bbcbf6a253710bf0ea37b5d","name":"Patagonia Ambiental","description":"Andr\u00e9s Nievas T\u00e9cnico en manejo ambiental, consultor Ambiental y escritor para medios locales e internacionales sobre temas de geopolitica y medio ambiente.","sameAs":["http:\/\/www.patagoniambiental.com.ar","https:\/\/www.facebook.com\/share\/1C1V8Gv9BX\/?mibextid=qi2Omg","@patagoniambiental","https:\/\/youtube.com\/@patagoniaambiental2023?si=BLt58t0wuXquxlYZ"]}]}},"_links":{"self":[{"href":"https:\/\/patagoniambiental.com.ar\/info\/wp-json\/wp\/v2\/posts\/39656","targetHints":{"allow":["GET"]}}],"collection":[{"href":"https:\/\/patagoniambiental.com.ar\/info\/wp-json\/wp\/v2\/posts"}],"about":[{"href":"https:\/\/patagoniambiental.com.ar\/info\/wp-json\/wp\/v2\/types\/post"}],"author":[{"embeddable":true,"href":"https:\/\/patagoniambiental.com.ar\/info\/wp-json\/wp\/v2\/users\/2"}],"replies":[{"embeddable":true,"href":"https:\/\/patagoniambiental.com.ar\/info\/wp-json\/wp\/v2\/comments?post=39656"}],"version-history":[{"count":0,"href":"https:\/\/patagoniambiental.com.ar\/info\/wp-json\/wp\/v2\/posts\/39656\/revisions"}],"wp:attachment":[{"href":"https:\/\/patagoniambiental.com.ar\/info\/wp-json\/wp\/v2\/media?parent=39656"}],"wp:term":[{"taxonomy":"category","embeddable":true,"href":"https:\/\/patagoniambiental.com.ar\/info\/wp-json\/wp\/v2\/categories?post=39656"},{"taxonomy":"post_tag","embeddable":true,"href":"https:\/\/patagoniambiental.com.ar\/info\/wp-json\/wp\/v2\/tags?post=39656"}],"curies":[{"name":"wp","href":"https:\/\/api.w.org\/{rel}","templated":true}]}}