{"id":39731,"date":"2017-12-13T19:00:48","date_gmt":"2017-12-13T22:00:48","guid":{"rendered":"http:\/\/patagoniambiental.com.ar\/info\/?p=39731"},"modified":"2017-12-13T11:31:00","modified_gmt":"2017-12-13T14:31:00","slug":"submarinista-desaparecido-confirmo-que-los-perseguian-los-ingleses","status":"publish","type":"post","link":"https:\/\/patagoniambiental.com.ar\/info\/submarinista-desaparecido-confirmo-que-los-perseguian-los-ingleses\/","title":{"rendered":"Submarinista desaparecido confirm\u00f3 que los persegu\u00edan los ingleses"},"content":{"rendered":"<div class=\"title-top\">La hermana de<strong>\u00a0Roberto Daniel Medina<\/strong>, uno de los oficiales de la Armada que se encontraba a bordo del ARA San Juan, cont\u00f3 que su hermano le envi\u00f3 un mensaje a su tel\u00e9fono celular\u00a09 d\u00edas antes de la \u00faltima comunicaci\u00f3n del nav\u00edo.\u00a0<em><strong>Mir\u00e1 lo que dec\u00eda la misiva<\/strong><\/em>.<\/div>\n<div class=\"inner-container clearfix\">\n<div class=\"nota-body-container nota-970\">\n<div class=\"title\">\n<p><!--more--><\/p>\n<\/div>\n<div class=\"nota-media-container\">\n<figure class=\"swiper-container swiper-principal swiper-container-horizontal\" data-notafotogaleria=\"1\" data-notafotogaleriathumbnails=\"si\" data-notafotogaleriafullscreen=\"si\">\n<div class=\"swiper-wrapper\">\n<div class=\"swiper-wrapper\">\n<div class=\"swiper-slide swiper-slide-active\"><img fetchpriority=\"high\" decoding=\"async\" src=\"https:\/\/www.cronica.com.ar\/__export\/1513170521180\/sites\/cronica\/img\/2017\/12\/13\/gtr.jpg_1734428432.jpg\" alt=\"Medina. Uno de los h\u00e9roes del ARA San Juan.\" width=\"970\" height=\"546\" data-width=\"970\" data-height=\"546\" data-thumbnail=\"\/__export\/1513170521180\/sites\/cronica\/img\/2017\/12\/13\/gtr.jpg_1674195933.jpg\" data-thumbnailwdith=\"160\" data-thumbnailheight=\"100\" \/><\/div>\n<\/div>\n<\/div><figcaption class=\"title-font\">Medina. Uno de los h\u00e9roes del ARA San Juan.<\/figcaption><div class=\"swiper-button-prev opacity0 swiper-button-disabled\"><\/div>\n<div class=\"swiper-button-next opacity0 swiper-button-disabled\"><\/div><figcaption class=\"title-font\">\n<div class=\"swiper-pagination\">La hermana de uno de los 44 tripulantes del submarino ARA San Juan, desaparecido desde el 15 de noviembre en el mar argentino, revel\u00f3 que el 4 de noviembre recibi\u00f3 un mensaje del submarinista, v\u00eda Whatsapp, donde le cont\u00f3 que los persegu\u00eda un helic\u00f3ptero brit\u00e1nico.<\/div>\n<\/figcaption><\/figure>\n<\/div>\n<div class=\"main-content clearfix\">\n<section>\n<div class=\"entry-body text-font\"><em>\u00abEl lunes nos buscaba un helic\u00f3ptero ingl\u00e9s y ayer los chilenos. Hay mucho movimiento all\u00e1\u00bb<\/em>, se\u00f1ala el mensaje que el suboficial segundo,\u00a0<strong>Roberto Daniel Medina<\/strong>.El 4 de noviembre, Roberto se hab\u00eda comunicado por \u00faltima vez con sus diez hermanos para contarles que hab\u00eda estado cerca de Malvinas y que volver\u00eda a tierra los primeros d\u00edas de diciembre.<\/p>\n<p>En declaraciones a\u00a0<em>La Gaceta<\/em>,\u00a0<strong>J\u00e9sica Medina<\/strong>\u00a0\u2013hermana del tripulante- calific\u00f3 de\u00a0<em>\u00abraro\u00bb<\/em>\u00a0el mensaje pero en ese momento no le dio importancia.<\/p>\n<div>\n<div id=\"youtube-89\" class=\"ck-youtube\"><iframe src=\"https:\/\/www.youtube.com\/embed\/soF2Mvn_EFo\" width=\"560\" height=\"315\" frameborder=\"0\" allowfullscreen=\"allowfullscreen\" data-mce-fragment=\"1\"><\/iframe><\/div>\n<\/div>\n<p><em>\u00abFue ese mensaje raro en el que nos dec\u00eda que los estaba buscando un helic\u00f3ptero brit\u00e1nico y un buque chileno, pero lamentablemente no seguimos con esa conversaci\u00f3n, qued\u00f3 ah\u00ed. Ese fue el \u00faltimo mensaje\u00bb<\/em>, relat\u00f3.\u00a0Y agreg\u00f3:\u00a0<em>\u00abYo no s\u00e9 si se habr\u00e1n acercado mucho a Malvinas, no s\u00e9 c\u00f3mo ser\u00e1 el tema pol\u00edtico. Eso es lo que nos dijo y es lo que nos queda a nosotros\u00bb<\/em>. Lo cierto es que la mujer no mostr\u00f3 el mensaje a las autoridades de la Armada Argentina ya que\u00a0<em>\u00abno se sent\u00eda capaz\u00bb<\/em>, pero ahora decidi\u00f3 difundirlo para que llegue a manos de la jueza federal de Caleta Olivia,\u00a0<strong>Marta Y\u00e1\u00f1ez<\/strong>.<\/p>\n<p><em>\u00abYo creo que no somos la \u00fanica familia que tiene algo as\u00ed, me parece que son much\u00edsimas. La jueza Y\u00e1\u00f1ez tendr\u00e1 que investigar\u00bb, explic\u00f3 J\u00e9sica, quien finalmente sentenci\u00f3:\u00a0\u00abTodos sentimos que nos ocultan cosas\u00bb.<\/em><\/p>\n<\/div>\n<\/section>\n<\/div>\n<\/div>\n<\/div>\n<p>Fuente:\u00a0https:\/\/www.cronica.com.ar\/info-general\/Submarinista-desaparecido-confirmo-que-los-perseguian-los-ingleses-20171213-0014.html<\/p>\n","protected":false},"excerpt":{"rendered":"<p>La hermana de\u00a0Roberto Daniel Medina, uno de los oficiales de la Armada que se encontraba a bordo del ARA San [&hellip;]<\/p>\n","protected":false},"author":2,"featured_media":0,"comment_status":"open","ping_status":"open","sticky":false,"template":"","format":"standard","meta":{"site-sidebar-layout":"default","site-content-layout":"","ast-site-content-layout":"default","site-content-style":"default","site-sidebar-style":"default","ast-global-header-display":"","ast-banner-title-visibility":"","ast-main-header-display":"","ast-hfb-above-header-display":"","ast-hfb-below-header-display":"","ast-hfb-mobile-header-display":"","site-post-title":"","ast-breadcrumbs-content":"","ast-featured-img":"","footer-sml-layout":"","ast-disable-related-posts":"","theme-transparent-header-meta":"","adv-header-id-meta":"","stick-header-meta":"","header-above-stick-meta":"","header-main-stick-meta":"","header-below-stick-meta":"","astra-migrate-meta-layouts":"default","ast-page-background-enabled":"default","ast-page-background-meta":{"desktop":{"background-color":"var(--ast-global-color-5)","background-image":"","background-repeat":"repeat","background-position":"center center","background-size":"auto","background-attachment":"scroll","background-type":"","background-media":"","overlay-type":"","overlay-color":"","overlay-opacity":"","overlay-gradient":""},"tablet":{"background-color":"","background-image":"","background-repeat":"repeat","background-position":"center center","background-size":"auto","background-attachment":"scroll","background-type":"","background-media":"","overlay-type":"","overlay-color":"","overlay-opacity":"","overlay-gradient":""},"mobile":{"background-color":"","background-image":"","background-repeat":"repeat","background-position":"center center","background-size":"auto","background-attachment":"scroll","background-type":"","background-media":"","overlay-type":"","overlay-color":"","overlay-opacity":"","overlay-gradient":""}},"ast-content-background-meta":{"desktop":{"background-color":"var(--ast-global-color-4)","background-image":"","background-repeat":"repeat","background-position":"center center","background-size":"auto","background-attachment":"scroll","background-type":"","background-media":"","overlay-type":"","overlay-color":"","overlay-opacity":"","overlay-gradient":""},"tablet":{"background-color":"var(--ast-global-color-4)","background-image":"","background-repeat":"repeat","background-position":"center center","background-size":"auto","background-attachment":"scroll","background-type":"","background-media":"","overlay-type":"","overlay-color":"","overlay-opacity":"","overlay-gradient":""},"mobile":{"background-color":"var(--ast-global-color-4)","background-image":"","background-repeat":"repeat","background-position":"center center","background-size":"auto","background-attachment":"scroll","background-type":"","background-media":"","overlay-type":"","overlay-color":"","overlay-opacity":"","overlay-gradient":""}},"footnotes":""},"categories":[23,1],"tags":[],"class_list":["post-39731","post","type-post","status-publish","format-standard","hentry","category-internacionales","category-noticias"],"yoast_head":"<!-- This site is optimized with the Yoast SEO Premium plugin v23.0 (Yoast SEO v27.4) - https:\/\/yoast.com\/product\/yoast-seo-premium-wordpress\/ -->\n<title>Submarinista desaparecido confirm\u00f3 que los persegu\u00edan los ingleses<\/title>\n<meta name=\"robots\" content=\"index, follow, max-snippet:-1, max-image-preview:large, max-video-preview:-1\" \/>\n<link rel=\"canonical\" href=\"https:\/\/patagoniambiental.com.ar\/info\/submarinista-desaparecido-confirmo-que-los-perseguian-los-ingleses\/\" \/>\n<meta property=\"og:locale\" content=\"es_ES\" \/>\n<meta property=\"og:type\" content=\"article\" \/>\n<meta property=\"og:title\" content=\"Submarinista desaparecido confirm\u00f3 que los persegu\u00edan los ingleses\" \/>\n<meta property=\"og:description\" content=\"La hermana de\u00a0Roberto Daniel Medina, uno de los oficiales de la Armada que se encontraba a bordo del ARA San [&hellip;]\" \/>\n<meta property=\"og:url\" content=\"https:\/\/patagoniambiental.com.ar\/info\/submarinista-desaparecido-confirmo-que-los-perseguian-los-ingleses\/\" \/>\n<meta property=\"og:site_name\" content=\"Patagonia Ambiental\" \/>\n<meta property=\"article:publisher\" content=\"https:\/\/www.facebook.com\/patagonia.ambiental\" \/>\n<meta property=\"article:author\" content=\"https:\/\/www.facebook.com\/share\/1C1V8Gv9BX\/?mibextid=qi2Omg\" \/>\n<meta property=\"article:published_time\" content=\"2017-12-13T22:00:48+00:00\" \/>\n<meta property=\"og:image\" content=\"https:\/\/www.cronica.com.ar\/__export\/1513170521180\/sites\/cronica\/img\/2017\/12\/13\/gtr.jpg_1734428432.jpg\" \/>\n<meta name=\"author\" content=\"Patagonia Ambiental\" \/>\n<meta name=\"twitter:card\" content=\"summary_large_image\" \/>\n<meta name=\"twitter:creator\" content=\"@PatAmb\" \/>\n<meta name=\"twitter:site\" content=\"@PatAmb\" \/>\n<script type=\"application\/ld+json\" class=\"yoast-schema-graph\">{\"@context\":\"https:\\\/\\\/schema.org\",\"@graph\":[{\"@type\":\"Article\",\"@id\":\"https:\\\/\\\/patagoniambiental.com.ar\\\/info\\\/submarinista-desaparecido-confirmo-que-los-perseguian-los-ingleses\\\/#article\",\"isPartOf\":{\"@id\":\"https:\\\/\\\/patagoniambiental.com.ar\\\/info\\\/submarinista-desaparecido-confirmo-que-los-perseguian-los-ingleses\\\/\"},\"author\":{\"name\":\"Patagonia Ambiental\",\"@id\":\"https:\\\/\\\/patagoniambiental.com.ar\\\/info\\\/#\\\/schema\\\/person\\\/db12bff64bbcbf6a253710bf0ea37b5d\"},\"headline\":\"Submarinista desaparecido confirm\u00f3 que los persegu\u00edan los ingleses\",\"datePublished\":\"2017-12-13T22:00:48+00:00\",\"mainEntityOfPage\":{\"@id\":\"https:\\\/\\\/patagoniambiental.com.ar\\\/info\\\/submarinista-desaparecido-confirmo-que-los-perseguian-los-ingleses\\\/\"},\"wordCount\":371,\"commentCount\":0,\"publisher\":{\"@id\":\"https:\\\/\\\/patagoniambiental.com.ar\\\/info\\\/#organization\"},\"image\":{\"@id\":\"https:\\\/\\\/patagoniambiental.com.ar\\\/info\\\/submarinista-desaparecido-confirmo-que-los-perseguian-los-ingleses\\\/#primaryimage\"},\"thumbnailUrl\":\"https:\\\/\\\/www.cronica.com.ar\\\/__export\\\/1513170521180\\\/sites\\\/cronica\\\/img\\\/2017\\\/12\\\/13\\\/gtr.jpg_1734428432.jpg\",\"articleSection\":[\"Internacionales\",\"Noticias\"],\"inLanguage\":\"es\",\"potentialAction\":[{\"@type\":\"CommentAction\",\"name\":\"Comment\",\"target\":[\"https:\\\/\\\/patagoniambiental.com.ar\\\/info\\\/submarinista-desaparecido-confirmo-que-los-perseguian-los-ingleses\\\/#respond\"]}]},{\"@type\":\"WebPage\",\"@id\":\"https:\\\/\\\/patagoniambiental.com.ar\\\/info\\\/submarinista-desaparecido-confirmo-que-los-perseguian-los-ingleses\\\/\",\"url\":\"https:\\\/\\\/patagoniambiental.com.ar\\\/info\\\/submarinista-desaparecido-confirmo-que-los-perseguian-los-ingleses\\\/\",\"name\":\"Submarinista desaparecido confirm\u00f3 que los persegu\u00edan los ingleses\",\"isPartOf\":{\"@id\":\"https:\\\/\\\/patagoniambiental.com.ar\\\/info\\\/#website\"},\"primaryImageOfPage\":{\"@id\":\"https:\\\/\\\/patagoniambiental.com.ar\\\/info\\\/submarinista-desaparecido-confirmo-que-los-perseguian-los-ingleses\\\/#primaryimage\"},\"image\":{\"@id\":\"https:\\\/\\\/patagoniambiental.com.ar\\\/info\\\/submarinista-desaparecido-confirmo-que-los-perseguian-los-ingleses\\\/#primaryimage\"},\"thumbnailUrl\":\"https:\\\/\\\/www.cronica.com.ar\\\/__export\\\/1513170521180\\\/sites\\\/cronica\\\/img\\\/2017\\\/12\\\/13\\\/gtr.jpg_1734428432.jpg\",\"datePublished\":\"2017-12-13T22:00:48+00:00\",\"breadcrumb\":{\"@id\":\"https:\\\/\\\/patagoniambiental.com.ar\\\/info\\\/submarinista-desaparecido-confirmo-que-los-perseguian-los-ingleses\\\/#breadcrumb\"},\"inLanguage\":\"es\",\"potentialAction\":[{\"@type\":\"ReadAction\",\"target\":[\"https:\\\/\\\/patagoniambiental.com.ar\\\/info\\\/submarinista-desaparecido-confirmo-que-los-perseguian-los-ingleses\\\/\"]}]},{\"@type\":\"ImageObject\",\"inLanguage\":\"es\",\"@id\":\"https:\\\/\\\/patagoniambiental.com.ar\\\/info\\\/submarinista-desaparecido-confirmo-que-los-perseguian-los-ingleses\\\/#primaryimage\",\"url\":\"https:\\\/\\\/www.cronica.com.ar\\\/__export\\\/1513170521180\\\/sites\\\/cronica\\\/img\\\/2017\\\/12\\\/13\\\/gtr.jpg_1734428432.jpg\",\"contentUrl\":\"https:\\\/\\\/www.cronica.com.ar\\\/__export\\\/1513170521180\\\/sites\\\/cronica\\\/img\\\/2017\\\/12\\\/13\\\/gtr.jpg_1734428432.jpg\"},{\"@type\":\"BreadcrumbList\",\"@id\":\"https:\\\/\\\/patagoniambiental.com.ar\\\/info\\\/submarinista-desaparecido-confirmo-que-los-perseguian-los-ingleses\\\/#breadcrumb\",\"itemListElement\":[{\"@type\":\"ListItem\",\"position\":1,\"name\":\"Inicio\",\"item\":\"https:\\\/\\\/patagoniambiental.com.ar\\\/info\\\/\"},{\"@type\":\"ListItem\",\"position\":2,\"name\":\"Submarinista desaparecido confirm\u00f3 que los persegu\u00edan los ingleses\"}]},{\"@type\":\"WebSite\",\"@id\":\"https:\\\/\\\/patagoniambiental.com.ar\\\/info\\\/#website\",\"url\":\"https:\\\/\\\/patagoniambiental.com.ar\\\/info\\\/\",\"name\":\"Patagonia Ambiental\",\"description\":\"Monitoreo y an\u00e1lisis de la situaci\u00f3n geopol\u00edtica en el mundo y su implicancia en la Patagonia\",\"publisher\":{\"@id\":\"https:\\\/\\\/patagoniambiental.com.ar\\\/info\\\/#organization\"},\"potentialAction\":[{\"@type\":\"SearchAction\",\"target\":{\"@type\":\"EntryPoint\",\"urlTemplate\":\"https:\\\/\\\/patagoniambiental.com.ar\\\/info\\\/?s={search_term_string}\"},\"query-input\":{\"@type\":\"PropertyValueSpecification\",\"valueRequired\":true,\"valueName\":\"search_term_string\"}}],\"inLanguage\":\"es\"},{\"@type\":\"Organization\",\"@id\":\"https:\\\/\\\/patagoniambiental.com.ar\\\/info\\\/#organization\",\"name\":\"Patagonia Ambiental\",\"url\":\"https:\\\/\\\/patagoniambiental.com.ar\\\/info\\\/\",\"logo\":{\"@type\":\"ImageObject\",\"inLanguage\":\"es\",\"@id\":\"https:\\\/\\\/patagoniambiental.com.ar\\\/info\\\/#\\\/schema\\\/logo\\\/image\\\/\",\"url\":\"https:\\\/\\\/patagoniambiental.com.ar\\\/info\\\/wp-content\\\/uploads\\\/2025\\\/05\\\/LOGO-PATAGONIA-AMBIENTAL.png\",\"contentUrl\":\"https:\\\/\\\/patagoniambiental.com.ar\\\/info\\\/wp-content\\\/uploads\\\/2025\\\/05\\\/LOGO-PATAGONIA-AMBIENTAL.png\",\"width\":433,\"height\":250,\"caption\":\"Patagonia Ambiental\"},\"image\":{\"@id\":\"https:\\\/\\\/patagoniambiental.com.ar\\\/info\\\/#\\\/schema\\\/logo\\\/image\\\/\"},\"sameAs\":[\"https:\\\/\\\/www.facebook.com\\\/patagonia.ambiental\",\"https:\\\/\\\/x.com\\\/PatAmb\"]},{\"@type\":\"Person\",\"@id\":\"https:\\\/\\\/patagoniambiental.com.ar\\\/info\\\/#\\\/schema\\\/person\\\/db12bff64bbcbf6a253710bf0ea37b5d\",\"name\":\"Patagonia Ambiental\",\"description\":\"Andr\u00e9s Nievas T\u00e9cnico en manejo ambiental, consultor Ambiental y escritor para medios locales e internacionales sobre temas de geopolitica y medio ambiente.\",\"sameAs\":[\"http:\\\/\\\/www.patagoniambiental.com.ar\",\"https:\\\/\\\/www.facebook.com\\\/share\\\/1C1V8Gv9BX\\\/?mibextid=qi2Omg\",\"@patagoniambiental\",\"https:\\\/\\\/youtube.com\\\/@patagoniaambiental2023?si=BLt58t0wuXquxlYZ\"]}]}<\/script>\n<!-- \/ Yoast SEO Premium plugin. -->","yoast_head_json":{"title":"Submarinista desaparecido confirm\u00f3 que los persegu\u00edan los ingleses","robots":{"index":"index","follow":"follow","max-snippet":"max-snippet:-1","max-image-preview":"max-image-preview:large","max-video-preview":"max-video-preview:-1"},"canonical":"https:\/\/patagoniambiental.com.ar\/info\/submarinista-desaparecido-confirmo-que-los-perseguian-los-ingleses\/","og_locale":"es_ES","og_type":"article","og_title":"Submarinista desaparecido confirm\u00f3 que los persegu\u00edan los ingleses","og_description":"La hermana de\u00a0Roberto Daniel Medina, uno de los oficiales de la Armada que se encontraba a bordo del ARA San [&hellip;]","og_url":"https:\/\/patagoniambiental.com.ar\/info\/submarinista-desaparecido-confirmo-que-los-perseguian-los-ingleses\/","og_site_name":"Patagonia Ambiental","article_publisher":"https:\/\/www.facebook.com\/patagonia.ambiental","article_author":"https:\/\/www.facebook.com\/share\/1C1V8Gv9BX\/?mibextid=qi2Omg","article_published_time":"2017-12-13T22:00:48+00:00","og_image":[{"url":"https:\/\/www.cronica.com.ar\/__export\/1513170521180\/sites\/cronica\/img\/2017\/12\/13\/gtr.jpg_1734428432.jpg","type":"","width":"","height":""}],"author":"Patagonia Ambiental","twitter_card":"summary_large_image","twitter_creator":"@PatAmb","twitter_site":"@PatAmb","schema":{"@context":"https:\/\/schema.org","@graph":[{"@type":"Article","@id":"https:\/\/patagoniambiental.com.ar\/info\/submarinista-desaparecido-confirmo-que-los-perseguian-los-ingleses\/#article","isPartOf":{"@id":"https:\/\/patagoniambiental.com.ar\/info\/submarinista-desaparecido-confirmo-que-los-perseguian-los-ingleses\/"},"author":{"name":"Patagonia Ambiental","@id":"https:\/\/patagoniambiental.com.ar\/info\/#\/schema\/person\/db12bff64bbcbf6a253710bf0ea37b5d"},"headline":"Submarinista desaparecido confirm\u00f3 que los persegu\u00edan los ingleses","datePublished":"2017-12-13T22:00:48+00:00","mainEntityOfPage":{"@id":"https:\/\/patagoniambiental.com.ar\/info\/submarinista-desaparecido-confirmo-que-los-perseguian-los-ingleses\/"},"wordCount":371,"commentCount":0,"publisher":{"@id":"https:\/\/patagoniambiental.com.ar\/info\/#organization"},"image":{"@id":"https:\/\/patagoniambiental.com.ar\/info\/submarinista-desaparecido-confirmo-que-los-perseguian-los-ingleses\/#primaryimage"},"thumbnailUrl":"https:\/\/www.cronica.com.ar\/__export\/1513170521180\/sites\/cronica\/img\/2017\/12\/13\/gtr.jpg_1734428432.jpg","articleSection":["Internacionales","Noticias"],"inLanguage":"es","potentialAction":[{"@type":"CommentAction","name":"Comment","target":["https:\/\/patagoniambiental.com.ar\/info\/submarinista-desaparecido-confirmo-que-los-perseguian-los-ingleses\/#respond"]}]},{"@type":"WebPage","@id":"https:\/\/patagoniambiental.com.ar\/info\/submarinista-desaparecido-confirmo-que-los-perseguian-los-ingleses\/","url":"https:\/\/patagoniambiental.com.ar\/info\/submarinista-desaparecido-confirmo-que-los-perseguian-los-ingleses\/","name":"Submarinista desaparecido confirm\u00f3 que los persegu\u00edan los ingleses","isPartOf":{"@id":"https:\/\/patagoniambiental.com.ar\/info\/#website"},"primaryImageOfPage":{"@id":"https:\/\/patagoniambiental.com.ar\/info\/submarinista-desaparecido-confirmo-que-los-perseguian-los-ingleses\/#primaryimage"},"image":{"@id":"https:\/\/patagoniambiental.com.ar\/info\/submarinista-desaparecido-confirmo-que-los-perseguian-los-ingleses\/#primaryimage"},"thumbnailUrl":"https:\/\/www.cronica.com.ar\/__export\/1513170521180\/sites\/cronica\/img\/2017\/12\/13\/gtr.jpg_1734428432.jpg","datePublished":"2017-12-13T22:00:48+00:00","breadcrumb":{"@id":"https:\/\/patagoniambiental.com.ar\/info\/submarinista-desaparecido-confirmo-que-los-perseguian-los-ingleses\/#breadcrumb"},"inLanguage":"es","potentialAction":[{"@type":"ReadAction","target":["https:\/\/patagoniambiental.com.ar\/info\/submarinista-desaparecido-confirmo-que-los-perseguian-los-ingleses\/"]}]},{"@type":"ImageObject","inLanguage":"es","@id":"https:\/\/patagoniambiental.com.ar\/info\/submarinista-desaparecido-confirmo-que-los-perseguian-los-ingleses\/#primaryimage","url":"https:\/\/www.cronica.com.ar\/__export\/1513170521180\/sites\/cronica\/img\/2017\/12\/13\/gtr.jpg_1734428432.jpg","contentUrl":"https:\/\/www.cronica.com.ar\/__export\/1513170521180\/sites\/cronica\/img\/2017\/12\/13\/gtr.jpg_1734428432.jpg"},{"@type":"BreadcrumbList","@id":"https:\/\/patagoniambiental.com.ar\/info\/submarinista-desaparecido-confirmo-que-los-perseguian-los-ingleses\/#breadcrumb","itemListElement":[{"@type":"ListItem","position":1,"name":"Inicio","item":"https:\/\/patagoniambiental.com.ar\/info\/"},{"@type":"ListItem","position":2,"name":"Submarinista desaparecido confirm\u00f3 que los persegu\u00edan los ingleses"}]},{"@type":"WebSite","@id":"https:\/\/patagoniambiental.com.ar\/info\/#website","url":"https:\/\/patagoniambiental.com.ar\/info\/","name":"Patagonia Ambiental","description":"Monitoreo y an\u00e1lisis de la situaci\u00f3n geopol\u00edtica en el mundo y su implicancia en la Patagonia","publisher":{"@id":"https:\/\/patagoniambiental.com.ar\/info\/#organization"},"potentialAction":[{"@type":"SearchAction","target":{"@type":"EntryPoint","urlTemplate":"https:\/\/patagoniambiental.com.ar\/info\/?s={search_term_string}"},"query-input":{"@type":"PropertyValueSpecification","valueRequired":true,"valueName":"search_term_string"}}],"inLanguage":"es"},{"@type":"Organization","@id":"https:\/\/patagoniambiental.com.ar\/info\/#organization","name":"Patagonia Ambiental","url":"https:\/\/patagoniambiental.com.ar\/info\/","logo":{"@type":"ImageObject","inLanguage":"es","@id":"https:\/\/patagoniambiental.com.ar\/info\/#\/schema\/logo\/image\/","url":"https:\/\/patagoniambiental.com.ar\/info\/wp-content\/uploads\/2025\/05\/LOGO-PATAGONIA-AMBIENTAL.png","contentUrl":"https:\/\/patagoniambiental.com.ar\/info\/wp-content\/uploads\/2025\/05\/LOGO-PATAGONIA-AMBIENTAL.png","width":433,"height":250,"caption":"Patagonia Ambiental"},"image":{"@id":"https:\/\/patagoniambiental.com.ar\/info\/#\/schema\/logo\/image\/"},"sameAs":["https:\/\/www.facebook.com\/patagonia.ambiental","https:\/\/x.com\/PatAmb"]},{"@type":"Person","@id":"https:\/\/patagoniambiental.com.ar\/info\/#\/schema\/person\/db12bff64bbcbf6a253710bf0ea37b5d","name":"Patagonia Ambiental","description":"Andr\u00e9s Nievas T\u00e9cnico en manejo ambiental, consultor Ambiental y escritor para medios locales e internacionales sobre temas de geopolitica y medio ambiente.","sameAs":["http:\/\/www.patagoniambiental.com.ar","https:\/\/www.facebook.com\/share\/1C1V8Gv9BX\/?mibextid=qi2Omg","@patagoniambiental","https:\/\/youtube.com\/@patagoniaambiental2023?si=BLt58t0wuXquxlYZ"]}]}},"_links":{"self":[{"href":"https:\/\/patagoniambiental.com.ar\/info\/wp-json\/wp\/v2\/posts\/39731","targetHints":{"allow":["GET"]}}],"collection":[{"href":"https:\/\/patagoniambiental.com.ar\/info\/wp-json\/wp\/v2\/posts"}],"about":[{"href":"https:\/\/patagoniambiental.com.ar\/info\/wp-json\/wp\/v2\/types\/post"}],"author":[{"embeddable":true,"href":"https:\/\/patagoniambiental.com.ar\/info\/wp-json\/wp\/v2\/users\/2"}],"replies":[{"embeddable":true,"href":"https:\/\/patagoniambiental.com.ar\/info\/wp-json\/wp\/v2\/comments?post=39731"}],"version-history":[{"count":0,"href":"https:\/\/patagoniambiental.com.ar\/info\/wp-json\/wp\/v2\/posts\/39731\/revisions"}],"wp:attachment":[{"href":"https:\/\/patagoniambiental.com.ar\/info\/wp-json\/wp\/v2\/media?parent=39731"}],"wp:term":[{"taxonomy":"category","embeddable":true,"href":"https:\/\/patagoniambiental.com.ar\/info\/wp-json\/wp\/v2\/categories?post=39731"},{"taxonomy":"post_tag","embeddable":true,"href":"https:\/\/patagoniambiental.com.ar\/info\/wp-json\/wp\/v2\/tags?post=39731"}],"curies":[{"name":"wp","href":"https:\/\/api.w.org\/{rel}","templated":true}]}}