{"id":39752,"date":"2017-12-14T19:00:08","date_gmt":"2017-12-14T22:00:08","guid":{"rendered":"http:\/\/patagoniambiental.com.ar\/info\/?p=39752"},"modified":"2017-12-13T11:58:43","modified_gmt":"2017-12-13T14:58:43","slug":"presidente-de-ecuador-presentara-en-el-vaticano-su-iniciativa-para-proteger-el-amazonas","status":"publish","type":"post","link":"https:\/\/patagoniambiental.com.ar\/info\/presidente-de-ecuador-presentara-en-el-vaticano-su-iniciativa-para-proteger-el-amazonas\/","title":{"rendered":"Presidente de Ecuador presentar\u00e1 en el Vaticano su iniciativa para proteger el Amazonas"},"content":{"rendered":"<div class=\"ng-binding\" data-links-target=\"_blank\">Quito.- El presidente ecuatoriano Len\u00edn Moreno presentar\u00e1 al papa Francisco el pr\u00f3ximo s\u00e1bado en el Vaticano su Iniciativa Amaz\u00f3nica, que tiene como fin proteger la cuenca hidrogr\u00e1fica m\u00e1s grande del mundo.<!--more--><\/p>\n<p>\u00abNosotros pensamos que va a ser muy buena idea comunicar esta iniciativa al Papa, una iniciativa que busca proteger con urgencia la mayor cuenca hidrogr\u00e1fica del mundo, combatir la deforestaci\u00f3n y proteger los derechos de los pueblos ind\u00edgenas\u00bb, dijo Moreno durante la inauguraci\u00f3n del Encuentro de Alto Nivel con Personalidades Eminentes del Sur que se realiza en Quito.<\/p>\n<p>Asimismo el mandatario reconoci\u00f3 que el jefe m\u00e1ximo de la Iglesia Cat\u00f3lica \u00abnos convoca a cuidar nuestra casa com\u00fan\u00bb y eso es lo que le motiv\u00f3 a llevar este proyecto hasta el Vaticano.<\/p>\n<p>El pasado 7 de septiembre, Moreno lanz\u00f3 el Programa Integral Amaz\u00f3nico de Conservaci\u00f3n de Bosques y Producci\u00f3n Sostenible (Piacbps), cuya intenci\u00f3n es aumentar la productividad agr\u00edcola, minimizar los impactos ambientales y reducir la pobreza de las familias beneficiarias.<\/p>\n<p>El programa naci\u00f3 de articular dos proyectos: uno relacionado con la reducci\u00f3n de emisiones por deforestaci\u00f3n y otro con el desarrollo sostenible de la regi\u00f3n amaz\u00f3nica ecuatoriana para mejorar la lucha contra los efectos del cambio clim\u00e1tico y la conservaci\u00f3n de la biodiversidad.<\/p>\n<p>Con su implementaci\u00f3n se espera reducir las causas y los agentes de la deforestaci\u00f3n y se promover\u00e1 un manejo sostenible e integrado de los recursos naturales que aporte a la reducci\u00f3n de la pobreza y a un desarrollo humano sostenible.<\/p>\n<p>El encuentro entre Moreno y el papa Francisco tendr\u00e1 lugar en el Palacio Apost\u00f3lico del Vaticano, a las 11:00 hora local (10:00 GMT), en el marco de una gira que realizar\u00e1 el mandatario ecuatoriano por Europa.<\/p>\n<p>En su viaje, el jefe de Estado visitar\u00e1 tambi\u00e9n Madrid, donde planea mantener un encuentro con la comunidad de ecuatorianos residentes en Espa\u00f1a a prop\u00f3sito del D\u00eda Internacional del Migrante, que se conmemora el 18 de diciembre.<\/p>\n<p>El viaje presidencial se iniciar\u00e1 este mi\u00e9rcoles y finalizar\u00e1 el 20 de este mes, d\u00eda en que Moreno tiene previsto retornar a Ecuador.<\/p><\/div>\n<div data-links-target=\"_blank\"><\/div>\n<div class=\"ng-binding\" data-links-target=\"_blank\">Fuente: Agencia Sputnik<\/div>\n<p>&nbsp;<\/p>\n","protected":false},"excerpt":{"rendered":"<p>Quito.- El presidente ecuatoriano Len\u00edn Moreno presentar\u00e1 al papa Francisco el pr\u00f3ximo s\u00e1bado en el Vaticano su Iniciativa Amaz\u00f3nica, que [&hellip;]<\/p>\n","protected":false},"author":2,"featured_media":38399,"comment_status":"open","ping_status":"open","sticky":false,"template":"","format":"standard","meta":{"site-sidebar-layout":"default","site-content-layout":"","ast-site-content-layout":"default","site-content-style":"default","site-sidebar-style":"default","ast-global-header-display":"","ast-banner-title-visibility":"","ast-main-header-display":"","ast-hfb-above-header-display":"","ast-hfb-below-header-display":"","ast-hfb-mobile-header-display":"","site-post-title":"","ast-breadcrumbs-content":"","ast-featured-img":"","footer-sml-layout":"","ast-disable-related-posts":"","theme-transparent-header-meta":"","adv-header-id-meta":"","stick-header-meta":"","header-above-stick-meta":"","header-main-stick-meta":"","header-below-stick-meta":"","astra-migrate-meta-layouts":"default","ast-page-background-enabled":"default","ast-page-background-meta":{"desktop":{"background-color":"var(--ast-global-color-5)","background-image":"","background-repeat":"repeat","background-position":"center center","background-size":"auto","background-attachment":"scroll","background-type":"","background-media":"","overlay-type":"","overlay-color":"","overlay-opacity":"","overlay-gradient":""},"tablet":{"background-color":"","background-image":"","background-repeat":"repeat","background-position":"center center","background-size":"auto","background-attachment":"scroll","background-type":"","background-media":"","overlay-type":"","overlay-color":"","overlay-opacity":"","overlay-gradient":""},"mobile":{"background-color":"","background-image":"","background-repeat":"repeat","background-position":"center center","background-size":"auto","background-attachment":"scroll","background-type":"","background-media":"","overlay-type":"","overlay-color":"","overlay-opacity":"","overlay-gradient":""}},"ast-content-background-meta":{"desktop":{"background-color":"var(--ast-global-color-4)","background-image":"","background-repeat":"repeat","background-position":"center center","background-size":"auto","background-attachment":"scroll","background-type":"","background-media":"","overlay-type":"","overlay-color":"","overlay-opacity":"","overlay-gradient":""},"tablet":{"background-color":"var(--ast-global-color-4)","background-image":"","background-repeat":"repeat","background-position":"center center","background-size":"auto","background-attachment":"scroll","background-type":"","background-media":"","overlay-type":"","overlay-color":"","overlay-opacity":"","overlay-gradient":""},"mobile":{"background-color":"var(--ast-global-color-4)","background-image":"","background-repeat":"repeat","background-position":"center center","background-size":"auto","background-attachment":"scroll","background-type":"","background-media":"","overlay-type":"","overlay-color":"","overlay-opacity":"","overlay-gradient":""}},"footnotes":""},"categories":[23,1],"tags":[],"class_list":["post-39752","post","type-post","status-publish","format-standard","has-post-thumbnail","hentry","category-internacionales","category-noticias"],"yoast_head":"<!-- This site is optimized with the Yoast SEO Premium plugin v23.0 (Yoast SEO v27.4) - https:\/\/yoast.com\/product\/yoast-seo-premium-wordpress\/ -->\n<title>Presidente de Ecuador presentar\u00e1 en el Vaticano su iniciativa para proteger el Amazonas<\/title>\n<meta name=\"robots\" content=\"index, follow, max-snippet:-1, max-image-preview:large, max-video-preview:-1\" \/>\n<link rel=\"canonical\" href=\"https:\/\/patagoniambiental.com.ar\/info\/presidente-de-ecuador-presentara-en-el-vaticano-su-iniciativa-para-proteger-el-amazonas\/\" \/>\n<meta property=\"og:locale\" content=\"es_ES\" \/>\n<meta property=\"og:type\" content=\"article\" \/>\n<meta property=\"og:title\" content=\"Presidente de Ecuador presentar\u00e1 en el Vaticano su iniciativa para proteger el Amazonas\" \/>\n<meta property=\"og:description\" content=\"Quito.- El presidente ecuatoriano Len\u00edn Moreno presentar\u00e1 al papa Francisco el pr\u00f3ximo s\u00e1bado en el Vaticano su Iniciativa Amaz\u00f3nica, que [&hellip;]\" \/>\n<meta property=\"og:url\" content=\"https:\/\/patagoniambiental.com.ar\/info\/presidente-de-ecuador-presentara-en-el-vaticano-su-iniciativa-para-proteger-el-amazonas\/\" \/>\n<meta property=\"og:site_name\" content=\"Patagonia Ambiental\" \/>\n<meta property=\"article:publisher\" content=\"https:\/\/www.facebook.com\/patagonia.ambiental\" \/>\n<meta property=\"article:author\" content=\"https:\/\/www.facebook.com\/share\/1C1V8Gv9BX\/?mibextid=qi2Omg\" \/>\n<meta property=\"article:published_time\" content=\"2017-12-14T22:00:08+00:00\" \/>\n<meta property=\"og:image\" content=\"https:\/\/patagoniambiental.com.ar\/info\/wp-content\/uploads\/2017\/11\/papa_francisco_manda_mensaje_a_la_cop23__efe.jpg_1718483347.jpg\" \/>\n\t<meta property=\"og:image:width\" content=\"488\" \/>\n\t<meta property=\"og:image:height\" content=\"340\" \/>\n\t<meta property=\"og:image:type\" content=\"image\/jpeg\" \/>\n<meta name=\"author\" content=\"Patagonia Ambiental\" \/>\n<meta name=\"twitter:card\" content=\"summary_large_image\" \/>\n<meta name=\"twitter:creator\" content=\"@PatAmb\" \/>\n<meta name=\"twitter:site\" content=\"@PatAmb\" \/>\n<script type=\"application\/ld+json\" class=\"yoast-schema-graph\">{\"@context\":\"https:\\\/\\\/schema.org\",\"@graph\":[{\"@type\":\"Article\",\"@id\":\"https:\\\/\\\/patagoniambiental.com.ar\\\/info\\\/presidente-de-ecuador-presentara-en-el-vaticano-su-iniciativa-para-proteger-el-amazonas\\\/#article\",\"isPartOf\":{\"@id\":\"https:\\\/\\\/patagoniambiental.com.ar\\\/info\\\/presidente-de-ecuador-presentara-en-el-vaticano-su-iniciativa-para-proteger-el-amazonas\\\/\"},\"author\":{\"name\":\"Patagonia Ambiental\",\"@id\":\"https:\\\/\\\/patagoniambiental.com.ar\\\/info\\\/#\\\/schema\\\/person\\\/db12bff64bbcbf6a253710bf0ea37b5d\"},\"headline\":\"Presidente de Ecuador presentar\u00e1 en el Vaticano su iniciativa para proteger el Amazonas\",\"datePublished\":\"2017-12-14T22:00:08+00:00\",\"mainEntityOfPage\":{\"@id\":\"https:\\\/\\\/patagoniambiental.com.ar\\\/info\\\/presidente-de-ecuador-presentara-en-el-vaticano-su-iniciativa-para-proteger-el-amazonas\\\/\"},\"wordCount\":386,\"commentCount\":0,\"publisher\":{\"@id\":\"https:\\\/\\\/patagoniambiental.com.ar\\\/info\\\/#organization\"},\"image\":{\"@id\":\"https:\\\/\\\/patagoniambiental.com.ar\\\/info\\\/presidente-de-ecuador-presentara-en-el-vaticano-su-iniciativa-para-proteger-el-amazonas\\\/#primaryimage\"},\"thumbnailUrl\":\"https:\\\/\\\/patagoniambiental.com.ar\\\/info\\\/wp-content\\\/uploads\\\/2017\\\/11\\\/papa_francisco_manda_mensaje_a_la_cop23__efe.jpg_1718483347.jpg\",\"articleSection\":[\"Internacionales\",\"Noticias\"],\"inLanguage\":\"es\",\"potentialAction\":[{\"@type\":\"CommentAction\",\"name\":\"Comment\",\"target\":[\"https:\\\/\\\/patagoniambiental.com.ar\\\/info\\\/presidente-de-ecuador-presentara-en-el-vaticano-su-iniciativa-para-proteger-el-amazonas\\\/#respond\"]}]},{\"@type\":\"WebPage\",\"@id\":\"https:\\\/\\\/patagoniambiental.com.ar\\\/info\\\/presidente-de-ecuador-presentara-en-el-vaticano-su-iniciativa-para-proteger-el-amazonas\\\/\",\"url\":\"https:\\\/\\\/patagoniambiental.com.ar\\\/info\\\/presidente-de-ecuador-presentara-en-el-vaticano-su-iniciativa-para-proteger-el-amazonas\\\/\",\"name\":\"Presidente de Ecuador presentar\u00e1 en el Vaticano su iniciativa para proteger el Amazonas\",\"isPartOf\":{\"@id\":\"https:\\\/\\\/patagoniambiental.com.ar\\\/info\\\/#website\"},\"primaryImageOfPage\":{\"@id\":\"https:\\\/\\\/patagoniambiental.com.ar\\\/info\\\/presidente-de-ecuador-presentara-en-el-vaticano-su-iniciativa-para-proteger-el-amazonas\\\/#primaryimage\"},\"image\":{\"@id\":\"https:\\\/\\\/patagoniambiental.com.ar\\\/info\\\/presidente-de-ecuador-presentara-en-el-vaticano-su-iniciativa-para-proteger-el-amazonas\\\/#primaryimage\"},\"thumbnailUrl\":\"https:\\\/\\\/patagoniambiental.com.ar\\\/info\\\/wp-content\\\/uploads\\\/2017\\\/11\\\/papa_francisco_manda_mensaje_a_la_cop23__efe.jpg_1718483347.jpg\",\"datePublished\":\"2017-12-14T22:00:08+00:00\",\"breadcrumb\":{\"@id\":\"https:\\\/\\\/patagoniambiental.com.ar\\\/info\\\/presidente-de-ecuador-presentara-en-el-vaticano-su-iniciativa-para-proteger-el-amazonas\\\/#breadcrumb\"},\"inLanguage\":\"es\",\"potentialAction\":[{\"@type\":\"ReadAction\",\"target\":[\"https:\\\/\\\/patagoniambiental.com.ar\\\/info\\\/presidente-de-ecuador-presentara-en-el-vaticano-su-iniciativa-para-proteger-el-amazonas\\\/\"]}]},{\"@type\":\"ImageObject\",\"inLanguage\":\"es\",\"@id\":\"https:\\\/\\\/patagoniambiental.com.ar\\\/info\\\/presidente-de-ecuador-presentara-en-el-vaticano-su-iniciativa-para-proteger-el-amazonas\\\/#primaryimage\",\"url\":\"https:\\\/\\\/patagoniambiental.com.ar\\\/info\\\/wp-content\\\/uploads\\\/2017\\\/11\\\/papa_francisco_manda_mensaje_a_la_cop23__efe.jpg_1718483347.jpg\",\"contentUrl\":\"https:\\\/\\\/patagoniambiental.com.ar\\\/info\\\/wp-content\\\/uploads\\\/2017\\\/11\\\/papa_francisco_manda_mensaje_a_la_cop23__efe.jpg_1718483347.jpg\",\"width\":488,\"height\":340},{\"@type\":\"BreadcrumbList\",\"@id\":\"https:\\\/\\\/patagoniambiental.com.ar\\\/info\\\/presidente-de-ecuador-presentara-en-el-vaticano-su-iniciativa-para-proteger-el-amazonas\\\/#breadcrumb\",\"itemListElement\":[{\"@type\":\"ListItem\",\"position\":1,\"name\":\"Inicio\",\"item\":\"https:\\\/\\\/patagoniambiental.com.ar\\\/info\\\/\"},{\"@type\":\"ListItem\",\"position\":2,\"name\":\"Presidente de Ecuador presentar\u00e1 en el Vaticano su iniciativa para proteger el Amazonas\"}]},{\"@type\":\"WebSite\",\"@id\":\"https:\\\/\\\/patagoniambiental.com.ar\\\/info\\\/#website\",\"url\":\"https:\\\/\\\/patagoniambiental.com.ar\\\/info\\\/\",\"name\":\"Patagonia Ambiental\",\"description\":\"Monitoreo y an\u00e1lisis de la situaci\u00f3n geopol\u00edtica en el mundo y su implicancia en la Patagonia\",\"publisher\":{\"@id\":\"https:\\\/\\\/patagoniambiental.com.ar\\\/info\\\/#organization\"},\"potentialAction\":[{\"@type\":\"SearchAction\",\"target\":{\"@type\":\"EntryPoint\",\"urlTemplate\":\"https:\\\/\\\/patagoniambiental.com.ar\\\/info\\\/?s={search_term_string}\"},\"query-input\":{\"@type\":\"PropertyValueSpecification\",\"valueRequired\":true,\"valueName\":\"search_term_string\"}}],\"inLanguage\":\"es\"},{\"@type\":\"Organization\",\"@id\":\"https:\\\/\\\/patagoniambiental.com.ar\\\/info\\\/#organization\",\"name\":\"Patagonia Ambiental\",\"url\":\"https:\\\/\\\/patagoniambiental.com.ar\\\/info\\\/\",\"logo\":{\"@type\":\"ImageObject\",\"inLanguage\":\"es\",\"@id\":\"https:\\\/\\\/patagoniambiental.com.ar\\\/info\\\/#\\\/schema\\\/logo\\\/image\\\/\",\"url\":\"https:\\\/\\\/patagoniambiental.com.ar\\\/info\\\/wp-content\\\/uploads\\\/2025\\\/05\\\/LOGO-PATAGONIA-AMBIENTAL.png\",\"contentUrl\":\"https:\\\/\\\/patagoniambiental.com.ar\\\/info\\\/wp-content\\\/uploads\\\/2025\\\/05\\\/LOGO-PATAGONIA-AMBIENTAL.png\",\"width\":433,\"height\":250,\"caption\":\"Patagonia Ambiental\"},\"image\":{\"@id\":\"https:\\\/\\\/patagoniambiental.com.ar\\\/info\\\/#\\\/schema\\\/logo\\\/image\\\/\"},\"sameAs\":[\"https:\\\/\\\/www.facebook.com\\\/patagonia.ambiental\",\"https:\\\/\\\/x.com\\\/PatAmb\"]},{\"@type\":\"Person\",\"@id\":\"https:\\\/\\\/patagoniambiental.com.ar\\\/info\\\/#\\\/schema\\\/person\\\/db12bff64bbcbf6a253710bf0ea37b5d\",\"name\":\"Patagonia Ambiental\",\"description\":\"Andr\u00e9s Nievas T\u00e9cnico en manejo ambiental, consultor Ambiental y escritor para medios locales e internacionales sobre temas de geopolitica y medio ambiente.\",\"sameAs\":[\"http:\\\/\\\/www.patagoniambiental.com.ar\",\"https:\\\/\\\/www.facebook.com\\\/share\\\/1C1V8Gv9BX\\\/?mibextid=qi2Omg\",\"@patagoniambiental\",\"https:\\\/\\\/youtube.com\\\/@patagoniaambiental2023?si=BLt58t0wuXquxlYZ\"]}]}<\/script>\n<!-- \/ Yoast SEO Premium plugin. -->","yoast_head_json":{"title":"Presidente de Ecuador presentar\u00e1 en el Vaticano su iniciativa para proteger el Amazonas","robots":{"index":"index","follow":"follow","max-snippet":"max-snippet:-1","max-image-preview":"max-image-preview:large","max-video-preview":"max-video-preview:-1"},"canonical":"https:\/\/patagoniambiental.com.ar\/info\/presidente-de-ecuador-presentara-en-el-vaticano-su-iniciativa-para-proteger-el-amazonas\/","og_locale":"es_ES","og_type":"article","og_title":"Presidente de Ecuador presentar\u00e1 en el Vaticano su iniciativa para proteger el Amazonas","og_description":"Quito.- El presidente ecuatoriano Len\u00edn Moreno presentar\u00e1 al papa Francisco el pr\u00f3ximo s\u00e1bado en el Vaticano su Iniciativa Amaz\u00f3nica, que [&hellip;]","og_url":"https:\/\/patagoniambiental.com.ar\/info\/presidente-de-ecuador-presentara-en-el-vaticano-su-iniciativa-para-proteger-el-amazonas\/","og_site_name":"Patagonia Ambiental","article_publisher":"https:\/\/www.facebook.com\/patagonia.ambiental","article_author":"https:\/\/www.facebook.com\/share\/1C1V8Gv9BX\/?mibextid=qi2Omg","article_published_time":"2017-12-14T22:00:08+00:00","og_image":[{"width":488,"height":340,"url":"https:\/\/patagoniambiental.com.ar\/info\/wp-content\/uploads\/2017\/11\/papa_francisco_manda_mensaje_a_la_cop23__efe.jpg_1718483347.jpg","type":"image\/jpeg"}],"author":"Patagonia Ambiental","twitter_card":"summary_large_image","twitter_creator":"@PatAmb","twitter_site":"@PatAmb","schema":{"@context":"https:\/\/schema.org","@graph":[{"@type":"Article","@id":"https:\/\/patagoniambiental.com.ar\/info\/presidente-de-ecuador-presentara-en-el-vaticano-su-iniciativa-para-proteger-el-amazonas\/#article","isPartOf":{"@id":"https:\/\/patagoniambiental.com.ar\/info\/presidente-de-ecuador-presentara-en-el-vaticano-su-iniciativa-para-proteger-el-amazonas\/"},"author":{"name":"Patagonia Ambiental","@id":"https:\/\/patagoniambiental.com.ar\/info\/#\/schema\/person\/db12bff64bbcbf6a253710bf0ea37b5d"},"headline":"Presidente de Ecuador presentar\u00e1 en el Vaticano su iniciativa para proteger el Amazonas","datePublished":"2017-12-14T22:00:08+00:00","mainEntityOfPage":{"@id":"https:\/\/patagoniambiental.com.ar\/info\/presidente-de-ecuador-presentara-en-el-vaticano-su-iniciativa-para-proteger-el-amazonas\/"},"wordCount":386,"commentCount":0,"publisher":{"@id":"https:\/\/patagoniambiental.com.ar\/info\/#organization"},"image":{"@id":"https:\/\/patagoniambiental.com.ar\/info\/presidente-de-ecuador-presentara-en-el-vaticano-su-iniciativa-para-proteger-el-amazonas\/#primaryimage"},"thumbnailUrl":"https:\/\/patagoniambiental.com.ar\/info\/wp-content\/uploads\/2017\/11\/papa_francisco_manda_mensaje_a_la_cop23__efe.jpg_1718483347.jpg","articleSection":["Internacionales","Noticias"],"inLanguage":"es","potentialAction":[{"@type":"CommentAction","name":"Comment","target":["https:\/\/patagoniambiental.com.ar\/info\/presidente-de-ecuador-presentara-en-el-vaticano-su-iniciativa-para-proteger-el-amazonas\/#respond"]}]},{"@type":"WebPage","@id":"https:\/\/patagoniambiental.com.ar\/info\/presidente-de-ecuador-presentara-en-el-vaticano-su-iniciativa-para-proteger-el-amazonas\/","url":"https:\/\/patagoniambiental.com.ar\/info\/presidente-de-ecuador-presentara-en-el-vaticano-su-iniciativa-para-proteger-el-amazonas\/","name":"Presidente de Ecuador presentar\u00e1 en el Vaticano su iniciativa para proteger el Amazonas","isPartOf":{"@id":"https:\/\/patagoniambiental.com.ar\/info\/#website"},"primaryImageOfPage":{"@id":"https:\/\/patagoniambiental.com.ar\/info\/presidente-de-ecuador-presentara-en-el-vaticano-su-iniciativa-para-proteger-el-amazonas\/#primaryimage"},"image":{"@id":"https:\/\/patagoniambiental.com.ar\/info\/presidente-de-ecuador-presentara-en-el-vaticano-su-iniciativa-para-proteger-el-amazonas\/#primaryimage"},"thumbnailUrl":"https:\/\/patagoniambiental.com.ar\/info\/wp-content\/uploads\/2017\/11\/papa_francisco_manda_mensaje_a_la_cop23__efe.jpg_1718483347.jpg","datePublished":"2017-12-14T22:00:08+00:00","breadcrumb":{"@id":"https:\/\/patagoniambiental.com.ar\/info\/presidente-de-ecuador-presentara-en-el-vaticano-su-iniciativa-para-proteger-el-amazonas\/#breadcrumb"},"inLanguage":"es","potentialAction":[{"@type":"ReadAction","target":["https:\/\/patagoniambiental.com.ar\/info\/presidente-de-ecuador-presentara-en-el-vaticano-su-iniciativa-para-proteger-el-amazonas\/"]}]},{"@type":"ImageObject","inLanguage":"es","@id":"https:\/\/patagoniambiental.com.ar\/info\/presidente-de-ecuador-presentara-en-el-vaticano-su-iniciativa-para-proteger-el-amazonas\/#primaryimage","url":"https:\/\/patagoniambiental.com.ar\/info\/wp-content\/uploads\/2017\/11\/papa_francisco_manda_mensaje_a_la_cop23__efe.jpg_1718483347.jpg","contentUrl":"https:\/\/patagoniambiental.com.ar\/info\/wp-content\/uploads\/2017\/11\/papa_francisco_manda_mensaje_a_la_cop23__efe.jpg_1718483347.jpg","width":488,"height":340},{"@type":"BreadcrumbList","@id":"https:\/\/patagoniambiental.com.ar\/info\/presidente-de-ecuador-presentara-en-el-vaticano-su-iniciativa-para-proteger-el-amazonas\/#breadcrumb","itemListElement":[{"@type":"ListItem","position":1,"name":"Inicio","item":"https:\/\/patagoniambiental.com.ar\/info\/"},{"@type":"ListItem","position":2,"name":"Presidente de Ecuador presentar\u00e1 en el Vaticano su iniciativa para proteger el Amazonas"}]},{"@type":"WebSite","@id":"https:\/\/patagoniambiental.com.ar\/info\/#website","url":"https:\/\/patagoniambiental.com.ar\/info\/","name":"Patagonia Ambiental","description":"Monitoreo y an\u00e1lisis de la situaci\u00f3n geopol\u00edtica en el mundo y su implicancia en la Patagonia","publisher":{"@id":"https:\/\/patagoniambiental.com.ar\/info\/#organization"},"potentialAction":[{"@type":"SearchAction","target":{"@type":"EntryPoint","urlTemplate":"https:\/\/patagoniambiental.com.ar\/info\/?s={search_term_string}"},"query-input":{"@type":"PropertyValueSpecification","valueRequired":true,"valueName":"search_term_string"}}],"inLanguage":"es"},{"@type":"Organization","@id":"https:\/\/patagoniambiental.com.ar\/info\/#organization","name":"Patagonia Ambiental","url":"https:\/\/patagoniambiental.com.ar\/info\/","logo":{"@type":"ImageObject","inLanguage":"es","@id":"https:\/\/patagoniambiental.com.ar\/info\/#\/schema\/logo\/image\/","url":"https:\/\/patagoniambiental.com.ar\/info\/wp-content\/uploads\/2025\/05\/LOGO-PATAGONIA-AMBIENTAL.png","contentUrl":"https:\/\/patagoniambiental.com.ar\/info\/wp-content\/uploads\/2025\/05\/LOGO-PATAGONIA-AMBIENTAL.png","width":433,"height":250,"caption":"Patagonia Ambiental"},"image":{"@id":"https:\/\/patagoniambiental.com.ar\/info\/#\/schema\/logo\/image\/"},"sameAs":["https:\/\/www.facebook.com\/patagonia.ambiental","https:\/\/x.com\/PatAmb"]},{"@type":"Person","@id":"https:\/\/patagoniambiental.com.ar\/info\/#\/schema\/person\/db12bff64bbcbf6a253710bf0ea37b5d","name":"Patagonia Ambiental","description":"Andr\u00e9s Nievas T\u00e9cnico en manejo ambiental, consultor Ambiental y escritor para medios locales e internacionales sobre temas de geopolitica y medio ambiente.","sameAs":["http:\/\/www.patagoniambiental.com.ar","https:\/\/www.facebook.com\/share\/1C1V8Gv9BX\/?mibextid=qi2Omg","@patagoniambiental","https:\/\/youtube.com\/@patagoniaambiental2023?si=BLt58t0wuXquxlYZ"]}]}},"_links":{"self":[{"href":"https:\/\/patagoniambiental.com.ar\/info\/wp-json\/wp\/v2\/posts\/39752","targetHints":{"allow":["GET"]}}],"collection":[{"href":"https:\/\/patagoniambiental.com.ar\/info\/wp-json\/wp\/v2\/posts"}],"about":[{"href":"https:\/\/patagoniambiental.com.ar\/info\/wp-json\/wp\/v2\/types\/post"}],"author":[{"embeddable":true,"href":"https:\/\/patagoniambiental.com.ar\/info\/wp-json\/wp\/v2\/users\/2"}],"replies":[{"embeddable":true,"href":"https:\/\/patagoniambiental.com.ar\/info\/wp-json\/wp\/v2\/comments?post=39752"}],"version-history":[{"count":0,"href":"https:\/\/patagoniambiental.com.ar\/info\/wp-json\/wp\/v2\/posts\/39752\/revisions"}],"wp:featuredmedia":[{"embeddable":true,"href":"https:\/\/patagoniambiental.com.ar\/info\/wp-json\/wp\/v2\/media\/38399"}],"wp:attachment":[{"href":"https:\/\/patagoniambiental.com.ar\/info\/wp-json\/wp\/v2\/media?parent=39752"}],"wp:term":[{"taxonomy":"category","embeddable":true,"href":"https:\/\/patagoniambiental.com.ar\/info\/wp-json\/wp\/v2\/categories?post=39752"},{"taxonomy":"post_tag","embeddable":true,"href":"https:\/\/patagoniambiental.com.ar\/info\/wp-json\/wp\/v2\/tags?post=39752"}],"curies":[{"name":"wp","href":"https:\/\/api.w.org\/{rel}","templated":true}]}}