{"id":39770,"date":"2017-12-14T09:28:16","date_gmt":"2017-12-14T12:28:16","guid":{"rendered":"http:\/\/patagoniambiental.com.ar\/info\/?p=39770"},"modified":"2025-09-09T01:00:33","modified_gmt":"2025-09-09T04:00:33","slug":"gennuso-participo-presentacion-libro-experiencia-asociacion-drecicladores-bariloche","status":"publish","type":"post","link":"https:\/\/patagoniambiental.com.ar\/info\/gennuso-participo-presentacion-libro-experiencia-asociacion-drecicladores-bariloche\/","title":{"rendered":"Asociaci\u00f3n de Recicladores de Bariloche: el libro que revela dos d\u00e9cadas de lucha, dignidad y econom\u00eda circular en R\u00edo Negro"},"content":{"rendered":"\n<!--more-->\n\n\n\n<p><strong>Un acontecimiento hist\u00f3rico para la econom\u00eda circular de Bariloche<\/strong><\/p>\n\n\n\n<p>San carlos de Bariloche, R\u00edo Negro 14 de diciembre de 2017. La <strong>Asociaci\u00f3n de Recicladores de Bariloche (ARB)<\/strong> volvi\u00f3 a ser noticia, no por una campa\u00f1a de recolecci\u00f3n ni por un aniversario, sino por la <strong>presentaci\u00f3n de un libro \u00fanico en Argentina<\/strong>: <em>\u201cUn d\u00eda m\u00e1s\u2026ARB, una historia de conciencia y dignidad\u201d<\/em>. La obra, publicada por <strong>EDUCO, la editorial de la Universidad Nacional del Comahue<\/strong>, no solo compila relatos y ensayos sobre la experiencia de la ARB, sino que constituye un <strong>documento hist\u00f3rico y social que retrata c\u00f3mo la econom\u00eda circular transform\u00f3 la vida de decenas de familias barilochenses<\/strong>. El evento, que cont\u00f3 con la participaci\u00f3n de autoridades locales y universitarias, marc\u00f3 un <strong>hito en la visibilizaci\u00f3n del rol de los recicladores urbanos<\/strong> dentro de la sociedad y en la construcci\u00f3n de un futuro sostenible para la regi\u00f3n.<\/p>\n\n\n\n<p><strong>La presencia institucional: universidad, municipio y comunidad<\/strong><\/p>\n\n\n\n<p>El acto se desarroll\u00f3 en el <strong>Aula Magna del Centro Regional Universitario Bariloche (CRUB)<\/strong>, un espacio simb\u00f3lico donde academia y territorio se encuentran. Entre los presentes estuvieron el <strong>rector de la Universidad Nacional del Comahue, Gustavo Crisafulli<\/strong>, el <strong>vicerrector Daniel Nataine<\/strong>, el <strong>decano del CRUB, V\u00edctor B\u00e1ez<\/strong>, el <strong>intendente Gustavo Gennuso<\/strong> y, por supuesto, <strong>los integrantes de la Asociaci\u00f3n de Recicladores de Bariloche<\/strong>. Esta amplia convocatoria evidenci\u00f3 que el proyecto de la ARB <strong>trasciende el \u00e1mbito ambiental y laboral<\/strong>, convirti\u00e9ndose en un <strong>modelo de integraci\u00f3n social, educativa y comunitaria<\/strong>.<\/p>\n\n\n\n<p><strong>Gennuso y el reconocimiento pol\u00edtico al trabajo de la ARB<\/strong><\/p>\n\n\n\n<p>Durante su intervenci\u00f3n, el intendente <strong>Gustavo Gennuso<\/strong> resalt\u00f3 la importancia de la obra y la valent\u00eda de la Universidad por \u201cmeterse en el territorio de la realidad\u201d. Seg\u00fan el jefe comunal, \u201cla academia existe para mejorar la calidad de vida de los pueblos\u201d, y este libro es prueba de que <strong>cuando ciencia, sociedad y recicladores se unen, los resultados tienen impacto real en la vida de la gente<\/strong>. Adem\u00e1s, pidi\u00f3 un homenaje a <strong>Daniel Britos<\/strong>, una figura clave en los primeros pasos de la ARB, que trabaj\u00f3 codo a codo antes de que se constituyera formalmente como asociaci\u00f3n.<\/p>\n\n\n\n<p><strong>Las autoras del libro y el rol de las mujeres en el reciclaje<\/strong><\/p>\n\n\n\n<p>El libro fue escrito por <strong>Mabel Painehual, Fabiana Ertola, M\u00f3nica Torres Curth y Laura M\u00e9ndez<\/strong>, cuatro voces femeninas que recopilaron testimonios, historias y luchas de la Asociaci\u00f3n. Una de ellas, <strong>M\u00f3nica Torres Curth<\/strong>, defini\u00f3 la presentaci\u00f3n como \u201cuna fiesta\u201d y asegur\u00f3 que \u201cse cumpli\u00f3 el sue\u00f1o de contar una historia que deb\u00eda ser contada\u201d. Este dato no es menor: la ARB est\u00e1 <strong>conformada en gran parte por mujeres<\/strong>, que a lo largo de casi dos d\u00e9cadas <strong>transformaron la marginalidad en organizaci\u00f3n y la exclusi\u00f3n en trabajo digno<\/strong>.<\/p>\n\n\n\n<p><strong>Un libro nacido del trabajo colectivo y la resistencia social<\/strong><\/p>\n\n\n\n<p><em>\u201cUn d\u00eda m\u00e1s\u2026ARB\u201d<\/em> no es solo un libro, es un <strong>testimonio de resistencia social<\/strong>. La Asociaci\u00f3n de Recicladores de Bariloche surgi\u00f3 hace casi <strong>20 a\u00f1os, en uno de los momentos m\u00e1s cr\u00edticos de la historia argentina<\/strong>, cuando la crisis econ\u00f3mica dej\u00f3 a miles de familias sin sustento. En ese contexto, un grupo de vecinos de Bariloche decidi\u00f3 organizarse y comenzar a <strong>recuperar materiales reciclables de la basura<\/strong>, demostrando que el trabajo cooperativo pod\u00eda ser una salida laboral digna. Con el tiempo, la organizaci\u00f3n se consolid\u00f3 y hoy forma parte del <strong>Mapa de la Econom\u00eda Circular de R\u00edo Negro<\/strong>.<\/p>\n\n\n\n<p><strong>La ARB como motor de la econom\u00eda circular en R\u00edo Negro<\/strong><\/p>\n\n\n\n<p>La experiencia de la ARB demuestra c\u00f3mo el <strong>reciclaje y la gesti\u00f3n de residuos s\u00f3lidos urbanos<\/strong> pueden convertirse en <strong>oportunidades de inclusi\u00f3n social, ambiental y econ\u00f3mica<\/strong>. Actualmente, decenas de familias dependen de esta actividad, clasificando, enfardando y comercializando materiales que, de otra forma, terminar\u00edan en el basural. Gracias a su labor, <strong>miles de toneladas de cart\u00f3n, papel, pl\u00e1sticos y metales<\/strong> han sido recuperados, reduciendo la contaminaci\u00f3n y fortaleciendo la conciencia ambiental en la Patagonia.<\/p>\n\n\n\n<p><strong>Vinculaci\u00f3n con la universidad y proyectos de voluntariado<\/strong><\/p>\n\n\n\n<p>El libro es tambi\u00e9n el fruto de un <strong>proyecto de voluntariado universitario<\/strong> desarrollado en el CRUB, que busc\u00f3 <strong>mejorar la calidad de vida de la comunidad mediante alternativas de desarrollo local<\/strong>. Este trabajo mancomunado entre la <strong>academia y los recicladores<\/strong> muestra un camino posible para otras ciudades de la provincia: la articulaci\u00f3n entre <strong>conocimiento cient\u00edfico, compromiso social y econom\u00eda circular<\/strong>.<\/p>\n\n\n\n<p><strong>Una experiencia que inspira a otras organizaciones<\/strong><\/p>\n\n\n\n<p>La <strong>historia de la ARB<\/strong> ya es inspiraci\u00f3n para otras cooperativas y asociaciones de recicladores de la regi\u00f3n, como la <strong>Cooperativa Nosotras Desde Abajo en Viedma<\/strong>, <strong>Imperio Recicla en Choele Choel<\/strong> o la <strong>Recicladora de Cipolletti<\/strong>. Todas estas experiencias, con sus particularidades, <strong>conforman un entramado de actores de la econom\u00eda circular rionegrina<\/strong>, que colectivamente est\u00e1n cambiando la forma en que la provincia entiende el manejo de los residuos y la generaci\u00f3n de empleo verde.<\/p>\n\n\n\n<p><strong>La importancia cultural y educativa del libro<\/strong><\/p>\n\n\n\n<p>M\u00e1s all\u00e1 de su valor documental, el libro tiene un <strong>impacto educativo<\/strong>: se proyecta como material de consulta en escuelas, universidades y espacios comunitarios. De esta forma, no solo narra el pasado de la ARB, sino que <strong>educa a las nuevas generaciones en valores de cooperaci\u00f3n, dignidad laboral y cuidado del ambiente<\/strong>. Adem\u00e1s, se transforma en una herramienta para <strong>visibilizar la problem\u00e1tica de los residuos urbanos y el rol central de quienes los recuperan<\/strong>.<\/p>\n\n\n\n<p><strong>Una historia de dignidad que sigue escribi\u00e9ndose<\/strong><\/p>\n\n\n\n<p>El lanzamiento del libro marca un antes y un despu\u00e9s para la Asociaci\u00f3n, pero la historia no termina all\u00ed. Con casi 20 a\u00f1os de trabajo, la ARB <strong>sigue enfrentando desaf\u00edos<\/strong>: la falta de recolecci\u00f3n diferenciada, la necesidad de m\u00e1s puntos verdes, la incorporaci\u00f3n de nueva tecnolog\u00eda y la b\u00fasqueda de financiamiento estable. Sin embargo, su ejemplo demuestra que, con organizaci\u00f3n y esfuerzo, es posible <strong>transformar residuos en futuro<\/strong> y <strong>desigualdad en oportunidades<\/strong>.<\/p>\n\n\n\n<p><\/p>\n\n\n<div dir=\"ltr\">\u00a0<\/div>\n<div dir=\"ltr\"><span style=\"font-size: 1rem;\">l<\/span><\/div>","protected":false},"excerpt":{"rendered":"","protected":false},"author":2,"featured_media":98948,"comment_status":"open","ping_status":"open","sticky":false,"template":"","format":"standard","meta":{"site-sidebar-layout":"default","site-content-layout":"","ast-site-content-layout":"default","site-content-style":"default","site-sidebar-style":"default","ast-global-header-display":"","ast-banner-title-visibility":"","ast-main-header-display":"","ast-hfb-above-header-display":"","ast-hfb-below-header-display":"","ast-hfb-mobile-header-display":"","site-post-title":"","ast-breadcrumbs-content":"","ast-featured-img":"","footer-sml-layout":"","ast-disable-related-posts":"","theme-transparent-header-meta":"","adv-header-id-meta":"","stick-header-meta":"","header-above-stick-meta":"","header-main-stick-meta":"","header-below-stick-meta":"","astra-migrate-meta-layouts":"default","ast-page-background-enabled":"default","ast-page-background-meta":{"desktop":{"background-color":"var(--ast-global-color-5)","background-image":"","background-repeat":"repeat","background-position":"center center","background-size":"auto","background-attachment":"scroll","background-type":"","background-media":"","overlay-type":"","overlay-color":"","overlay-opacity":"","overlay-gradient":""},"tablet":{"background-color":"","background-image":"","background-repeat":"repeat","background-position":"center center","background-size":"auto","background-attachment":"scroll","background-type":"","background-media":"","overlay-type":"","overlay-color":"","overlay-opacity":"","overlay-gradient":""},"mobile":{"background-color":"","background-image":"","background-repeat":"repeat","background-position":"center center","background-size":"auto","background-attachment":"scroll","background-type":"","background-media":"","overlay-type":"","overlay-color":"","overlay-opacity":"","overlay-gradient":""}},"ast-content-background-meta":{"desktop":{"background-color":"var(--ast-global-color-4)","background-image":"","background-repeat":"repeat","background-position":"center center","background-size":"auto","background-attachment":"scroll","background-type":"","background-media":"","overlay-type":"","overlay-color":"","overlay-opacity":"","overlay-gradient":""},"tablet":{"background-color":"var(--ast-global-color-4)","background-image":"","background-repeat":"repeat","background-position":"center center","background-size":"auto","background-attachment":"scroll","background-type":"","background-media":"","overlay-type":"","overlay-color":"","overlay-opacity":"","overlay-gradient":""},"mobile":{"background-color":"var(--ast-global-color-4)","background-image":"","background-repeat":"repeat","background-position":"center center","background-size":"auto","background-attachment":"scroll","background-type":"","background-media":"","overlay-type":"","overlay-color":"","overlay-opacity":"","overlay-gradient":""}},"footnotes":""},"categories":[3512,1],"tags":[],"class_list":["post-39770","post","type-post","status-publish","format-standard","has-post-thumbnail","hentry","category-economia-circular","category-noticias"],"yoast_head":"<!-- This site is optimized with the Yoast SEO Premium plugin v23.0 (Yoast SEO v27.4) - https:\/\/yoast.com\/product\/yoast-seo-premium-wordpress\/ -->\n<title>Asociaci\u00f3n de Recicladores de Bariloche: el libro que revela dos d\u00e9cadas de lucha, dignidad y econom\u00eda circular en R\u00edo Negro La Asociaci\u00f3n de Recicladores de Bariloche volvi\u00f3 a ser noticia<\/title>\n<meta name=\"description\" content=\"La Asociaci\u00f3n de Recicladores de Bariloche volvi\u00f3 a ser noticia, no por una campa\u00f1a de recolecci\u00f3n ni por un aniversario, sino por la presentaci\u00f3n de un libro \u00fanico en Argentina: \u201cUn d\u00eda m\u00e1s\u2026ARB, una historia de conciencia y dignidad\u201d.\" \/>\n<meta name=\"robots\" content=\"index, follow, max-snippet:-1, max-image-preview:large, max-video-preview:-1\" \/>\n<link rel=\"canonical\" href=\"https:\/\/patagoniambiental.com.ar\/info\/gennuso-participo-presentacion-libro-experiencia-asociacion-drecicladores-bariloche\/\" \/>\n<meta property=\"og:locale\" content=\"es_ES\" \/>\n<meta property=\"og:type\" content=\"article\" \/>\n<meta property=\"og:title\" content=\"Asociaci\u00f3n de Recicladores de Bariloche: el libro que revela dos d\u00e9cadas de lucha, dignidad y econom\u00eda circular en R\u00edo Negro\" \/>\n<meta property=\"og:description\" content=\"La Asociaci\u00f3n de Recicladores de Bariloche volvi\u00f3 a ser noticia, no por una campa\u00f1a de recolecci\u00f3n ni por un aniversario, sino por la presentaci\u00f3n de un libro \u00fanico en Argentina: \u201cUn d\u00eda m\u00e1s\u2026ARB, una historia de conciencia y dignidad\u201d.\" \/>\n<meta property=\"og:url\" content=\"https:\/\/patagoniambiental.com.ar\/info\/gennuso-participo-presentacion-libro-experiencia-asociacion-drecicladores-bariloche\/\" \/>\n<meta property=\"og:site_name\" content=\"Patagonia Ambiental\" \/>\n<meta property=\"article:publisher\" content=\"https:\/\/www.facebook.com\/patagonia.ambiental\" \/>\n<meta property=\"article:author\" content=\"https:\/\/www.facebook.com\/share\/1C1V8Gv9BX\/?mibextid=qi2Omg\" \/>\n<meta property=\"article:published_time\" content=\"2017-12-14T12:28:16+00:00\" \/>\n<meta property=\"article:modified_time\" content=\"2025-09-09T04:00:33+00:00\" \/>\n<meta property=\"og:image\" content=\"https:\/\/patagoniambiental.com.ar\/info\/wp-content\/uploads\/2017\/12\/descarga-10.jpeg\" \/>\n\t<meta property=\"og:image:width\" content=\"225\" \/>\n\t<meta property=\"og:image:height\" content=\"225\" \/>\n\t<meta property=\"og:image:type\" content=\"image\/jpeg\" \/>\n<meta name=\"author\" content=\"Patagonia Ambiental\" \/>\n<meta name=\"twitter:card\" content=\"summary_large_image\" \/>\n<meta name=\"twitter:creator\" content=\"@PatAmb\" \/>\n<meta name=\"twitter:site\" content=\"@PatAmb\" \/>\n<script type=\"application\/ld+json\" class=\"yoast-schema-graph\">{\"@context\":\"https:\\\/\\\/schema.org\",\"@graph\":[{\"@type\":\"Article\",\"@id\":\"https:\\\/\\\/patagoniambiental.com.ar\\\/info\\\/gennuso-participo-presentacion-libro-experiencia-asociacion-drecicladores-bariloche\\\/#article\",\"isPartOf\":{\"@id\":\"https:\\\/\\\/patagoniambiental.com.ar\\\/info\\\/gennuso-participo-presentacion-libro-experiencia-asociacion-drecicladores-bariloche\\\/\"},\"author\":{\"name\":\"Patagonia Ambiental\",\"@id\":\"https:\\\/\\\/patagoniambiental.com.ar\\\/info\\\/#\\\/schema\\\/person\\\/db12bff64bbcbf6a253710bf0ea37b5d\"},\"headline\":\"Asociaci\u00f3n de Recicladores de Bariloche: el libro que revela dos d\u00e9cadas de lucha, dignidad y econom\u00eda circular en R\u00edo Negro\",\"datePublished\":\"2017-12-14T12:28:16+00:00\",\"dateModified\":\"2025-09-09T04:00:33+00:00\",\"mainEntityOfPage\":{\"@id\":\"https:\\\/\\\/patagoniambiental.com.ar\\\/info\\\/gennuso-participo-presentacion-libro-experiencia-asociacion-drecicladores-bariloche\\\/\"},\"wordCount\":1060,\"commentCount\":0,\"publisher\":{\"@id\":\"https:\\\/\\\/patagoniambiental.com.ar\\\/info\\\/#organization\"},\"image\":{\"@id\":\"https:\\\/\\\/patagoniambiental.com.ar\\\/info\\\/gennuso-participo-presentacion-libro-experiencia-asociacion-drecicladores-bariloche\\\/#primaryimage\"},\"thumbnailUrl\":\"https:\\\/\\\/patagoniambiental.com.ar\\\/info\\\/wp-content\\\/uploads\\\/2017\\\/12\\\/descarga-10.jpeg\",\"articleSection\":[\"Econom\u00eda Circular\",\"Noticias\"],\"inLanguage\":\"es\",\"potentialAction\":[{\"@type\":\"CommentAction\",\"name\":\"Comment\",\"target\":[\"https:\\\/\\\/patagoniambiental.com.ar\\\/info\\\/gennuso-participo-presentacion-libro-experiencia-asociacion-drecicladores-bariloche\\\/#respond\"]}]},{\"@type\":\"WebPage\",\"@id\":\"https:\\\/\\\/patagoniambiental.com.ar\\\/info\\\/gennuso-participo-presentacion-libro-experiencia-asociacion-drecicladores-bariloche\\\/\",\"url\":\"https:\\\/\\\/patagoniambiental.com.ar\\\/info\\\/gennuso-participo-presentacion-libro-experiencia-asociacion-drecicladores-bariloche\\\/\",\"name\":\"Asociaci\u00f3n de Recicladores de Bariloche: el libro que revela dos d\u00e9cadas de lucha, dignidad y econom\u00eda circular en R\u00edo Negro La Asociaci\u00f3n de Recicladores de Bariloche volvi\u00f3 a ser noticia\",\"isPartOf\":{\"@id\":\"https:\\\/\\\/patagoniambiental.com.ar\\\/info\\\/#website\"},\"primaryImageOfPage\":{\"@id\":\"https:\\\/\\\/patagoniambiental.com.ar\\\/info\\\/gennuso-participo-presentacion-libro-experiencia-asociacion-drecicladores-bariloche\\\/#primaryimage\"},\"image\":{\"@id\":\"https:\\\/\\\/patagoniambiental.com.ar\\\/info\\\/gennuso-participo-presentacion-libro-experiencia-asociacion-drecicladores-bariloche\\\/#primaryimage\"},\"thumbnailUrl\":\"https:\\\/\\\/patagoniambiental.com.ar\\\/info\\\/wp-content\\\/uploads\\\/2017\\\/12\\\/descarga-10.jpeg\",\"datePublished\":\"2017-12-14T12:28:16+00:00\",\"dateModified\":\"2025-09-09T04:00:33+00:00\",\"description\":\"La Asociaci\u00f3n de Recicladores de Bariloche volvi\u00f3 a ser noticia, no por una campa\u00f1a de recolecci\u00f3n ni por un aniversario, sino por la presentaci\u00f3n de un libro \u00fanico en Argentina: \u201cUn d\u00eda m\u00e1s\u2026ARB, una historia de conciencia y dignidad\u201d.\",\"breadcrumb\":{\"@id\":\"https:\\\/\\\/patagoniambiental.com.ar\\\/info\\\/gennuso-participo-presentacion-libro-experiencia-asociacion-drecicladores-bariloche\\\/#breadcrumb\"},\"inLanguage\":\"es\",\"potentialAction\":[{\"@type\":\"ReadAction\",\"target\":[\"https:\\\/\\\/patagoniambiental.com.ar\\\/info\\\/gennuso-participo-presentacion-libro-experiencia-asociacion-drecicladores-bariloche\\\/\"]}]},{\"@type\":\"ImageObject\",\"inLanguage\":\"es\",\"@id\":\"https:\\\/\\\/patagoniambiental.com.ar\\\/info\\\/gennuso-participo-presentacion-libro-experiencia-asociacion-drecicladores-bariloche\\\/#primaryimage\",\"url\":\"https:\\\/\\\/patagoniambiental.com.ar\\\/info\\\/wp-content\\\/uploads\\\/2017\\\/12\\\/descarga-10.jpeg\",\"contentUrl\":\"https:\\\/\\\/patagoniambiental.com.ar\\\/info\\\/wp-content\\\/uploads\\\/2017\\\/12\\\/descarga-10.jpeg\",\"width\":225,\"height\":225,\"caption\":\"Cr\u00e9dito: Asociaci\u00f3n de Recicladores de Barilocge\"},{\"@type\":\"BreadcrumbList\",\"@id\":\"https:\\\/\\\/patagoniambiental.com.ar\\\/info\\\/gennuso-participo-presentacion-libro-experiencia-asociacion-drecicladores-bariloche\\\/#breadcrumb\",\"itemListElement\":[{\"@type\":\"ListItem\",\"position\":1,\"name\":\"Inicio\",\"item\":\"https:\\\/\\\/patagoniambiental.com.ar\\\/info\\\/\"},{\"@type\":\"ListItem\",\"position\":2,\"name\":\"Asociaci\u00f3n de Recicladores de Bariloche: el libro que revela dos d\u00e9cadas de lucha, dignidad y econom\u00eda circular en R\u00edo Negro\"}]},{\"@type\":\"WebSite\",\"@id\":\"https:\\\/\\\/patagoniambiental.com.ar\\\/info\\\/#website\",\"url\":\"https:\\\/\\\/patagoniambiental.com.ar\\\/info\\\/\",\"name\":\"Patagonia Ambiental\",\"description\":\"Monitoreo y an\u00e1lisis de la situaci\u00f3n geopol\u00edtica en el mundo y su implicancia en la Patagonia\",\"publisher\":{\"@id\":\"https:\\\/\\\/patagoniambiental.com.ar\\\/info\\\/#organization\"},\"potentialAction\":[{\"@type\":\"SearchAction\",\"target\":{\"@type\":\"EntryPoint\",\"urlTemplate\":\"https:\\\/\\\/patagoniambiental.com.ar\\\/info\\\/?s={search_term_string}\"},\"query-input\":{\"@type\":\"PropertyValueSpecification\",\"valueRequired\":true,\"valueName\":\"search_term_string\"}}],\"inLanguage\":\"es\"},{\"@type\":\"Organization\",\"@id\":\"https:\\\/\\\/patagoniambiental.com.ar\\\/info\\\/#organization\",\"name\":\"Patagonia Ambiental\",\"url\":\"https:\\\/\\\/patagoniambiental.com.ar\\\/info\\\/\",\"logo\":{\"@type\":\"ImageObject\",\"inLanguage\":\"es\",\"@id\":\"https:\\\/\\\/patagoniambiental.com.ar\\\/info\\\/#\\\/schema\\\/logo\\\/image\\\/\",\"url\":\"https:\\\/\\\/patagoniambiental.com.ar\\\/info\\\/wp-content\\\/uploads\\\/2025\\\/05\\\/LOGO-PATAGONIA-AMBIENTAL.png\",\"contentUrl\":\"https:\\\/\\\/patagoniambiental.com.ar\\\/info\\\/wp-content\\\/uploads\\\/2025\\\/05\\\/LOGO-PATAGONIA-AMBIENTAL.png\",\"width\":433,\"height\":250,\"caption\":\"Patagonia Ambiental\"},\"image\":{\"@id\":\"https:\\\/\\\/patagoniambiental.com.ar\\\/info\\\/#\\\/schema\\\/logo\\\/image\\\/\"},\"sameAs\":[\"https:\\\/\\\/www.facebook.com\\\/patagonia.ambiental\",\"https:\\\/\\\/x.com\\\/PatAmb\"]},{\"@type\":\"Person\",\"@id\":\"https:\\\/\\\/patagoniambiental.com.ar\\\/info\\\/#\\\/schema\\\/person\\\/db12bff64bbcbf6a253710bf0ea37b5d\",\"name\":\"Patagonia Ambiental\",\"description\":\"Andr\u00e9s Nievas T\u00e9cnico en manejo ambiental, consultor Ambiental y escritor para medios locales e internacionales sobre temas de geopolitica y medio ambiente.\",\"sameAs\":[\"http:\\\/\\\/www.patagoniambiental.com.ar\",\"https:\\\/\\\/www.facebook.com\\\/share\\\/1C1V8Gv9BX\\\/?mibextid=qi2Omg\",\"@patagoniambiental\",\"https:\\\/\\\/youtube.com\\\/@patagoniaambiental2023?si=BLt58t0wuXquxlYZ\"]}]}<\/script>\n<!-- \/ Yoast SEO Premium plugin. -->","yoast_head_json":{"title":"Asociaci\u00f3n de Recicladores de Bariloche: el libro que revela dos d\u00e9cadas de lucha, dignidad y econom\u00eda circular en R\u00edo Negro La Asociaci\u00f3n de Recicladores de Bariloche volvi\u00f3 a ser noticia","description":"La Asociaci\u00f3n de Recicladores de Bariloche volvi\u00f3 a ser noticia, no por una campa\u00f1a de recolecci\u00f3n ni por un aniversario, sino por la presentaci\u00f3n de un libro \u00fanico en Argentina: \u201cUn d\u00eda m\u00e1s\u2026ARB, una historia de conciencia y dignidad\u201d.","robots":{"index":"index","follow":"follow","max-snippet":"max-snippet:-1","max-image-preview":"max-image-preview:large","max-video-preview":"max-video-preview:-1"},"canonical":"https:\/\/patagoniambiental.com.ar\/info\/gennuso-participo-presentacion-libro-experiencia-asociacion-drecicladores-bariloche\/","og_locale":"es_ES","og_type":"article","og_title":"Asociaci\u00f3n de Recicladores de Bariloche: el libro que revela dos d\u00e9cadas de lucha, dignidad y econom\u00eda circular en R\u00edo Negro","og_description":"La Asociaci\u00f3n de Recicladores de Bariloche volvi\u00f3 a ser noticia, no por una campa\u00f1a de recolecci\u00f3n ni por un aniversario, sino por la presentaci\u00f3n de un libro \u00fanico en Argentina: \u201cUn d\u00eda m\u00e1s\u2026ARB, una historia de conciencia y dignidad\u201d.","og_url":"https:\/\/patagoniambiental.com.ar\/info\/gennuso-participo-presentacion-libro-experiencia-asociacion-drecicladores-bariloche\/","og_site_name":"Patagonia Ambiental","article_publisher":"https:\/\/www.facebook.com\/patagonia.ambiental","article_author":"https:\/\/www.facebook.com\/share\/1C1V8Gv9BX\/?mibextid=qi2Omg","article_published_time":"2017-12-14T12:28:16+00:00","article_modified_time":"2025-09-09T04:00:33+00:00","og_image":[{"width":225,"height":225,"url":"https:\/\/patagoniambiental.com.ar\/info\/wp-content\/uploads\/2017\/12\/descarga-10.jpeg","type":"image\/jpeg"}],"author":"Patagonia Ambiental","twitter_card":"summary_large_image","twitter_creator":"@PatAmb","twitter_site":"@PatAmb","schema":{"@context":"https:\/\/schema.org","@graph":[{"@type":"Article","@id":"https:\/\/patagoniambiental.com.ar\/info\/gennuso-participo-presentacion-libro-experiencia-asociacion-drecicladores-bariloche\/#article","isPartOf":{"@id":"https:\/\/patagoniambiental.com.ar\/info\/gennuso-participo-presentacion-libro-experiencia-asociacion-drecicladores-bariloche\/"},"author":{"name":"Patagonia Ambiental","@id":"https:\/\/patagoniambiental.com.ar\/info\/#\/schema\/person\/db12bff64bbcbf6a253710bf0ea37b5d"},"headline":"Asociaci\u00f3n de Recicladores de Bariloche: el libro que revela dos d\u00e9cadas de lucha, dignidad y econom\u00eda circular en R\u00edo Negro","datePublished":"2017-12-14T12:28:16+00:00","dateModified":"2025-09-09T04:00:33+00:00","mainEntityOfPage":{"@id":"https:\/\/patagoniambiental.com.ar\/info\/gennuso-participo-presentacion-libro-experiencia-asociacion-drecicladores-bariloche\/"},"wordCount":1060,"commentCount":0,"publisher":{"@id":"https:\/\/patagoniambiental.com.ar\/info\/#organization"},"image":{"@id":"https:\/\/patagoniambiental.com.ar\/info\/gennuso-participo-presentacion-libro-experiencia-asociacion-drecicladores-bariloche\/#primaryimage"},"thumbnailUrl":"https:\/\/patagoniambiental.com.ar\/info\/wp-content\/uploads\/2017\/12\/descarga-10.jpeg","articleSection":["Econom\u00eda Circular","Noticias"],"inLanguage":"es","potentialAction":[{"@type":"CommentAction","name":"Comment","target":["https:\/\/patagoniambiental.com.ar\/info\/gennuso-participo-presentacion-libro-experiencia-asociacion-drecicladores-bariloche\/#respond"]}]},{"@type":"WebPage","@id":"https:\/\/patagoniambiental.com.ar\/info\/gennuso-participo-presentacion-libro-experiencia-asociacion-drecicladores-bariloche\/","url":"https:\/\/patagoniambiental.com.ar\/info\/gennuso-participo-presentacion-libro-experiencia-asociacion-drecicladores-bariloche\/","name":"Asociaci\u00f3n de Recicladores de Bariloche: el libro que revela dos d\u00e9cadas de lucha, dignidad y econom\u00eda circular en R\u00edo Negro La Asociaci\u00f3n de Recicladores de Bariloche volvi\u00f3 a ser noticia","isPartOf":{"@id":"https:\/\/patagoniambiental.com.ar\/info\/#website"},"primaryImageOfPage":{"@id":"https:\/\/patagoniambiental.com.ar\/info\/gennuso-participo-presentacion-libro-experiencia-asociacion-drecicladores-bariloche\/#primaryimage"},"image":{"@id":"https:\/\/patagoniambiental.com.ar\/info\/gennuso-participo-presentacion-libro-experiencia-asociacion-drecicladores-bariloche\/#primaryimage"},"thumbnailUrl":"https:\/\/patagoniambiental.com.ar\/info\/wp-content\/uploads\/2017\/12\/descarga-10.jpeg","datePublished":"2017-12-14T12:28:16+00:00","dateModified":"2025-09-09T04:00:33+00:00","description":"La Asociaci\u00f3n de Recicladores de Bariloche volvi\u00f3 a ser noticia, no por una campa\u00f1a de recolecci\u00f3n ni por un aniversario, sino por la presentaci\u00f3n de un libro \u00fanico en Argentina: \u201cUn d\u00eda m\u00e1s\u2026ARB, una historia de conciencia y dignidad\u201d.","breadcrumb":{"@id":"https:\/\/patagoniambiental.com.ar\/info\/gennuso-participo-presentacion-libro-experiencia-asociacion-drecicladores-bariloche\/#breadcrumb"},"inLanguage":"es","potentialAction":[{"@type":"ReadAction","target":["https:\/\/patagoniambiental.com.ar\/info\/gennuso-participo-presentacion-libro-experiencia-asociacion-drecicladores-bariloche\/"]}]},{"@type":"ImageObject","inLanguage":"es","@id":"https:\/\/patagoniambiental.com.ar\/info\/gennuso-participo-presentacion-libro-experiencia-asociacion-drecicladores-bariloche\/#primaryimage","url":"https:\/\/patagoniambiental.com.ar\/info\/wp-content\/uploads\/2017\/12\/descarga-10.jpeg","contentUrl":"https:\/\/patagoniambiental.com.ar\/info\/wp-content\/uploads\/2017\/12\/descarga-10.jpeg","width":225,"height":225,"caption":"Cr\u00e9dito: Asociaci\u00f3n de Recicladores de Barilocge"},{"@type":"BreadcrumbList","@id":"https:\/\/patagoniambiental.com.ar\/info\/gennuso-participo-presentacion-libro-experiencia-asociacion-drecicladores-bariloche\/#breadcrumb","itemListElement":[{"@type":"ListItem","position":1,"name":"Inicio","item":"https:\/\/patagoniambiental.com.ar\/info\/"},{"@type":"ListItem","position":2,"name":"Asociaci\u00f3n de Recicladores de Bariloche: el libro que revela dos d\u00e9cadas de lucha, dignidad y econom\u00eda circular en R\u00edo Negro"}]},{"@type":"WebSite","@id":"https:\/\/patagoniambiental.com.ar\/info\/#website","url":"https:\/\/patagoniambiental.com.ar\/info\/","name":"Patagonia Ambiental","description":"Monitoreo y an\u00e1lisis de la situaci\u00f3n geopol\u00edtica en el mundo y su implicancia en la Patagonia","publisher":{"@id":"https:\/\/patagoniambiental.com.ar\/info\/#organization"},"potentialAction":[{"@type":"SearchAction","target":{"@type":"EntryPoint","urlTemplate":"https:\/\/patagoniambiental.com.ar\/info\/?s={search_term_string}"},"query-input":{"@type":"PropertyValueSpecification","valueRequired":true,"valueName":"search_term_string"}}],"inLanguage":"es"},{"@type":"Organization","@id":"https:\/\/patagoniambiental.com.ar\/info\/#organization","name":"Patagonia Ambiental","url":"https:\/\/patagoniambiental.com.ar\/info\/","logo":{"@type":"ImageObject","inLanguage":"es","@id":"https:\/\/patagoniambiental.com.ar\/info\/#\/schema\/logo\/image\/","url":"https:\/\/patagoniambiental.com.ar\/info\/wp-content\/uploads\/2025\/05\/LOGO-PATAGONIA-AMBIENTAL.png","contentUrl":"https:\/\/patagoniambiental.com.ar\/info\/wp-content\/uploads\/2025\/05\/LOGO-PATAGONIA-AMBIENTAL.png","width":433,"height":250,"caption":"Patagonia Ambiental"},"image":{"@id":"https:\/\/patagoniambiental.com.ar\/info\/#\/schema\/logo\/image\/"},"sameAs":["https:\/\/www.facebook.com\/patagonia.ambiental","https:\/\/x.com\/PatAmb"]},{"@type":"Person","@id":"https:\/\/patagoniambiental.com.ar\/info\/#\/schema\/person\/db12bff64bbcbf6a253710bf0ea37b5d","name":"Patagonia Ambiental","description":"Andr\u00e9s Nievas T\u00e9cnico en manejo ambiental, consultor Ambiental y escritor para medios locales e internacionales sobre temas de geopolitica y medio ambiente.","sameAs":["http:\/\/www.patagoniambiental.com.ar","https:\/\/www.facebook.com\/share\/1C1V8Gv9BX\/?mibextid=qi2Omg","@patagoniambiental","https:\/\/youtube.com\/@patagoniaambiental2023?si=BLt58t0wuXquxlYZ"]}]}},"_links":{"self":[{"href":"https:\/\/patagoniambiental.com.ar\/info\/wp-json\/wp\/v2\/posts\/39770","targetHints":{"allow":["GET"]}}],"collection":[{"href":"https:\/\/patagoniambiental.com.ar\/info\/wp-json\/wp\/v2\/posts"}],"about":[{"href":"https:\/\/patagoniambiental.com.ar\/info\/wp-json\/wp\/v2\/types\/post"}],"author":[{"embeddable":true,"href":"https:\/\/patagoniambiental.com.ar\/info\/wp-json\/wp\/v2\/users\/2"}],"replies":[{"embeddable":true,"href":"https:\/\/patagoniambiental.com.ar\/info\/wp-json\/wp\/v2\/comments?post=39770"}],"version-history":[{"count":1,"href":"https:\/\/patagoniambiental.com.ar\/info\/wp-json\/wp\/v2\/posts\/39770\/revisions"}],"predecessor-version":[{"id":98949,"href":"https:\/\/patagoniambiental.com.ar\/info\/wp-json\/wp\/v2\/posts\/39770\/revisions\/98949"}],"wp:featuredmedia":[{"embeddable":true,"href":"https:\/\/patagoniambiental.com.ar\/info\/wp-json\/wp\/v2\/media\/98948"}],"wp:attachment":[{"href":"https:\/\/patagoniambiental.com.ar\/info\/wp-json\/wp\/v2\/media?parent=39770"}],"wp:term":[{"taxonomy":"category","embeddable":true,"href":"https:\/\/patagoniambiental.com.ar\/info\/wp-json\/wp\/v2\/categories?post=39770"},{"taxonomy":"post_tag","embeddable":true,"href":"https:\/\/patagoniambiental.com.ar\/info\/wp-json\/wp\/v2\/tags?post=39770"}],"curies":[{"name":"wp","href":"https:\/\/api.w.org\/{rel}","templated":true}]}}