{"id":39796,"date":"2017-12-14T19:00:13","date_gmt":"2017-12-14T22:00:13","guid":{"rendered":"http:\/\/patagoniambiental.com.ar\/info\/?p=39796"},"modified":"2017-12-14T10:32:10","modified_gmt":"2017-12-14T13:32:10","slug":"indigenas-chilenos-aspiran-a-crear-la-nacion-mapuche","status":"publish","type":"post","link":"https:\/\/patagoniambiental.com.ar\/info\/indigenas-chilenos-aspiran-a-crear-la-nacion-mapuche\/","title":{"rendered":"Ind\u00edgenas chilenos aspiran a crear la naci\u00f3n mapuche"},"content":{"rendered":"<p class=\"h1_xl\">Chile.-Dos d\u00e9cadas de lucha le tom\u00f3 levantar su casa en terrenos arrebatados a una compa\u00f1\u00eda forestal en el sur de Chile: Ram\u00f3n Llanquileo defiende el combate frontal del pueblo mapuche para lograr la restituci\u00f3n de sus tierras ancestrales.<!--more--><\/p>\n<div id=\"ContentPlaceHolder1_pnl_Copete\"><\/div>\n<div id=\"ContentPlaceHolder1_pnl_Imagenes\">\n<div>\n<div id=\"carousel-example-generic\" class=\"carousel slide\" data-ride=\"carousel\" data-interval=\"false\">\n<div class=\"carousel-inner\" role=\"listbox\">\n<div class=\"item active\"><img fetchpriority=\"high\" decoding=\"async\" id=\"ContentPlaceHolder1_RP_Imagenes_img_Slider_0\" class=\"alignleft\" src=\"http:\/\/repo.diariojornada.com.ar\/imagenes\/2017\/12\/12\/402321_4145_slider.jpg\" alt=\"\" width=\"600\" height=\"400\" \/><\/p>\n<div id=\"ContentPlaceHolder1_RP_Imagenes_pnl_Epigrafe_0\">\n<div class=\"carousel-caption\">Los l\u00edderes de la Coordinadora Arauco Malleco (CAM) de Chile y su sue\u00f1o de conformar una naci\u00f3n mapuche.<\/div>\n<\/div>\n<\/div>\n<\/div>\n<\/div>\n<\/div>\n<\/div>\n<div>\n<div class=\"mb10\"><\/div>\n<div>En estos terrenos \u00abrecuperados\u00bb, Llanquileo, uno de los l\u00edderes de la Coordinadora Arauco Malleco (CAM), y su esposa, Cecilia Paine, padres de dos peque\u00f1os, cultivan papas, ma\u00edz y porotos; cr\u00edan gallinas y cerdos tal como lo hac\u00edan sus antepasados.<\/div>\n<\/div>\n<p><span id=\"ContentPlaceHolder1_lbl_Cuerpo\"><br \/>\nHace seis meses, con maderas extra\u00eddas de bosques hasta hace poco en manos de empresas, Ram\u00f3n levant\u00f3 una peque\u00f1a casa en terrenos en los que la CAM ejerce control territorial despu\u00e9s de desalojar a la poderosa forestal Mininco, al interior de Ca\u00f1ete, unos 600 km al sur de Santiago.<\/p>\n<p>\u00abNuestra estad\u00eda aqu\u00ed obedece precisamente al plan de ir haciendo retroceder poco a poco a las empresas forestales\u00bb del territorio mapuche, dice a la AFP Llanquileo, quien perdi\u00f3 un ojo en un enfrentamiento.<\/p>\n<p>Hasta este lugar, que parec\u00eda abandonado por la forestal Mininco -que no respondi\u00f3 a las consultas de la AFP-, se accede por un sinuoso camino de tierra que tiene como fondo a la cordillera de Nahuelbuta, con notorios espacios deforestados resultado de a\u00f1os de explotaci\u00f3n maderera.<\/p>\n<p>Antes de que se establecieran los conquistadores espa\u00f1oles en Chile en 1541, los mapuches eran due\u00f1os de las tierras desde el r\u00edo Biob\u00edo hasta unos 500 kil\u00f3metros m\u00e1s al sur.<\/p>\n<p>Durante la colonia persisti\u00f3 esta \u00abfrontera\u00bb, hasta que este territorio fue ocupado por el Ej\u00e9rcito chileno, en una campa\u00f1a militar que comenz\u00f3 en 1861 y se prolong\u00f3 por dos d\u00e9cadas.<\/p>\n<p>Los mapuches, tras sucesivos procesos, fueron reducidos a vivir en cerca de un 5% de sus antiguos dominios.<\/p>\n<p>Agrupados en peque\u00f1as comunidades, sin espacio para sembrar o criar animales, y divididos, la mayor\u00eda debi\u00f3 renunciar a su medio de subsistencia tradicional y migrar a las ciudades.<\/p>\n<p><em><strong>Seis a\u00f1os de c\u00e1rcel<\/strong><\/em><\/p>\n<p>Para la CAM, la autosubsistencia como la de Llanquileo, representa uno de los mayores logros de dos d\u00e9cadas de lucha para reconstituir la Naci\u00f3n Mapuche, en las regiones chilenas de La Araucan\u00eda, Biob\u00edo y Los R\u00edos.<\/p>\n<p>En esa zona se asentaron miles de familias alemanas a partir de la segunda mitad del siglo XIX, invitadas por el Estado chileno para explotar un inmenso territorio casi despoblado.<\/p>\n<p>Con unos 150 miembros, la CAM denuncia la represi\u00f3n por las fuerzas policiales con la aplicaci\u00f3n de la severa Ley Antiterrorista, que data de la dictadura de Augusto Pinochet (1973-1990) y por la que organismos internacionales han condenado a Chile.<\/p>\n<p>Llanquileo y H\u00e9ctor Llaitul, l\u00edder hist\u00f3rico de la CAM, purgaron seis a\u00f1os de c\u00e1rcel tras ser condenados en 2008 por el ataque a un fiscal y el robo de madera, cargos de los que se declaran inocentes.<\/p>\n<p><em><strong>Ataques a predios y camiones<\/strong><\/em><\/p>\n<p>Para gremios empresariales de la zona, ambos lideran una organizaci\u00f3n que ha sembrado el terror, obligando al despliegue de 3.000 polic\u00edas, con ataques a intereses de la industria forestal y camiones que transportan madera, as\u00ed como agricultores no mapuches.<\/p>\n<p>\u00abNosotros como transportistas entendemos las demandas del pueblo mapuche; en lo que no estamos de acuerdo es la forma en que ellos est\u00e1n tratando de visibilizar esta situaci\u00f3n\u00bb, se queja Alejo Apraiz, presidente de los camioneros de La Araucan\u00eda.<\/p>\n<p>El gobierno de Michelle Bachelet destaca que al final de su mandato habr\u00e1 restituido casi 66.000 hect\u00e1reas de tierras fiscales a comunidades ind\u00edgenas.<\/p>\n<p><em><strong>Caminos distintos, mismo objetivo<\/strong><\/em><\/p>\n<p>Pero no todos los mapuches han optado por las ocupaciones forzadas. Tildadas de \u00abinstitucionales\u00bb, algunas comunidades negociaron con el Estado.<\/p>\n<p>Temulemu, en Traigu\u00e9n, firm\u00f3 en 2011 junto a otras dos comunidades un acuerdo para recuperar 2.500 hect\u00e1reas tambi\u00e9n de Mininco, poniendo fin a 15 a\u00f1os de disputas, marcadas por un violento desalojo en 1998 y el arresto durante cinco a\u00f1os por terrorismo del lonko o l\u00edder de la comunidad, Pascual Pich\u00fan.<\/p>\n<p>El caso llev\u00f3 a la Corte Interamericana de Derechos Humanos a condenar al Estado chileno.<\/p>\n<p>\u00abCada comunidad es libre y aut\u00f3noma de tomar su propia decisi\u00f3n de c\u00f3mo avanzar m\u00e1s r\u00e1pido\u00bb, dice el actual lonko de Temulemu, Juan Pich\u00fan a la AFP, sobre terrenos que rebrotan con fuerza seis a\u00f1os despu\u00e9s de ser recuperados.<\/p>\n<p>\u00abNos ha cambiado la vida de a poco. Ya no dependemos mucho de ir comprar a la ciudad los alimentos; ac\u00e1 mismo se est\u00e1n volviendo a producir los alimentos que son naturales y eso permite mejorar la salud de nuestros habitantes\u00bb, agrega.<\/p>\n<p>En Temulemu tambi\u00e9n luchan por recuperar la cultura ancestral.<\/p>\n<p>En esta comunidad, 22 ni\u00f1os estudian en una escuela intercultural donde aprenden las formas de vida de sus ancestros, mientras un programa oficial fomenta el uso de las hierbas con las que sus antepasados curaban enfermedades.<\/p>\n<p>Los mapuches son casi el 7% de la poblaci\u00f3n chilena, con niveles de pobreza por encima del resto.<\/p>\n<p><em><strong>El Papa, \u00bfmediador?<\/strong><\/em><\/p>\n<p>Sin canales de negociaci\u00f3n abiertos, se aguarda la visita a la zona en enero del papa Francisco, quien buscar\u00e1 acercar posiciones en un conflicto persistir\u00e1 bajo el gobierno que surja del balotaje del domingo, entre el candidato derechista Sebasti\u00e1n Pi\u00f1era y el izquierdista Alejandro Guillier.<\/p>\n<p>\u00abGrandes cosas no se espera ni del Papa ni de \u00e9ste ni de \u00e9ste otro; aqu\u00ed las transformaciones concretas las vamos a hacer nosotros con nuestro esfuerzo\u00bb, sentencia Llanquileo.<\/p>\n<p><em><strong>(Por Paulina Abramovich)<\/strong><\/em><\/span><\/p>\n<p>Fuente:\u00a0http:\/\/www.diariojornada.com.ar\/202342\/sociedad\/indigenas_chilenos_aspiran_a_crear_la_nacion_mapuche\/<\/p>\n","protected":false},"excerpt":{"rendered":"<p>Chile.-Dos d\u00e9cadas de lucha le tom\u00f3 levantar su casa en terrenos arrebatados a una compa\u00f1\u00eda forestal en el sur de [&hellip;]<\/p>\n","protected":false},"author":2,"featured_media":0,"comment_status":"open","ping_status":"open","sticky":false,"template":"","format":"standard","meta":{"site-sidebar-layout":"default","site-content-layout":"","ast-site-content-layout":"default","site-content-style":"default","site-sidebar-style":"default","ast-global-header-display":"","ast-banner-title-visibility":"","ast-main-header-display":"","ast-hfb-above-header-display":"","ast-hfb-below-header-display":"","ast-hfb-mobile-header-display":"","site-post-title":"","ast-breadcrumbs-content":"","ast-featured-img":"","footer-sml-layout":"","ast-disable-related-posts":"","theme-transparent-header-meta":"","adv-header-id-meta":"","stick-header-meta":"","header-above-stick-meta":"","header-main-stick-meta":"","header-below-stick-meta":"","astra-migrate-meta-layouts":"default","ast-page-background-enabled":"default","ast-page-background-meta":{"desktop":{"background-color":"var(--ast-global-color-5)","background-image":"","background-repeat":"repeat","background-position":"center center","background-size":"auto","background-attachment":"scroll","background-type":"","background-media":"","overlay-type":"","overlay-color":"","overlay-opacity":"","overlay-gradient":""},"tablet":{"background-color":"","background-image":"","background-repeat":"repeat","background-position":"center center","background-size":"auto","background-attachment":"scroll","background-type":"","background-media":"","overlay-type":"","overlay-color":"","overlay-opacity":"","overlay-gradient":""},"mobile":{"background-color":"","background-image":"","background-repeat":"repeat","background-position":"center center","background-size":"auto","background-attachment":"scroll","background-type":"","background-media":"","overlay-type":"","overlay-color":"","overlay-opacity":"","overlay-gradient":""}},"ast-content-background-meta":{"desktop":{"background-color":"var(--ast-global-color-4)","background-image":"","background-repeat":"repeat","background-position":"center center","background-size":"auto","background-attachment":"scroll","background-type":"","background-media":"","overlay-type":"","overlay-color":"","overlay-opacity":"","overlay-gradient":""},"tablet":{"background-color":"var(--ast-global-color-4)","background-image":"","background-repeat":"repeat","background-position":"center center","background-size":"auto","background-attachment":"scroll","background-type":"","background-media":"","overlay-type":"","overlay-color":"","overlay-opacity":"","overlay-gradient":""},"mobile":{"background-color":"var(--ast-global-color-4)","background-image":"","background-repeat":"repeat","background-position":"center center","background-size":"auto","background-attachment":"scroll","background-type":"","background-media":"","overlay-type":"","overlay-color":"","overlay-opacity":"","overlay-gradient":""}},"footnotes":""},"categories":[23,1],"tags":[],"class_list":["post-39796","post","type-post","status-publish","format-standard","hentry","category-internacionales","category-noticias"],"yoast_head":"<!-- This site is optimized with the Yoast SEO Premium plugin v23.0 (Yoast SEO v27.4) - https:\/\/yoast.com\/product\/yoast-seo-premium-wordpress\/ -->\n<title>Ind\u00edgenas chilenos aspiran a crear la naci\u00f3n mapuche<\/title>\n<meta name=\"robots\" content=\"index, follow, max-snippet:-1, max-image-preview:large, max-video-preview:-1\" \/>\n<link rel=\"canonical\" href=\"https:\/\/patagoniambiental.com.ar\/info\/indigenas-chilenos-aspiran-a-crear-la-nacion-mapuche\/\" \/>\n<meta property=\"og:locale\" content=\"es_ES\" \/>\n<meta property=\"og:type\" content=\"article\" \/>\n<meta property=\"og:title\" content=\"Ind\u00edgenas chilenos aspiran a crear la naci\u00f3n mapuche\" \/>\n<meta property=\"og:description\" content=\"Chile.-Dos d\u00e9cadas de lucha le tom\u00f3 levantar su casa en terrenos arrebatados a una compa\u00f1\u00eda forestal en el sur de [&hellip;]\" \/>\n<meta property=\"og:url\" content=\"https:\/\/patagoniambiental.com.ar\/info\/indigenas-chilenos-aspiran-a-crear-la-nacion-mapuche\/\" \/>\n<meta property=\"og:site_name\" content=\"Patagonia Ambiental\" \/>\n<meta property=\"article:publisher\" content=\"https:\/\/www.facebook.com\/patagonia.ambiental\" \/>\n<meta property=\"article:author\" content=\"https:\/\/www.facebook.com\/share\/1C1V8Gv9BX\/?mibextid=qi2Omg\" \/>\n<meta property=\"article:published_time\" content=\"2017-12-14T22:00:13+00:00\" \/>\n<meta property=\"og:image\" content=\"http:\/\/repo.diariojornada.com.ar\/imagenes\/2017\/12\/12\/402321_4145_slider.jpg\" \/>\n<meta name=\"author\" content=\"Patagonia Ambiental\" \/>\n<meta name=\"twitter:card\" content=\"summary_large_image\" \/>\n<meta name=\"twitter:creator\" content=\"@PatAmb\" \/>\n<meta name=\"twitter:site\" content=\"@PatAmb\" \/>\n<script type=\"application\/ld+json\" class=\"yoast-schema-graph\">{\"@context\":\"https:\\\/\\\/schema.org\",\"@graph\":[{\"@type\":\"Article\",\"@id\":\"https:\\\/\\\/patagoniambiental.com.ar\\\/info\\\/indigenas-chilenos-aspiran-a-crear-la-nacion-mapuche\\\/#article\",\"isPartOf\":{\"@id\":\"https:\\\/\\\/patagoniambiental.com.ar\\\/info\\\/indigenas-chilenos-aspiran-a-crear-la-nacion-mapuche\\\/\"},\"author\":{\"name\":\"Patagonia Ambiental\",\"@id\":\"https:\\\/\\\/patagoniambiental.com.ar\\\/info\\\/#\\\/schema\\\/person\\\/db12bff64bbcbf6a253710bf0ea37b5d\"},\"headline\":\"Ind\u00edgenas chilenos aspiran a crear la naci\u00f3n mapuche\",\"datePublished\":\"2017-12-14T22:00:13+00:00\",\"mainEntityOfPage\":{\"@id\":\"https:\\\/\\\/patagoniambiental.com.ar\\\/info\\\/indigenas-chilenos-aspiran-a-crear-la-nacion-mapuche\\\/\"},\"wordCount\":982,\"commentCount\":0,\"publisher\":{\"@id\":\"https:\\\/\\\/patagoniambiental.com.ar\\\/info\\\/#organization\"},\"image\":{\"@id\":\"https:\\\/\\\/patagoniambiental.com.ar\\\/info\\\/indigenas-chilenos-aspiran-a-crear-la-nacion-mapuche\\\/#primaryimage\"},\"thumbnailUrl\":\"http:\\\/\\\/repo.diariojornada.com.ar\\\/imagenes\\\/2017\\\/12\\\/12\\\/402321_4145_slider.jpg\",\"articleSection\":[\"Internacionales\",\"Noticias\"],\"inLanguage\":\"es\",\"potentialAction\":[{\"@type\":\"CommentAction\",\"name\":\"Comment\",\"target\":[\"https:\\\/\\\/patagoniambiental.com.ar\\\/info\\\/indigenas-chilenos-aspiran-a-crear-la-nacion-mapuche\\\/#respond\"]}]},{\"@type\":\"WebPage\",\"@id\":\"https:\\\/\\\/patagoniambiental.com.ar\\\/info\\\/indigenas-chilenos-aspiran-a-crear-la-nacion-mapuche\\\/\",\"url\":\"https:\\\/\\\/patagoniambiental.com.ar\\\/info\\\/indigenas-chilenos-aspiran-a-crear-la-nacion-mapuche\\\/\",\"name\":\"Ind\u00edgenas chilenos aspiran a crear la naci\u00f3n mapuche\",\"isPartOf\":{\"@id\":\"https:\\\/\\\/patagoniambiental.com.ar\\\/info\\\/#website\"},\"primaryImageOfPage\":{\"@id\":\"https:\\\/\\\/patagoniambiental.com.ar\\\/info\\\/indigenas-chilenos-aspiran-a-crear-la-nacion-mapuche\\\/#primaryimage\"},\"image\":{\"@id\":\"https:\\\/\\\/patagoniambiental.com.ar\\\/info\\\/indigenas-chilenos-aspiran-a-crear-la-nacion-mapuche\\\/#primaryimage\"},\"thumbnailUrl\":\"http:\\\/\\\/repo.diariojornada.com.ar\\\/imagenes\\\/2017\\\/12\\\/12\\\/402321_4145_slider.jpg\",\"datePublished\":\"2017-12-14T22:00:13+00:00\",\"breadcrumb\":{\"@id\":\"https:\\\/\\\/patagoniambiental.com.ar\\\/info\\\/indigenas-chilenos-aspiran-a-crear-la-nacion-mapuche\\\/#breadcrumb\"},\"inLanguage\":\"es\",\"potentialAction\":[{\"@type\":\"ReadAction\",\"target\":[\"https:\\\/\\\/patagoniambiental.com.ar\\\/info\\\/indigenas-chilenos-aspiran-a-crear-la-nacion-mapuche\\\/\"]}]},{\"@type\":\"ImageObject\",\"inLanguage\":\"es\",\"@id\":\"https:\\\/\\\/patagoniambiental.com.ar\\\/info\\\/indigenas-chilenos-aspiran-a-crear-la-nacion-mapuche\\\/#primaryimage\",\"url\":\"http:\\\/\\\/repo.diariojornada.com.ar\\\/imagenes\\\/2017\\\/12\\\/12\\\/402321_4145_slider.jpg\",\"contentUrl\":\"http:\\\/\\\/repo.diariojornada.com.ar\\\/imagenes\\\/2017\\\/12\\\/12\\\/402321_4145_slider.jpg\"},{\"@type\":\"BreadcrumbList\",\"@id\":\"https:\\\/\\\/patagoniambiental.com.ar\\\/info\\\/indigenas-chilenos-aspiran-a-crear-la-nacion-mapuche\\\/#breadcrumb\",\"itemListElement\":[{\"@type\":\"ListItem\",\"position\":1,\"name\":\"Inicio\",\"item\":\"https:\\\/\\\/patagoniambiental.com.ar\\\/info\\\/\"},{\"@type\":\"ListItem\",\"position\":2,\"name\":\"Ind\u00edgenas chilenos aspiran a crear la naci\u00f3n mapuche\"}]},{\"@type\":\"WebSite\",\"@id\":\"https:\\\/\\\/patagoniambiental.com.ar\\\/info\\\/#website\",\"url\":\"https:\\\/\\\/patagoniambiental.com.ar\\\/info\\\/\",\"name\":\"Patagonia Ambiental\",\"description\":\"Monitoreo y an\u00e1lisis de la situaci\u00f3n geopol\u00edtica en el mundo y su implicancia en la Patagonia\",\"publisher\":{\"@id\":\"https:\\\/\\\/patagoniambiental.com.ar\\\/info\\\/#organization\"},\"potentialAction\":[{\"@type\":\"SearchAction\",\"target\":{\"@type\":\"EntryPoint\",\"urlTemplate\":\"https:\\\/\\\/patagoniambiental.com.ar\\\/info\\\/?s={search_term_string}\"},\"query-input\":{\"@type\":\"PropertyValueSpecification\",\"valueRequired\":true,\"valueName\":\"search_term_string\"}}],\"inLanguage\":\"es\"},{\"@type\":\"Organization\",\"@id\":\"https:\\\/\\\/patagoniambiental.com.ar\\\/info\\\/#organization\",\"name\":\"Patagonia Ambiental\",\"url\":\"https:\\\/\\\/patagoniambiental.com.ar\\\/info\\\/\",\"logo\":{\"@type\":\"ImageObject\",\"inLanguage\":\"es\",\"@id\":\"https:\\\/\\\/patagoniambiental.com.ar\\\/info\\\/#\\\/schema\\\/logo\\\/image\\\/\",\"url\":\"https:\\\/\\\/patagoniambiental.com.ar\\\/info\\\/wp-content\\\/uploads\\\/2025\\\/05\\\/LOGO-PATAGONIA-AMBIENTAL.png\",\"contentUrl\":\"https:\\\/\\\/patagoniambiental.com.ar\\\/info\\\/wp-content\\\/uploads\\\/2025\\\/05\\\/LOGO-PATAGONIA-AMBIENTAL.png\",\"width\":433,\"height\":250,\"caption\":\"Patagonia Ambiental\"},\"image\":{\"@id\":\"https:\\\/\\\/patagoniambiental.com.ar\\\/info\\\/#\\\/schema\\\/logo\\\/image\\\/\"},\"sameAs\":[\"https:\\\/\\\/www.facebook.com\\\/patagonia.ambiental\",\"https:\\\/\\\/x.com\\\/PatAmb\"]},{\"@type\":\"Person\",\"@id\":\"https:\\\/\\\/patagoniambiental.com.ar\\\/info\\\/#\\\/schema\\\/person\\\/db12bff64bbcbf6a253710bf0ea37b5d\",\"name\":\"Patagonia Ambiental\",\"description\":\"Andr\u00e9s Nievas T\u00e9cnico en manejo ambiental, consultor Ambiental y escritor para medios locales e internacionales sobre temas de geopolitica y medio ambiente.\",\"sameAs\":[\"http:\\\/\\\/www.patagoniambiental.com.ar\",\"https:\\\/\\\/www.facebook.com\\\/share\\\/1C1V8Gv9BX\\\/?mibextid=qi2Omg\",\"@patagoniambiental\",\"https:\\\/\\\/youtube.com\\\/@patagoniaambiental2023?si=BLt58t0wuXquxlYZ\"]}]}<\/script>\n<!-- \/ Yoast SEO Premium plugin. -->","yoast_head_json":{"title":"Ind\u00edgenas chilenos aspiran a crear la naci\u00f3n mapuche","robots":{"index":"index","follow":"follow","max-snippet":"max-snippet:-1","max-image-preview":"max-image-preview:large","max-video-preview":"max-video-preview:-1"},"canonical":"https:\/\/patagoniambiental.com.ar\/info\/indigenas-chilenos-aspiran-a-crear-la-nacion-mapuche\/","og_locale":"es_ES","og_type":"article","og_title":"Ind\u00edgenas chilenos aspiran a crear la naci\u00f3n mapuche","og_description":"Chile.-Dos d\u00e9cadas de lucha le tom\u00f3 levantar su casa en terrenos arrebatados a una compa\u00f1\u00eda forestal en el sur de [&hellip;]","og_url":"https:\/\/patagoniambiental.com.ar\/info\/indigenas-chilenos-aspiran-a-crear-la-nacion-mapuche\/","og_site_name":"Patagonia Ambiental","article_publisher":"https:\/\/www.facebook.com\/patagonia.ambiental","article_author":"https:\/\/www.facebook.com\/share\/1C1V8Gv9BX\/?mibextid=qi2Omg","article_published_time":"2017-12-14T22:00:13+00:00","og_image":[{"url":"http:\/\/repo.diariojornada.com.ar\/imagenes\/2017\/12\/12\/402321_4145_slider.jpg","type":"","width":"","height":""}],"author":"Patagonia Ambiental","twitter_card":"summary_large_image","twitter_creator":"@PatAmb","twitter_site":"@PatAmb","schema":{"@context":"https:\/\/schema.org","@graph":[{"@type":"Article","@id":"https:\/\/patagoniambiental.com.ar\/info\/indigenas-chilenos-aspiran-a-crear-la-nacion-mapuche\/#article","isPartOf":{"@id":"https:\/\/patagoniambiental.com.ar\/info\/indigenas-chilenos-aspiran-a-crear-la-nacion-mapuche\/"},"author":{"name":"Patagonia Ambiental","@id":"https:\/\/patagoniambiental.com.ar\/info\/#\/schema\/person\/db12bff64bbcbf6a253710bf0ea37b5d"},"headline":"Ind\u00edgenas chilenos aspiran a crear la naci\u00f3n mapuche","datePublished":"2017-12-14T22:00:13+00:00","mainEntityOfPage":{"@id":"https:\/\/patagoniambiental.com.ar\/info\/indigenas-chilenos-aspiran-a-crear-la-nacion-mapuche\/"},"wordCount":982,"commentCount":0,"publisher":{"@id":"https:\/\/patagoniambiental.com.ar\/info\/#organization"},"image":{"@id":"https:\/\/patagoniambiental.com.ar\/info\/indigenas-chilenos-aspiran-a-crear-la-nacion-mapuche\/#primaryimage"},"thumbnailUrl":"http:\/\/repo.diariojornada.com.ar\/imagenes\/2017\/12\/12\/402321_4145_slider.jpg","articleSection":["Internacionales","Noticias"],"inLanguage":"es","potentialAction":[{"@type":"CommentAction","name":"Comment","target":["https:\/\/patagoniambiental.com.ar\/info\/indigenas-chilenos-aspiran-a-crear-la-nacion-mapuche\/#respond"]}]},{"@type":"WebPage","@id":"https:\/\/patagoniambiental.com.ar\/info\/indigenas-chilenos-aspiran-a-crear-la-nacion-mapuche\/","url":"https:\/\/patagoniambiental.com.ar\/info\/indigenas-chilenos-aspiran-a-crear-la-nacion-mapuche\/","name":"Ind\u00edgenas chilenos aspiran a crear la naci\u00f3n mapuche","isPartOf":{"@id":"https:\/\/patagoniambiental.com.ar\/info\/#website"},"primaryImageOfPage":{"@id":"https:\/\/patagoniambiental.com.ar\/info\/indigenas-chilenos-aspiran-a-crear-la-nacion-mapuche\/#primaryimage"},"image":{"@id":"https:\/\/patagoniambiental.com.ar\/info\/indigenas-chilenos-aspiran-a-crear-la-nacion-mapuche\/#primaryimage"},"thumbnailUrl":"http:\/\/repo.diariojornada.com.ar\/imagenes\/2017\/12\/12\/402321_4145_slider.jpg","datePublished":"2017-12-14T22:00:13+00:00","breadcrumb":{"@id":"https:\/\/patagoniambiental.com.ar\/info\/indigenas-chilenos-aspiran-a-crear-la-nacion-mapuche\/#breadcrumb"},"inLanguage":"es","potentialAction":[{"@type":"ReadAction","target":["https:\/\/patagoniambiental.com.ar\/info\/indigenas-chilenos-aspiran-a-crear-la-nacion-mapuche\/"]}]},{"@type":"ImageObject","inLanguage":"es","@id":"https:\/\/patagoniambiental.com.ar\/info\/indigenas-chilenos-aspiran-a-crear-la-nacion-mapuche\/#primaryimage","url":"http:\/\/repo.diariojornada.com.ar\/imagenes\/2017\/12\/12\/402321_4145_slider.jpg","contentUrl":"http:\/\/repo.diariojornada.com.ar\/imagenes\/2017\/12\/12\/402321_4145_slider.jpg"},{"@type":"BreadcrumbList","@id":"https:\/\/patagoniambiental.com.ar\/info\/indigenas-chilenos-aspiran-a-crear-la-nacion-mapuche\/#breadcrumb","itemListElement":[{"@type":"ListItem","position":1,"name":"Inicio","item":"https:\/\/patagoniambiental.com.ar\/info\/"},{"@type":"ListItem","position":2,"name":"Ind\u00edgenas chilenos aspiran a crear la naci\u00f3n mapuche"}]},{"@type":"WebSite","@id":"https:\/\/patagoniambiental.com.ar\/info\/#website","url":"https:\/\/patagoniambiental.com.ar\/info\/","name":"Patagonia Ambiental","description":"Monitoreo y an\u00e1lisis de la situaci\u00f3n geopol\u00edtica en el mundo y su implicancia en la Patagonia","publisher":{"@id":"https:\/\/patagoniambiental.com.ar\/info\/#organization"},"potentialAction":[{"@type":"SearchAction","target":{"@type":"EntryPoint","urlTemplate":"https:\/\/patagoniambiental.com.ar\/info\/?s={search_term_string}"},"query-input":{"@type":"PropertyValueSpecification","valueRequired":true,"valueName":"search_term_string"}}],"inLanguage":"es"},{"@type":"Organization","@id":"https:\/\/patagoniambiental.com.ar\/info\/#organization","name":"Patagonia Ambiental","url":"https:\/\/patagoniambiental.com.ar\/info\/","logo":{"@type":"ImageObject","inLanguage":"es","@id":"https:\/\/patagoniambiental.com.ar\/info\/#\/schema\/logo\/image\/","url":"https:\/\/patagoniambiental.com.ar\/info\/wp-content\/uploads\/2025\/05\/LOGO-PATAGONIA-AMBIENTAL.png","contentUrl":"https:\/\/patagoniambiental.com.ar\/info\/wp-content\/uploads\/2025\/05\/LOGO-PATAGONIA-AMBIENTAL.png","width":433,"height":250,"caption":"Patagonia Ambiental"},"image":{"@id":"https:\/\/patagoniambiental.com.ar\/info\/#\/schema\/logo\/image\/"},"sameAs":["https:\/\/www.facebook.com\/patagonia.ambiental","https:\/\/x.com\/PatAmb"]},{"@type":"Person","@id":"https:\/\/patagoniambiental.com.ar\/info\/#\/schema\/person\/db12bff64bbcbf6a253710bf0ea37b5d","name":"Patagonia Ambiental","description":"Andr\u00e9s Nievas T\u00e9cnico en manejo ambiental, consultor Ambiental y escritor para medios locales e internacionales sobre temas de geopolitica y medio ambiente.","sameAs":["http:\/\/www.patagoniambiental.com.ar","https:\/\/www.facebook.com\/share\/1C1V8Gv9BX\/?mibextid=qi2Omg","@patagoniambiental","https:\/\/youtube.com\/@patagoniaambiental2023?si=BLt58t0wuXquxlYZ"]}]}},"_links":{"self":[{"href":"https:\/\/patagoniambiental.com.ar\/info\/wp-json\/wp\/v2\/posts\/39796","targetHints":{"allow":["GET"]}}],"collection":[{"href":"https:\/\/patagoniambiental.com.ar\/info\/wp-json\/wp\/v2\/posts"}],"about":[{"href":"https:\/\/patagoniambiental.com.ar\/info\/wp-json\/wp\/v2\/types\/post"}],"author":[{"embeddable":true,"href":"https:\/\/patagoniambiental.com.ar\/info\/wp-json\/wp\/v2\/users\/2"}],"replies":[{"embeddable":true,"href":"https:\/\/patagoniambiental.com.ar\/info\/wp-json\/wp\/v2\/comments?post=39796"}],"version-history":[{"count":0,"href":"https:\/\/patagoniambiental.com.ar\/info\/wp-json\/wp\/v2\/posts\/39796\/revisions"}],"wp:attachment":[{"href":"https:\/\/patagoniambiental.com.ar\/info\/wp-json\/wp\/v2\/media?parent=39796"}],"wp:term":[{"taxonomy":"category","embeddable":true,"href":"https:\/\/patagoniambiental.com.ar\/info\/wp-json\/wp\/v2\/categories?post=39796"},{"taxonomy":"post_tag","embeddable":true,"href":"https:\/\/patagoniambiental.com.ar\/info\/wp-json\/wp\/v2\/tags?post=39796"}],"curies":[{"name":"wp","href":"https:\/\/api.w.org\/{rel}","templated":true}]}}