{"id":39800,"date":"2017-12-15T19:00:16","date_gmt":"2017-12-15T22:00:16","guid":{"rendered":"http:\/\/patagoniambiental.com.ar\/info\/?p=39800"},"modified":"2017-12-14T10:38:20","modified_gmt":"2017-12-14T13:38:20","slug":"130-anos-despues-los-restos-de-cuatro-mapuches-saldran-del-museo-de-la-plata-y-volveran-a-su-comunidad","status":"publish","type":"post","link":"https:\/\/patagoniambiental.com.ar\/info\/130-anos-despues-los-restos-de-cuatro-mapuches-saldran-del-museo-de-la-plata-y-volveran-a-su-comunidad\/","title":{"rendered":"130 A\u00d1OS DESPU\u00c9S  Los restos de cuatro mapuches saldr\u00e1n del Museo de La Plata y volver\u00e1n a su comunidad"},"content":{"rendered":"<header class=\"entry-header\">\n<p class=\"entry-title\">La Plata.-Fue aprobado por el Consejo Directivo de la facultad de Ciencias Naturales y el Consejo Superior de la UNLP.\u00a0Ser\u00e1 el pr\u00f3ximo lunes y ser\u00e1n devueltos despu\u00e9s\u00a0de 130 a\u00f1os desde la profanaci\u00f3n de sus tumbas.<\/p>\n<\/header>\n<div class=\"entry-content\">\n<p><!--more--><\/p>\n<div class=\"nota_firma\"><img decoding=\"async\" src=\"http:\/\/www.infoplatense.com.ar\/img\/isologo.png\" \/>\u00a0<span class=\"nota_firma_resaltado\">Por: Infoplatense<\/span>\u00a0| Mi\u00e9rcoles 13 de Diciembre de 2017<\/div>\n<div class=\"tapa_contenedort_imagen\">\n<div class=\"tapa_imagen\">\n<div class=\"videoWrapper\"><a class=\"imagenLink\" href=\"http:\/\/www.infoplatense.com.ar\/nota\/2017-12-13-8-51-0-los-restos-de-cuatro-mapuches-saldran-del-museo-de-la-plata-y-volveran-a-su-comunidad\" data-gallery=\"\"><img decoding=\"async\" class=\"panel_imagen\" src=\"http:\/\/pxb.cdn.infoplatense.com.ar\/platense\/062017\/1498051031367.jpg\" \/><\/a><\/div>\n<div class=\"share_nota\">\n<p>&nbsp;<\/p>\n<div class=\"share-btn share-fb\"><\/div>\n<div class=\"share-btn share-tw\">Uno de los actos de restituci\u00f3n de restos ya realizados en el Museo de La Plata<\/div>\n<\/div>\n<\/div>\n<\/div>\n<div id=\"content\">\n<div class=\"complementarias_notapage\">\n<div class=\"notas_complementarias_notapage\">\n<div>\n<div class=\"center-crop\"><\/div>\n<header class=\"entry-header\">\n<p class=\"entry-title\"><a href=\"http:\/\/www.infoplatense.com.ar\/nota\/2016-5-13-mapuches-pidieron-al-museo-de-la-plata-la-restitucion-de-restos-de-cuatro-caciques\">Mapuches pidieron al museo de La Plata la restituci\u00f3n de restos de cuatro caciques<\/a><\/p>\n<\/header>\n<\/div>\n<\/div>\n<\/div>\n<div class=\"contenido-html\">\n<p>El Museo de La Plata restituir\u00e1 el pr\u00f3ximo lunes los restos \u00f3seos de cuatro mapuches a su comunidad para que descansen seg\u00fan los rituales de su pueblo, al cumplirse 130 a\u00f1os de la profanaci\u00f3n de sus tumbas.\u00a0Se trata del esqueleto de un hombre, un esqueleto de mujer y dos cr\u00e1neos, todos NN, que fueron profanados de sus tumbas en 1887, en la zona de la localidad bonaerense de Tapalqu\u00e9.<\/p>\n<p>Seg\u00fan un informe de la agencia Telam,\u00a0\u00abla restituci\u00f3n se concretar\u00e1 el pr\u00f3ximo lunes a las 12, cuando la comunidad mapuche Pe\u00f1i Mapu de la localidad de Olavarr\u00eda retire los restos de sus ancestros para trasladarlos hasta la localidad de Tapalqu\u00e9\u00bb.<\/p>\n<p>La restituci\u00f3n de los restos fue aprobada la semana pasada por el Consejo Directivo de la Facultad de Ciencias Naturales y Museo y este martes por el Consejo Superior de la Universidad Nacional de La Plata.<\/p>\n<p>El decano de la Facultad de Ciencias Naturales,\u00a0<strong>Ricardo Etcheverry<\/strong>, destac\u00f3: \u00abSeguimos profundizando nuestra pol\u00edtica de restituci\u00f3n en la convicci\u00f3n de que estos restos no pueden ser considerados bienes patrimoniales, sino que deben recuperar su condici\u00f3n de personas\u00bb.<\/p>\n<p>Los restos fueron exhumados de sepulturas ind\u00edgenas en la localidad de Tapalqu\u00e9 en el siglo XIX a instancias de expediciones organizadas por el propio Museo de La Plata hacia 1887 y 1888.<\/p>\n<p>Tres de los restos fueron tra\u00eddos por\u00a0<strong>Emilio Mirlin<\/strong>, un naturalista viajero contratado por la instituci\u00f3n, quien realiz\u00f3 expediciones por el territorio de la provincia de Buenos Aires.<\/p>\n<p>De estos restos, solo se conoce la procedencia geogr\u00e1fica de los enterratorios -seg\u00fan la documentaci\u00f3n institucional- pero se desconocen la antig\u00fcedad y las identidades. Seg\u00fan los criterios de la \u00e9poca, se atribuy\u00f3 a estos individuos un probable origen araucano.<\/p>\n<p>El reclamo de la comunidad mapuche \u00abPe\u00f1i Mapu\u00bb de Olavarr\u00eda cuenta con el apoyo de las comunidades \u00abCacique Pincen Mapuche Tehuelche\u00bb de Trenque Lauquen y \u00abVicente Catrurao Pinc\u00e9n\u00bb de San Miguel, entre otras de la provincia de Buenos Aires.<\/p>\n<p>Este pedido tambi\u00e9n fue respaldado por los representantes del pueblo mapuche ante el Concejo de Participaci\u00f3n Ind\u00edgena (CPI) y el Concejo Ind\u00edgena de la provincia de Buenos Aires (CIBA).<\/p>\n<p>El director de Afirmaci\u00f3n de los Derechos Ind\u00edgenas, del Instituto Nacional de Asuntos Ind\u00edgenas,\u00a0<strong>Nicol\u00e1s Torres<\/strong>, tambi\u00e9n valid\u00f3 a a la Comunidad Pe\u00f1i Mapu como destinataria de los restos humanos reclamados.<\/p>\n<p>Los restos ser\u00e1n trasladados el mismo lunes a Tapalqu\u00e9, donde la comunidad cuenta con un predio, y donde ya fueron inhumados el lonko\u00a0<strong>Chipitruz\u00a0<\/strong>y\u00a0<strong>Manuel Guerra<\/strong>, ambos restituidos por el Museo el a\u00f1o pasado.<\/p>\n<\/div>\n<\/div>\n<\/div>\n<p>Fuente:\u00a0http:\/\/www.infoplatense.com.ar\/nota\/2017-12-13-8-51-0-los-restos-de-cuatro-mapuches-saldran-del-museo-de-la-plata-y-volveran-a-su-comunidad<\/p>\n","protected":false},"excerpt":{"rendered":"<p>La Plata.-Fue aprobado por el Consejo Directivo de la facultad de Ciencias Naturales y el Consejo Superior de la UNLP.\u00a0Ser\u00e1 [&hellip;]<\/p>\n","protected":false},"author":2,"featured_media":0,"comment_status":"open","ping_status":"open","sticky":false,"template":"","format":"standard","meta":{"site-sidebar-layout":"default","site-content-layout":"","ast-site-content-layout":"default","site-content-style":"default","site-sidebar-style":"default","ast-global-header-display":"","ast-banner-title-visibility":"","ast-main-header-display":"","ast-hfb-above-header-display":"","ast-hfb-below-header-display":"","ast-hfb-mobile-header-display":"","site-post-title":"","ast-breadcrumbs-content":"","ast-featured-img":"","footer-sml-layout":"","ast-disable-related-posts":"","theme-transparent-header-meta":"","adv-header-id-meta":"","stick-header-meta":"","header-above-stick-meta":"","header-main-stick-meta":"","header-below-stick-meta":"","astra-migrate-meta-layouts":"default","ast-page-background-enabled":"default","ast-page-background-meta":{"desktop":{"background-color":"var(--ast-global-color-5)","background-image":"","background-repeat":"repeat","background-position":"center center","background-size":"auto","background-attachment":"scroll","background-type":"","background-media":"","overlay-type":"","overlay-color":"","overlay-opacity":"","overlay-gradient":""},"tablet":{"background-color":"","background-image":"","background-repeat":"repeat","background-position":"center center","background-size":"auto","background-attachment":"scroll","background-type":"","background-media":"","overlay-type":"","overlay-color":"","overlay-opacity":"","overlay-gradient":""},"mobile":{"background-color":"","background-image":"","background-repeat":"repeat","background-position":"center center","background-size":"auto","background-attachment":"scroll","background-type":"","background-media":"","overlay-type":"","overlay-color":"","overlay-opacity":"","overlay-gradient":""}},"ast-content-background-meta":{"desktop":{"background-color":"var(--ast-global-color-4)","background-image":"","background-repeat":"repeat","background-position":"center center","background-size":"auto","background-attachment":"scroll","background-type":"","background-media":"","overlay-type":"","overlay-color":"","overlay-opacity":"","overlay-gradient":""},"tablet":{"background-color":"var(--ast-global-color-4)","background-image":"","background-repeat":"repeat","background-position":"center center","background-size":"auto","background-attachment":"scroll","background-type":"","background-media":"","overlay-type":"","overlay-color":"","overlay-opacity":"","overlay-gradient":""},"mobile":{"background-color":"var(--ast-global-color-4)","background-image":"","background-repeat":"repeat","background-position":"center center","background-size":"auto","background-attachment":"scroll","background-type":"","background-media":"","overlay-type":"","overlay-color":"","overlay-opacity":"","overlay-gradient":""}},"footnotes":""},"categories":[1],"tags":[],"class_list":["post-39800","post","type-post","status-publish","format-standard","hentry","category-noticias"],"yoast_head":"<!-- This site is optimized with the Yoast SEO Premium plugin v23.0 (Yoast SEO v27.4) - https:\/\/yoast.com\/product\/yoast-seo-premium-wordpress\/ -->\n<title>130 A\u00d1OS DESPU\u00c9S Los restos de cuatro mapuches saldr\u00e1n del Museo de La Plata y volver\u00e1n a su comunidad<\/title>\n<meta name=\"robots\" content=\"index, follow, max-snippet:-1, max-image-preview:large, max-video-preview:-1\" \/>\n<link rel=\"canonical\" href=\"https:\/\/patagoniambiental.com.ar\/info\/130-anos-despues-los-restos-de-cuatro-mapuches-saldran-del-museo-de-la-plata-y-volveran-a-su-comunidad\/\" \/>\n<meta property=\"og:locale\" content=\"es_ES\" \/>\n<meta property=\"og:type\" content=\"article\" \/>\n<meta property=\"og:title\" content=\"130 A\u00d1OS DESPU\u00c9S Los restos de cuatro mapuches saldr\u00e1n del Museo de La Plata y volver\u00e1n a su comunidad\" \/>\n<meta property=\"og:description\" content=\"La Plata.-Fue aprobado por el Consejo Directivo de la facultad de Ciencias Naturales y el Consejo Superior de la UNLP.\u00a0Ser\u00e1 [&hellip;]\" \/>\n<meta property=\"og:url\" content=\"https:\/\/patagoniambiental.com.ar\/info\/130-anos-despues-los-restos-de-cuatro-mapuches-saldran-del-museo-de-la-plata-y-volveran-a-su-comunidad\/\" \/>\n<meta property=\"og:site_name\" content=\"Patagonia Ambiental\" \/>\n<meta property=\"article:publisher\" content=\"https:\/\/www.facebook.com\/patagonia.ambiental\" \/>\n<meta property=\"article:author\" content=\"https:\/\/www.facebook.com\/share\/1C1V8Gv9BX\/?mibextid=qi2Omg\" \/>\n<meta property=\"article:published_time\" content=\"2017-12-15T22:00:16+00:00\" \/>\n<meta property=\"og:image\" content=\"http:\/\/www.infoplatense.com.ar\/img\/isologo.png\" \/>\n<meta name=\"author\" content=\"Patagonia Ambiental\" \/>\n<meta name=\"twitter:card\" content=\"summary_large_image\" \/>\n<meta name=\"twitter:creator\" content=\"@PatAmb\" \/>\n<meta name=\"twitter:site\" content=\"@PatAmb\" \/>\n<script type=\"application\/ld+json\" class=\"yoast-schema-graph\">{\"@context\":\"https:\\\/\\\/schema.org\",\"@graph\":[{\"@type\":\"Article\",\"@id\":\"https:\\\/\\\/patagoniambiental.com.ar\\\/info\\\/130-anos-despues-los-restos-de-cuatro-mapuches-saldran-del-museo-de-la-plata-y-volveran-a-su-comunidad\\\/#article\",\"isPartOf\":{\"@id\":\"https:\\\/\\\/patagoniambiental.com.ar\\\/info\\\/130-anos-despues-los-restos-de-cuatro-mapuches-saldran-del-museo-de-la-plata-y-volveran-a-su-comunidad\\\/\"},\"author\":{\"name\":\"Patagonia Ambiental\",\"@id\":\"https:\\\/\\\/patagoniambiental.com.ar\\\/info\\\/#\\\/schema\\\/person\\\/db12bff64bbcbf6a253710bf0ea37b5d\"},\"headline\":\"130 A\u00d1OS DESPU\u00c9S Los restos de cuatro mapuches saldr\u00e1n del Museo de La Plata y volver\u00e1n a su comunidad\",\"datePublished\":\"2017-12-15T22:00:16+00:00\",\"mainEntityOfPage\":{\"@id\":\"https:\\\/\\\/patagoniambiental.com.ar\\\/info\\\/130-anos-despues-los-restos-de-cuatro-mapuches-saldran-del-museo-de-la-plata-y-volveran-a-su-comunidad\\\/\"},\"wordCount\":568,\"commentCount\":0,\"publisher\":{\"@id\":\"https:\\\/\\\/patagoniambiental.com.ar\\\/info\\\/#organization\"},\"image\":{\"@id\":\"https:\\\/\\\/patagoniambiental.com.ar\\\/info\\\/130-anos-despues-los-restos-de-cuatro-mapuches-saldran-del-museo-de-la-plata-y-volveran-a-su-comunidad\\\/#primaryimage\"},\"thumbnailUrl\":\"http:\\\/\\\/www.infoplatense.com.ar\\\/img\\\/isologo.png\",\"articleSection\":[\"Noticias\"],\"inLanguage\":\"es\",\"potentialAction\":[{\"@type\":\"CommentAction\",\"name\":\"Comment\",\"target\":[\"https:\\\/\\\/patagoniambiental.com.ar\\\/info\\\/130-anos-despues-los-restos-de-cuatro-mapuches-saldran-del-museo-de-la-plata-y-volveran-a-su-comunidad\\\/#respond\"]}]},{\"@type\":\"WebPage\",\"@id\":\"https:\\\/\\\/patagoniambiental.com.ar\\\/info\\\/130-anos-despues-los-restos-de-cuatro-mapuches-saldran-del-museo-de-la-plata-y-volveran-a-su-comunidad\\\/\",\"url\":\"https:\\\/\\\/patagoniambiental.com.ar\\\/info\\\/130-anos-despues-los-restos-de-cuatro-mapuches-saldran-del-museo-de-la-plata-y-volveran-a-su-comunidad\\\/\",\"name\":\"130 A\u00d1OS DESPU\u00c9S Los restos de cuatro mapuches saldr\u00e1n del Museo de La Plata y volver\u00e1n a su comunidad\",\"isPartOf\":{\"@id\":\"https:\\\/\\\/patagoniambiental.com.ar\\\/info\\\/#website\"},\"primaryImageOfPage\":{\"@id\":\"https:\\\/\\\/patagoniambiental.com.ar\\\/info\\\/130-anos-despues-los-restos-de-cuatro-mapuches-saldran-del-museo-de-la-plata-y-volveran-a-su-comunidad\\\/#primaryimage\"},\"image\":{\"@id\":\"https:\\\/\\\/patagoniambiental.com.ar\\\/info\\\/130-anos-despues-los-restos-de-cuatro-mapuches-saldran-del-museo-de-la-plata-y-volveran-a-su-comunidad\\\/#primaryimage\"},\"thumbnailUrl\":\"http:\\\/\\\/www.infoplatense.com.ar\\\/img\\\/isologo.png\",\"datePublished\":\"2017-12-15T22:00:16+00:00\",\"breadcrumb\":{\"@id\":\"https:\\\/\\\/patagoniambiental.com.ar\\\/info\\\/130-anos-despues-los-restos-de-cuatro-mapuches-saldran-del-museo-de-la-plata-y-volveran-a-su-comunidad\\\/#breadcrumb\"},\"inLanguage\":\"es\",\"potentialAction\":[{\"@type\":\"ReadAction\",\"target\":[\"https:\\\/\\\/patagoniambiental.com.ar\\\/info\\\/130-anos-despues-los-restos-de-cuatro-mapuches-saldran-del-museo-de-la-plata-y-volveran-a-su-comunidad\\\/\"]}]},{\"@type\":\"ImageObject\",\"inLanguage\":\"es\",\"@id\":\"https:\\\/\\\/patagoniambiental.com.ar\\\/info\\\/130-anos-despues-los-restos-de-cuatro-mapuches-saldran-del-museo-de-la-plata-y-volveran-a-su-comunidad\\\/#primaryimage\",\"url\":\"http:\\\/\\\/www.infoplatense.com.ar\\\/img\\\/isologo.png\",\"contentUrl\":\"http:\\\/\\\/www.infoplatense.com.ar\\\/img\\\/isologo.png\"},{\"@type\":\"BreadcrumbList\",\"@id\":\"https:\\\/\\\/patagoniambiental.com.ar\\\/info\\\/130-anos-despues-los-restos-de-cuatro-mapuches-saldran-del-museo-de-la-plata-y-volveran-a-su-comunidad\\\/#breadcrumb\",\"itemListElement\":[{\"@type\":\"ListItem\",\"position\":1,\"name\":\"Inicio\",\"item\":\"https:\\\/\\\/patagoniambiental.com.ar\\\/info\\\/\"},{\"@type\":\"ListItem\",\"position\":2,\"name\":\"130 A\u00d1OS DESPU\u00c9S Los restos de cuatro mapuches saldr\u00e1n del Museo de La Plata y volver\u00e1n a su comunidad\"}]},{\"@type\":\"WebSite\",\"@id\":\"https:\\\/\\\/patagoniambiental.com.ar\\\/info\\\/#website\",\"url\":\"https:\\\/\\\/patagoniambiental.com.ar\\\/info\\\/\",\"name\":\"Patagonia Ambiental\",\"description\":\"Monitoreo y an\u00e1lisis de la situaci\u00f3n geopol\u00edtica en el mundo y su implicancia en la Patagonia\",\"publisher\":{\"@id\":\"https:\\\/\\\/patagoniambiental.com.ar\\\/info\\\/#organization\"},\"potentialAction\":[{\"@type\":\"SearchAction\",\"target\":{\"@type\":\"EntryPoint\",\"urlTemplate\":\"https:\\\/\\\/patagoniambiental.com.ar\\\/info\\\/?s={search_term_string}\"},\"query-input\":{\"@type\":\"PropertyValueSpecification\",\"valueRequired\":true,\"valueName\":\"search_term_string\"}}],\"inLanguage\":\"es\"},{\"@type\":\"Organization\",\"@id\":\"https:\\\/\\\/patagoniambiental.com.ar\\\/info\\\/#organization\",\"name\":\"Patagonia Ambiental\",\"url\":\"https:\\\/\\\/patagoniambiental.com.ar\\\/info\\\/\",\"logo\":{\"@type\":\"ImageObject\",\"inLanguage\":\"es\",\"@id\":\"https:\\\/\\\/patagoniambiental.com.ar\\\/info\\\/#\\\/schema\\\/logo\\\/image\\\/\",\"url\":\"https:\\\/\\\/patagoniambiental.com.ar\\\/info\\\/wp-content\\\/uploads\\\/2025\\\/05\\\/LOGO-PATAGONIA-AMBIENTAL.png\",\"contentUrl\":\"https:\\\/\\\/patagoniambiental.com.ar\\\/info\\\/wp-content\\\/uploads\\\/2025\\\/05\\\/LOGO-PATAGONIA-AMBIENTAL.png\",\"width\":433,\"height\":250,\"caption\":\"Patagonia Ambiental\"},\"image\":{\"@id\":\"https:\\\/\\\/patagoniambiental.com.ar\\\/info\\\/#\\\/schema\\\/logo\\\/image\\\/\"},\"sameAs\":[\"https:\\\/\\\/www.facebook.com\\\/patagonia.ambiental\",\"https:\\\/\\\/x.com\\\/PatAmb\"]},{\"@type\":\"Person\",\"@id\":\"https:\\\/\\\/patagoniambiental.com.ar\\\/info\\\/#\\\/schema\\\/person\\\/db12bff64bbcbf6a253710bf0ea37b5d\",\"name\":\"Patagonia Ambiental\",\"description\":\"Andr\u00e9s Nievas T\u00e9cnico en manejo ambiental, consultor Ambiental y escritor para medios locales e internacionales sobre temas de geopolitica y medio ambiente.\",\"sameAs\":[\"http:\\\/\\\/www.patagoniambiental.com.ar\",\"https:\\\/\\\/www.facebook.com\\\/share\\\/1C1V8Gv9BX\\\/?mibextid=qi2Omg\",\"@patagoniambiental\",\"https:\\\/\\\/youtube.com\\\/@patagoniaambiental2023?si=BLt58t0wuXquxlYZ\"]}]}<\/script>\n<!-- \/ Yoast SEO Premium plugin. -->","yoast_head_json":{"title":"130 A\u00d1OS DESPU\u00c9S Los restos de cuatro mapuches saldr\u00e1n del Museo de La Plata y volver\u00e1n a su comunidad","robots":{"index":"index","follow":"follow","max-snippet":"max-snippet:-1","max-image-preview":"max-image-preview:large","max-video-preview":"max-video-preview:-1"},"canonical":"https:\/\/patagoniambiental.com.ar\/info\/130-anos-despues-los-restos-de-cuatro-mapuches-saldran-del-museo-de-la-plata-y-volveran-a-su-comunidad\/","og_locale":"es_ES","og_type":"article","og_title":"130 A\u00d1OS DESPU\u00c9S Los restos de cuatro mapuches saldr\u00e1n del Museo de La Plata y volver\u00e1n a su comunidad","og_description":"La Plata.-Fue aprobado por el Consejo Directivo de la facultad de Ciencias Naturales y el Consejo Superior de la UNLP.\u00a0Ser\u00e1 [&hellip;]","og_url":"https:\/\/patagoniambiental.com.ar\/info\/130-anos-despues-los-restos-de-cuatro-mapuches-saldran-del-museo-de-la-plata-y-volveran-a-su-comunidad\/","og_site_name":"Patagonia Ambiental","article_publisher":"https:\/\/www.facebook.com\/patagonia.ambiental","article_author":"https:\/\/www.facebook.com\/share\/1C1V8Gv9BX\/?mibextid=qi2Omg","article_published_time":"2017-12-15T22:00:16+00:00","og_image":[{"url":"http:\/\/www.infoplatense.com.ar\/img\/isologo.png","type":"","width":"","height":""}],"author":"Patagonia Ambiental","twitter_card":"summary_large_image","twitter_creator":"@PatAmb","twitter_site":"@PatAmb","schema":{"@context":"https:\/\/schema.org","@graph":[{"@type":"Article","@id":"https:\/\/patagoniambiental.com.ar\/info\/130-anos-despues-los-restos-de-cuatro-mapuches-saldran-del-museo-de-la-plata-y-volveran-a-su-comunidad\/#article","isPartOf":{"@id":"https:\/\/patagoniambiental.com.ar\/info\/130-anos-despues-los-restos-de-cuatro-mapuches-saldran-del-museo-de-la-plata-y-volveran-a-su-comunidad\/"},"author":{"name":"Patagonia Ambiental","@id":"https:\/\/patagoniambiental.com.ar\/info\/#\/schema\/person\/db12bff64bbcbf6a253710bf0ea37b5d"},"headline":"130 A\u00d1OS DESPU\u00c9S Los restos de cuatro mapuches saldr\u00e1n del Museo de La Plata y volver\u00e1n a su comunidad","datePublished":"2017-12-15T22:00:16+00:00","mainEntityOfPage":{"@id":"https:\/\/patagoniambiental.com.ar\/info\/130-anos-despues-los-restos-de-cuatro-mapuches-saldran-del-museo-de-la-plata-y-volveran-a-su-comunidad\/"},"wordCount":568,"commentCount":0,"publisher":{"@id":"https:\/\/patagoniambiental.com.ar\/info\/#organization"},"image":{"@id":"https:\/\/patagoniambiental.com.ar\/info\/130-anos-despues-los-restos-de-cuatro-mapuches-saldran-del-museo-de-la-plata-y-volveran-a-su-comunidad\/#primaryimage"},"thumbnailUrl":"http:\/\/www.infoplatense.com.ar\/img\/isologo.png","articleSection":["Noticias"],"inLanguage":"es","potentialAction":[{"@type":"CommentAction","name":"Comment","target":["https:\/\/patagoniambiental.com.ar\/info\/130-anos-despues-los-restos-de-cuatro-mapuches-saldran-del-museo-de-la-plata-y-volveran-a-su-comunidad\/#respond"]}]},{"@type":"WebPage","@id":"https:\/\/patagoniambiental.com.ar\/info\/130-anos-despues-los-restos-de-cuatro-mapuches-saldran-del-museo-de-la-plata-y-volveran-a-su-comunidad\/","url":"https:\/\/patagoniambiental.com.ar\/info\/130-anos-despues-los-restos-de-cuatro-mapuches-saldran-del-museo-de-la-plata-y-volveran-a-su-comunidad\/","name":"130 A\u00d1OS DESPU\u00c9S Los restos de cuatro mapuches saldr\u00e1n del Museo de La Plata y volver\u00e1n a su comunidad","isPartOf":{"@id":"https:\/\/patagoniambiental.com.ar\/info\/#website"},"primaryImageOfPage":{"@id":"https:\/\/patagoniambiental.com.ar\/info\/130-anos-despues-los-restos-de-cuatro-mapuches-saldran-del-museo-de-la-plata-y-volveran-a-su-comunidad\/#primaryimage"},"image":{"@id":"https:\/\/patagoniambiental.com.ar\/info\/130-anos-despues-los-restos-de-cuatro-mapuches-saldran-del-museo-de-la-plata-y-volveran-a-su-comunidad\/#primaryimage"},"thumbnailUrl":"http:\/\/www.infoplatense.com.ar\/img\/isologo.png","datePublished":"2017-12-15T22:00:16+00:00","breadcrumb":{"@id":"https:\/\/patagoniambiental.com.ar\/info\/130-anos-despues-los-restos-de-cuatro-mapuches-saldran-del-museo-de-la-plata-y-volveran-a-su-comunidad\/#breadcrumb"},"inLanguage":"es","potentialAction":[{"@type":"ReadAction","target":["https:\/\/patagoniambiental.com.ar\/info\/130-anos-despues-los-restos-de-cuatro-mapuches-saldran-del-museo-de-la-plata-y-volveran-a-su-comunidad\/"]}]},{"@type":"ImageObject","inLanguage":"es","@id":"https:\/\/patagoniambiental.com.ar\/info\/130-anos-despues-los-restos-de-cuatro-mapuches-saldran-del-museo-de-la-plata-y-volveran-a-su-comunidad\/#primaryimage","url":"http:\/\/www.infoplatense.com.ar\/img\/isologo.png","contentUrl":"http:\/\/www.infoplatense.com.ar\/img\/isologo.png"},{"@type":"BreadcrumbList","@id":"https:\/\/patagoniambiental.com.ar\/info\/130-anos-despues-los-restos-de-cuatro-mapuches-saldran-del-museo-de-la-plata-y-volveran-a-su-comunidad\/#breadcrumb","itemListElement":[{"@type":"ListItem","position":1,"name":"Inicio","item":"https:\/\/patagoniambiental.com.ar\/info\/"},{"@type":"ListItem","position":2,"name":"130 A\u00d1OS DESPU\u00c9S Los restos de cuatro mapuches saldr\u00e1n del Museo de La Plata y volver\u00e1n a su comunidad"}]},{"@type":"WebSite","@id":"https:\/\/patagoniambiental.com.ar\/info\/#website","url":"https:\/\/patagoniambiental.com.ar\/info\/","name":"Patagonia Ambiental","description":"Monitoreo y an\u00e1lisis de la situaci\u00f3n geopol\u00edtica en el mundo y su implicancia en la Patagonia","publisher":{"@id":"https:\/\/patagoniambiental.com.ar\/info\/#organization"},"potentialAction":[{"@type":"SearchAction","target":{"@type":"EntryPoint","urlTemplate":"https:\/\/patagoniambiental.com.ar\/info\/?s={search_term_string}"},"query-input":{"@type":"PropertyValueSpecification","valueRequired":true,"valueName":"search_term_string"}}],"inLanguage":"es"},{"@type":"Organization","@id":"https:\/\/patagoniambiental.com.ar\/info\/#organization","name":"Patagonia Ambiental","url":"https:\/\/patagoniambiental.com.ar\/info\/","logo":{"@type":"ImageObject","inLanguage":"es","@id":"https:\/\/patagoniambiental.com.ar\/info\/#\/schema\/logo\/image\/","url":"https:\/\/patagoniambiental.com.ar\/info\/wp-content\/uploads\/2025\/05\/LOGO-PATAGONIA-AMBIENTAL.png","contentUrl":"https:\/\/patagoniambiental.com.ar\/info\/wp-content\/uploads\/2025\/05\/LOGO-PATAGONIA-AMBIENTAL.png","width":433,"height":250,"caption":"Patagonia Ambiental"},"image":{"@id":"https:\/\/patagoniambiental.com.ar\/info\/#\/schema\/logo\/image\/"},"sameAs":["https:\/\/www.facebook.com\/patagonia.ambiental","https:\/\/x.com\/PatAmb"]},{"@type":"Person","@id":"https:\/\/patagoniambiental.com.ar\/info\/#\/schema\/person\/db12bff64bbcbf6a253710bf0ea37b5d","name":"Patagonia Ambiental","description":"Andr\u00e9s Nievas T\u00e9cnico en manejo ambiental, consultor Ambiental y escritor para medios locales e internacionales sobre temas de geopolitica y medio ambiente.","sameAs":["http:\/\/www.patagoniambiental.com.ar","https:\/\/www.facebook.com\/share\/1C1V8Gv9BX\/?mibextid=qi2Omg","@patagoniambiental","https:\/\/youtube.com\/@patagoniaambiental2023?si=BLt58t0wuXquxlYZ"]}]}},"_links":{"self":[{"href":"https:\/\/patagoniambiental.com.ar\/info\/wp-json\/wp\/v2\/posts\/39800","targetHints":{"allow":["GET"]}}],"collection":[{"href":"https:\/\/patagoniambiental.com.ar\/info\/wp-json\/wp\/v2\/posts"}],"about":[{"href":"https:\/\/patagoniambiental.com.ar\/info\/wp-json\/wp\/v2\/types\/post"}],"author":[{"embeddable":true,"href":"https:\/\/patagoniambiental.com.ar\/info\/wp-json\/wp\/v2\/users\/2"}],"replies":[{"embeddable":true,"href":"https:\/\/patagoniambiental.com.ar\/info\/wp-json\/wp\/v2\/comments?post=39800"}],"version-history":[{"count":0,"href":"https:\/\/patagoniambiental.com.ar\/info\/wp-json\/wp\/v2\/posts\/39800\/revisions"}],"wp:attachment":[{"href":"https:\/\/patagoniambiental.com.ar\/info\/wp-json\/wp\/v2\/media?parent=39800"}],"wp:term":[{"taxonomy":"category","embeddable":true,"href":"https:\/\/patagoniambiental.com.ar\/info\/wp-json\/wp\/v2\/categories?post=39800"},{"taxonomy":"post_tag","embeddable":true,"href":"https:\/\/patagoniambiental.com.ar\/info\/wp-json\/wp\/v2\/tags?post=39800"}],"curies":[{"name":"wp","href":"https:\/\/api.w.org\/{rel}","templated":true}]}}