{"id":39862,"date":"2017-12-15T19:00:48","date_gmt":"2017-12-15T22:00:48","guid":{"rendered":"http:\/\/patagoniambiental.com.ar\/info\/?p=39862"},"modified":"2017-12-15T10:51:52","modified_gmt":"2017-12-15T13:51:52","slug":"los-efluentes-cloacales-no-tienen-tratamiento-adecuado","status":"publish","type":"post","link":"https:\/\/patagoniambiental.com.ar\/info\/los-efluentes-cloacales-no-tienen-tratamiento-adecuado\/","title":{"rendered":"\u201cLos efluentes cloacales no tienen tratamiento adecuado\u201d"},"content":{"rendered":"<div class=\"td-post-header\">\n<header class=\"td-post-title\">\n<p class=\"td-post-sub-title\">Rio Negro.-La DIPUTADOS AFIRMAN QUE LA PAMPA CONTAMINA EL COLORADO<\/p>\n<\/header>\n<\/div>\n<div class=\"td-post-sharing td-post-sharing-top \"><\/div>\n<p><!--more--><\/p>\n<div class=\"td-post-content\">\n<div class=\"td-g-rec td-g-rec-id-content_top \"><\/div>\n<p>Fuentes de la Legislatura de R\u00edo Negro informaron ayer de un proyecto presentado por los diputados provinciales de Cambiemos, Daniela Agostino y Jorge Ocampos, en el que acusan a poblaciones ribere\u00f1as de La Pampa de contaminar el r\u00edo Colorado con efluentes cloacales sin ser tratados adecuadamente. Afirman que La Adela, Casa de Piedra, Gobernador Duval y 25 de Mayo no tratan en forma eficaz los efluentes cloacales y que as\u00ed los vierten al Colorado produciendo contaminaci\u00f3n.<br \/>\nLos legisladores rionegrinos quieren que el tema sea tratado en la pr\u00f3xima edici\u00f3n del Parlamento Patag\u00f3nico, \u00e1mbito en el que, aseguran, tienen conocimiento del tema.<\/p>\n<div class=\"td-g-rec td-g-rec-id-content_inline \"><\/div>\n<p>Reclamo a La Pampa.<br \/>\nDe acuerdo a lo publicado por el medio ADN R\u00edo Negro, Ocampos insisti\u00f3 en la intervenci\u00f3n pol\u00edtica ante la provincia de La Pampa para impedir que contin\u00fae el volcado de l\u00edquidos cloacales sin tratamiento al r\u00edo Colorado. \u201cLa Provincia de La Pampa debe parar con el volcado de l\u00edquidos cloacales sin tratamiento al r\u00edo Colorado, provocando efectos nocivos para el ambiente, la salud de la poblaci\u00f3n y la producci\u00f3n agropecuaria que se abastece aguas abajo de dicho curso fluvial\u201d, dijo.<br \/>\nEn el trabajo de Agostino y Ocampos, que fue aprobado en la Legislatura rionegrina, resaltan la importancia del agua dulce como un recurso extremadamente escaso en el mundo. Agregaron como datos que \u201csolo el 3,5% de toda el agua disponible es dulce y de ella solo un 1% se encuentra como superficial en r\u00edos, lagos y lagunas. De ah\u00ed la importancia de la preservaci\u00f3n de las cuencas h\u00eddricas dado que, como recurso o como bien natural, es altamente vulnerable al impacto que produce el hombre como actor del medioambiente\u201d.<br \/>\nOcampos record\u00f3 los continuos reclamos de las poblaciones ribere\u00f1as rionegrinas del Colorado en la que plasman su creciente preocupaci\u00f3n por la reducci\u00f3n de su caudal, tanto en sus tramos medio como inferior a lo que se suma la permanente contaminaci\u00f3n que se produce por los recurrentes derrames de hidrocarburos desde las zonas de explotaci\u00f3n de petr\u00f3leo y gas. A su visi\u00f3n cr\u00edtica suman el volcado de efluentes cloacales que realiza la provincia de La Pampa, con altos niveles de aluminio, magnesio y calcio.<\/p>\n<p>Sin tratamiento.<br \/>\nLos legisladores criticaron en forma contundente los sistemas ambientales de nuestra provincia.\u201dNo se est\u00e1n tratando apropiadamente los efluentes de la planta de l\u00edquidos cloacales que abastece al 80% de la poblaci\u00f3n de La Pampa. Los Estados provinciales ribere\u00f1os deben adoptar medidas inmediatas para el tratamiento de las aguas residuales en plantas adecuadas, de modo tal, que los efluentes sean lo m\u00e1s inocuos posible\u201d, asegur\u00f3.<br \/>\n\u201cTanto la cuesti\u00f3n h\u00eddrica como el ambiente sano, hay que tomarlos en sentido amplio, no aislado, priorizando el ordenamiento territorial como premisa de los proyectos de desarrollo y urbanizaci\u00f3n con una visi\u00f3n de integralidad y preservaci\u00f3n ecosist\u00e9mica previendo y evitando los impactos ocasionables en las aguas debajo de los mismos\u201d, concluy\u00f3 el diputado Ocampos.<\/p>\n<p>Fuente: Diario La Arena<\/p>\n<\/div>\n","protected":false},"excerpt":{"rendered":"<p>Rio Negro.-La DIPUTADOS AFIRMAN QUE LA PAMPA CONTAMINA EL COLORADO<\/p>\n","protected":false},"author":2,"featured_media":29510,"comment_status":"open","ping_status":"open","sticky":false,"template":"","format":"standard","meta":{"site-sidebar-layout":"default","site-content-layout":"","ast-site-content-layout":"default","site-content-style":"default","site-sidebar-style":"default","ast-global-header-display":"","ast-banner-title-visibility":"","ast-main-header-display":"","ast-hfb-above-header-display":"","ast-hfb-below-header-display":"","ast-hfb-mobile-header-display":"","site-post-title":"","ast-breadcrumbs-content":"","ast-featured-img":"","footer-sml-layout":"","ast-disable-related-posts":"","theme-transparent-header-meta":"","adv-header-id-meta":"","stick-header-meta":"","header-above-stick-meta":"","header-main-stick-meta":"","header-below-stick-meta":"","astra-migrate-meta-layouts":"default","ast-page-background-enabled":"default","ast-page-background-meta":{"desktop":{"background-color":"var(--ast-global-color-5)","background-image":"","background-repeat":"repeat","background-position":"center center","background-size":"auto","background-attachment":"scroll","background-type":"","background-media":"","overlay-type":"","overlay-color":"","overlay-opacity":"","overlay-gradient":""},"tablet":{"background-color":"","background-image":"","background-repeat":"repeat","background-position":"center center","background-size":"auto","background-attachment":"scroll","background-type":"","background-media":"","overlay-type":"","overlay-color":"","overlay-opacity":"","overlay-gradient":""},"mobile":{"background-color":"","background-image":"","background-repeat":"repeat","background-position":"center center","background-size":"auto","background-attachment":"scroll","background-type":"","background-media":"","overlay-type":"","overlay-color":"","overlay-opacity":"","overlay-gradient":""}},"ast-content-background-meta":{"desktop":{"background-color":"var(--ast-global-color-4)","background-image":"","background-repeat":"repeat","background-position":"center center","background-size":"auto","background-attachment":"scroll","background-type":"","background-media":"","overlay-type":"","overlay-color":"","overlay-opacity":"","overlay-gradient":""},"tablet":{"background-color":"var(--ast-global-color-4)","background-image":"","background-repeat":"repeat","background-position":"center center","background-size":"auto","background-attachment":"scroll","background-type":"","background-media":"","overlay-type":"","overlay-color":"","overlay-opacity":"","overlay-gradient":""},"mobile":{"background-color":"var(--ast-global-color-4)","background-image":"","background-repeat":"repeat","background-position":"center center","background-size":"auto","background-attachment":"scroll","background-type":"","background-media":"","overlay-type":"","overlay-color":"","overlay-opacity":"","overlay-gradient":""}},"footnotes":""},"categories":[1,13,14],"tags":[],"class_list":["post-39862","post","type-post","status-publish","format-standard","has-post-thumbnail","hentry","category-noticias","category-provinciales","category-rio-negro"],"yoast_head":"<!-- This site is optimized with the Yoast SEO Premium plugin v23.0 (Yoast SEO v27.4) - https:\/\/yoast.com\/product\/yoast-seo-premium-wordpress\/ -->\n<title>\u201cLos efluentes cloacales no tienen tratamiento adecuado\u201d<\/title>\n<meta name=\"robots\" content=\"index, follow, max-snippet:-1, max-image-preview:large, max-video-preview:-1\" \/>\n<link rel=\"canonical\" href=\"https:\/\/patagoniambiental.com.ar\/info\/los-efluentes-cloacales-no-tienen-tratamiento-adecuado\/\" \/>\n<meta property=\"og:locale\" content=\"es_ES\" \/>\n<meta property=\"og:type\" content=\"article\" \/>\n<meta property=\"og:title\" content=\"\u201cLos efluentes cloacales no tienen tratamiento adecuado\u201d\" \/>\n<meta property=\"og:description\" content=\"Rio Negro.-La DIPUTADOS AFIRMAN QUE LA PAMPA CONTAMINA EL COLORADO\" \/>\n<meta property=\"og:url\" content=\"https:\/\/patagoniambiental.com.ar\/info\/los-efluentes-cloacales-no-tienen-tratamiento-adecuado\/\" \/>\n<meta property=\"og:site_name\" content=\"Patagonia Ambiental\" \/>\n<meta property=\"article:publisher\" content=\"https:\/\/www.facebook.com\/patagonia.ambiental\" \/>\n<meta property=\"article:author\" content=\"https:\/\/www.facebook.com\/share\/1C1V8Gv9BX\/?mibextid=qi2Omg\" \/>\n<meta property=\"article:published_time\" content=\"2017-12-15T22:00:48+00:00\" \/>\n<meta property=\"og:image\" content=\"https:\/\/patagoniambiental.com.ar\/info\/wp-content\/uploads\/2017\/05\/rio-colorado3.jpg\" \/>\n\t<meta property=\"og:image:width\" content=\"590\" \/>\n\t<meta property=\"og:image:height\" content=\"330\" \/>\n\t<meta property=\"og:image:type\" content=\"image\/jpeg\" \/>\n<meta name=\"author\" content=\"Patagonia Ambiental\" \/>\n<meta name=\"twitter:card\" content=\"summary_large_image\" \/>\n<meta name=\"twitter:creator\" content=\"@PatAmb\" \/>\n<meta name=\"twitter:site\" content=\"@PatAmb\" \/>\n<script type=\"application\/ld+json\" class=\"yoast-schema-graph\">{\"@context\":\"https:\\\/\\\/schema.org\",\"@graph\":[{\"@type\":\"Article\",\"@id\":\"https:\\\/\\\/patagoniambiental.com.ar\\\/info\\\/los-efluentes-cloacales-no-tienen-tratamiento-adecuado\\\/#article\",\"isPartOf\":{\"@id\":\"https:\\\/\\\/patagoniambiental.com.ar\\\/info\\\/los-efluentes-cloacales-no-tienen-tratamiento-adecuado\\\/\"},\"author\":{\"name\":\"Patagonia Ambiental\",\"@id\":\"https:\\\/\\\/patagoniambiental.com.ar\\\/info\\\/#\\\/schema\\\/person\\\/db12bff64bbcbf6a253710bf0ea37b5d\"},\"headline\":\"\u201cLos efluentes cloacales no tienen tratamiento adecuado\u201d\",\"datePublished\":\"2017-12-15T22:00:48+00:00\",\"mainEntityOfPage\":{\"@id\":\"https:\\\/\\\/patagoniambiental.com.ar\\\/info\\\/los-efluentes-cloacales-no-tienen-tratamiento-adecuado\\\/\"},\"wordCount\":535,\"commentCount\":0,\"publisher\":{\"@id\":\"https:\\\/\\\/patagoniambiental.com.ar\\\/info\\\/#organization\"},\"image\":{\"@id\":\"https:\\\/\\\/patagoniambiental.com.ar\\\/info\\\/los-efluentes-cloacales-no-tienen-tratamiento-adecuado\\\/#primaryimage\"},\"thumbnailUrl\":\"https:\\\/\\\/patagoniambiental.com.ar\\\/info\\\/wp-content\\\/uploads\\\/2017\\\/05\\\/rio-colorado3.jpg\",\"articleSection\":[\"Noticias\",\"Provinciales\",\"R\u00edo Negro\"],\"inLanguage\":\"es\",\"potentialAction\":[{\"@type\":\"CommentAction\",\"name\":\"Comment\",\"target\":[\"https:\\\/\\\/patagoniambiental.com.ar\\\/info\\\/los-efluentes-cloacales-no-tienen-tratamiento-adecuado\\\/#respond\"]}]},{\"@type\":\"WebPage\",\"@id\":\"https:\\\/\\\/patagoniambiental.com.ar\\\/info\\\/los-efluentes-cloacales-no-tienen-tratamiento-adecuado\\\/\",\"url\":\"https:\\\/\\\/patagoniambiental.com.ar\\\/info\\\/los-efluentes-cloacales-no-tienen-tratamiento-adecuado\\\/\",\"name\":\"\u201cLos efluentes cloacales no tienen tratamiento adecuado\u201d\",\"isPartOf\":{\"@id\":\"https:\\\/\\\/patagoniambiental.com.ar\\\/info\\\/#website\"},\"primaryImageOfPage\":{\"@id\":\"https:\\\/\\\/patagoniambiental.com.ar\\\/info\\\/los-efluentes-cloacales-no-tienen-tratamiento-adecuado\\\/#primaryimage\"},\"image\":{\"@id\":\"https:\\\/\\\/patagoniambiental.com.ar\\\/info\\\/los-efluentes-cloacales-no-tienen-tratamiento-adecuado\\\/#primaryimage\"},\"thumbnailUrl\":\"https:\\\/\\\/patagoniambiental.com.ar\\\/info\\\/wp-content\\\/uploads\\\/2017\\\/05\\\/rio-colorado3.jpg\",\"datePublished\":\"2017-12-15T22:00:48+00:00\",\"breadcrumb\":{\"@id\":\"https:\\\/\\\/patagoniambiental.com.ar\\\/info\\\/los-efluentes-cloacales-no-tienen-tratamiento-adecuado\\\/#breadcrumb\"},\"inLanguage\":\"es\",\"potentialAction\":[{\"@type\":\"ReadAction\",\"target\":[\"https:\\\/\\\/patagoniambiental.com.ar\\\/info\\\/los-efluentes-cloacales-no-tienen-tratamiento-adecuado\\\/\"]}]},{\"@type\":\"ImageObject\",\"inLanguage\":\"es\",\"@id\":\"https:\\\/\\\/patagoniambiental.com.ar\\\/info\\\/los-efluentes-cloacales-no-tienen-tratamiento-adecuado\\\/#primaryimage\",\"url\":\"https:\\\/\\\/patagoniambiental.com.ar\\\/info\\\/wp-content\\\/uploads\\\/2017\\\/05\\\/rio-colorado3.jpg\",\"contentUrl\":\"https:\\\/\\\/patagoniambiental.com.ar\\\/info\\\/wp-content\\\/uploads\\\/2017\\\/05\\\/rio-colorado3.jpg\",\"width\":590,\"height\":330},{\"@type\":\"BreadcrumbList\",\"@id\":\"https:\\\/\\\/patagoniambiental.com.ar\\\/info\\\/los-efluentes-cloacales-no-tienen-tratamiento-adecuado\\\/#breadcrumb\",\"itemListElement\":[{\"@type\":\"ListItem\",\"position\":1,\"name\":\"Inicio\",\"item\":\"https:\\\/\\\/patagoniambiental.com.ar\\\/info\\\/\"},{\"@type\":\"ListItem\",\"position\":2,\"name\":\"\u201cLos efluentes cloacales no tienen tratamiento adecuado\u201d\"}]},{\"@type\":\"WebSite\",\"@id\":\"https:\\\/\\\/patagoniambiental.com.ar\\\/info\\\/#website\",\"url\":\"https:\\\/\\\/patagoniambiental.com.ar\\\/info\\\/\",\"name\":\"Patagonia Ambiental\",\"description\":\"Monitoreo y an\u00e1lisis de la situaci\u00f3n geopol\u00edtica en el mundo y su implicancia en la Patagonia\",\"publisher\":{\"@id\":\"https:\\\/\\\/patagoniambiental.com.ar\\\/info\\\/#organization\"},\"potentialAction\":[{\"@type\":\"SearchAction\",\"target\":{\"@type\":\"EntryPoint\",\"urlTemplate\":\"https:\\\/\\\/patagoniambiental.com.ar\\\/info\\\/?s={search_term_string}\"},\"query-input\":{\"@type\":\"PropertyValueSpecification\",\"valueRequired\":true,\"valueName\":\"search_term_string\"}}],\"inLanguage\":\"es\"},{\"@type\":\"Organization\",\"@id\":\"https:\\\/\\\/patagoniambiental.com.ar\\\/info\\\/#organization\",\"name\":\"Patagonia Ambiental\",\"url\":\"https:\\\/\\\/patagoniambiental.com.ar\\\/info\\\/\",\"logo\":{\"@type\":\"ImageObject\",\"inLanguage\":\"es\",\"@id\":\"https:\\\/\\\/patagoniambiental.com.ar\\\/info\\\/#\\\/schema\\\/logo\\\/image\\\/\",\"url\":\"https:\\\/\\\/patagoniambiental.com.ar\\\/info\\\/wp-content\\\/uploads\\\/2025\\\/05\\\/LOGO-PATAGONIA-AMBIENTAL.png\",\"contentUrl\":\"https:\\\/\\\/patagoniambiental.com.ar\\\/info\\\/wp-content\\\/uploads\\\/2025\\\/05\\\/LOGO-PATAGONIA-AMBIENTAL.png\",\"width\":433,\"height\":250,\"caption\":\"Patagonia Ambiental\"},\"image\":{\"@id\":\"https:\\\/\\\/patagoniambiental.com.ar\\\/info\\\/#\\\/schema\\\/logo\\\/image\\\/\"},\"sameAs\":[\"https:\\\/\\\/www.facebook.com\\\/patagonia.ambiental\",\"https:\\\/\\\/x.com\\\/PatAmb\"]},{\"@type\":\"Person\",\"@id\":\"https:\\\/\\\/patagoniambiental.com.ar\\\/info\\\/#\\\/schema\\\/person\\\/db12bff64bbcbf6a253710bf0ea37b5d\",\"name\":\"Patagonia Ambiental\",\"description\":\"Andr\u00e9s Nievas T\u00e9cnico en manejo ambiental, consultor Ambiental y escritor para medios locales e internacionales sobre temas de geopolitica y medio ambiente.\",\"sameAs\":[\"http:\\\/\\\/www.patagoniambiental.com.ar\",\"https:\\\/\\\/www.facebook.com\\\/share\\\/1C1V8Gv9BX\\\/?mibextid=qi2Omg\",\"@patagoniambiental\",\"https:\\\/\\\/youtube.com\\\/@patagoniaambiental2023?si=BLt58t0wuXquxlYZ\"]}]}<\/script>\n<!-- \/ Yoast SEO Premium plugin. -->","yoast_head_json":{"title":"\u201cLos efluentes cloacales no tienen tratamiento adecuado\u201d","robots":{"index":"index","follow":"follow","max-snippet":"max-snippet:-1","max-image-preview":"max-image-preview:large","max-video-preview":"max-video-preview:-1"},"canonical":"https:\/\/patagoniambiental.com.ar\/info\/los-efluentes-cloacales-no-tienen-tratamiento-adecuado\/","og_locale":"es_ES","og_type":"article","og_title":"\u201cLos efluentes cloacales no tienen tratamiento adecuado\u201d","og_description":"Rio Negro.-La DIPUTADOS AFIRMAN QUE LA PAMPA CONTAMINA EL COLORADO","og_url":"https:\/\/patagoniambiental.com.ar\/info\/los-efluentes-cloacales-no-tienen-tratamiento-adecuado\/","og_site_name":"Patagonia Ambiental","article_publisher":"https:\/\/www.facebook.com\/patagonia.ambiental","article_author":"https:\/\/www.facebook.com\/share\/1C1V8Gv9BX\/?mibextid=qi2Omg","article_published_time":"2017-12-15T22:00:48+00:00","og_image":[{"width":590,"height":330,"url":"https:\/\/patagoniambiental.com.ar\/info\/wp-content\/uploads\/2017\/05\/rio-colorado3.jpg","type":"image\/jpeg"}],"author":"Patagonia Ambiental","twitter_card":"summary_large_image","twitter_creator":"@PatAmb","twitter_site":"@PatAmb","schema":{"@context":"https:\/\/schema.org","@graph":[{"@type":"Article","@id":"https:\/\/patagoniambiental.com.ar\/info\/los-efluentes-cloacales-no-tienen-tratamiento-adecuado\/#article","isPartOf":{"@id":"https:\/\/patagoniambiental.com.ar\/info\/los-efluentes-cloacales-no-tienen-tratamiento-adecuado\/"},"author":{"name":"Patagonia Ambiental","@id":"https:\/\/patagoniambiental.com.ar\/info\/#\/schema\/person\/db12bff64bbcbf6a253710bf0ea37b5d"},"headline":"\u201cLos efluentes cloacales no tienen tratamiento adecuado\u201d","datePublished":"2017-12-15T22:00:48+00:00","mainEntityOfPage":{"@id":"https:\/\/patagoniambiental.com.ar\/info\/los-efluentes-cloacales-no-tienen-tratamiento-adecuado\/"},"wordCount":535,"commentCount":0,"publisher":{"@id":"https:\/\/patagoniambiental.com.ar\/info\/#organization"},"image":{"@id":"https:\/\/patagoniambiental.com.ar\/info\/los-efluentes-cloacales-no-tienen-tratamiento-adecuado\/#primaryimage"},"thumbnailUrl":"https:\/\/patagoniambiental.com.ar\/info\/wp-content\/uploads\/2017\/05\/rio-colorado3.jpg","articleSection":["Noticias","Provinciales","R\u00edo Negro"],"inLanguage":"es","potentialAction":[{"@type":"CommentAction","name":"Comment","target":["https:\/\/patagoniambiental.com.ar\/info\/los-efluentes-cloacales-no-tienen-tratamiento-adecuado\/#respond"]}]},{"@type":"WebPage","@id":"https:\/\/patagoniambiental.com.ar\/info\/los-efluentes-cloacales-no-tienen-tratamiento-adecuado\/","url":"https:\/\/patagoniambiental.com.ar\/info\/los-efluentes-cloacales-no-tienen-tratamiento-adecuado\/","name":"\u201cLos efluentes cloacales no tienen tratamiento adecuado\u201d","isPartOf":{"@id":"https:\/\/patagoniambiental.com.ar\/info\/#website"},"primaryImageOfPage":{"@id":"https:\/\/patagoniambiental.com.ar\/info\/los-efluentes-cloacales-no-tienen-tratamiento-adecuado\/#primaryimage"},"image":{"@id":"https:\/\/patagoniambiental.com.ar\/info\/los-efluentes-cloacales-no-tienen-tratamiento-adecuado\/#primaryimage"},"thumbnailUrl":"https:\/\/patagoniambiental.com.ar\/info\/wp-content\/uploads\/2017\/05\/rio-colorado3.jpg","datePublished":"2017-12-15T22:00:48+00:00","breadcrumb":{"@id":"https:\/\/patagoniambiental.com.ar\/info\/los-efluentes-cloacales-no-tienen-tratamiento-adecuado\/#breadcrumb"},"inLanguage":"es","potentialAction":[{"@type":"ReadAction","target":["https:\/\/patagoniambiental.com.ar\/info\/los-efluentes-cloacales-no-tienen-tratamiento-adecuado\/"]}]},{"@type":"ImageObject","inLanguage":"es","@id":"https:\/\/patagoniambiental.com.ar\/info\/los-efluentes-cloacales-no-tienen-tratamiento-adecuado\/#primaryimage","url":"https:\/\/patagoniambiental.com.ar\/info\/wp-content\/uploads\/2017\/05\/rio-colorado3.jpg","contentUrl":"https:\/\/patagoniambiental.com.ar\/info\/wp-content\/uploads\/2017\/05\/rio-colorado3.jpg","width":590,"height":330},{"@type":"BreadcrumbList","@id":"https:\/\/patagoniambiental.com.ar\/info\/los-efluentes-cloacales-no-tienen-tratamiento-adecuado\/#breadcrumb","itemListElement":[{"@type":"ListItem","position":1,"name":"Inicio","item":"https:\/\/patagoniambiental.com.ar\/info\/"},{"@type":"ListItem","position":2,"name":"\u201cLos efluentes cloacales no tienen tratamiento adecuado\u201d"}]},{"@type":"WebSite","@id":"https:\/\/patagoniambiental.com.ar\/info\/#website","url":"https:\/\/patagoniambiental.com.ar\/info\/","name":"Patagonia Ambiental","description":"Monitoreo y an\u00e1lisis de la situaci\u00f3n geopol\u00edtica en el mundo y su implicancia en la Patagonia","publisher":{"@id":"https:\/\/patagoniambiental.com.ar\/info\/#organization"},"potentialAction":[{"@type":"SearchAction","target":{"@type":"EntryPoint","urlTemplate":"https:\/\/patagoniambiental.com.ar\/info\/?s={search_term_string}"},"query-input":{"@type":"PropertyValueSpecification","valueRequired":true,"valueName":"search_term_string"}}],"inLanguage":"es"},{"@type":"Organization","@id":"https:\/\/patagoniambiental.com.ar\/info\/#organization","name":"Patagonia Ambiental","url":"https:\/\/patagoniambiental.com.ar\/info\/","logo":{"@type":"ImageObject","inLanguage":"es","@id":"https:\/\/patagoniambiental.com.ar\/info\/#\/schema\/logo\/image\/","url":"https:\/\/patagoniambiental.com.ar\/info\/wp-content\/uploads\/2025\/05\/LOGO-PATAGONIA-AMBIENTAL.png","contentUrl":"https:\/\/patagoniambiental.com.ar\/info\/wp-content\/uploads\/2025\/05\/LOGO-PATAGONIA-AMBIENTAL.png","width":433,"height":250,"caption":"Patagonia Ambiental"},"image":{"@id":"https:\/\/patagoniambiental.com.ar\/info\/#\/schema\/logo\/image\/"},"sameAs":["https:\/\/www.facebook.com\/patagonia.ambiental","https:\/\/x.com\/PatAmb"]},{"@type":"Person","@id":"https:\/\/patagoniambiental.com.ar\/info\/#\/schema\/person\/db12bff64bbcbf6a253710bf0ea37b5d","name":"Patagonia Ambiental","description":"Andr\u00e9s Nievas T\u00e9cnico en manejo ambiental, consultor Ambiental y escritor para medios locales e internacionales sobre temas de geopolitica y medio ambiente.","sameAs":["http:\/\/www.patagoniambiental.com.ar","https:\/\/www.facebook.com\/share\/1C1V8Gv9BX\/?mibextid=qi2Omg","@patagoniambiental","https:\/\/youtube.com\/@patagoniaambiental2023?si=BLt58t0wuXquxlYZ"]}]}},"_links":{"self":[{"href":"https:\/\/patagoniambiental.com.ar\/info\/wp-json\/wp\/v2\/posts\/39862","targetHints":{"allow":["GET"]}}],"collection":[{"href":"https:\/\/patagoniambiental.com.ar\/info\/wp-json\/wp\/v2\/posts"}],"about":[{"href":"https:\/\/patagoniambiental.com.ar\/info\/wp-json\/wp\/v2\/types\/post"}],"author":[{"embeddable":true,"href":"https:\/\/patagoniambiental.com.ar\/info\/wp-json\/wp\/v2\/users\/2"}],"replies":[{"embeddable":true,"href":"https:\/\/patagoniambiental.com.ar\/info\/wp-json\/wp\/v2\/comments?post=39862"}],"version-history":[{"count":0,"href":"https:\/\/patagoniambiental.com.ar\/info\/wp-json\/wp\/v2\/posts\/39862\/revisions"}],"wp:featuredmedia":[{"embeddable":true,"href":"https:\/\/patagoniambiental.com.ar\/info\/wp-json\/wp\/v2\/media\/29510"}],"wp:attachment":[{"href":"https:\/\/patagoniambiental.com.ar\/info\/wp-json\/wp\/v2\/media?parent=39862"}],"wp:term":[{"taxonomy":"category","embeddable":true,"href":"https:\/\/patagoniambiental.com.ar\/info\/wp-json\/wp\/v2\/categories?post=39862"},{"taxonomy":"post_tag","embeddable":true,"href":"https:\/\/patagoniambiental.com.ar\/info\/wp-json\/wp\/v2\/tags?post=39862"}],"curies":[{"name":"wp","href":"https:\/\/api.w.org\/{rel}","templated":true}]}}