{"id":39944,"date":"2017-12-18T19:00:18","date_gmt":"2017-12-18T22:00:18","guid":{"rendered":"http:\/\/patagoniambiental.com.ar\/info\/?p=39944"},"modified":"2017-12-18T10:03:24","modified_gmt":"2017-12-18T13:03:24","slug":"seguridad-y-servicios-para-la-atencion-de-los-veraneantes-con-la-presencia-del-gobernador-se-lanzo-oficialmente-la-temporada-estival-en-el-condor","status":"publish","type":"post","link":"https:\/\/patagoniambiental.com.ar\/info\/seguridad-y-servicios-para-la-atencion-de-los-veraneantes-con-la-presencia-del-gobernador-se-lanzo-oficialmente-la-temporada-estival-en-el-condor\/","title":{"rendered":"Seguridad y servicios para la atenci\u00f3n de los veraneantes  Con la presencia del Gobernador, se lanz\u00f3 oficialmente la temporada estival en El C\u00f3ndor"},"content":{"rendered":"<p class=\"x_MsoNormal\"><i>Balneario El Condor.-El gobernador de R\u00edo Negro, Alberto Weretilneck, encabez\u00f3 junto al intendente de Viedma, Jos\u00e9 Luis Foulkes, el acto de lanzamiento oficial de la temporada estival 2017\/18 en el Balneario El C\u00f3ndor. \u201cTenemos el compromiso de trabajar en conjunto para que sea un gran verano\u201d, destac\u00f3.<\/i><\/p>\n<p><!--more--><\/p>\n<p class=\"x_MsoNormal\"><i>\u00a0<\/i><\/p>\n<p class=\"x_MsoNormal\">Acompa\u00f1ado por la ministra de Turismo, Cultura y Deportes, Arabela Carreras; de Gobierno, Luis Di Gi\u00e1como; funcionarios del Ejecutivo y legisladores provinciales, el Mandatario provincial particip\u00f3 luego de una recorrida por la villa balnearia de la capital provincial.<\/p>\n<p class=\"x_MsoNormal\">El lanzamiento de temporada se realiz\u00f3 en la ma\u00f1ana de este domingo en coincidencia con la realizaci\u00f3n de distintas actividades deportivas que concentraron gran cantidad de participantes en el balneario.<\/p>\n<p class=\"x_MsoNormal\">Luego de la entonaci\u00f3n de los himnos Nacional y de R\u00edo Negro, y la bendici\u00f3n de las aguas por parte de dos pastoras de la comunidad, el gobernador Alberto Weretilneck transmiti\u00f3 su esperanza que la iniciada hoy \u201csea la mejor temporada del balneario El C\u00f3ndor, tanto en cantidad de visitantes como en los servicios que se les brinda. Debemos combinar los esfuerzos entre el sector p\u00fablico y el privado para lograr los mejores servicios para los veraneantes\u201d, destac\u00f3.<\/p>\n<p class=\"x_MsoNormal\">Record\u00f3 que una de las grandes tareas del Gobierno provincial en los lugares tur\u00edsticos es la garant\u00eda de la seguridad, \u201cpara que el visitante se sienta c\u00f3modo y le transmita esto a otra gente que luego ser\u00e1 la que vendr\u00e1 a nuestros destinos tur\u00edsticos\u201d.<\/p>\n<p class=\"x_MsoNormal\">Anunci\u00f3 en este marco la llegada de un refuerzo de 57 efectivos para la Subcomisar\u00eda local en la temporada, a quienes se les sumar\u00e1n la Brigada de Motoristas y la Brigada de Bicipolic\u00edas, generando as\u00ed un gran operativo de prevenci\u00f3n.<\/p>\n<p class=\"x_MsoNormal\">En lo que hace a servicios esenciales, se reforzar\u00e1 el plantel de m\u00e9dicos y enfermeros del Centro de Salud de El C\u00f3ndor, y se ha garantizado la el abastecimiento de agua a partir de la nueva obra de captaci\u00f3n realizada por Aguas Rionegrinas.<\/p>\n<p class=\"x_MsoNormal\">\u201cA trav\u00e9s del Ministerio de Turismo estamos acompa\u00f1ando al Municipio con actividades relacionadas con cultura, deportes y recreaci\u00f3n, al tiempo que a trav\u00e9s del Ministerio de Gobierno estaremos afrontando el 50% del costo de los guardavidas en la temporada\u201d, confirm\u00f3.<\/p>\n<p class=\"x_MsoNormal\">Weretilneck resalt\u00f3 el plan de obras provincial para El C\u00f3ndor y la zona, como la Escuela local, el Centro de Salud, el Paseo de Artesanos, la repavimentaci\u00f3n en conjunto con el Municipio, los trabajos en la Ruta 3, la pasarela de El Espig\u00f3n y la obra en Playa Bonita.<\/p>\n<p class=\"x_MsoNormal\">Finalmente, remarc\u00f3 que \u201cestamos trabajando coordinadamente con el Municipio para que El C\u00f3ndor sea ese gran destino tur\u00edstico que Viedma se merece\u201d, al tiempo que anunci\u00f3 que el 18 de febrero se lanzar\u00e1 en la Capital Provincial la temporada del Turismo Carretera con su carrera en Viedma.<\/p>\n<p class=\"x_MsoNormal\">Por su parte, el intendente de Viedma, Jos\u00e9 Luis Foulkes hizo hincapi\u00e9 en el fuerte trabajo de promoci\u00f3n tur\u00edstica, y al futuro trabajo conjunto con la Provincia para el posicionamiento de este destino tur\u00edstico.<\/p>\n<p class=\"x_MsoNormal\">Resalt\u00f3 la importancia de la buena atenci\u00f3n al turista y puso como punto a resaltar el hecho de haber logrado que se le d\u00e9 car\u00e1cter nacional a la Fiesta del Mar y del Acampante a partir de este a\u00f1o.<\/p>\n<p class=\"x_MsoNormal\">Una menci\u00f3n especial tuvo la educaci\u00f3n de los m\u00e1s peque\u00f1os a trav\u00e9s de los talleres de sensibilizaci\u00f3n tur\u00edstica y ambiental en las escuelas, por los que han pasado m\u00e1s de 60 mil alumnos en 10 a\u00f1os.<\/p>\n<p class=\"x_MsoNormal\">Finalmente, Foulkes insisti\u00f3 con la importancia del trabajo conjunto entre los distintos niveles del Estado y los privados para lograr una gran temporada tur\u00edstica.<\/p>\n<p><b><span lang=\"ES-AR\">Fuente: GOBIERNO DE R\u00cdO NEGRO<\/span><\/b><\/p>\n","protected":false},"excerpt":{"rendered":"<p>Balneario El Condor.-El gobernador de R\u00edo Negro, Alberto Weretilneck, encabez\u00f3 junto al intendente de Viedma, Jos\u00e9 Luis Foulkes, el acto [&hellip;]<\/p>\n","protected":false},"author":2,"featured_media":0,"comment_status":"open","ping_status":"open","sticky":false,"template":"","format":"standard","meta":{"site-sidebar-layout":"default","site-content-layout":"","ast-site-content-layout":"default","site-content-style":"default","site-sidebar-style":"default","ast-global-header-display":"","ast-banner-title-visibility":"","ast-main-header-display":"","ast-hfb-above-header-display":"","ast-hfb-below-header-display":"","ast-hfb-mobile-header-display":"","site-post-title":"","ast-breadcrumbs-content":"","ast-featured-img":"","footer-sml-layout":"","ast-disable-related-posts":"","theme-transparent-header-meta":"","adv-header-id-meta":"","stick-header-meta":"","header-above-stick-meta":"","header-main-stick-meta":"","header-below-stick-meta":"","astra-migrate-meta-layouts":"default","ast-page-background-enabled":"default","ast-page-background-meta":{"desktop":{"background-color":"var(--ast-global-color-5)","background-image":"","background-repeat":"repeat","background-position":"center center","background-size":"auto","background-attachment":"scroll","background-type":"","background-media":"","overlay-type":"","overlay-color":"","overlay-opacity":"","overlay-gradient":""},"tablet":{"background-color":"","background-image":"","background-repeat":"repeat","background-position":"center center","background-size":"auto","background-attachment":"scroll","background-type":"","background-media":"","overlay-type":"","overlay-color":"","overlay-opacity":"","overlay-gradient":""},"mobile":{"background-color":"","background-image":"","background-repeat":"repeat","background-position":"center center","background-size":"auto","background-attachment":"scroll","background-type":"","background-media":"","overlay-type":"","overlay-color":"","overlay-opacity":"","overlay-gradient":""}},"ast-content-background-meta":{"desktop":{"background-color":"var(--ast-global-color-4)","background-image":"","background-repeat":"repeat","background-position":"center center","background-size":"auto","background-attachment":"scroll","background-type":"","background-media":"","overlay-type":"","overlay-color":"","overlay-opacity":"","overlay-gradient":""},"tablet":{"background-color":"var(--ast-global-color-4)","background-image":"","background-repeat":"repeat","background-position":"center center","background-size":"auto","background-attachment":"scroll","background-type":"","background-media":"","overlay-type":"","overlay-color":"","overlay-opacity":"","overlay-gradient":""},"mobile":{"background-color":"var(--ast-global-color-4)","background-image":"","background-repeat":"repeat","background-position":"center center","background-size":"auto","background-attachment":"scroll","background-type":"","background-media":"","overlay-type":"","overlay-color":"","overlay-opacity":"","overlay-gradient":""}},"footnotes":""},"categories":[1,13,14],"tags":[],"class_list":["post-39944","post","type-post","status-publish","format-standard","hentry","category-noticias","category-provinciales","category-rio-negro"],"yoast_head":"<!-- This site is optimized with the Yoast SEO Premium plugin v23.0 (Yoast SEO v27.4) - https:\/\/yoast.com\/product\/yoast-seo-premium-wordpress\/ -->\n<title>Seguridad y servicios para la atenci\u00f3n de los veraneantes Con la presencia del Gobernador, se lanz\u00f3 oficialmente la temporada estival en El C\u00f3ndor<\/title>\n<meta name=\"robots\" content=\"index, follow, max-snippet:-1, max-image-preview:large, max-video-preview:-1\" \/>\n<link rel=\"canonical\" href=\"https:\/\/patagoniambiental.com.ar\/info\/seguridad-y-servicios-para-la-atencion-de-los-veraneantes-con-la-presencia-del-gobernador-se-lanzo-oficialmente-la-temporada-estival-en-el-condor\/\" \/>\n<meta property=\"og:locale\" content=\"es_ES\" \/>\n<meta property=\"og:type\" content=\"article\" \/>\n<meta property=\"og:title\" content=\"Seguridad y servicios para la atenci\u00f3n de los veraneantes Con la presencia del Gobernador, se lanz\u00f3 oficialmente la temporada estival en El C\u00f3ndor\" \/>\n<meta property=\"og:description\" content=\"Balneario El Condor.-El gobernador de R\u00edo Negro, Alberto Weretilneck, encabez\u00f3 junto al intendente de Viedma, Jos\u00e9 Luis Foulkes, el acto [&hellip;]\" \/>\n<meta property=\"og:url\" content=\"https:\/\/patagoniambiental.com.ar\/info\/seguridad-y-servicios-para-la-atencion-de-los-veraneantes-con-la-presencia-del-gobernador-se-lanzo-oficialmente-la-temporada-estival-en-el-condor\/\" \/>\n<meta property=\"og:site_name\" content=\"Patagonia Ambiental\" \/>\n<meta property=\"article:publisher\" content=\"https:\/\/www.facebook.com\/patagonia.ambiental\" \/>\n<meta property=\"article:author\" content=\"https:\/\/www.facebook.com\/share\/1C1V8Gv9BX\/?mibextid=qi2Omg\" \/>\n<meta property=\"article:published_time\" content=\"2017-12-18T22:00:18+00:00\" \/>\n<meta name=\"author\" content=\"Patagonia Ambiental\" \/>\n<meta name=\"twitter:card\" content=\"summary_large_image\" \/>\n<meta name=\"twitter:creator\" content=\"@PatAmb\" \/>\n<meta name=\"twitter:site\" content=\"@PatAmb\" \/>\n<script type=\"application\/ld+json\" class=\"yoast-schema-graph\">{\"@context\":\"https:\\\/\\\/schema.org\",\"@graph\":[{\"@type\":\"Article\",\"@id\":\"https:\\\/\\\/patagoniambiental.com.ar\\\/info\\\/seguridad-y-servicios-para-la-atencion-de-los-veraneantes-con-la-presencia-del-gobernador-se-lanzo-oficialmente-la-temporada-estival-en-el-condor\\\/#article\",\"isPartOf\":{\"@id\":\"https:\\\/\\\/patagoniambiental.com.ar\\\/info\\\/seguridad-y-servicios-para-la-atencion-de-los-veraneantes-con-la-presencia-del-gobernador-se-lanzo-oficialmente-la-temporada-estival-en-el-condor\\\/\"},\"author\":{\"name\":\"Patagonia Ambiental\",\"@id\":\"https:\\\/\\\/patagoniambiental.com.ar\\\/info\\\/#\\\/schema\\\/person\\\/db12bff64bbcbf6a253710bf0ea37b5d\"},\"headline\":\"Seguridad y servicios para la atenci\u00f3n de los veraneantes Con la presencia del Gobernador, se lanz\u00f3 oficialmente la temporada estival en El C\u00f3ndor\",\"datePublished\":\"2017-12-18T22:00:18+00:00\",\"mainEntityOfPage\":{\"@id\":\"https:\\\/\\\/patagoniambiental.com.ar\\\/info\\\/seguridad-y-servicios-para-la-atencion-de-los-veraneantes-con-la-presencia-del-gobernador-se-lanzo-oficialmente-la-temporada-estival-en-el-condor\\\/\"},\"wordCount\":661,\"commentCount\":0,\"publisher\":{\"@id\":\"https:\\\/\\\/patagoniambiental.com.ar\\\/info\\\/#organization\"},\"articleSection\":[\"Noticias\",\"Provinciales\",\"R\u00edo Negro\"],\"inLanguage\":\"es\",\"potentialAction\":[{\"@type\":\"CommentAction\",\"name\":\"Comment\",\"target\":[\"https:\\\/\\\/patagoniambiental.com.ar\\\/info\\\/seguridad-y-servicios-para-la-atencion-de-los-veraneantes-con-la-presencia-del-gobernador-se-lanzo-oficialmente-la-temporada-estival-en-el-condor\\\/#respond\"]}]},{\"@type\":\"WebPage\",\"@id\":\"https:\\\/\\\/patagoniambiental.com.ar\\\/info\\\/seguridad-y-servicios-para-la-atencion-de-los-veraneantes-con-la-presencia-del-gobernador-se-lanzo-oficialmente-la-temporada-estival-en-el-condor\\\/\",\"url\":\"https:\\\/\\\/patagoniambiental.com.ar\\\/info\\\/seguridad-y-servicios-para-la-atencion-de-los-veraneantes-con-la-presencia-del-gobernador-se-lanzo-oficialmente-la-temporada-estival-en-el-condor\\\/\",\"name\":\"Seguridad y servicios para la atenci\u00f3n de los veraneantes Con la presencia del Gobernador, se lanz\u00f3 oficialmente la temporada estival en El C\u00f3ndor\",\"isPartOf\":{\"@id\":\"https:\\\/\\\/patagoniambiental.com.ar\\\/info\\\/#website\"},\"datePublished\":\"2017-12-18T22:00:18+00:00\",\"breadcrumb\":{\"@id\":\"https:\\\/\\\/patagoniambiental.com.ar\\\/info\\\/seguridad-y-servicios-para-la-atencion-de-los-veraneantes-con-la-presencia-del-gobernador-se-lanzo-oficialmente-la-temporada-estival-en-el-condor\\\/#breadcrumb\"},\"inLanguage\":\"es\",\"potentialAction\":[{\"@type\":\"ReadAction\",\"target\":[\"https:\\\/\\\/patagoniambiental.com.ar\\\/info\\\/seguridad-y-servicios-para-la-atencion-de-los-veraneantes-con-la-presencia-del-gobernador-se-lanzo-oficialmente-la-temporada-estival-en-el-condor\\\/\"]}]},{\"@type\":\"BreadcrumbList\",\"@id\":\"https:\\\/\\\/patagoniambiental.com.ar\\\/info\\\/seguridad-y-servicios-para-la-atencion-de-los-veraneantes-con-la-presencia-del-gobernador-se-lanzo-oficialmente-la-temporada-estival-en-el-condor\\\/#breadcrumb\",\"itemListElement\":[{\"@type\":\"ListItem\",\"position\":1,\"name\":\"Inicio\",\"item\":\"https:\\\/\\\/patagoniambiental.com.ar\\\/info\\\/\"},{\"@type\":\"ListItem\",\"position\":2,\"name\":\"Seguridad y servicios para la atenci\u00f3n de los veraneantes Con la presencia del Gobernador, se lanz\u00f3 oficialmente la temporada estival en El C\u00f3ndor\"}]},{\"@type\":\"WebSite\",\"@id\":\"https:\\\/\\\/patagoniambiental.com.ar\\\/info\\\/#website\",\"url\":\"https:\\\/\\\/patagoniambiental.com.ar\\\/info\\\/\",\"name\":\"Patagonia Ambiental\",\"description\":\"Monitoreo y an\u00e1lisis de la situaci\u00f3n geopol\u00edtica en el mundo y su implicancia en la Patagonia\",\"publisher\":{\"@id\":\"https:\\\/\\\/patagoniambiental.com.ar\\\/info\\\/#organization\"},\"potentialAction\":[{\"@type\":\"SearchAction\",\"target\":{\"@type\":\"EntryPoint\",\"urlTemplate\":\"https:\\\/\\\/patagoniambiental.com.ar\\\/info\\\/?s={search_term_string}\"},\"query-input\":{\"@type\":\"PropertyValueSpecification\",\"valueRequired\":true,\"valueName\":\"search_term_string\"}}],\"inLanguage\":\"es\"},{\"@type\":\"Organization\",\"@id\":\"https:\\\/\\\/patagoniambiental.com.ar\\\/info\\\/#organization\",\"name\":\"Patagonia Ambiental\",\"url\":\"https:\\\/\\\/patagoniambiental.com.ar\\\/info\\\/\",\"logo\":{\"@type\":\"ImageObject\",\"inLanguage\":\"es\",\"@id\":\"https:\\\/\\\/patagoniambiental.com.ar\\\/info\\\/#\\\/schema\\\/logo\\\/image\\\/\",\"url\":\"https:\\\/\\\/patagoniambiental.com.ar\\\/info\\\/wp-content\\\/uploads\\\/2025\\\/05\\\/LOGO-PATAGONIA-AMBIENTAL.png\",\"contentUrl\":\"https:\\\/\\\/patagoniambiental.com.ar\\\/info\\\/wp-content\\\/uploads\\\/2025\\\/05\\\/LOGO-PATAGONIA-AMBIENTAL.png\",\"width\":433,\"height\":250,\"caption\":\"Patagonia Ambiental\"},\"image\":{\"@id\":\"https:\\\/\\\/patagoniambiental.com.ar\\\/info\\\/#\\\/schema\\\/logo\\\/image\\\/\"},\"sameAs\":[\"https:\\\/\\\/www.facebook.com\\\/patagonia.ambiental\",\"https:\\\/\\\/x.com\\\/PatAmb\"]},{\"@type\":\"Person\",\"@id\":\"https:\\\/\\\/patagoniambiental.com.ar\\\/info\\\/#\\\/schema\\\/person\\\/db12bff64bbcbf6a253710bf0ea37b5d\",\"name\":\"Patagonia Ambiental\",\"description\":\"Andr\u00e9s Nievas T\u00e9cnico en manejo ambiental, consultor Ambiental y escritor para medios locales e internacionales sobre temas de geopolitica y medio ambiente.\",\"sameAs\":[\"http:\\\/\\\/www.patagoniambiental.com.ar\",\"https:\\\/\\\/www.facebook.com\\\/share\\\/1C1V8Gv9BX\\\/?mibextid=qi2Omg\",\"@patagoniambiental\",\"https:\\\/\\\/youtube.com\\\/@patagoniaambiental2023?si=BLt58t0wuXquxlYZ\"]}]}<\/script>\n<!-- \/ Yoast SEO Premium plugin. -->","yoast_head_json":{"title":"Seguridad y servicios para la atenci\u00f3n de los veraneantes Con la presencia del Gobernador, se lanz\u00f3 oficialmente la temporada estival en El C\u00f3ndor","robots":{"index":"index","follow":"follow","max-snippet":"max-snippet:-1","max-image-preview":"max-image-preview:large","max-video-preview":"max-video-preview:-1"},"canonical":"https:\/\/patagoniambiental.com.ar\/info\/seguridad-y-servicios-para-la-atencion-de-los-veraneantes-con-la-presencia-del-gobernador-se-lanzo-oficialmente-la-temporada-estival-en-el-condor\/","og_locale":"es_ES","og_type":"article","og_title":"Seguridad y servicios para la atenci\u00f3n de los veraneantes Con la presencia del Gobernador, se lanz\u00f3 oficialmente la temporada estival en El C\u00f3ndor","og_description":"Balneario El Condor.-El gobernador de R\u00edo Negro, Alberto Weretilneck, encabez\u00f3 junto al intendente de Viedma, Jos\u00e9 Luis Foulkes, el acto [&hellip;]","og_url":"https:\/\/patagoniambiental.com.ar\/info\/seguridad-y-servicios-para-la-atencion-de-los-veraneantes-con-la-presencia-del-gobernador-se-lanzo-oficialmente-la-temporada-estival-en-el-condor\/","og_site_name":"Patagonia Ambiental","article_publisher":"https:\/\/www.facebook.com\/patagonia.ambiental","article_author":"https:\/\/www.facebook.com\/share\/1C1V8Gv9BX\/?mibextid=qi2Omg","article_published_time":"2017-12-18T22:00:18+00:00","author":"Patagonia Ambiental","twitter_card":"summary_large_image","twitter_creator":"@PatAmb","twitter_site":"@PatAmb","schema":{"@context":"https:\/\/schema.org","@graph":[{"@type":"Article","@id":"https:\/\/patagoniambiental.com.ar\/info\/seguridad-y-servicios-para-la-atencion-de-los-veraneantes-con-la-presencia-del-gobernador-se-lanzo-oficialmente-la-temporada-estival-en-el-condor\/#article","isPartOf":{"@id":"https:\/\/patagoniambiental.com.ar\/info\/seguridad-y-servicios-para-la-atencion-de-los-veraneantes-con-la-presencia-del-gobernador-se-lanzo-oficialmente-la-temporada-estival-en-el-condor\/"},"author":{"name":"Patagonia Ambiental","@id":"https:\/\/patagoniambiental.com.ar\/info\/#\/schema\/person\/db12bff64bbcbf6a253710bf0ea37b5d"},"headline":"Seguridad y servicios para la atenci\u00f3n de los veraneantes Con la presencia del Gobernador, se lanz\u00f3 oficialmente la temporada estival en El C\u00f3ndor","datePublished":"2017-12-18T22:00:18+00:00","mainEntityOfPage":{"@id":"https:\/\/patagoniambiental.com.ar\/info\/seguridad-y-servicios-para-la-atencion-de-los-veraneantes-con-la-presencia-del-gobernador-se-lanzo-oficialmente-la-temporada-estival-en-el-condor\/"},"wordCount":661,"commentCount":0,"publisher":{"@id":"https:\/\/patagoniambiental.com.ar\/info\/#organization"},"articleSection":["Noticias","Provinciales","R\u00edo Negro"],"inLanguage":"es","potentialAction":[{"@type":"CommentAction","name":"Comment","target":["https:\/\/patagoniambiental.com.ar\/info\/seguridad-y-servicios-para-la-atencion-de-los-veraneantes-con-la-presencia-del-gobernador-se-lanzo-oficialmente-la-temporada-estival-en-el-condor\/#respond"]}]},{"@type":"WebPage","@id":"https:\/\/patagoniambiental.com.ar\/info\/seguridad-y-servicios-para-la-atencion-de-los-veraneantes-con-la-presencia-del-gobernador-se-lanzo-oficialmente-la-temporada-estival-en-el-condor\/","url":"https:\/\/patagoniambiental.com.ar\/info\/seguridad-y-servicios-para-la-atencion-de-los-veraneantes-con-la-presencia-del-gobernador-se-lanzo-oficialmente-la-temporada-estival-en-el-condor\/","name":"Seguridad y servicios para la atenci\u00f3n de los veraneantes Con la presencia del Gobernador, se lanz\u00f3 oficialmente la temporada estival en El C\u00f3ndor","isPartOf":{"@id":"https:\/\/patagoniambiental.com.ar\/info\/#website"},"datePublished":"2017-12-18T22:00:18+00:00","breadcrumb":{"@id":"https:\/\/patagoniambiental.com.ar\/info\/seguridad-y-servicios-para-la-atencion-de-los-veraneantes-con-la-presencia-del-gobernador-se-lanzo-oficialmente-la-temporada-estival-en-el-condor\/#breadcrumb"},"inLanguage":"es","potentialAction":[{"@type":"ReadAction","target":["https:\/\/patagoniambiental.com.ar\/info\/seguridad-y-servicios-para-la-atencion-de-los-veraneantes-con-la-presencia-del-gobernador-se-lanzo-oficialmente-la-temporada-estival-en-el-condor\/"]}]},{"@type":"BreadcrumbList","@id":"https:\/\/patagoniambiental.com.ar\/info\/seguridad-y-servicios-para-la-atencion-de-los-veraneantes-con-la-presencia-del-gobernador-se-lanzo-oficialmente-la-temporada-estival-en-el-condor\/#breadcrumb","itemListElement":[{"@type":"ListItem","position":1,"name":"Inicio","item":"https:\/\/patagoniambiental.com.ar\/info\/"},{"@type":"ListItem","position":2,"name":"Seguridad y servicios para la atenci\u00f3n de los veraneantes Con la presencia del Gobernador, se lanz\u00f3 oficialmente la temporada estival en El C\u00f3ndor"}]},{"@type":"WebSite","@id":"https:\/\/patagoniambiental.com.ar\/info\/#website","url":"https:\/\/patagoniambiental.com.ar\/info\/","name":"Patagonia Ambiental","description":"Monitoreo y an\u00e1lisis de la situaci\u00f3n geopol\u00edtica en el mundo y su implicancia en la Patagonia","publisher":{"@id":"https:\/\/patagoniambiental.com.ar\/info\/#organization"},"potentialAction":[{"@type":"SearchAction","target":{"@type":"EntryPoint","urlTemplate":"https:\/\/patagoniambiental.com.ar\/info\/?s={search_term_string}"},"query-input":{"@type":"PropertyValueSpecification","valueRequired":true,"valueName":"search_term_string"}}],"inLanguage":"es"},{"@type":"Organization","@id":"https:\/\/patagoniambiental.com.ar\/info\/#organization","name":"Patagonia Ambiental","url":"https:\/\/patagoniambiental.com.ar\/info\/","logo":{"@type":"ImageObject","inLanguage":"es","@id":"https:\/\/patagoniambiental.com.ar\/info\/#\/schema\/logo\/image\/","url":"https:\/\/patagoniambiental.com.ar\/info\/wp-content\/uploads\/2025\/05\/LOGO-PATAGONIA-AMBIENTAL.png","contentUrl":"https:\/\/patagoniambiental.com.ar\/info\/wp-content\/uploads\/2025\/05\/LOGO-PATAGONIA-AMBIENTAL.png","width":433,"height":250,"caption":"Patagonia Ambiental"},"image":{"@id":"https:\/\/patagoniambiental.com.ar\/info\/#\/schema\/logo\/image\/"},"sameAs":["https:\/\/www.facebook.com\/patagonia.ambiental","https:\/\/x.com\/PatAmb"]},{"@type":"Person","@id":"https:\/\/patagoniambiental.com.ar\/info\/#\/schema\/person\/db12bff64bbcbf6a253710bf0ea37b5d","name":"Patagonia Ambiental","description":"Andr\u00e9s Nievas T\u00e9cnico en manejo ambiental, consultor Ambiental y escritor para medios locales e internacionales sobre temas de geopolitica y medio ambiente.","sameAs":["http:\/\/www.patagoniambiental.com.ar","https:\/\/www.facebook.com\/share\/1C1V8Gv9BX\/?mibextid=qi2Omg","@patagoniambiental","https:\/\/youtube.com\/@patagoniaambiental2023?si=BLt58t0wuXquxlYZ"]}]}},"_links":{"self":[{"href":"https:\/\/patagoniambiental.com.ar\/info\/wp-json\/wp\/v2\/posts\/39944","targetHints":{"allow":["GET"]}}],"collection":[{"href":"https:\/\/patagoniambiental.com.ar\/info\/wp-json\/wp\/v2\/posts"}],"about":[{"href":"https:\/\/patagoniambiental.com.ar\/info\/wp-json\/wp\/v2\/types\/post"}],"author":[{"embeddable":true,"href":"https:\/\/patagoniambiental.com.ar\/info\/wp-json\/wp\/v2\/users\/2"}],"replies":[{"embeddable":true,"href":"https:\/\/patagoniambiental.com.ar\/info\/wp-json\/wp\/v2\/comments?post=39944"}],"version-history":[{"count":0,"href":"https:\/\/patagoniambiental.com.ar\/info\/wp-json\/wp\/v2\/posts\/39944\/revisions"}],"wp:attachment":[{"href":"https:\/\/patagoniambiental.com.ar\/info\/wp-json\/wp\/v2\/media?parent=39944"}],"wp:term":[{"taxonomy":"category","embeddable":true,"href":"https:\/\/patagoniambiental.com.ar\/info\/wp-json\/wp\/v2\/categories?post=39944"},{"taxonomy":"post_tag","embeddable":true,"href":"https:\/\/patagoniambiental.com.ar\/info\/wp-json\/wp\/v2\/tags?post=39944"}],"curies":[{"name":"wp","href":"https:\/\/api.w.org\/{rel}","templated":true}]}}