{"id":40528,"date":"2018-01-03T19:00:00","date_gmt":"2018-01-03T22:00:00","guid":{"rendered":"http:\/\/patagoniambiental.com.ar\/info\/?p=40528"},"modified":"2018-01-03T09:26:46","modified_gmt":"2018-01-03T12:26:46","slug":"la-primera-etapa-se-extendera-hasta-febrero-el-rompehielos-almirante-irizar-zarpo-anoche-desde-ushuaia-para-comenzar-la-campana-antartica","status":"publish","type":"post","link":"https:\/\/patagoniambiental.com.ar\/info\/la-primera-etapa-se-extendera-hasta-febrero-el-rompehielos-almirante-irizar-zarpo-anoche-desde-ushuaia-para-comenzar-la-campana-antartica\/","title":{"rendered":"LA PRIMERA ETAPA SE EXTENDER\u00c1 HASTA FEBRERO El rompehielos Almirante Irizar zarp\u00f3 anoche desde Ushuaia para comenzar la Campa\u00f1a Ant\u00e1rtica"},"content":{"rendered":"<h3 class=\"titulo_individual_noticia\"><\/h3>\n<div class=\"copete_individual_noticia\">Ushuaia.-El emblem\u00e1tico buque de la Armada hab\u00eda llegado a la ciudad el domingo 31. Ayer parti\u00f3 a cumplir con la primera etapa de la campa\u00f1a de reabastecimiento de las bases ant\u00e1rticas.<\/div>\n<p><!--more--><\/p>\n<div><\/div>\n<div class=\"copete_individual_noticia\">Volver\u00e1 a Ushuaia el 10 de febrero y el 14 regresar\u00e1 al Continente Blanco para cumplimentar la segunda etapa. El barco retorna al servicio activo luego de 10 a\u00f1os por el incendio que sufri\u00f3 en 2007.<\/div>\n<div class=\"fecha_individual_noticia\"><\/div>\n<div class=\"clear_both\"><\/div>\n<div class=\"contenido_individual_noticia\">\n<div class=\"contenedor_primera_letra_individual_noticia\">El Rompehielos ARA \u201cAlmirante Irizar\u201d zarp\u00f3 anoche de la ciudad de Ushuaia, donde hab\u00eda arribado el pasado domingo, para cumplir con la primera etapa de la Campa\u00f1a Ant\u00e1rtica de Verano 2018, confirmaron a EDFM fuentes militares.<br \/>\nEl buque que hab\u00eda salido de la d\u00e1rsena \u201cE\u201d del puerto de Buenos Aires el \u00faltimo 26 de diciembre, realiz\u00f3 ayer las maniobras finales de reaprovisionamiento de combustible en la capital fueguina, antes de partir hacia el Continente Blanco donde llevar\u00e1 a cabo tareas cient\u00edficas y de reabastecimiento de las bases argentinas, tras 10 a\u00f1os de inactividad por el incendio sufrido en 2007.<br \/>\nEn la etapa inicial de la campa\u00f1a, el Irizar visitar\u00e1 las bases Marambio, Petrel, C\u00e1mara, Orcadas y Belgrano II.<br \/>\nCon posterioridad, el buque naranja retornar\u00e1 a Ushuaia el 10 de febrero para reaprovisionarse, y el 14 regresar\u00e1 a la Ant\u00e1rtida para llegar a las bases Petrel, Marambio, C\u00e1mara, Brown, Frei, San Mart\u00edn, Groussac, Carlini, Esperanza y Orcadas, seg\u00fan inform\u00f3 la Armada Argentina en un parte oficial.<br \/>\nLa embarcaci\u00f3n transportar\u00e1 en total 6.187 toneladas de v\u00edveres, 432 tambores de combustibles, 292 tubos de gases (entre nitr\u00f3geno, helio, ox\u00edgeno y acetileno) y 87.178 toneladas de carga general.<br \/>\nLa dotaci\u00f3n est\u00e1 compuesta por 173 personas a las que se sumaron, en este viaje, otras 13 para las tareas propias de la navegaci\u00f3n.<br \/>\nAdem\u00e1s se encuentran a bordo 95 personas que se ocupar\u00e1n del trabajo de descarga de material y las dotaciones de las Base Esperanza, Belgrano II, Petrel y el Refugio Groussac.<br \/>\nEl rompehielos cuenta con 13 laboratorios adaptados especialmente para el estudio de glaceolog\u00eda, meteorolog\u00eda, qu\u00edmica, microbiolog\u00eda, biolog\u00eda marina y oceanograf\u00eda.<br \/>\nEl Ministerio de Defensa inform\u00f3 que tras el proceso de reconstrucci\u00f3n y modernizaci\u00f3n al que fue sometido el irizar, se incorpor\u00f3 tecnolog\u00eda de \u00faltima generaci\u00f3n, se duplic\u00f3 su capacidad de transporte de Gas Oil Ant\u00e1rtico (GOA) y se increment\u00f3 en un 600 por ciento la cantidad de espacio dedicado espec\u00edficamente a la investigaci\u00f3n cient\u00edfica.<br \/>\nPor otra parte se renovaron los alojamientos potenciando su calidad y capacidad y se adecuaron los sistemas de climatizaci\u00f3n, c\u00e1maras frigor\u00edficas, cocina, destiladores de agua potable, plantas de tratamientos de residuos y sistema de descongelamiento de la pista de aterrizaje, adem\u00e1s de adquirirse 4 lanchas de abandono, gr\u00faas de 16 toneladas y 6 balsas salvavidas.<br \/>\nEl buque tambi\u00e9n cuenta con un Departamento de Sanidad con quir\u00f3fano, sala de terapia intensiva, terapia intermedia, sala de internaci\u00f3n y laboratorios de bioqu\u00edmica y odontolog\u00eda, se\u00f1alaron las fuentes militares.<\/div>\n<div><\/div>\n<\/div>\n<div>Fuente: El Diario del Fin del Mundo<\/div>\n","protected":false},"excerpt":{"rendered":"<p>Ushuaia.-El emblem\u00e1tico buque de la Armada hab\u00eda llegado a la ciudad el domingo 31. Ayer parti\u00f3 a cumplir con la [&hellip;]<\/p>\n","protected":false},"author":2,"featured_media":40529,"comment_status":"open","ping_status":"open","sticky":false,"template":"","format":"standard","meta":{"site-sidebar-layout":"default","site-content-layout":"","ast-site-content-layout":"default","site-content-style":"default","site-sidebar-style":"default","ast-global-header-display":"","ast-banner-title-visibility":"","ast-main-header-display":"","ast-hfb-above-header-display":"","ast-hfb-below-header-display":"","ast-hfb-mobile-header-display":"","site-post-title":"","ast-breadcrumbs-content":"","ast-featured-img":"","footer-sml-layout":"","ast-disable-related-posts":"","theme-transparent-header-meta":"","adv-header-id-meta":"","stick-header-meta":"","header-above-stick-meta":"","header-main-stick-meta":"","header-below-stick-meta":"","astra-migrate-meta-layouts":"default","ast-page-background-enabled":"default","ast-page-background-meta":{"desktop":{"background-color":"var(--ast-global-color-5)","background-image":"","background-repeat":"repeat","background-position":"center center","background-size":"auto","background-attachment":"scroll","background-type":"","background-media":"","overlay-type":"","overlay-color":"","overlay-opacity":"","overlay-gradient":""},"tablet":{"background-color":"","background-image":"","background-repeat":"repeat","background-position":"center center","background-size":"auto","background-attachment":"scroll","background-type":"","background-media":"","overlay-type":"","overlay-color":"","overlay-opacity":"","overlay-gradient":""},"mobile":{"background-color":"","background-image":"","background-repeat":"repeat","background-position":"center center","background-size":"auto","background-attachment":"scroll","background-type":"","background-media":"","overlay-type":"","overlay-color":"","overlay-opacity":"","overlay-gradient":""}},"ast-content-background-meta":{"desktop":{"background-color":"var(--ast-global-color-4)","background-image":"","background-repeat":"repeat","background-position":"center center","background-size":"auto","background-attachment":"scroll","background-type":"","background-media":"","overlay-type":"","overlay-color":"","overlay-opacity":"","overlay-gradient":""},"tablet":{"background-color":"var(--ast-global-color-4)","background-image":"","background-repeat":"repeat","background-position":"center center","background-size":"auto","background-attachment":"scroll","background-type":"","background-media":"","overlay-type":"","overlay-color":"","overlay-opacity":"","overlay-gradient":""},"mobile":{"background-color":"var(--ast-global-color-4)","background-image":"","background-repeat":"repeat","background-position":"center center","background-size":"auto","background-attachment":"scroll","background-type":"","background-media":"","overlay-type":"","overlay-color":"","overlay-opacity":"","overlay-gradient":""}},"footnotes":""},"categories":[23,1],"tags":[],"class_list":["post-40528","post","type-post","status-publish","format-standard","has-post-thumbnail","hentry","category-internacionales","category-noticias"],"yoast_head":"<!-- This site is optimized with the Yoast SEO Premium plugin v23.0 (Yoast SEO v27.4) - https:\/\/yoast.com\/product\/yoast-seo-premium-wordpress\/ -->\n<title>LA PRIMERA ETAPA SE EXTENDER\u00c1 HASTA FEBRERO El rompehielos Almirante Irizar zarp\u00f3 anoche desde Ushuaia para comenzar la Campa\u00f1a Ant\u00e1rtica<\/title>\n<meta name=\"robots\" content=\"index, follow, max-snippet:-1, max-image-preview:large, max-video-preview:-1\" \/>\n<link rel=\"canonical\" href=\"https:\/\/patagoniambiental.com.ar\/info\/la-primera-etapa-se-extendera-hasta-febrero-el-rompehielos-almirante-irizar-zarpo-anoche-desde-ushuaia-para-comenzar-la-campana-antartica\/\" \/>\n<meta property=\"og:locale\" content=\"es_ES\" \/>\n<meta property=\"og:type\" content=\"article\" \/>\n<meta property=\"og:title\" content=\"LA PRIMERA ETAPA SE EXTENDER\u00c1 HASTA FEBRERO El rompehielos Almirante Irizar zarp\u00f3 anoche desde Ushuaia para comenzar la Campa\u00f1a Ant\u00e1rtica\" \/>\n<meta property=\"og:description\" content=\"Ushuaia.-El emblem\u00e1tico buque de la Armada hab\u00eda llegado a la ciudad el domingo 31. Ayer parti\u00f3 a cumplir con la [&hellip;]\" \/>\n<meta property=\"og:url\" content=\"https:\/\/patagoniambiental.com.ar\/info\/la-primera-etapa-se-extendera-hasta-febrero-el-rompehielos-almirante-irizar-zarpo-anoche-desde-ushuaia-para-comenzar-la-campana-antartica\/\" \/>\n<meta property=\"og:site_name\" content=\"Patagonia Ambiental\" \/>\n<meta property=\"article:publisher\" content=\"https:\/\/www.facebook.com\/patagonia.ambiental\" \/>\n<meta property=\"article:author\" content=\"https:\/\/www.facebook.com\/share\/1C1V8Gv9BX\/?mibextid=qi2Omg\" \/>\n<meta property=\"article:published_time\" content=\"2018-01-03T22:00:00+00:00\" \/>\n<meta property=\"og:image\" content=\"https:\/\/patagoniambiental.com.ar\/info\/wp-content\/uploads\/2018\/01\/20180102110042aa431b443b5c16fbe0c645e304404f88.jpg\" \/>\n\t<meta property=\"og:image:width\" content=\"800\" \/>\n\t<meta property=\"og:image:height\" content=\"450\" \/>\n\t<meta property=\"og:image:type\" content=\"image\/jpeg\" \/>\n<meta name=\"author\" content=\"Patagonia Ambiental\" \/>\n<meta name=\"twitter:card\" content=\"summary_large_image\" \/>\n<meta name=\"twitter:creator\" content=\"@PatAmb\" \/>\n<meta name=\"twitter:site\" content=\"@PatAmb\" \/>\n<script type=\"application\/ld+json\" class=\"yoast-schema-graph\">{\"@context\":\"https:\\\/\\\/schema.org\",\"@graph\":[{\"@type\":\"Article\",\"@id\":\"https:\\\/\\\/patagoniambiental.com.ar\\\/info\\\/la-primera-etapa-se-extendera-hasta-febrero-el-rompehielos-almirante-irizar-zarpo-anoche-desde-ushuaia-para-comenzar-la-campana-antartica\\\/#article\",\"isPartOf\":{\"@id\":\"https:\\\/\\\/patagoniambiental.com.ar\\\/info\\\/la-primera-etapa-se-extendera-hasta-febrero-el-rompehielos-almirante-irizar-zarpo-anoche-desde-ushuaia-para-comenzar-la-campana-antartica\\\/\"},\"author\":{\"name\":\"Patagonia Ambiental\",\"@id\":\"https:\\\/\\\/patagoniambiental.com.ar\\\/info\\\/#\\\/schema\\\/person\\\/db12bff64bbcbf6a253710bf0ea37b5d\"},\"headline\":\"LA PRIMERA ETAPA SE EXTENDER\u00c1 HASTA FEBRERO El rompehielos Almirante Irizar zarp\u00f3 anoche desde Ushuaia para comenzar la Campa\u00f1a Ant\u00e1rtica\",\"datePublished\":\"2018-01-03T22:00:00+00:00\",\"mainEntityOfPage\":{\"@id\":\"https:\\\/\\\/patagoniambiental.com.ar\\\/info\\\/la-primera-etapa-se-extendera-hasta-febrero-el-rompehielos-almirante-irizar-zarpo-anoche-desde-ushuaia-para-comenzar-la-campana-antartica\\\/\"},\"wordCount\":532,\"commentCount\":0,\"publisher\":{\"@id\":\"https:\\\/\\\/patagoniambiental.com.ar\\\/info\\\/#organization\"},\"image\":{\"@id\":\"https:\\\/\\\/patagoniambiental.com.ar\\\/info\\\/la-primera-etapa-se-extendera-hasta-febrero-el-rompehielos-almirante-irizar-zarpo-anoche-desde-ushuaia-para-comenzar-la-campana-antartica\\\/#primaryimage\"},\"thumbnailUrl\":\"https:\\\/\\\/patagoniambiental.com.ar\\\/info\\\/wp-content\\\/uploads\\\/2018\\\/01\\\/20180102110042aa431b443b5c16fbe0c645e304404f88.jpg\",\"articleSection\":[\"Internacionales\",\"Noticias\"],\"inLanguage\":\"es\",\"potentialAction\":[{\"@type\":\"CommentAction\",\"name\":\"Comment\",\"target\":[\"https:\\\/\\\/patagoniambiental.com.ar\\\/info\\\/la-primera-etapa-se-extendera-hasta-febrero-el-rompehielos-almirante-irizar-zarpo-anoche-desde-ushuaia-para-comenzar-la-campana-antartica\\\/#respond\"]}]},{\"@type\":\"WebPage\",\"@id\":\"https:\\\/\\\/patagoniambiental.com.ar\\\/info\\\/la-primera-etapa-se-extendera-hasta-febrero-el-rompehielos-almirante-irizar-zarpo-anoche-desde-ushuaia-para-comenzar-la-campana-antartica\\\/\",\"url\":\"https:\\\/\\\/patagoniambiental.com.ar\\\/info\\\/la-primera-etapa-se-extendera-hasta-febrero-el-rompehielos-almirante-irizar-zarpo-anoche-desde-ushuaia-para-comenzar-la-campana-antartica\\\/\",\"name\":\"LA PRIMERA ETAPA SE EXTENDER\u00c1 HASTA FEBRERO El rompehielos Almirante Irizar zarp\u00f3 anoche desde Ushuaia para comenzar la Campa\u00f1a Ant\u00e1rtica\",\"isPartOf\":{\"@id\":\"https:\\\/\\\/patagoniambiental.com.ar\\\/info\\\/#website\"},\"primaryImageOfPage\":{\"@id\":\"https:\\\/\\\/patagoniambiental.com.ar\\\/info\\\/la-primera-etapa-se-extendera-hasta-febrero-el-rompehielos-almirante-irizar-zarpo-anoche-desde-ushuaia-para-comenzar-la-campana-antartica\\\/#primaryimage\"},\"image\":{\"@id\":\"https:\\\/\\\/patagoniambiental.com.ar\\\/info\\\/la-primera-etapa-se-extendera-hasta-febrero-el-rompehielos-almirante-irizar-zarpo-anoche-desde-ushuaia-para-comenzar-la-campana-antartica\\\/#primaryimage\"},\"thumbnailUrl\":\"https:\\\/\\\/patagoniambiental.com.ar\\\/info\\\/wp-content\\\/uploads\\\/2018\\\/01\\\/20180102110042aa431b443b5c16fbe0c645e304404f88.jpg\",\"datePublished\":\"2018-01-03T22:00:00+00:00\",\"breadcrumb\":{\"@id\":\"https:\\\/\\\/patagoniambiental.com.ar\\\/info\\\/la-primera-etapa-se-extendera-hasta-febrero-el-rompehielos-almirante-irizar-zarpo-anoche-desde-ushuaia-para-comenzar-la-campana-antartica\\\/#breadcrumb\"},\"inLanguage\":\"es\",\"potentialAction\":[{\"@type\":\"ReadAction\",\"target\":[\"https:\\\/\\\/patagoniambiental.com.ar\\\/info\\\/la-primera-etapa-se-extendera-hasta-febrero-el-rompehielos-almirante-irizar-zarpo-anoche-desde-ushuaia-para-comenzar-la-campana-antartica\\\/\"]}]},{\"@type\":\"ImageObject\",\"inLanguage\":\"es\",\"@id\":\"https:\\\/\\\/patagoniambiental.com.ar\\\/info\\\/la-primera-etapa-se-extendera-hasta-febrero-el-rompehielos-almirante-irizar-zarpo-anoche-desde-ushuaia-para-comenzar-la-campana-antartica\\\/#primaryimage\",\"url\":\"https:\\\/\\\/patagoniambiental.com.ar\\\/info\\\/wp-content\\\/uploads\\\/2018\\\/01\\\/20180102110042aa431b443b5c16fbe0c645e304404f88.jpg\",\"contentUrl\":\"https:\\\/\\\/patagoniambiental.com.ar\\\/info\\\/wp-content\\\/uploads\\\/2018\\\/01\\\/20180102110042aa431b443b5c16fbe0c645e304404f88.jpg\",\"width\":800,\"height\":450},{\"@type\":\"BreadcrumbList\",\"@id\":\"https:\\\/\\\/patagoniambiental.com.ar\\\/info\\\/la-primera-etapa-se-extendera-hasta-febrero-el-rompehielos-almirante-irizar-zarpo-anoche-desde-ushuaia-para-comenzar-la-campana-antartica\\\/#breadcrumb\",\"itemListElement\":[{\"@type\":\"ListItem\",\"position\":1,\"name\":\"Inicio\",\"item\":\"https:\\\/\\\/patagoniambiental.com.ar\\\/info\\\/\"},{\"@type\":\"ListItem\",\"position\":2,\"name\":\"LA PRIMERA ETAPA SE EXTENDER\u00c1 HASTA FEBRERO El rompehielos Almirante Irizar zarp\u00f3 anoche desde Ushuaia para comenzar la Campa\u00f1a Ant\u00e1rtica\"}]},{\"@type\":\"WebSite\",\"@id\":\"https:\\\/\\\/patagoniambiental.com.ar\\\/info\\\/#website\",\"url\":\"https:\\\/\\\/patagoniambiental.com.ar\\\/info\\\/\",\"name\":\"Patagonia Ambiental\",\"description\":\"Monitoreo y an\u00e1lisis de la situaci\u00f3n geopol\u00edtica en el mundo y su implicancia en la Patagonia\",\"publisher\":{\"@id\":\"https:\\\/\\\/patagoniambiental.com.ar\\\/info\\\/#organization\"},\"potentialAction\":[{\"@type\":\"SearchAction\",\"target\":{\"@type\":\"EntryPoint\",\"urlTemplate\":\"https:\\\/\\\/patagoniambiental.com.ar\\\/info\\\/?s={search_term_string}\"},\"query-input\":{\"@type\":\"PropertyValueSpecification\",\"valueRequired\":true,\"valueName\":\"search_term_string\"}}],\"inLanguage\":\"es\"},{\"@type\":\"Organization\",\"@id\":\"https:\\\/\\\/patagoniambiental.com.ar\\\/info\\\/#organization\",\"name\":\"Patagonia Ambiental\",\"url\":\"https:\\\/\\\/patagoniambiental.com.ar\\\/info\\\/\",\"logo\":{\"@type\":\"ImageObject\",\"inLanguage\":\"es\",\"@id\":\"https:\\\/\\\/patagoniambiental.com.ar\\\/info\\\/#\\\/schema\\\/logo\\\/image\\\/\",\"url\":\"https:\\\/\\\/patagoniambiental.com.ar\\\/info\\\/wp-content\\\/uploads\\\/2025\\\/05\\\/LOGO-PATAGONIA-AMBIENTAL.png\",\"contentUrl\":\"https:\\\/\\\/patagoniambiental.com.ar\\\/info\\\/wp-content\\\/uploads\\\/2025\\\/05\\\/LOGO-PATAGONIA-AMBIENTAL.png\",\"width\":433,\"height\":250,\"caption\":\"Patagonia Ambiental\"},\"image\":{\"@id\":\"https:\\\/\\\/patagoniambiental.com.ar\\\/info\\\/#\\\/schema\\\/logo\\\/image\\\/\"},\"sameAs\":[\"https:\\\/\\\/www.facebook.com\\\/patagonia.ambiental\",\"https:\\\/\\\/x.com\\\/PatAmb\"]},{\"@type\":\"Person\",\"@id\":\"https:\\\/\\\/patagoniambiental.com.ar\\\/info\\\/#\\\/schema\\\/person\\\/db12bff64bbcbf6a253710bf0ea37b5d\",\"name\":\"Patagonia Ambiental\",\"description\":\"Andr\u00e9s Nievas T\u00e9cnico en manejo ambiental, consultor Ambiental y escritor para medios locales e internacionales sobre temas de geopolitica y medio ambiente.\",\"sameAs\":[\"http:\\\/\\\/www.patagoniambiental.com.ar\",\"https:\\\/\\\/www.facebook.com\\\/share\\\/1C1V8Gv9BX\\\/?mibextid=qi2Omg\",\"@patagoniambiental\",\"https:\\\/\\\/youtube.com\\\/@patagoniaambiental2023?si=BLt58t0wuXquxlYZ\"]}]}<\/script>\n<!-- \/ Yoast SEO Premium plugin. -->","yoast_head_json":{"title":"LA PRIMERA ETAPA SE EXTENDER\u00c1 HASTA FEBRERO El rompehielos Almirante Irizar zarp\u00f3 anoche desde Ushuaia para comenzar la Campa\u00f1a Ant\u00e1rtica","robots":{"index":"index","follow":"follow","max-snippet":"max-snippet:-1","max-image-preview":"max-image-preview:large","max-video-preview":"max-video-preview:-1"},"canonical":"https:\/\/patagoniambiental.com.ar\/info\/la-primera-etapa-se-extendera-hasta-febrero-el-rompehielos-almirante-irizar-zarpo-anoche-desde-ushuaia-para-comenzar-la-campana-antartica\/","og_locale":"es_ES","og_type":"article","og_title":"LA PRIMERA ETAPA SE EXTENDER\u00c1 HASTA FEBRERO El rompehielos Almirante Irizar zarp\u00f3 anoche desde Ushuaia para comenzar la Campa\u00f1a Ant\u00e1rtica","og_description":"Ushuaia.-El emblem\u00e1tico buque de la Armada hab\u00eda llegado a la ciudad el domingo 31. Ayer parti\u00f3 a cumplir con la [&hellip;]","og_url":"https:\/\/patagoniambiental.com.ar\/info\/la-primera-etapa-se-extendera-hasta-febrero-el-rompehielos-almirante-irizar-zarpo-anoche-desde-ushuaia-para-comenzar-la-campana-antartica\/","og_site_name":"Patagonia Ambiental","article_publisher":"https:\/\/www.facebook.com\/patagonia.ambiental","article_author":"https:\/\/www.facebook.com\/share\/1C1V8Gv9BX\/?mibextid=qi2Omg","article_published_time":"2018-01-03T22:00:00+00:00","og_image":[{"width":800,"height":450,"url":"https:\/\/patagoniambiental.com.ar\/info\/wp-content\/uploads\/2018\/01\/20180102110042aa431b443b5c16fbe0c645e304404f88.jpg","type":"image\/jpeg"}],"author":"Patagonia Ambiental","twitter_card":"summary_large_image","twitter_creator":"@PatAmb","twitter_site":"@PatAmb","schema":{"@context":"https:\/\/schema.org","@graph":[{"@type":"Article","@id":"https:\/\/patagoniambiental.com.ar\/info\/la-primera-etapa-se-extendera-hasta-febrero-el-rompehielos-almirante-irizar-zarpo-anoche-desde-ushuaia-para-comenzar-la-campana-antartica\/#article","isPartOf":{"@id":"https:\/\/patagoniambiental.com.ar\/info\/la-primera-etapa-se-extendera-hasta-febrero-el-rompehielos-almirante-irizar-zarpo-anoche-desde-ushuaia-para-comenzar-la-campana-antartica\/"},"author":{"name":"Patagonia Ambiental","@id":"https:\/\/patagoniambiental.com.ar\/info\/#\/schema\/person\/db12bff64bbcbf6a253710bf0ea37b5d"},"headline":"LA PRIMERA ETAPA SE EXTENDER\u00c1 HASTA FEBRERO El rompehielos Almirante Irizar zarp\u00f3 anoche desde Ushuaia para comenzar la Campa\u00f1a Ant\u00e1rtica","datePublished":"2018-01-03T22:00:00+00:00","mainEntityOfPage":{"@id":"https:\/\/patagoniambiental.com.ar\/info\/la-primera-etapa-se-extendera-hasta-febrero-el-rompehielos-almirante-irizar-zarpo-anoche-desde-ushuaia-para-comenzar-la-campana-antartica\/"},"wordCount":532,"commentCount":0,"publisher":{"@id":"https:\/\/patagoniambiental.com.ar\/info\/#organization"},"image":{"@id":"https:\/\/patagoniambiental.com.ar\/info\/la-primera-etapa-se-extendera-hasta-febrero-el-rompehielos-almirante-irizar-zarpo-anoche-desde-ushuaia-para-comenzar-la-campana-antartica\/#primaryimage"},"thumbnailUrl":"https:\/\/patagoniambiental.com.ar\/info\/wp-content\/uploads\/2018\/01\/20180102110042aa431b443b5c16fbe0c645e304404f88.jpg","articleSection":["Internacionales","Noticias"],"inLanguage":"es","potentialAction":[{"@type":"CommentAction","name":"Comment","target":["https:\/\/patagoniambiental.com.ar\/info\/la-primera-etapa-se-extendera-hasta-febrero-el-rompehielos-almirante-irizar-zarpo-anoche-desde-ushuaia-para-comenzar-la-campana-antartica\/#respond"]}]},{"@type":"WebPage","@id":"https:\/\/patagoniambiental.com.ar\/info\/la-primera-etapa-se-extendera-hasta-febrero-el-rompehielos-almirante-irizar-zarpo-anoche-desde-ushuaia-para-comenzar-la-campana-antartica\/","url":"https:\/\/patagoniambiental.com.ar\/info\/la-primera-etapa-se-extendera-hasta-febrero-el-rompehielos-almirante-irizar-zarpo-anoche-desde-ushuaia-para-comenzar-la-campana-antartica\/","name":"LA PRIMERA ETAPA SE EXTENDER\u00c1 HASTA FEBRERO El rompehielos Almirante Irizar zarp\u00f3 anoche desde Ushuaia para comenzar la Campa\u00f1a Ant\u00e1rtica","isPartOf":{"@id":"https:\/\/patagoniambiental.com.ar\/info\/#website"},"primaryImageOfPage":{"@id":"https:\/\/patagoniambiental.com.ar\/info\/la-primera-etapa-se-extendera-hasta-febrero-el-rompehielos-almirante-irizar-zarpo-anoche-desde-ushuaia-para-comenzar-la-campana-antartica\/#primaryimage"},"image":{"@id":"https:\/\/patagoniambiental.com.ar\/info\/la-primera-etapa-se-extendera-hasta-febrero-el-rompehielos-almirante-irizar-zarpo-anoche-desde-ushuaia-para-comenzar-la-campana-antartica\/#primaryimage"},"thumbnailUrl":"https:\/\/patagoniambiental.com.ar\/info\/wp-content\/uploads\/2018\/01\/20180102110042aa431b443b5c16fbe0c645e304404f88.jpg","datePublished":"2018-01-03T22:00:00+00:00","breadcrumb":{"@id":"https:\/\/patagoniambiental.com.ar\/info\/la-primera-etapa-se-extendera-hasta-febrero-el-rompehielos-almirante-irizar-zarpo-anoche-desde-ushuaia-para-comenzar-la-campana-antartica\/#breadcrumb"},"inLanguage":"es","potentialAction":[{"@type":"ReadAction","target":["https:\/\/patagoniambiental.com.ar\/info\/la-primera-etapa-se-extendera-hasta-febrero-el-rompehielos-almirante-irizar-zarpo-anoche-desde-ushuaia-para-comenzar-la-campana-antartica\/"]}]},{"@type":"ImageObject","inLanguage":"es","@id":"https:\/\/patagoniambiental.com.ar\/info\/la-primera-etapa-se-extendera-hasta-febrero-el-rompehielos-almirante-irizar-zarpo-anoche-desde-ushuaia-para-comenzar-la-campana-antartica\/#primaryimage","url":"https:\/\/patagoniambiental.com.ar\/info\/wp-content\/uploads\/2018\/01\/20180102110042aa431b443b5c16fbe0c645e304404f88.jpg","contentUrl":"https:\/\/patagoniambiental.com.ar\/info\/wp-content\/uploads\/2018\/01\/20180102110042aa431b443b5c16fbe0c645e304404f88.jpg","width":800,"height":450},{"@type":"BreadcrumbList","@id":"https:\/\/patagoniambiental.com.ar\/info\/la-primera-etapa-se-extendera-hasta-febrero-el-rompehielos-almirante-irizar-zarpo-anoche-desde-ushuaia-para-comenzar-la-campana-antartica\/#breadcrumb","itemListElement":[{"@type":"ListItem","position":1,"name":"Inicio","item":"https:\/\/patagoniambiental.com.ar\/info\/"},{"@type":"ListItem","position":2,"name":"LA PRIMERA ETAPA SE EXTENDER\u00c1 HASTA FEBRERO El rompehielos Almirante Irizar zarp\u00f3 anoche desde Ushuaia para comenzar la Campa\u00f1a Ant\u00e1rtica"}]},{"@type":"WebSite","@id":"https:\/\/patagoniambiental.com.ar\/info\/#website","url":"https:\/\/patagoniambiental.com.ar\/info\/","name":"Patagonia Ambiental","description":"Monitoreo y an\u00e1lisis de la situaci\u00f3n geopol\u00edtica en el mundo y su implicancia en la Patagonia","publisher":{"@id":"https:\/\/patagoniambiental.com.ar\/info\/#organization"},"potentialAction":[{"@type":"SearchAction","target":{"@type":"EntryPoint","urlTemplate":"https:\/\/patagoniambiental.com.ar\/info\/?s={search_term_string}"},"query-input":{"@type":"PropertyValueSpecification","valueRequired":true,"valueName":"search_term_string"}}],"inLanguage":"es"},{"@type":"Organization","@id":"https:\/\/patagoniambiental.com.ar\/info\/#organization","name":"Patagonia Ambiental","url":"https:\/\/patagoniambiental.com.ar\/info\/","logo":{"@type":"ImageObject","inLanguage":"es","@id":"https:\/\/patagoniambiental.com.ar\/info\/#\/schema\/logo\/image\/","url":"https:\/\/patagoniambiental.com.ar\/info\/wp-content\/uploads\/2025\/05\/LOGO-PATAGONIA-AMBIENTAL.png","contentUrl":"https:\/\/patagoniambiental.com.ar\/info\/wp-content\/uploads\/2025\/05\/LOGO-PATAGONIA-AMBIENTAL.png","width":433,"height":250,"caption":"Patagonia Ambiental"},"image":{"@id":"https:\/\/patagoniambiental.com.ar\/info\/#\/schema\/logo\/image\/"},"sameAs":["https:\/\/www.facebook.com\/patagonia.ambiental","https:\/\/x.com\/PatAmb"]},{"@type":"Person","@id":"https:\/\/patagoniambiental.com.ar\/info\/#\/schema\/person\/db12bff64bbcbf6a253710bf0ea37b5d","name":"Patagonia Ambiental","description":"Andr\u00e9s Nievas T\u00e9cnico en manejo ambiental, consultor Ambiental y escritor para medios locales e internacionales sobre temas de geopolitica y medio ambiente.","sameAs":["http:\/\/www.patagoniambiental.com.ar","https:\/\/www.facebook.com\/share\/1C1V8Gv9BX\/?mibextid=qi2Omg","@patagoniambiental","https:\/\/youtube.com\/@patagoniaambiental2023?si=BLt58t0wuXquxlYZ"]}]}},"_links":{"self":[{"href":"https:\/\/patagoniambiental.com.ar\/info\/wp-json\/wp\/v2\/posts\/40528","targetHints":{"allow":["GET"]}}],"collection":[{"href":"https:\/\/patagoniambiental.com.ar\/info\/wp-json\/wp\/v2\/posts"}],"about":[{"href":"https:\/\/patagoniambiental.com.ar\/info\/wp-json\/wp\/v2\/types\/post"}],"author":[{"embeddable":true,"href":"https:\/\/patagoniambiental.com.ar\/info\/wp-json\/wp\/v2\/users\/2"}],"replies":[{"embeddable":true,"href":"https:\/\/patagoniambiental.com.ar\/info\/wp-json\/wp\/v2\/comments?post=40528"}],"version-history":[{"count":0,"href":"https:\/\/patagoniambiental.com.ar\/info\/wp-json\/wp\/v2\/posts\/40528\/revisions"}],"wp:featuredmedia":[{"embeddable":true,"href":"https:\/\/patagoniambiental.com.ar\/info\/wp-json\/wp\/v2\/media\/40529"}],"wp:attachment":[{"href":"https:\/\/patagoniambiental.com.ar\/info\/wp-json\/wp\/v2\/media?parent=40528"}],"wp:term":[{"taxonomy":"category","embeddable":true,"href":"https:\/\/patagoniambiental.com.ar\/info\/wp-json\/wp\/v2\/categories?post=40528"},{"taxonomy":"post_tag","embeddable":true,"href":"https:\/\/patagoniambiental.com.ar\/info\/wp-json\/wp\/v2\/tags?post=40528"}],"curies":[{"name":"wp","href":"https:\/\/api.w.org\/{rel}","templated":true}]}}