{"id":41649,"date":"2018-01-30T09:00:43","date_gmt":"2018-01-30T12:00:43","guid":{"rendered":"http:\/\/patagoniambiental.com.ar\/info\/?p=41649"},"modified":"2018-01-29T20:50:44","modified_gmt":"2018-01-29T23:50:44","slug":"bergman-inauguro-una-planta-de-tratamiento-de-residuos-en-catamarca","status":"publish","type":"post","link":"https:\/\/patagoniambiental.com.ar\/info\/bergman-inauguro-una-planta-de-tratamiento-de-residuos-en-catamarca\/","title":{"rendered":"Bergman inaugur\u00f3 una planta de tratamiento de residuos en Catamarca"},"content":{"rendered":"<div class=\"post-content\">\n<p>CATAMARCA.- El ministro de Ambiente y Desarrollo Sustentable de la Naci\u00f3n, rabino Sergio Bergman, viaj\u00f3 a Catamarca para inaugurar las obras de ampliaci\u00f3n y remodelaci\u00f3n de una planta de tratamiento de residuos s\u00f3lidos urbanos que beneficiar\u00e1 a casi 250 mil catamarque\u00f1os de 10 municipios de la provincia. Adem\u00e1s, el titular de la cartera de Ambiente plant\u00f3 un olivo en la Plaza La Alameda de manera simb\u00f3lica, como parte del Plan Nacional de Restauraci\u00f3n de Bosques Nativos, que lleva adelante el organismo que encabeza y que busca recomponer los bosques degradados del pa\u00eds.<\/p>\n<p>Durante el acto el ministro Bergman destac\u00f3: \u201cEn nombre del presidente Mauricio Macri vengo a inaugurar esta planta de gesti\u00f3n de residuos s\u00f3lidos urbanos que resuelve el 61 % del problema de la provincia, en un consorcio de la ciudad capital junto a otros diez municipios\u201d.<\/p>\n<p>El acto se realiz\u00f3 en las instalaciones de la planta, ubicada frente al parque industrial de San Fernando del Valle de Catamarca, sobre Ruta 38. Cont\u00f3 con la presencia de la gobernadora de la provincia, Luc\u00eda Corpacci; el intendente de la capital catamarque\u00f1a, Ra\u00fal Jalil; y el coordinador general de la Unidad Ciudades Sustentables de la cartera nacional de Ambiente, Daniel Asef.<\/p>\n<p>Las acciones realizadas incluyen la puesta en valor y una nueva cinta de clasificaci\u00f3n de la planta de separaci\u00f3n de residuos, una celda de relleno sanitario, el saneamiento del basural a cielo abierto del Pantanillo, las obras complementarias y el equipamiento para la operaci\u00f3n del relleno, con un presupuesto adjudicado superior a los 92.000.000 de pesos. A su vez, se implementar\u00e1 un plan de inclusi\u00f3n social y otro de concientizaci\u00f3n ambiental, que permita integrar, educar y sensibilizar a la poblaci\u00f3n local con vistas a una mejor calidad de vida.<\/p>\n<p>\u201cComo el Presidente nos pide unir a los argentinos, es a trav\u00e9s de esta tarea con la que, junto a intendentes como Ra\u00fal y en trabajo conjunto con Luc\u00eda c\u00f3mo gobernadora, podamos articular para lograr una acci\u00f3n de cuidado del ambiente y de cambio cultural\u201d, asegur\u00f3 Bergman al tiempo que explic\u00f3: \u201cSer sustentables es el desaf\u00edo de todos que se asume de a uno y que requiere al Estado presente en estos tres niveles, asumiendo que cuidar la casa com\u00fan y est\u00e1 maravillosa provincia es pol\u00edtica de estado\u201d.<\/p>\n<p>El proyecto involucra a los municipios de San Fernando del Valle de Catamarca, Valle Viejo, Fray Mamerto Esqui\u00fa, Capay\u00e1n, Huillapima, La Puerta, Las Juntas, Los Varela, Pacl\u00edn y El Rodeo.<\/p>\n<p>Por su parte, el \u00e1rbol aut\u00f3ctono fue plantado junto a la gobernadora, el intendente de Catamarca y el sacerdote Julio Quiroga. Por la ma\u00f1ana, Bergman se reuni\u00f3 con intendentes de distintas localidades de la provincia y dialog\u00f3 ayer con referentes de Cambiemos.<\/p>\n<div class=\"fusion-gallery fusion-gallery-container fusion-grid-3 fusion-columns-total-3 fusion-gallery-layout-grid fusion-no-medium-visibility\">\n<div class=\"fusion-grid-column fusion-gallery-column fusion-gallery-column-3 hover-type-none\"><\/div>\n<div class=\"clearfix\"><\/div>\n<\/div>\n<\/div>\n<div class=\"fusion-meta-info\"><\/div>\n<h4><\/h4>\n<p>Fuente: Ambiente Naci\u00f3n<\/p>\n","protected":false},"excerpt":{"rendered":"<p>CATAMARCA.- El ministro de Ambiente y Desarrollo Sustentable de la Naci\u00f3n, rabino Sergio Bergman, viaj\u00f3 a Catamarca para inaugurar las [&hellip;]<\/p>\n","protected":false},"author":2,"featured_media":0,"comment_status":"open","ping_status":"open","sticky":false,"template":"","format":"standard","meta":{"site-sidebar-layout":"default","site-content-layout":"","ast-site-content-layout":"default","site-content-style":"default","site-sidebar-style":"default","ast-global-header-display":"","ast-banner-title-visibility":"","ast-main-header-display":"","ast-hfb-above-header-display":"","ast-hfb-below-header-display":"","ast-hfb-mobile-header-display":"","site-post-title":"","ast-breadcrumbs-content":"","ast-featured-img":"","footer-sml-layout":"","ast-disable-related-posts":"","theme-transparent-header-meta":"","adv-header-id-meta":"","stick-header-meta":"","header-above-stick-meta":"","header-main-stick-meta":"","header-below-stick-meta":"","astra-migrate-meta-layouts":"default","ast-page-background-enabled":"default","ast-page-background-meta":{"desktop":{"background-color":"var(--ast-global-color-5)","background-image":"","background-repeat":"repeat","background-position":"center center","background-size":"auto","background-attachment":"scroll","background-type":"","background-media":"","overlay-type":"","overlay-color":"","overlay-opacity":"","overlay-gradient":""},"tablet":{"background-color":"","background-image":"","background-repeat":"repeat","background-position":"center center","background-size":"auto","background-attachment":"scroll","background-type":"","background-media":"","overlay-type":"","overlay-color":"","overlay-opacity":"","overlay-gradient":""},"mobile":{"background-color":"","background-image":"","background-repeat":"repeat","background-position":"center center","background-size":"auto","background-attachment":"scroll","background-type":"","background-media":"","overlay-type":"","overlay-color":"","overlay-opacity":"","overlay-gradient":""}},"ast-content-background-meta":{"desktop":{"background-color":"var(--ast-global-color-4)","background-image":"","background-repeat":"repeat","background-position":"center center","background-size":"auto","background-attachment":"scroll","background-type":"","background-media":"","overlay-type":"","overlay-color":"","overlay-opacity":"","overlay-gradient":""},"tablet":{"background-color":"var(--ast-global-color-4)","background-image":"","background-repeat":"repeat","background-position":"center center","background-size":"auto","background-attachment":"scroll","background-type":"","background-media":"","overlay-type":"","overlay-color":"","overlay-opacity":"","overlay-gradient":""},"mobile":{"background-color":"var(--ast-global-color-4)","background-image":"","background-repeat":"repeat","background-position":"center center","background-size":"auto","background-attachment":"scroll","background-type":"","background-media":"","overlay-type":"","overlay-color":"","overlay-opacity":"","overlay-gradient":""}},"footnotes":""},"categories":[19,1],"tags":[],"class_list":["post-41649","post","type-post","status-publish","format-standard","hentry","category-nacionales","category-noticias"],"yoast_head":"<!-- This site is optimized with the Yoast SEO Premium plugin v23.0 (Yoast SEO v27.5) - https:\/\/yoast.com\/product\/yoast-seo-premium-wordpress\/ -->\n<title>Bergman inaugur\u00f3 una planta de tratamiento de residuos en Catamarca<\/title>\n<meta name=\"robots\" content=\"index, follow, max-snippet:-1, max-image-preview:large, max-video-preview:-1\" \/>\n<link rel=\"canonical\" href=\"https:\/\/patagoniambiental.com.ar\/info\/bergman-inauguro-una-planta-de-tratamiento-de-residuos-en-catamarca\/\" \/>\n<meta property=\"og:locale\" content=\"es_ES\" \/>\n<meta property=\"og:type\" content=\"article\" \/>\n<meta property=\"og:title\" content=\"Bergman inaugur\u00f3 una planta de tratamiento de residuos en Catamarca\" \/>\n<meta property=\"og:description\" content=\"CATAMARCA.- El ministro de Ambiente y Desarrollo Sustentable de la Naci\u00f3n, rabino Sergio Bergman, viaj\u00f3 a Catamarca para inaugurar las [&hellip;]\" \/>\n<meta property=\"og:url\" content=\"https:\/\/patagoniambiental.com.ar\/info\/bergman-inauguro-una-planta-de-tratamiento-de-residuos-en-catamarca\/\" \/>\n<meta property=\"og:site_name\" content=\"Patagonia Ambiental\" \/>\n<meta property=\"article:publisher\" content=\"https:\/\/www.facebook.com\/patagonia.ambiental\" \/>\n<meta property=\"article:author\" content=\"https:\/\/www.facebook.com\/share\/1C1V8Gv9BX\/?mibextid=qi2Omg\" \/>\n<meta property=\"article:published_time\" content=\"2018-01-30T12:00:43+00:00\" \/>\n<meta name=\"author\" content=\"Patagonia Ambiental\" \/>\n<meta name=\"twitter:card\" content=\"summary_large_image\" \/>\n<meta name=\"twitter:creator\" content=\"@PatAmb\" \/>\n<meta name=\"twitter:site\" content=\"@PatAmb\" \/>\n<script type=\"application\/ld+json\" class=\"yoast-schema-graph\">{\"@context\":\"https:\\\/\\\/schema.org\",\"@graph\":[{\"@type\":\"Article\",\"@id\":\"https:\\\/\\\/patagoniambiental.com.ar\\\/info\\\/bergman-inauguro-una-planta-de-tratamiento-de-residuos-en-catamarca\\\/#article\",\"isPartOf\":{\"@id\":\"https:\\\/\\\/patagoniambiental.com.ar\\\/info\\\/bergman-inauguro-una-planta-de-tratamiento-de-residuos-en-catamarca\\\/\"},\"author\":{\"name\":\"Patagonia Ambiental\",\"@id\":\"https:\\\/\\\/patagoniambiental.com.ar\\\/info\\\/#\\\/schema\\\/person\\\/db12bff64bbcbf6a253710bf0ea37b5d\"},\"headline\":\"Bergman inaugur\u00f3 una planta de tratamiento de residuos en Catamarca\",\"datePublished\":\"2018-01-30T12:00:43+00:00\",\"mainEntityOfPage\":{\"@id\":\"https:\\\/\\\/patagoniambiental.com.ar\\\/info\\\/bergman-inauguro-una-planta-de-tratamiento-de-residuos-en-catamarca\\\/\"},\"wordCount\":490,\"commentCount\":0,\"publisher\":{\"@id\":\"https:\\\/\\\/patagoniambiental.com.ar\\\/info\\\/#organization\"},\"articleSection\":[\"Nacionales\",\"Noticias\"],\"inLanguage\":\"es\",\"potentialAction\":[{\"@type\":\"CommentAction\",\"name\":\"Comment\",\"target\":[\"https:\\\/\\\/patagoniambiental.com.ar\\\/info\\\/bergman-inauguro-una-planta-de-tratamiento-de-residuos-en-catamarca\\\/#respond\"]}]},{\"@type\":\"WebPage\",\"@id\":\"https:\\\/\\\/patagoniambiental.com.ar\\\/info\\\/bergman-inauguro-una-planta-de-tratamiento-de-residuos-en-catamarca\\\/\",\"url\":\"https:\\\/\\\/patagoniambiental.com.ar\\\/info\\\/bergman-inauguro-una-planta-de-tratamiento-de-residuos-en-catamarca\\\/\",\"name\":\"Bergman inaugur\u00f3 una planta de tratamiento de residuos en Catamarca\",\"isPartOf\":{\"@id\":\"https:\\\/\\\/patagoniambiental.com.ar\\\/info\\\/#website\"},\"datePublished\":\"2018-01-30T12:00:43+00:00\",\"breadcrumb\":{\"@id\":\"https:\\\/\\\/patagoniambiental.com.ar\\\/info\\\/bergman-inauguro-una-planta-de-tratamiento-de-residuos-en-catamarca\\\/#breadcrumb\"},\"inLanguage\":\"es\",\"potentialAction\":[{\"@type\":\"ReadAction\",\"target\":[\"https:\\\/\\\/patagoniambiental.com.ar\\\/info\\\/bergman-inauguro-una-planta-de-tratamiento-de-residuos-en-catamarca\\\/\"]}]},{\"@type\":\"BreadcrumbList\",\"@id\":\"https:\\\/\\\/patagoniambiental.com.ar\\\/info\\\/bergman-inauguro-una-planta-de-tratamiento-de-residuos-en-catamarca\\\/#breadcrumb\",\"itemListElement\":[{\"@type\":\"ListItem\",\"position\":1,\"name\":\"Inicio\",\"item\":\"https:\\\/\\\/patagoniambiental.com.ar\\\/info\\\/\"},{\"@type\":\"ListItem\",\"position\":2,\"name\":\"Bergman inaugur\u00f3 una planta de tratamiento de residuos en Catamarca\"}]},{\"@type\":\"WebSite\",\"@id\":\"https:\\\/\\\/patagoniambiental.com.ar\\\/info\\\/#website\",\"url\":\"https:\\\/\\\/patagoniambiental.com.ar\\\/info\\\/\",\"name\":\"Patagonia Ambiental\",\"description\":\"Monitoreo y an\u00e1lisis de la situaci\u00f3n geopol\u00edtica en el mundo y su implicancia en la Patagonia\",\"publisher\":{\"@id\":\"https:\\\/\\\/patagoniambiental.com.ar\\\/info\\\/#organization\"},\"potentialAction\":[{\"@type\":\"SearchAction\",\"target\":{\"@type\":\"EntryPoint\",\"urlTemplate\":\"https:\\\/\\\/patagoniambiental.com.ar\\\/info\\\/?s={search_term_string}\"},\"query-input\":{\"@type\":\"PropertyValueSpecification\",\"valueRequired\":true,\"valueName\":\"search_term_string\"}}],\"inLanguage\":\"es\"},{\"@type\":\"Organization\",\"@id\":\"https:\\\/\\\/patagoniambiental.com.ar\\\/info\\\/#organization\",\"name\":\"Patagonia Ambiental\",\"url\":\"https:\\\/\\\/patagoniambiental.com.ar\\\/info\\\/\",\"logo\":{\"@type\":\"ImageObject\",\"inLanguage\":\"es\",\"@id\":\"https:\\\/\\\/patagoniambiental.com.ar\\\/info\\\/#\\\/schema\\\/logo\\\/image\\\/\",\"url\":\"https:\\\/\\\/patagoniambiental.com.ar\\\/info\\\/wp-content\\\/uploads\\\/2025\\\/05\\\/LOGO-PATAGONIA-AMBIENTAL.png\",\"contentUrl\":\"https:\\\/\\\/patagoniambiental.com.ar\\\/info\\\/wp-content\\\/uploads\\\/2025\\\/05\\\/LOGO-PATAGONIA-AMBIENTAL.png\",\"width\":433,\"height\":250,\"caption\":\"Patagonia Ambiental\"},\"image\":{\"@id\":\"https:\\\/\\\/patagoniambiental.com.ar\\\/info\\\/#\\\/schema\\\/logo\\\/image\\\/\"},\"sameAs\":[\"https:\\\/\\\/www.facebook.com\\\/patagonia.ambiental\",\"https:\\\/\\\/x.com\\\/PatAmb\"]},{\"@type\":\"Person\",\"@id\":\"https:\\\/\\\/patagoniambiental.com.ar\\\/info\\\/#\\\/schema\\\/person\\\/db12bff64bbcbf6a253710bf0ea37b5d\",\"name\":\"Patagonia Ambiental\",\"description\":\"Andr\u00e9s Nievas T\u00e9cnico en manejo ambiental, consultor Ambiental y escritor para medios locales e internacionales sobre temas de geopolitica y medio ambiente.\",\"sameAs\":[\"http:\\\/\\\/www.patagoniambiental.com.ar\",\"https:\\\/\\\/www.facebook.com\\\/share\\\/1C1V8Gv9BX\\\/?mibextid=qi2Omg\",\"@patagoniambiental\",\"https:\\\/\\\/youtube.com\\\/@patagoniaambiental2023?si=BLt58t0wuXquxlYZ\"]}]}<\/script>\n<!-- \/ Yoast SEO Premium plugin. -->","yoast_head_json":{"title":"Bergman inaugur\u00f3 una planta de tratamiento de residuos en Catamarca","robots":{"index":"index","follow":"follow","max-snippet":"max-snippet:-1","max-image-preview":"max-image-preview:large","max-video-preview":"max-video-preview:-1"},"canonical":"https:\/\/patagoniambiental.com.ar\/info\/bergman-inauguro-una-planta-de-tratamiento-de-residuos-en-catamarca\/","og_locale":"es_ES","og_type":"article","og_title":"Bergman inaugur\u00f3 una planta de tratamiento de residuos en Catamarca","og_description":"CATAMARCA.- El ministro de Ambiente y Desarrollo Sustentable de la Naci\u00f3n, rabino Sergio Bergman, viaj\u00f3 a Catamarca para inaugurar las [&hellip;]","og_url":"https:\/\/patagoniambiental.com.ar\/info\/bergman-inauguro-una-planta-de-tratamiento-de-residuos-en-catamarca\/","og_site_name":"Patagonia Ambiental","article_publisher":"https:\/\/www.facebook.com\/patagonia.ambiental","article_author":"https:\/\/www.facebook.com\/share\/1C1V8Gv9BX\/?mibextid=qi2Omg","article_published_time":"2018-01-30T12:00:43+00:00","author":"Patagonia Ambiental","twitter_card":"summary_large_image","twitter_creator":"@PatAmb","twitter_site":"@PatAmb","schema":{"@context":"https:\/\/schema.org","@graph":[{"@type":"Article","@id":"https:\/\/patagoniambiental.com.ar\/info\/bergman-inauguro-una-planta-de-tratamiento-de-residuos-en-catamarca\/#article","isPartOf":{"@id":"https:\/\/patagoniambiental.com.ar\/info\/bergman-inauguro-una-planta-de-tratamiento-de-residuos-en-catamarca\/"},"author":{"name":"Patagonia Ambiental","@id":"https:\/\/patagoniambiental.com.ar\/info\/#\/schema\/person\/db12bff64bbcbf6a253710bf0ea37b5d"},"headline":"Bergman inaugur\u00f3 una planta de tratamiento de residuos en Catamarca","datePublished":"2018-01-30T12:00:43+00:00","mainEntityOfPage":{"@id":"https:\/\/patagoniambiental.com.ar\/info\/bergman-inauguro-una-planta-de-tratamiento-de-residuos-en-catamarca\/"},"wordCount":490,"commentCount":0,"publisher":{"@id":"https:\/\/patagoniambiental.com.ar\/info\/#organization"},"articleSection":["Nacionales","Noticias"],"inLanguage":"es","potentialAction":[{"@type":"CommentAction","name":"Comment","target":["https:\/\/patagoniambiental.com.ar\/info\/bergman-inauguro-una-planta-de-tratamiento-de-residuos-en-catamarca\/#respond"]}]},{"@type":"WebPage","@id":"https:\/\/patagoniambiental.com.ar\/info\/bergman-inauguro-una-planta-de-tratamiento-de-residuos-en-catamarca\/","url":"https:\/\/patagoniambiental.com.ar\/info\/bergman-inauguro-una-planta-de-tratamiento-de-residuos-en-catamarca\/","name":"Bergman inaugur\u00f3 una planta de tratamiento de residuos en Catamarca","isPartOf":{"@id":"https:\/\/patagoniambiental.com.ar\/info\/#website"},"datePublished":"2018-01-30T12:00:43+00:00","breadcrumb":{"@id":"https:\/\/patagoniambiental.com.ar\/info\/bergman-inauguro-una-planta-de-tratamiento-de-residuos-en-catamarca\/#breadcrumb"},"inLanguage":"es","potentialAction":[{"@type":"ReadAction","target":["https:\/\/patagoniambiental.com.ar\/info\/bergman-inauguro-una-planta-de-tratamiento-de-residuos-en-catamarca\/"]}]},{"@type":"BreadcrumbList","@id":"https:\/\/patagoniambiental.com.ar\/info\/bergman-inauguro-una-planta-de-tratamiento-de-residuos-en-catamarca\/#breadcrumb","itemListElement":[{"@type":"ListItem","position":1,"name":"Inicio","item":"https:\/\/patagoniambiental.com.ar\/info\/"},{"@type":"ListItem","position":2,"name":"Bergman inaugur\u00f3 una planta de tratamiento de residuos en Catamarca"}]},{"@type":"WebSite","@id":"https:\/\/patagoniambiental.com.ar\/info\/#website","url":"https:\/\/patagoniambiental.com.ar\/info\/","name":"Patagonia Ambiental","description":"Monitoreo y an\u00e1lisis de la situaci\u00f3n geopol\u00edtica en el mundo y su implicancia en la Patagonia","publisher":{"@id":"https:\/\/patagoniambiental.com.ar\/info\/#organization"},"potentialAction":[{"@type":"SearchAction","target":{"@type":"EntryPoint","urlTemplate":"https:\/\/patagoniambiental.com.ar\/info\/?s={search_term_string}"},"query-input":{"@type":"PropertyValueSpecification","valueRequired":true,"valueName":"search_term_string"}}],"inLanguage":"es"},{"@type":"Organization","@id":"https:\/\/patagoniambiental.com.ar\/info\/#organization","name":"Patagonia Ambiental","url":"https:\/\/patagoniambiental.com.ar\/info\/","logo":{"@type":"ImageObject","inLanguage":"es","@id":"https:\/\/patagoniambiental.com.ar\/info\/#\/schema\/logo\/image\/","url":"https:\/\/patagoniambiental.com.ar\/info\/wp-content\/uploads\/2025\/05\/LOGO-PATAGONIA-AMBIENTAL.png","contentUrl":"https:\/\/patagoniambiental.com.ar\/info\/wp-content\/uploads\/2025\/05\/LOGO-PATAGONIA-AMBIENTAL.png","width":433,"height":250,"caption":"Patagonia Ambiental"},"image":{"@id":"https:\/\/patagoniambiental.com.ar\/info\/#\/schema\/logo\/image\/"},"sameAs":["https:\/\/www.facebook.com\/patagonia.ambiental","https:\/\/x.com\/PatAmb"]},{"@type":"Person","@id":"https:\/\/patagoniambiental.com.ar\/info\/#\/schema\/person\/db12bff64bbcbf6a253710bf0ea37b5d","name":"Patagonia Ambiental","description":"Andr\u00e9s Nievas T\u00e9cnico en manejo ambiental, consultor Ambiental y escritor para medios locales e internacionales sobre temas de geopolitica y medio ambiente.","sameAs":["http:\/\/www.patagoniambiental.com.ar","https:\/\/www.facebook.com\/share\/1C1V8Gv9BX\/?mibextid=qi2Omg","@patagoniambiental","https:\/\/youtube.com\/@patagoniaambiental2023?si=BLt58t0wuXquxlYZ"]}]}},"_links":{"self":[{"href":"https:\/\/patagoniambiental.com.ar\/info\/wp-json\/wp\/v2\/posts\/41649","targetHints":{"allow":["GET"]}}],"collection":[{"href":"https:\/\/patagoniambiental.com.ar\/info\/wp-json\/wp\/v2\/posts"}],"about":[{"href":"https:\/\/patagoniambiental.com.ar\/info\/wp-json\/wp\/v2\/types\/post"}],"author":[{"embeddable":true,"href":"https:\/\/patagoniambiental.com.ar\/info\/wp-json\/wp\/v2\/users\/2"}],"replies":[{"embeddable":true,"href":"https:\/\/patagoniambiental.com.ar\/info\/wp-json\/wp\/v2\/comments?post=41649"}],"version-history":[{"count":0,"href":"https:\/\/patagoniambiental.com.ar\/info\/wp-json\/wp\/v2\/posts\/41649\/revisions"}],"wp:attachment":[{"href":"https:\/\/patagoniambiental.com.ar\/info\/wp-json\/wp\/v2\/media?parent=41649"}],"wp:term":[{"taxonomy":"category","embeddable":true,"href":"https:\/\/patagoniambiental.com.ar\/info\/wp-json\/wp\/v2\/categories?post=41649"},{"taxonomy":"post_tag","embeddable":true,"href":"https:\/\/patagoniambiental.com.ar\/info\/wp-json\/wp\/v2\/tags?post=41649"}],"curies":[{"name":"wp","href":"https:\/\/api.w.org\/{rel}","templated":true}]}}