{"id":43535,"date":"2018-03-12T09:00:13","date_gmt":"2018-03-12T12:00:13","guid":{"rendered":"http:\/\/patagoniambiental.com.ar\/info\/?p=43535"},"modified":"2018-03-11T20:06:22","modified_gmt":"2018-03-11T23:06:22","slug":"onu-lanza-iniciativa-para-proteger-a-los-defensores-del-medio-ambiente","status":"publish","type":"post","link":"https:\/\/patagoniambiental.com.ar\/info\/onu-lanza-iniciativa-para-proteger-a-los-defensores-del-medio-ambiente\/","title":{"rendered":"ONU lanza iniciativa para proteger a los defensores del medio ambiente"},"content":{"rendered":"<p>ONU Medio Ambiente lanz\u00f3 en Ginebra una iniciativa para hacer frente a las amenazas, la intimidaci\u00f3n, el acoso y el continuo asesinato de defensores del medio ambiente en todo el mundo.<\/p>\n<p>La denominada Iniciativa de Derechos Ambientales de las Naciones Unidas ayudar\u00e1 a las personas a comprender mejor sus derechos y a defenderlos, y asistir\u00e1 a los Estados a salvaguardar los derechos ambientales.<\/p>\n<p>ONU Medio Ambiente insta a todos los gobiernos a priorizar la protecci\u00f3n de los defensores del medio ambiente y a llevar ante la justicia de forma r\u00e1pida y definitiva a los que atacan o amenazan a los defensores. La tolerancia a la intimidaci\u00f3n de los defensores del medio ambiente socava los derechos humanos b\u00e1sicos y el estado de derecho ambiental.<\/p>\n<blockquote><p><em>\u00abLos defensores son h\u00e9roes que luchan por proteger al planeta y sus habitantes, pero la triste realidad es que muchos de ellos est\u00e1n pagando un alto precio con su seguridad y a veces con sus vidas\u00bb<\/em><\/p><\/blockquote>\n<p>En el marco de este plan, ONU Medio Ambiente hace un llamado al sector privado para que vaya m\u00e1s all\u00e1 de los est\u00e1ndares m\u00ednimos de respeto a las comunidades y el ambiente y se convierta en un defensor de los derechos de todos a un medio ambiente limpio y saludable.<\/p>\n<p>Desde la d\u00e9cada de 1970, los derechos ambientales han avanzado m\u00e1s r\u00e1pidamente que cualquier otro derecho humano y cada vez m\u00e1s, estos derechos se invocan y se ratifican. Tribunales en al menos 44 naciones han emitido decisiones para hacer cumplir el derecho constitucional a un medio ambiente saludable.<\/p>\n<p>\u00abLos defensores son h\u00e9roes que luchan por proteger al planeta y sus habitantes, pero la triste realidad es que muchos de ellos est\u00e1n pagando un alto precio con su seguridad y a veces con sus vidas. Es nuestro deber apoyar a aquellos que est\u00e1n en el lado correcto de la historia, eso significa defender el m\u00e1s fundamental y universal de todos los derechos humanos, que es la vida\u00bb, dijo Erik Solheim, Director Ejecutivo de ONU Medio Ambiente.<\/p>\n<p>Los derechos ambientales est\u00e1n consagrados en m\u00e1s de 100 constituciones y, sin embargo, entre 2002 y 2013, 908 personas murieron defendiendo el medio ambiente y la tierra en 35 pa\u00edses. En 2017 la tendencia empeor\u00f3,\u00a0cuatro defensores del medio ambiente fueron asesinados cada semana, seg\u00fan document\u00f3 en enero de 2018 la ONG Global Witness.\u00a0Entre 40% y 50% de los 197 defensores asesinados en 2017 proven\u00edan de comunidades ind\u00edgenas y locales.\u00a0Muchas m\u00e1s personas fueron hostigadas, intimidadas y obligadas a abandonar sus tierras.<\/p>\n<p>Al menos 60% de los cr\u00edmenes ocurrieron en Am\u00e9rica Latina y el Caribe, una regi\u00f3n rica en recursos naturales que desde hace a\u00f1os ocupa el primer lugar entre las zonas m\u00e1s peligrosas del mundo para los defensores del medio ambiente.<\/p>\n<p>\u00abLas violaciones de los derechos ambientales tienen un profundo impacto en una amplia variedad de derechos humanos, incluidos los derechos a la vida, la autodeterminaci\u00f3n, los alimentos, el agua, la salud, el saneamiento o la vivienda, o derechos culturales, civiles y pol\u00edticos\u00bb, dijo el Alto Comisionado de las Naciones Unidas para los Derechos Humanos, Zeid Ra&#8217;ad Al Hussein.<\/p>\n<p>\u00abLos Estados tienen la responsabilidad de prevenir y castigar los abusos cometidos por las empresas dentro de sus territorios y las empresas tienen la obligaci\u00f3n de respetar los derechos humanos de los dem\u00e1s. Espero que esta nueva Iniciativa pueda alentar a ambos a cumplir\u201d, a\u00f1adi\u00f3.<\/p>\n<p>Otra tendencia preocupante est\u00e1 socavando el estado de derecho ambiental: los intentos de algunos pa\u00edses de limitar las actividades de las organizaciones no gubernamentales. Entre 1993 y 2016, 48 pa\u00edses promulgaron leyes que restring\u00edan las actividades de ONG locales que recib\u00edan financiaci\u00f3n extranjera y 63 pa\u00edses adoptaron leyes que limitaban las tareas de ONG extranjeras.<\/p>\n<blockquote><p><em>La Iniciativa de Derechos Ambientales de la ONU lanzada hoy en Ginebra asistir\u00e1 a los gobiernos en el fortalecimiento de sus capacidades para desarrollar e implementar leyes que protejan los derechos ambientales.\u00a0<\/em><\/p><\/blockquote>\n<p>La labor de ONU Medio Ambiente en derechos ambientales inici\u00f3 hace m\u00e1s de dos d\u00e9cadas e incluye la identificaci\u00f3n de buenas pr\u00e1cticas en materia de derechos humanos y medio ambiente; la sensibilizaci\u00f3n de los funcionarios judiciales sobre los derechos ambientales constitucionales y el apoyo a las negociaciones de un instrumento regional vinculante en Am\u00e9rica Latina y el Caribe para garantizar el cumplimiento de los derechos de acceso contemplados en el Principio 10 de la Declaraci\u00f3n de R\u00edo de Janeiro sobre el Medio Ambiente y el Desarrollo (1992).<\/p>\n<p>El Acuerdo Regional sobre el Acceso a la Informaci\u00f3n, la Participaci\u00f3n P\u00fablica y el Acceso a la Justicia en Asuntos Ambientales en Am\u00e9rica Latina y el Caribe fue adoptado el domingo 4 de marzo en San Jos\u00e9, Costa Rica. Este hist\u00f3rico documento, el primero de su tipo en la regi\u00f3n y en el mundo, garantiza la participaci\u00f3n ciudadana y la labor de los defensores de los derechos ambientales.<\/p>\n<p>\u00abEsto no es solo un compromiso renovado con la protecci\u00f3n ambiental. Es una oportunidad para otorgar a los derechos ambientales la misma posici\u00f3n legal que ostentan los derechos humanos a nivel mundial\u00bb, dijo Leo Heileman, director de la oficina de ONU Medio Ambiente en Am\u00e9rica Latina y el Caribe.<\/p>\n<p>La Iniciativa de Derechos Ambientales de la ONU lanzada hoy en Ginebra asistir\u00e1 a los gobiernos en el fortalecimiento de sus capacidades para desarrollar e implementar leyes que protejan los derechos ambientales. Tambi\u00e9n ayudar\u00e1 a las empresas a comprender mejor cu\u00e1les son sus obligaciones en esta materia, trabajar\u00e1 con los medios para promover los derechos ambientales, apoyar\u00e1 una difusi\u00f3n m\u00e1s amplia de informaci\u00f3n a trav\u00e9s de un nuevo portal web; y apoyar\u00e1 el establecimiento de redes para que los defensores ambientales puedan promover su labor y conectarse.<\/p>\n<p>\u00abHa llegado el momento de reconocer formalmente la interdependencia entre los derechos humanos y el medio ambiente, no solo a nivel nacional, sino en todo el mundo\u00bb, dijo el Relator Especial sobre Derechos Humanos y Medio Ambiente, el profesor John Knox.<\/p>\n<p>\u00abLos asesinatos, la violencia y las amenazas a menudo no se denuncian ni se castigan. Para defender a los defensores es fundamental contar con m\u00e1s cobertura period\u00edstica y un mayor respaldo legal a nivel local y nacional\u00bb, dijo Jonathan Watts, editor de medio ambiente global en The Guardian.<\/p>\n<p>&nbsp;<\/p>\n<p>&nbsp;<\/p>\n<p>Fuente:\u00a0https:\/\/www.unenvironment.org\/es\/news-and-stories\/comunicado-de-prensa\/onu-lanza-iniciativa-para-proteger-los-defensores-del-medio<\/p>\n","protected":false},"excerpt":{"rendered":"<p>ONU Medio Ambiente lanz\u00f3 en Ginebra una iniciativa para hacer frente a las amenazas, la intimidaci\u00f3n, el acoso y el [&hellip;]<\/p>\n","protected":false},"author":2,"featured_media":43536,"comment_status":"open","ping_status":"open","sticky":false,"template":"","format":"standard","meta":{"site-sidebar-layout":"default","site-content-layout":"","ast-site-content-layout":"default","site-content-style":"default","site-sidebar-style":"default","ast-global-header-display":"","ast-banner-title-visibility":"","ast-main-header-display":"","ast-hfb-above-header-display":"","ast-hfb-below-header-display":"","ast-hfb-mobile-header-display":"","site-post-title":"","ast-breadcrumbs-content":"","ast-featured-img":"","footer-sml-layout":"","ast-disable-related-posts":"","theme-transparent-header-meta":"","adv-header-id-meta":"","stick-header-meta":"","header-above-stick-meta":"","header-main-stick-meta":"","header-below-stick-meta":"","astra-migrate-meta-layouts":"default","ast-page-background-enabled":"default","ast-page-background-meta":{"desktop":{"background-color":"var(--ast-global-color-5)","background-image":"","background-repeat":"repeat","background-position":"center center","background-size":"auto","background-attachment":"scroll","background-type":"","background-media":"","overlay-type":"","overlay-color":"","overlay-opacity":"","overlay-gradient":""},"tablet":{"background-color":"","background-image":"","background-repeat":"repeat","background-position":"center center","background-size":"auto","background-attachment":"scroll","background-type":"","background-media":"","overlay-type":"","overlay-color":"","overlay-opacity":"","overlay-gradient":""},"mobile":{"background-color":"","background-image":"","background-repeat":"repeat","background-position":"center center","background-size":"auto","background-attachment":"scroll","background-type":"","background-media":"","overlay-type":"","overlay-color":"","overlay-opacity":"","overlay-gradient":""}},"ast-content-background-meta":{"desktop":{"background-color":"var(--ast-global-color-4)","background-image":"","background-repeat":"repeat","background-position":"center center","background-size":"auto","background-attachment":"scroll","background-type":"","background-media":"","overlay-type":"","overlay-color":"","overlay-opacity":"","overlay-gradient":""},"tablet":{"background-color":"var(--ast-global-color-4)","background-image":"","background-repeat":"repeat","background-position":"center center","background-size":"auto","background-attachment":"scroll","background-type":"","background-media":"","overlay-type":"","overlay-color":"","overlay-opacity":"","overlay-gradient":""},"mobile":{"background-color":"var(--ast-global-color-4)","background-image":"","background-repeat":"repeat","background-position":"center center","background-size":"auto","background-attachment":"scroll","background-type":"","background-media":"","overlay-type":"","overlay-color":"","overlay-opacity":"","overlay-gradient":""}},"footnotes":""},"categories":[23,1],"tags":[],"class_list":["post-43535","post","type-post","status-publish","format-standard","has-post-thumbnail","hentry","category-internacionales","category-noticias"],"yoast_head":"<!-- This site is optimized with the Yoast SEO Premium plugin v23.0 (Yoast SEO v27.4) - https:\/\/yoast.com\/product\/yoast-seo-premium-wordpress\/ -->\n<title>ONU lanza iniciativa para proteger a los defensores del medio ambiente<\/title>\n<meta name=\"robots\" content=\"index, follow, max-snippet:-1, max-image-preview:large, max-video-preview:-1\" \/>\n<link rel=\"canonical\" href=\"https:\/\/patagoniambiental.com.ar\/info\/onu-lanza-iniciativa-para-proteger-a-los-defensores-del-medio-ambiente\/\" \/>\n<meta property=\"og:locale\" content=\"es_ES\" \/>\n<meta property=\"og:type\" content=\"article\" \/>\n<meta property=\"og:title\" content=\"ONU lanza iniciativa para proteger a los defensores del medio ambiente\" \/>\n<meta property=\"og:description\" content=\"ONU Medio Ambiente lanz\u00f3 en Ginebra una iniciativa para hacer frente a las amenazas, la intimidaci\u00f3n, el acoso y el [&hellip;]\" \/>\n<meta property=\"og:url\" content=\"https:\/\/patagoniambiental.com.ar\/info\/onu-lanza-iniciativa-para-proteger-a-los-defensores-del-medio-ambiente\/\" \/>\n<meta property=\"og:site_name\" content=\"Patagonia Ambiental\" \/>\n<meta property=\"article:publisher\" content=\"https:\/\/www.facebook.com\/patagonia.ambiental\" \/>\n<meta property=\"article:author\" content=\"https:\/\/www.facebook.com\/share\/1C1V8Gv9BX\/?mibextid=qi2Omg\" \/>\n<meta property=\"article:published_time\" content=\"2018-03-12T12:00:13+00:00\" \/>\n<meta property=\"og:image\" content=\"https:\/\/patagoniambiental.com.ar\/info\/wp-content\/uploads\/2018\/03\/industria.jpg\" \/>\n\t<meta property=\"og:image:width\" content=\"1440\" \/>\n\t<meta property=\"og:image:height\" content=\"630\" \/>\n\t<meta property=\"og:image:type\" content=\"image\/jpeg\" \/>\n<meta name=\"author\" content=\"Patagonia Ambiental\" \/>\n<meta name=\"twitter:card\" content=\"summary_large_image\" \/>\n<meta name=\"twitter:creator\" content=\"@PatAmb\" \/>\n<meta name=\"twitter:site\" content=\"@PatAmb\" \/>\n<script type=\"application\/ld+json\" class=\"yoast-schema-graph\">{\"@context\":\"https:\\\/\\\/schema.org\",\"@graph\":[{\"@type\":\"Article\",\"@id\":\"https:\\\/\\\/patagoniambiental.com.ar\\\/info\\\/onu-lanza-iniciativa-para-proteger-a-los-defensores-del-medio-ambiente\\\/#article\",\"isPartOf\":{\"@id\":\"https:\\\/\\\/patagoniambiental.com.ar\\\/info\\\/onu-lanza-iniciativa-para-proteger-a-los-defensores-del-medio-ambiente\\\/\"},\"author\":{\"name\":\"Patagonia Ambiental\",\"@id\":\"https:\\\/\\\/patagoniambiental.com.ar\\\/info\\\/#\\\/schema\\\/person\\\/db12bff64bbcbf6a253710bf0ea37b5d\"},\"headline\":\"ONU lanza iniciativa para proteger a los defensores del medio ambiente\",\"datePublished\":\"2018-03-12T12:00:13+00:00\",\"mainEntityOfPage\":{\"@id\":\"https:\\\/\\\/patagoniambiental.com.ar\\\/info\\\/onu-lanza-iniciativa-para-proteger-a-los-defensores-del-medio-ambiente\\\/\"},\"wordCount\":1096,\"commentCount\":0,\"publisher\":{\"@id\":\"https:\\\/\\\/patagoniambiental.com.ar\\\/info\\\/#organization\"},\"image\":{\"@id\":\"https:\\\/\\\/patagoniambiental.com.ar\\\/info\\\/onu-lanza-iniciativa-para-proteger-a-los-defensores-del-medio-ambiente\\\/#primaryimage\"},\"thumbnailUrl\":\"https:\\\/\\\/patagoniambiental.com.ar\\\/info\\\/wp-content\\\/uploads\\\/2018\\\/03\\\/industria.jpg\",\"articleSection\":[\"Internacionales\",\"Noticias\"],\"inLanguage\":\"es\",\"potentialAction\":[{\"@type\":\"CommentAction\",\"name\":\"Comment\",\"target\":[\"https:\\\/\\\/patagoniambiental.com.ar\\\/info\\\/onu-lanza-iniciativa-para-proteger-a-los-defensores-del-medio-ambiente\\\/#respond\"]}]},{\"@type\":\"WebPage\",\"@id\":\"https:\\\/\\\/patagoniambiental.com.ar\\\/info\\\/onu-lanza-iniciativa-para-proteger-a-los-defensores-del-medio-ambiente\\\/\",\"url\":\"https:\\\/\\\/patagoniambiental.com.ar\\\/info\\\/onu-lanza-iniciativa-para-proteger-a-los-defensores-del-medio-ambiente\\\/\",\"name\":\"ONU lanza iniciativa para proteger a los defensores del medio ambiente\",\"isPartOf\":{\"@id\":\"https:\\\/\\\/patagoniambiental.com.ar\\\/info\\\/#website\"},\"primaryImageOfPage\":{\"@id\":\"https:\\\/\\\/patagoniambiental.com.ar\\\/info\\\/onu-lanza-iniciativa-para-proteger-a-los-defensores-del-medio-ambiente\\\/#primaryimage\"},\"image\":{\"@id\":\"https:\\\/\\\/patagoniambiental.com.ar\\\/info\\\/onu-lanza-iniciativa-para-proteger-a-los-defensores-del-medio-ambiente\\\/#primaryimage\"},\"thumbnailUrl\":\"https:\\\/\\\/patagoniambiental.com.ar\\\/info\\\/wp-content\\\/uploads\\\/2018\\\/03\\\/industria.jpg\",\"datePublished\":\"2018-03-12T12:00:13+00:00\",\"breadcrumb\":{\"@id\":\"https:\\\/\\\/patagoniambiental.com.ar\\\/info\\\/onu-lanza-iniciativa-para-proteger-a-los-defensores-del-medio-ambiente\\\/#breadcrumb\"},\"inLanguage\":\"es\",\"potentialAction\":[{\"@type\":\"ReadAction\",\"target\":[\"https:\\\/\\\/patagoniambiental.com.ar\\\/info\\\/onu-lanza-iniciativa-para-proteger-a-los-defensores-del-medio-ambiente\\\/\"]}]},{\"@type\":\"ImageObject\",\"inLanguage\":\"es\",\"@id\":\"https:\\\/\\\/patagoniambiental.com.ar\\\/info\\\/onu-lanza-iniciativa-para-proteger-a-los-defensores-del-medio-ambiente\\\/#primaryimage\",\"url\":\"https:\\\/\\\/patagoniambiental.com.ar\\\/info\\\/wp-content\\\/uploads\\\/2018\\\/03\\\/industria.jpg\",\"contentUrl\":\"https:\\\/\\\/patagoniambiental.com.ar\\\/info\\\/wp-content\\\/uploads\\\/2018\\\/03\\\/industria.jpg\",\"width\":1200,\"height\":525},{\"@type\":\"BreadcrumbList\",\"@id\":\"https:\\\/\\\/patagoniambiental.com.ar\\\/info\\\/onu-lanza-iniciativa-para-proteger-a-los-defensores-del-medio-ambiente\\\/#breadcrumb\",\"itemListElement\":[{\"@type\":\"ListItem\",\"position\":1,\"name\":\"Inicio\",\"item\":\"https:\\\/\\\/patagoniambiental.com.ar\\\/info\\\/\"},{\"@type\":\"ListItem\",\"position\":2,\"name\":\"ONU lanza iniciativa para proteger a los defensores del medio ambiente\"}]},{\"@type\":\"WebSite\",\"@id\":\"https:\\\/\\\/patagoniambiental.com.ar\\\/info\\\/#website\",\"url\":\"https:\\\/\\\/patagoniambiental.com.ar\\\/info\\\/\",\"name\":\"Patagonia Ambiental\",\"description\":\"Monitoreo y an\u00e1lisis de la situaci\u00f3n geopol\u00edtica en el mundo y su implicancia en la Patagonia\",\"publisher\":{\"@id\":\"https:\\\/\\\/patagoniambiental.com.ar\\\/info\\\/#organization\"},\"potentialAction\":[{\"@type\":\"SearchAction\",\"target\":{\"@type\":\"EntryPoint\",\"urlTemplate\":\"https:\\\/\\\/patagoniambiental.com.ar\\\/info\\\/?s={search_term_string}\"},\"query-input\":{\"@type\":\"PropertyValueSpecification\",\"valueRequired\":true,\"valueName\":\"search_term_string\"}}],\"inLanguage\":\"es\"},{\"@type\":\"Organization\",\"@id\":\"https:\\\/\\\/patagoniambiental.com.ar\\\/info\\\/#organization\",\"name\":\"Patagonia Ambiental\",\"url\":\"https:\\\/\\\/patagoniambiental.com.ar\\\/info\\\/\",\"logo\":{\"@type\":\"ImageObject\",\"inLanguage\":\"es\",\"@id\":\"https:\\\/\\\/patagoniambiental.com.ar\\\/info\\\/#\\\/schema\\\/logo\\\/image\\\/\",\"url\":\"https:\\\/\\\/patagoniambiental.com.ar\\\/info\\\/wp-content\\\/uploads\\\/2025\\\/05\\\/LOGO-PATAGONIA-AMBIENTAL.png\",\"contentUrl\":\"https:\\\/\\\/patagoniambiental.com.ar\\\/info\\\/wp-content\\\/uploads\\\/2025\\\/05\\\/LOGO-PATAGONIA-AMBIENTAL.png\",\"width\":433,\"height\":250,\"caption\":\"Patagonia Ambiental\"},\"image\":{\"@id\":\"https:\\\/\\\/patagoniambiental.com.ar\\\/info\\\/#\\\/schema\\\/logo\\\/image\\\/\"},\"sameAs\":[\"https:\\\/\\\/www.facebook.com\\\/patagonia.ambiental\",\"https:\\\/\\\/x.com\\\/PatAmb\"]},{\"@type\":\"Person\",\"@id\":\"https:\\\/\\\/patagoniambiental.com.ar\\\/info\\\/#\\\/schema\\\/person\\\/db12bff64bbcbf6a253710bf0ea37b5d\",\"name\":\"Patagonia Ambiental\",\"description\":\"Andr\u00e9s Nievas T\u00e9cnico en manejo ambiental, consultor Ambiental y escritor para medios locales e internacionales sobre temas de geopolitica y medio ambiente.\",\"sameAs\":[\"http:\\\/\\\/www.patagoniambiental.com.ar\",\"https:\\\/\\\/www.facebook.com\\\/share\\\/1C1V8Gv9BX\\\/?mibextid=qi2Omg\",\"@patagoniambiental\",\"https:\\\/\\\/youtube.com\\\/@patagoniaambiental2023?si=BLt58t0wuXquxlYZ\"]}]}<\/script>\n<!-- \/ Yoast SEO Premium plugin. -->","yoast_head_json":{"title":"ONU lanza iniciativa para proteger a los defensores del medio ambiente","robots":{"index":"index","follow":"follow","max-snippet":"max-snippet:-1","max-image-preview":"max-image-preview:large","max-video-preview":"max-video-preview:-1"},"canonical":"https:\/\/patagoniambiental.com.ar\/info\/onu-lanza-iniciativa-para-proteger-a-los-defensores-del-medio-ambiente\/","og_locale":"es_ES","og_type":"article","og_title":"ONU lanza iniciativa para proteger a los defensores del medio ambiente","og_description":"ONU Medio Ambiente lanz\u00f3 en Ginebra una iniciativa para hacer frente a las amenazas, la intimidaci\u00f3n, el acoso y el [&hellip;]","og_url":"https:\/\/patagoniambiental.com.ar\/info\/onu-lanza-iniciativa-para-proteger-a-los-defensores-del-medio-ambiente\/","og_site_name":"Patagonia Ambiental","article_publisher":"https:\/\/www.facebook.com\/patagonia.ambiental","article_author":"https:\/\/www.facebook.com\/share\/1C1V8Gv9BX\/?mibextid=qi2Omg","article_published_time":"2018-03-12T12:00:13+00:00","og_image":[{"width":1440,"height":630,"url":"https:\/\/patagoniambiental.com.ar\/info\/wp-content\/uploads\/2018\/03\/industria.jpg","type":"image\/jpeg"}],"author":"Patagonia Ambiental","twitter_card":"summary_large_image","twitter_creator":"@PatAmb","twitter_site":"@PatAmb","schema":{"@context":"https:\/\/schema.org","@graph":[{"@type":"Article","@id":"https:\/\/patagoniambiental.com.ar\/info\/onu-lanza-iniciativa-para-proteger-a-los-defensores-del-medio-ambiente\/#article","isPartOf":{"@id":"https:\/\/patagoniambiental.com.ar\/info\/onu-lanza-iniciativa-para-proteger-a-los-defensores-del-medio-ambiente\/"},"author":{"name":"Patagonia Ambiental","@id":"https:\/\/patagoniambiental.com.ar\/info\/#\/schema\/person\/db12bff64bbcbf6a253710bf0ea37b5d"},"headline":"ONU lanza iniciativa para proteger a los defensores del medio ambiente","datePublished":"2018-03-12T12:00:13+00:00","mainEntityOfPage":{"@id":"https:\/\/patagoniambiental.com.ar\/info\/onu-lanza-iniciativa-para-proteger-a-los-defensores-del-medio-ambiente\/"},"wordCount":1096,"commentCount":0,"publisher":{"@id":"https:\/\/patagoniambiental.com.ar\/info\/#organization"},"image":{"@id":"https:\/\/patagoniambiental.com.ar\/info\/onu-lanza-iniciativa-para-proteger-a-los-defensores-del-medio-ambiente\/#primaryimage"},"thumbnailUrl":"https:\/\/patagoniambiental.com.ar\/info\/wp-content\/uploads\/2018\/03\/industria.jpg","articleSection":["Internacionales","Noticias"],"inLanguage":"es","potentialAction":[{"@type":"CommentAction","name":"Comment","target":["https:\/\/patagoniambiental.com.ar\/info\/onu-lanza-iniciativa-para-proteger-a-los-defensores-del-medio-ambiente\/#respond"]}]},{"@type":"WebPage","@id":"https:\/\/patagoniambiental.com.ar\/info\/onu-lanza-iniciativa-para-proteger-a-los-defensores-del-medio-ambiente\/","url":"https:\/\/patagoniambiental.com.ar\/info\/onu-lanza-iniciativa-para-proteger-a-los-defensores-del-medio-ambiente\/","name":"ONU lanza iniciativa para proteger a los defensores del medio ambiente","isPartOf":{"@id":"https:\/\/patagoniambiental.com.ar\/info\/#website"},"primaryImageOfPage":{"@id":"https:\/\/patagoniambiental.com.ar\/info\/onu-lanza-iniciativa-para-proteger-a-los-defensores-del-medio-ambiente\/#primaryimage"},"image":{"@id":"https:\/\/patagoniambiental.com.ar\/info\/onu-lanza-iniciativa-para-proteger-a-los-defensores-del-medio-ambiente\/#primaryimage"},"thumbnailUrl":"https:\/\/patagoniambiental.com.ar\/info\/wp-content\/uploads\/2018\/03\/industria.jpg","datePublished":"2018-03-12T12:00:13+00:00","breadcrumb":{"@id":"https:\/\/patagoniambiental.com.ar\/info\/onu-lanza-iniciativa-para-proteger-a-los-defensores-del-medio-ambiente\/#breadcrumb"},"inLanguage":"es","potentialAction":[{"@type":"ReadAction","target":["https:\/\/patagoniambiental.com.ar\/info\/onu-lanza-iniciativa-para-proteger-a-los-defensores-del-medio-ambiente\/"]}]},{"@type":"ImageObject","inLanguage":"es","@id":"https:\/\/patagoniambiental.com.ar\/info\/onu-lanza-iniciativa-para-proteger-a-los-defensores-del-medio-ambiente\/#primaryimage","url":"https:\/\/patagoniambiental.com.ar\/info\/wp-content\/uploads\/2018\/03\/industria.jpg","contentUrl":"https:\/\/patagoniambiental.com.ar\/info\/wp-content\/uploads\/2018\/03\/industria.jpg","width":1200,"height":525},{"@type":"BreadcrumbList","@id":"https:\/\/patagoniambiental.com.ar\/info\/onu-lanza-iniciativa-para-proteger-a-los-defensores-del-medio-ambiente\/#breadcrumb","itemListElement":[{"@type":"ListItem","position":1,"name":"Inicio","item":"https:\/\/patagoniambiental.com.ar\/info\/"},{"@type":"ListItem","position":2,"name":"ONU lanza iniciativa para proteger a los defensores del medio ambiente"}]},{"@type":"WebSite","@id":"https:\/\/patagoniambiental.com.ar\/info\/#website","url":"https:\/\/patagoniambiental.com.ar\/info\/","name":"Patagonia Ambiental","description":"Monitoreo y an\u00e1lisis de la situaci\u00f3n geopol\u00edtica en el mundo y su implicancia en la Patagonia","publisher":{"@id":"https:\/\/patagoniambiental.com.ar\/info\/#organization"},"potentialAction":[{"@type":"SearchAction","target":{"@type":"EntryPoint","urlTemplate":"https:\/\/patagoniambiental.com.ar\/info\/?s={search_term_string}"},"query-input":{"@type":"PropertyValueSpecification","valueRequired":true,"valueName":"search_term_string"}}],"inLanguage":"es"},{"@type":"Organization","@id":"https:\/\/patagoniambiental.com.ar\/info\/#organization","name":"Patagonia Ambiental","url":"https:\/\/patagoniambiental.com.ar\/info\/","logo":{"@type":"ImageObject","inLanguage":"es","@id":"https:\/\/patagoniambiental.com.ar\/info\/#\/schema\/logo\/image\/","url":"https:\/\/patagoniambiental.com.ar\/info\/wp-content\/uploads\/2025\/05\/LOGO-PATAGONIA-AMBIENTAL.png","contentUrl":"https:\/\/patagoniambiental.com.ar\/info\/wp-content\/uploads\/2025\/05\/LOGO-PATAGONIA-AMBIENTAL.png","width":433,"height":250,"caption":"Patagonia Ambiental"},"image":{"@id":"https:\/\/patagoniambiental.com.ar\/info\/#\/schema\/logo\/image\/"},"sameAs":["https:\/\/www.facebook.com\/patagonia.ambiental","https:\/\/x.com\/PatAmb"]},{"@type":"Person","@id":"https:\/\/patagoniambiental.com.ar\/info\/#\/schema\/person\/db12bff64bbcbf6a253710bf0ea37b5d","name":"Patagonia Ambiental","description":"Andr\u00e9s Nievas T\u00e9cnico en manejo ambiental, consultor Ambiental y escritor para medios locales e internacionales sobre temas de geopolitica y medio ambiente.","sameAs":["http:\/\/www.patagoniambiental.com.ar","https:\/\/www.facebook.com\/share\/1C1V8Gv9BX\/?mibextid=qi2Omg","@patagoniambiental","https:\/\/youtube.com\/@patagoniaambiental2023?si=BLt58t0wuXquxlYZ"]}]}},"_links":{"self":[{"href":"https:\/\/patagoniambiental.com.ar\/info\/wp-json\/wp\/v2\/posts\/43535","targetHints":{"allow":["GET"]}}],"collection":[{"href":"https:\/\/patagoniambiental.com.ar\/info\/wp-json\/wp\/v2\/posts"}],"about":[{"href":"https:\/\/patagoniambiental.com.ar\/info\/wp-json\/wp\/v2\/types\/post"}],"author":[{"embeddable":true,"href":"https:\/\/patagoniambiental.com.ar\/info\/wp-json\/wp\/v2\/users\/2"}],"replies":[{"embeddable":true,"href":"https:\/\/patagoniambiental.com.ar\/info\/wp-json\/wp\/v2\/comments?post=43535"}],"version-history":[{"count":0,"href":"https:\/\/patagoniambiental.com.ar\/info\/wp-json\/wp\/v2\/posts\/43535\/revisions"}],"wp:featuredmedia":[{"embeddable":true,"href":"https:\/\/patagoniambiental.com.ar\/info\/wp-json\/wp\/v2\/media\/43536"}],"wp:attachment":[{"href":"https:\/\/patagoniambiental.com.ar\/info\/wp-json\/wp\/v2\/media?parent=43535"}],"wp:term":[{"taxonomy":"category","embeddable":true,"href":"https:\/\/patagoniambiental.com.ar\/info\/wp-json\/wp\/v2\/categories?post=43535"},{"taxonomy":"post_tag","embeddable":true,"href":"https:\/\/patagoniambiental.com.ar\/info\/wp-json\/wp\/v2\/tags?post=43535"}],"curies":[{"name":"wp","href":"https:\/\/api.w.org\/{rel}","templated":true}]}}