{"id":44889,"date":"2018-04-21T19:00:41","date_gmt":"2018-04-21T22:00:41","guid":{"rendered":"http:\/\/patagoniambiental.com.ar\/info\/?p=44889"},"modified":"2018-04-20T11:25:46","modified_gmt":"2018-04-20T14:25:46","slug":"comision-europea-advierte-que-para-2050-en-los-oceanos-habra-mas-plastico-que-peces","status":"publish","type":"post","link":"https:\/\/patagoniambiental.com.ar\/info\/comision-europea-advierte-que-para-2050-en-los-oceanos-habra-mas-plastico-que-peces\/","title":{"rendered":"Comisi\u00f3n Europea advierte que para 2050 en los oc\u00e9anos habr\u00e1 m\u00e1s pl\u00e1stico que peces"},"content":{"rendered":"<div class=\"ng-binding\" data-links-target=\"_blank\">Bruselas, 6 abr (Sputnik).- Tendremos m\u00e1s pl\u00e1stico que peces si lo dejamos todo as\u00ed como est\u00e1, declar\u00f3 el vicepresidente de la Comisi\u00f3n Europea (CE), Jyrki Katainen, en una rueda de prensa en Mil\u00e1n.<\/div>\n<div class=\"ng-binding\" data-links-target=\"_blank\">\n<p><!--more--><\/p>\n<p>\u00abSi no se hace nada, para 2050 en los oc\u00e9anos habr\u00e1 m\u00e1s pl\u00e1stico que peces, as\u00ed que tenemos que hacer algo\u00bb, dijo Katainen al recordar que la CE antes hab\u00eda presentado una estrategia sobre el pl\u00e1stico para proteger el medio ambiente.<\/p>\n<p>Se\u00f1al\u00f3 que el objetivo de la CE es disminuir el uso de pl\u00e1stico y su efecto negativo sobre mares y oc\u00e9anos porque es un problema grave no solo para los animales marinos y peces sino tambi\u00e9n para los seres humanos.<\/p>\n<p>El pl\u00e1stico, explic\u00f3, puede encontrarse entre los alimentos de los peces y, por ende, en la comida de personas.<\/p>\n<p>La Comisi\u00f3n Europea busca lograr para el 2030 que todo el embalaje de pl\u00e1stico sea reciclable.<\/p>\n<p>\u00abDe momento no as as\u00ed\u00bb, constat\u00f3 Katainen.<\/p>\n<\/div>\n<div data-links-target=\"_blank\"><\/div>\n<div class=\"ng-binding\" data-links-target=\"_blank\">Fuente: Sputnik<\/div>\n<p>&nbsp;<\/p>\n","protected":false},"excerpt":{"rendered":"<p>Bruselas, 6 abr (Sputnik).- Tendremos m\u00e1s pl\u00e1stico que peces si lo dejamos todo as\u00ed como est\u00e1, declar\u00f3 el vicepresidente de [&hellip;]<\/p>\n","protected":false},"author":2,"featured_media":44890,"comment_status":"open","ping_status":"open","sticky":false,"template":"","format":"standard","meta":{"site-sidebar-layout":"default","site-content-layout":"","ast-site-content-layout":"default","site-content-style":"default","site-sidebar-style":"default","ast-global-header-display":"","ast-banner-title-visibility":"","ast-main-header-display":"","ast-hfb-above-header-display":"","ast-hfb-below-header-display":"","ast-hfb-mobile-header-display":"","site-post-title":"","ast-breadcrumbs-content":"","ast-featured-img":"","footer-sml-layout":"","ast-disable-related-posts":"","theme-transparent-header-meta":"","adv-header-id-meta":"","stick-header-meta":"","header-above-stick-meta":"","header-main-stick-meta":"","header-below-stick-meta":"","astra-migrate-meta-layouts":"default","ast-page-background-enabled":"default","ast-page-background-meta":{"desktop":{"background-color":"var(--ast-global-color-5)","background-image":"","background-repeat":"repeat","background-position":"center center","background-size":"auto","background-attachment":"scroll","background-type":"","background-media":"","overlay-type":"","overlay-color":"","overlay-opacity":"","overlay-gradient":""},"tablet":{"background-color":"","background-image":"","background-repeat":"repeat","background-position":"center center","background-size":"auto","background-attachment":"scroll","background-type":"","background-media":"","overlay-type":"","overlay-color":"","overlay-opacity":"","overlay-gradient":""},"mobile":{"background-color":"","background-image":"","background-repeat":"repeat","background-position":"center center","background-size":"auto","background-attachment":"scroll","background-type":"","background-media":"","overlay-type":"","overlay-color":"","overlay-opacity":"","overlay-gradient":""}},"ast-content-background-meta":{"desktop":{"background-color":"var(--ast-global-color-4)","background-image":"","background-repeat":"repeat","background-position":"center center","background-size":"auto","background-attachment":"scroll","background-type":"","background-media":"","overlay-type":"","overlay-color":"","overlay-opacity":"","overlay-gradient":""},"tablet":{"background-color":"var(--ast-global-color-4)","background-image":"","background-repeat":"repeat","background-position":"center center","background-size":"auto","background-attachment":"scroll","background-type":"","background-media":"","overlay-type":"","overlay-color":"","overlay-opacity":"","overlay-gradient":""},"mobile":{"background-color":"var(--ast-global-color-4)","background-image":"","background-repeat":"repeat","background-position":"center center","background-size":"auto","background-attachment":"scroll","background-type":"","background-media":"","overlay-type":"","overlay-color":"","overlay-opacity":"","overlay-gradient":""}},"footnotes":""},"categories":[23,1],"tags":[],"class_list":["post-44889","post","type-post","status-publish","format-standard","has-post-thumbnail","hentry","category-internacionales","category-noticias"],"yoast_head":"<!-- This site is optimized with the Yoast SEO Premium plugin v23.0 (Yoast SEO v27.4) - https:\/\/yoast.com\/product\/yoast-seo-premium-wordpress\/ -->\n<title>Comisi\u00f3n Europea advierte que para 2050 en los oc\u00e9anos habr\u00e1 m\u00e1s pl\u00e1stico que peces<\/title>\n<meta name=\"robots\" content=\"index, follow, max-snippet:-1, max-image-preview:large, max-video-preview:-1\" \/>\n<link rel=\"canonical\" href=\"https:\/\/patagoniambiental.com.ar\/info\/comision-europea-advierte-que-para-2050-en-los-oceanos-habra-mas-plastico-que-peces\/\" \/>\n<meta property=\"og:locale\" content=\"es_ES\" \/>\n<meta property=\"og:type\" content=\"article\" \/>\n<meta property=\"og:title\" content=\"Comisi\u00f3n Europea advierte que para 2050 en los oc\u00e9anos habr\u00e1 m\u00e1s pl\u00e1stico que peces\" \/>\n<meta property=\"og:description\" content=\"Bruselas, 6 abr (Sputnik).- Tendremos m\u00e1s pl\u00e1stico que peces si lo dejamos todo as\u00ed como est\u00e1, declar\u00f3 el vicepresidente de [&hellip;]\" \/>\n<meta property=\"og:url\" content=\"https:\/\/patagoniambiental.com.ar\/info\/comision-europea-advierte-que-para-2050-en-los-oceanos-habra-mas-plastico-que-peces\/\" \/>\n<meta property=\"og:site_name\" content=\"Patagonia Ambiental\" \/>\n<meta property=\"article:publisher\" content=\"https:\/\/www.facebook.com\/patagonia.ambiental\" \/>\n<meta property=\"article:author\" content=\"https:\/\/www.facebook.com\/share\/1C1V8Gv9BX\/?mibextid=qi2Omg\" \/>\n<meta property=\"article:published_time\" content=\"2018-04-21T22:00:41+00:00\" \/>\n<meta property=\"og:image\" content=\"https:\/\/patagoniambiental.com.ar\/info\/wp-content\/uploads\/2018\/04\/86553-600-338.jpg\" \/>\n\t<meta property=\"og:image:width\" content=\"600\" \/>\n\t<meta property=\"og:image:height\" content=\"338\" \/>\n\t<meta property=\"og:image:type\" content=\"image\/jpeg\" \/>\n<meta name=\"author\" content=\"Patagonia Ambiental\" \/>\n<meta name=\"twitter:card\" content=\"summary_large_image\" \/>\n<meta name=\"twitter:creator\" content=\"@PatAmb\" \/>\n<meta name=\"twitter:site\" content=\"@PatAmb\" \/>\n<script type=\"application\/ld+json\" class=\"yoast-schema-graph\">{\"@context\":\"https:\\\/\\\/schema.org\",\"@graph\":[{\"@type\":\"Article\",\"@id\":\"https:\\\/\\\/patagoniambiental.com.ar\\\/info\\\/comision-europea-advierte-que-para-2050-en-los-oceanos-habra-mas-plastico-que-peces\\\/#article\",\"isPartOf\":{\"@id\":\"https:\\\/\\\/patagoniambiental.com.ar\\\/info\\\/comision-europea-advierte-que-para-2050-en-los-oceanos-habra-mas-plastico-que-peces\\\/\"},\"author\":{\"name\":\"Patagonia Ambiental\",\"@id\":\"https:\\\/\\\/patagoniambiental.com.ar\\\/info\\\/#\\\/schema\\\/person\\\/db12bff64bbcbf6a253710bf0ea37b5d\"},\"headline\":\"Comisi\u00f3n Europea advierte que para 2050 en los oc\u00e9anos habr\u00e1 m\u00e1s pl\u00e1stico que peces\",\"datePublished\":\"2018-04-21T22:00:41+00:00\",\"mainEntityOfPage\":{\"@id\":\"https:\\\/\\\/patagoniambiental.com.ar\\\/info\\\/comision-europea-advierte-que-para-2050-en-los-oceanos-habra-mas-plastico-que-peces\\\/\"},\"wordCount\":190,\"commentCount\":0,\"publisher\":{\"@id\":\"https:\\\/\\\/patagoniambiental.com.ar\\\/info\\\/#organization\"},\"image\":{\"@id\":\"https:\\\/\\\/patagoniambiental.com.ar\\\/info\\\/comision-europea-advierte-que-para-2050-en-los-oceanos-habra-mas-plastico-que-peces\\\/#primaryimage\"},\"thumbnailUrl\":\"https:\\\/\\\/patagoniambiental.com.ar\\\/info\\\/wp-content\\\/uploads\\\/2018\\\/04\\\/86553-600-338.jpg\",\"articleSection\":[\"Internacionales\",\"Noticias\"],\"inLanguage\":\"es\",\"potentialAction\":[{\"@type\":\"CommentAction\",\"name\":\"Comment\",\"target\":[\"https:\\\/\\\/patagoniambiental.com.ar\\\/info\\\/comision-europea-advierte-que-para-2050-en-los-oceanos-habra-mas-plastico-que-peces\\\/#respond\"]}]},{\"@type\":\"WebPage\",\"@id\":\"https:\\\/\\\/patagoniambiental.com.ar\\\/info\\\/comision-europea-advierte-que-para-2050-en-los-oceanos-habra-mas-plastico-que-peces\\\/\",\"url\":\"https:\\\/\\\/patagoniambiental.com.ar\\\/info\\\/comision-europea-advierte-que-para-2050-en-los-oceanos-habra-mas-plastico-que-peces\\\/\",\"name\":\"Comisi\u00f3n Europea advierte que para 2050 en los oc\u00e9anos habr\u00e1 m\u00e1s pl\u00e1stico que peces\",\"isPartOf\":{\"@id\":\"https:\\\/\\\/patagoniambiental.com.ar\\\/info\\\/#website\"},\"primaryImageOfPage\":{\"@id\":\"https:\\\/\\\/patagoniambiental.com.ar\\\/info\\\/comision-europea-advierte-que-para-2050-en-los-oceanos-habra-mas-plastico-que-peces\\\/#primaryimage\"},\"image\":{\"@id\":\"https:\\\/\\\/patagoniambiental.com.ar\\\/info\\\/comision-europea-advierte-que-para-2050-en-los-oceanos-habra-mas-plastico-que-peces\\\/#primaryimage\"},\"thumbnailUrl\":\"https:\\\/\\\/patagoniambiental.com.ar\\\/info\\\/wp-content\\\/uploads\\\/2018\\\/04\\\/86553-600-338.jpg\",\"datePublished\":\"2018-04-21T22:00:41+00:00\",\"breadcrumb\":{\"@id\":\"https:\\\/\\\/patagoniambiental.com.ar\\\/info\\\/comision-europea-advierte-que-para-2050-en-los-oceanos-habra-mas-plastico-que-peces\\\/#breadcrumb\"},\"inLanguage\":\"es\",\"potentialAction\":[{\"@type\":\"ReadAction\",\"target\":[\"https:\\\/\\\/patagoniambiental.com.ar\\\/info\\\/comision-europea-advierte-que-para-2050-en-los-oceanos-habra-mas-plastico-que-peces\\\/\"]}]},{\"@type\":\"ImageObject\",\"inLanguage\":\"es\",\"@id\":\"https:\\\/\\\/patagoniambiental.com.ar\\\/info\\\/comision-europea-advierte-que-para-2050-en-los-oceanos-habra-mas-plastico-que-peces\\\/#primaryimage\",\"url\":\"https:\\\/\\\/patagoniambiental.com.ar\\\/info\\\/wp-content\\\/uploads\\\/2018\\\/04\\\/86553-600-338.jpg\",\"contentUrl\":\"https:\\\/\\\/patagoniambiental.com.ar\\\/info\\\/wp-content\\\/uploads\\\/2018\\\/04\\\/86553-600-338.jpg\",\"width\":600,\"height\":338,\"caption\":\"https:\\\/\\\/www.20minutos.es\\\/noticia\\\/2182183\\\/0\\\/plastico\\\/basura\\\/oceanos\\\/\"},{\"@type\":\"BreadcrumbList\",\"@id\":\"https:\\\/\\\/patagoniambiental.com.ar\\\/info\\\/comision-europea-advierte-que-para-2050-en-los-oceanos-habra-mas-plastico-que-peces\\\/#breadcrumb\",\"itemListElement\":[{\"@type\":\"ListItem\",\"position\":1,\"name\":\"Inicio\",\"item\":\"https:\\\/\\\/patagoniambiental.com.ar\\\/info\\\/\"},{\"@type\":\"ListItem\",\"position\":2,\"name\":\"Comisi\u00f3n Europea advierte que para 2050 en los oc\u00e9anos habr\u00e1 m\u00e1s pl\u00e1stico que peces\"}]},{\"@type\":\"WebSite\",\"@id\":\"https:\\\/\\\/patagoniambiental.com.ar\\\/info\\\/#website\",\"url\":\"https:\\\/\\\/patagoniambiental.com.ar\\\/info\\\/\",\"name\":\"Patagonia Ambiental\",\"description\":\"Monitoreo y an\u00e1lisis de la situaci\u00f3n geopol\u00edtica en el mundo y su implicancia en la Patagonia\",\"publisher\":{\"@id\":\"https:\\\/\\\/patagoniambiental.com.ar\\\/info\\\/#organization\"},\"potentialAction\":[{\"@type\":\"SearchAction\",\"target\":{\"@type\":\"EntryPoint\",\"urlTemplate\":\"https:\\\/\\\/patagoniambiental.com.ar\\\/info\\\/?s={search_term_string}\"},\"query-input\":{\"@type\":\"PropertyValueSpecification\",\"valueRequired\":true,\"valueName\":\"search_term_string\"}}],\"inLanguage\":\"es\"},{\"@type\":\"Organization\",\"@id\":\"https:\\\/\\\/patagoniambiental.com.ar\\\/info\\\/#organization\",\"name\":\"Patagonia Ambiental\",\"url\":\"https:\\\/\\\/patagoniambiental.com.ar\\\/info\\\/\",\"logo\":{\"@type\":\"ImageObject\",\"inLanguage\":\"es\",\"@id\":\"https:\\\/\\\/patagoniambiental.com.ar\\\/info\\\/#\\\/schema\\\/logo\\\/image\\\/\",\"url\":\"https:\\\/\\\/patagoniambiental.com.ar\\\/info\\\/wp-content\\\/uploads\\\/2025\\\/05\\\/LOGO-PATAGONIA-AMBIENTAL.png\",\"contentUrl\":\"https:\\\/\\\/patagoniambiental.com.ar\\\/info\\\/wp-content\\\/uploads\\\/2025\\\/05\\\/LOGO-PATAGONIA-AMBIENTAL.png\",\"width\":433,\"height\":250,\"caption\":\"Patagonia Ambiental\"},\"image\":{\"@id\":\"https:\\\/\\\/patagoniambiental.com.ar\\\/info\\\/#\\\/schema\\\/logo\\\/image\\\/\"},\"sameAs\":[\"https:\\\/\\\/www.facebook.com\\\/patagonia.ambiental\",\"https:\\\/\\\/x.com\\\/PatAmb\"]},{\"@type\":\"Person\",\"@id\":\"https:\\\/\\\/patagoniambiental.com.ar\\\/info\\\/#\\\/schema\\\/person\\\/db12bff64bbcbf6a253710bf0ea37b5d\",\"name\":\"Patagonia Ambiental\",\"description\":\"Andr\u00e9s Nievas T\u00e9cnico en manejo ambiental, consultor Ambiental y escritor para medios locales e internacionales sobre temas de geopolitica y medio ambiente.\",\"sameAs\":[\"http:\\\/\\\/www.patagoniambiental.com.ar\",\"https:\\\/\\\/www.facebook.com\\\/share\\\/1C1V8Gv9BX\\\/?mibextid=qi2Omg\",\"@patagoniambiental\",\"https:\\\/\\\/youtube.com\\\/@patagoniaambiental2023?si=BLt58t0wuXquxlYZ\"]}]}<\/script>\n<!-- \/ Yoast SEO Premium plugin. -->","yoast_head_json":{"title":"Comisi\u00f3n Europea advierte que para 2050 en los oc\u00e9anos habr\u00e1 m\u00e1s pl\u00e1stico que peces","robots":{"index":"index","follow":"follow","max-snippet":"max-snippet:-1","max-image-preview":"max-image-preview:large","max-video-preview":"max-video-preview:-1"},"canonical":"https:\/\/patagoniambiental.com.ar\/info\/comision-europea-advierte-que-para-2050-en-los-oceanos-habra-mas-plastico-que-peces\/","og_locale":"es_ES","og_type":"article","og_title":"Comisi\u00f3n Europea advierte que para 2050 en los oc\u00e9anos habr\u00e1 m\u00e1s pl\u00e1stico que peces","og_description":"Bruselas, 6 abr (Sputnik).- Tendremos m\u00e1s pl\u00e1stico que peces si lo dejamos todo as\u00ed como est\u00e1, declar\u00f3 el vicepresidente de [&hellip;]","og_url":"https:\/\/patagoniambiental.com.ar\/info\/comision-europea-advierte-que-para-2050-en-los-oceanos-habra-mas-plastico-que-peces\/","og_site_name":"Patagonia Ambiental","article_publisher":"https:\/\/www.facebook.com\/patagonia.ambiental","article_author":"https:\/\/www.facebook.com\/share\/1C1V8Gv9BX\/?mibextid=qi2Omg","article_published_time":"2018-04-21T22:00:41+00:00","og_image":[{"width":600,"height":338,"url":"https:\/\/patagoniambiental.com.ar\/info\/wp-content\/uploads\/2018\/04\/86553-600-338.jpg","type":"image\/jpeg"}],"author":"Patagonia Ambiental","twitter_card":"summary_large_image","twitter_creator":"@PatAmb","twitter_site":"@PatAmb","schema":{"@context":"https:\/\/schema.org","@graph":[{"@type":"Article","@id":"https:\/\/patagoniambiental.com.ar\/info\/comision-europea-advierte-que-para-2050-en-los-oceanos-habra-mas-plastico-que-peces\/#article","isPartOf":{"@id":"https:\/\/patagoniambiental.com.ar\/info\/comision-europea-advierte-que-para-2050-en-los-oceanos-habra-mas-plastico-que-peces\/"},"author":{"name":"Patagonia Ambiental","@id":"https:\/\/patagoniambiental.com.ar\/info\/#\/schema\/person\/db12bff64bbcbf6a253710bf0ea37b5d"},"headline":"Comisi\u00f3n Europea advierte que para 2050 en los oc\u00e9anos habr\u00e1 m\u00e1s pl\u00e1stico que peces","datePublished":"2018-04-21T22:00:41+00:00","mainEntityOfPage":{"@id":"https:\/\/patagoniambiental.com.ar\/info\/comision-europea-advierte-que-para-2050-en-los-oceanos-habra-mas-plastico-que-peces\/"},"wordCount":190,"commentCount":0,"publisher":{"@id":"https:\/\/patagoniambiental.com.ar\/info\/#organization"},"image":{"@id":"https:\/\/patagoniambiental.com.ar\/info\/comision-europea-advierte-que-para-2050-en-los-oceanos-habra-mas-plastico-que-peces\/#primaryimage"},"thumbnailUrl":"https:\/\/patagoniambiental.com.ar\/info\/wp-content\/uploads\/2018\/04\/86553-600-338.jpg","articleSection":["Internacionales","Noticias"],"inLanguage":"es","potentialAction":[{"@type":"CommentAction","name":"Comment","target":["https:\/\/patagoniambiental.com.ar\/info\/comision-europea-advierte-que-para-2050-en-los-oceanos-habra-mas-plastico-que-peces\/#respond"]}]},{"@type":"WebPage","@id":"https:\/\/patagoniambiental.com.ar\/info\/comision-europea-advierte-que-para-2050-en-los-oceanos-habra-mas-plastico-que-peces\/","url":"https:\/\/patagoniambiental.com.ar\/info\/comision-europea-advierte-que-para-2050-en-los-oceanos-habra-mas-plastico-que-peces\/","name":"Comisi\u00f3n Europea advierte que para 2050 en los oc\u00e9anos habr\u00e1 m\u00e1s pl\u00e1stico que peces","isPartOf":{"@id":"https:\/\/patagoniambiental.com.ar\/info\/#website"},"primaryImageOfPage":{"@id":"https:\/\/patagoniambiental.com.ar\/info\/comision-europea-advierte-que-para-2050-en-los-oceanos-habra-mas-plastico-que-peces\/#primaryimage"},"image":{"@id":"https:\/\/patagoniambiental.com.ar\/info\/comision-europea-advierte-que-para-2050-en-los-oceanos-habra-mas-plastico-que-peces\/#primaryimage"},"thumbnailUrl":"https:\/\/patagoniambiental.com.ar\/info\/wp-content\/uploads\/2018\/04\/86553-600-338.jpg","datePublished":"2018-04-21T22:00:41+00:00","breadcrumb":{"@id":"https:\/\/patagoniambiental.com.ar\/info\/comision-europea-advierte-que-para-2050-en-los-oceanos-habra-mas-plastico-que-peces\/#breadcrumb"},"inLanguage":"es","potentialAction":[{"@type":"ReadAction","target":["https:\/\/patagoniambiental.com.ar\/info\/comision-europea-advierte-que-para-2050-en-los-oceanos-habra-mas-plastico-que-peces\/"]}]},{"@type":"ImageObject","inLanguage":"es","@id":"https:\/\/patagoniambiental.com.ar\/info\/comision-europea-advierte-que-para-2050-en-los-oceanos-habra-mas-plastico-que-peces\/#primaryimage","url":"https:\/\/patagoniambiental.com.ar\/info\/wp-content\/uploads\/2018\/04\/86553-600-338.jpg","contentUrl":"https:\/\/patagoniambiental.com.ar\/info\/wp-content\/uploads\/2018\/04\/86553-600-338.jpg","width":600,"height":338,"caption":"https:\/\/www.20minutos.es\/noticia\/2182183\/0\/plastico\/basura\/oceanos\/"},{"@type":"BreadcrumbList","@id":"https:\/\/patagoniambiental.com.ar\/info\/comision-europea-advierte-que-para-2050-en-los-oceanos-habra-mas-plastico-que-peces\/#breadcrumb","itemListElement":[{"@type":"ListItem","position":1,"name":"Inicio","item":"https:\/\/patagoniambiental.com.ar\/info\/"},{"@type":"ListItem","position":2,"name":"Comisi\u00f3n Europea advierte que para 2050 en los oc\u00e9anos habr\u00e1 m\u00e1s pl\u00e1stico que peces"}]},{"@type":"WebSite","@id":"https:\/\/patagoniambiental.com.ar\/info\/#website","url":"https:\/\/patagoniambiental.com.ar\/info\/","name":"Patagonia Ambiental","description":"Monitoreo y an\u00e1lisis de la situaci\u00f3n geopol\u00edtica en el mundo y su implicancia en la Patagonia","publisher":{"@id":"https:\/\/patagoniambiental.com.ar\/info\/#organization"},"potentialAction":[{"@type":"SearchAction","target":{"@type":"EntryPoint","urlTemplate":"https:\/\/patagoniambiental.com.ar\/info\/?s={search_term_string}"},"query-input":{"@type":"PropertyValueSpecification","valueRequired":true,"valueName":"search_term_string"}}],"inLanguage":"es"},{"@type":"Organization","@id":"https:\/\/patagoniambiental.com.ar\/info\/#organization","name":"Patagonia Ambiental","url":"https:\/\/patagoniambiental.com.ar\/info\/","logo":{"@type":"ImageObject","inLanguage":"es","@id":"https:\/\/patagoniambiental.com.ar\/info\/#\/schema\/logo\/image\/","url":"https:\/\/patagoniambiental.com.ar\/info\/wp-content\/uploads\/2025\/05\/LOGO-PATAGONIA-AMBIENTAL.png","contentUrl":"https:\/\/patagoniambiental.com.ar\/info\/wp-content\/uploads\/2025\/05\/LOGO-PATAGONIA-AMBIENTAL.png","width":433,"height":250,"caption":"Patagonia Ambiental"},"image":{"@id":"https:\/\/patagoniambiental.com.ar\/info\/#\/schema\/logo\/image\/"},"sameAs":["https:\/\/www.facebook.com\/patagonia.ambiental","https:\/\/x.com\/PatAmb"]},{"@type":"Person","@id":"https:\/\/patagoniambiental.com.ar\/info\/#\/schema\/person\/db12bff64bbcbf6a253710bf0ea37b5d","name":"Patagonia Ambiental","description":"Andr\u00e9s Nievas T\u00e9cnico en manejo ambiental, consultor Ambiental y escritor para medios locales e internacionales sobre temas de geopolitica y medio ambiente.","sameAs":["http:\/\/www.patagoniambiental.com.ar","https:\/\/www.facebook.com\/share\/1C1V8Gv9BX\/?mibextid=qi2Omg","@patagoniambiental","https:\/\/youtube.com\/@patagoniaambiental2023?si=BLt58t0wuXquxlYZ"]}]}},"_links":{"self":[{"href":"https:\/\/patagoniambiental.com.ar\/info\/wp-json\/wp\/v2\/posts\/44889","targetHints":{"allow":["GET"]}}],"collection":[{"href":"https:\/\/patagoniambiental.com.ar\/info\/wp-json\/wp\/v2\/posts"}],"about":[{"href":"https:\/\/patagoniambiental.com.ar\/info\/wp-json\/wp\/v2\/types\/post"}],"author":[{"embeddable":true,"href":"https:\/\/patagoniambiental.com.ar\/info\/wp-json\/wp\/v2\/users\/2"}],"replies":[{"embeddable":true,"href":"https:\/\/patagoniambiental.com.ar\/info\/wp-json\/wp\/v2\/comments?post=44889"}],"version-history":[{"count":0,"href":"https:\/\/patagoniambiental.com.ar\/info\/wp-json\/wp\/v2\/posts\/44889\/revisions"}],"wp:featuredmedia":[{"embeddable":true,"href":"https:\/\/patagoniambiental.com.ar\/info\/wp-json\/wp\/v2\/media\/44890"}],"wp:attachment":[{"href":"https:\/\/patagoniambiental.com.ar\/info\/wp-json\/wp\/v2\/media?parent=44889"}],"wp:term":[{"taxonomy":"category","embeddable":true,"href":"https:\/\/patagoniambiental.com.ar\/info\/wp-json\/wp\/v2\/categories?post=44889"},{"taxonomy":"post_tag","embeddable":true,"href":"https:\/\/patagoniambiental.com.ar\/info\/wp-json\/wp\/v2\/tags?post=44889"}],"curies":[{"name":"wp","href":"https:\/\/api.w.org\/{rel}","templated":true}]}}