{"id":45521,"date":"2018-04-30T19:00:13","date_gmt":"2018-04-30T22:00:13","guid":{"rendered":"http:\/\/patagoniambiental.com.ar\/info\/?p=45521"},"modified":"2018-04-30T11:08:25","modified_gmt":"2018-04-30T14:08:25","slug":"acciona-instala-eolica-en-chile","status":"publish","type":"post","link":"https:\/\/patagoniambiental.com.ar\/info\/acciona-instala-eolica-en-chile\/","title":{"rendered":"Acciona instala e\u00f3lica en Chile"},"content":{"rendered":"<p>La Araucania.-La empresa Instalar\u00e1 dos parques e\u00f3licos en La Araucan\u00eda, con potencias de 183 MW y 87 MW con una inversion de 450 millones de dolares.<\/p>\n<p><!--more--><\/p>\n<div><\/div>\n<div><img decoding=\"async\" class=\"alignleft\" src=\"data:image\/jpeg;base64,\/9j\/4AAQSkZJRgABAQAAAQABAAD\/2wCEAAkGBwgHBhUIBwgVFRUXFiIbFxUXGRgeHxkfJB0bKCUfGiYiKCgsJislHiAVKzEiMS8wOjIuHSIzODMtPigtLjABCgoKDg0OGw8QGjclHx0tLisrNzguMC83NzcrLSs3Ly8wNi0tKzI1OC42NTctLTcrLystLS03LS01Ny0tKy03K\/\/AABEIAMgAyAMBEQACEQEDEQH\/xAAcAAEAAwEBAQEBAAAAAAAAAAAABQYHBAMCCAH\/xABDEAABAwMBBQYDBQMJCQAAAAABAAIDBAURBgcSITFREyJBYXGRFIGxMkJSodEVI\/AXJERicoKywfEIFjdDU3SSosL\/xAAbAQEAAwEBAQEAAAAAAAAAAAAABAUGAwIBB\/\/EADERAQABAwIDBAkEAwAAAAAAAAABAgMEERIFITETQVFhBiJxgaGxwdHwFDIzkSNC4f\/aAAwDAQACEQMRAD8A3FAQEBAQEBAQEBAQEBAQEBAQEBAQEBAQEBAQEBAQEBAQEBAQEBAQEBAQEBAQEBAQEBAQEBAQEBAQEBAQEBAQEBAQEBAQEBAQEBAQEBAQEBAQEBAQEBAQEBAQEBAQEBAQEBAQEBAQEBAQEBAQEBAQEBAQEBAQEBAQEBAQEBAQEBAQEBAQEBAQEBAQEBAQEBAQEBAQEBAQEBAQEBAQEBAQEBAQEBAQEBAQEBAQEBAQEBAQEBAQEBAQEBAQEBAQEBAQEBAQEBAQEBAQEBAQfLnNY3eecDqhETPKFY1Brqz2eMtbMJZPBjDn3PIKNdyqKPOVzg8CysmYmY20+M\/SFMj1Rq2iqP2\/W0rjTvOOzIO6B4Y6f2vH2UWL96me0mOUtDVwvht2n9HbqjtKe\/v18\/H2dy+2PV9mvUY+Hqw13ix+GuH6\/JTLeRRX0lmMzhGViz69OseMc4TwIIyF3Vj+oCAgICAgICAgICAgICAgICAgICDMdojX3fWNNZYpyAQA7HhvE8ceTQq7K9e7TRDY8CmMbAu5VUa6Ty90fdZLHoKx2h4lEJlePvScceg5KRbxbdHPrKnzOPZeTG3XbHhH36pi31IuBma9gLGyGMDHPdABz\/e3l1pndr7dEC\/b7HZMT60xFU+\/p8FcvmzmzV2ZqNroX8wGHuk+h5fLC4XMO3Vzjkt8P0jyrWlNyd0efX+\/vq49kNQ82+ekmeS5kvInkCMfVpXjCn1Zie6Xf0otxF23cpjlVT9f+tBU5lxAQEBAQEBAQEBAQEBAQEBAQEHDdrnS2igdW1sm61o+ZPQdSV4rriiN0u+LjXMm7Fq3Gsyoez+lqL7qOXVNczAyRGPPlw\/st4fNQ8ama65uz7mn43doxMWjAtzz5TV+ec81v1C+9UwbV2YNeG534XcC8f1T4EcVKu7450KHBjFr1t5Gsa9KvD2x4ObQEpqNNMqX83ve4+pe5eMadbevjr83bjdMUZc0R0pimI91MLIpCpVg6blodS\/tmzStaJDieJ2cOB5ubjkfH\/VR5szTc309\/VcRxKm7ifpsiNdv7J748p8lnUhTiAgICAgyC17VLtWbQhZX29ghdMYtzB7RuCRvH2yRjkg19AQEBAQEBAQEBAQEGW7QKX4vXFNSV07+xkDRug8u8QcevDiq7JjW9TE9JbPgd3s+HXbluI306\/JpEMNNbaHs4IwyNjeAA5AKfERTHlDI113L9zdVOtVUvinrqa40Bnoahr2lpwWnPgvkVRVGsS9V2Llm5suU6TEq\/swmEmlQzP2ZHg\/+RP8AmuGJOtv3ytfSKjTNmfGKZ+CzVtSyjo31UrSQxpcQ0ZOAM8B4qUo2R1e258rybTp172D7z3H8w0HHugsGhdqlBqi4C2VNIYJnDud7ea\/HMA4GDjwwgtOqtT2zStu+NusuAThjG8XPPRo\/zQZm7bdUyyl1HpoujHM75z88NICDRNK6so9Q6a\/bjozCwF2\/vkd3d5nPRBRbtttpW1hp7DaHTjPB7iW73m1oBOPM4QT+gNow1ZcX22otToZGM3\/tZBGQPEAjn0QR9u15b6jaKbOzTrGymV0RqN5u8d0Hj9nPHHLKC06z1latIUYluDi57vsRN+07H0A6lBnY25yiXtH6d\/d559oc++7j5INJ0hq216toDVWyQ5bwfG7g5h8\/XwKCpTbX7fRalmtVyoHRsie9plDt7JbnGGgfeI6oIWp26AVH80sJMeeb5MOPs0ge5QaVpHU1DqqzC5UGQM7rmHmxw5g+44oKHedszIa99HZ7DJKWOLXF5LeIPHugE++EHrpfbJR3O5tt93txgL3brXh283J5B2QCM9ePyQamgICAgzPVThc9pdLRRcez3S7y4lx\/ID3Vfe9bIppjubDhsdhwi7dq\/wBtdPk0sjIwVYMep160QySoNdp6sdTSniQ3IY4+YHL+OCi3MbWd1E6Sv8Tjc00Rayqe0o8+sIzZPLLTTVVpqj32Sbx9eId+YaueHMxNVE9yZ6TUU102cijpVGn1hebtcaS0259fcJQ2Ngy4n+PHopzKMnj2uRhxpNLaSe9g8GjHzLWA4ygoVrqpKnafDVuoPh3Oq2Ew4I3CSMjBxjPPl4oJ3a7PLedpbLVLIQxvZxt8t\/BcfU55+QQbvabXRWi3tobfThjGjAAH5nqT1QZxt0nFr0kygoIwxs8\/7wNAAIAJPLqQ3KCQ2KWKiodIR3JsTTLNlzn444yQGjoAByQX34Wn+K+K7Bu\/jG\/gb2Omenkg\/P8AYv8Ajif+7k+jkHlrAnUm2L4Ctcdzt2QgdGAAkD1OfdBvlVZrdVWo2uWjZ2Jbu7m6MAY8OmOqDBdkUstp2mG3xPJa7tY3eYYTgn2QeFNQUt02zSUVfCHxurJN5p5HBcePzCDXNplntw2f1DI6KNojZvM3WgbpBHLHJBUv9nyZsVqrZJn4a17CSeQ7rsn8kHpV7XbdBcHwaW086YucSXtG72h8XYAJPqUGZ66u1TedRC4VdnNI8tblhDgXYccPOQOfLP8AVQfqOiJdRsLvwj6BB7oCDzm7Tsj2WN7BxnlnwyvkvtOmsbunezbZzA52rauS7n+ct8D5niR\/648ioGLH+Wrf1a\/j1yIwbNNj+Kfty\/PFdtQftiOnbPZNxzmnLon\/APMHQHwKl3N8RrQzmD+lmqaMnWInpMd0oKk2i20S\/D3inkppBwc1zSQD6jj+S4xl09K40lZ3fR2\/pvsVRXTPTSdPz+1bsVzpYtqT5KKcOjnyN4ciXAH\/ABBR7dcRkTpPKVvm41yrg1MXKdKrenwnT5LJtetdXdtDSw0DC5zS1+6Obg08QOvDjjyVmxDL9mu0q3aRs77dX297iXlwezdycgcHZxyxzQQzblJc9qkN0qKR0PbVUb2sfzDSWgH54QXDbhpaujurdT26Jzm7rRKWjJY5v2XemMDPl5oOi07cqVluay7Wx5lAwTGW7rj14kYz0Qd16+K2p7PHVVNbnRTRTF0Ubs98AeBIGd5pI9QgqWgNpcujaM2W9UD3Ma4loHdfGTzaQ7GRlBoei9pcerdQm30dpkZGGE9q7j3h4HHAZHnzQZxYnD+XMjP9Lk+jkEhte03cbJqoartkRLHOa8uAz2cjcfax4OwOPqglZ9uVG6zkQWx4qC3GCW7gd1zzI8sIOfYjpKuNzdqi6RFowRFvDBeXHvPx0QQNkcP5dXDP9Nl\/+0GxbTDjQVXn\/pH6hBl2yKimumibpQ0Z772hrfUsfgfNBBbNdZU+ha+eK7255L8A4AD2FueBBxwQcW0nUn+9N8Zd20L4YywMj3\/vhriSR4fe5BB+mreQ6gjI\/A36BB0ICAgrWpdOy1dU272aUR1UfI+Eg\/C\/9VHu2pmd9HKqFvw\/iNNuicbIjdaq6+MecPWx6mhrpfgbhEYKkfahfwz5sP3gV9t3oqnbVylzzOGVWqe1tTvtz0mPr4O+7WW23iLcuNI1\/QkcR6Hmvddumv8AdCNjZt\/GnW1VMMn1TaKXSOrad9vLtzuv4nOCHnI9gFW3rcWblO32txw3LucRwbsXevOn4NpVs\/PUY\/T9mfVfFPtUJf8AiMbc\/RB1TW+immE01JG5w5OLWkjHLBIQdBAcMEcEEWdN2Mz9ubRBvdezb+iCTa1rG7rRgDkEHDX2S1XF+\/X26KQ9XMaT7oOmkpKaii7Kjp2sb0a0Afkg8226hbU\/Etoow\/Od\/cbvZ65xlB0ua17S14yDzBQRjNOWNk\/bstEAd17Nv6IJGWSOCEyyHDWjJPQBBC2Wu07eak1FpZG947xeIiDx8d4tGc8eOUE1LFHPGY5ow5p5ggEH1BQedLRUtGCKSmYzPPcaG59cIOassVprp+3rLbE934nMaT7oPiBtpu0ZjZSxvbE8x96MYaRjIbkeHLI4eyCSa0MbutGAPBB9ICAgIOC6Wigu0PZXCmD8cj4t82kcQvFdumuNJhJxsu9j1brVWn53w5KO019BKBTXh7oweMcrQ846B3A++V5pt1U9Kne7l2bsTvtRFXjE6fDnH9aKHtkAFzpnDnuH\/EFBzv3UtP6Kfw3Y84+TT6Ml1Ixx\/CPorKnpDF3Y0rqjzl7r68CAgICAgICAgIOK9NLrPM1oyTE\/A\/ulBmVDV1g2dPpKW4zulZDEBGIix0XeaCGuABdjlnyQdN6hvVrlrqO0z1Dox2D8uc9zsOLu1LXc+QGQ3wzhB80kNdVxUtM25yvhfWOGYnTtLI+yPcLnYcQHciep6IPipa+p1m62S3DDY6iPdc+d7W9kGj9yGZ75J+9159EHxX1dcLS2kqI5hv1FSRKXTgNIcdxuI+JJ+7ngg0bTMlRLpumkrC4yGnjLy7nvbjc5885QSaAgICAgIM22gWa4ah1TDTUEBLWRjfeeDW5ceZ9AOCgZNuq5ciKY6Q13A82xhYddy7VzqnlHfOkQ0djQxga3kAp7IzOs6vpAQEBAQEBAQEBAQEBAQVubRdsmqnSPkl3HS9q6Hf7hkznexz5gcMoLIgICAgICAgICAgICAgICAgICAgICAgICAgICAgICAgICAgICAgICAgICAgICAgICAgICAgICAgICAgICAgICAgICAgICAgICAgICAgICAgICAgICAgICAgICAgICAgICAgICAgICAgICAgICAgICAgICAgICAgICAgICAgICAgICAgICAgICAgICAgICAgICAgICAgICAgICAgICAgICAgICAgICAgICAgICAgICAgICAgICAgICAgICAgICAgICAgICAgICAgICAgIP\/9k=\" alt=\"Resultado de imagen para acciona\" \/><\/div>\n<div><\/div>\n<div>ACCIONA construye actualmente en la comuna de Renaico, en La Araucan\u00eda,\u00a0 el parque e\u00f3lico San Gabriel, de 183 MW, con una inversi\u00f3n aproximada de 300 millones de d\u00f3lares (unos 250 millones de euros)<\/div>\n<div><\/div>\n<div>Y muy pr\u00f3ximo al anterior construir\u00e1 el parque e\u00f3lico Tolp\u00e1n, proyectado inicialmente con 87 MW, y pendiente de fijaci\u00f3n definitiva de potencia. La\u00a0 energ\u00eda producida por esta instalaci\u00f3n permitir\u00e1 a la compa\u00f1\u00eda cubrir compromisos de abastecimiento a clientes regulados derivados de las subastas en las que ha sido adjudicataria. La inversi\u00f3n asociada rondar\u00e1 los 150 millones de d\u00f3lares (unos 125 millones de euros).<\/div>\n<div><\/div>\n<div>\u201cAfrontamos inversiones relevantes en estos a\u00f1os que van a reforzar de forma muy significativa nuestra presencia en el pujante sector de las energ\u00edas renovables en Chile\u201d, ha manifestado el gerente general de ACCIONA Energ\u00eda en Sudam\u00e9rica, Jos\u00e9 Ignacio Escobar.<\/div>\n<div><\/div>\n<div>ACCIONA tiene actualmente 291 MW renovables operativos en Chile, de ellos 246 MWp en la planta fotovoltaica El Romero Solar, en la regi\u00f3n de Atacama, y 45 MW en el parque e\u00f3lico Punta Palmeras, en la regi\u00f3n de Coquimbo. Con las instalaciones en construcci\u00f3n y proyectadas en este trienio rondar\u00e1 los 700 MW de potencia en propiedad en el pa\u00eds (372 MWp fotovoltaicos y 315 MW e\u00f3licos).<\/div>\n<div><\/div>\n<div>ACCIONA ha obtenido en estos a\u00f1os adjudicaciones en dos de las subastas p\u00fablicas de energ\u00eda para clientes regulados en Chile y ha suscrito contratos de venta de energ\u00eda con compa\u00f1\u00edas como Google, Falabella, ENAMI y Aguas Cha\u00f1ar.<\/div>\n<div><\/div>\n<div>Acciona Energ\u00eda es un operador global en energ\u00edas renovables con 25 a\u00f1os de experiencia en el sector y m\u00e1s de 9.000 MW en propiedad. Dispone de 220 parques e\u00f3licos que suman 7.382 MW; 76 centrales hidroel\u00e9ctricas (876 MW); seis plantas termosolares (314 MW); centrales fotovoltaicas que totalizan 389 MWp y tres plantas de biomasa (61 MW). La compa\u00f1\u00eda comercializa energ\u00eda a grandes clientes.<\/div>\n<div><\/div>\n<div><\/div>\n<div>Fuente:\u00a0<a href=\"https:\/\/www.acciona.com\/es\/noticias\/acciona-construira-cuatro-plantas-renovables-chile-inversion-500-millones-euros\/\">https:\/\/www.acciona.com<\/a><\/div>\n","protected":false},"excerpt":{"rendered":"<p>La Araucania.-La empresa Instalar\u00e1 dos parques e\u00f3licos en La Araucan\u00eda, con potencias de 183 MW y 87 MW con una [&hellip;]<\/p>\n","protected":false},"author":2,"featured_media":45522,"comment_status":"open","ping_status":"open","sticky":false,"template":"","format":"standard","meta":{"site-sidebar-layout":"default","site-content-layout":"","ast-site-content-layout":"default","site-content-style":"default","site-sidebar-style":"default","ast-global-header-display":"","ast-banner-title-visibility":"","ast-main-header-display":"","ast-hfb-above-header-display":"","ast-hfb-below-header-display":"","ast-hfb-mobile-header-display":"","site-post-title":"","ast-breadcrumbs-content":"","ast-featured-img":"","footer-sml-layout":"","ast-disable-related-posts":"","theme-transparent-header-meta":"","adv-header-id-meta":"","stick-header-meta":"","header-above-stick-meta":"","header-main-stick-meta":"","header-below-stick-meta":"","astra-migrate-meta-layouts":"default","ast-page-background-enabled":"default","ast-page-background-meta":{"desktop":{"background-color":"var(--ast-global-color-5)","background-image":"","background-repeat":"repeat","background-position":"center center","background-size":"auto","background-attachment":"scroll","background-type":"","background-media":"","overlay-type":"","overlay-color":"","overlay-opacity":"","overlay-gradient":""},"tablet":{"background-color":"","background-image":"","background-repeat":"repeat","background-position":"center center","background-size":"auto","background-attachment":"scroll","background-type":"","background-media":"","overlay-type":"","overlay-color":"","overlay-opacity":"","overlay-gradient":""},"mobile":{"background-color":"","background-image":"","background-repeat":"repeat","background-position":"center center","background-size":"auto","background-attachment":"scroll","background-type":"","background-media":"","overlay-type":"","overlay-color":"","overlay-opacity":"","overlay-gradient":""}},"ast-content-background-meta":{"desktop":{"background-color":"var(--ast-global-color-4)","background-image":"","background-repeat":"repeat","background-position":"center center","background-size":"auto","background-attachment":"scroll","background-type":"","background-media":"","overlay-type":"","overlay-color":"","overlay-opacity":"","overlay-gradient":""},"tablet":{"background-color":"var(--ast-global-color-4)","background-image":"","background-repeat":"repeat","background-position":"center center","background-size":"auto","background-attachment":"scroll","background-type":"","background-media":"","overlay-type":"","overlay-color":"","overlay-opacity":"","overlay-gradient":""},"mobile":{"background-color":"var(--ast-global-color-4)","background-image":"","background-repeat":"repeat","background-position":"center center","background-size":"auto","background-attachment":"scroll","background-type":"","background-media":"","overlay-type":"","overlay-color":"","overlay-opacity":"","overlay-gradient":""}},"footnotes":""},"categories":[23,1],"tags":[],"class_list":["post-45521","post","type-post","status-publish","format-standard","has-post-thumbnail","hentry","category-internacionales","category-noticias"],"yoast_head":"<!-- This site is optimized with the Yoast SEO Premium plugin v23.0 (Yoast SEO v27.4) - https:\/\/yoast.com\/product\/yoast-seo-premium-wordpress\/ -->\n<title>Acciona instala e\u00f3lica en Chile<\/title>\n<meta name=\"robots\" content=\"index, follow, max-snippet:-1, max-image-preview:large, max-video-preview:-1\" \/>\n<link rel=\"canonical\" href=\"https:\/\/patagoniambiental.com.ar\/info\/acciona-instala-eolica-en-chile\/\" \/>\n<meta property=\"og:locale\" content=\"es_ES\" \/>\n<meta property=\"og:type\" content=\"article\" \/>\n<meta property=\"og:title\" content=\"Acciona instala e\u00f3lica en Chile\" \/>\n<meta property=\"og:description\" content=\"La Araucania.-La empresa Instalar\u00e1 dos parques e\u00f3licos en La Araucan\u00eda, con potencias de 183 MW y 87 MW con una [&hellip;]\" \/>\n<meta property=\"og:url\" content=\"https:\/\/patagoniambiental.com.ar\/info\/acciona-instala-eolica-en-chile\/\" \/>\n<meta property=\"og:site_name\" content=\"Patagonia Ambiental\" \/>\n<meta property=\"article:publisher\" content=\"https:\/\/www.facebook.com\/patagonia.ambiental\" \/>\n<meta property=\"article:author\" content=\"https:\/\/www.facebook.com\/share\/1C1V8Gv9BX\/?mibextid=qi2Omg\" \/>\n<meta property=\"article:published_time\" content=\"2018-04-30T22:00:13+00:00\" \/>\n<meta property=\"og:image\" content=\"https:\/\/patagoniambiental.com.ar\/info\/wp-content\/uploads\/2018\/04\/5712f02c-9875-4664-92ad-c4017ba7e3da.jpg\" \/>\n\t<meta property=\"og:image:width\" content=\"200\" \/>\n\t<meta property=\"og:image:height\" content=\"200\" \/>\n\t<meta property=\"og:image:type\" content=\"image\/jpeg\" \/>\n<meta name=\"author\" content=\"Patagonia Ambiental\" \/>\n<meta name=\"twitter:card\" content=\"summary_large_image\" \/>\n<meta name=\"twitter:creator\" content=\"@PatAmb\" \/>\n<meta name=\"twitter:site\" content=\"@PatAmb\" \/>\n<script type=\"application\/ld+json\" class=\"yoast-schema-graph\">{\"@context\":\"https:\\\/\\\/schema.org\",\"@graph\":[{\"@type\":\"Article\",\"@id\":\"https:\\\/\\\/patagoniambiental.com.ar\\\/info\\\/acciona-instala-eolica-en-chile\\\/#article\",\"isPartOf\":{\"@id\":\"https:\\\/\\\/patagoniambiental.com.ar\\\/info\\\/acciona-instala-eolica-en-chile\\\/\"},\"author\":{\"name\":\"Patagonia Ambiental\",\"@id\":\"https:\\\/\\\/patagoniambiental.com.ar\\\/info\\\/#\\\/schema\\\/person\\\/db12bff64bbcbf6a253710bf0ea37b5d\"},\"headline\":\"Acciona instala e\u00f3lica en Chile\",\"datePublished\":\"2018-04-30T22:00:13+00:00\",\"mainEntityOfPage\":{\"@id\":\"https:\\\/\\\/patagoniambiental.com.ar\\\/info\\\/acciona-instala-eolica-en-chile\\\/\"},\"wordCount\":355,\"commentCount\":0,\"publisher\":{\"@id\":\"https:\\\/\\\/patagoniambiental.com.ar\\\/info\\\/#organization\"},\"image\":{\"@id\":\"https:\\\/\\\/patagoniambiental.com.ar\\\/info\\\/acciona-instala-eolica-en-chile\\\/#primaryimage\"},\"thumbnailUrl\":\"https:\\\/\\\/patagoniambiental.com.ar\\\/info\\\/wp-content\\\/uploads\\\/2018\\\/04\\\/5712f02c-9875-4664-92ad-c4017ba7e3da.jpg\",\"articleSection\":[\"Internacionales\",\"Noticias\"],\"inLanguage\":\"es\",\"potentialAction\":[{\"@type\":\"CommentAction\",\"name\":\"Comment\",\"target\":[\"https:\\\/\\\/patagoniambiental.com.ar\\\/info\\\/acciona-instala-eolica-en-chile\\\/#respond\"]}]},{\"@type\":\"WebPage\",\"@id\":\"https:\\\/\\\/patagoniambiental.com.ar\\\/info\\\/acciona-instala-eolica-en-chile\\\/\",\"url\":\"https:\\\/\\\/patagoniambiental.com.ar\\\/info\\\/acciona-instala-eolica-en-chile\\\/\",\"name\":\"Acciona instala e\u00f3lica en Chile\",\"isPartOf\":{\"@id\":\"https:\\\/\\\/patagoniambiental.com.ar\\\/info\\\/#website\"},\"primaryImageOfPage\":{\"@id\":\"https:\\\/\\\/patagoniambiental.com.ar\\\/info\\\/acciona-instala-eolica-en-chile\\\/#primaryimage\"},\"image\":{\"@id\":\"https:\\\/\\\/patagoniambiental.com.ar\\\/info\\\/acciona-instala-eolica-en-chile\\\/#primaryimage\"},\"thumbnailUrl\":\"https:\\\/\\\/patagoniambiental.com.ar\\\/info\\\/wp-content\\\/uploads\\\/2018\\\/04\\\/5712f02c-9875-4664-92ad-c4017ba7e3da.jpg\",\"datePublished\":\"2018-04-30T22:00:13+00:00\",\"breadcrumb\":{\"@id\":\"https:\\\/\\\/patagoniambiental.com.ar\\\/info\\\/acciona-instala-eolica-en-chile\\\/#breadcrumb\"},\"inLanguage\":\"es\",\"potentialAction\":[{\"@type\":\"ReadAction\",\"target\":[\"https:\\\/\\\/patagoniambiental.com.ar\\\/info\\\/acciona-instala-eolica-en-chile\\\/\"]}]},{\"@type\":\"ImageObject\",\"inLanguage\":\"es\",\"@id\":\"https:\\\/\\\/patagoniambiental.com.ar\\\/info\\\/acciona-instala-eolica-en-chile\\\/#primaryimage\",\"url\":\"https:\\\/\\\/patagoniambiental.com.ar\\\/info\\\/wp-content\\\/uploads\\\/2018\\\/04\\\/5712f02c-9875-4664-92ad-c4017ba7e3da.jpg\",\"contentUrl\":\"https:\\\/\\\/patagoniambiental.com.ar\\\/info\\\/wp-content\\\/uploads\\\/2018\\\/04\\\/5712f02c-9875-4664-92ad-c4017ba7e3da.jpg\",\"width\":200,\"height\":200},{\"@type\":\"BreadcrumbList\",\"@id\":\"https:\\\/\\\/patagoniambiental.com.ar\\\/info\\\/acciona-instala-eolica-en-chile\\\/#breadcrumb\",\"itemListElement\":[{\"@type\":\"ListItem\",\"position\":1,\"name\":\"Inicio\",\"item\":\"https:\\\/\\\/patagoniambiental.com.ar\\\/info\\\/\"},{\"@type\":\"ListItem\",\"position\":2,\"name\":\"Acciona instala e\u00f3lica en Chile\"}]},{\"@type\":\"WebSite\",\"@id\":\"https:\\\/\\\/patagoniambiental.com.ar\\\/info\\\/#website\",\"url\":\"https:\\\/\\\/patagoniambiental.com.ar\\\/info\\\/\",\"name\":\"Patagonia Ambiental\",\"description\":\"Monitoreo y an\u00e1lisis de la situaci\u00f3n geopol\u00edtica en el mundo y su implicancia en la Patagonia\",\"publisher\":{\"@id\":\"https:\\\/\\\/patagoniambiental.com.ar\\\/info\\\/#organization\"},\"potentialAction\":[{\"@type\":\"SearchAction\",\"target\":{\"@type\":\"EntryPoint\",\"urlTemplate\":\"https:\\\/\\\/patagoniambiental.com.ar\\\/info\\\/?s={search_term_string}\"},\"query-input\":{\"@type\":\"PropertyValueSpecification\",\"valueRequired\":true,\"valueName\":\"search_term_string\"}}],\"inLanguage\":\"es\"},{\"@type\":\"Organization\",\"@id\":\"https:\\\/\\\/patagoniambiental.com.ar\\\/info\\\/#organization\",\"name\":\"Patagonia Ambiental\",\"url\":\"https:\\\/\\\/patagoniambiental.com.ar\\\/info\\\/\",\"logo\":{\"@type\":\"ImageObject\",\"inLanguage\":\"es\",\"@id\":\"https:\\\/\\\/patagoniambiental.com.ar\\\/info\\\/#\\\/schema\\\/logo\\\/image\\\/\",\"url\":\"https:\\\/\\\/patagoniambiental.com.ar\\\/info\\\/wp-content\\\/uploads\\\/2025\\\/05\\\/LOGO-PATAGONIA-AMBIENTAL.png\",\"contentUrl\":\"https:\\\/\\\/patagoniambiental.com.ar\\\/info\\\/wp-content\\\/uploads\\\/2025\\\/05\\\/LOGO-PATAGONIA-AMBIENTAL.png\",\"width\":433,\"height\":250,\"caption\":\"Patagonia Ambiental\"},\"image\":{\"@id\":\"https:\\\/\\\/patagoniambiental.com.ar\\\/info\\\/#\\\/schema\\\/logo\\\/image\\\/\"},\"sameAs\":[\"https:\\\/\\\/www.facebook.com\\\/patagonia.ambiental\",\"https:\\\/\\\/x.com\\\/PatAmb\"]},{\"@type\":\"Person\",\"@id\":\"https:\\\/\\\/patagoniambiental.com.ar\\\/info\\\/#\\\/schema\\\/person\\\/db12bff64bbcbf6a253710bf0ea37b5d\",\"name\":\"Patagonia Ambiental\",\"description\":\"Andr\u00e9s Nievas T\u00e9cnico en manejo ambiental, consultor Ambiental y escritor para medios locales e internacionales sobre temas de geopolitica y medio ambiente.\",\"sameAs\":[\"http:\\\/\\\/www.patagoniambiental.com.ar\",\"https:\\\/\\\/www.facebook.com\\\/share\\\/1C1V8Gv9BX\\\/?mibextid=qi2Omg\",\"@patagoniambiental\",\"https:\\\/\\\/youtube.com\\\/@patagoniaambiental2023?si=BLt58t0wuXquxlYZ\"]}]}<\/script>\n<!-- \/ Yoast SEO Premium plugin. -->","yoast_head_json":{"title":"Acciona instala e\u00f3lica en Chile","robots":{"index":"index","follow":"follow","max-snippet":"max-snippet:-1","max-image-preview":"max-image-preview:large","max-video-preview":"max-video-preview:-1"},"canonical":"https:\/\/patagoniambiental.com.ar\/info\/acciona-instala-eolica-en-chile\/","og_locale":"es_ES","og_type":"article","og_title":"Acciona instala e\u00f3lica en Chile","og_description":"La Araucania.-La empresa Instalar\u00e1 dos parques e\u00f3licos en La Araucan\u00eda, con potencias de 183 MW y 87 MW con una [&hellip;]","og_url":"https:\/\/patagoniambiental.com.ar\/info\/acciona-instala-eolica-en-chile\/","og_site_name":"Patagonia Ambiental","article_publisher":"https:\/\/www.facebook.com\/patagonia.ambiental","article_author":"https:\/\/www.facebook.com\/share\/1C1V8Gv9BX\/?mibextid=qi2Omg","article_published_time":"2018-04-30T22:00:13+00:00","og_image":[{"width":200,"height":200,"url":"https:\/\/patagoniambiental.com.ar\/info\/wp-content\/uploads\/2018\/04\/5712f02c-9875-4664-92ad-c4017ba7e3da.jpg","type":"image\/jpeg"}],"author":"Patagonia Ambiental","twitter_card":"summary_large_image","twitter_creator":"@PatAmb","twitter_site":"@PatAmb","schema":{"@context":"https:\/\/schema.org","@graph":[{"@type":"Article","@id":"https:\/\/patagoniambiental.com.ar\/info\/acciona-instala-eolica-en-chile\/#article","isPartOf":{"@id":"https:\/\/patagoniambiental.com.ar\/info\/acciona-instala-eolica-en-chile\/"},"author":{"name":"Patagonia Ambiental","@id":"https:\/\/patagoniambiental.com.ar\/info\/#\/schema\/person\/db12bff64bbcbf6a253710bf0ea37b5d"},"headline":"Acciona instala e\u00f3lica en Chile","datePublished":"2018-04-30T22:00:13+00:00","mainEntityOfPage":{"@id":"https:\/\/patagoniambiental.com.ar\/info\/acciona-instala-eolica-en-chile\/"},"wordCount":355,"commentCount":0,"publisher":{"@id":"https:\/\/patagoniambiental.com.ar\/info\/#organization"},"image":{"@id":"https:\/\/patagoniambiental.com.ar\/info\/acciona-instala-eolica-en-chile\/#primaryimage"},"thumbnailUrl":"https:\/\/patagoniambiental.com.ar\/info\/wp-content\/uploads\/2018\/04\/5712f02c-9875-4664-92ad-c4017ba7e3da.jpg","articleSection":["Internacionales","Noticias"],"inLanguage":"es","potentialAction":[{"@type":"CommentAction","name":"Comment","target":["https:\/\/patagoniambiental.com.ar\/info\/acciona-instala-eolica-en-chile\/#respond"]}]},{"@type":"WebPage","@id":"https:\/\/patagoniambiental.com.ar\/info\/acciona-instala-eolica-en-chile\/","url":"https:\/\/patagoniambiental.com.ar\/info\/acciona-instala-eolica-en-chile\/","name":"Acciona instala e\u00f3lica en Chile","isPartOf":{"@id":"https:\/\/patagoniambiental.com.ar\/info\/#website"},"primaryImageOfPage":{"@id":"https:\/\/patagoniambiental.com.ar\/info\/acciona-instala-eolica-en-chile\/#primaryimage"},"image":{"@id":"https:\/\/patagoniambiental.com.ar\/info\/acciona-instala-eolica-en-chile\/#primaryimage"},"thumbnailUrl":"https:\/\/patagoniambiental.com.ar\/info\/wp-content\/uploads\/2018\/04\/5712f02c-9875-4664-92ad-c4017ba7e3da.jpg","datePublished":"2018-04-30T22:00:13+00:00","breadcrumb":{"@id":"https:\/\/patagoniambiental.com.ar\/info\/acciona-instala-eolica-en-chile\/#breadcrumb"},"inLanguage":"es","potentialAction":[{"@type":"ReadAction","target":["https:\/\/patagoniambiental.com.ar\/info\/acciona-instala-eolica-en-chile\/"]}]},{"@type":"ImageObject","inLanguage":"es","@id":"https:\/\/patagoniambiental.com.ar\/info\/acciona-instala-eolica-en-chile\/#primaryimage","url":"https:\/\/patagoniambiental.com.ar\/info\/wp-content\/uploads\/2018\/04\/5712f02c-9875-4664-92ad-c4017ba7e3da.jpg","contentUrl":"https:\/\/patagoniambiental.com.ar\/info\/wp-content\/uploads\/2018\/04\/5712f02c-9875-4664-92ad-c4017ba7e3da.jpg","width":200,"height":200},{"@type":"BreadcrumbList","@id":"https:\/\/patagoniambiental.com.ar\/info\/acciona-instala-eolica-en-chile\/#breadcrumb","itemListElement":[{"@type":"ListItem","position":1,"name":"Inicio","item":"https:\/\/patagoniambiental.com.ar\/info\/"},{"@type":"ListItem","position":2,"name":"Acciona instala e\u00f3lica en Chile"}]},{"@type":"WebSite","@id":"https:\/\/patagoniambiental.com.ar\/info\/#website","url":"https:\/\/patagoniambiental.com.ar\/info\/","name":"Patagonia Ambiental","description":"Monitoreo y an\u00e1lisis de la situaci\u00f3n geopol\u00edtica en el mundo y su implicancia en la Patagonia","publisher":{"@id":"https:\/\/patagoniambiental.com.ar\/info\/#organization"},"potentialAction":[{"@type":"SearchAction","target":{"@type":"EntryPoint","urlTemplate":"https:\/\/patagoniambiental.com.ar\/info\/?s={search_term_string}"},"query-input":{"@type":"PropertyValueSpecification","valueRequired":true,"valueName":"search_term_string"}}],"inLanguage":"es"},{"@type":"Organization","@id":"https:\/\/patagoniambiental.com.ar\/info\/#organization","name":"Patagonia Ambiental","url":"https:\/\/patagoniambiental.com.ar\/info\/","logo":{"@type":"ImageObject","inLanguage":"es","@id":"https:\/\/patagoniambiental.com.ar\/info\/#\/schema\/logo\/image\/","url":"https:\/\/patagoniambiental.com.ar\/info\/wp-content\/uploads\/2025\/05\/LOGO-PATAGONIA-AMBIENTAL.png","contentUrl":"https:\/\/patagoniambiental.com.ar\/info\/wp-content\/uploads\/2025\/05\/LOGO-PATAGONIA-AMBIENTAL.png","width":433,"height":250,"caption":"Patagonia Ambiental"},"image":{"@id":"https:\/\/patagoniambiental.com.ar\/info\/#\/schema\/logo\/image\/"},"sameAs":["https:\/\/www.facebook.com\/patagonia.ambiental","https:\/\/x.com\/PatAmb"]},{"@type":"Person","@id":"https:\/\/patagoniambiental.com.ar\/info\/#\/schema\/person\/db12bff64bbcbf6a253710bf0ea37b5d","name":"Patagonia Ambiental","description":"Andr\u00e9s Nievas T\u00e9cnico en manejo ambiental, consultor Ambiental y escritor para medios locales e internacionales sobre temas de geopolitica y medio ambiente.","sameAs":["http:\/\/www.patagoniambiental.com.ar","https:\/\/www.facebook.com\/share\/1C1V8Gv9BX\/?mibextid=qi2Omg","@patagoniambiental","https:\/\/youtube.com\/@patagoniaambiental2023?si=BLt58t0wuXquxlYZ"]}]}},"_links":{"self":[{"href":"https:\/\/patagoniambiental.com.ar\/info\/wp-json\/wp\/v2\/posts\/45521","targetHints":{"allow":["GET"]}}],"collection":[{"href":"https:\/\/patagoniambiental.com.ar\/info\/wp-json\/wp\/v2\/posts"}],"about":[{"href":"https:\/\/patagoniambiental.com.ar\/info\/wp-json\/wp\/v2\/types\/post"}],"author":[{"embeddable":true,"href":"https:\/\/patagoniambiental.com.ar\/info\/wp-json\/wp\/v2\/users\/2"}],"replies":[{"embeddable":true,"href":"https:\/\/patagoniambiental.com.ar\/info\/wp-json\/wp\/v2\/comments?post=45521"}],"version-history":[{"count":0,"href":"https:\/\/patagoniambiental.com.ar\/info\/wp-json\/wp\/v2\/posts\/45521\/revisions"}],"wp:featuredmedia":[{"embeddable":true,"href":"https:\/\/patagoniambiental.com.ar\/info\/wp-json\/wp\/v2\/media\/45522"}],"wp:attachment":[{"href":"https:\/\/patagoniambiental.com.ar\/info\/wp-json\/wp\/v2\/media?parent=45521"}],"wp:term":[{"taxonomy":"category","embeddable":true,"href":"https:\/\/patagoniambiental.com.ar\/info\/wp-json\/wp\/v2\/categories?post=45521"},{"taxonomy":"post_tag","embeddable":true,"href":"https:\/\/patagoniambiental.com.ar\/info\/wp-json\/wp\/v2\/tags?post=45521"}],"curies":[{"name":"wp","href":"https:\/\/api.w.org\/{rel}","templated":true}]}}