{"id":45542,"date":"2018-05-03T19:00:51","date_gmt":"2018-05-03T22:00:51","guid":{"rendered":"http:\/\/patagoniambiental.com.ar\/info\/?p=45542"},"modified":"2018-05-02T11:34:18","modified_gmt":"2018-05-02T14:34:18","slug":"los-impresionantes-arrecifes-de-coral-que-resisten-al-cambio-climatico","status":"publish","type":"post","link":"https:\/\/patagoniambiental.com.ar\/info\/los-impresionantes-arrecifes-de-coral-que-resisten-al-cambio-climatico\/","title":{"rendered":"Los impresionantes arrecifes de coral que resisten al cambio clim\u00e1tico"},"content":{"rendered":"<div class=\"td-pb-row\">\n<div class=\"td-pb-span12\">\n<div class=\"td-post-header\">\n<header class=\"td-post-title\">\n<p class=\"td-post-sub-title\">En el mar Rojo existe una gran extensi\u00f3n de arrecifes de coral que tienen la excepcional capacidad de resistir temperaturas del agua muy altas.<\/p>\n<p><!--more--><\/p>\n<div class=\"td-module-meta-info\">\n<div class=\"td-post-author-name\">\n<div class=\"td-author-by\">Por<\/div>\n<p><a href=\"https:\/\/www.cinconoticias.com\/author\/julia\/\">Julia Cotino<\/a><\/p>\n<\/div>\n<\/div>\n<\/header>\n<\/div>\n<\/div>\n<\/div>\n<div class=\"td-pb-row\">\n<div class=\"td-pb-span8 td-main-content\" role=\"main\">\n<div class=\"td-ss-main-content\">\n<div class=\"td-post-sharing-top\">\n<div id=\"td_uid_2_5ae7406fa2679\" class=\"td-post-sharing td-ps-bg td-ps-notext td-ps-rounded td-post-sharing-style3 \">\n<div class=\"td-post-sharing-visible\">\n<div class=\"td-social-but-icon\"><\/div>\n<\/div>\n<\/div>\n<\/div>\n<div class=\"td-post-content\">\n<div class=\"td-post-featured-image\">\n<figure><img fetchpriority=\"high\" decoding=\"async\" class=\"entry-thumb td-animation-stack-type0-2\" title=\"arrecifes-de-coral\" src=\"https:\/\/www.cinconoticias.com\/wp-content\/uploads\/arrecifes-de-coral-696x392.jpg\" sizes=\"(max-width: 696px) 100vw, 696px\" srcset=\"https:\/\/www.cinconoticias.com\/wp-content\/uploads\/arrecifes-de-coral.jpg 696w, https:\/\/www.cinconoticias.com\/wp-content\/uploads\/arrecifes-de-coral-300x169.jpg 300w, https:\/\/www.cinconoticias.com\/wp-content\/uploads\/arrecifes-de-coral-600x338.jpg 600w\" alt=\"Los impresionantes arrecifes de coral que resisten al cambio clim\u00e1tico.\" width=\"696\" height=\"392\" \/><figcaption class=\"wp-caption-text\">El Pa\u00eds<\/figcaption><\/figure>\n<\/div>\n<p>Cada vez se leen m\u00e1s noticias relacionadas con arrecifes de coral que se est\u00e1n extinguiendo debido al aumento de las temperaturas del agua. Sin embargo, en el mar Rojo existe una gran regi\u00f3n de arrecifes que resisten temperaturas superiores a las de la actualidad, como ha informado\u00a0<em>El Pa\u00eds<\/em>.<\/p>\n<p>Si en el futuro desaparecen los corales de otros lugares,\u00a0<strong>el norte del mar Rojo podr\u00eda servir de refugio a las comunidades y especies de arrecifes<\/strong>\u00a0para que consigan sobrevivir.<\/p>\n<p>Seg\u00fan Eslam Osman, bi\u00f3logo marino de la Universidad de Essex, el tama\u00f1o de este refugio es lo m\u00e1s importante. Se trata de un sistema de arrecifes de gran diversidad, con una extensi\u00f3n de 2.000 kil\u00f3metros y muchas especies end\u00e9micas. Los seres humanos deber\u00edan aprender lecciones importantes con este sistema de arrecifes, para que puedan colaborar en la protecci\u00f3n de otros.<\/p>\n<p>Osman y su equipo realizaron un trabajo de investigaci\u00f3n que se public\u00f3 en\u00a0<a href=\"https:\/\/onlinelibrary.wiley.com\/doi\/full\/10.1111\/gcb.13895\" target=\"_blank\" rel=\"noopener\"><em>Global Change Biology<\/em><\/a>. All\u00ed comparan datos relacionados con la decoloraci\u00f3n de los corales en el mar Rojo,\u00a0<strong>un proceso en el que expulsan las algas que viven en su interior. Luego se vuelven blancos y finalmente mueren,<\/strong>\u00a0en la mayor\u00eda de los casos.<\/p>\n<p>Seg\u00fan los investigadores, en el mar Rojo septentrional no se registr\u00f3 decoloraci\u00f3n masiva a pesar de los prolongados per\u00edodos de calentamiento. Del mismo modo ocurri\u00f3 con el fen\u00f3meno de El Ni\u00f1o en 2015-2016, cuando el calentamiento extremo tampoco afect\u00f3 a los arrecifes de coral.<\/p>\n<p><strong>Las pruebas de laboratorio demuestran la resistencia de los corales septentrionales, que podr\u00eda estar relacionada con su evoluci\u00f3n<\/strong>. Es probable que a trav\u00e9s de los a\u00f1os se hayan adaptado al calor y tambi\u00e9n a patrones de viento y flujos de agua que ayudan a contrarrestar los da\u00f1inos efectos del calentamiento.<\/p>\n<p>Teniendo en cuenta los actuales escenarios clim\u00e1ticos, seg\u00fan Osman, los arrecifes del mar rojo ser\u00edan los \u00faltimos en decolorarse. Ellos tendr\u00e1n la capacidad de conservar la vida mientras otros desaparecen.<\/p>\n<p>Sin embargo, aunque tengan la capacidad de soportar temperaturas m\u00e1s elevadas,\u00a0<strong>actividades como la pesca provocar\u00e1n desequilibrios ecol\u00f3gicos y la destrucci\u00f3n de su h\u00e1bitat natural<\/strong>.<\/p>\n<p>Aunque el norte del mar Rojo demuestra una tolerancia impresionante, la protecci\u00f3n y la conservaci\u00f3n de los arrecifes de coral son estrictamente necesarias.<\/p>\n<p>Fuente:\u00a0https:\/\/www.cinconoticias.com\/los-impresionantes-arrecifes-de-coral-que-resisten-al-cambio-climatico\/<\/p>\n<\/div>\n<\/div>\n<\/div>\n<\/div>\n","protected":false},"excerpt":{"rendered":"<p>En el mar Rojo existe una gran extensi\u00f3n de arrecifes de coral que tienen la excepcional capacidad de resistir temperaturas [&hellip;]<\/p>\n","protected":false},"author":2,"featured_media":45543,"comment_status":"open","ping_status":"open","sticky":false,"template":"","format":"standard","meta":{"site-sidebar-layout":"default","site-content-layout":"","ast-site-content-layout":"default","site-content-style":"default","site-sidebar-style":"default","ast-global-header-display":"","ast-banner-title-visibility":"","ast-main-header-display":"","ast-hfb-above-header-display":"","ast-hfb-below-header-display":"","ast-hfb-mobile-header-display":"","site-post-title":"","ast-breadcrumbs-content":"","ast-featured-img":"","footer-sml-layout":"","ast-disable-related-posts":"","theme-transparent-header-meta":"","adv-header-id-meta":"","stick-header-meta":"","header-above-stick-meta":"","header-main-stick-meta":"","header-below-stick-meta":"","astra-migrate-meta-layouts":"default","ast-page-background-enabled":"default","ast-page-background-meta":{"desktop":{"background-color":"var(--ast-global-color-5)","background-image":"","background-repeat":"repeat","background-position":"center center","background-size":"auto","background-attachment":"scroll","background-type":"","background-media":"","overlay-type":"","overlay-color":"","overlay-opacity":"","overlay-gradient":""},"tablet":{"background-color":"","background-image":"","background-repeat":"repeat","background-position":"center center","background-size":"auto","background-attachment":"scroll","background-type":"","background-media":"","overlay-type":"","overlay-color":"","overlay-opacity":"","overlay-gradient":""},"mobile":{"background-color":"","background-image":"","background-repeat":"repeat","background-position":"center center","background-size":"auto","background-attachment":"scroll","background-type":"","background-media":"","overlay-type":"","overlay-color":"","overlay-opacity":"","overlay-gradient":""}},"ast-content-background-meta":{"desktop":{"background-color":"var(--ast-global-color-4)","background-image":"","background-repeat":"repeat","background-position":"center center","background-size":"auto","background-attachment":"scroll","background-type":"","background-media":"","overlay-type":"","overlay-color":"","overlay-opacity":"","overlay-gradient":""},"tablet":{"background-color":"var(--ast-global-color-4)","background-image":"","background-repeat":"repeat","background-position":"center center","background-size":"auto","background-attachment":"scroll","background-type":"","background-media":"","overlay-type":"","overlay-color":"","overlay-opacity":"","overlay-gradient":""},"mobile":{"background-color":"var(--ast-global-color-4)","background-image":"","background-repeat":"repeat","background-position":"center center","background-size":"auto","background-attachment":"scroll","background-type":"","background-media":"","overlay-type":"","overlay-color":"","overlay-opacity":"","overlay-gradient":""}},"footnotes":""},"categories":[23,1],"tags":[],"class_list":["post-45542","post","type-post","status-publish","format-standard","has-post-thumbnail","hentry","category-internacionales","category-noticias"],"yoast_head":"<!-- This site is optimized with the Yoast SEO Premium plugin v23.0 (Yoast SEO v27.4) - https:\/\/yoast.com\/product\/yoast-seo-premium-wordpress\/ -->\n<title>Los impresionantes arrecifes de coral que resisten al cambio clim\u00e1tico<\/title>\n<meta name=\"robots\" content=\"index, follow, max-snippet:-1, max-image-preview:large, max-video-preview:-1\" \/>\n<link rel=\"canonical\" href=\"https:\/\/patagoniambiental.com.ar\/info\/los-impresionantes-arrecifes-de-coral-que-resisten-al-cambio-climatico\/\" \/>\n<meta property=\"og:locale\" content=\"es_ES\" \/>\n<meta property=\"og:type\" content=\"article\" \/>\n<meta property=\"og:title\" content=\"Los impresionantes arrecifes de coral que resisten al cambio clim\u00e1tico\" \/>\n<meta property=\"og:description\" content=\"En el mar Rojo existe una gran extensi\u00f3n de arrecifes de coral que tienen la excepcional capacidad de resistir temperaturas [&hellip;]\" \/>\n<meta property=\"og:url\" content=\"https:\/\/patagoniambiental.com.ar\/info\/los-impresionantes-arrecifes-de-coral-que-resisten-al-cambio-climatico\/\" \/>\n<meta property=\"og:site_name\" content=\"Patagonia Ambiental\" \/>\n<meta property=\"article:publisher\" content=\"https:\/\/www.facebook.com\/patagonia.ambiental\" \/>\n<meta property=\"article:author\" content=\"https:\/\/www.facebook.com\/share\/1C1V8Gv9BX\/?mibextid=qi2Omg\" \/>\n<meta property=\"article:published_time\" content=\"2018-05-03T22:00:51+00:00\" \/>\n<meta property=\"og:image\" content=\"https:\/\/patagoniambiental.com.ar\/info\/wp-content\/uploads\/2018\/04\/arrecifes-de-coral.jpg\" \/>\n\t<meta property=\"og:image:width\" content=\"696\" \/>\n\t<meta property=\"og:image:height\" content=\"392\" \/>\n\t<meta property=\"og:image:type\" content=\"image\/jpeg\" \/>\n<meta name=\"author\" content=\"Patagonia Ambiental\" \/>\n<meta name=\"twitter:card\" content=\"summary_large_image\" \/>\n<meta name=\"twitter:creator\" content=\"@PatAmb\" \/>\n<meta name=\"twitter:site\" content=\"@PatAmb\" \/>\n<script type=\"application\/ld+json\" class=\"yoast-schema-graph\">{\"@context\":\"https:\\\/\\\/schema.org\",\"@graph\":[{\"@type\":\"Article\",\"@id\":\"https:\\\/\\\/patagoniambiental.com.ar\\\/info\\\/los-impresionantes-arrecifes-de-coral-que-resisten-al-cambio-climatico\\\/#article\",\"isPartOf\":{\"@id\":\"https:\\\/\\\/patagoniambiental.com.ar\\\/info\\\/los-impresionantes-arrecifes-de-coral-que-resisten-al-cambio-climatico\\\/\"},\"author\":{\"name\":\"Patagonia Ambiental\",\"@id\":\"https:\\\/\\\/patagoniambiental.com.ar\\\/info\\\/#\\\/schema\\\/person\\\/db12bff64bbcbf6a253710bf0ea37b5d\"},\"headline\":\"Los impresionantes arrecifes de coral que resisten al cambio clim\u00e1tico\",\"datePublished\":\"2018-05-03T22:00:51+00:00\",\"mainEntityOfPage\":{\"@id\":\"https:\\\/\\\/patagoniambiental.com.ar\\\/info\\\/los-impresionantes-arrecifes-de-coral-que-resisten-al-cambio-climatico\\\/\"},\"wordCount\":453,\"commentCount\":0,\"publisher\":{\"@id\":\"https:\\\/\\\/patagoniambiental.com.ar\\\/info\\\/#organization\"},\"image\":{\"@id\":\"https:\\\/\\\/patagoniambiental.com.ar\\\/info\\\/los-impresionantes-arrecifes-de-coral-que-resisten-al-cambio-climatico\\\/#primaryimage\"},\"thumbnailUrl\":\"https:\\\/\\\/patagoniambiental.com.ar\\\/info\\\/wp-content\\\/uploads\\\/2018\\\/04\\\/arrecifes-de-coral.jpg\",\"articleSection\":[\"Internacionales\",\"Noticias\"],\"inLanguage\":\"es\",\"potentialAction\":[{\"@type\":\"CommentAction\",\"name\":\"Comment\",\"target\":[\"https:\\\/\\\/patagoniambiental.com.ar\\\/info\\\/los-impresionantes-arrecifes-de-coral-que-resisten-al-cambio-climatico\\\/#respond\"]}]},{\"@type\":\"WebPage\",\"@id\":\"https:\\\/\\\/patagoniambiental.com.ar\\\/info\\\/los-impresionantes-arrecifes-de-coral-que-resisten-al-cambio-climatico\\\/\",\"url\":\"https:\\\/\\\/patagoniambiental.com.ar\\\/info\\\/los-impresionantes-arrecifes-de-coral-que-resisten-al-cambio-climatico\\\/\",\"name\":\"Los impresionantes arrecifes de coral que resisten al cambio clim\u00e1tico\",\"isPartOf\":{\"@id\":\"https:\\\/\\\/patagoniambiental.com.ar\\\/info\\\/#website\"},\"primaryImageOfPage\":{\"@id\":\"https:\\\/\\\/patagoniambiental.com.ar\\\/info\\\/los-impresionantes-arrecifes-de-coral-que-resisten-al-cambio-climatico\\\/#primaryimage\"},\"image\":{\"@id\":\"https:\\\/\\\/patagoniambiental.com.ar\\\/info\\\/los-impresionantes-arrecifes-de-coral-que-resisten-al-cambio-climatico\\\/#primaryimage\"},\"thumbnailUrl\":\"https:\\\/\\\/patagoniambiental.com.ar\\\/info\\\/wp-content\\\/uploads\\\/2018\\\/04\\\/arrecifes-de-coral.jpg\",\"datePublished\":\"2018-05-03T22:00:51+00:00\",\"breadcrumb\":{\"@id\":\"https:\\\/\\\/patagoniambiental.com.ar\\\/info\\\/los-impresionantes-arrecifes-de-coral-que-resisten-al-cambio-climatico\\\/#breadcrumb\"},\"inLanguage\":\"es\",\"potentialAction\":[{\"@type\":\"ReadAction\",\"target\":[\"https:\\\/\\\/patagoniambiental.com.ar\\\/info\\\/los-impresionantes-arrecifes-de-coral-que-resisten-al-cambio-climatico\\\/\"]}]},{\"@type\":\"ImageObject\",\"inLanguage\":\"es\",\"@id\":\"https:\\\/\\\/patagoniambiental.com.ar\\\/info\\\/los-impresionantes-arrecifes-de-coral-que-resisten-al-cambio-climatico\\\/#primaryimage\",\"url\":\"https:\\\/\\\/patagoniambiental.com.ar\\\/info\\\/wp-content\\\/uploads\\\/2018\\\/04\\\/arrecifes-de-coral.jpg\",\"contentUrl\":\"https:\\\/\\\/patagoniambiental.com.ar\\\/info\\\/wp-content\\\/uploads\\\/2018\\\/04\\\/arrecifes-de-coral.jpg\",\"width\":696,\"height\":392},{\"@type\":\"BreadcrumbList\",\"@id\":\"https:\\\/\\\/patagoniambiental.com.ar\\\/info\\\/los-impresionantes-arrecifes-de-coral-que-resisten-al-cambio-climatico\\\/#breadcrumb\",\"itemListElement\":[{\"@type\":\"ListItem\",\"position\":1,\"name\":\"Inicio\",\"item\":\"https:\\\/\\\/patagoniambiental.com.ar\\\/info\\\/\"},{\"@type\":\"ListItem\",\"position\":2,\"name\":\"Los impresionantes arrecifes de coral que resisten al cambio clim\u00e1tico\"}]},{\"@type\":\"WebSite\",\"@id\":\"https:\\\/\\\/patagoniambiental.com.ar\\\/info\\\/#website\",\"url\":\"https:\\\/\\\/patagoniambiental.com.ar\\\/info\\\/\",\"name\":\"Patagonia Ambiental\",\"description\":\"Monitoreo y an\u00e1lisis de la situaci\u00f3n geopol\u00edtica en el mundo y su implicancia en la Patagonia\",\"publisher\":{\"@id\":\"https:\\\/\\\/patagoniambiental.com.ar\\\/info\\\/#organization\"},\"potentialAction\":[{\"@type\":\"SearchAction\",\"target\":{\"@type\":\"EntryPoint\",\"urlTemplate\":\"https:\\\/\\\/patagoniambiental.com.ar\\\/info\\\/?s={search_term_string}\"},\"query-input\":{\"@type\":\"PropertyValueSpecification\",\"valueRequired\":true,\"valueName\":\"search_term_string\"}}],\"inLanguage\":\"es\"},{\"@type\":\"Organization\",\"@id\":\"https:\\\/\\\/patagoniambiental.com.ar\\\/info\\\/#organization\",\"name\":\"Patagonia Ambiental\",\"url\":\"https:\\\/\\\/patagoniambiental.com.ar\\\/info\\\/\",\"logo\":{\"@type\":\"ImageObject\",\"inLanguage\":\"es\",\"@id\":\"https:\\\/\\\/patagoniambiental.com.ar\\\/info\\\/#\\\/schema\\\/logo\\\/image\\\/\",\"url\":\"https:\\\/\\\/patagoniambiental.com.ar\\\/info\\\/wp-content\\\/uploads\\\/2025\\\/05\\\/LOGO-PATAGONIA-AMBIENTAL.png\",\"contentUrl\":\"https:\\\/\\\/patagoniambiental.com.ar\\\/info\\\/wp-content\\\/uploads\\\/2025\\\/05\\\/LOGO-PATAGONIA-AMBIENTAL.png\",\"width\":433,\"height\":250,\"caption\":\"Patagonia Ambiental\"},\"image\":{\"@id\":\"https:\\\/\\\/patagoniambiental.com.ar\\\/info\\\/#\\\/schema\\\/logo\\\/image\\\/\"},\"sameAs\":[\"https:\\\/\\\/www.facebook.com\\\/patagonia.ambiental\",\"https:\\\/\\\/x.com\\\/PatAmb\"]},{\"@type\":\"Person\",\"@id\":\"https:\\\/\\\/patagoniambiental.com.ar\\\/info\\\/#\\\/schema\\\/person\\\/db12bff64bbcbf6a253710bf0ea37b5d\",\"name\":\"Patagonia Ambiental\",\"description\":\"Andr\u00e9s Nievas T\u00e9cnico en manejo ambiental, consultor Ambiental y escritor para medios locales e internacionales sobre temas de geopolitica y medio ambiente.\",\"sameAs\":[\"http:\\\/\\\/www.patagoniambiental.com.ar\",\"https:\\\/\\\/www.facebook.com\\\/share\\\/1C1V8Gv9BX\\\/?mibextid=qi2Omg\",\"@patagoniambiental\",\"https:\\\/\\\/youtube.com\\\/@patagoniaambiental2023?si=BLt58t0wuXquxlYZ\"]}]}<\/script>\n<!-- \/ Yoast SEO Premium plugin. -->","yoast_head_json":{"title":"Los impresionantes arrecifes de coral que resisten al cambio clim\u00e1tico","robots":{"index":"index","follow":"follow","max-snippet":"max-snippet:-1","max-image-preview":"max-image-preview:large","max-video-preview":"max-video-preview:-1"},"canonical":"https:\/\/patagoniambiental.com.ar\/info\/los-impresionantes-arrecifes-de-coral-que-resisten-al-cambio-climatico\/","og_locale":"es_ES","og_type":"article","og_title":"Los impresionantes arrecifes de coral que resisten al cambio clim\u00e1tico","og_description":"En el mar Rojo existe una gran extensi\u00f3n de arrecifes de coral que tienen la excepcional capacidad de resistir temperaturas [&hellip;]","og_url":"https:\/\/patagoniambiental.com.ar\/info\/los-impresionantes-arrecifes-de-coral-que-resisten-al-cambio-climatico\/","og_site_name":"Patagonia Ambiental","article_publisher":"https:\/\/www.facebook.com\/patagonia.ambiental","article_author":"https:\/\/www.facebook.com\/share\/1C1V8Gv9BX\/?mibextid=qi2Omg","article_published_time":"2018-05-03T22:00:51+00:00","og_image":[{"width":696,"height":392,"url":"https:\/\/patagoniambiental.com.ar\/info\/wp-content\/uploads\/2018\/04\/arrecifes-de-coral.jpg","type":"image\/jpeg"}],"author":"Patagonia Ambiental","twitter_card":"summary_large_image","twitter_creator":"@PatAmb","twitter_site":"@PatAmb","schema":{"@context":"https:\/\/schema.org","@graph":[{"@type":"Article","@id":"https:\/\/patagoniambiental.com.ar\/info\/los-impresionantes-arrecifes-de-coral-que-resisten-al-cambio-climatico\/#article","isPartOf":{"@id":"https:\/\/patagoniambiental.com.ar\/info\/los-impresionantes-arrecifes-de-coral-que-resisten-al-cambio-climatico\/"},"author":{"name":"Patagonia Ambiental","@id":"https:\/\/patagoniambiental.com.ar\/info\/#\/schema\/person\/db12bff64bbcbf6a253710bf0ea37b5d"},"headline":"Los impresionantes arrecifes de coral que resisten al cambio clim\u00e1tico","datePublished":"2018-05-03T22:00:51+00:00","mainEntityOfPage":{"@id":"https:\/\/patagoniambiental.com.ar\/info\/los-impresionantes-arrecifes-de-coral-que-resisten-al-cambio-climatico\/"},"wordCount":453,"commentCount":0,"publisher":{"@id":"https:\/\/patagoniambiental.com.ar\/info\/#organization"},"image":{"@id":"https:\/\/patagoniambiental.com.ar\/info\/los-impresionantes-arrecifes-de-coral-que-resisten-al-cambio-climatico\/#primaryimage"},"thumbnailUrl":"https:\/\/patagoniambiental.com.ar\/info\/wp-content\/uploads\/2018\/04\/arrecifes-de-coral.jpg","articleSection":["Internacionales","Noticias"],"inLanguage":"es","potentialAction":[{"@type":"CommentAction","name":"Comment","target":["https:\/\/patagoniambiental.com.ar\/info\/los-impresionantes-arrecifes-de-coral-que-resisten-al-cambio-climatico\/#respond"]}]},{"@type":"WebPage","@id":"https:\/\/patagoniambiental.com.ar\/info\/los-impresionantes-arrecifes-de-coral-que-resisten-al-cambio-climatico\/","url":"https:\/\/patagoniambiental.com.ar\/info\/los-impresionantes-arrecifes-de-coral-que-resisten-al-cambio-climatico\/","name":"Los impresionantes arrecifes de coral que resisten al cambio clim\u00e1tico","isPartOf":{"@id":"https:\/\/patagoniambiental.com.ar\/info\/#website"},"primaryImageOfPage":{"@id":"https:\/\/patagoniambiental.com.ar\/info\/los-impresionantes-arrecifes-de-coral-que-resisten-al-cambio-climatico\/#primaryimage"},"image":{"@id":"https:\/\/patagoniambiental.com.ar\/info\/los-impresionantes-arrecifes-de-coral-que-resisten-al-cambio-climatico\/#primaryimage"},"thumbnailUrl":"https:\/\/patagoniambiental.com.ar\/info\/wp-content\/uploads\/2018\/04\/arrecifes-de-coral.jpg","datePublished":"2018-05-03T22:00:51+00:00","breadcrumb":{"@id":"https:\/\/patagoniambiental.com.ar\/info\/los-impresionantes-arrecifes-de-coral-que-resisten-al-cambio-climatico\/#breadcrumb"},"inLanguage":"es","potentialAction":[{"@type":"ReadAction","target":["https:\/\/patagoniambiental.com.ar\/info\/los-impresionantes-arrecifes-de-coral-que-resisten-al-cambio-climatico\/"]}]},{"@type":"ImageObject","inLanguage":"es","@id":"https:\/\/patagoniambiental.com.ar\/info\/los-impresionantes-arrecifes-de-coral-que-resisten-al-cambio-climatico\/#primaryimage","url":"https:\/\/patagoniambiental.com.ar\/info\/wp-content\/uploads\/2018\/04\/arrecifes-de-coral.jpg","contentUrl":"https:\/\/patagoniambiental.com.ar\/info\/wp-content\/uploads\/2018\/04\/arrecifes-de-coral.jpg","width":696,"height":392},{"@type":"BreadcrumbList","@id":"https:\/\/patagoniambiental.com.ar\/info\/los-impresionantes-arrecifes-de-coral-que-resisten-al-cambio-climatico\/#breadcrumb","itemListElement":[{"@type":"ListItem","position":1,"name":"Inicio","item":"https:\/\/patagoniambiental.com.ar\/info\/"},{"@type":"ListItem","position":2,"name":"Los impresionantes arrecifes de coral que resisten al cambio clim\u00e1tico"}]},{"@type":"WebSite","@id":"https:\/\/patagoniambiental.com.ar\/info\/#website","url":"https:\/\/patagoniambiental.com.ar\/info\/","name":"Patagonia Ambiental","description":"Monitoreo y an\u00e1lisis de la situaci\u00f3n geopol\u00edtica en el mundo y su implicancia en la Patagonia","publisher":{"@id":"https:\/\/patagoniambiental.com.ar\/info\/#organization"},"potentialAction":[{"@type":"SearchAction","target":{"@type":"EntryPoint","urlTemplate":"https:\/\/patagoniambiental.com.ar\/info\/?s={search_term_string}"},"query-input":{"@type":"PropertyValueSpecification","valueRequired":true,"valueName":"search_term_string"}}],"inLanguage":"es"},{"@type":"Organization","@id":"https:\/\/patagoniambiental.com.ar\/info\/#organization","name":"Patagonia Ambiental","url":"https:\/\/patagoniambiental.com.ar\/info\/","logo":{"@type":"ImageObject","inLanguage":"es","@id":"https:\/\/patagoniambiental.com.ar\/info\/#\/schema\/logo\/image\/","url":"https:\/\/patagoniambiental.com.ar\/info\/wp-content\/uploads\/2025\/05\/LOGO-PATAGONIA-AMBIENTAL.png","contentUrl":"https:\/\/patagoniambiental.com.ar\/info\/wp-content\/uploads\/2025\/05\/LOGO-PATAGONIA-AMBIENTAL.png","width":433,"height":250,"caption":"Patagonia Ambiental"},"image":{"@id":"https:\/\/patagoniambiental.com.ar\/info\/#\/schema\/logo\/image\/"},"sameAs":["https:\/\/www.facebook.com\/patagonia.ambiental","https:\/\/x.com\/PatAmb"]},{"@type":"Person","@id":"https:\/\/patagoniambiental.com.ar\/info\/#\/schema\/person\/db12bff64bbcbf6a253710bf0ea37b5d","name":"Patagonia Ambiental","description":"Andr\u00e9s Nievas T\u00e9cnico en manejo ambiental, consultor Ambiental y escritor para medios locales e internacionales sobre temas de geopolitica y medio ambiente.","sameAs":["http:\/\/www.patagoniambiental.com.ar","https:\/\/www.facebook.com\/share\/1C1V8Gv9BX\/?mibextid=qi2Omg","@patagoniambiental","https:\/\/youtube.com\/@patagoniaambiental2023?si=BLt58t0wuXquxlYZ"]}]}},"_links":{"self":[{"href":"https:\/\/patagoniambiental.com.ar\/info\/wp-json\/wp\/v2\/posts\/45542","targetHints":{"allow":["GET"]}}],"collection":[{"href":"https:\/\/patagoniambiental.com.ar\/info\/wp-json\/wp\/v2\/posts"}],"about":[{"href":"https:\/\/patagoniambiental.com.ar\/info\/wp-json\/wp\/v2\/types\/post"}],"author":[{"embeddable":true,"href":"https:\/\/patagoniambiental.com.ar\/info\/wp-json\/wp\/v2\/users\/2"}],"replies":[{"embeddable":true,"href":"https:\/\/patagoniambiental.com.ar\/info\/wp-json\/wp\/v2\/comments?post=45542"}],"version-history":[{"count":0,"href":"https:\/\/patagoniambiental.com.ar\/info\/wp-json\/wp\/v2\/posts\/45542\/revisions"}],"wp:featuredmedia":[{"embeddable":true,"href":"https:\/\/patagoniambiental.com.ar\/info\/wp-json\/wp\/v2\/media\/45543"}],"wp:attachment":[{"href":"https:\/\/patagoniambiental.com.ar\/info\/wp-json\/wp\/v2\/media?parent=45542"}],"wp:term":[{"taxonomy":"category","embeddable":true,"href":"https:\/\/patagoniambiental.com.ar\/info\/wp-json\/wp\/v2\/categories?post=45542"},{"taxonomy":"post_tag","embeddable":true,"href":"https:\/\/patagoniambiental.com.ar\/info\/wp-json\/wp\/v2\/tags?post=45542"}],"curies":[{"name":"wp","href":"https:\/\/api.w.org\/{rel}","templated":true}]}}