{"id":45635,"date":"2018-05-03T09:00:15","date_gmt":"2018-05-03T12:00:15","guid":{"rendered":"http:\/\/patagoniambiental.com.ar\/info\/?p=45635"},"modified":"2018-05-02T19:27:38","modified_gmt":"2018-05-02T22:27:38","slug":"nueve-de-cada-diez-personas-respiran-aire-contaminado","status":"publish","type":"post","link":"https:\/\/patagoniambiental.com.ar\/info\/nueve-de-cada-diez-personas-respiran-aire-contaminado\/","title":{"rendered":"Nueve de cada diez personas respiran aire contaminado"},"content":{"rendered":"<p><span id=\"ContentPlaceHolder1_lbl_Copete\">Nueve de cada diez personas respiran aire que contiene \u00abaltos niveles de contaminantes\u00bb, afirm\u00f3 la Organizaci\u00f3n Mundial de la Salud (OMS) luego de advertir en su \u00faltimo informe que \u00absiete millones de individuos mueren al a\u00f1o por poluci\u00f3n del aire ambiente y del hogar\u00bb.<\/span><\/p>\n<p>\u00abLa contaminaci\u00f3n del aire nos amenaza a todos, pero las personas m\u00e1s pobres y marginadas llevan la peor parte\u00bb, dijo el director general de la OMS, el sanitarista egipcio Tedros Adhanom Ghebreyesus.<\/p>\n<p>El especialista opin\u00f3 que \u00abes inaceptable que m\u00e1s de 3.000 millones de personas, la mayor\u00eda mujeres y ni\u00f1os, todav\u00eda respiren humo mortal cada d\u00eda por usar estufas y combustibles contaminantes en sus hogares\u00bb.<\/p>\n<p>\u00abSi no tomamos medidas urgentes nunca llegaremos a lograr un desarrollo sostenible\u00bb, advirti\u00f3<\/p>\n<p>La OMS public\u00f3 en su informe que alrededor de siete millones de personas mueren cada a\u00f1o por \u00abexposici\u00f3n a part\u00edculas finas en aire contaminado\u00bb, que \u00abpenetra profundamente en los pulmones y el sistema cardiovascular causando enfermedades card\u00edacas, accidentes cerebrovasculares, c\u00e1ncer de pulm\u00f3n y problemas respiratorios\u00bb.<\/p>\n<p>\u00abLa contaminaci\u00f3n atmosf\u00e9rica caus\u00f3 alrededor de 4,2 millones de muertes en 2016, mientras que la contaminaci\u00f3n del aire en los hogares caus\u00f3 un estimado de 3,8 millones de muertes en el mismo per\u00edodo\u00bb, precisaron.<\/p>\n<p>El organismo sanitario de las Naciones Unidas afirm\u00f3 adem\u00e1s que m\u00e1s del 90% de las muertes relacionadas con la contaminaci\u00f3n del aire ocurren en pa\u00edses de ingresos bajos y medios, principalmente en Asia y \u00c1frica.<\/p>\n<p>En un segundo escal\u00f3n aparecen los pa\u00edses de ingresos bajos y medianos de la regi\u00f3n del Mediterr\u00e1neo Oriental, Europa y Am\u00e9rica.<\/p>\n<p>\u00abEn los \u00faltimos seis a\u00f1os los niveles de contaminaci\u00f3n del aire ambiente permanecieron altos y estables, con concentraciones decrecientes en algunas partes de Europa y Am\u00e9rica\u00bb, detall\u00f3.<\/p>\n<p>Asimismo, el informe se\u00f1ala que en ciudades de pa\u00edses de altos ingresos en Europa, la contaminaci\u00f3n del aire disminuy\u00f3 la expectativa de vida promedio entre 2 y 24 meses.<\/p>\n<p>\u00abLa buena noticia es que estamos viendo m\u00e1s y m\u00e1s gobiernos incrementando los compromisos para monitorear y reducir la contaminaci\u00f3n del aire, as\u00ed como una mayor acci\u00f3n global del sector salud y otros como transporte, vivienda y energ\u00eda\u00bb, asegur\u00f3 el director general de la OMS.<\/p>\n<p>La OMS anunci\u00f3 que el pr\u00f3ximo 30 de octubre se llevar\u00e1 a cabo la primera conferencia global sobre contaminaci\u00f3n del aire y salud, que busca \u00abunir a gobiernos y socios para mejorar la calidad del aire y combatir el cambio clim\u00e1tico\u00bb.<\/p>\n<p>Reconoci\u00f3 tambi\u00e9n que la poluci\u00f3n es \u00abun factor de riesgo cr\u00edtico\u00bb para las enfermedades no transmisibles, que causan un cuarto (24%) de todas las muertes de adultos por patolog\u00edas del coraz\u00f3n, 25% por apoplej\u00eda, 43% por enfermedad pulmonar obstructiva cr\u00f3nica (EPOC) y 29% por c\u00e1ncer de pulm\u00f3n.<\/p>\n<p>\u00abMuchas de las megaciudades del mundo superan los niveles de referencia de la OMS para la calidad del aire en m\u00e1s de cinco veces, lo que representa un riesgo importante\u00bb, asegur\u00f3 a su vez Mar\u00eda Neira, directora del Departamento de Salud P\u00fablica, Determinantes Sociales y Ambientales de la Salud del organismo multilateral.<\/p>\n<p>En cuanto al compromiso de los pa\u00edses para mejorar la situaci\u00f3n, destac\u00f3 el caso de India, donde en \u00abs\u00f3lo dos a\u00f1os se proporcion\u00f3 a 37 millones de mujeres que viven por debajo del umbral de pobreza una ayuda para que usen energ\u00eda limpia en sus hogares\u00bb.<\/p>\n<p>Asimismo, la Ciudad de M\u00e9xico \u00abse comprometi\u00f3 a implementar normas m\u00e1s limpias para los veh\u00edculos, incluido el traslado a los autobuses sin holl\u00edn y la prohibici\u00f3n de los autom\u00f3viles diesel\u00bb, detall\u00f3.<\/p>\n<p>Las principales fuentes de contaminaci\u00f3n del aire por part\u00edculas son \u00abel uso ineficiente de energ\u00eda de los hogares, la industria, los sectores de agricultura y transporte, as\u00ed como las centrales el\u00e9ctricas de carb\u00f3n\u00bb.<\/p>\n<p>En algunas regiones la quema de desechos y la deforestaci\u00f3n son fuentes adicionales de contaminaci\u00f3n del aire, cuya calidad tambi\u00e9n puede verse influenciada por \u00abelementos geogr\u00e1ficos, meteorol\u00f3gicos y factores estacionales\u00bb, explic\u00f3 la OMS.<\/p>\n<div class=\"hidden-xs\">\n<div id=\"ContentPlaceHolder1_banners_1xfila_pnl_vertical\">\n<div class=\"mb10 text-center\">\n<div id=\"ContentPlaceHolder1_banners_1xfila_RP_Banners_vertical_pnl_HTML_0\">\u00a0Fuente:\u00a0http:\/\/www.diariojornada.com.ar\/211196\/ciencia\/nueve_de_cada_diez_personas_respiran_aire_contaminado\/<\/div>\n<\/div>\n<\/div>\n<\/div>\n","protected":false},"excerpt":{"rendered":"<p>Nueve de cada diez personas respiran aire que contiene \u00abaltos niveles de contaminantes\u00bb, afirm\u00f3 la Organizaci\u00f3n Mundial de la Salud [&hellip;]<\/p>\n","protected":false},"author":2,"featured_media":45636,"comment_status":"open","ping_status":"open","sticky":false,"template":"","format":"standard","meta":{"site-sidebar-layout":"default","site-content-layout":"","ast-site-content-layout":"default","site-content-style":"default","site-sidebar-style":"default","ast-global-header-display":"","ast-banner-title-visibility":"","ast-main-header-display":"","ast-hfb-above-header-display":"","ast-hfb-below-header-display":"","ast-hfb-mobile-header-display":"","site-post-title":"","ast-breadcrumbs-content":"","ast-featured-img":"","footer-sml-layout":"","ast-disable-related-posts":"","theme-transparent-header-meta":"","adv-header-id-meta":"","stick-header-meta":"","header-above-stick-meta":"","header-main-stick-meta":"","header-below-stick-meta":"","astra-migrate-meta-layouts":"default","ast-page-background-enabled":"default","ast-page-background-meta":{"desktop":{"background-color":"var(--ast-global-color-5)","background-image":"","background-repeat":"repeat","background-position":"center center","background-size":"auto","background-attachment":"scroll","background-type":"","background-media":"","overlay-type":"","overlay-color":"","overlay-opacity":"","overlay-gradient":""},"tablet":{"background-color":"","background-image":"","background-repeat":"repeat","background-position":"center center","background-size":"auto","background-attachment":"scroll","background-type":"","background-media":"","overlay-type":"","overlay-color":"","overlay-opacity":"","overlay-gradient":""},"mobile":{"background-color":"","background-image":"","background-repeat":"repeat","background-position":"center center","background-size":"auto","background-attachment":"scroll","background-type":"","background-media":"","overlay-type":"","overlay-color":"","overlay-opacity":"","overlay-gradient":""}},"ast-content-background-meta":{"desktop":{"background-color":"var(--ast-global-color-4)","background-image":"","background-repeat":"repeat","background-position":"center center","background-size":"auto","background-attachment":"scroll","background-type":"","background-media":"","overlay-type":"","overlay-color":"","overlay-opacity":"","overlay-gradient":""},"tablet":{"background-color":"var(--ast-global-color-4)","background-image":"","background-repeat":"repeat","background-position":"center center","background-size":"auto","background-attachment":"scroll","background-type":"","background-media":"","overlay-type":"","overlay-color":"","overlay-opacity":"","overlay-gradient":""},"mobile":{"background-color":"var(--ast-global-color-4)","background-image":"","background-repeat":"repeat","background-position":"center center","background-size":"auto","background-attachment":"scroll","background-type":"","background-media":"","overlay-type":"","overlay-color":"","overlay-opacity":"","overlay-gradient":""}},"footnotes":""},"categories":[23,1],"tags":[],"class_list":["post-45635","post","type-post","status-publish","format-standard","has-post-thumbnail","hentry","category-internacionales","category-noticias"],"yoast_head":"<!-- This site is optimized with the Yoast SEO Premium plugin v23.0 (Yoast SEO v27.4) - https:\/\/yoast.com\/product\/yoast-seo-premium-wordpress\/ -->\n<title>Nueve de cada diez personas respiran aire contaminado<\/title>\n<meta name=\"robots\" content=\"index, follow, max-snippet:-1, max-image-preview:large, max-video-preview:-1\" \/>\n<link rel=\"canonical\" href=\"https:\/\/patagoniambiental.com.ar\/info\/nueve-de-cada-diez-personas-respiran-aire-contaminado\/\" \/>\n<meta property=\"og:locale\" content=\"es_ES\" \/>\n<meta property=\"og:type\" content=\"article\" \/>\n<meta property=\"og:title\" content=\"Nueve de cada diez personas respiran aire contaminado\" \/>\n<meta property=\"og:description\" content=\"Nueve de cada diez personas respiran aire que contiene \u00abaltos niveles de contaminantes\u00bb, afirm\u00f3 la Organizaci\u00f3n Mundial de la Salud [&hellip;]\" \/>\n<meta property=\"og:url\" content=\"https:\/\/patagoniambiental.com.ar\/info\/nueve-de-cada-diez-personas-respiran-aire-contaminado\/\" \/>\n<meta property=\"og:site_name\" content=\"Patagonia Ambiental\" \/>\n<meta property=\"article:publisher\" content=\"https:\/\/www.facebook.com\/patagonia.ambiental\" \/>\n<meta property=\"article:author\" content=\"https:\/\/www.facebook.com\/share\/1C1V8Gv9BX\/?mibextid=qi2Omg\" \/>\n<meta property=\"article:published_time\" content=\"2018-05-03T12:00:15+00:00\" \/>\n<meta property=\"og:image\" content=\"https:\/\/patagoniambiental.com.ar\/info\/wp-content\/uploads\/2018\/05\/contaminacion-aire.jpg\" \/>\n\t<meta property=\"og:image:width\" content=\"600\" \/>\n\t<meta property=\"og:image:height\" content=\"399\" \/>\n\t<meta property=\"og:image:type\" content=\"image\/jpeg\" \/>\n<meta name=\"author\" content=\"Patagonia Ambiental\" \/>\n<meta name=\"twitter:card\" content=\"summary_large_image\" \/>\n<meta name=\"twitter:creator\" content=\"@PatAmb\" \/>\n<meta name=\"twitter:site\" content=\"@PatAmb\" \/>\n<script type=\"application\/ld+json\" class=\"yoast-schema-graph\">{\"@context\":\"https:\\\/\\\/schema.org\",\"@graph\":[{\"@type\":\"Article\",\"@id\":\"https:\\\/\\\/patagoniambiental.com.ar\\\/info\\\/nueve-de-cada-diez-personas-respiran-aire-contaminado\\\/#article\",\"isPartOf\":{\"@id\":\"https:\\\/\\\/patagoniambiental.com.ar\\\/info\\\/nueve-de-cada-diez-personas-respiran-aire-contaminado\\\/\"},\"author\":{\"name\":\"Patagonia Ambiental\",\"@id\":\"https:\\\/\\\/patagoniambiental.com.ar\\\/info\\\/#\\\/schema\\\/person\\\/db12bff64bbcbf6a253710bf0ea37b5d\"},\"headline\":\"Nueve de cada diez personas respiran aire contaminado\",\"datePublished\":\"2018-05-03T12:00:15+00:00\",\"mainEntityOfPage\":{\"@id\":\"https:\\\/\\\/patagoniambiental.com.ar\\\/info\\\/nueve-de-cada-diez-personas-respiran-aire-contaminado\\\/\"},\"wordCount\":727,\"commentCount\":0,\"publisher\":{\"@id\":\"https:\\\/\\\/patagoniambiental.com.ar\\\/info\\\/#organization\"},\"image\":{\"@id\":\"https:\\\/\\\/patagoniambiental.com.ar\\\/info\\\/nueve-de-cada-diez-personas-respiran-aire-contaminado\\\/#primaryimage\"},\"thumbnailUrl\":\"https:\\\/\\\/patagoniambiental.com.ar\\\/info\\\/wp-content\\\/uploads\\\/2018\\\/05\\\/contaminacion-aire.jpg\",\"articleSection\":[\"Internacionales\",\"Noticias\"],\"inLanguage\":\"es\",\"potentialAction\":[{\"@type\":\"CommentAction\",\"name\":\"Comment\",\"target\":[\"https:\\\/\\\/patagoniambiental.com.ar\\\/info\\\/nueve-de-cada-diez-personas-respiran-aire-contaminado\\\/#respond\"]}]},{\"@type\":\"WebPage\",\"@id\":\"https:\\\/\\\/patagoniambiental.com.ar\\\/info\\\/nueve-de-cada-diez-personas-respiran-aire-contaminado\\\/\",\"url\":\"https:\\\/\\\/patagoniambiental.com.ar\\\/info\\\/nueve-de-cada-diez-personas-respiran-aire-contaminado\\\/\",\"name\":\"Nueve de cada diez personas respiran aire contaminado\",\"isPartOf\":{\"@id\":\"https:\\\/\\\/patagoniambiental.com.ar\\\/info\\\/#website\"},\"primaryImageOfPage\":{\"@id\":\"https:\\\/\\\/patagoniambiental.com.ar\\\/info\\\/nueve-de-cada-diez-personas-respiran-aire-contaminado\\\/#primaryimage\"},\"image\":{\"@id\":\"https:\\\/\\\/patagoniambiental.com.ar\\\/info\\\/nueve-de-cada-diez-personas-respiran-aire-contaminado\\\/#primaryimage\"},\"thumbnailUrl\":\"https:\\\/\\\/patagoniambiental.com.ar\\\/info\\\/wp-content\\\/uploads\\\/2018\\\/05\\\/contaminacion-aire.jpg\",\"datePublished\":\"2018-05-03T12:00:15+00:00\",\"breadcrumb\":{\"@id\":\"https:\\\/\\\/patagoniambiental.com.ar\\\/info\\\/nueve-de-cada-diez-personas-respiran-aire-contaminado\\\/#breadcrumb\"},\"inLanguage\":\"es\",\"potentialAction\":[{\"@type\":\"ReadAction\",\"target\":[\"https:\\\/\\\/patagoniambiental.com.ar\\\/info\\\/nueve-de-cada-diez-personas-respiran-aire-contaminado\\\/\"]}]},{\"@type\":\"ImageObject\",\"inLanguage\":\"es\",\"@id\":\"https:\\\/\\\/patagoniambiental.com.ar\\\/info\\\/nueve-de-cada-diez-personas-respiran-aire-contaminado\\\/#primaryimage\",\"url\":\"https:\\\/\\\/patagoniambiental.com.ar\\\/info\\\/wp-content\\\/uploads\\\/2018\\\/05\\\/contaminacion-aire.jpg\",\"contentUrl\":\"https:\\\/\\\/patagoniambiental.com.ar\\\/info\\\/wp-content\\\/uploads\\\/2018\\\/05\\\/contaminacion-aire.jpg\",\"width\":600,\"height\":399},{\"@type\":\"BreadcrumbList\",\"@id\":\"https:\\\/\\\/patagoniambiental.com.ar\\\/info\\\/nueve-de-cada-diez-personas-respiran-aire-contaminado\\\/#breadcrumb\",\"itemListElement\":[{\"@type\":\"ListItem\",\"position\":1,\"name\":\"Inicio\",\"item\":\"https:\\\/\\\/patagoniambiental.com.ar\\\/info\\\/\"},{\"@type\":\"ListItem\",\"position\":2,\"name\":\"Nueve de cada diez personas respiran aire contaminado\"}]},{\"@type\":\"WebSite\",\"@id\":\"https:\\\/\\\/patagoniambiental.com.ar\\\/info\\\/#website\",\"url\":\"https:\\\/\\\/patagoniambiental.com.ar\\\/info\\\/\",\"name\":\"Patagonia Ambiental\",\"description\":\"Monitoreo y an\u00e1lisis de la situaci\u00f3n geopol\u00edtica en el mundo y su implicancia en la Patagonia\",\"publisher\":{\"@id\":\"https:\\\/\\\/patagoniambiental.com.ar\\\/info\\\/#organization\"},\"potentialAction\":[{\"@type\":\"SearchAction\",\"target\":{\"@type\":\"EntryPoint\",\"urlTemplate\":\"https:\\\/\\\/patagoniambiental.com.ar\\\/info\\\/?s={search_term_string}\"},\"query-input\":{\"@type\":\"PropertyValueSpecification\",\"valueRequired\":true,\"valueName\":\"search_term_string\"}}],\"inLanguage\":\"es\"},{\"@type\":\"Organization\",\"@id\":\"https:\\\/\\\/patagoniambiental.com.ar\\\/info\\\/#organization\",\"name\":\"Patagonia Ambiental\",\"url\":\"https:\\\/\\\/patagoniambiental.com.ar\\\/info\\\/\",\"logo\":{\"@type\":\"ImageObject\",\"inLanguage\":\"es\",\"@id\":\"https:\\\/\\\/patagoniambiental.com.ar\\\/info\\\/#\\\/schema\\\/logo\\\/image\\\/\",\"url\":\"https:\\\/\\\/patagoniambiental.com.ar\\\/info\\\/wp-content\\\/uploads\\\/2025\\\/05\\\/LOGO-PATAGONIA-AMBIENTAL.png\",\"contentUrl\":\"https:\\\/\\\/patagoniambiental.com.ar\\\/info\\\/wp-content\\\/uploads\\\/2025\\\/05\\\/LOGO-PATAGONIA-AMBIENTAL.png\",\"width\":433,\"height\":250,\"caption\":\"Patagonia Ambiental\"},\"image\":{\"@id\":\"https:\\\/\\\/patagoniambiental.com.ar\\\/info\\\/#\\\/schema\\\/logo\\\/image\\\/\"},\"sameAs\":[\"https:\\\/\\\/www.facebook.com\\\/patagonia.ambiental\",\"https:\\\/\\\/x.com\\\/PatAmb\"]},{\"@type\":\"Person\",\"@id\":\"https:\\\/\\\/patagoniambiental.com.ar\\\/info\\\/#\\\/schema\\\/person\\\/db12bff64bbcbf6a253710bf0ea37b5d\",\"name\":\"Patagonia Ambiental\",\"description\":\"Andr\u00e9s Nievas T\u00e9cnico en manejo ambiental, consultor Ambiental y escritor para medios locales e internacionales sobre temas de geopolitica y medio ambiente.\",\"sameAs\":[\"http:\\\/\\\/www.patagoniambiental.com.ar\",\"https:\\\/\\\/www.facebook.com\\\/share\\\/1C1V8Gv9BX\\\/?mibextid=qi2Omg\",\"@patagoniambiental\",\"https:\\\/\\\/youtube.com\\\/@patagoniaambiental2023?si=BLt58t0wuXquxlYZ\"]}]}<\/script>\n<!-- \/ Yoast SEO Premium plugin. -->","yoast_head_json":{"title":"Nueve de cada diez personas respiran aire contaminado","robots":{"index":"index","follow":"follow","max-snippet":"max-snippet:-1","max-image-preview":"max-image-preview:large","max-video-preview":"max-video-preview:-1"},"canonical":"https:\/\/patagoniambiental.com.ar\/info\/nueve-de-cada-diez-personas-respiran-aire-contaminado\/","og_locale":"es_ES","og_type":"article","og_title":"Nueve de cada diez personas respiran aire contaminado","og_description":"Nueve de cada diez personas respiran aire que contiene \u00abaltos niveles de contaminantes\u00bb, afirm\u00f3 la Organizaci\u00f3n Mundial de la Salud [&hellip;]","og_url":"https:\/\/patagoniambiental.com.ar\/info\/nueve-de-cada-diez-personas-respiran-aire-contaminado\/","og_site_name":"Patagonia Ambiental","article_publisher":"https:\/\/www.facebook.com\/patagonia.ambiental","article_author":"https:\/\/www.facebook.com\/share\/1C1V8Gv9BX\/?mibextid=qi2Omg","article_published_time":"2018-05-03T12:00:15+00:00","og_image":[{"width":600,"height":399,"url":"https:\/\/patagoniambiental.com.ar\/info\/wp-content\/uploads\/2018\/05\/contaminacion-aire.jpg","type":"image\/jpeg"}],"author":"Patagonia Ambiental","twitter_card":"summary_large_image","twitter_creator":"@PatAmb","twitter_site":"@PatAmb","schema":{"@context":"https:\/\/schema.org","@graph":[{"@type":"Article","@id":"https:\/\/patagoniambiental.com.ar\/info\/nueve-de-cada-diez-personas-respiran-aire-contaminado\/#article","isPartOf":{"@id":"https:\/\/patagoniambiental.com.ar\/info\/nueve-de-cada-diez-personas-respiran-aire-contaminado\/"},"author":{"name":"Patagonia Ambiental","@id":"https:\/\/patagoniambiental.com.ar\/info\/#\/schema\/person\/db12bff64bbcbf6a253710bf0ea37b5d"},"headline":"Nueve de cada diez personas respiran aire contaminado","datePublished":"2018-05-03T12:00:15+00:00","mainEntityOfPage":{"@id":"https:\/\/patagoniambiental.com.ar\/info\/nueve-de-cada-diez-personas-respiran-aire-contaminado\/"},"wordCount":727,"commentCount":0,"publisher":{"@id":"https:\/\/patagoniambiental.com.ar\/info\/#organization"},"image":{"@id":"https:\/\/patagoniambiental.com.ar\/info\/nueve-de-cada-diez-personas-respiran-aire-contaminado\/#primaryimage"},"thumbnailUrl":"https:\/\/patagoniambiental.com.ar\/info\/wp-content\/uploads\/2018\/05\/contaminacion-aire.jpg","articleSection":["Internacionales","Noticias"],"inLanguage":"es","potentialAction":[{"@type":"CommentAction","name":"Comment","target":["https:\/\/patagoniambiental.com.ar\/info\/nueve-de-cada-diez-personas-respiran-aire-contaminado\/#respond"]}]},{"@type":"WebPage","@id":"https:\/\/patagoniambiental.com.ar\/info\/nueve-de-cada-diez-personas-respiran-aire-contaminado\/","url":"https:\/\/patagoniambiental.com.ar\/info\/nueve-de-cada-diez-personas-respiran-aire-contaminado\/","name":"Nueve de cada diez personas respiran aire contaminado","isPartOf":{"@id":"https:\/\/patagoniambiental.com.ar\/info\/#website"},"primaryImageOfPage":{"@id":"https:\/\/patagoniambiental.com.ar\/info\/nueve-de-cada-diez-personas-respiran-aire-contaminado\/#primaryimage"},"image":{"@id":"https:\/\/patagoniambiental.com.ar\/info\/nueve-de-cada-diez-personas-respiran-aire-contaminado\/#primaryimage"},"thumbnailUrl":"https:\/\/patagoniambiental.com.ar\/info\/wp-content\/uploads\/2018\/05\/contaminacion-aire.jpg","datePublished":"2018-05-03T12:00:15+00:00","breadcrumb":{"@id":"https:\/\/patagoniambiental.com.ar\/info\/nueve-de-cada-diez-personas-respiran-aire-contaminado\/#breadcrumb"},"inLanguage":"es","potentialAction":[{"@type":"ReadAction","target":["https:\/\/patagoniambiental.com.ar\/info\/nueve-de-cada-diez-personas-respiran-aire-contaminado\/"]}]},{"@type":"ImageObject","inLanguage":"es","@id":"https:\/\/patagoniambiental.com.ar\/info\/nueve-de-cada-diez-personas-respiran-aire-contaminado\/#primaryimage","url":"https:\/\/patagoniambiental.com.ar\/info\/wp-content\/uploads\/2018\/05\/contaminacion-aire.jpg","contentUrl":"https:\/\/patagoniambiental.com.ar\/info\/wp-content\/uploads\/2018\/05\/contaminacion-aire.jpg","width":600,"height":399},{"@type":"BreadcrumbList","@id":"https:\/\/patagoniambiental.com.ar\/info\/nueve-de-cada-diez-personas-respiran-aire-contaminado\/#breadcrumb","itemListElement":[{"@type":"ListItem","position":1,"name":"Inicio","item":"https:\/\/patagoniambiental.com.ar\/info\/"},{"@type":"ListItem","position":2,"name":"Nueve de cada diez personas respiran aire contaminado"}]},{"@type":"WebSite","@id":"https:\/\/patagoniambiental.com.ar\/info\/#website","url":"https:\/\/patagoniambiental.com.ar\/info\/","name":"Patagonia Ambiental","description":"Monitoreo y an\u00e1lisis de la situaci\u00f3n geopol\u00edtica en el mundo y su implicancia en la Patagonia","publisher":{"@id":"https:\/\/patagoniambiental.com.ar\/info\/#organization"},"potentialAction":[{"@type":"SearchAction","target":{"@type":"EntryPoint","urlTemplate":"https:\/\/patagoniambiental.com.ar\/info\/?s={search_term_string}"},"query-input":{"@type":"PropertyValueSpecification","valueRequired":true,"valueName":"search_term_string"}}],"inLanguage":"es"},{"@type":"Organization","@id":"https:\/\/patagoniambiental.com.ar\/info\/#organization","name":"Patagonia Ambiental","url":"https:\/\/patagoniambiental.com.ar\/info\/","logo":{"@type":"ImageObject","inLanguage":"es","@id":"https:\/\/patagoniambiental.com.ar\/info\/#\/schema\/logo\/image\/","url":"https:\/\/patagoniambiental.com.ar\/info\/wp-content\/uploads\/2025\/05\/LOGO-PATAGONIA-AMBIENTAL.png","contentUrl":"https:\/\/patagoniambiental.com.ar\/info\/wp-content\/uploads\/2025\/05\/LOGO-PATAGONIA-AMBIENTAL.png","width":433,"height":250,"caption":"Patagonia Ambiental"},"image":{"@id":"https:\/\/patagoniambiental.com.ar\/info\/#\/schema\/logo\/image\/"},"sameAs":["https:\/\/www.facebook.com\/patagonia.ambiental","https:\/\/x.com\/PatAmb"]},{"@type":"Person","@id":"https:\/\/patagoniambiental.com.ar\/info\/#\/schema\/person\/db12bff64bbcbf6a253710bf0ea37b5d","name":"Patagonia Ambiental","description":"Andr\u00e9s Nievas T\u00e9cnico en manejo ambiental, consultor Ambiental y escritor para medios locales e internacionales sobre temas de geopolitica y medio ambiente.","sameAs":["http:\/\/www.patagoniambiental.com.ar","https:\/\/www.facebook.com\/share\/1C1V8Gv9BX\/?mibextid=qi2Omg","@patagoniambiental","https:\/\/youtube.com\/@patagoniaambiental2023?si=BLt58t0wuXquxlYZ"]}]}},"_links":{"self":[{"href":"https:\/\/patagoniambiental.com.ar\/info\/wp-json\/wp\/v2\/posts\/45635","targetHints":{"allow":["GET"]}}],"collection":[{"href":"https:\/\/patagoniambiental.com.ar\/info\/wp-json\/wp\/v2\/posts"}],"about":[{"href":"https:\/\/patagoniambiental.com.ar\/info\/wp-json\/wp\/v2\/types\/post"}],"author":[{"embeddable":true,"href":"https:\/\/patagoniambiental.com.ar\/info\/wp-json\/wp\/v2\/users\/2"}],"replies":[{"embeddable":true,"href":"https:\/\/patagoniambiental.com.ar\/info\/wp-json\/wp\/v2\/comments?post=45635"}],"version-history":[{"count":0,"href":"https:\/\/patagoniambiental.com.ar\/info\/wp-json\/wp\/v2\/posts\/45635\/revisions"}],"wp:featuredmedia":[{"embeddable":true,"href":"https:\/\/patagoniambiental.com.ar\/info\/wp-json\/wp\/v2\/media\/45636"}],"wp:attachment":[{"href":"https:\/\/patagoniambiental.com.ar\/info\/wp-json\/wp\/v2\/media?parent=45635"}],"wp:term":[{"taxonomy":"category","embeddable":true,"href":"https:\/\/patagoniambiental.com.ar\/info\/wp-json\/wp\/v2\/categories?post=45635"},{"taxonomy":"post_tag","embeddable":true,"href":"https:\/\/patagoniambiental.com.ar\/info\/wp-json\/wp\/v2\/tags?post=45635"}],"curies":[{"name":"wp","href":"https:\/\/api.w.org\/{rel}","templated":true}]}}