{"id":45668,"date":"2018-05-06T19:00:37","date_gmt":"2018-05-06T22:00:37","guid":{"rendered":"http:\/\/patagoniambiental.com.ar\/info\/?p=45668"},"modified":"2018-05-04T10:35:06","modified_gmt":"2018-05-04T13:35:06","slug":"acuerdo-mundial-para-reducir-las-emisiones-del-transporte-maritimo-en-al-menos-un-50-para-2050","status":"publish","type":"post","link":"https:\/\/patagoniambiental.com.ar\/info\/acuerdo-mundial-para-reducir-las-emisiones-del-transporte-maritimo-en-al-menos-un-50-para-2050\/","title":{"rendered":"Acuerdo mundial para reducir las emisiones del transporte mar\u00edtimo en al menos un 50% para 2050"},"content":{"rendered":"<div class=\"block-region-top\">\n<section class=\"block block-unfccc-block block-unfccc-page-title-block clearfix\">\n<div class=\"page-title\">\n<div class=\"title-box\">\u00a0<strong>ONU Cambio Clim\u00e1tico, 14 de abril de 2018<\/strong>\u00a0\u2014 Los Estados miembros de la Organizaci\u00f3n Mar\u00edtima Internacional (OMI) han dado un paso crucial para limitar el impacto del transporte mar\u00edtimo en el clima.<\/div>\n<\/div>\n<\/section>\n<\/div>\n<div class=\"page-hero\">\n<div class=\"block-region-slider\">\n<section class=\"block block-ctools-block block-entity-fieldnodefield-hero-paragraphs clearfix\">\n<div class=\"swiper-hero-image-carousel carousel swiper-container swiper-container-horizontal\">\n<div class=\"swiper-wrapper\">\n<div class=\"slide swiper-slide swiper-slide-active\">\n<div><!--more--><\/div>\n<div class=\"page-hero-image\">\n<p><img decoding=\"async\" class=\"img-responsive hide-mobile\" src=\"https:\/\/unfccc.int\/sites\/default\/files\/styles\/hero_carousel_960x640\/public\/2018-04\/473806_302729563115959_1673698655_o.jpg?itok=kgx7-gpZ\" \/><\/p>\n<div class=\"text white\"><\/div>\n<div class=\"text media-copyright white\">Credit: IMO<\/div>\n<\/div>\n<\/div>\n<\/div>\n<\/div>\n<\/section>\n<\/div>\n<\/div>\n<p>Durante una sesi\u00f3n hist\u00f3rica del Comit\u00e9 de protecci\u00f3n del medio marino (MEPC) de la OMI, delebrada en Londres, sus 173 Estados miembros han adoptado una estrategia inicial para reducir las emisiones de carbono del transporte mar\u00edtimo en al menos el 50% para 2050 en comparaci\u00f3n con los niveles de 2008.<\/p>\n<div class=\"article-layout-middle article-page-main-box\">\n<div class=\"row\">\n<div class=\"col-l-9 col-m-9 col-s-12\">\n<div class=\"content\">\n<div class=\"block-region-content\">\n<section class=\"block block-ctools-block block-entity-fieldnodefield-page-main-text-body clearfix\">\n<div class=\"field field--name-field-page-main-text-body field--type-text-long field--label-hidden field--item\">\n<p>Las naciones acordaron asimismo esforzarse para reducir totalmente las emisiones y tener as\u00ed en cuenta los objetivos del Acuerdo de Par\u00eds sobre el cambio clim\u00e1tico de limitar el aumento de la temperatura media mundial muy por debajo de los 2 grados cent\u00edgrados y lo m\u00e1s cerca posible de 1,5 grados en comparaci\u00f3n con el nivel de la era preindustrial.<\/p>\n<p>Tras conocerse la adopci\u00f3n de la estrategia, la Secretaria Ejecutiva de ONU Cambio Clim\u00e1tico, Patricia Espinosa, dijo: \u201cLa decisi\u00f3n de reducir al menos a la mitad las emisiones de gases de efecto invernadero del transporte mar\u00edtimo en 2050 es un hito dentro para la acci\u00f3n frente al cambio clim\u00e1tico. Esta decisi\u00f3n acelerar\u00e1 la inevitable descarbonizacion del sector necesaria para lograr los objetivos del Acuerdo de Par\u00eds.<\/p>\n<p>Hago un llamamiento a todos los pa\u00edses para que avancen a partir de lo logrado ahora y utilicen el mecanismo de revisi\u00f3n previsto en la estrategia para aumentar el nivel de ambici\u00f3n en 2023, cuando revisen sus objetivos a la luz de los avances cient\u00edficos y las nuevas soluciones disponibles entonces. La br\u00fajula clim\u00e1tica marca una direcci\u00f3n clara, la \u00fanica ruta posible para la sostenibilidad del transporte mar\u00edtimo es avanzar hacia un futuro bajo en emisiones y resiliente\u201d.<\/p>\n<p>El transporte mar\u00edtimo es responsable de alrededor el 2.5\u00a0% de las emisiones mundiales, y\u00a0<a href=\"https:\/\/gmn.imo.org\/wp-content\/uploads\/2017\/05\/GHG3-Executive-Summary-and-Report_web.pdf\" target=\"_blank\" rel=\"noopener\">se prev\u00e9<\/a>\u00a0que estas emisiones aumenten entre un 50\u00a0% y un 250\u00a0% para el a\u00f1o 2050.<\/p>\n<p>Aunque el transporte internacional mar\u00edtimo y a\u00e9reo no est\u00e1n incluidos directamente en el\u00a0<a href=\"http:\/\/unfccc.int\/paris_agreement\/items\/9485.php\" target=\"_self\">Acuerdo de Par\u00eds sobre el cambio clim\u00e1tico<\/a>, la Organizaci\u00f3n de Aviaci\u00f3n Civil Internacional (ICAO) ya ha adoptado un est\u00e1ndar para la reducci\u00f3n de emisiones del transporte a\u00e9reo y pronto pondr\u00e1 en marcha un sistema para compensar el aumento de las emisiones del sector a partir de 2020.<\/p>\n<p>Ahora, por su parte, las naciones dentro de la OMI han adoptado la primera estrategia integral para reducir las emisiones de gases de efecto invernadero del sector mar\u00edtimo que prev\u00e9 un mecanismo de revisi\u00f3n para aumentar los niveles de ambici\u00f3n.<\/p>\n<p>Para saber m\u00e1s sobre la decisi\u00f3n adoptada por el Comit\u00e9 de protecci\u00f3n del medio marinoen la de la MEPC de la OMI, haga clic\u00a0<a href=\"http:\/\/www.imo.org\/en\/MediaCentre\/PressBriefings\/Pages\/06GHGinitialstrategy.aspx\" target=\"_blank\" rel=\"noopener\">aqu\u00ed<\/a>.<\/p>\n<p>Fuente:\u00a0https:\/\/unfccc.int\/es\/news\/acuerdo-mundial-para-reducir-las-emisiones-del-transporte-maritimo-en-al-menos-un-50-para-2050<\/p>\n<\/div>\n<\/section>\n<\/div>\n<\/div>\n<\/div>\n<\/div>\n<\/div>\n","protected":false},"excerpt":{"rendered":"<p>\u00a0ONU Cambio Clim\u00e1tico, 14 de abril de 2018\u00a0\u2014 Los Estados miembros de la Organizaci\u00f3n Mar\u00edtima Internacional (OMI) han dado un [&hellip;]<\/p>\n","protected":false},"author":2,"featured_media":45669,"comment_status":"open","ping_status":"open","sticky":false,"template":"","format":"standard","meta":{"site-sidebar-layout":"default","site-content-layout":"","ast-site-content-layout":"default","site-content-style":"default","site-sidebar-style":"default","ast-global-header-display":"","ast-banner-title-visibility":"","ast-main-header-display":"","ast-hfb-above-header-display":"","ast-hfb-below-header-display":"","ast-hfb-mobile-header-display":"","site-post-title":"","ast-breadcrumbs-content":"","ast-featured-img":"","footer-sml-layout":"","ast-disable-related-posts":"","theme-transparent-header-meta":"","adv-header-id-meta":"","stick-header-meta":"","header-above-stick-meta":"","header-main-stick-meta":"","header-below-stick-meta":"","astra-migrate-meta-layouts":"default","ast-page-background-enabled":"default","ast-page-background-meta":{"desktop":{"background-color":"var(--ast-global-color-5)","background-image":"","background-repeat":"repeat","background-position":"center center","background-size":"auto","background-attachment":"scroll","background-type":"","background-media":"","overlay-type":"","overlay-color":"","overlay-opacity":"","overlay-gradient":""},"tablet":{"background-color":"","background-image":"","background-repeat":"repeat","background-position":"center center","background-size":"auto","background-attachment":"scroll","background-type":"","background-media":"","overlay-type":"","overlay-color":"","overlay-opacity":"","overlay-gradient":""},"mobile":{"background-color":"","background-image":"","background-repeat":"repeat","background-position":"center center","background-size":"auto","background-attachment":"scroll","background-type":"","background-media":"","overlay-type":"","overlay-color":"","overlay-opacity":"","overlay-gradient":""}},"ast-content-background-meta":{"desktop":{"background-color":"var(--ast-global-color-4)","background-image":"","background-repeat":"repeat","background-position":"center center","background-size":"auto","background-attachment":"scroll","background-type":"","background-media":"","overlay-type":"","overlay-color":"","overlay-opacity":"","overlay-gradient":""},"tablet":{"background-color":"var(--ast-global-color-4)","background-image":"","background-repeat":"repeat","background-position":"center center","background-size":"auto","background-attachment":"scroll","background-type":"","background-media":"","overlay-type":"","overlay-color":"","overlay-opacity":"","overlay-gradient":""},"mobile":{"background-color":"var(--ast-global-color-4)","background-image":"","background-repeat":"repeat","background-position":"center center","background-size":"auto","background-attachment":"scroll","background-type":"","background-media":"","overlay-type":"","overlay-color":"","overlay-opacity":"","overlay-gradient":""}},"footnotes":""},"categories":[23,1],"tags":[],"class_list":["post-45668","post","type-post","status-publish","format-standard","has-post-thumbnail","hentry","category-internacionales","category-noticias"],"yoast_head":"<!-- This site is optimized with the Yoast SEO Premium plugin v23.0 (Yoast SEO v27.4) - https:\/\/yoast.com\/product\/yoast-seo-premium-wordpress\/ -->\n<title>Acuerdo mundial para reducir las emisiones del transporte mar\u00edtimo en al menos un 50% para 2050<\/title>\n<meta name=\"robots\" content=\"index, follow, max-snippet:-1, max-image-preview:large, max-video-preview:-1\" \/>\n<link rel=\"canonical\" href=\"https:\/\/patagoniambiental.com.ar\/info\/acuerdo-mundial-para-reducir-las-emisiones-del-transporte-maritimo-en-al-menos-un-50-para-2050\/\" \/>\n<meta property=\"og:locale\" content=\"es_ES\" \/>\n<meta property=\"og:type\" content=\"article\" \/>\n<meta property=\"og:title\" content=\"Acuerdo mundial para reducir las emisiones del transporte mar\u00edtimo en al menos un 50% para 2050\" \/>\n<meta property=\"og:description\" content=\"\u00a0ONU Cambio Clim\u00e1tico, 14 de abril de 2018\u00a0\u2014 Los Estados miembros de la Organizaci\u00f3n Mar\u00edtima Internacional (OMI) han dado un [&hellip;]\" \/>\n<meta property=\"og:url\" content=\"https:\/\/patagoniambiental.com.ar\/info\/acuerdo-mundial-para-reducir-las-emisiones-del-transporte-maritimo-en-al-menos-un-50-para-2050\/\" \/>\n<meta property=\"og:site_name\" content=\"Patagonia Ambiental\" \/>\n<meta property=\"article:publisher\" content=\"https:\/\/www.facebook.com\/patagonia.ambiental\" \/>\n<meta property=\"article:author\" content=\"https:\/\/www.facebook.com\/share\/1C1V8Gv9BX\/?mibextid=qi2Omg\" \/>\n<meta property=\"article:published_time\" content=\"2018-05-06T22:00:37+00:00\" \/>\n<meta property=\"og:image\" content=\"https:\/\/patagoniambiental.com.ar\/info\/wp-content\/uploads\/2018\/05\/473806_302729563115959_1673698655_o.jpg\" \/>\n\t<meta property=\"og:image:width\" content=\"1186\" \/>\n\t<meta property=\"og:image:height\" content=\"400\" \/>\n\t<meta property=\"og:image:type\" content=\"image\/jpeg\" \/>\n<meta name=\"author\" content=\"Patagonia Ambiental\" \/>\n<meta name=\"twitter:card\" content=\"summary_large_image\" \/>\n<meta name=\"twitter:creator\" content=\"@PatAmb\" \/>\n<meta name=\"twitter:site\" content=\"@PatAmb\" \/>\n<script type=\"application\/ld+json\" class=\"yoast-schema-graph\">{\"@context\":\"https:\\\/\\\/schema.org\",\"@graph\":[{\"@type\":\"Article\",\"@id\":\"https:\\\/\\\/patagoniambiental.com.ar\\\/info\\\/acuerdo-mundial-para-reducir-las-emisiones-del-transporte-maritimo-en-al-menos-un-50-para-2050\\\/#article\",\"isPartOf\":{\"@id\":\"https:\\\/\\\/patagoniambiental.com.ar\\\/info\\\/acuerdo-mundial-para-reducir-las-emisiones-del-transporte-maritimo-en-al-menos-un-50-para-2050\\\/\"},\"author\":{\"name\":\"Patagonia Ambiental\",\"@id\":\"https:\\\/\\\/patagoniambiental.com.ar\\\/info\\\/#\\\/schema\\\/person\\\/db12bff64bbcbf6a253710bf0ea37b5d\"},\"headline\":\"Acuerdo mundial para reducir las emisiones del transporte mar\u00edtimo en al menos un 50% para 2050\",\"datePublished\":\"2018-05-06T22:00:37+00:00\",\"mainEntityOfPage\":{\"@id\":\"https:\\\/\\\/patagoniambiental.com.ar\\\/info\\\/acuerdo-mundial-para-reducir-las-emisiones-del-transporte-maritimo-en-al-menos-un-50-para-2050\\\/\"},\"wordCount\":498,\"commentCount\":0,\"publisher\":{\"@id\":\"https:\\\/\\\/patagoniambiental.com.ar\\\/info\\\/#organization\"},\"image\":{\"@id\":\"https:\\\/\\\/patagoniambiental.com.ar\\\/info\\\/acuerdo-mundial-para-reducir-las-emisiones-del-transporte-maritimo-en-al-menos-un-50-para-2050\\\/#primaryimage\"},\"thumbnailUrl\":\"https:\\\/\\\/patagoniambiental.com.ar\\\/info\\\/wp-content\\\/uploads\\\/2018\\\/05\\\/473806_302729563115959_1673698655_o.jpg\",\"articleSection\":[\"Internacionales\",\"Noticias\"],\"inLanguage\":\"es\",\"potentialAction\":[{\"@type\":\"CommentAction\",\"name\":\"Comment\",\"target\":[\"https:\\\/\\\/patagoniambiental.com.ar\\\/info\\\/acuerdo-mundial-para-reducir-las-emisiones-del-transporte-maritimo-en-al-menos-un-50-para-2050\\\/#respond\"]}]},{\"@type\":\"WebPage\",\"@id\":\"https:\\\/\\\/patagoniambiental.com.ar\\\/info\\\/acuerdo-mundial-para-reducir-las-emisiones-del-transporte-maritimo-en-al-menos-un-50-para-2050\\\/\",\"url\":\"https:\\\/\\\/patagoniambiental.com.ar\\\/info\\\/acuerdo-mundial-para-reducir-las-emisiones-del-transporte-maritimo-en-al-menos-un-50-para-2050\\\/\",\"name\":\"Acuerdo mundial para reducir las emisiones del transporte mar\u00edtimo en al menos un 50% para 2050\",\"isPartOf\":{\"@id\":\"https:\\\/\\\/patagoniambiental.com.ar\\\/info\\\/#website\"},\"primaryImageOfPage\":{\"@id\":\"https:\\\/\\\/patagoniambiental.com.ar\\\/info\\\/acuerdo-mundial-para-reducir-las-emisiones-del-transporte-maritimo-en-al-menos-un-50-para-2050\\\/#primaryimage\"},\"image\":{\"@id\":\"https:\\\/\\\/patagoniambiental.com.ar\\\/info\\\/acuerdo-mundial-para-reducir-las-emisiones-del-transporte-maritimo-en-al-menos-un-50-para-2050\\\/#primaryimage\"},\"thumbnailUrl\":\"https:\\\/\\\/patagoniambiental.com.ar\\\/info\\\/wp-content\\\/uploads\\\/2018\\\/05\\\/473806_302729563115959_1673698655_o.jpg\",\"datePublished\":\"2018-05-06T22:00:37+00:00\",\"breadcrumb\":{\"@id\":\"https:\\\/\\\/patagoniambiental.com.ar\\\/info\\\/acuerdo-mundial-para-reducir-las-emisiones-del-transporte-maritimo-en-al-menos-un-50-para-2050\\\/#breadcrumb\"},\"inLanguage\":\"es\",\"potentialAction\":[{\"@type\":\"ReadAction\",\"target\":[\"https:\\\/\\\/patagoniambiental.com.ar\\\/info\\\/acuerdo-mundial-para-reducir-las-emisiones-del-transporte-maritimo-en-al-menos-un-50-para-2050\\\/\"]}]},{\"@type\":\"ImageObject\",\"inLanguage\":\"es\",\"@id\":\"https:\\\/\\\/patagoniambiental.com.ar\\\/info\\\/acuerdo-mundial-para-reducir-las-emisiones-del-transporte-maritimo-en-al-menos-un-50-para-2050\\\/#primaryimage\",\"url\":\"https:\\\/\\\/patagoniambiental.com.ar\\\/info\\\/wp-content\\\/uploads\\\/2018\\\/05\\\/473806_302729563115959_1673698655_o.jpg\",\"contentUrl\":\"https:\\\/\\\/patagoniambiental.com.ar\\\/info\\\/wp-content\\\/uploads\\\/2018\\\/05\\\/473806_302729563115959_1673698655_o.jpg\",\"width\":1186,\"height\":400},{\"@type\":\"BreadcrumbList\",\"@id\":\"https:\\\/\\\/patagoniambiental.com.ar\\\/info\\\/acuerdo-mundial-para-reducir-las-emisiones-del-transporte-maritimo-en-al-menos-un-50-para-2050\\\/#breadcrumb\",\"itemListElement\":[{\"@type\":\"ListItem\",\"position\":1,\"name\":\"Inicio\",\"item\":\"https:\\\/\\\/patagoniambiental.com.ar\\\/info\\\/\"},{\"@type\":\"ListItem\",\"position\":2,\"name\":\"Acuerdo mundial para reducir las emisiones del transporte mar\u00edtimo en al menos un 50% para 2050\"}]},{\"@type\":\"WebSite\",\"@id\":\"https:\\\/\\\/patagoniambiental.com.ar\\\/info\\\/#website\",\"url\":\"https:\\\/\\\/patagoniambiental.com.ar\\\/info\\\/\",\"name\":\"Patagonia Ambiental\",\"description\":\"Monitoreo y an\u00e1lisis de la situaci\u00f3n geopol\u00edtica en el mundo y su implicancia en la Patagonia\",\"publisher\":{\"@id\":\"https:\\\/\\\/patagoniambiental.com.ar\\\/info\\\/#organization\"},\"potentialAction\":[{\"@type\":\"SearchAction\",\"target\":{\"@type\":\"EntryPoint\",\"urlTemplate\":\"https:\\\/\\\/patagoniambiental.com.ar\\\/info\\\/?s={search_term_string}\"},\"query-input\":{\"@type\":\"PropertyValueSpecification\",\"valueRequired\":true,\"valueName\":\"search_term_string\"}}],\"inLanguage\":\"es\"},{\"@type\":\"Organization\",\"@id\":\"https:\\\/\\\/patagoniambiental.com.ar\\\/info\\\/#organization\",\"name\":\"Patagonia Ambiental\",\"url\":\"https:\\\/\\\/patagoniambiental.com.ar\\\/info\\\/\",\"logo\":{\"@type\":\"ImageObject\",\"inLanguage\":\"es\",\"@id\":\"https:\\\/\\\/patagoniambiental.com.ar\\\/info\\\/#\\\/schema\\\/logo\\\/image\\\/\",\"url\":\"https:\\\/\\\/patagoniambiental.com.ar\\\/info\\\/wp-content\\\/uploads\\\/2025\\\/05\\\/LOGO-PATAGONIA-AMBIENTAL.png\",\"contentUrl\":\"https:\\\/\\\/patagoniambiental.com.ar\\\/info\\\/wp-content\\\/uploads\\\/2025\\\/05\\\/LOGO-PATAGONIA-AMBIENTAL.png\",\"width\":433,\"height\":250,\"caption\":\"Patagonia Ambiental\"},\"image\":{\"@id\":\"https:\\\/\\\/patagoniambiental.com.ar\\\/info\\\/#\\\/schema\\\/logo\\\/image\\\/\"},\"sameAs\":[\"https:\\\/\\\/www.facebook.com\\\/patagonia.ambiental\",\"https:\\\/\\\/x.com\\\/PatAmb\"]},{\"@type\":\"Person\",\"@id\":\"https:\\\/\\\/patagoniambiental.com.ar\\\/info\\\/#\\\/schema\\\/person\\\/db12bff64bbcbf6a253710bf0ea37b5d\",\"name\":\"Patagonia Ambiental\",\"description\":\"Andr\u00e9s Nievas T\u00e9cnico en manejo ambiental, consultor Ambiental y escritor para medios locales e internacionales sobre temas de geopolitica y medio ambiente.\",\"sameAs\":[\"http:\\\/\\\/www.patagoniambiental.com.ar\",\"https:\\\/\\\/www.facebook.com\\\/share\\\/1C1V8Gv9BX\\\/?mibextid=qi2Omg\",\"@patagoniambiental\",\"https:\\\/\\\/youtube.com\\\/@patagoniaambiental2023?si=BLt58t0wuXquxlYZ\"]}]}<\/script>\n<!-- \/ Yoast SEO Premium plugin. -->","yoast_head_json":{"title":"Acuerdo mundial para reducir las emisiones del transporte mar\u00edtimo en al menos un 50% para 2050","robots":{"index":"index","follow":"follow","max-snippet":"max-snippet:-1","max-image-preview":"max-image-preview:large","max-video-preview":"max-video-preview:-1"},"canonical":"https:\/\/patagoniambiental.com.ar\/info\/acuerdo-mundial-para-reducir-las-emisiones-del-transporte-maritimo-en-al-menos-un-50-para-2050\/","og_locale":"es_ES","og_type":"article","og_title":"Acuerdo mundial para reducir las emisiones del transporte mar\u00edtimo en al menos un 50% para 2050","og_description":"\u00a0ONU Cambio Clim\u00e1tico, 14 de abril de 2018\u00a0\u2014 Los Estados miembros de la Organizaci\u00f3n Mar\u00edtima Internacional (OMI) han dado un [&hellip;]","og_url":"https:\/\/patagoniambiental.com.ar\/info\/acuerdo-mundial-para-reducir-las-emisiones-del-transporte-maritimo-en-al-menos-un-50-para-2050\/","og_site_name":"Patagonia Ambiental","article_publisher":"https:\/\/www.facebook.com\/patagonia.ambiental","article_author":"https:\/\/www.facebook.com\/share\/1C1V8Gv9BX\/?mibextid=qi2Omg","article_published_time":"2018-05-06T22:00:37+00:00","og_image":[{"width":1186,"height":400,"url":"https:\/\/patagoniambiental.com.ar\/info\/wp-content\/uploads\/2018\/05\/473806_302729563115959_1673698655_o.jpg","type":"image\/jpeg"}],"author":"Patagonia Ambiental","twitter_card":"summary_large_image","twitter_creator":"@PatAmb","twitter_site":"@PatAmb","schema":{"@context":"https:\/\/schema.org","@graph":[{"@type":"Article","@id":"https:\/\/patagoniambiental.com.ar\/info\/acuerdo-mundial-para-reducir-las-emisiones-del-transporte-maritimo-en-al-menos-un-50-para-2050\/#article","isPartOf":{"@id":"https:\/\/patagoniambiental.com.ar\/info\/acuerdo-mundial-para-reducir-las-emisiones-del-transporte-maritimo-en-al-menos-un-50-para-2050\/"},"author":{"name":"Patagonia Ambiental","@id":"https:\/\/patagoniambiental.com.ar\/info\/#\/schema\/person\/db12bff64bbcbf6a253710bf0ea37b5d"},"headline":"Acuerdo mundial para reducir las emisiones del transporte mar\u00edtimo en al menos un 50% para 2050","datePublished":"2018-05-06T22:00:37+00:00","mainEntityOfPage":{"@id":"https:\/\/patagoniambiental.com.ar\/info\/acuerdo-mundial-para-reducir-las-emisiones-del-transporte-maritimo-en-al-menos-un-50-para-2050\/"},"wordCount":498,"commentCount":0,"publisher":{"@id":"https:\/\/patagoniambiental.com.ar\/info\/#organization"},"image":{"@id":"https:\/\/patagoniambiental.com.ar\/info\/acuerdo-mundial-para-reducir-las-emisiones-del-transporte-maritimo-en-al-menos-un-50-para-2050\/#primaryimage"},"thumbnailUrl":"https:\/\/patagoniambiental.com.ar\/info\/wp-content\/uploads\/2018\/05\/473806_302729563115959_1673698655_o.jpg","articleSection":["Internacionales","Noticias"],"inLanguage":"es","potentialAction":[{"@type":"CommentAction","name":"Comment","target":["https:\/\/patagoniambiental.com.ar\/info\/acuerdo-mundial-para-reducir-las-emisiones-del-transporte-maritimo-en-al-menos-un-50-para-2050\/#respond"]}]},{"@type":"WebPage","@id":"https:\/\/patagoniambiental.com.ar\/info\/acuerdo-mundial-para-reducir-las-emisiones-del-transporte-maritimo-en-al-menos-un-50-para-2050\/","url":"https:\/\/patagoniambiental.com.ar\/info\/acuerdo-mundial-para-reducir-las-emisiones-del-transporte-maritimo-en-al-menos-un-50-para-2050\/","name":"Acuerdo mundial para reducir las emisiones del transporte mar\u00edtimo en al menos un 50% para 2050","isPartOf":{"@id":"https:\/\/patagoniambiental.com.ar\/info\/#website"},"primaryImageOfPage":{"@id":"https:\/\/patagoniambiental.com.ar\/info\/acuerdo-mundial-para-reducir-las-emisiones-del-transporte-maritimo-en-al-menos-un-50-para-2050\/#primaryimage"},"image":{"@id":"https:\/\/patagoniambiental.com.ar\/info\/acuerdo-mundial-para-reducir-las-emisiones-del-transporte-maritimo-en-al-menos-un-50-para-2050\/#primaryimage"},"thumbnailUrl":"https:\/\/patagoniambiental.com.ar\/info\/wp-content\/uploads\/2018\/05\/473806_302729563115959_1673698655_o.jpg","datePublished":"2018-05-06T22:00:37+00:00","breadcrumb":{"@id":"https:\/\/patagoniambiental.com.ar\/info\/acuerdo-mundial-para-reducir-las-emisiones-del-transporte-maritimo-en-al-menos-un-50-para-2050\/#breadcrumb"},"inLanguage":"es","potentialAction":[{"@type":"ReadAction","target":["https:\/\/patagoniambiental.com.ar\/info\/acuerdo-mundial-para-reducir-las-emisiones-del-transporte-maritimo-en-al-menos-un-50-para-2050\/"]}]},{"@type":"ImageObject","inLanguage":"es","@id":"https:\/\/patagoniambiental.com.ar\/info\/acuerdo-mundial-para-reducir-las-emisiones-del-transporte-maritimo-en-al-menos-un-50-para-2050\/#primaryimage","url":"https:\/\/patagoniambiental.com.ar\/info\/wp-content\/uploads\/2018\/05\/473806_302729563115959_1673698655_o.jpg","contentUrl":"https:\/\/patagoniambiental.com.ar\/info\/wp-content\/uploads\/2018\/05\/473806_302729563115959_1673698655_o.jpg","width":1186,"height":400},{"@type":"BreadcrumbList","@id":"https:\/\/patagoniambiental.com.ar\/info\/acuerdo-mundial-para-reducir-las-emisiones-del-transporte-maritimo-en-al-menos-un-50-para-2050\/#breadcrumb","itemListElement":[{"@type":"ListItem","position":1,"name":"Inicio","item":"https:\/\/patagoniambiental.com.ar\/info\/"},{"@type":"ListItem","position":2,"name":"Acuerdo mundial para reducir las emisiones del transporte mar\u00edtimo en al menos un 50% para 2050"}]},{"@type":"WebSite","@id":"https:\/\/patagoniambiental.com.ar\/info\/#website","url":"https:\/\/patagoniambiental.com.ar\/info\/","name":"Patagonia Ambiental","description":"Monitoreo y an\u00e1lisis de la situaci\u00f3n geopol\u00edtica en el mundo y su implicancia en la Patagonia","publisher":{"@id":"https:\/\/patagoniambiental.com.ar\/info\/#organization"},"potentialAction":[{"@type":"SearchAction","target":{"@type":"EntryPoint","urlTemplate":"https:\/\/patagoniambiental.com.ar\/info\/?s={search_term_string}"},"query-input":{"@type":"PropertyValueSpecification","valueRequired":true,"valueName":"search_term_string"}}],"inLanguage":"es"},{"@type":"Organization","@id":"https:\/\/patagoniambiental.com.ar\/info\/#organization","name":"Patagonia Ambiental","url":"https:\/\/patagoniambiental.com.ar\/info\/","logo":{"@type":"ImageObject","inLanguage":"es","@id":"https:\/\/patagoniambiental.com.ar\/info\/#\/schema\/logo\/image\/","url":"https:\/\/patagoniambiental.com.ar\/info\/wp-content\/uploads\/2025\/05\/LOGO-PATAGONIA-AMBIENTAL.png","contentUrl":"https:\/\/patagoniambiental.com.ar\/info\/wp-content\/uploads\/2025\/05\/LOGO-PATAGONIA-AMBIENTAL.png","width":433,"height":250,"caption":"Patagonia Ambiental"},"image":{"@id":"https:\/\/patagoniambiental.com.ar\/info\/#\/schema\/logo\/image\/"},"sameAs":["https:\/\/www.facebook.com\/patagonia.ambiental","https:\/\/x.com\/PatAmb"]},{"@type":"Person","@id":"https:\/\/patagoniambiental.com.ar\/info\/#\/schema\/person\/db12bff64bbcbf6a253710bf0ea37b5d","name":"Patagonia Ambiental","description":"Andr\u00e9s Nievas T\u00e9cnico en manejo ambiental, consultor Ambiental y escritor para medios locales e internacionales sobre temas de geopolitica y medio ambiente.","sameAs":["http:\/\/www.patagoniambiental.com.ar","https:\/\/www.facebook.com\/share\/1C1V8Gv9BX\/?mibextid=qi2Omg","@patagoniambiental","https:\/\/youtube.com\/@patagoniaambiental2023?si=BLt58t0wuXquxlYZ"]}]}},"_links":{"self":[{"href":"https:\/\/patagoniambiental.com.ar\/info\/wp-json\/wp\/v2\/posts\/45668","targetHints":{"allow":["GET"]}}],"collection":[{"href":"https:\/\/patagoniambiental.com.ar\/info\/wp-json\/wp\/v2\/posts"}],"about":[{"href":"https:\/\/patagoniambiental.com.ar\/info\/wp-json\/wp\/v2\/types\/post"}],"author":[{"embeddable":true,"href":"https:\/\/patagoniambiental.com.ar\/info\/wp-json\/wp\/v2\/users\/2"}],"replies":[{"embeddable":true,"href":"https:\/\/patagoniambiental.com.ar\/info\/wp-json\/wp\/v2\/comments?post=45668"}],"version-history":[{"count":0,"href":"https:\/\/patagoniambiental.com.ar\/info\/wp-json\/wp\/v2\/posts\/45668\/revisions"}],"wp:featuredmedia":[{"embeddable":true,"href":"https:\/\/patagoniambiental.com.ar\/info\/wp-json\/wp\/v2\/media\/45669"}],"wp:attachment":[{"href":"https:\/\/patagoniambiental.com.ar\/info\/wp-json\/wp\/v2\/media?parent=45668"}],"wp:term":[{"taxonomy":"category","embeddable":true,"href":"https:\/\/patagoniambiental.com.ar\/info\/wp-json\/wp\/v2\/categories?post=45668"},{"taxonomy":"post_tag","embeddable":true,"href":"https:\/\/patagoniambiental.com.ar\/info\/wp-json\/wp\/v2\/tags?post=45668"}],"curies":[{"name":"wp","href":"https:\/\/api.w.org\/{rel}","templated":true}]}}