{"id":45762,"date":"2018-05-05T19:00:26","date_gmt":"2018-05-05T22:00:26","guid":{"rendered":"http:\/\/patagoniambiental.com.ar\/info\/?p=45762"},"modified":"2018-05-04T10:24:18","modified_gmt":"2018-05-04T13:24:18","slug":"el-deshielo-de-la-patagonia-se-acelera","status":"publish","type":"post","link":"https:\/\/patagoniambiental.com.ar\/info\/el-deshielo-de-la-patagonia-se-acelera\/","title":{"rendered":"El deshielo de la Patagonia se acelera"},"content":{"rendered":"<div class=\"grid__view grid__view--12cFull\">\n<div id=\"column-1\" class=\"portlet-column\">\n<div id=\"layout-column_column-1\" class=\"portlet-dropzone portlet-column-content portlet-column-content-first\">\n<div id=\"p_p_id_contentviewerportlet_WAR_newsportlet_INSTANCE_882e2d41f703426ba6f6a1d89fa42aad_\" class=\"portlet-boundary portlet-boundary_contentviewerportlet_WAR_newsportlet_  portlet-static portlet-static-end content-viewer-portlet \">\n<div class=\"td-portlet\">\n<section id=\"portlet_contentviewerportlet_WAR_newsportlet_INSTANCE_882e2d41f703426ba6f6a1d89fa42aad\" class=\"portlet\">\n<div class=\"portlet-content\">\n<div class=\" portlet-content-container\">\n<div class=\"portlet-body\">\n<div class=\"last td-viewer full-access\">\n<div class=\"news-detail news-detail__bg-image\">\n<div class=\"news-detail__bg-image--content\">\n<div class=\"row row--news-detail row--white news\">\n<div class=\"row__col row__col_sw_12 row__col_mw_8 row__col_lw_8\">\n<p class=\"news-detail__new__subtitle\">Europa.-Seg\u00fan un novedoso sistema de observaci\u00f3n a trav\u00e9s de sat\u00e9lite.<\/p>\n<p><!--more--><\/p>\n<div class=\"media media__images img_lr\">\n<ul class=\"galeriaFullContentbxslider galeriaFullContentbxslider18267579\">\n<li>\n<figure>\n<div><img fetchpriority=\"high\" decoding=\"async\" class=\" lazyloaded\" title=\"Una de las mediciones realizadas en la Patagonia con el nuevo sistema \/ESA\" src=\"https:\/\/www.larazon.es\/placeholder\/svg\/viewbox\/755x425\" srcset=\"\/\/www.larazon.es\/binrepository\/853x425\/49c0\/755d425\/none\/10810\/LWOU\/image_content_8127265_20180503231503.jpg 755w\" alt=\"Una de las mediciones realizadas en la Patagonia con el nuevo sistema \/ESA\" width=\"755\" height=\"425\" data-srcset=\"\/\/www.larazon.es\/binrepository\/853x425\/49c0\/755d425\/none\/10810\/LWOU\/image_content_8127265_20180503231503.jpg 755w\" \/><\/div><figcaption>Una de las mediciones realizadas en la Patagonia con el nuevo sistema \/ESA<\/figcaption><\/figure>\n<\/li>\n<\/ul>\n<\/div>\n<\/div>\n<div class=\"row__col row__col_sw_12 row__col_mw_4 row__col_lw_4\">\n<div class=\"ads ads__mediumRectangle ads__center\">\n<div id=\"sas_62749\" class=\"ad_container 62749\"><\/div>\n<\/div>\n<\/div>\n<\/div>\n<\/div>\n<\/div>\n<\/div>\n<\/div>\n<\/div>\n<\/div>\n<\/section>\n<\/div>\n<\/div>\n<div id=\"p_p_id_contentviewerportlet_WAR_newsportlet_INSTANCE_acac897575854e29a2ce77072cbae35e_\" class=\"portlet-boundary portlet-boundary_contentviewerportlet_WAR_newsportlet_  portlet-static portlet-static-end content-viewer-portlet \">\n<div class=\"td-portlet\">\n<section id=\"portlet_contentviewerportlet_WAR_newsportlet_INSTANCE_acac897575854e29a2ce77072cbae35e\" class=\"portlet\">\n<div class=\"portlet-content\">\n<div class=\" portlet-content-container\">\n<div class=\"portlet-body\">\n<div class=\"last td-viewer full-access\">\n<div>\n<div><a href=\"http:\/\/www.esa.int\/spaceinvideos\/Videos\/2018\/05\/Glaciers_in_decline\" target=\"_blank\" rel=\"nofollow noopener\">Un sat\u00e9lite de la Agencia Espacial Europea (ESA)\u00a0<\/a>ha aportado preocupantes detalles sobre c\u00f3mo los glaciares monta\u00f1osos de la Patagonia est\u00e1n sucumbiendo al cambio clim\u00e1tico, una observaci\u00f3n que no siempre resulta f\u00e1cil a ras de suelo.<\/div>\n<\/div>\n<\/div>\n<\/div>\n<\/div>\n<\/div>\n<\/section>\n<\/div>\n<\/div>\n<\/div>\n<\/div>\n<\/div>\n<div id=\"main-content\" class=\"grid__view grid__view--12c grid__view--marginBottom\" role=\"main\">\n<div id=\"column-5\" class=\"portlet-column row row--news-detail row--white\">\n<div id=\"layout-column_column-5\" class=\"portlet-dropzone portlet-column-content portlet-column-content-first\">\n<div id=\"p_p_id_118_INSTANCE_4878a95b73944db5abca486aca710703_\" class=\"portlet-boundary portlet-boundary_118_  portlet-static portlet-static-end portlet-nested-portlets \">\n<div class=\"td-portlet\">\n<section id=\"portlet_118_INSTANCE_4878a95b73944db5abca486aca710703\" class=\"portlet\">\n<div class=\"portlet-content\">\n<div class=\" portlet-content-container\">\n<div class=\"portlet-body\">\n<div id=\"_118_INSTANCE_4878a95b73944db5abca486aca710703_main-content\" class=\"grid__view grid__view--8c4c grid__view--marginBottom\" role=\"main\">\n<div class=\"portlet-layout lrrow1 row row--nopadding row--white\">\n<div id=\"_118_INSTANCE_4878a95b73944db5abca486aca710703_column-0\" class=\"portlet-column row__col row__col_sw_12 row__col_mw_8 row__col_lw_8\">\n<div id=\"layout-column__118_INSTANCE_4878a95b73944db5abca486aca710703__column-0\" class=\"portlet-dropzone portlet-column-content portlet-column-content-first\">\n<div id=\"p_p_id_contentviewerportlet_WAR_newsportlet_INSTANCE_3d7359e075f840469571a83835715dca_\" class=\"portlet-boundary portlet-boundary_contentviewerportlet_WAR_newsportlet_  portlet-static portlet-static-end content-viewer-portlet \">\n<div class=\"td-portlet\">\n<section id=\"portlet_contentviewerportlet_WAR_newsportlet_INSTANCE_3d7359e075f840469571a83835715dca\" class=\"portlet\">\n<div class=\"portlet-content\">\n<div class=\" portlet-content-container\">\n<div class=\"portlet-body\">\n<div class=\"last td-viewer full-access\">\n<div class=\"news-detail news-detail__body\">\n<div class=\"paragraph\">\n<p class=\"news-detail__paragraph\">Desde el espacio, los alt\u00edmetros de radar de los sat\u00e9lites llevan 25 a\u00f1os registrando las p\u00e9rdidas de hielo de las zonas m\u00e1s altas, aunque no siempre con la resoluci\u00f3n necesaria para precisar la envergadura del problema.<\/p>\n<p class=\"news-detail__paragraph\">Ahora, el sat\u00e9lite CryoSat de la ESA ha podido cartografiar estos glaciares con m\u00e1s detalle gracias a la realizaci\u00f3n de un barrido de la superficie, con el que se ha concluido que<b>\u00a0el retroceso de estas masas de hielo se aceler\u00f3 entre 2011 y 2017<\/b>, un periodo en el que se perdieron 21 gigatones de hielo al a\u00f1o.<\/p>\n<p class=\"news-detail__paragraph\">Esta cifra, que equivale a una elevaci\u00f3n del nivel del mar de 0,06 mil\u00edmetros, signific\u00f3<b>\u00a0un incremento del 24 % con respecto a lo que se hab\u00eda registrado entre 2000 y 2014<\/b>, seg\u00fan la ESA.<\/p>\n<div id=\"SMIntext_efec_1525438589406\"><\/div>\n<p class=\"news-detail__paragraph\">\u201cLa t\u00e9cnica de procesamiento de la franja de barrido es distinta de la altimetr\u00eda por radar convencional. Con el\u00a0<b>novedoso modo interferom\u00e9trico de CryoSat<\/b>, vemos c\u00f3mo el frente de la onda de radar interact\u00faa con la superficie\u201d, explica Noel Gourmelen, de la Universidad de Edimburgo.<\/p>\n<p class=\"news-detail__paragraph\">\u201cA continuaci\u00f3n podemos extraer la franja completa de elevaciones, en lugar de los puntos de elevaci\u00f3n individuales. Esto est\u00e1 revolucionando el uso de CryoSat en terrenos helados complejos, ya que proporciona m\u00e1s detalles de lo que nunca cre\u00edmos posible\u201d, a\u00f1ade en un comunicado de la ESA.<\/p>\n<p class=\"news-detail__paragraph\"><a href=\"https:\/\/www.sciencedirect.com\/science\/article\/pii\/S0034425718301421\" target=\"_blank\" rel=\"nofollow noopener\">Un\u00a0<u>art\u00edculo\u00a0<\/u>publicado<\/a>\u00a0recientemente enRemote Sensing of Environmentdescribe c\u00f3mo esta t\u00e9cnica se ha empleado para revelar patrones complejos en la altura cambiante de los glaciares patag\u00f3nicos, y c\u00f3mo gracias a estas observaciones se ha podido medir la magnitud del retroceso.<\/p>\n<p class=\"news-detail__paragraph\">\u201cPor ejemplo, el glaciar Jorge Montt, que llega hasta el oc\u00e9ano, retrocedi\u00f3 2,5km y perdi\u00f3 unos 2,2gigatones al a\u00f1o, mientras que el glaciar Upsala, que desagua en un lago, perdi\u00f3 2,68gigatones al a\u00f1o\u201d, explica Luca Foresta, tambi\u00e9n de la Universidad de Edimburgo.<\/p>\n<p class=\"news-detail__paragraph\">\u201cEn cambio, el glaciar P\u00edoXI, que es el m\u00e1s grandes de Sudam\u00e9rica, avanz\u00f3 y adquiri\u00f3 masa a un ritmo de 0,67gigatones al a\u00f1o\u201d.<\/p>\n<p>Fuente:\u00a0https:\/\/www.larazon.es\/sociedad\/medio-ambiente\/el-deshielo-de-la-patagonia-se-acelera-MN18267579<\/p>\n<\/div>\n<\/div>\n<\/div>\n<\/div>\n<\/div>\n<\/div>\n<\/section>\n<\/div>\n<\/div>\n<\/div>\n<\/div>\n<\/div>\n<\/div>\n<\/div>\n<\/div>\n<\/div>\n<\/section>\n<\/div>\n<\/div>\n<\/div>\n<\/div>\n<\/div>\n","protected":false},"excerpt":{"rendered":"<p>Europa.-Seg\u00fan un novedoso sistema de observaci\u00f3n a trav\u00e9s de sat\u00e9lite.<\/p>\n","protected":false},"author":2,"featured_media":45763,"comment_status":"open","ping_status":"open","sticky":false,"template":"","format":"standard","meta":{"site-sidebar-layout":"default","site-content-layout":"","ast-site-content-layout":"default","site-content-style":"default","site-sidebar-style":"default","ast-global-header-display":"","ast-banner-title-visibility":"","ast-main-header-display":"","ast-hfb-above-header-display":"","ast-hfb-below-header-display":"","ast-hfb-mobile-header-display":"","site-post-title":"","ast-breadcrumbs-content":"","ast-featured-img":"","footer-sml-layout":"","ast-disable-related-posts":"","theme-transparent-header-meta":"","adv-header-id-meta":"","stick-header-meta":"","header-above-stick-meta":"","header-main-stick-meta":"","header-below-stick-meta":"","astra-migrate-meta-layouts":"default","ast-page-background-enabled":"default","ast-page-background-meta":{"desktop":{"background-color":"var(--ast-global-color-5)","background-image":"","background-repeat":"repeat","background-position":"center center","background-size":"auto","background-attachment":"scroll","background-type":"","background-media":"","overlay-type":"","overlay-color":"","overlay-opacity":"","overlay-gradient":""},"tablet":{"background-color":"","background-image":"","background-repeat":"repeat","background-position":"center center","background-size":"auto","background-attachment":"scroll","background-type":"","background-media":"","overlay-type":"","overlay-color":"","overlay-opacity":"","overlay-gradient":""},"mobile":{"background-color":"","background-image":"","background-repeat":"repeat","background-position":"center center","background-size":"auto","background-attachment":"scroll","background-type":"","background-media":"","overlay-type":"","overlay-color":"","overlay-opacity":"","overlay-gradient":""}},"ast-content-background-meta":{"desktop":{"background-color":"var(--ast-global-color-4)","background-image":"","background-repeat":"repeat","background-position":"center center","background-size":"auto","background-attachment":"scroll","background-type":"","background-media":"","overlay-type":"","overlay-color":"","overlay-opacity":"","overlay-gradient":""},"tablet":{"background-color":"var(--ast-global-color-4)","background-image":"","background-repeat":"repeat","background-position":"center center","background-size":"auto","background-attachment":"scroll","background-type":"","background-media":"","overlay-type":"","overlay-color":"","overlay-opacity":"","overlay-gradient":""},"mobile":{"background-color":"var(--ast-global-color-4)","background-image":"","background-repeat":"repeat","background-position":"center center","background-size":"auto","background-attachment":"scroll","background-type":"","background-media":"","overlay-type":"","overlay-color":"","overlay-opacity":"","overlay-gradient":""}},"footnotes":""},"categories":[23,1],"tags":[],"class_list":["post-45762","post","type-post","status-publish","format-standard","has-post-thumbnail","hentry","category-internacionales","category-noticias"],"yoast_head":"<!-- This site is optimized with the Yoast SEO Premium plugin v23.0 (Yoast SEO v27.4) - https:\/\/yoast.com\/product\/yoast-seo-premium-wordpress\/ -->\n<title>El deshielo de la Patagonia se acelera<\/title>\n<meta name=\"robots\" content=\"index, follow, max-snippet:-1, max-image-preview:large, max-video-preview:-1\" \/>\n<link rel=\"canonical\" href=\"https:\/\/patagoniambiental.com.ar\/info\/el-deshielo-de-la-patagonia-se-acelera\/\" \/>\n<meta property=\"og:locale\" content=\"es_ES\" \/>\n<meta property=\"og:type\" content=\"article\" \/>\n<meta property=\"og:title\" content=\"El deshielo de la Patagonia se acelera\" \/>\n<meta property=\"og:description\" content=\"Europa.-Seg\u00fan un novedoso sistema de observaci\u00f3n a trav\u00e9s de sat\u00e9lite.\" \/>\n<meta property=\"og:url\" content=\"https:\/\/patagoniambiental.com.ar\/info\/el-deshielo-de-la-patagonia-se-acelera\/\" \/>\n<meta property=\"og:site_name\" content=\"Patagonia Ambiental\" \/>\n<meta property=\"article:publisher\" content=\"https:\/\/www.facebook.com\/patagonia.ambiental\" \/>\n<meta property=\"article:author\" content=\"https:\/\/www.facebook.com\/share\/1C1V8Gv9BX\/?mibextid=qi2Omg\" \/>\n<meta property=\"article:published_time\" content=\"2018-05-05T22:00:26+00:00\" \/>\n<meta property=\"og:image\" content=\"https:\/\/patagoniambiental.com.ar\/info\/wp-content\/uploads\/2018\/05\/image_content_8127265_20180503231503.jpg\" \/>\n\t<meta property=\"og:image:width\" content=\"755\" \/>\n\t<meta property=\"og:image:height\" content=\"425\" \/>\n\t<meta property=\"og:image:type\" content=\"image\/jpeg\" \/>\n<meta name=\"author\" content=\"Patagonia Ambiental\" \/>\n<meta name=\"twitter:card\" content=\"summary_large_image\" \/>\n<meta name=\"twitter:creator\" content=\"@PatAmb\" \/>\n<meta name=\"twitter:site\" content=\"@PatAmb\" \/>\n<script type=\"application\/ld+json\" class=\"yoast-schema-graph\">{\"@context\":\"https:\\\/\\\/schema.org\",\"@graph\":[{\"@type\":\"Article\",\"@id\":\"https:\\\/\\\/patagoniambiental.com.ar\\\/info\\\/el-deshielo-de-la-patagonia-se-acelera\\\/#article\",\"isPartOf\":{\"@id\":\"https:\\\/\\\/patagoniambiental.com.ar\\\/info\\\/el-deshielo-de-la-patagonia-se-acelera\\\/\"},\"author\":{\"name\":\"Patagonia Ambiental\",\"@id\":\"https:\\\/\\\/patagoniambiental.com.ar\\\/info\\\/#\\\/schema\\\/person\\\/db12bff64bbcbf6a253710bf0ea37b5d\"},\"headline\":\"El deshielo de la Patagonia se acelera\",\"datePublished\":\"2018-05-05T22:00:26+00:00\",\"mainEntityOfPage\":{\"@id\":\"https:\\\/\\\/patagoniambiental.com.ar\\\/info\\\/el-deshielo-de-la-patagonia-se-acelera\\\/\"},\"wordCount\":439,\"commentCount\":0,\"publisher\":{\"@id\":\"https:\\\/\\\/patagoniambiental.com.ar\\\/info\\\/#organization\"},\"image\":{\"@id\":\"https:\\\/\\\/patagoniambiental.com.ar\\\/info\\\/el-deshielo-de-la-patagonia-se-acelera\\\/#primaryimage\"},\"thumbnailUrl\":\"https:\\\/\\\/patagoniambiental.com.ar\\\/info\\\/wp-content\\\/uploads\\\/2018\\\/05\\\/image_content_8127265_20180503231503.jpg\",\"articleSection\":[\"Internacionales\",\"Noticias\"],\"inLanguage\":\"es\",\"potentialAction\":[{\"@type\":\"CommentAction\",\"name\":\"Comment\",\"target\":[\"https:\\\/\\\/patagoniambiental.com.ar\\\/info\\\/el-deshielo-de-la-patagonia-se-acelera\\\/#respond\"]}]},{\"@type\":\"WebPage\",\"@id\":\"https:\\\/\\\/patagoniambiental.com.ar\\\/info\\\/el-deshielo-de-la-patagonia-se-acelera\\\/\",\"url\":\"https:\\\/\\\/patagoniambiental.com.ar\\\/info\\\/el-deshielo-de-la-patagonia-se-acelera\\\/\",\"name\":\"El deshielo de la Patagonia se acelera\",\"isPartOf\":{\"@id\":\"https:\\\/\\\/patagoniambiental.com.ar\\\/info\\\/#website\"},\"primaryImageOfPage\":{\"@id\":\"https:\\\/\\\/patagoniambiental.com.ar\\\/info\\\/el-deshielo-de-la-patagonia-se-acelera\\\/#primaryimage\"},\"image\":{\"@id\":\"https:\\\/\\\/patagoniambiental.com.ar\\\/info\\\/el-deshielo-de-la-patagonia-se-acelera\\\/#primaryimage\"},\"thumbnailUrl\":\"https:\\\/\\\/patagoniambiental.com.ar\\\/info\\\/wp-content\\\/uploads\\\/2018\\\/05\\\/image_content_8127265_20180503231503.jpg\",\"datePublished\":\"2018-05-05T22:00:26+00:00\",\"breadcrumb\":{\"@id\":\"https:\\\/\\\/patagoniambiental.com.ar\\\/info\\\/el-deshielo-de-la-patagonia-se-acelera\\\/#breadcrumb\"},\"inLanguage\":\"es\",\"potentialAction\":[{\"@type\":\"ReadAction\",\"target\":[\"https:\\\/\\\/patagoniambiental.com.ar\\\/info\\\/el-deshielo-de-la-patagonia-se-acelera\\\/\"]}]},{\"@type\":\"ImageObject\",\"inLanguage\":\"es\",\"@id\":\"https:\\\/\\\/patagoniambiental.com.ar\\\/info\\\/el-deshielo-de-la-patagonia-se-acelera\\\/#primaryimage\",\"url\":\"https:\\\/\\\/patagoniambiental.com.ar\\\/info\\\/wp-content\\\/uploads\\\/2018\\\/05\\\/image_content_8127265_20180503231503.jpg\",\"contentUrl\":\"https:\\\/\\\/patagoniambiental.com.ar\\\/info\\\/wp-content\\\/uploads\\\/2018\\\/05\\\/image_content_8127265_20180503231503.jpg\",\"width\":755,\"height\":425},{\"@type\":\"BreadcrumbList\",\"@id\":\"https:\\\/\\\/patagoniambiental.com.ar\\\/info\\\/el-deshielo-de-la-patagonia-se-acelera\\\/#breadcrumb\",\"itemListElement\":[{\"@type\":\"ListItem\",\"position\":1,\"name\":\"Inicio\",\"item\":\"https:\\\/\\\/patagoniambiental.com.ar\\\/info\\\/\"},{\"@type\":\"ListItem\",\"position\":2,\"name\":\"El deshielo de la Patagonia se acelera\"}]},{\"@type\":\"WebSite\",\"@id\":\"https:\\\/\\\/patagoniambiental.com.ar\\\/info\\\/#website\",\"url\":\"https:\\\/\\\/patagoniambiental.com.ar\\\/info\\\/\",\"name\":\"Patagonia Ambiental\",\"description\":\"Monitoreo y an\u00e1lisis de la situaci\u00f3n geopol\u00edtica en el mundo y su implicancia en la Patagonia\",\"publisher\":{\"@id\":\"https:\\\/\\\/patagoniambiental.com.ar\\\/info\\\/#organization\"},\"potentialAction\":[{\"@type\":\"SearchAction\",\"target\":{\"@type\":\"EntryPoint\",\"urlTemplate\":\"https:\\\/\\\/patagoniambiental.com.ar\\\/info\\\/?s={search_term_string}\"},\"query-input\":{\"@type\":\"PropertyValueSpecification\",\"valueRequired\":true,\"valueName\":\"search_term_string\"}}],\"inLanguage\":\"es\"},{\"@type\":\"Organization\",\"@id\":\"https:\\\/\\\/patagoniambiental.com.ar\\\/info\\\/#organization\",\"name\":\"Patagonia Ambiental\",\"url\":\"https:\\\/\\\/patagoniambiental.com.ar\\\/info\\\/\",\"logo\":{\"@type\":\"ImageObject\",\"inLanguage\":\"es\",\"@id\":\"https:\\\/\\\/patagoniambiental.com.ar\\\/info\\\/#\\\/schema\\\/logo\\\/image\\\/\",\"url\":\"https:\\\/\\\/patagoniambiental.com.ar\\\/info\\\/wp-content\\\/uploads\\\/2025\\\/05\\\/LOGO-PATAGONIA-AMBIENTAL.png\",\"contentUrl\":\"https:\\\/\\\/patagoniambiental.com.ar\\\/info\\\/wp-content\\\/uploads\\\/2025\\\/05\\\/LOGO-PATAGONIA-AMBIENTAL.png\",\"width\":433,\"height\":250,\"caption\":\"Patagonia Ambiental\"},\"image\":{\"@id\":\"https:\\\/\\\/patagoniambiental.com.ar\\\/info\\\/#\\\/schema\\\/logo\\\/image\\\/\"},\"sameAs\":[\"https:\\\/\\\/www.facebook.com\\\/patagonia.ambiental\",\"https:\\\/\\\/x.com\\\/PatAmb\"]},{\"@type\":\"Person\",\"@id\":\"https:\\\/\\\/patagoniambiental.com.ar\\\/info\\\/#\\\/schema\\\/person\\\/db12bff64bbcbf6a253710bf0ea37b5d\",\"name\":\"Patagonia Ambiental\",\"description\":\"Andr\u00e9s Nievas T\u00e9cnico en manejo ambiental, consultor Ambiental y escritor para medios locales e internacionales sobre temas de geopolitica y medio ambiente.\",\"sameAs\":[\"http:\\\/\\\/www.patagoniambiental.com.ar\",\"https:\\\/\\\/www.facebook.com\\\/share\\\/1C1V8Gv9BX\\\/?mibextid=qi2Omg\",\"@patagoniambiental\",\"https:\\\/\\\/youtube.com\\\/@patagoniaambiental2023?si=BLt58t0wuXquxlYZ\"]}]}<\/script>\n<!-- \/ Yoast SEO Premium plugin. -->","yoast_head_json":{"title":"El deshielo de la Patagonia se acelera","robots":{"index":"index","follow":"follow","max-snippet":"max-snippet:-1","max-image-preview":"max-image-preview:large","max-video-preview":"max-video-preview:-1"},"canonical":"https:\/\/patagoniambiental.com.ar\/info\/el-deshielo-de-la-patagonia-se-acelera\/","og_locale":"es_ES","og_type":"article","og_title":"El deshielo de la Patagonia se acelera","og_description":"Europa.-Seg\u00fan un novedoso sistema de observaci\u00f3n a trav\u00e9s de sat\u00e9lite.","og_url":"https:\/\/patagoniambiental.com.ar\/info\/el-deshielo-de-la-patagonia-se-acelera\/","og_site_name":"Patagonia Ambiental","article_publisher":"https:\/\/www.facebook.com\/patagonia.ambiental","article_author":"https:\/\/www.facebook.com\/share\/1C1V8Gv9BX\/?mibextid=qi2Omg","article_published_time":"2018-05-05T22:00:26+00:00","og_image":[{"width":755,"height":425,"url":"https:\/\/patagoniambiental.com.ar\/info\/wp-content\/uploads\/2018\/05\/image_content_8127265_20180503231503.jpg","type":"image\/jpeg"}],"author":"Patagonia Ambiental","twitter_card":"summary_large_image","twitter_creator":"@PatAmb","twitter_site":"@PatAmb","schema":{"@context":"https:\/\/schema.org","@graph":[{"@type":"Article","@id":"https:\/\/patagoniambiental.com.ar\/info\/el-deshielo-de-la-patagonia-se-acelera\/#article","isPartOf":{"@id":"https:\/\/patagoniambiental.com.ar\/info\/el-deshielo-de-la-patagonia-se-acelera\/"},"author":{"name":"Patagonia Ambiental","@id":"https:\/\/patagoniambiental.com.ar\/info\/#\/schema\/person\/db12bff64bbcbf6a253710bf0ea37b5d"},"headline":"El deshielo de la Patagonia se acelera","datePublished":"2018-05-05T22:00:26+00:00","mainEntityOfPage":{"@id":"https:\/\/patagoniambiental.com.ar\/info\/el-deshielo-de-la-patagonia-se-acelera\/"},"wordCount":439,"commentCount":0,"publisher":{"@id":"https:\/\/patagoniambiental.com.ar\/info\/#organization"},"image":{"@id":"https:\/\/patagoniambiental.com.ar\/info\/el-deshielo-de-la-patagonia-se-acelera\/#primaryimage"},"thumbnailUrl":"https:\/\/patagoniambiental.com.ar\/info\/wp-content\/uploads\/2018\/05\/image_content_8127265_20180503231503.jpg","articleSection":["Internacionales","Noticias"],"inLanguage":"es","potentialAction":[{"@type":"CommentAction","name":"Comment","target":["https:\/\/patagoniambiental.com.ar\/info\/el-deshielo-de-la-patagonia-se-acelera\/#respond"]}]},{"@type":"WebPage","@id":"https:\/\/patagoniambiental.com.ar\/info\/el-deshielo-de-la-patagonia-se-acelera\/","url":"https:\/\/patagoniambiental.com.ar\/info\/el-deshielo-de-la-patagonia-se-acelera\/","name":"El deshielo de la Patagonia se acelera","isPartOf":{"@id":"https:\/\/patagoniambiental.com.ar\/info\/#website"},"primaryImageOfPage":{"@id":"https:\/\/patagoniambiental.com.ar\/info\/el-deshielo-de-la-patagonia-se-acelera\/#primaryimage"},"image":{"@id":"https:\/\/patagoniambiental.com.ar\/info\/el-deshielo-de-la-patagonia-se-acelera\/#primaryimage"},"thumbnailUrl":"https:\/\/patagoniambiental.com.ar\/info\/wp-content\/uploads\/2018\/05\/image_content_8127265_20180503231503.jpg","datePublished":"2018-05-05T22:00:26+00:00","breadcrumb":{"@id":"https:\/\/patagoniambiental.com.ar\/info\/el-deshielo-de-la-patagonia-se-acelera\/#breadcrumb"},"inLanguage":"es","potentialAction":[{"@type":"ReadAction","target":["https:\/\/patagoniambiental.com.ar\/info\/el-deshielo-de-la-patagonia-se-acelera\/"]}]},{"@type":"ImageObject","inLanguage":"es","@id":"https:\/\/patagoniambiental.com.ar\/info\/el-deshielo-de-la-patagonia-se-acelera\/#primaryimage","url":"https:\/\/patagoniambiental.com.ar\/info\/wp-content\/uploads\/2018\/05\/image_content_8127265_20180503231503.jpg","contentUrl":"https:\/\/patagoniambiental.com.ar\/info\/wp-content\/uploads\/2018\/05\/image_content_8127265_20180503231503.jpg","width":755,"height":425},{"@type":"BreadcrumbList","@id":"https:\/\/patagoniambiental.com.ar\/info\/el-deshielo-de-la-patagonia-se-acelera\/#breadcrumb","itemListElement":[{"@type":"ListItem","position":1,"name":"Inicio","item":"https:\/\/patagoniambiental.com.ar\/info\/"},{"@type":"ListItem","position":2,"name":"El deshielo de la Patagonia se acelera"}]},{"@type":"WebSite","@id":"https:\/\/patagoniambiental.com.ar\/info\/#website","url":"https:\/\/patagoniambiental.com.ar\/info\/","name":"Patagonia Ambiental","description":"Monitoreo y an\u00e1lisis de la situaci\u00f3n geopol\u00edtica en el mundo y su implicancia en la Patagonia","publisher":{"@id":"https:\/\/patagoniambiental.com.ar\/info\/#organization"},"potentialAction":[{"@type":"SearchAction","target":{"@type":"EntryPoint","urlTemplate":"https:\/\/patagoniambiental.com.ar\/info\/?s={search_term_string}"},"query-input":{"@type":"PropertyValueSpecification","valueRequired":true,"valueName":"search_term_string"}}],"inLanguage":"es"},{"@type":"Organization","@id":"https:\/\/patagoniambiental.com.ar\/info\/#organization","name":"Patagonia Ambiental","url":"https:\/\/patagoniambiental.com.ar\/info\/","logo":{"@type":"ImageObject","inLanguage":"es","@id":"https:\/\/patagoniambiental.com.ar\/info\/#\/schema\/logo\/image\/","url":"https:\/\/patagoniambiental.com.ar\/info\/wp-content\/uploads\/2025\/05\/LOGO-PATAGONIA-AMBIENTAL.png","contentUrl":"https:\/\/patagoniambiental.com.ar\/info\/wp-content\/uploads\/2025\/05\/LOGO-PATAGONIA-AMBIENTAL.png","width":433,"height":250,"caption":"Patagonia Ambiental"},"image":{"@id":"https:\/\/patagoniambiental.com.ar\/info\/#\/schema\/logo\/image\/"},"sameAs":["https:\/\/www.facebook.com\/patagonia.ambiental","https:\/\/x.com\/PatAmb"]},{"@type":"Person","@id":"https:\/\/patagoniambiental.com.ar\/info\/#\/schema\/person\/db12bff64bbcbf6a253710bf0ea37b5d","name":"Patagonia Ambiental","description":"Andr\u00e9s Nievas T\u00e9cnico en manejo ambiental, consultor Ambiental y escritor para medios locales e internacionales sobre temas de geopolitica y medio ambiente.","sameAs":["http:\/\/www.patagoniambiental.com.ar","https:\/\/www.facebook.com\/share\/1C1V8Gv9BX\/?mibextid=qi2Omg","@patagoniambiental","https:\/\/youtube.com\/@patagoniaambiental2023?si=BLt58t0wuXquxlYZ"]}]}},"_links":{"self":[{"href":"https:\/\/patagoniambiental.com.ar\/info\/wp-json\/wp\/v2\/posts\/45762","targetHints":{"allow":["GET"]}}],"collection":[{"href":"https:\/\/patagoniambiental.com.ar\/info\/wp-json\/wp\/v2\/posts"}],"about":[{"href":"https:\/\/patagoniambiental.com.ar\/info\/wp-json\/wp\/v2\/types\/post"}],"author":[{"embeddable":true,"href":"https:\/\/patagoniambiental.com.ar\/info\/wp-json\/wp\/v2\/users\/2"}],"replies":[{"embeddable":true,"href":"https:\/\/patagoniambiental.com.ar\/info\/wp-json\/wp\/v2\/comments?post=45762"}],"version-history":[{"count":0,"href":"https:\/\/patagoniambiental.com.ar\/info\/wp-json\/wp\/v2\/posts\/45762\/revisions"}],"wp:featuredmedia":[{"embeddable":true,"href":"https:\/\/patagoniambiental.com.ar\/info\/wp-json\/wp\/v2\/media\/45763"}],"wp:attachment":[{"href":"https:\/\/patagoniambiental.com.ar\/info\/wp-json\/wp\/v2\/media?parent=45762"}],"wp:term":[{"taxonomy":"category","embeddable":true,"href":"https:\/\/patagoniambiental.com.ar\/info\/wp-json\/wp\/v2\/categories?post=45762"},{"taxonomy":"post_tag","embeddable":true,"href":"https:\/\/patagoniambiental.com.ar\/info\/wp-json\/wp\/v2\/tags?post=45762"}],"curies":[{"name":"wp","href":"https:\/\/api.w.org\/{rel}","templated":true}]}}