{"id":45895,"date":"2018-05-07T19:00:20","date_gmt":"2018-05-07T22:00:20","guid":{"rendered":"http:\/\/patagoniambiental.com.ar\/info\/?p=45895"},"modified":"2018-05-07T10:44:40","modified_gmt":"2018-05-07T13:44:40","slug":"tobin-pide-a-trump-que-rectifique-y-regrese-al-acuerdo-de-paris-sobre-el-cambio-climatico","status":"publish","type":"post","link":"https:\/\/patagoniambiental.com.ar\/info\/tobin-pide-a-trump-que-rectifique-y-regrese-al-acuerdo-de-paris-sobre-el-cambio-climatico\/","title":{"rendered":"Tobin pide a Trump que rectifique y regrese al Acuerdo de Par\u00eds sobre el cambio clim\u00e1tico"},"content":{"rendered":"<p>Estados Unidos.-EL CARDENAL RECUERDA QUE EL CALENTAMIENTO GLOBAL \u00abES UNA CUESTI\u00d3N MORAL URGENTE\u00bb.<\/p>\n<p><!--more--><\/p>\n<p>Exige que \u00abse asegure de que EEUU siga siendo un l\u00edder global en la reducci\u00f3n de emisiones\u00bb<\/p>\n<p>El cambio clim\u00e1tico pone en peligro el futuro de nuestra casa com\u00fan, amenaza a la vida y dignidad humanas, e incrementa las dificultades que ya experimentan las personas m\u00e1s pobres y m\u00e1s vulnerables<br \/>\nLos obispos de EEUU califican de \u00abprofundamente preocupante\u00bb el portazo de Trump al Acuerdo de Par\u00eds<br \/>\n(Cameron Doody).- Que Donald Trump \u00abse asegure de que los Estados Unidos siga siendo un l\u00edder global en la reducci\u00f3n de emisiones\u00bb y que \u00abvuelva a la comunidad global y al Acuerdo de Par\u00eds\u00bb. Esta es la petici\u00f3n del cardenal Joseph Tobin, quien acaba de firmar la Declaraci\u00f3n Cat\u00f3lica de los EEUU sobre el Clima: la respuesta de la Iglesia estadounidense a la retirada del mandatario republicano del convenio internacional que obliga a mantener el calentamiento global por debajo de los 2 grados.<\/p>\n<p>La archidi\u00f3cesis de Newark, de la que Tobin est\u00e1 al frente, inform\u00f3 el 2 de mayo que el purpurado no solo firm\u00f3 la Declaraci\u00f3n sino que inst\u00f3 a todas las parroquias, escuelas y otras instituciones de la archidi\u00f3cesis a hacer lo mismo. El documento reafirma que, pese a la anunciada retirada de Trump, la Iglesia cat\u00f3lica sigue considerando la lucha contra el cambio clim\u00e1tico como una \u00abcuesti\u00f3n moral urgente\u00bb.<\/p>\n<p>El calentamiento global \u00abpone en peligro el futuro de nuestra casa com\u00fan, amenaza a la vida y dignidad humanas, e incrementa las dificultades que ya experimentan las personas m\u00e1s pobres y m\u00e1s vulnerables, tanto aqu\u00ed como en el extranjero\u00bb.<\/p>\n<p>\u00abEnse\u00f1amos que los gobiernos existen para proteger y promover el bien com\u00fan\u00bb, contin\u00faa la petici\u00f3n, que prosigue citando al Papa Francisco en la Laudato si&#8217;, 23: \u00abEl clima es un bien com\u00fan, de todos y para todos\u00bb.<\/p>\n<p>El hecho de que Tobin suscribiera la Declaraci\u00f3n la semana pasada es especialmente notable, ya que representantes de la comunidad internacional est\u00e1n reunidos estos d\u00edas en Alemania para preparar la Convenci\u00f3n Marco de la ONU sobre el cambio clim\u00e1tico (COP24), que tendr\u00e1 lugar en Polonia en diciembre.<\/p>\n<p>La Declaraci\u00f3n Cat\u00f3lica de los EEUU sobre el Clima representa el equivalente eclesial a una iniciativa civil que ya ha reunido las firmas de m\u00e1s de 2.700 gobernadores estatales, alcaldes, presidentes universitarios y empresarios que representan a m\u00e1s de 158 millones de estadounidenses, todos ellos de acuerdo con que el presidente Trump debe rectificar.<\/p>\n<p>La Declaraci\u00f3n busca un di\u00e1logo no partidista que vaya m\u00e1s all\u00e1 \u00abde la pol\u00edtica y la econom\u00eda\u00bb para dar respuesta al deber moral \u00aba la creaci\u00f3n de Dios y nuestro futuro com\u00fan\u00bb, en palabras del director adjunto de la iniciativa, Jos\u00e9 Aguto.<\/p>\n<p>Fuente:\u00a0http:\/\/www.periodistadigital.com\/religion\/america\/2018\/05\/07\/religion-iglesia-america-eeuu-cardenal-tobin-trump-acuerdo-paris-cambio-climatico.shtml<\/p>\n","protected":false},"excerpt":{"rendered":"<p>Estados Unidos.-EL CARDENAL RECUERDA QUE EL CALENTAMIENTO GLOBAL \u00abES UNA CUESTI\u00d3N MORAL URGENTE\u00bb.<\/p>\n","protected":false},"author":2,"featured_media":45896,"comment_status":"open","ping_status":"open","sticky":false,"template":"","format":"standard","meta":{"site-sidebar-layout":"default","site-content-layout":"","ast-site-content-layout":"default","site-content-style":"default","site-sidebar-style":"default","ast-global-header-display":"","ast-banner-title-visibility":"","ast-main-header-display":"","ast-hfb-above-header-display":"","ast-hfb-below-header-display":"","ast-hfb-mobile-header-display":"","site-post-title":"","ast-breadcrumbs-content":"","ast-featured-img":"","footer-sml-layout":"","ast-disable-related-posts":"","theme-transparent-header-meta":"","adv-header-id-meta":"","stick-header-meta":"","header-above-stick-meta":"","header-main-stick-meta":"","header-below-stick-meta":"","astra-migrate-meta-layouts":"default","ast-page-background-enabled":"default","ast-page-background-meta":{"desktop":{"background-color":"var(--ast-global-color-5)","background-image":"","background-repeat":"repeat","background-position":"center center","background-size":"auto","background-attachment":"scroll","background-type":"","background-media":"","overlay-type":"","overlay-color":"","overlay-opacity":"","overlay-gradient":""},"tablet":{"background-color":"","background-image":"","background-repeat":"repeat","background-position":"center center","background-size":"auto","background-attachment":"scroll","background-type":"","background-media":"","overlay-type":"","overlay-color":"","overlay-opacity":"","overlay-gradient":""},"mobile":{"background-color":"","background-image":"","background-repeat":"repeat","background-position":"center center","background-size":"auto","background-attachment":"scroll","background-type":"","background-media":"","overlay-type":"","overlay-color":"","overlay-opacity":"","overlay-gradient":""}},"ast-content-background-meta":{"desktop":{"background-color":"var(--ast-global-color-4)","background-image":"","background-repeat":"repeat","background-position":"center center","background-size":"auto","background-attachment":"scroll","background-type":"","background-media":"","overlay-type":"","overlay-color":"","overlay-opacity":"","overlay-gradient":""},"tablet":{"background-color":"var(--ast-global-color-4)","background-image":"","background-repeat":"repeat","background-position":"center center","background-size":"auto","background-attachment":"scroll","background-type":"","background-media":"","overlay-type":"","overlay-color":"","overlay-opacity":"","overlay-gradient":""},"mobile":{"background-color":"var(--ast-global-color-4)","background-image":"","background-repeat":"repeat","background-position":"center center","background-size":"auto","background-attachment":"scroll","background-type":"","background-media":"","overlay-type":"","overlay-color":"","overlay-opacity":"","overlay-gradient":""}},"footnotes":""},"categories":[23,1],"tags":[],"class_list":["post-45895","post","type-post","status-publish","format-standard","has-post-thumbnail","hentry","category-internacionales","category-noticias"],"yoast_head":"<!-- This site is optimized with the Yoast SEO Premium plugin v23.0 (Yoast SEO v27.4) - https:\/\/yoast.com\/product\/yoast-seo-premium-wordpress\/ -->\n<title>Tobin pide a Trump que rectifique y regrese al Acuerdo de Par\u00eds sobre el cambio clim\u00e1tico<\/title>\n<meta name=\"robots\" content=\"index, follow, max-snippet:-1, max-image-preview:large, max-video-preview:-1\" \/>\n<link rel=\"canonical\" href=\"https:\/\/patagoniambiental.com.ar\/info\/tobin-pide-a-trump-que-rectifique-y-regrese-al-acuerdo-de-paris-sobre-el-cambio-climatico\/\" \/>\n<meta property=\"og:locale\" content=\"es_ES\" \/>\n<meta property=\"og:type\" content=\"article\" \/>\n<meta property=\"og:title\" content=\"Tobin pide a Trump que rectifique y regrese al Acuerdo de Par\u00eds sobre el cambio clim\u00e1tico\" \/>\n<meta property=\"og:description\" content=\"Estados Unidos.-EL CARDENAL RECUERDA QUE EL CALENTAMIENTO GLOBAL \u00abES UNA CUESTI\u00d3N MORAL URGENTE\u00bb.\" \/>\n<meta property=\"og:url\" content=\"https:\/\/patagoniambiental.com.ar\/info\/tobin-pide-a-trump-que-rectifique-y-regrese-al-acuerdo-de-paris-sobre-el-cambio-climatico\/\" \/>\n<meta property=\"og:site_name\" content=\"Patagonia Ambiental\" \/>\n<meta property=\"article:publisher\" content=\"https:\/\/www.facebook.com\/patagonia.ambiental\" \/>\n<meta property=\"article:author\" content=\"https:\/\/www.facebook.com\/share\/1C1V8Gv9BX\/?mibextid=qi2Omg\" \/>\n<meta property=\"article:published_time\" content=\"2018-05-07T22:00:20+00:00\" \/>\n<meta property=\"og:image\" content=\"https:\/\/patagoniambiental.com.ar\/info\/wp-content\/uploads\/2018\/05\/tobin-720_560x280.jpg\" \/>\n\t<meta property=\"og:image:width\" content=\"560\" \/>\n\t<meta property=\"og:image:height\" content=\"280\" \/>\n\t<meta property=\"og:image:type\" content=\"image\/jpeg\" \/>\n<meta name=\"author\" content=\"Patagonia Ambiental\" \/>\n<meta name=\"twitter:card\" content=\"summary_large_image\" \/>\n<meta name=\"twitter:creator\" content=\"@PatAmb\" \/>\n<meta name=\"twitter:site\" content=\"@PatAmb\" \/>\n<script type=\"application\/ld+json\" class=\"yoast-schema-graph\">{\"@context\":\"https:\\\/\\\/schema.org\",\"@graph\":[{\"@type\":\"Article\",\"@id\":\"https:\\\/\\\/patagoniambiental.com.ar\\\/info\\\/tobin-pide-a-trump-que-rectifique-y-regrese-al-acuerdo-de-paris-sobre-el-cambio-climatico\\\/#article\",\"isPartOf\":{\"@id\":\"https:\\\/\\\/patagoniambiental.com.ar\\\/info\\\/tobin-pide-a-trump-que-rectifique-y-regrese-al-acuerdo-de-paris-sobre-el-cambio-climatico\\\/\"},\"author\":{\"name\":\"Patagonia Ambiental\",\"@id\":\"https:\\\/\\\/patagoniambiental.com.ar\\\/info\\\/#\\\/schema\\\/person\\\/db12bff64bbcbf6a253710bf0ea37b5d\"},\"headline\":\"Tobin pide a Trump que rectifique y regrese al Acuerdo de Par\u00eds sobre el cambio clim\u00e1tico\",\"datePublished\":\"2018-05-07T22:00:20+00:00\",\"mainEntityOfPage\":{\"@id\":\"https:\\\/\\\/patagoniambiental.com.ar\\\/info\\\/tobin-pide-a-trump-que-rectifique-y-regrese-al-acuerdo-de-paris-sobre-el-cambio-climatico\\\/\"},\"wordCount\":518,\"commentCount\":0,\"publisher\":{\"@id\":\"https:\\\/\\\/patagoniambiental.com.ar\\\/info\\\/#organization\"},\"image\":{\"@id\":\"https:\\\/\\\/patagoniambiental.com.ar\\\/info\\\/tobin-pide-a-trump-que-rectifique-y-regrese-al-acuerdo-de-paris-sobre-el-cambio-climatico\\\/#primaryimage\"},\"thumbnailUrl\":\"https:\\\/\\\/patagoniambiental.com.ar\\\/info\\\/wp-content\\\/uploads\\\/2018\\\/05\\\/tobin-720_560x280.jpg\",\"articleSection\":[\"Internacionales\",\"Noticias\"],\"inLanguage\":\"es\",\"potentialAction\":[{\"@type\":\"CommentAction\",\"name\":\"Comment\",\"target\":[\"https:\\\/\\\/patagoniambiental.com.ar\\\/info\\\/tobin-pide-a-trump-que-rectifique-y-regrese-al-acuerdo-de-paris-sobre-el-cambio-climatico\\\/#respond\"]}]},{\"@type\":\"WebPage\",\"@id\":\"https:\\\/\\\/patagoniambiental.com.ar\\\/info\\\/tobin-pide-a-trump-que-rectifique-y-regrese-al-acuerdo-de-paris-sobre-el-cambio-climatico\\\/\",\"url\":\"https:\\\/\\\/patagoniambiental.com.ar\\\/info\\\/tobin-pide-a-trump-que-rectifique-y-regrese-al-acuerdo-de-paris-sobre-el-cambio-climatico\\\/\",\"name\":\"Tobin pide a Trump que rectifique y regrese al Acuerdo de Par\u00eds sobre el cambio clim\u00e1tico\",\"isPartOf\":{\"@id\":\"https:\\\/\\\/patagoniambiental.com.ar\\\/info\\\/#website\"},\"primaryImageOfPage\":{\"@id\":\"https:\\\/\\\/patagoniambiental.com.ar\\\/info\\\/tobin-pide-a-trump-que-rectifique-y-regrese-al-acuerdo-de-paris-sobre-el-cambio-climatico\\\/#primaryimage\"},\"image\":{\"@id\":\"https:\\\/\\\/patagoniambiental.com.ar\\\/info\\\/tobin-pide-a-trump-que-rectifique-y-regrese-al-acuerdo-de-paris-sobre-el-cambio-climatico\\\/#primaryimage\"},\"thumbnailUrl\":\"https:\\\/\\\/patagoniambiental.com.ar\\\/info\\\/wp-content\\\/uploads\\\/2018\\\/05\\\/tobin-720_560x280.jpg\",\"datePublished\":\"2018-05-07T22:00:20+00:00\",\"breadcrumb\":{\"@id\":\"https:\\\/\\\/patagoniambiental.com.ar\\\/info\\\/tobin-pide-a-trump-que-rectifique-y-regrese-al-acuerdo-de-paris-sobre-el-cambio-climatico\\\/#breadcrumb\"},\"inLanguage\":\"es\",\"potentialAction\":[{\"@type\":\"ReadAction\",\"target\":[\"https:\\\/\\\/patagoniambiental.com.ar\\\/info\\\/tobin-pide-a-trump-que-rectifique-y-regrese-al-acuerdo-de-paris-sobre-el-cambio-climatico\\\/\"]}]},{\"@type\":\"ImageObject\",\"inLanguage\":\"es\",\"@id\":\"https:\\\/\\\/patagoniambiental.com.ar\\\/info\\\/tobin-pide-a-trump-que-rectifique-y-regrese-al-acuerdo-de-paris-sobre-el-cambio-climatico\\\/#primaryimage\",\"url\":\"https:\\\/\\\/patagoniambiental.com.ar\\\/info\\\/wp-content\\\/uploads\\\/2018\\\/05\\\/tobin-720_560x280.jpg\",\"contentUrl\":\"https:\\\/\\\/patagoniambiental.com.ar\\\/info\\\/wp-content\\\/uploads\\\/2018\\\/05\\\/tobin-720_560x280.jpg\",\"width\":560,\"height\":280},{\"@type\":\"BreadcrumbList\",\"@id\":\"https:\\\/\\\/patagoniambiental.com.ar\\\/info\\\/tobin-pide-a-trump-que-rectifique-y-regrese-al-acuerdo-de-paris-sobre-el-cambio-climatico\\\/#breadcrumb\",\"itemListElement\":[{\"@type\":\"ListItem\",\"position\":1,\"name\":\"Inicio\",\"item\":\"https:\\\/\\\/patagoniambiental.com.ar\\\/info\\\/\"},{\"@type\":\"ListItem\",\"position\":2,\"name\":\"Tobin pide a Trump que rectifique y regrese al Acuerdo de Par\u00eds sobre el cambio clim\u00e1tico\"}]},{\"@type\":\"WebSite\",\"@id\":\"https:\\\/\\\/patagoniambiental.com.ar\\\/info\\\/#website\",\"url\":\"https:\\\/\\\/patagoniambiental.com.ar\\\/info\\\/\",\"name\":\"Patagonia Ambiental\",\"description\":\"Monitoreo y an\u00e1lisis de la situaci\u00f3n geopol\u00edtica en el mundo y su implicancia en la Patagonia\",\"publisher\":{\"@id\":\"https:\\\/\\\/patagoniambiental.com.ar\\\/info\\\/#organization\"},\"potentialAction\":[{\"@type\":\"SearchAction\",\"target\":{\"@type\":\"EntryPoint\",\"urlTemplate\":\"https:\\\/\\\/patagoniambiental.com.ar\\\/info\\\/?s={search_term_string}\"},\"query-input\":{\"@type\":\"PropertyValueSpecification\",\"valueRequired\":true,\"valueName\":\"search_term_string\"}}],\"inLanguage\":\"es\"},{\"@type\":\"Organization\",\"@id\":\"https:\\\/\\\/patagoniambiental.com.ar\\\/info\\\/#organization\",\"name\":\"Patagonia Ambiental\",\"url\":\"https:\\\/\\\/patagoniambiental.com.ar\\\/info\\\/\",\"logo\":{\"@type\":\"ImageObject\",\"inLanguage\":\"es\",\"@id\":\"https:\\\/\\\/patagoniambiental.com.ar\\\/info\\\/#\\\/schema\\\/logo\\\/image\\\/\",\"url\":\"https:\\\/\\\/patagoniambiental.com.ar\\\/info\\\/wp-content\\\/uploads\\\/2025\\\/05\\\/LOGO-PATAGONIA-AMBIENTAL.png\",\"contentUrl\":\"https:\\\/\\\/patagoniambiental.com.ar\\\/info\\\/wp-content\\\/uploads\\\/2025\\\/05\\\/LOGO-PATAGONIA-AMBIENTAL.png\",\"width\":433,\"height\":250,\"caption\":\"Patagonia Ambiental\"},\"image\":{\"@id\":\"https:\\\/\\\/patagoniambiental.com.ar\\\/info\\\/#\\\/schema\\\/logo\\\/image\\\/\"},\"sameAs\":[\"https:\\\/\\\/www.facebook.com\\\/patagonia.ambiental\",\"https:\\\/\\\/x.com\\\/PatAmb\"]},{\"@type\":\"Person\",\"@id\":\"https:\\\/\\\/patagoniambiental.com.ar\\\/info\\\/#\\\/schema\\\/person\\\/db12bff64bbcbf6a253710bf0ea37b5d\",\"name\":\"Patagonia Ambiental\",\"description\":\"Andr\u00e9s Nievas T\u00e9cnico en manejo ambiental, consultor Ambiental y escritor para medios locales e internacionales sobre temas de geopolitica y medio ambiente.\",\"sameAs\":[\"http:\\\/\\\/www.patagoniambiental.com.ar\",\"https:\\\/\\\/www.facebook.com\\\/share\\\/1C1V8Gv9BX\\\/?mibextid=qi2Omg\",\"@patagoniambiental\",\"https:\\\/\\\/youtube.com\\\/@patagoniaambiental2023?si=BLt58t0wuXquxlYZ\"]}]}<\/script>\n<!-- \/ Yoast SEO Premium plugin. -->","yoast_head_json":{"title":"Tobin pide a Trump que rectifique y regrese al Acuerdo de Par\u00eds sobre el cambio clim\u00e1tico","robots":{"index":"index","follow":"follow","max-snippet":"max-snippet:-1","max-image-preview":"max-image-preview:large","max-video-preview":"max-video-preview:-1"},"canonical":"https:\/\/patagoniambiental.com.ar\/info\/tobin-pide-a-trump-que-rectifique-y-regrese-al-acuerdo-de-paris-sobre-el-cambio-climatico\/","og_locale":"es_ES","og_type":"article","og_title":"Tobin pide a Trump que rectifique y regrese al Acuerdo de Par\u00eds sobre el cambio clim\u00e1tico","og_description":"Estados Unidos.-EL CARDENAL RECUERDA QUE EL CALENTAMIENTO GLOBAL \u00abES UNA CUESTI\u00d3N MORAL URGENTE\u00bb.","og_url":"https:\/\/patagoniambiental.com.ar\/info\/tobin-pide-a-trump-que-rectifique-y-regrese-al-acuerdo-de-paris-sobre-el-cambio-climatico\/","og_site_name":"Patagonia Ambiental","article_publisher":"https:\/\/www.facebook.com\/patagonia.ambiental","article_author":"https:\/\/www.facebook.com\/share\/1C1V8Gv9BX\/?mibextid=qi2Omg","article_published_time":"2018-05-07T22:00:20+00:00","og_image":[{"width":560,"height":280,"url":"https:\/\/patagoniambiental.com.ar\/info\/wp-content\/uploads\/2018\/05\/tobin-720_560x280.jpg","type":"image\/jpeg"}],"author":"Patagonia Ambiental","twitter_card":"summary_large_image","twitter_creator":"@PatAmb","twitter_site":"@PatAmb","schema":{"@context":"https:\/\/schema.org","@graph":[{"@type":"Article","@id":"https:\/\/patagoniambiental.com.ar\/info\/tobin-pide-a-trump-que-rectifique-y-regrese-al-acuerdo-de-paris-sobre-el-cambio-climatico\/#article","isPartOf":{"@id":"https:\/\/patagoniambiental.com.ar\/info\/tobin-pide-a-trump-que-rectifique-y-regrese-al-acuerdo-de-paris-sobre-el-cambio-climatico\/"},"author":{"name":"Patagonia Ambiental","@id":"https:\/\/patagoniambiental.com.ar\/info\/#\/schema\/person\/db12bff64bbcbf6a253710bf0ea37b5d"},"headline":"Tobin pide a Trump que rectifique y regrese al Acuerdo de Par\u00eds sobre el cambio clim\u00e1tico","datePublished":"2018-05-07T22:00:20+00:00","mainEntityOfPage":{"@id":"https:\/\/patagoniambiental.com.ar\/info\/tobin-pide-a-trump-que-rectifique-y-regrese-al-acuerdo-de-paris-sobre-el-cambio-climatico\/"},"wordCount":518,"commentCount":0,"publisher":{"@id":"https:\/\/patagoniambiental.com.ar\/info\/#organization"},"image":{"@id":"https:\/\/patagoniambiental.com.ar\/info\/tobin-pide-a-trump-que-rectifique-y-regrese-al-acuerdo-de-paris-sobre-el-cambio-climatico\/#primaryimage"},"thumbnailUrl":"https:\/\/patagoniambiental.com.ar\/info\/wp-content\/uploads\/2018\/05\/tobin-720_560x280.jpg","articleSection":["Internacionales","Noticias"],"inLanguage":"es","potentialAction":[{"@type":"CommentAction","name":"Comment","target":["https:\/\/patagoniambiental.com.ar\/info\/tobin-pide-a-trump-que-rectifique-y-regrese-al-acuerdo-de-paris-sobre-el-cambio-climatico\/#respond"]}]},{"@type":"WebPage","@id":"https:\/\/patagoniambiental.com.ar\/info\/tobin-pide-a-trump-que-rectifique-y-regrese-al-acuerdo-de-paris-sobre-el-cambio-climatico\/","url":"https:\/\/patagoniambiental.com.ar\/info\/tobin-pide-a-trump-que-rectifique-y-regrese-al-acuerdo-de-paris-sobre-el-cambio-climatico\/","name":"Tobin pide a Trump que rectifique y regrese al Acuerdo de Par\u00eds sobre el cambio clim\u00e1tico","isPartOf":{"@id":"https:\/\/patagoniambiental.com.ar\/info\/#website"},"primaryImageOfPage":{"@id":"https:\/\/patagoniambiental.com.ar\/info\/tobin-pide-a-trump-que-rectifique-y-regrese-al-acuerdo-de-paris-sobre-el-cambio-climatico\/#primaryimage"},"image":{"@id":"https:\/\/patagoniambiental.com.ar\/info\/tobin-pide-a-trump-que-rectifique-y-regrese-al-acuerdo-de-paris-sobre-el-cambio-climatico\/#primaryimage"},"thumbnailUrl":"https:\/\/patagoniambiental.com.ar\/info\/wp-content\/uploads\/2018\/05\/tobin-720_560x280.jpg","datePublished":"2018-05-07T22:00:20+00:00","breadcrumb":{"@id":"https:\/\/patagoniambiental.com.ar\/info\/tobin-pide-a-trump-que-rectifique-y-regrese-al-acuerdo-de-paris-sobre-el-cambio-climatico\/#breadcrumb"},"inLanguage":"es","potentialAction":[{"@type":"ReadAction","target":["https:\/\/patagoniambiental.com.ar\/info\/tobin-pide-a-trump-que-rectifique-y-regrese-al-acuerdo-de-paris-sobre-el-cambio-climatico\/"]}]},{"@type":"ImageObject","inLanguage":"es","@id":"https:\/\/patagoniambiental.com.ar\/info\/tobin-pide-a-trump-que-rectifique-y-regrese-al-acuerdo-de-paris-sobre-el-cambio-climatico\/#primaryimage","url":"https:\/\/patagoniambiental.com.ar\/info\/wp-content\/uploads\/2018\/05\/tobin-720_560x280.jpg","contentUrl":"https:\/\/patagoniambiental.com.ar\/info\/wp-content\/uploads\/2018\/05\/tobin-720_560x280.jpg","width":560,"height":280},{"@type":"BreadcrumbList","@id":"https:\/\/patagoniambiental.com.ar\/info\/tobin-pide-a-trump-que-rectifique-y-regrese-al-acuerdo-de-paris-sobre-el-cambio-climatico\/#breadcrumb","itemListElement":[{"@type":"ListItem","position":1,"name":"Inicio","item":"https:\/\/patagoniambiental.com.ar\/info\/"},{"@type":"ListItem","position":2,"name":"Tobin pide a Trump que rectifique y regrese al Acuerdo de Par\u00eds sobre el cambio clim\u00e1tico"}]},{"@type":"WebSite","@id":"https:\/\/patagoniambiental.com.ar\/info\/#website","url":"https:\/\/patagoniambiental.com.ar\/info\/","name":"Patagonia Ambiental","description":"Monitoreo y an\u00e1lisis de la situaci\u00f3n geopol\u00edtica en el mundo y su implicancia en la Patagonia","publisher":{"@id":"https:\/\/patagoniambiental.com.ar\/info\/#organization"},"potentialAction":[{"@type":"SearchAction","target":{"@type":"EntryPoint","urlTemplate":"https:\/\/patagoniambiental.com.ar\/info\/?s={search_term_string}"},"query-input":{"@type":"PropertyValueSpecification","valueRequired":true,"valueName":"search_term_string"}}],"inLanguage":"es"},{"@type":"Organization","@id":"https:\/\/patagoniambiental.com.ar\/info\/#organization","name":"Patagonia Ambiental","url":"https:\/\/patagoniambiental.com.ar\/info\/","logo":{"@type":"ImageObject","inLanguage":"es","@id":"https:\/\/patagoniambiental.com.ar\/info\/#\/schema\/logo\/image\/","url":"https:\/\/patagoniambiental.com.ar\/info\/wp-content\/uploads\/2025\/05\/LOGO-PATAGONIA-AMBIENTAL.png","contentUrl":"https:\/\/patagoniambiental.com.ar\/info\/wp-content\/uploads\/2025\/05\/LOGO-PATAGONIA-AMBIENTAL.png","width":433,"height":250,"caption":"Patagonia Ambiental"},"image":{"@id":"https:\/\/patagoniambiental.com.ar\/info\/#\/schema\/logo\/image\/"},"sameAs":["https:\/\/www.facebook.com\/patagonia.ambiental","https:\/\/x.com\/PatAmb"]},{"@type":"Person","@id":"https:\/\/patagoniambiental.com.ar\/info\/#\/schema\/person\/db12bff64bbcbf6a253710bf0ea37b5d","name":"Patagonia Ambiental","description":"Andr\u00e9s Nievas T\u00e9cnico en manejo ambiental, consultor Ambiental y escritor para medios locales e internacionales sobre temas de geopolitica y medio ambiente.","sameAs":["http:\/\/www.patagoniambiental.com.ar","https:\/\/www.facebook.com\/share\/1C1V8Gv9BX\/?mibextid=qi2Omg","@patagoniambiental","https:\/\/youtube.com\/@patagoniaambiental2023?si=BLt58t0wuXquxlYZ"]}]}},"_links":{"self":[{"href":"https:\/\/patagoniambiental.com.ar\/info\/wp-json\/wp\/v2\/posts\/45895","targetHints":{"allow":["GET"]}}],"collection":[{"href":"https:\/\/patagoniambiental.com.ar\/info\/wp-json\/wp\/v2\/posts"}],"about":[{"href":"https:\/\/patagoniambiental.com.ar\/info\/wp-json\/wp\/v2\/types\/post"}],"author":[{"embeddable":true,"href":"https:\/\/patagoniambiental.com.ar\/info\/wp-json\/wp\/v2\/users\/2"}],"replies":[{"embeddable":true,"href":"https:\/\/patagoniambiental.com.ar\/info\/wp-json\/wp\/v2\/comments?post=45895"}],"version-history":[{"count":0,"href":"https:\/\/patagoniambiental.com.ar\/info\/wp-json\/wp\/v2\/posts\/45895\/revisions"}],"wp:featuredmedia":[{"embeddable":true,"href":"https:\/\/patagoniambiental.com.ar\/info\/wp-json\/wp\/v2\/media\/45896"}],"wp:attachment":[{"href":"https:\/\/patagoniambiental.com.ar\/info\/wp-json\/wp\/v2\/media?parent=45895"}],"wp:term":[{"taxonomy":"category","embeddable":true,"href":"https:\/\/patagoniambiental.com.ar\/info\/wp-json\/wp\/v2\/categories?post=45895"},{"taxonomy":"post_tag","embeddable":true,"href":"https:\/\/patagoniambiental.com.ar\/info\/wp-json\/wp\/v2\/tags?post=45895"}],"curies":[{"name":"wp","href":"https:\/\/api.w.org\/{rel}","templated":true}]}}