{"id":45988,"date":"2018-05-08T19:00:23","date_gmt":"2018-05-08T22:00:23","guid":{"rendered":"http:\/\/patagoniambiental.com.ar\/info\/?p=45988"},"modified":"2018-05-08T13:25:07","modified_gmt":"2018-05-08T16:25:07","slug":"harvard-invito-a-profesor-de-la-unrn-a-dictar-conferencia-y-contribuir-al-desarrollo-academico","status":"publish","type":"post","link":"https:\/\/patagoniambiental.com.ar\/info\/harvard-invito-a-profesor-de-la-unrn-a-dictar-conferencia-y-contribuir-al-desarrollo-academico\/","title":{"rendered":"Harvard invit\u00f3 a profesor de la UNRN a dictar conferencia y contribuir al desarrollo acad\u00e9mico"},"content":{"rendered":"<div>\n<p>Bariloche.- Lucas Garibaldi fue convocado por la\u00a0<i>Planetary Health Alliance<\/i>\u00a0de la\u00a0<em>Fundaci\u00f3n Rockefeller<\/em>\u00a0y el\u00a0<i>Center for the Enviroment<\/i>\u00a0de la\u00a0<em>Universidad de Harvard<\/em>.<\/p>\n<p><!--more--><\/p>\n<p>Garibaldi es docente investigador de la Universidad Nacional de R\u00edo Negro y director del Instituto de Investigaciones en Recursos Naturales, Agroecolog\u00eda y Desarrollo Rural (IRNAD-UNRN).<\/p>\n<p>El programa de trabajo tuvo lugar en la Universidad de Harvard del 2 al 4 de mayo. Su objetivo principal fue contribuir al desarrollo acad\u00e9mico en el \u00e1rea de la salud planetaria entendida como un campo interdisciplinario centrado en comprender y cuantificar el impacto de la transformaci\u00f3n acelerada de los sistemas naturales en la salud humana.<\/p>\n<p>Dentro de la visita acad\u00e9mica, el Dr. Garibaldi brind\u00f3 la conferencia titulada \u201c<em>Ecological\u00a0 principles for sustainable crop production: insights from pollination studies<\/em>\u201d. Asimismo, mantuvo reuniones con los miembros de la comunidad educativa.<\/p>\n<p><em>Planetary Health Alliance<\/em><\/p>\n<p>La\u00a0<em>Planetary Health Alliance<\/em>\u00a0(PHA) es un consorcio de m\u00e1s de 95 universidades, ONGs, entidades gubernamentales, institutos de investigaci\u00f3n y otros socios del mundo involucrados en el desarrollo de la salud planetaria, estableci\u00e9ndose como nexo entre la esfera pol\u00edtica y la educaci\u00f3n. Anualmente realiza una reuni\u00f3n en la que participan distintos actores de la comunidad global. Adem\u00e1s, intervienen en la capacitaci\u00f3n de cient\u00edficos a trav\u00e9s de recursos educativos y becas postdoctorales. Por otra parte, la PHA se encuentra recopilando material de ense\u00f1anza para crear una base de datos de acceso p\u00fablico, por lo que invita a establecer contacto a aquellas personas o instituciones que est\u00e9n comprometidos en la educaci\u00f3n. Para tal fin puede comunicarse a:\u00a0<span id=\"x_gmail-cloakf682c800de95e86f8602ee4fcbd5fab3\"><a href=\"mailto:pha@harvard.edu\" target=\"_blank\" rel=\"noopener noreferrer\">pha@harvard.edu<\/a><\/span>.<\/p>\n<div><\/div>\n<\/div>\n<p>&nbsp;<\/p>\n<div class=\"x_gmail_signature\">\n<div dir=\"ltr\">\n<div>\n<div dir=\"ltr\">\n<div>\n<div dir=\"ltr\">\n<div>\n<div dir=\"ltr\">\n<div>\n<div dir=\"ltr\">\n<div>\n<div dir=\"ltr\">\n<div>\n<div>Fuente: Departamento de Comunicaci\u00f3n<br \/>\nUniversidad Nacional de R\u00edo Negro &#8211; Sede Andina<\/div>\n<\/div>\n<\/div>\n<\/div>\n<\/div>\n<\/div>\n<\/div>\n<\/div>\n<\/div>\n<\/div>\n<\/div>\n<\/div>\n<\/div>\n<\/div>\n","protected":false},"excerpt":{"rendered":"<p>Bariloche.- Lucas Garibaldi fue convocado por la\u00a0Planetary Health Alliance\u00a0de la\u00a0Fundaci\u00f3n Rockefeller\u00a0y el\u00a0Center for the Enviroment\u00a0de la\u00a0Universidad de Harvard.<\/p>\n","protected":false},"author":2,"featured_media":45989,"comment_status":"open","ping_status":"open","sticky":false,"template":"","format":"standard","meta":{"site-sidebar-layout":"default","site-content-layout":"","ast-site-content-layout":"default","site-content-style":"default","site-sidebar-style":"default","ast-global-header-display":"","ast-banner-title-visibility":"","ast-main-header-display":"","ast-hfb-above-header-display":"","ast-hfb-below-header-display":"","ast-hfb-mobile-header-display":"","site-post-title":"","ast-breadcrumbs-content":"","ast-featured-img":"","footer-sml-layout":"","ast-disable-related-posts":"","theme-transparent-header-meta":"","adv-header-id-meta":"","stick-header-meta":"","header-above-stick-meta":"","header-main-stick-meta":"","header-below-stick-meta":"","astra-migrate-meta-layouts":"default","ast-page-background-enabled":"default","ast-page-background-meta":{"desktop":{"background-color":"var(--ast-global-color-5)","background-image":"","background-repeat":"repeat","background-position":"center center","background-size":"auto","background-attachment":"scroll","background-type":"","background-media":"","overlay-type":"","overlay-color":"","overlay-opacity":"","overlay-gradient":""},"tablet":{"background-color":"","background-image":"","background-repeat":"repeat","background-position":"center center","background-size":"auto","background-attachment":"scroll","background-type":"","background-media":"","overlay-type":"","overlay-color":"","overlay-opacity":"","overlay-gradient":""},"mobile":{"background-color":"","background-image":"","background-repeat":"repeat","background-position":"center center","background-size":"auto","background-attachment":"scroll","background-type":"","background-media":"","overlay-type":"","overlay-color":"","overlay-opacity":"","overlay-gradient":""}},"ast-content-background-meta":{"desktop":{"background-color":"var(--ast-global-color-4)","background-image":"","background-repeat":"repeat","background-position":"center center","background-size":"auto","background-attachment":"scroll","background-type":"","background-media":"","overlay-type":"","overlay-color":"","overlay-opacity":"","overlay-gradient":""},"tablet":{"background-color":"var(--ast-global-color-4)","background-image":"","background-repeat":"repeat","background-position":"center center","background-size":"auto","background-attachment":"scroll","background-type":"","background-media":"","overlay-type":"","overlay-color":"","overlay-opacity":"","overlay-gradient":""},"mobile":{"background-color":"var(--ast-global-color-4)","background-image":"","background-repeat":"repeat","background-position":"center center","background-size":"auto","background-attachment":"scroll","background-type":"","background-media":"","overlay-type":"","overlay-color":"","overlay-opacity":"","overlay-gradient":""}},"footnotes":""},"categories":[23,1],"tags":[],"class_list":["post-45988","post","type-post","status-publish","format-standard","has-post-thumbnail","hentry","category-internacionales","category-noticias"],"yoast_head":"<!-- This site is optimized with the Yoast SEO Premium plugin v23.0 (Yoast SEO v27.4) - https:\/\/yoast.com\/product\/yoast-seo-premium-wordpress\/ -->\n<title>Harvard invit\u00f3 a profesor de la UNRN a dictar conferencia y contribuir al desarrollo acad\u00e9mico<\/title>\n<meta name=\"robots\" content=\"index, follow, max-snippet:-1, max-image-preview:large, max-video-preview:-1\" \/>\n<link rel=\"canonical\" href=\"https:\/\/patagoniambiental.com.ar\/info\/harvard-invito-a-profesor-de-la-unrn-a-dictar-conferencia-y-contribuir-al-desarrollo-academico\/\" \/>\n<meta property=\"og:locale\" content=\"es_ES\" \/>\n<meta property=\"og:type\" content=\"article\" \/>\n<meta property=\"og:title\" content=\"Harvard invit\u00f3 a profesor de la UNRN a dictar conferencia y contribuir al desarrollo acad\u00e9mico\" \/>\n<meta property=\"og:description\" content=\"Bariloche.- Lucas Garibaldi fue convocado por la\u00a0Planetary Health Alliance\u00a0de la\u00a0Fundaci\u00f3n Rockefeller\u00a0y el\u00a0Center for the Enviroment\u00a0de la\u00a0Universidad de Harvard.\" \/>\n<meta property=\"og:url\" content=\"https:\/\/patagoniambiental.com.ar\/info\/harvard-invito-a-profesor-de-la-unrn-a-dictar-conferencia-y-contribuir-al-desarrollo-academico\/\" \/>\n<meta property=\"og:site_name\" content=\"Patagonia Ambiental\" \/>\n<meta property=\"article:publisher\" content=\"https:\/\/www.facebook.com\/patagonia.ambiental\" \/>\n<meta property=\"article:author\" content=\"https:\/\/www.facebook.com\/share\/1C1V8Gv9BX\/?mibextid=qi2Omg\" \/>\n<meta property=\"article:published_time\" content=\"2018-05-08T22:00:23+00:00\" \/>\n<meta property=\"og:image\" content=\"https:\/\/patagoniambiental.com.ar\/info\/wp-content\/uploads\/2018\/05\/thumbnail_garibaldi-PHA.jpg\" \/>\n\t<meta property=\"og:image:width\" content=\"611\" \/>\n\t<meta property=\"og:image:height\" content=\"786\" \/>\n\t<meta property=\"og:image:type\" content=\"image\/jpeg\" \/>\n<meta name=\"author\" content=\"Patagonia Ambiental\" \/>\n<meta name=\"twitter:card\" content=\"summary_large_image\" \/>\n<meta name=\"twitter:creator\" content=\"@PatAmb\" \/>\n<meta name=\"twitter:site\" content=\"@PatAmb\" \/>\n<script type=\"application\/ld+json\" class=\"yoast-schema-graph\">{\"@context\":\"https:\\\/\\\/schema.org\",\"@graph\":[{\"@type\":\"Article\",\"@id\":\"https:\\\/\\\/patagoniambiental.com.ar\\\/info\\\/harvard-invito-a-profesor-de-la-unrn-a-dictar-conferencia-y-contribuir-al-desarrollo-academico\\\/#article\",\"isPartOf\":{\"@id\":\"https:\\\/\\\/patagoniambiental.com.ar\\\/info\\\/harvard-invito-a-profesor-de-la-unrn-a-dictar-conferencia-y-contribuir-al-desarrollo-academico\\\/\"},\"author\":{\"name\":\"Patagonia Ambiental\",\"@id\":\"https:\\\/\\\/patagoniambiental.com.ar\\\/info\\\/#\\\/schema\\\/person\\\/db12bff64bbcbf6a253710bf0ea37b5d\"},\"headline\":\"Harvard invit\u00f3 a profesor de la UNRN a dictar conferencia y contribuir al desarrollo acad\u00e9mico\",\"datePublished\":\"2018-05-08T22:00:23+00:00\",\"mainEntityOfPage\":{\"@id\":\"https:\\\/\\\/patagoniambiental.com.ar\\\/info\\\/harvard-invito-a-profesor-de-la-unrn-a-dictar-conferencia-y-contribuir-al-desarrollo-academico\\\/\"},\"wordCount\":308,\"commentCount\":0,\"publisher\":{\"@id\":\"https:\\\/\\\/patagoniambiental.com.ar\\\/info\\\/#organization\"},\"image\":{\"@id\":\"https:\\\/\\\/patagoniambiental.com.ar\\\/info\\\/harvard-invito-a-profesor-de-la-unrn-a-dictar-conferencia-y-contribuir-al-desarrollo-academico\\\/#primaryimage\"},\"thumbnailUrl\":\"https:\\\/\\\/patagoniambiental.com.ar\\\/info\\\/wp-content\\\/uploads\\\/2018\\\/05\\\/thumbnail_garibaldi-PHA.jpg\",\"articleSection\":[\"Internacionales\",\"Noticias\"],\"inLanguage\":\"es\",\"potentialAction\":[{\"@type\":\"CommentAction\",\"name\":\"Comment\",\"target\":[\"https:\\\/\\\/patagoniambiental.com.ar\\\/info\\\/harvard-invito-a-profesor-de-la-unrn-a-dictar-conferencia-y-contribuir-al-desarrollo-academico\\\/#respond\"]}]},{\"@type\":\"WebPage\",\"@id\":\"https:\\\/\\\/patagoniambiental.com.ar\\\/info\\\/harvard-invito-a-profesor-de-la-unrn-a-dictar-conferencia-y-contribuir-al-desarrollo-academico\\\/\",\"url\":\"https:\\\/\\\/patagoniambiental.com.ar\\\/info\\\/harvard-invito-a-profesor-de-la-unrn-a-dictar-conferencia-y-contribuir-al-desarrollo-academico\\\/\",\"name\":\"Harvard invit\u00f3 a profesor de la UNRN a dictar conferencia y contribuir al desarrollo acad\u00e9mico\",\"isPartOf\":{\"@id\":\"https:\\\/\\\/patagoniambiental.com.ar\\\/info\\\/#website\"},\"primaryImageOfPage\":{\"@id\":\"https:\\\/\\\/patagoniambiental.com.ar\\\/info\\\/harvard-invito-a-profesor-de-la-unrn-a-dictar-conferencia-y-contribuir-al-desarrollo-academico\\\/#primaryimage\"},\"image\":{\"@id\":\"https:\\\/\\\/patagoniambiental.com.ar\\\/info\\\/harvard-invito-a-profesor-de-la-unrn-a-dictar-conferencia-y-contribuir-al-desarrollo-academico\\\/#primaryimage\"},\"thumbnailUrl\":\"https:\\\/\\\/patagoniambiental.com.ar\\\/info\\\/wp-content\\\/uploads\\\/2018\\\/05\\\/thumbnail_garibaldi-PHA.jpg\",\"datePublished\":\"2018-05-08T22:00:23+00:00\",\"breadcrumb\":{\"@id\":\"https:\\\/\\\/patagoniambiental.com.ar\\\/info\\\/harvard-invito-a-profesor-de-la-unrn-a-dictar-conferencia-y-contribuir-al-desarrollo-academico\\\/#breadcrumb\"},\"inLanguage\":\"es\",\"potentialAction\":[{\"@type\":\"ReadAction\",\"target\":[\"https:\\\/\\\/patagoniambiental.com.ar\\\/info\\\/harvard-invito-a-profesor-de-la-unrn-a-dictar-conferencia-y-contribuir-al-desarrollo-academico\\\/\"]}]},{\"@type\":\"ImageObject\",\"inLanguage\":\"es\",\"@id\":\"https:\\\/\\\/patagoniambiental.com.ar\\\/info\\\/harvard-invito-a-profesor-de-la-unrn-a-dictar-conferencia-y-contribuir-al-desarrollo-academico\\\/#primaryimage\",\"url\":\"https:\\\/\\\/patagoniambiental.com.ar\\\/info\\\/wp-content\\\/uploads\\\/2018\\\/05\\\/thumbnail_garibaldi-PHA.jpg\",\"contentUrl\":\"https:\\\/\\\/patagoniambiental.com.ar\\\/info\\\/wp-content\\\/uploads\\\/2018\\\/05\\\/thumbnail_garibaldi-PHA.jpg\",\"width\":611,\"height\":786},{\"@type\":\"BreadcrumbList\",\"@id\":\"https:\\\/\\\/patagoniambiental.com.ar\\\/info\\\/harvard-invito-a-profesor-de-la-unrn-a-dictar-conferencia-y-contribuir-al-desarrollo-academico\\\/#breadcrumb\",\"itemListElement\":[{\"@type\":\"ListItem\",\"position\":1,\"name\":\"Inicio\",\"item\":\"https:\\\/\\\/patagoniambiental.com.ar\\\/info\\\/\"},{\"@type\":\"ListItem\",\"position\":2,\"name\":\"Harvard invit\u00f3 a profesor de la UNRN a dictar conferencia y contribuir al desarrollo acad\u00e9mico\"}]},{\"@type\":\"WebSite\",\"@id\":\"https:\\\/\\\/patagoniambiental.com.ar\\\/info\\\/#website\",\"url\":\"https:\\\/\\\/patagoniambiental.com.ar\\\/info\\\/\",\"name\":\"Patagonia Ambiental\",\"description\":\"Monitoreo y an\u00e1lisis de la situaci\u00f3n geopol\u00edtica en el mundo y su implicancia en la Patagonia\",\"publisher\":{\"@id\":\"https:\\\/\\\/patagoniambiental.com.ar\\\/info\\\/#organization\"},\"potentialAction\":[{\"@type\":\"SearchAction\",\"target\":{\"@type\":\"EntryPoint\",\"urlTemplate\":\"https:\\\/\\\/patagoniambiental.com.ar\\\/info\\\/?s={search_term_string}\"},\"query-input\":{\"@type\":\"PropertyValueSpecification\",\"valueRequired\":true,\"valueName\":\"search_term_string\"}}],\"inLanguage\":\"es\"},{\"@type\":\"Organization\",\"@id\":\"https:\\\/\\\/patagoniambiental.com.ar\\\/info\\\/#organization\",\"name\":\"Patagonia Ambiental\",\"url\":\"https:\\\/\\\/patagoniambiental.com.ar\\\/info\\\/\",\"logo\":{\"@type\":\"ImageObject\",\"inLanguage\":\"es\",\"@id\":\"https:\\\/\\\/patagoniambiental.com.ar\\\/info\\\/#\\\/schema\\\/logo\\\/image\\\/\",\"url\":\"https:\\\/\\\/patagoniambiental.com.ar\\\/info\\\/wp-content\\\/uploads\\\/2025\\\/05\\\/LOGO-PATAGONIA-AMBIENTAL.png\",\"contentUrl\":\"https:\\\/\\\/patagoniambiental.com.ar\\\/info\\\/wp-content\\\/uploads\\\/2025\\\/05\\\/LOGO-PATAGONIA-AMBIENTAL.png\",\"width\":433,\"height\":250,\"caption\":\"Patagonia Ambiental\"},\"image\":{\"@id\":\"https:\\\/\\\/patagoniambiental.com.ar\\\/info\\\/#\\\/schema\\\/logo\\\/image\\\/\"},\"sameAs\":[\"https:\\\/\\\/www.facebook.com\\\/patagonia.ambiental\",\"https:\\\/\\\/x.com\\\/PatAmb\"]},{\"@type\":\"Person\",\"@id\":\"https:\\\/\\\/patagoniambiental.com.ar\\\/info\\\/#\\\/schema\\\/person\\\/db12bff64bbcbf6a253710bf0ea37b5d\",\"name\":\"Patagonia Ambiental\",\"description\":\"Andr\u00e9s Nievas T\u00e9cnico en manejo ambiental, consultor Ambiental y escritor para medios locales e internacionales sobre temas de geopolitica y medio ambiente.\",\"sameAs\":[\"http:\\\/\\\/www.patagoniambiental.com.ar\",\"https:\\\/\\\/www.facebook.com\\\/share\\\/1C1V8Gv9BX\\\/?mibextid=qi2Omg\",\"@patagoniambiental\",\"https:\\\/\\\/youtube.com\\\/@patagoniaambiental2023?si=BLt58t0wuXquxlYZ\"]}]}<\/script>\n<!-- \/ Yoast SEO Premium plugin. -->","yoast_head_json":{"title":"Harvard invit\u00f3 a profesor de la UNRN a dictar conferencia y contribuir al desarrollo acad\u00e9mico","robots":{"index":"index","follow":"follow","max-snippet":"max-snippet:-1","max-image-preview":"max-image-preview:large","max-video-preview":"max-video-preview:-1"},"canonical":"https:\/\/patagoniambiental.com.ar\/info\/harvard-invito-a-profesor-de-la-unrn-a-dictar-conferencia-y-contribuir-al-desarrollo-academico\/","og_locale":"es_ES","og_type":"article","og_title":"Harvard invit\u00f3 a profesor de la UNRN a dictar conferencia y contribuir al desarrollo acad\u00e9mico","og_description":"Bariloche.- Lucas Garibaldi fue convocado por la\u00a0Planetary Health Alliance\u00a0de la\u00a0Fundaci\u00f3n Rockefeller\u00a0y el\u00a0Center for the Enviroment\u00a0de la\u00a0Universidad de Harvard.","og_url":"https:\/\/patagoniambiental.com.ar\/info\/harvard-invito-a-profesor-de-la-unrn-a-dictar-conferencia-y-contribuir-al-desarrollo-academico\/","og_site_name":"Patagonia Ambiental","article_publisher":"https:\/\/www.facebook.com\/patagonia.ambiental","article_author":"https:\/\/www.facebook.com\/share\/1C1V8Gv9BX\/?mibextid=qi2Omg","article_published_time":"2018-05-08T22:00:23+00:00","og_image":[{"width":611,"height":786,"url":"https:\/\/patagoniambiental.com.ar\/info\/wp-content\/uploads\/2018\/05\/thumbnail_garibaldi-PHA.jpg","type":"image\/jpeg"}],"author":"Patagonia Ambiental","twitter_card":"summary_large_image","twitter_creator":"@PatAmb","twitter_site":"@PatAmb","schema":{"@context":"https:\/\/schema.org","@graph":[{"@type":"Article","@id":"https:\/\/patagoniambiental.com.ar\/info\/harvard-invito-a-profesor-de-la-unrn-a-dictar-conferencia-y-contribuir-al-desarrollo-academico\/#article","isPartOf":{"@id":"https:\/\/patagoniambiental.com.ar\/info\/harvard-invito-a-profesor-de-la-unrn-a-dictar-conferencia-y-contribuir-al-desarrollo-academico\/"},"author":{"name":"Patagonia Ambiental","@id":"https:\/\/patagoniambiental.com.ar\/info\/#\/schema\/person\/db12bff64bbcbf6a253710bf0ea37b5d"},"headline":"Harvard invit\u00f3 a profesor de la UNRN a dictar conferencia y contribuir al desarrollo acad\u00e9mico","datePublished":"2018-05-08T22:00:23+00:00","mainEntityOfPage":{"@id":"https:\/\/patagoniambiental.com.ar\/info\/harvard-invito-a-profesor-de-la-unrn-a-dictar-conferencia-y-contribuir-al-desarrollo-academico\/"},"wordCount":308,"commentCount":0,"publisher":{"@id":"https:\/\/patagoniambiental.com.ar\/info\/#organization"},"image":{"@id":"https:\/\/patagoniambiental.com.ar\/info\/harvard-invito-a-profesor-de-la-unrn-a-dictar-conferencia-y-contribuir-al-desarrollo-academico\/#primaryimage"},"thumbnailUrl":"https:\/\/patagoniambiental.com.ar\/info\/wp-content\/uploads\/2018\/05\/thumbnail_garibaldi-PHA.jpg","articleSection":["Internacionales","Noticias"],"inLanguage":"es","potentialAction":[{"@type":"CommentAction","name":"Comment","target":["https:\/\/patagoniambiental.com.ar\/info\/harvard-invito-a-profesor-de-la-unrn-a-dictar-conferencia-y-contribuir-al-desarrollo-academico\/#respond"]}]},{"@type":"WebPage","@id":"https:\/\/patagoniambiental.com.ar\/info\/harvard-invito-a-profesor-de-la-unrn-a-dictar-conferencia-y-contribuir-al-desarrollo-academico\/","url":"https:\/\/patagoniambiental.com.ar\/info\/harvard-invito-a-profesor-de-la-unrn-a-dictar-conferencia-y-contribuir-al-desarrollo-academico\/","name":"Harvard invit\u00f3 a profesor de la UNRN a dictar conferencia y contribuir al desarrollo acad\u00e9mico","isPartOf":{"@id":"https:\/\/patagoniambiental.com.ar\/info\/#website"},"primaryImageOfPage":{"@id":"https:\/\/patagoniambiental.com.ar\/info\/harvard-invito-a-profesor-de-la-unrn-a-dictar-conferencia-y-contribuir-al-desarrollo-academico\/#primaryimage"},"image":{"@id":"https:\/\/patagoniambiental.com.ar\/info\/harvard-invito-a-profesor-de-la-unrn-a-dictar-conferencia-y-contribuir-al-desarrollo-academico\/#primaryimage"},"thumbnailUrl":"https:\/\/patagoniambiental.com.ar\/info\/wp-content\/uploads\/2018\/05\/thumbnail_garibaldi-PHA.jpg","datePublished":"2018-05-08T22:00:23+00:00","breadcrumb":{"@id":"https:\/\/patagoniambiental.com.ar\/info\/harvard-invito-a-profesor-de-la-unrn-a-dictar-conferencia-y-contribuir-al-desarrollo-academico\/#breadcrumb"},"inLanguage":"es","potentialAction":[{"@type":"ReadAction","target":["https:\/\/patagoniambiental.com.ar\/info\/harvard-invito-a-profesor-de-la-unrn-a-dictar-conferencia-y-contribuir-al-desarrollo-academico\/"]}]},{"@type":"ImageObject","inLanguage":"es","@id":"https:\/\/patagoniambiental.com.ar\/info\/harvard-invito-a-profesor-de-la-unrn-a-dictar-conferencia-y-contribuir-al-desarrollo-academico\/#primaryimage","url":"https:\/\/patagoniambiental.com.ar\/info\/wp-content\/uploads\/2018\/05\/thumbnail_garibaldi-PHA.jpg","contentUrl":"https:\/\/patagoniambiental.com.ar\/info\/wp-content\/uploads\/2018\/05\/thumbnail_garibaldi-PHA.jpg","width":611,"height":786},{"@type":"BreadcrumbList","@id":"https:\/\/patagoniambiental.com.ar\/info\/harvard-invito-a-profesor-de-la-unrn-a-dictar-conferencia-y-contribuir-al-desarrollo-academico\/#breadcrumb","itemListElement":[{"@type":"ListItem","position":1,"name":"Inicio","item":"https:\/\/patagoniambiental.com.ar\/info\/"},{"@type":"ListItem","position":2,"name":"Harvard invit\u00f3 a profesor de la UNRN a dictar conferencia y contribuir al desarrollo acad\u00e9mico"}]},{"@type":"WebSite","@id":"https:\/\/patagoniambiental.com.ar\/info\/#website","url":"https:\/\/patagoniambiental.com.ar\/info\/","name":"Patagonia Ambiental","description":"Monitoreo y an\u00e1lisis de la situaci\u00f3n geopol\u00edtica en el mundo y su implicancia en la Patagonia","publisher":{"@id":"https:\/\/patagoniambiental.com.ar\/info\/#organization"},"potentialAction":[{"@type":"SearchAction","target":{"@type":"EntryPoint","urlTemplate":"https:\/\/patagoniambiental.com.ar\/info\/?s={search_term_string}"},"query-input":{"@type":"PropertyValueSpecification","valueRequired":true,"valueName":"search_term_string"}}],"inLanguage":"es"},{"@type":"Organization","@id":"https:\/\/patagoniambiental.com.ar\/info\/#organization","name":"Patagonia Ambiental","url":"https:\/\/patagoniambiental.com.ar\/info\/","logo":{"@type":"ImageObject","inLanguage":"es","@id":"https:\/\/patagoniambiental.com.ar\/info\/#\/schema\/logo\/image\/","url":"https:\/\/patagoniambiental.com.ar\/info\/wp-content\/uploads\/2025\/05\/LOGO-PATAGONIA-AMBIENTAL.png","contentUrl":"https:\/\/patagoniambiental.com.ar\/info\/wp-content\/uploads\/2025\/05\/LOGO-PATAGONIA-AMBIENTAL.png","width":433,"height":250,"caption":"Patagonia Ambiental"},"image":{"@id":"https:\/\/patagoniambiental.com.ar\/info\/#\/schema\/logo\/image\/"},"sameAs":["https:\/\/www.facebook.com\/patagonia.ambiental","https:\/\/x.com\/PatAmb"]},{"@type":"Person","@id":"https:\/\/patagoniambiental.com.ar\/info\/#\/schema\/person\/db12bff64bbcbf6a253710bf0ea37b5d","name":"Patagonia Ambiental","description":"Andr\u00e9s Nievas T\u00e9cnico en manejo ambiental, consultor Ambiental y escritor para medios locales e internacionales sobre temas de geopolitica y medio ambiente.","sameAs":["http:\/\/www.patagoniambiental.com.ar","https:\/\/www.facebook.com\/share\/1C1V8Gv9BX\/?mibextid=qi2Omg","@patagoniambiental","https:\/\/youtube.com\/@patagoniaambiental2023?si=BLt58t0wuXquxlYZ"]}]}},"_links":{"self":[{"href":"https:\/\/patagoniambiental.com.ar\/info\/wp-json\/wp\/v2\/posts\/45988","targetHints":{"allow":["GET"]}}],"collection":[{"href":"https:\/\/patagoniambiental.com.ar\/info\/wp-json\/wp\/v2\/posts"}],"about":[{"href":"https:\/\/patagoniambiental.com.ar\/info\/wp-json\/wp\/v2\/types\/post"}],"author":[{"embeddable":true,"href":"https:\/\/patagoniambiental.com.ar\/info\/wp-json\/wp\/v2\/users\/2"}],"replies":[{"embeddable":true,"href":"https:\/\/patagoniambiental.com.ar\/info\/wp-json\/wp\/v2\/comments?post=45988"}],"version-history":[{"count":0,"href":"https:\/\/patagoniambiental.com.ar\/info\/wp-json\/wp\/v2\/posts\/45988\/revisions"}],"wp:featuredmedia":[{"embeddable":true,"href":"https:\/\/patagoniambiental.com.ar\/info\/wp-json\/wp\/v2\/media\/45989"}],"wp:attachment":[{"href":"https:\/\/patagoniambiental.com.ar\/info\/wp-json\/wp\/v2\/media?parent=45988"}],"wp:term":[{"taxonomy":"category","embeddable":true,"href":"https:\/\/patagoniambiental.com.ar\/info\/wp-json\/wp\/v2\/categories?post=45988"},{"taxonomy":"post_tag","embeddable":true,"href":"https:\/\/patagoniambiental.com.ar\/info\/wp-json\/wp\/v2\/tags?post=45988"}],"curies":[{"name":"wp","href":"https:\/\/api.w.org\/{rel}","templated":true}]}}