{"id":46085,"date":"2018-05-10T19:00:59","date_gmt":"2018-05-10T22:00:59","guid":{"rendered":"http:\/\/patagoniambiental.com.ar\/info\/?p=46085"},"modified":"2018-05-09T13:45:31","modified_gmt":"2018-05-09T16:45:31","slug":"corporacion-patagonia-viva-impulsa-la-primera-campana-de-recoleccion-de-baterias-fuera-de-uso-de-la-region-de-aysen","status":"publish","type":"post","link":"https:\/\/patagoniambiental.com.ar\/info\/corporacion-patagonia-viva-impulsa-la-primera-campana-de-recoleccion-de-baterias-fuera-de-uso-de-la-region-de-aysen\/","title":{"rendered":"Corporaci\u00f3n Patagonia Viva impulsa la primera campa\u00f1a de recolecci\u00f3n de Bater\u00edas fuera de uso de la regi\u00f3n de Ays\u00e9n"},"content":{"rendered":"<div class=\"columns twelve\">\n<article class=\"columns twelve omega alpha\">\n<div id=\"thumb\" class=\"columns twelve omega alpha\">Regi\u00f3n de Aysen.-En el Taller el\u00e9ctrico de don Luis Guzm\u00e1n, de calle Lautaro, en la comuna de Coyhaique, se dio a conocer a los medios de comunicaci\u00f3n esta pionera campa\u00f1a, que busca sacar de los domicilios de casas particulares, talleres mec\u00e1nicos, vulcas y otros, por primera vez bater\u00edas en desuso.<\/div>\n<div><!--more--><\/div>\n<div class=\"relatedposts columns five alpha\">\n<div id=\"relacionado\" class=\"columns five alpha omega\">\n<div id=\"text\" class=\"columns three omega\">\n<p><img fetchpriority=\"high\" decoding=\"async\" class=\"attachment-sigle size-sigle wp-post-image alignleft\" src=\"http:\/\/www.vientopatagon.cl\/sitio\/wp-content\/uploads\/2018\/05\/0a20d08d-3111-46c0-ac61-bce32111f6d8-488x243.jpg\" alt=\"0a20d08d-3111-46c0-ac61-bce32111f6d8\" width=\"488\" height=\"243\" \/><\/p>\n<\/div>\n<\/div>\n<\/div>\n<p>La iniciativa impulsada por la Corporaci\u00f3n Patagonia Viva y apoyada por la Secretar\u00eda Regional Ministerial de Medio Ambiente, Seremi de Salud, Fecunda Patagonia, PDI, Empresa Varona, Edelays\u00e9n, Recasur, Salfa y Recimat, tiene como objetivo principal concientizar a la poblaci\u00f3n sobre el impacto negativo generado por la mala disposici\u00f3n de residuos peligrosos, en este caso bater\u00edas de veh\u00edculos en desuso, la cual contiene \u00e1cido sulf\u00farico y plomo, elementos que pueden llegar a impactar suelos, aguas superficiales y subterr\u00e1neas, y especialmente, la salud de las personas.<\/p>\n<p>As\u00ed lo dio a conocer la ma\u00f1ana de ayer, Feisal Ahuile Hadler, Presidente de la Corporaci\u00f3n Patagonia Viva, quien se\u00f1al\u00f3 sobre la importancia de esta iniciativa. \u201cEste es el primer paso que se da en este tipo de recolecci\u00f3n, el cual ha podido concretar gracias a las voluntades, tanto de la empresa privada, la sociedad civil y nuestra instituci\u00f3n, por lo que esperamos que la mayor cantidad de personas se sumen a esta pionera campa\u00f1a\u201d.<\/p>\n<p>Iniciativa que tambi\u00e9n a convocado el inter\u00e9s de los municipios de Tortel, Villa O\u00b4higgins y Cochrane y R\u00edo Ib\u00e1\u00f1ez, quienes tambi\u00e9n se han involucrado en la iniciativa, aportando con espacios para que los habitantes puedan depositar transitoriamente las bater\u00edas hasta ser trasladas al primer punto de acopio en la comuna de Cochrane, el pr\u00f3ximo 22 de mayo sum\u00e1ndose la localidad de Puerto Tranquilo el d\u00eda 23 de mayo y finalmente, terminar con lo que se espera la mayor cantidad de recepci\u00f3n de bater\u00edas el d\u00eda 24 de mayo en la comuna de Coyhaique.<\/p>\n<p>Vera Rebeco, Seremi de Medio Ambiente, hizo un llamado a la poblaci\u00f3n a no solamente dejar de apilar este tipo de artefactos, sino tambi\u00e9n las pilas y otros de similares caracter\u00edsticas que impacten negativamente tanto en el medio ambiente como en la salud de las personas. \u201c\u201cComo Gobierno, estamos muy comprometidos de poder apoyar iniciativas como \u00e9sta, presentada por la \u201cCorporaci\u00f3n Patagonia Viva\u201d de Coyhaique, dando un impulso no solamente en el respaldo institucional, sino comprometi\u00e9ndonos realmente con la ciudadan\u00eda\u201d, se\u00f1al\u00f3.<br \/>\n\u201cLa contaminaci\u00f3n es un compromiso que debemos abordar desde diversos \u00e1mbitos como la Educaci\u00f3n Ambiental, la Sociedad Civil, pero para eso tenemos que generar conciencia y m\u00e1s a\u00fan, alianzas que permitan impactar positivamente a nuestro territorio aisenino, con el objetivo de efectivamente ser una Reserva de Vida, de esta manera, en actualidad debemos dejar de ver los productos desechados como basura, hoy los residuos deben ser considerados como un recurso de valor, ya que son muchos son factibles de valorizar, d\u00e1ndole nuevos usos, lo que nos ayuda a descomprimir la presi\u00f3n sobre nuestros recursos naturales, sobre los sitios de disposici\u00f3n final y otros muchos beneficios que se generan mediante iniciativas de reciclaje\u201d, enfatiz\u00f3.<\/p>\n<p>Por su parte, a la empresa privada encabezada por Recimat, quien dispondr\u00e1 de este cami\u00f3n que trasladar\u00e1 el total de bater\u00edas recepcionadas, se suma el aporte en log\u00edstica y acopio de bater\u00edas de Edelays\u00e9n y la empresa Varona, que apoyar\u00e1n con incentivos (regalos corporativos) y aporte de la Seremi de Medio Ambiente, Salud y la PDI en velar por el cumplimiento de la normativa ambiental y sanitaria.<\/p>\n<p>\u201cUna pila o una bater\u00eda pueden contaminar miles de litros de agua y esa contaminaci\u00f3n puede durar miles de a\u00f1os, y eso hay que tenerlo en consideraci\u00f3n. Por esta raz\u00f3n, como Compa\u00f1\u00eda nos preocupa el medio ambiente y de esta manera, es que hemos acudido al llamado de la Corporaci\u00f3n, tal y cual lo hemos venido haciendo con la campa\u00f1a de pilas\u201d, se\u00f1al\u00f3 Leonardo Mor\u00e1n, Gerente Zonal de Edelays\u00e9n.<\/p>\n<p>Finalmente se destaca que la Ley 20.920 es la que establece el marco para la Gesti\u00f3n de Residuos, la Responsabilidad Extendida del Productor y el Fomento al Reciclaje, y busca disminuir la generaci\u00f3n de residuos y fomentar su reutilizaci\u00f3n, reciclaje y otro tipo de valoraci\u00f3n. Es esta la normativa que promueve un modelo de desarrollo en que los residuos de los productos pasan a ser un recurso de valor, incorpor\u00e1ndose nuevamente a la cadena de producci\u00f3n como materia prima o energ\u00eda, lo que permite avanzar como pa\u00eds hacia una econom\u00eda circular, como ya lo vienen haciendo varios pa\u00edses desarrollados, promoviendo el valor de cuidado de las personas, reducir el impacto ambiental relacionado a la extracci\u00f3n de recursos naturales; disminuir la generaci\u00f3n de gases de efecto invernadero (GEI), y descongestionamos la presi\u00f3n sobre los rellenos sanitarios y vertederos.<\/p>\n<p>&nbsp;<\/p>\n<p class=\"no-break\">\n<div class=\"fb-like fb_iframe_widget\" data-action=\"\" data-send=\"false\" data-layout=\"button_count\" data-show-faces=\"false\" data-href=\"http:\/\/www.vientopatagon.cl\/2018\/05\/corporacion-patagonia-viva-impulsa-la-primera-campana-de-recoleccion-de-baterias-fuera-de-uso-de-la-region-de-aysen\/\"><\/div>\n<div id=\"comment_wrapper\">\n<div class=\"fb-comments fb_iframe_widget\" data-href=\"http:\/\/www.vientopatagon.cl\/2018\/05\/corporacion-patagonia-viva-impulsa-la-primera-campana-de-recoleccion-de-baterias-fuera-de-uso-de-la-region-de-aysen\/\" data-width=\"590\" data-numposts=\"5\" data-colorscheme=\"light\">Fuente: http:\/\/www.vientopatagon.cl\/2018\/05\/corporacion-patagonia-viva-impulsa-la-primera-campana-de-recoleccion-de-baterias-fuera-de-uso-de-la-region-de-aysen\/<\/div>\n<\/div>\n<\/article>\n<\/div>\n<p>&nbsp;<\/p>\n<div id=\"sidebar\" class=\"columns four omega\">\n<div id=\"text-6\" class=\"widget-header widget_text\">\n<div class=\"box\">\n<div class=\"textwidget\"><\/div>\n<\/div>\n<\/div>\n<\/div>\n","protected":false},"excerpt":{"rendered":"<p>Regi\u00f3n de Aysen.-En el Taller el\u00e9ctrico de don Luis Guzm\u00e1n, de calle Lautaro, en la comuna de Coyhaique, se dio [&hellip;]<\/p>\n","protected":false},"author":2,"featured_media":46086,"comment_status":"open","ping_status":"open","sticky":false,"template":"","format":"standard","meta":{"site-sidebar-layout":"default","site-content-layout":"","ast-site-content-layout":"default","site-content-style":"default","site-sidebar-style":"default","ast-global-header-display":"","ast-banner-title-visibility":"","ast-main-header-display":"","ast-hfb-above-header-display":"","ast-hfb-below-header-display":"","ast-hfb-mobile-header-display":"","site-post-title":"","ast-breadcrumbs-content":"","ast-featured-img":"","footer-sml-layout":"","ast-disable-related-posts":"","theme-transparent-header-meta":"","adv-header-id-meta":"","stick-header-meta":"","header-above-stick-meta":"","header-main-stick-meta":"","header-below-stick-meta":"","astra-migrate-meta-layouts":"default","ast-page-background-enabled":"default","ast-page-background-meta":{"desktop":{"background-color":"var(--ast-global-color-5)","background-image":"","background-repeat":"repeat","background-position":"center center","background-size":"auto","background-attachment":"scroll","background-type":"","background-media":"","overlay-type":"","overlay-color":"","overlay-opacity":"","overlay-gradient":""},"tablet":{"background-color":"","background-image":"","background-repeat":"repeat","background-position":"center center","background-size":"auto","background-attachment":"scroll","background-type":"","background-media":"","overlay-type":"","overlay-color":"","overlay-opacity":"","overlay-gradient":""},"mobile":{"background-color":"","background-image":"","background-repeat":"repeat","background-position":"center center","background-size":"auto","background-attachment":"scroll","background-type":"","background-media":"","overlay-type":"","overlay-color":"","overlay-opacity":"","overlay-gradient":""}},"ast-content-background-meta":{"desktop":{"background-color":"var(--ast-global-color-4)","background-image":"","background-repeat":"repeat","background-position":"center center","background-size":"auto","background-attachment":"scroll","background-type":"","background-media":"","overlay-type":"","overlay-color":"","overlay-opacity":"","overlay-gradient":""},"tablet":{"background-color":"var(--ast-global-color-4)","background-image":"","background-repeat":"repeat","background-position":"center center","background-size":"auto","background-attachment":"scroll","background-type":"","background-media":"","overlay-type":"","overlay-color":"","overlay-opacity":"","overlay-gradient":""},"mobile":{"background-color":"var(--ast-global-color-4)","background-image":"","background-repeat":"repeat","background-position":"center center","background-size":"auto","background-attachment":"scroll","background-type":"","background-media":"","overlay-type":"","overlay-color":"","overlay-opacity":"","overlay-gradient":""}},"footnotes":""},"categories":[23,1],"tags":[],"class_list":["post-46085","post","type-post","status-publish","format-standard","has-post-thumbnail","hentry","category-internacionales","category-noticias"],"yoast_head":"<!-- This site is optimized with the Yoast SEO Premium plugin v23.0 (Yoast SEO v27.4) - https:\/\/yoast.com\/product\/yoast-seo-premium-wordpress\/ -->\n<title>Corporaci\u00f3n Patagonia Viva impulsa la primera campa\u00f1a de recolecci\u00f3n de Bater\u00edas fuera de uso de la regi\u00f3n de Ays\u00e9n<\/title>\n<meta name=\"robots\" content=\"index, follow, max-snippet:-1, max-image-preview:large, max-video-preview:-1\" \/>\n<link rel=\"canonical\" href=\"https:\/\/patagoniambiental.com.ar\/info\/corporacion-patagonia-viva-impulsa-la-primera-campana-de-recoleccion-de-baterias-fuera-de-uso-de-la-region-de-aysen\/\" \/>\n<meta property=\"og:locale\" content=\"es_ES\" \/>\n<meta property=\"og:type\" content=\"article\" \/>\n<meta property=\"og:title\" content=\"Corporaci\u00f3n Patagonia Viva impulsa la primera campa\u00f1a de recolecci\u00f3n de Bater\u00edas fuera de uso de la regi\u00f3n de Ays\u00e9n\" \/>\n<meta property=\"og:description\" content=\"Regi\u00f3n de Aysen.-En el Taller el\u00e9ctrico de don Luis Guzm\u00e1n, de calle Lautaro, en la comuna de Coyhaique, se dio [&hellip;]\" \/>\n<meta property=\"og:url\" content=\"https:\/\/patagoniambiental.com.ar\/info\/corporacion-patagonia-viva-impulsa-la-primera-campana-de-recoleccion-de-baterias-fuera-de-uso-de-la-region-de-aysen\/\" \/>\n<meta property=\"og:site_name\" content=\"Patagonia Ambiental\" \/>\n<meta property=\"article:publisher\" content=\"https:\/\/www.facebook.com\/patagonia.ambiental\" \/>\n<meta property=\"article:author\" content=\"https:\/\/www.facebook.com\/share\/1C1V8Gv9BX\/?mibextid=qi2Omg\" \/>\n<meta property=\"article:published_time\" content=\"2018-05-10T22:00:59+00:00\" \/>\n<meta property=\"og:image\" content=\"https:\/\/patagoniambiental.com.ar\/info\/wp-content\/uploads\/2018\/05\/0a20d08d-3111-46c0-ac61-bce32111f6d8-488x243.jpg\" \/>\n\t<meta property=\"og:image:width\" content=\"488\" \/>\n\t<meta property=\"og:image:height\" content=\"243\" \/>\n\t<meta property=\"og:image:type\" content=\"image\/jpeg\" \/>\n<meta name=\"author\" content=\"Patagonia Ambiental\" \/>\n<meta name=\"twitter:card\" content=\"summary_large_image\" \/>\n<meta name=\"twitter:creator\" content=\"@PatAmb\" \/>\n<meta name=\"twitter:site\" content=\"@PatAmb\" \/>\n<script type=\"application\/ld+json\" class=\"yoast-schema-graph\">{\"@context\":\"https:\\\/\\\/schema.org\",\"@graph\":[{\"@type\":\"Article\",\"@id\":\"https:\\\/\\\/patagoniambiental.com.ar\\\/info\\\/corporacion-patagonia-viva-impulsa-la-primera-campana-de-recoleccion-de-baterias-fuera-de-uso-de-la-region-de-aysen\\\/#article\",\"isPartOf\":{\"@id\":\"https:\\\/\\\/patagoniambiental.com.ar\\\/info\\\/corporacion-patagonia-viva-impulsa-la-primera-campana-de-recoleccion-de-baterias-fuera-de-uso-de-la-region-de-aysen\\\/\"},\"author\":{\"name\":\"Patagonia Ambiental\",\"@id\":\"https:\\\/\\\/patagoniambiental.com.ar\\\/info\\\/#\\\/schema\\\/person\\\/db12bff64bbcbf6a253710bf0ea37b5d\"},\"headline\":\"Corporaci\u00f3n Patagonia Viva impulsa la primera campa\u00f1a de recolecci\u00f3n de Bater\u00edas fuera de uso de la regi\u00f3n de Ays\u00e9n\",\"datePublished\":\"2018-05-10T22:00:59+00:00\",\"mainEntityOfPage\":{\"@id\":\"https:\\\/\\\/patagoniambiental.com.ar\\\/info\\\/corporacion-patagonia-viva-impulsa-la-primera-campana-de-recoleccion-de-baterias-fuera-de-uso-de-la-region-de-aysen\\\/\"},\"wordCount\":878,\"commentCount\":0,\"publisher\":{\"@id\":\"https:\\\/\\\/patagoniambiental.com.ar\\\/info\\\/#organization\"},\"image\":{\"@id\":\"https:\\\/\\\/patagoniambiental.com.ar\\\/info\\\/corporacion-patagonia-viva-impulsa-la-primera-campana-de-recoleccion-de-baterias-fuera-de-uso-de-la-region-de-aysen\\\/#primaryimage\"},\"thumbnailUrl\":\"https:\\\/\\\/patagoniambiental.com.ar\\\/info\\\/wp-content\\\/uploads\\\/2018\\\/05\\\/0a20d08d-3111-46c0-ac61-bce32111f6d8-488x243.jpg\",\"articleSection\":[\"Internacionales\",\"Noticias\"],\"inLanguage\":\"es\",\"potentialAction\":[{\"@type\":\"CommentAction\",\"name\":\"Comment\",\"target\":[\"https:\\\/\\\/patagoniambiental.com.ar\\\/info\\\/corporacion-patagonia-viva-impulsa-la-primera-campana-de-recoleccion-de-baterias-fuera-de-uso-de-la-region-de-aysen\\\/#respond\"]}]},{\"@type\":\"WebPage\",\"@id\":\"https:\\\/\\\/patagoniambiental.com.ar\\\/info\\\/corporacion-patagonia-viva-impulsa-la-primera-campana-de-recoleccion-de-baterias-fuera-de-uso-de-la-region-de-aysen\\\/\",\"url\":\"https:\\\/\\\/patagoniambiental.com.ar\\\/info\\\/corporacion-patagonia-viva-impulsa-la-primera-campana-de-recoleccion-de-baterias-fuera-de-uso-de-la-region-de-aysen\\\/\",\"name\":\"Corporaci\u00f3n Patagonia Viva impulsa la primera campa\u00f1a de recolecci\u00f3n de Bater\u00edas fuera de uso de la regi\u00f3n de Ays\u00e9n\",\"isPartOf\":{\"@id\":\"https:\\\/\\\/patagoniambiental.com.ar\\\/info\\\/#website\"},\"primaryImageOfPage\":{\"@id\":\"https:\\\/\\\/patagoniambiental.com.ar\\\/info\\\/corporacion-patagonia-viva-impulsa-la-primera-campana-de-recoleccion-de-baterias-fuera-de-uso-de-la-region-de-aysen\\\/#primaryimage\"},\"image\":{\"@id\":\"https:\\\/\\\/patagoniambiental.com.ar\\\/info\\\/corporacion-patagonia-viva-impulsa-la-primera-campana-de-recoleccion-de-baterias-fuera-de-uso-de-la-region-de-aysen\\\/#primaryimage\"},\"thumbnailUrl\":\"https:\\\/\\\/patagoniambiental.com.ar\\\/info\\\/wp-content\\\/uploads\\\/2018\\\/05\\\/0a20d08d-3111-46c0-ac61-bce32111f6d8-488x243.jpg\",\"datePublished\":\"2018-05-10T22:00:59+00:00\",\"breadcrumb\":{\"@id\":\"https:\\\/\\\/patagoniambiental.com.ar\\\/info\\\/corporacion-patagonia-viva-impulsa-la-primera-campana-de-recoleccion-de-baterias-fuera-de-uso-de-la-region-de-aysen\\\/#breadcrumb\"},\"inLanguage\":\"es\",\"potentialAction\":[{\"@type\":\"ReadAction\",\"target\":[\"https:\\\/\\\/patagoniambiental.com.ar\\\/info\\\/corporacion-patagonia-viva-impulsa-la-primera-campana-de-recoleccion-de-baterias-fuera-de-uso-de-la-region-de-aysen\\\/\"]}]},{\"@type\":\"ImageObject\",\"inLanguage\":\"es\",\"@id\":\"https:\\\/\\\/patagoniambiental.com.ar\\\/info\\\/corporacion-patagonia-viva-impulsa-la-primera-campana-de-recoleccion-de-baterias-fuera-de-uso-de-la-region-de-aysen\\\/#primaryimage\",\"url\":\"https:\\\/\\\/patagoniambiental.com.ar\\\/info\\\/wp-content\\\/uploads\\\/2018\\\/05\\\/0a20d08d-3111-46c0-ac61-bce32111f6d8-488x243.jpg\",\"contentUrl\":\"https:\\\/\\\/patagoniambiental.com.ar\\\/info\\\/wp-content\\\/uploads\\\/2018\\\/05\\\/0a20d08d-3111-46c0-ac61-bce32111f6d8-488x243.jpg\",\"width\":488,\"height\":243},{\"@type\":\"BreadcrumbList\",\"@id\":\"https:\\\/\\\/patagoniambiental.com.ar\\\/info\\\/corporacion-patagonia-viva-impulsa-la-primera-campana-de-recoleccion-de-baterias-fuera-de-uso-de-la-region-de-aysen\\\/#breadcrumb\",\"itemListElement\":[{\"@type\":\"ListItem\",\"position\":1,\"name\":\"Inicio\",\"item\":\"https:\\\/\\\/patagoniambiental.com.ar\\\/info\\\/\"},{\"@type\":\"ListItem\",\"position\":2,\"name\":\"Corporaci\u00f3n Patagonia Viva impulsa la primera campa\u00f1a de recolecci\u00f3n de Bater\u00edas fuera de uso de la regi\u00f3n de Ays\u00e9n\"}]},{\"@type\":\"WebSite\",\"@id\":\"https:\\\/\\\/patagoniambiental.com.ar\\\/info\\\/#website\",\"url\":\"https:\\\/\\\/patagoniambiental.com.ar\\\/info\\\/\",\"name\":\"Patagonia Ambiental\",\"description\":\"Monitoreo y an\u00e1lisis de la situaci\u00f3n geopol\u00edtica en el mundo y su implicancia en la Patagonia\",\"publisher\":{\"@id\":\"https:\\\/\\\/patagoniambiental.com.ar\\\/info\\\/#organization\"},\"potentialAction\":[{\"@type\":\"SearchAction\",\"target\":{\"@type\":\"EntryPoint\",\"urlTemplate\":\"https:\\\/\\\/patagoniambiental.com.ar\\\/info\\\/?s={search_term_string}\"},\"query-input\":{\"@type\":\"PropertyValueSpecification\",\"valueRequired\":true,\"valueName\":\"search_term_string\"}}],\"inLanguage\":\"es\"},{\"@type\":\"Organization\",\"@id\":\"https:\\\/\\\/patagoniambiental.com.ar\\\/info\\\/#organization\",\"name\":\"Patagonia Ambiental\",\"url\":\"https:\\\/\\\/patagoniambiental.com.ar\\\/info\\\/\",\"logo\":{\"@type\":\"ImageObject\",\"inLanguage\":\"es\",\"@id\":\"https:\\\/\\\/patagoniambiental.com.ar\\\/info\\\/#\\\/schema\\\/logo\\\/image\\\/\",\"url\":\"https:\\\/\\\/patagoniambiental.com.ar\\\/info\\\/wp-content\\\/uploads\\\/2025\\\/05\\\/LOGO-PATAGONIA-AMBIENTAL.png\",\"contentUrl\":\"https:\\\/\\\/patagoniambiental.com.ar\\\/info\\\/wp-content\\\/uploads\\\/2025\\\/05\\\/LOGO-PATAGONIA-AMBIENTAL.png\",\"width\":433,\"height\":250,\"caption\":\"Patagonia Ambiental\"},\"image\":{\"@id\":\"https:\\\/\\\/patagoniambiental.com.ar\\\/info\\\/#\\\/schema\\\/logo\\\/image\\\/\"},\"sameAs\":[\"https:\\\/\\\/www.facebook.com\\\/patagonia.ambiental\",\"https:\\\/\\\/x.com\\\/PatAmb\"]},{\"@type\":\"Person\",\"@id\":\"https:\\\/\\\/patagoniambiental.com.ar\\\/info\\\/#\\\/schema\\\/person\\\/db12bff64bbcbf6a253710bf0ea37b5d\",\"name\":\"Patagonia Ambiental\",\"description\":\"Andr\u00e9s Nievas T\u00e9cnico en manejo ambiental, consultor Ambiental y escritor para medios locales e internacionales sobre temas de geopolitica y medio ambiente.\",\"sameAs\":[\"http:\\\/\\\/www.patagoniambiental.com.ar\",\"https:\\\/\\\/www.facebook.com\\\/share\\\/1C1V8Gv9BX\\\/?mibextid=qi2Omg\",\"@patagoniambiental\",\"https:\\\/\\\/youtube.com\\\/@patagoniaambiental2023?si=BLt58t0wuXquxlYZ\"]}]}<\/script>\n<!-- \/ Yoast SEO Premium plugin. -->","yoast_head_json":{"title":"Corporaci\u00f3n Patagonia Viva impulsa la primera campa\u00f1a de recolecci\u00f3n de Bater\u00edas fuera de uso de la regi\u00f3n de Ays\u00e9n","robots":{"index":"index","follow":"follow","max-snippet":"max-snippet:-1","max-image-preview":"max-image-preview:large","max-video-preview":"max-video-preview:-1"},"canonical":"https:\/\/patagoniambiental.com.ar\/info\/corporacion-patagonia-viva-impulsa-la-primera-campana-de-recoleccion-de-baterias-fuera-de-uso-de-la-region-de-aysen\/","og_locale":"es_ES","og_type":"article","og_title":"Corporaci\u00f3n Patagonia Viva impulsa la primera campa\u00f1a de recolecci\u00f3n de Bater\u00edas fuera de uso de la regi\u00f3n de Ays\u00e9n","og_description":"Regi\u00f3n de Aysen.-En el Taller el\u00e9ctrico de don Luis Guzm\u00e1n, de calle Lautaro, en la comuna de Coyhaique, se dio [&hellip;]","og_url":"https:\/\/patagoniambiental.com.ar\/info\/corporacion-patagonia-viva-impulsa-la-primera-campana-de-recoleccion-de-baterias-fuera-de-uso-de-la-region-de-aysen\/","og_site_name":"Patagonia Ambiental","article_publisher":"https:\/\/www.facebook.com\/patagonia.ambiental","article_author":"https:\/\/www.facebook.com\/share\/1C1V8Gv9BX\/?mibextid=qi2Omg","article_published_time":"2018-05-10T22:00:59+00:00","og_image":[{"width":488,"height":243,"url":"https:\/\/patagoniambiental.com.ar\/info\/wp-content\/uploads\/2018\/05\/0a20d08d-3111-46c0-ac61-bce32111f6d8-488x243.jpg","type":"image\/jpeg"}],"author":"Patagonia Ambiental","twitter_card":"summary_large_image","twitter_creator":"@PatAmb","twitter_site":"@PatAmb","schema":{"@context":"https:\/\/schema.org","@graph":[{"@type":"Article","@id":"https:\/\/patagoniambiental.com.ar\/info\/corporacion-patagonia-viva-impulsa-la-primera-campana-de-recoleccion-de-baterias-fuera-de-uso-de-la-region-de-aysen\/#article","isPartOf":{"@id":"https:\/\/patagoniambiental.com.ar\/info\/corporacion-patagonia-viva-impulsa-la-primera-campana-de-recoleccion-de-baterias-fuera-de-uso-de-la-region-de-aysen\/"},"author":{"name":"Patagonia Ambiental","@id":"https:\/\/patagoniambiental.com.ar\/info\/#\/schema\/person\/db12bff64bbcbf6a253710bf0ea37b5d"},"headline":"Corporaci\u00f3n Patagonia Viva impulsa la primera campa\u00f1a de recolecci\u00f3n de Bater\u00edas fuera de uso de la regi\u00f3n de Ays\u00e9n","datePublished":"2018-05-10T22:00:59+00:00","mainEntityOfPage":{"@id":"https:\/\/patagoniambiental.com.ar\/info\/corporacion-patagonia-viva-impulsa-la-primera-campana-de-recoleccion-de-baterias-fuera-de-uso-de-la-region-de-aysen\/"},"wordCount":878,"commentCount":0,"publisher":{"@id":"https:\/\/patagoniambiental.com.ar\/info\/#organization"},"image":{"@id":"https:\/\/patagoniambiental.com.ar\/info\/corporacion-patagonia-viva-impulsa-la-primera-campana-de-recoleccion-de-baterias-fuera-de-uso-de-la-region-de-aysen\/#primaryimage"},"thumbnailUrl":"https:\/\/patagoniambiental.com.ar\/info\/wp-content\/uploads\/2018\/05\/0a20d08d-3111-46c0-ac61-bce32111f6d8-488x243.jpg","articleSection":["Internacionales","Noticias"],"inLanguage":"es","potentialAction":[{"@type":"CommentAction","name":"Comment","target":["https:\/\/patagoniambiental.com.ar\/info\/corporacion-patagonia-viva-impulsa-la-primera-campana-de-recoleccion-de-baterias-fuera-de-uso-de-la-region-de-aysen\/#respond"]}]},{"@type":"WebPage","@id":"https:\/\/patagoniambiental.com.ar\/info\/corporacion-patagonia-viva-impulsa-la-primera-campana-de-recoleccion-de-baterias-fuera-de-uso-de-la-region-de-aysen\/","url":"https:\/\/patagoniambiental.com.ar\/info\/corporacion-patagonia-viva-impulsa-la-primera-campana-de-recoleccion-de-baterias-fuera-de-uso-de-la-region-de-aysen\/","name":"Corporaci\u00f3n Patagonia Viva impulsa la primera campa\u00f1a de recolecci\u00f3n de Bater\u00edas fuera de uso de la regi\u00f3n de Ays\u00e9n","isPartOf":{"@id":"https:\/\/patagoniambiental.com.ar\/info\/#website"},"primaryImageOfPage":{"@id":"https:\/\/patagoniambiental.com.ar\/info\/corporacion-patagonia-viva-impulsa-la-primera-campana-de-recoleccion-de-baterias-fuera-de-uso-de-la-region-de-aysen\/#primaryimage"},"image":{"@id":"https:\/\/patagoniambiental.com.ar\/info\/corporacion-patagonia-viva-impulsa-la-primera-campana-de-recoleccion-de-baterias-fuera-de-uso-de-la-region-de-aysen\/#primaryimage"},"thumbnailUrl":"https:\/\/patagoniambiental.com.ar\/info\/wp-content\/uploads\/2018\/05\/0a20d08d-3111-46c0-ac61-bce32111f6d8-488x243.jpg","datePublished":"2018-05-10T22:00:59+00:00","breadcrumb":{"@id":"https:\/\/patagoniambiental.com.ar\/info\/corporacion-patagonia-viva-impulsa-la-primera-campana-de-recoleccion-de-baterias-fuera-de-uso-de-la-region-de-aysen\/#breadcrumb"},"inLanguage":"es","potentialAction":[{"@type":"ReadAction","target":["https:\/\/patagoniambiental.com.ar\/info\/corporacion-patagonia-viva-impulsa-la-primera-campana-de-recoleccion-de-baterias-fuera-de-uso-de-la-region-de-aysen\/"]}]},{"@type":"ImageObject","inLanguage":"es","@id":"https:\/\/patagoniambiental.com.ar\/info\/corporacion-patagonia-viva-impulsa-la-primera-campana-de-recoleccion-de-baterias-fuera-de-uso-de-la-region-de-aysen\/#primaryimage","url":"https:\/\/patagoniambiental.com.ar\/info\/wp-content\/uploads\/2018\/05\/0a20d08d-3111-46c0-ac61-bce32111f6d8-488x243.jpg","contentUrl":"https:\/\/patagoniambiental.com.ar\/info\/wp-content\/uploads\/2018\/05\/0a20d08d-3111-46c0-ac61-bce32111f6d8-488x243.jpg","width":488,"height":243},{"@type":"BreadcrumbList","@id":"https:\/\/patagoniambiental.com.ar\/info\/corporacion-patagonia-viva-impulsa-la-primera-campana-de-recoleccion-de-baterias-fuera-de-uso-de-la-region-de-aysen\/#breadcrumb","itemListElement":[{"@type":"ListItem","position":1,"name":"Inicio","item":"https:\/\/patagoniambiental.com.ar\/info\/"},{"@type":"ListItem","position":2,"name":"Corporaci\u00f3n Patagonia Viva impulsa la primera campa\u00f1a de recolecci\u00f3n de Bater\u00edas fuera de uso de la regi\u00f3n de Ays\u00e9n"}]},{"@type":"WebSite","@id":"https:\/\/patagoniambiental.com.ar\/info\/#website","url":"https:\/\/patagoniambiental.com.ar\/info\/","name":"Patagonia Ambiental","description":"Monitoreo y an\u00e1lisis de la situaci\u00f3n geopol\u00edtica en el mundo y su implicancia en la Patagonia","publisher":{"@id":"https:\/\/patagoniambiental.com.ar\/info\/#organization"},"potentialAction":[{"@type":"SearchAction","target":{"@type":"EntryPoint","urlTemplate":"https:\/\/patagoniambiental.com.ar\/info\/?s={search_term_string}"},"query-input":{"@type":"PropertyValueSpecification","valueRequired":true,"valueName":"search_term_string"}}],"inLanguage":"es"},{"@type":"Organization","@id":"https:\/\/patagoniambiental.com.ar\/info\/#organization","name":"Patagonia Ambiental","url":"https:\/\/patagoniambiental.com.ar\/info\/","logo":{"@type":"ImageObject","inLanguage":"es","@id":"https:\/\/patagoniambiental.com.ar\/info\/#\/schema\/logo\/image\/","url":"https:\/\/patagoniambiental.com.ar\/info\/wp-content\/uploads\/2025\/05\/LOGO-PATAGONIA-AMBIENTAL.png","contentUrl":"https:\/\/patagoniambiental.com.ar\/info\/wp-content\/uploads\/2025\/05\/LOGO-PATAGONIA-AMBIENTAL.png","width":433,"height":250,"caption":"Patagonia Ambiental"},"image":{"@id":"https:\/\/patagoniambiental.com.ar\/info\/#\/schema\/logo\/image\/"},"sameAs":["https:\/\/www.facebook.com\/patagonia.ambiental","https:\/\/x.com\/PatAmb"]},{"@type":"Person","@id":"https:\/\/patagoniambiental.com.ar\/info\/#\/schema\/person\/db12bff64bbcbf6a253710bf0ea37b5d","name":"Patagonia Ambiental","description":"Andr\u00e9s Nievas T\u00e9cnico en manejo ambiental, consultor Ambiental y escritor para medios locales e internacionales sobre temas de geopolitica y medio ambiente.","sameAs":["http:\/\/www.patagoniambiental.com.ar","https:\/\/www.facebook.com\/share\/1C1V8Gv9BX\/?mibextid=qi2Omg","@patagoniambiental","https:\/\/youtube.com\/@patagoniaambiental2023?si=BLt58t0wuXquxlYZ"]}]}},"_links":{"self":[{"href":"https:\/\/patagoniambiental.com.ar\/info\/wp-json\/wp\/v2\/posts\/46085","targetHints":{"allow":["GET"]}}],"collection":[{"href":"https:\/\/patagoniambiental.com.ar\/info\/wp-json\/wp\/v2\/posts"}],"about":[{"href":"https:\/\/patagoniambiental.com.ar\/info\/wp-json\/wp\/v2\/types\/post"}],"author":[{"embeddable":true,"href":"https:\/\/patagoniambiental.com.ar\/info\/wp-json\/wp\/v2\/users\/2"}],"replies":[{"embeddable":true,"href":"https:\/\/patagoniambiental.com.ar\/info\/wp-json\/wp\/v2\/comments?post=46085"}],"version-history":[{"count":0,"href":"https:\/\/patagoniambiental.com.ar\/info\/wp-json\/wp\/v2\/posts\/46085\/revisions"}],"wp:featuredmedia":[{"embeddable":true,"href":"https:\/\/patagoniambiental.com.ar\/info\/wp-json\/wp\/v2\/media\/46086"}],"wp:attachment":[{"href":"https:\/\/patagoniambiental.com.ar\/info\/wp-json\/wp\/v2\/media?parent=46085"}],"wp:term":[{"taxonomy":"category","embeddable":true,"href":"https:\/\/patagoniambiental.com.ar\/info\/wp-json\/wp\/v2\/categories?post=46085"},{"taxonomy":"post_tag","embeddable":true,"href":"https:\/\/patagoniambiental.com.ar\/info\/wp-json\/wp\/v2\/tags?post=46085"}],"curies":[{"name":"wp","href":"https:\/\/api.w.org\/{rel}","templated":true}]}}