{"id":46126,"date":"2018-05-10T09:00:17","date_gmt":"2018-05-10T12:00:17","guid":{"rendered":"http:\/\/patagoniambiental.com.ar\/info\/?p=46126"},"modified":"2018-05-09T18:45:17","modified_gmt":"2018-05-09T21:45:17","slug":"onu-advierte-sobre-el-gran-coste-economico-de-la-desertificacion","status":"publish","type":"post","link":"https:\/\/patagoniambiental.com.ar\/info\/onu-advierte-sobre-el-gran-coste-economico-de-la-desertificacion\/","title":{"rendered":"ONU advierte sobre el gran coste econ\u00f3mico de la desertificaci\u00f3n"},"content":{"rendered":"<article class=\"post-listing post-107996 efe_noticias type-efe_noticias status-publish format-standard hentry tag-desertificacion tag-economia area_geografica-internacional tematica-actualidad tematica-cambioclimatico tipo_noticia-efe-recomienda\">\n<div class=\"post-inner\">\n<div class=\"entry\">\n<p class=\"entradilla\">La econom\u00eda global va a perder 23 billones de d\u00f3lares (19,35 billones de euros) hasta 2050 por la degradaci\u00f3n del terreno, un fen\u00f3meno agravado por el cambio clim\u00e1tico, advirti\u00f3 la Convenci\u00f3n de la ONU para Combatir la Desertificaci\u00f3n (UNCCD) en un informe publicado hoy.<\/p>\n<p>El estudio se lanz\u00f3 junto a los perfiles nacionales de 21 de los pa\u00edses m\u00e1s afectados por la desertificaci\u00f3n, entre los que se encuentran Chile y Panam\u00e1, de los que se estima que a causa de la degradaci\u00f3n del terreno pierden anualmente un 12 % y un 1,5 % de su producto interior bruto (PIB), respectivamente.<\/p>\n<p>La UNCCD, con sede en Bonn (Alemania), inst\u00f3 en un comunicado a \u201cactuar de forma inmediata y urgente\u201d y a \u201cdetener esta alarmante tendencia\u201d con un paquete de medidas cuya implementaci\u00f3n calcula que costar\u00eda unos 4,6 billones de d\u00f3lares (3,87 billones de euros), el 20 % de las p\u00e9rdidas estimadas.<\/p>\n<p>Un terreno sano es el activo primario que sostiene muchas vidas en todo el mundo, del alimento a los empleos, pasando por unos ingresos decentes\u201d, asegur\u00f3 el director gerente del mecanismo global del UNCCD, Juan Carlos Mendoza.<\/p>\n<h2>1.500 millones de personas<\/h2>\n<p>A su juicio, el mundo afronta ahora \u201cuna crisis de proporciones in\u00e9ditas\u201d porque \u201c1.500 millones de personas\u201d, principalmente en los pa\u00edses m\u00e1s pobres, est\u00e1n \u201catrapados\u201d en tierras agr\u00edcolas degradadas.<\/p>\n<p>Esta realidad est\u00e1 atizando la pobreza extrema, especialmente en \u00e1reas como el Sahel o el sur de Asia, donde est\u00e1n aumentando los sucesos meteorol\u00f3gicos extremos y err\u00e1ticos debido al impacto del cambio clim\u00e1tico\u201d, argument\u00f3 Mendoza.<\/p>\n<p>De hecho, seg\u00fan este informe Asia y \u00c1frica son los continentes que acumular\u00e1n las mayores p\u00e9rdidas, estimadas en 84.000 y 65.000 millones de d\u00f3lares al a\u00f1o, respectivamente.<\/p>\n<h2>169 pa\u00edses<\/h2>\n<p>A nivel global, 169 pa\u00edses est\u00e1n afectados por la degradaci\u00f3n del terreno, por las sequ\u00edas o por ambos problemas, y de ellos, 116 se han comprometido a detener la desertificaci\u00f3n dentro de los objetivos de desarrollo de la Agenda 2030 de la ONU.<\/p>\n<p>El estudio de la UNCCD incluye fichas del pa\u00eds donde se compilan todos los baremos ligados a la desertificaci\u00f3n en un perfil de\u00a0<strong>Neutralidad de Degradaci\u00f3n de la Tierra (LDN)<\/strong>, de los que ya se han divulgado 21. Los perfiles del resto de pa\u00edses se ir\u00e1n haciendo p\u00fablicos pr\u00f3ximamente, indic\u00f3 la UNCCD.<\/p>\n<div class=\"box shadow\">\n<div class=\"box-inner-block\"><i class=\"tieicon-boxicon\"><\/i>La media de las p\u00e9rdidas por desertificaci\u00f3n en estos 21 pa\u00edses es del 9 % del PIB, aunque hay pa\u00edses con tasas mucho m\u00e1s elevadas, como es el caso de la Rep\u00fablica Centroafricana, en el que la estimaci\u00f3n se dispara hasta el 40 %.<\/div>\n<\/div>\n<p>El estudio ofrece adem\u00e1s estimaciones de las inversiones que deber\u00edan hacer los pa\u00edses afectados para combatir la desertificaci\u00f3n en sus territorios y el efecto econ\u00f3mico de actuar cuanto antes.<\/p>\n<p>El documento se basa en los datos anal\u00edticos del\u00a0<strong>Centro de Investigaci\u00f3n para el Desarrollo de la Universidad de Bonn<\/strong>, la\u00a0<strong>Iniciativa econ\u00f3mica de la Degradaci\u00f3n de la Tierra<\/strong>\u00a0y el<strong>\u00a0Instituto Internacional para la Investigaci\u00f3n sobre Pol\u00edtica Alimentaria.<\/strong><\/p>\n<p>&nbsp;<\/p>\n<p>Fuente: EFEverde<\/p>\n<\/div>\n<\/div>\n<\/article>\n<p class=\"post-tag\">\n","protected":false},"excerpt":{"rendered":"<p>La econom\u00eda global va a perder 23 billones de d\u00f3lares (19,35 billones de euros) hasta 2050 por la degradaci\u00f3n del [&hellip;]<\/p>\n","protected":false},"author":2,"featured_media":46127,"comment_status":"open","ping_status":"open","sticky":false,"template":"","format":"standard","meta":{"site-sidebar-layout":"default","site-content-layout":"","ast-site-content-layout":"default","site-content-style":"default","site-sidebar-style":"default","ast-global-header-display":"","ast-banner-title-visibility":"","ast-main-header-display":"","ast-hfb-above-header-display":"","ast-hfb-below-header-display":"","ast-hfb-mobile-header-display":"","site-post-title":"","ast-breadcrumbs-content":"","ast-featured-img":"","footer-sml-layout":"","ast-disable-related-posts":"","theme-transparent-header-meta":"","adv-header-id-meta":"","stick-header-meta":"","header-above-stick-meta":"","header-main-stick-meta":"","header-below-stick-meta":"","astra-migrate-meta-layouts":"default","ast-page-background-enabled":"default","ast-page-background-meta":{"desktop":{"background-color":"var(--ast-global-color-5)","background-image":"","background-repeat":"repeat","background-position":"center center","background-size":"auto","background-attachment":"scroll","background-type":"","background-media":"","overlay-type":"","overlay-color":"","overlay-opacity":"","overlay-gradient":""},"tablet":{"background-color":"","background-image":"","background-repeat":"repeat","background-position":"center center","background-size":"auto","background-attachment":"scroll","background-type":"","background-media":"","overlay-type":"","overlay-color":"","overlay-opacity":"","overlay-gradient":""},"mobile":{"background-color":"","background-image":"","background-repeat":"repeat","background-position":"center center","background-size":"auto","background-attachment":"scroll","background-type":"","background-media":"","overlay-type":"","overlay-color":"","overlay-opacity":"","overlay-gradient":""}},"ast-content-background-meta":{"desktop":{"background-color":"var(--ast-global-color-4)","background-image":"","background-repeat":"repeat","background-position":"center center","background-size":"auto","background-attachment":"scroll","background-type":"","background-media":"","overlay-type":"","overlay-color":"","overlay-opacity":"","overlay-gradient":""},"tablet":{"background-color":"var(--ast-global-color-4)","background-image":"","background-repeat":"repeat","background-position":"center center","background-size":"auto","background-attachment":"scroll","background-type":"","background-media":"","overlay-type":"","overlay-color":"","overlay-opacity":"","overlay-gradient":""},"mobile":{"background-color":"var(--ast-global-color-4)","background-image":"","background-repeat":"repeat","background-position":"center center","background-size":"auto","background-attachment":"scroll","background-type":"","background-media":"","overlay-type":"","overlay-color":"","overlay-opacity":"","overlay-gradient":""}},"footnotes":""},"categories":[23,1],"tags":[],"class_list":["post-46126","post","type-post","status-publish","format-standard","has-post-thumbnail","hentry","category-internacionales","category-noticias"],"yoast_head":"<!-- This site is optimized with the Yoast SEO Premium plugin v23.0 (Yoast SEO v27.4) - https:\/\/yoast.com\/product\/yoast-seo-premium-wordpress\/ -->\n<title>ONU advierte sobre el gran coste econ\u00f3mico de la desertificaci\u00f3n<\/title>\n<meta name=\"robots\" content=\"index, follow, max-snippet:-1, max-image-preview:large, max-video-preview:-1\" \/>\n<link rel=\"canonical\" href=\"https:\/\/patagoniambiental.com.ar\/info\/onu-advierte-sobre-el-gran-coste-economico-de-la-desertificacion\/\" \/>\n<meta property=\"og:locale\" content=\"es_ES\" \/>\n<meta property=\"og:type\" content=\"article\" \/>\n<meta property=\"og:title\" content=\"ONU advierte sobre el gran coste econ\u00f3mico de la desertificaci\u00f3n\" \/>\n<meta property=\"og:description\" content=\"La econom\u00eda global va a perder 23 billones de d\u00f3lares (19,35 billones de euros) hasta 2050 por la degradaci\u00f3n del [&hellip;]\" \/>\n<meta property=\"og:url\" content=\"https:\/\/patagoniambiental.com.ar\/info\/onu-advierte-sobre-el-gran-coste-economico-de-la-desertificacion\/\" \/>\n<meta property=\"og:site_name\" content=\"Patagonia Ambiental\" \/>\n<meta property=\"article:publisher\" content=\"https:\/\/www.facebook.com\/patagonia.ambiental\" \/>\n<meta property=\"article:author\" content=\"https:\/\/www.facebook.com\/share\/1C1V8Gv9BX\/?mibextid=qi2Omg\" \/>\n<meta property=\"article:published_time\" content=\"2018-05-10T12:00:17+00:00\" \/>\n<meta property=\"og:image\" content=\"https:\/\/patagoniambiental.com.ar\/info\/wp-content\/uploads\/2018\/05\/deforestacion1.jpg\" \/>\n\t<meta property=\"og:image:width\" content=\"620\" \/>\n\t<meta property=\"og:image:height\" content=\"310\" \/>\n\t<meta property=\"og:image:type\" content=\"image\/jpeg\" \/>\n<meta name=\"author\" content=\"Patagonia Ambiental\" \/>\n<meta name=\"twitter:card\" content=\"summary_large_image\" \/>\n<meta name=\"twitter:creator\" content=\"@PatAmb\" \/>\n<meta name=\"twitter:site\" content=\"@PatAmb\" \/>\n<script type=\"application\/ld+json\" class=\"yoast-schema-graph\">{\"@context\":\"https:\\\/\\\/schema.org\",\"@graph\":[{\"@type\":\"Article\",\"@id\":\"https:\\\/\\\/patagoniambiental.com.ar\\\/info\\\/onu-advierte-sobre-el-gran-coste-economico-de-la-desertificacion\\\/#article\",\"isPartOf\":{\"@id\":\"https:\\\/\\\/patagoniambiental.com.ar\\\/info\\\/onu-advierte-sobre-el-gran-coste-economico-de-la-desertificacion\\\/\"},\"author\":{\"name\":\"Patagonia Ambiental\",\"@id\":\"https:\\\/\\\/patagoniambiental.com.ar\\\/info\\\/#\\\/schema\\\/person\\\/db12bff64bbcbf6a253710bf0ea37b5d\"},\"headline\":\"ONU advierte sobre el gran coste econ\u00f3mico de la desertificaci\u00f3n\",\"datePublished\":\"2018-05-10T12:00:17+00:00\",\"mainEntityOfPage\":{\"@id\":\"https:\\\/\\\/patagoniambiental.com.ar\\\/info\\\/onu-advierte-sobre-el-gran-coste-economico-de-la-desertificacion\\\/\"},\"wordCount\":540,\"commentCount\":0,\"publisher\":{\"@id\":\"https:\\\/\\\/patagoniambiental.com.ar\\\/info\\\/#organization\"},\"image\":{\"@id\":\"https:\\\/\\\/patagoniambiental.com.ar\\\/info\\\/onu-advierte-sobre-el-gran-coste-economico-de-la-desertificacion\\\/#primaryimage\"},\"thumbnailUrl\":\"https:\\\/\\\/patagoniambiental.com.ar\\\/info\\\/wp-content\\\/uploads\\\/2018\\\/05\\\/deforestacion1.jpg\",\"articleSection\":[\"Internacionales\",\"Noticias\"],\"inLanguage\":\"es\",\"potentialAction\":[{\"@type\":\"CommentAction\",\"name\":\"Comment\",\"target\":[\"https:\\\/\\\/patagoniambiental.com.ar\\\/info\\\/onu-advierte-sobre-el-gran-coste-economico-de-la-desertificacion\\\/#respond\"]}]},{\"@type\":\"WebPage\",\"@id\":\"https:\\\/\\\/patagoniambiental.com.ar\\\/info\\\/onu-advierte-sobre-el-gran-coste-economico-de-la-desertificacion\\\/\",\"url\":\"https:\\\/\\\/patagoniambiental.com.ar\\\/info\\\/onu-advierte-sobre-el-gran-coste-economico-de-la-desertificacion\\\/\",\"name\":\"ONU advierte sobre el gran coste econ\u00f3mico de la desertificaci\u00f3n\",\"isPartOf\":{\"@id\":\"https:\\\/\\\/patagoniambiental.com.ar\\\/info\\\/#website\"},\"primaryImageOfPage\":{\"@id\":\"https:\\\/\\\/patagoniambiental.com.ar\\\/info\\\/onu-advierte-sobre-el-gran-coste-economico-de-la-desertificacion\\\/#primaryimage\"},\"image\":{\"@id\":\"https:\\\/\\\/patagoniambiental.com.ar\\\/info\\\/onu-advierte-sobre-el-gran-coste-economico-de-la-desertificacion\\\/#primaryimage\"},\"thumbnailUrl\":\"https:\\\/\\\/patagoniambiental.com.ar\\\/info\\\/wp-content\\\/uploads\\\/2018\\\/05\\\/deforestacion1.jpg\",\"datePublished\":\"2018-05-10T12:00:17+00:00\",\"breadcrumb\":{\"@id\":\"https:\\\/\\\/patagoniambiental.com.ar\\\/info\\\/onu-advierte-sobre-el-gran-coste-economico-de-la-desertificacion\\\/#breadcrumb\"},\"inLanguage\":\"es\",\"potentialAction\":[{\"@type\":\"ReadAction\",\"target\":[\"https:\\\/\\\/patagoniambiental.com.ar\\\/info\\\/onu-advierte-sobre-el-gran-coste-economico-de-la-desertificacion\\\/\"]}]},{\"@type\":\"ImageObject\",\"inLanguage\":\"es\",\"@id\":\"https:\\\/\\\/patagoniambiental.com.ar\\\/info\\\/onu-advierte-sobre-el-gran-coste-economico-de-la-desertificacion\\\/#primaryimage\",\"url\":\"https:\\\/\\\/patagoniambiental.com.ar\\\/info\\\/wp-content\\\/uploads\\\/2018\\\/05\\\/deforestacion1.jpg\",\"contentUrl\":\"https:\\\/\\\/patagoniambiental.com.ar\\\/info\\\/wp-content\\\/uploads\\\/2018\\\/05\\\/deforestacion1.jpg\",\"width\":620,\"height\":310,\"caption\":\"Imagen de archivo de reforestaciones junto al desierto de Tabernas (Almer\u00eda). EFE\\\/Jos\u00e9 Manuel alVid\"},{\"@type\":\"BreadcrumbList\",\"@id\":\"https:\\\/\\\/patagoniambiental.com.ar\\\/info\\\/onu-advierte-sobre-el-gran-coste-economico-de-la-desertificacion\\\/#breadcrumb\",\"itemListElement\":[{\"@type\":\"ListItem\",\"position\":1,\"name\":\"Inicio\",\"item\":\"https:\\\/\\\/patagoniambiental.com.ar\\\/info\\\/\"},{\"@type\":\"ListItem\",\"position\":2,\"name\":\"ONU advierte sobre el gran coste econ\u00f3mico de la desertificaci\u00f3n\"}]},{\"@type\":\"WebSite\",\"@id\":\"https:\\\/\\\/patagoniambiental.com.ar\\\/info\\\/#website\",\"url\":\"https:\\\/\\\/patagoniambiental.com.ar\\\/info\\\/\",\"name\":\"Patagonia Ambiental\",\"description\":\"Monitoreo y an\u00e1lisis de la situaci\u00f3n geopol\u00edtica en el mundo y su implicancia en la Patagonia\",\"publisher\":{\"@id\":\"https:\\\/\\\/patagoniambiental.com.ar\\\/info\\\/#organization\"},\"potentialAction\":[{\"@type\":\"SearchAction\",\"target\":{\"@type\":\"EntryPoint\",\"urlTemplate\":\"https:\\\/\\\/patagoniambiental.com.ar\\\/info\\\/?s={search_term_string}\"},\"query-input\":{\"@type\":\"PropertyValueSpecification\",\"valueRequired\":true,\"valueName\":\"search_term_string\"}}],\"inLanguage\":\"es\"},{\"@type\":\"Organization\",\"@id\":\"https:\\\/\\\/patagoniambiental.com.ar\\\/info\\\/#organization\",\"name\":\"Patagonia Ambiental\",\"url\":\"https:\\\/\\\/patagoniambiental.com.ar\\\/info\\\/\",\"logo\":{\"@type\":\"ImageObject\",\"inLanguage\":\"es\",\"@id\":\"https:\\\/\\\/patagoniambiental.com.ar\\\/info\\\/#\\\/schema\\\/logo\\\/image\\\/\",\"url\":\"https:\\\/\\\/patagoniambiental.com.ar\\\/info\\\/wp-content\\\/uploads\\\/2025\\\/05\\\/LOGO-PATAGONIA-AMBIENTAL.png\",\"contentUrl\":\"https:\\\/\\\/patagoniambiental.com.ar\\\/info\\\/wp-content\\\/uploads\\\/2025\\\/05\\\/LOGO-PATAGONIA-AMBIENTAL.png\",\"width\":433,\"height\":250,\"caption\":\"Patagonia Ambiental\"},\"image\":{\"@id\":\"https:\\\/\\\/patagoniambiental.com.ar\\\/info\\\/#\\\/schema\\\/logo\\\/image\\\/\"},\"sameAs\":[\"https:\\\/\\\/www.facebook.com\\\/patagonia.ambiental\",\"https:\\\/\\\/x.com\\\/PatAmb\"]},{\"@type\":\"Person\",\"@id\":\"https:\\\/\\\/patagoniambiental.com.ar\\\/info\\\/#\\\/schema\\\/person\\\/db12bff64bbcbf6a253710bf0ea37b5d\",\"name\":\"Patagonia Ambiental\",\"description\":\"Andr\u00e9s Nievas T\u00e9cnico en manejo ambiental, consultor Ambiental y escritor para medios locales e internacionales sobre temas de geopolitica y medio ambiente.\",\"sameAs\":[\"http:\\\/\\\/www.patagoniambiental.com.ar\",\"https:\\\/\\\/www.facebook.com\\\/share\\\/1C1V8Gv9BX\\\/?mibextid=qi2Omg\",\"@patagoniambiental\",\"https:\\\/\\\/youtube.com\\\/@patagoniaambiental2023?si=BLt58t0wuXquxlYZ\"]}]}<\/script>\n<!-- \/ Yoast SEO Premium plugin. -->","yoast_head_json":{"title":"ONU advierte sobre el gran coste econ\u00f3mico de la desertificaci\u00f3n","robots":{"index":"index","follow":"follow","max-snippet":"max-snippet:-1","max-image-preview":"max-image-preview:large","max-video-preview":"max-video-preview:-1"},"canonical":"https:\/\/patagoniambiental.com.ar\/info\/onu-advierte-sobre-el-gran-coste-economico-de-la-desertificacion\/","og_locale":"es_ES","og_type":"article","og_title":"ONU advierte sobre el gran coste econ\u00f3mico de la desertificaci\u00f3n","og_description":"La econom\u00eda global va a perder 23 billones de d\u00f3lares (19,35 billones de euros) hasta 2050 por la degradaci\u00f3n del [&hellip;]","og_url":"https:\/\/patagoniambiental.com.ar\/info\/onu-advierte-sobre-el-gran-coste-economico-de-la-desertificacion\/","og_site_name":"Patagonia Ambiental","article_publisher":"https:\/\/www.facebook.com\/patagonia.ambiental","article_author":"https:\/\/www.facebook.com\/share\/1C1V8Gv9BX\/?mibextid=qi2Omg","article_published_time":"2018-05-10T12:00:17+00:00","og_image":[{"width":620,"height":310,"url":"https:\/\/patagoniambiental.com.ar\/info\/wp-content\/uploads\/2018\/05\/deforestacion1.jpg","type":"image\/jpeg"}],"author":"Patagonia Ambiental","twitter_card":"summary_large_image","twitter_creator":"@PatAmb","twitter_site":"@PatAmb","schema":{"@context":"https:\/\/schema.org","@graph":[{"@type":"Article","@id":"https:\/\/patagoniambiental.com.ar\/info\/onu-advierte-sobre-el-gran-coste-economico-de-la-desertificacion\/#article","isPartOf":{"@id":"https:\/\/patagoniambiental.com.ar\/info\/onu-advierte-sobre-el-gran-coste-economico-de-la-desertificacion\/"},"author":{"name":"Patagonia Ambiental","@id":"https:\/\/patagoniambiental.com.ar\/info\/#\/schema\/person\/db12bff64bbcbf6a253710bf0ea37b5d"},"headline":"ONU advierte sobre el gran coste econ\u00f3mico de la desertificaci\u00f3n","datePublished":"2018-05-10T12:00:17+00:00","mainEntityOfPage":{"@id":"https:\/\/patagoniambiental.com.ar\/info\/onu-advierte-sobre-el-gran-coste-economico-de-la-desertificacion\/"},"wordCount":540,"commentCount":0,"publisher":{"@id":"https:\/\/patagoniambiental.com.ar\/info\/#organization"},"image":{"@id":"https:\/\/patagoniambiental.com.ar\/info\/onu-advierte-sobre-el-gran-coste-economico-de-la-desertificacion\/#primaryimage"},"thumbnailUrl":"https:\/\/patagoniambiental.com.ar\/info\/wp-content\/uploads\/2018\/05\/deforestacion1.jpg","articleSection":["Internacionales","Noticias"],"inLanguage":"es","potentialAction":[{"@type":"CommentAction","name":"Comment","target":["https:\/\/patagoniambiental.com.ar\/info\/onu-advierte-sobre-el-gran-coste-economico-de-la-desertificacion\/#respond"]}]},{"@type":"WebPage","@id":"https:\/\/patagoniambiental.com.ar\/info\/onu-advierte-sobre-el-gran-coste-economico-de-la-desertificacion\/","url":"https:\/\/patagoniambiental.com.ar\/info\/onu-advierte-sobre-el-gran-coste-economico-de-la-desertificacion\/","name":"ONU advierte sobre el gran coste econ\u00f3mico de la desertificaci\u00f3n","isPartOf":{"@id":"https:\/\/patagoniambiental.com.ar\/info\/#website"},"primaryImageOfPage":{"@id":"https:\/\/patagoniambiental.com.ar\/info\/onu-advierte-sobre-el-gran-coste-economico-de-la-desertificacion\/#primaryimage"},"image":{"@id":"https:\/\/patagoniambiental.com.ar\/info\/onu-advierte-sobre-el-gran-coste-economico-de-la-desertificacion\/#primaryimage"},"thumbnailUrl":"https:\/\/patagoniambiental.com.ar\/info\/wp-content\/uploads\/2018\/05\/deforestacion1.jpg","datePublished":"2018-05-10T12:00:17+00:00","breadcrumb":{"@id":"https:\/\/patagoniambiental.com.ar\/info\/onu-advierte-sobre-el-gran-coste-economico-de-la-desertificacion\/#breadcrumb"},"inLanguage":"es","potentialAction":[{"@type":"ReadAction","target":["https:\/\/patagoniambiental.com.ar\/info\/onu-advierte-sobre-el-gran-coste-economico-de-la-desertificacion\/"]}]},{"@type":"ImageObject","inLanguage":"es","@id":"https:\/\/patagoniambiental.com.ar\/info\/onu-advierte-sobre-el-gran-coste-economico-de-la-desertificacion\/#primaryimage","url":"https:\/\/patagoniambiental.com.ar\/info\/wp-content\/uploads\/2018\/05\/deforestacion1.jpg","contentUrl":"https:\/\/patagoniambiental.com.ar\/info\/wp-content\/uploads\/2018\/05\/deforestacion1.jpg","width":620,"height":310,"caption":"Imagen de archivo de reforestaciones junto al desierto de Tabernas (Almer\u00eda). EFE\/Jos\u00e9 Manuel alVid"},{"@type":"BreadcrumbList","@id":"https:\/\/patagoniambiental.com.ar\/info\/onu-advierte-sobre-el-gran-coste-economico-de-la-desertificacion\/#breadcrumb","itemListElement":[{"@type":"ListItem","position":1,"name":"Inicio","item":"https:\/\/patagoniambiental.com.ar\/info\/"},{"@type":"ListItem","position":2,"name":"ONU advierte sobre el gran coste econ\u00f3mico de la desertificaci\u00f3n"}]},{"@type":"WebSite","@id":"https:\/\/patagoniambiental.com.ar\/info\/#website","url":"https:\/\/patagoniambiental.com.ar\/info\/","name":"Patagonia Ambiental","description":"Monitoreo y an\u00e1lisis de la situaci\u00f3n geopol\u00edtica en el mundo y su implicancia en la Patagonia","publisher":{"@id":"https:\/\/patagoniambiental.com.ar\/info\/#organization"},"potentialAction":[{"@type":"SearchAction","target":{"@type":"EntryPoint","urlTemplate":"https:\/\/patagoniambiental.com.ar\/info\/?s={search_term_string}"},"query-input":{"@type":"PropertyValueSpecification","valueRequired":true,"valueName":"search_term_string"}}],"inLanguage":"es"},{"@type":"Organization","@id":"https:\/\/patagoniambiental.com.ar\/info\/#organization","name":"Patagonia Ambiental","url":"https:\/\/patagoniambiental.com.ar\/info\/","logo":{"@type":"ImageObject","inLanguage":"es","@id":"https:\/\/patagoniambiental.com.ar\/info\/#\/schema\/logo\/image\/","url":"https:\/\/patagoniambiental.com.ar\/info\/wp-content\/uploads\/2025\/05\/LOGO-PATAGONIA-AMBIENTAL.png","contentUrl":"https:\/\/patagoniambiental.com.ar\/info\/wp-content\/uploads\/2025\/05\/LOGO-PATAGONIA-AMBIENTAL.png","width":433,"height":250,"caption":"Patagonia Ambiental"},"image":{"@id":"https:\/\/patagoniambiental.com.ar\/info\/#\/schema\/logo\/image\/"},"sameAs":["https:\/\/www.facebook.com\/patagonia.ambiental","https:\/\/x.com\/PatAmb"]},{"@type":"Person","@id":"https:\/\/patagoniambiental.com.ar\/info\/#\/schema\/person\/db12bff64bbcbf6a253710bf0ea37b5d","name":"Patagonia Ambiental","description":"Andr\u00e9s Nievas T\u00e9cnico en manejo ambiental, consultor Ambiental y escritor para medios locales e internacionales sobre temas de geopolitica y medio ambiente.","sameAs":["http:\/\/www.patagoniambiental.com.ar","https:\/\/www.facebook.com\/share\/1C1V8Gv9BX\/?mibextid=qi2Omg","@patagoniambiental","https:\/\/youtube.com\/@patagoniaambiental2023?si=BLt58t0wuXquxlYZ"]}]}},"_links":{"self":[{"href":"https:\/\/patagoniambiental.com.ar\/info\/wp-json\/wp\/v2\/posts\/46126","targetHints":{"allow":["GET"]}}],"collection":[{"href":"https:\/\/patagoniambiental.com.ar\/info\/wp-json\/wp\/v2\/posts"}],"about":[{"href":"https:\/\/patagoniambiental.com.ar\/info\/wp-json\/wp\/v2\/types\/post"}],"author":[{"embeddable":true,"href":"https:\/\/patagoniambiental.com.ar\/info\/wp-json\/wp\/v2\/users\/2"}],"replies":[{"embeddable":true,"href":"https:\/\/patagoniambiental.com.ar\/info\/wp-json\/wp\/v2\/comments?post=46126"}],"version-history":[{"count":0,"href":"https:\/\/patagoniambiental.com.ar\/info\/wp-json\/wp\/v2\/posts\/46126\/revisions"}],"wp:featuredmedia":[{"embeddable":true,"href":"https:\/\/patagoniambiental.com.ar\/info\/wp-json\/wp\/v2\/media\/46127"}],"wp:attachment":[{"href":"https:\/\/patagoniambiental.com.ar\/info\/wp-json\/wp\/v2\/media?parent=46126"}],"wp:term":[{"taxonomy":"category","embeddable":true,"href":"https:\/\/patagoniambiental.com.ar\/info\/wp-json\/wp\/v2\/categories?post=46126"},{"taxonomy":"post_tag","embeddable":true,"href":"https:\/\/patagoniambiental.com.ar\/info\/wp-json\/wp\/v2\/tags?post=46126"}],"curies":[{"name":"wp","href":"https:\/\/api.w.org\/{rel}","templated":true}]}}