{"id":46164,"date":"2018-05-12T19:00:56","date_gmt":"2018-05-12T22:00:56","guid":{"rendered":"http:\/\/patagoniambiental.com.ar\/info\/?p=46164"},"modified":"2018-05-11T12:28:48","modified_gmt":"2018-05-11T15:28:48","slug":"reino-unido-y-argentina-supervisaran-de-manera-conjunta-la-pesca-en-el-atlantico-sur","status":"publish","type":"post","link":"https:\/\/patagoniambiental.com.ar\/info\/reino-unido-y-argentina-supervisaran-de-manera-conjunta-la-pesca-en-el-atlantico-sur\/","title":{"rendered":"Reino Unido y Argentina supervisar\u00e1n de manera conjunta la pesca en el Atl\u00e1ntico Sur"},"content":{"rendered":"<div class=\"ng-binding\" data-links-target=\"_blank\">Buenos Aires. &#8211; Autoridades de Argentina y de Reino Unido se reunir\u00e1n la pr\u00f3xima semana en Buenos Aires para colaborar en el control de los recursos pesqueros en el Atl\u00e1ntico Suroccidental, lo que ha sido criticado por miembros de la oposici\u00f3n.<\/div>\n<div class=\"ng-binding\" data-links-target=\"_blank\">\n<p><!--more--><\/p>\n<p>El Subcomit\u00e9 Cient\u00edfico de la Comisi\u00f3n de Pesca del Atl\u00e1ntico Sur (CPAS) se reunir\u00e1 el pr\u00f3ximo 14 y 15 de mayo en la capital argentina \u00abcon el prop\u00f3sito de profundizar un di\u00e1logo constructivo y substantivo con el Reino Unido en temas de inter\u00e9s com\u00fan\u00bb, inform\u00f3 el Ministerio argentino de Relaciones Exteriores.<\/p>\n<p>El prop\u00f3sito del encuentro, al que asistir\u00e1n cient\u00edficos y funcionarios de Argentina y Reino Unido, \u00abes retomar las actividades de cooperaci\u00f3n cient\u00edfica bilateral para la conservaci\u00f3n de los recursos pesqueros en el Atl\u00e1ntico Sudoccidental\u00bb, admiti\u00f3 Canciller\u00eda.<\/p>\n<p>La reuni\u00f3n, sin embargo, fue cuestionada por integrantes de la oposici\u00f3n y funcionarios del anterior Gobierno.<\/p>\n<p>\u00abArgentina legaliza la depredaci\u00f3n brit\u00e1nica de nuestro recurso pesquero en el Atl\u00e1ntico Sur\u00bb, sostuvo este jueves la exembajadora argentina en Reino Unido, Alicia Castro.<\/p>\n<p>Por su parte, el diputado opositor Guilllermo Carmona, vicepresidente de la Comisi\u00f3n de Relaciones Exteriores, acus\u00f3 al presidente Mauricio Macri de meter \u00abal zorro en el gallinero\u00bb y de cocinar un \u00abrepudiable acuerdo para que los brit\u00e1nicos controlen la pesca en nuestro territorio\u00bb.<\/p>\n<p>\u00ab\u00bfImaginan al principal depredador de los recursos pesqueros argentinos colaborando en el control de pesca?\u00bb, se pregunt\u00f3 el legislador en su cuenta de la red social Twitter.<\/p>\n<p>El CPAS fue creado a ra\u00edz de la \u00abDeclaraci\u00f3n Conjunta sobre Conservaci\u00f3n de Recursos Pesqueros\u00bb suscrita por ambos pa\u00edses el 28 de noviembre de 1990, cuando se comprometieron a cooperar en la conservaci\u00f3n de cinco poblaciones ict\u00edcolas en el Atl\u00e1ntico Sur.<\/p>\n<p>Ese mismo documento advert\u00eda que no exist\u00eda \u00abning\u00fan entendimiento provisorio bajo f\u00f3rmula alguna\u00bb que permitiera administrar de manera conjunta los recursos pesqueros en los espacios mar\u00edtimos circundantes de las Islas Malvinas, Georgias del Sur y Sandwich del Sur, territorios reclamados por Argentina y ocupados por Reino Unido desde 1833.<\/p>\n<p>Canciller\u00eda record\u00f3 que el encuentro se producir\u00e1 en base a la f\u00f3rmula de soberan\u00eda acordada en la Declaraci\u00f3n Conjunta de Madrid del 19 de octubre de 1989.<\/p>\n<p>En una declaraci\u00f3n conjunta en septiembre de 2016, el Gobierno argentino y el brit\u00e1nico delinearon varios ejes de aproximaci\u00f3n en torno a las islas Malvinas.<\/p>\n<p>El a\u00f1o pasado, las dos naciones colaboraron para recuperar la identidad de 90 de los 121 combatientes argentinos sin identificar que lucharon en la guerra entre ambos pa\u00edses (abril-julio de 1982) por el control de las Islas Malvinas y que estaban enterrados en el archipi\u00e9lago.<\/p>\n<p>Pero en esa misma declaraci\u00f3n conjunta, los dos pa\u00edses tambi\u00e9n acordaron profundizar \u00abel crecimiento econ\u00f3mico y el desarrollo sustentable de las Islas Malvinas, incluyendo comercio, pesca, navegaci\u00f3n e hidrocarburos\u00bb, lo que fue muy criticado por la oposici\u00f3n.<\/p>\n<p>Reino Unido y Argentina retomaron sus relaciones diplom\u00e1ticas en febrero de 1990, durante la administraci\u00f3n del entonces presidente Carlos Menem (1989-1999). (Sputnik)<\/p>\n<\/div>\n<p>Fuente: Agencia Sputnik<\/p>\n","protected":false},"excerpt":{"rendered":"<p>Buenos Aires. &#8211; Autoridades de Argentina y de Reino Unido se reunir\u00e1n la pr\u00f3xima semana en Buenos Aires para colaborar [&hellip;]<\/p>\n","protected":false},"author":2,"featured_media":46166,"comment_status":"open","ping_status":"open","sticky":false,"template":"","format":"standard","meta":{"site-sidebar-layout":"default","site-content-layout":"","ast-site-content-layout":"default","site-content-style":"default","site-sidebar-style":"default","ast-global-header-display":"","ast-banner-title-visibility":"","ast-main-header-display":"","ast-hfb-above-header-display":"","ast-hfb-below-header-display":"","ast-hfb-mobile-header-display":"","site-post-title":"","ast-breadcrumbs-content":"","ast-featured-img":"","footer-sml-layout":"","ast-disable-related-posts":"","theme-transparent-header-meta":"","adv-header-id-meta":"","stick-header-meta":"","header-above-stick-meta":"","header-main-stick-meta":"","header-below-stick-meta":"","astra-migrate-meta-layouts":"default","ast-page-background-enabled":"default","ast-page-background-meta":{"desktop":{"background-color":"var(--ast-global-color-5)","background-image":"","background-repeat":"repeat","background-position":"center center","background-size":"auto","background-attachment":"scroll","background-type":"","background-media":"","overlay-type":"","overlay-color":"","overlay-opacity":"","overlay-gradient":""},"tablet":{"background-color":"","background-image":"","background-repeat":"repeat","background-position":"center center","background-size":"auto","background-attachment":"scroll","background-type":"","background-media":"","overlay-type":"","overlay-color":"","overlay-opacity":"","overlay-gradient":""},"mobile":{"background-color":"","background-image":"","background-repeat":"repeat","background-position":"center center","background-size":"auto","background-attachment":"scroll","background-type":"","background-media":"","overlay-type":"","overlay-color":"","overlay-opacity":"","overlay-gradient":""}},"ast-content-background-meta":{"desktop":{"background-color":"var(--ast-global-color-4)","background-image":"","background-repeat":"repeat","background-position":"center center","background-size":"auto","background-attachment":"scroll","background-type":"","background-media":"","overlay-type":"","overlay-color":"","overlay-opacity":"","overlay-gradient":""},"tablet":{"background-color":"var(--ast-global-color-4)","background-image":"","background-repeat":"repeat","background-position":"center center","background-size":"auto","background-attachment":"scroll","background-type":"","background-media":"","overlay-type":"","overlay-color":"","overlay-opacity":"","overlay-gradient":""},"mobile":{"background-color":"var(--ast-global-color-4)","background-image":"","background-repeat":"repeat","background-position":"center center","background-size":"auto","background-attachment":"scroll","background-type":"","background-media":"","overlay-type":"","overlay-color":"","overlay-opacity":"","overlay-gradient":""}},"footnotes":""},"categories":[23,1],"tags":[],"class_list":["post-46164","post","type-post","status-publish","format-standard","has-post-thumbnail","hentry","category-internacionales","category-noticias"],"yoast_head":"<!-- This site is optimized with the Yoast SEO Premium plugin v23.0 (Yoast SEO v27.4) - https:\/\/yoast.com\/product\/yoast-seo-premium-wordpress\/ -->\n<title>Reino Unido y Argentina supervisar\u00e1n de manera conjunta la pesca en el Atl\u00e1ntico Sur<\/title>\n<meta name=\"robots\" content=\"index, follow, max-snippet:-1, max-image-preview:large, max-video-preview:-1\" \/>\n<link rel=\"canonical\" href=\"https:\/\/patagoniambiental.com.ar\/info\/reino-unido-y-argentina-supervisaran-de-manera-conjunta-la-pesca-en-el-atlantico-sur\/\" \/>\n<meta property=\"og:locale\" content=\"es_ES\" \/>\n<meta property=\"og:type\" content=\"article\" \/>\n<meta property=\"og:title\" content=\"Reino Unido y Argentina supervisar\u00e1n de manera conjunta la pesca en el Atl\u00e1ntico Sur\" \/>\n<meta property=\"og:description\" content=\"Buenos Aires. &#8211; Autoridades de Argentina y de Reino Unido se reunir\u00e1n la pr\u00f3xima semana en Buenos Aires para colaborar [&hellip;]\" \/>\n<meta property=\"og:url\" content=\"https:\/\/patagoniambiental.com.ar\/info\/reino-unido-y-argentina-supervisaran-de-manera-conjunta-la-pesca-en-el-atlantico-sur\/\" \/>\n<meta property=\"og:site_name\" content=\"Patagonia Ambiental\" \/>\n<meta property=\"article:publisher\" content=\"https:\/\/www.facebook.com\/patagonia.ambiental\" \/>\n<meta property=\"article:author\" content=\"https:\/\/www.facebook.com\/share\/1C1V8Gv9BX\/?mibextid=qi2Omg\" \/>\n<meta property=\"article:published_time\" content=\"2018-05-12T22:00:56+00:00\" \/>\n<meta property=\"og:image\" content=\"https:\/\/patagoniambiental.com.ar\/info\/wp-content\/uploads\/2018\/05\/rJ6jS1KDx_930x525.jpg\" \/>\n\t<meta property=\"og:image:width\" content=\"930\" \/>\n\t<meta property=\"og:image:height\" content=\"525\" \/>\n\t<meta property=\"og:image:type\" content=\"image\/jpeg\" \/>\n<meta name=\"author\" content=\"Patagonia Ambiental\" \/>\n<meta name=\"twitter:card\" content=\"summary_large_image\" \/>\n<meta name=\"twitter:creator\" content=\"@PatAmb\" \/>\n<meta name=\"twitter:site\" content=\"@PatAmb\" \/>\n<script type=\"application\/ld+json\" class=\"yoast-schema-graph\">{\"@context\":\"https:\\\/\\\/schema.org\",\"@graph\":[{\"@type\":\"Article\",\"@id\":\"https:\\\/\\\/patagoniambiental.com.ar\\\/info\\\/reino-unido-y-argentina-supervisaran-de-manera-conjunta-la-pesca-en-el-atlantico-sur\\\/#article\",\"isPartOf\":{\"@id\":\"https:\\\/\\\/patagoniambiental.com.ar\\\/info\\\/reino-unido-y-argentina-supervisaran-de-manera-conjunta-la-pesca-en-el-atlantico-sur\\\/\"},\"author\":{\"name\":\"Patagonia Ambiental\",\"@id\":\"https:\\\/\\\/patagoniambiental.com.ar\\\/info\\\/#\\\/schema\\\/person\\\/db12bff64bbcbf6a253710bf0ea37b5d\"},\"headline\":\"Reino Unido y Argentina supervisar\u00e1n de manera conjunta la pesca en el Atl\u00e1ntico Sur\",\"datePublished\":\"2018-05-12T22:00:56+00:00\",\"mainEntityOfPage\":{\"@id\":\"https:\\\/\\\/patagoniambiental.com.ar\\\/info\\\/reino-unido-y-argentina-supervisaran-de-manera-conjunta-la-pesca-en-el-atlantico-sur\\\/\"},\"wordCount\":548,\"commentCount\":0,\"publisher\":{\"@id\":\"https:\\\/\\\/patagoniambiental.com.ar\\\/info\\\/#organization\"},\"image\":{\"@id\":\"https:\\\/\\\/patagoniambiental.com.ar\\\/info\\\/reino-unido-y-argentina-supervisaran-de-manera-conjunta-la-pesca-en-el-atlantico-sur\\\/#primaryimage\"},\"thumbnailUrl\":\"https:\\\/\\\/patagoniambiental.com.ar\\\/info\\\/wp-content\\\/uploads\\\/2018\\\/05\\\/rJ6jS1KDx_930x525.jpg\",\"articleSection\":[\"Internacionales\",\"Noticias\"],\"inLanguage\":\"es\",\"potentialAction\":[{\"@type\":\"CommentAction\",\"name\":\"Comment\",\"target\":[\"https:\\\/\\\/patagoniambiental.com.ar\\\/info\\\/reino-unido-y-argentina-supervisaran-de-manera-conjunta-la-pesca-en-el-atlantico-sur\\\/#respond\"]}]},{\"@type\":\"WebPage\",\"@id\":\"https:\\\/\\\/patagoniambiental.com.ar\\\/info\\\/reino-unido-y-argentina-supervisaran-de-manera-conjunta-la-pesca-en-el-atlantico-sur\\\/\",\"url\":\"https:\\\/\\\/patagoniambiental.com.ar\\\/info\\\/reino-unido-y-argentina-supervisaran-de-manera-conjunta-la-pesca-en-el-atlantico-sur\\\/\",\"name\":\"Reino Unido y Argentina supervisar\u00e1n de manera conjunta la pesca en el Atl\u00e1ntico Sur\",\"isPartOf\":{\"@id\":\"https:\\\/\\\/patagoniambiental.com.ar\\\/info\\\/#website\"},\"primaryImageOfPage\":{\"@id\":\"https:\\\/\\\/patagoniambiental.com.ar\\\/info\\\/reino-unido-y-argentina-supervisaran-de-manera-conjunta-la-pesca-en-el-atlantico-sur\\\/#primaryimage\"},\"image\":{\"@id\":\"https:\\\/\\\/patagoniambiental.com.ar\\\/info\\\/reino-unido-y-argentina-supervisaran-de-manera-conjunta-la-pesca-en-el-atlantico-sur\\\/#primaryimage\"},\"thumbnailUrl\":\"https:\\\/\\\/patagoniambiental.com.ar\\\/info\\\/wp-content\\\/uploads\\\/2018\\\/05\\\/rJ6jS1KDx_930x525.jpg\",\"datePublished\":\"2018-05-12T22:00:56+00:00\",\"breadcrumb\":{\"@id\":\"https:\\\/\\\/patagoniambiental.com.ar\\\/info\\\/reino-unido-y-argentina-supervisaran-de-manera-conjunta-la-pesca-en-el-atlantico-sur\\\/#breadcrumb\"},\"inLanguage\":\"es\",\"potentialAction\":[{\"@type\":\"ReadAction\",\"target\":[\"https:\\\/\\\/patagoniambiental.com.ar\\\/info\\\/reino-unido-y-argentina-supervisaran-de-manera-conjunta-la-pesca-en-el-atlantico-sur\\\/\"]}]},{\"@type\":\"ImageObject\",\"inLanguage\":\"es\",\"@id\":\"https:\\\/\\\/patagoniambiental.com.ar\\\/info\\\/reino-unido-y-argentina-supervisaran-de-manera-conjunta-la-pesca-en-el-atlantico-sur\\\/#primaryimage\",\"url\":\"https:\\\/\\\/patagoniambiental.com.ar\\\/info\\\/wp-content\\\/uploads\\\/2018\\\/05\\\/rJ6jS1KDx_930x525.jpg\",\"contentUrl\":\"https:\\\/\\\/patagoniambiental.com.ar\\\/info\\\/wp-content\\\/uploads\\\/2018\\\/05\\\/rJ6jS1KDx_930x525.jpg\",\"width\":930,\"height\":525,\"caption\":\"Trelew, Chubut, 27-1-17 En un vuelo de control mar\u00edtimo un Orion P-3 de la Base Zar lleg\u00f3 hasta las 200 millas donde se encuentra uno de los caladeros m\u00e1s importantes del oc\u00e9ano atl\u00e1ntico, encontrando verdaderas ciudades de barcos pescando calamar Foto Daniel Feldman\"},{\"@type\":\"BreadcrumbList\",\"@id\":\"https:\\\/\\\/patagoniambiental.com.ar\\\/info\\\/reino-unido-y-argentina-supervisaran-de-manera-conjunta-la-pesca-en-el-atlantico-sur\\\/#breadcrumb\",\"itemListElement\":[{\"@type\":\"ListItem\",\"position\":1,\"name\":\"Inicio\",\"item\":\"https:\\\/\\\/patagoniambiental.com.ar\\\/info\\\/\"},{\"@type\":\"ListItem\",\"position\":2,\"name\":\"Reino Unido y Argentina supervisar\u00e1n de manera conjunta la pesca en el Atl\u00e1ntico Sur\"}]},{\"@type\":\"WebSite\",\"@id\":\"https:\\\/\\\/patagoniambiental.com.ar\\\/info\\\/#website\",\"url\":\"https:\\\/\\\/patagoniambiental.com.ar\\\/info\\\/\",\"name\":\"Patagonia Ambiental\",\"description\":\"Monitoreo y an\u00e1lisis de la situaci\u00f3n geopol\u00edtica en el mundo y su implicancia en la Patagonia\",\"publisher\":{\"@id\":\"https:\\\/\\\/patagoniambiental.com.ar\\\/info\\\/#organization\"},\"potentialAction\":[{\"@type\":\"SearchAction\",\"target\":{\"@type\":\"EntryPoint\",\"urlTemplate\":\"https:\\\/\\\/patagoniambiental.com.ar\\\/info\\\/?s={search_term_string}\"},\"query-input\":{\"@type\":\"PropertyValueSpecification\",\"valueRequired\":true,\"valueName\":\"search_term_string\"}}],\"inLanguage\":\"es\"},{\"@type\":\"Organization\",\"@id\":\"https:\\\/\\\/patagoniambiental.com.ar\\\/info\\\/#organization\",\"name\":\"Patagonia Ambiental\",\"url\":\"https:\\\/\\\/patagoniambiental.com.ar\\\/info\\\/\",\"logo\":{\"@type\":\"ImageObject\",\"inLanguage\":\"es\",\"@id\":\"https:\\\/\\\/patagoniambiental.com.ar\\\/info\\\/#\\\/schema\\\/logo\\\/image\\\/\",\"url\":\"https:\\\/\\\/patagoniambiental.com.ar\\\/info\\\/wp-content\\\/uploads\\\/2025\\\/05\\\/LOGO-PATAGONIA-AMBIENTAL.png\",\"contentUrl\":\"https:\\\/\\\/patagoniambiental.com.ar\\\/info\\\/wp-content\\\/uploads\\\/2025\\\/05\\\/LOGO-PATAGONIA-AMBIENTAL.png\",\"width\":433,\"height\":250,\"caption\":\"Patagonia Ambiental\"},\"image\":{\"@id\":\"https:\\\/\\\/patagoniambiental.com.ar\\\/info\\\/#\\\/schema\\\/logo\\\/image\\\/\"},\"sameAs\":[\"https:\\\/\\\/www.facebook.com\\\/patagonia.ambiental\",\"https:\\\/\\\/x.com\\\/PatAmb\"]},{\"@type\":\"Person\",\"@id\":\"https:\\\/\\\/patagoniambiental.com.ar\\\/info\\\/#\\\/schema\\\/person\\\/db12bff64bbcbf6a253710bf0ea37b5d\",\"name\":\"Patagonia Ambiental\",\"description\":\"Andr\u00e9s Nievas T\u00e9cnico en manejo ambiental, consultor Ambiental y escritor para medios locales e internacionales sobre temas de geopolitica y medio ambiente.\",\"sameAs\":[\"http:\\\/\\\/www.patagoniambiental.com.ar\",\"https:\\\/\\\/www.facebook.com\\\/share\\\/1C1V8Gv9BX\\\/?mibextid=qi2Omg\",\"@patagoniambiental\",\"https:\\\/\\\/youtube.com\\\/@patagoniaambiental2023?si=BLt58t0wuXquxlYZ\"]}]}<\/script>\n<!-- \/ Yoast SEO Premium plugin. -->","yoast_head_json":{"title":"Reino Unido y Argentina supervisar\u00e1n de manera conjunta la pesca en el Atl\u00e1ntico Sur","robots":{"index":"index","follow":"follow","max-snippet":"max-snippet:-1","max-image-preview":"max-image-preview:large","max-video-preview":"max-video-preview:-1"},"canonical":"https:\/\/patagoniambiental.com.ar\/info\/reino-unido-y-argentina-supervisaran-de-manera-conjunta-la-pesca-en-el-atlantico-sur\/","og_locale":"es_ES","og_type":"article","og_title":"Reino Unido y Argentina supervisar\u00e1n de manera conjunta la pesca en el Atl\u00e1ntico Sur","og_description":"Buenos Aires. &#8211; Autoridades de Argentina y de Reino Unido se reunir\u00e1n la pr\u00f3xima semana en Buenos Aires para colaborar [&hellip;]","og_url":"https:\/\/patagoniambiental.com.ar\/info\/reino-unido-y-argentina-supervisaran-de-manera-conjunta-la-pesca-en-el-atlantico-sur\/","og_site_name":"Patagonia Ambiental","article_publisher":"https:\/\/www.facebook.com\/patagonia.ambiental","article_author":"https:\/\/www.facebook.com\/share\/1C1V8Gv9BX\/?mibextid=qi2Omg","article_published_time":"2018-05-12T22:00:56+00:00","og_image":[{"width":930,"height":525,"url":"https:\/\/patagoniambiental.com.ar\/info\/wp-content\/uploads\/2018\/05\/rJ6jS1KDx_930x525.jpg","type":"image\/jpeg"}],"author":"Patagonia Ambiental","twitter_card":"summary_large_image","twitter_creator":"@PatAmb","twitter_site":"@PatAmb","schema":{"@context":"https:\/\/schema.org","@graph":[{"@type":"Article","@id":"https:\/\/patagoniambiental.com.ar\/info\/reino-unido-y-argentina-supervisaran-de-manera-conjunta-la-pesca-en-el-atlantico-sur\/#article","isPartOf":{"@id":"https:\/\/patagoniambiental.com.ar\/info\/reino-unido-y-argentina-supervisaran-de-manera-conjunta-la-pesca-en-el-atlantico-sur\/"},"author":{"name":"Patagonia Ambiental","@id":"https:\/\/patagoniambiental.com.ar\/info\/#\/schema\/person\/db12bff64bbcbf6a253710bf0ea37b5d"},"headline":"Reino Unido y Argentina supervisar\u00e1n de manera conjunta la pesca en el Atl\u00e1ntico Sur","datePublished":"2018-05-12T22:00:56+00:00","mainEntityOfPage":{"@id":"https:\/\/patagoniambiental.com.ar\/info\/reino-unido-y-argentina-supervisaran-de-manera-conjunta-la-pesca-en-el-atlantico-sur\/"},"wordCount":548,"commentCount":0,"publisher":{"@id":"https:\/\/patagoniambiental.com.ar\/info\/#organization"},"image":{"@id":"https:\/\/patagoniambiental.com.ar\/info\/reino-unido-y-argentina-supervisaran-de-manera-conjunta-la-pesca-en-el-atlantico-sur\/#primaryimage"},"thumbnailUrl":"https:\/\/patagoniambiental.com.ar\/info\/wp-content\/uploads\/2018\/05\/rJ6jS1KDx_930x525.jpg","articleSection":["Internacionales","Noticias"],"inLanguage":"es","potentialAction":[{"@type":"CommentAction","name":"Comment","target":["https:\/\/patagoniambiental.com.ar\/info\/reino-unido-y-argentina-supervisaran-de-manera-conjunta-la-pesca-en-el-atlantico-sur\/#respond"]}]},{"@type":"WebPage","@id":"https:\/\/patagoniambiental.com.ar\/info\/reino-unido-y-argentina-supervisaran-de-manera-conjunta-la-pesca-en-el-atlantico-sur\/","url":"https:\/\/patagoniambiental.com.ar\/info\/reino-unido-y-argentina-supervisaran-de-manera-conjunta-la-pesca-en-el-atlantico-sur\/","name":"Reino Unido y Argentina supervisar\u00e1n de manera conjunta la pesca en el Atl\u00e1ntico Sur","isPartOf":{"@id":"https:\/\/patagoniambiental.com.ar\/info\/#website"},"primaryImageOfPage":{"@id":"https:\/\/patagoniambiental.com.ar\/info\/reino-unido-y-argentina-supervisaran-de-manera-conjunta-la-pesca-en-el-atlantico-sur\/#primaryimage"},"image":{"@id":"https:\/\/patagoniambiental.com.ar\/info\/reino-unido-y-argentina-supervisaran-de-manera-conjunta-la-pesca-en-el-atlantico-sur\/#primaryimage"},"thumbnailUrl":"https:\/\/patagoniambiental.com.ar\/info\/wp-content\/uploads\/2018\/05\/rJ6jS1KDx_930x525.jpg","datePublished":"2018-05-12T22:00:56+00:00","breadcrumb":{"@id":"https:\/\/patagoniambiental.com.ar\/info\/reino-unido-y-argentina-supervisaran-de-manera-conjunta-la-pesca-en-el-atlantico-sur\/#breadcrumb"},"inLanguage":"es","potentialAction":[{"@type":"ReadAction","target":["https:\/\/patagoniambiental.com.ar\/info\/reino-unido-y-argentina-supervisaran-de-manera-conjunta-la-pesca-en-el-atlantico-sur\/"]}]},{"@type":"ImageObject","inLanguage":"es","@id":"https:\/\/patagoniambiental.com.ar\/info\/reino-unido-y-argentina-supervisaran-de-manera-conjunta-la-pesca-en-el-atlantico-sur\/#primaryimage","url":"https:\/\/patagoniambiental.com.ar\/info\/wp-content\/uploads\/2018\/05\/rJ6jS1KDx_930x525.jpg","contentUrl":"https:\/\/patagoniambiental.com.ar\/info\/wp-content\/uploads\/2018\/05\/rJ6jS1KDx_930x525.jpg","width":930,"height":525,"caption":"Trelew, Chubut, 27-1-17 En un vuelo de control mar\u00edtimo un Orion P-3 de la Base Zar lleg\u00f3 hasta las 200 millas donde se encuentra uno de los caladeros m\u00e1s importantes del oc\u00e9ano atl\u00e1ntico, encontrando verdaderas ciudades de barcos pescando calamar Foto Daniel Feldman"},{"@type":"BreadcrumbList","@id":"https:\/\/patagoniambiental.com.ar\/info\/reino-unido-y-argentina-supervisaran-de-manera-conjunta-la-pesca-en-el-atlantico-sur\/#breadcrumb","itemListElement":[{"@type":"ListItem","position":1,"name":"Inicio","item":"https:\/\/patagoniambiental.com.ar\/info\/"},{"@type":"ListItem","position":2,"name":"Reino Unido y Argentina supervisar\u00e1n de manera conjunta la pesca en el Atl\u00e1ntico Sur"}]},{"@type":"WebSite","@id":"https:\/\/patagoniambiental.com.ar\/info\/#website","url":"https:\/\/patagoniambiental.com.ar\/info\/","name":"Patagonia Ambiental","description":"Monitoreo y an\u00e1lisis de la situaci\u00f3n geopol\u00edtica en el mundo y su implicancia en la Patagonia","publisher":{"@id":"https:\/\/patagoniambiental.com.ar\/info\/#organization"},"potentialAction":[{"@type":"SearchAction","target":{"@type":"EntryPoint","urlTemplate":"https:\/\/patagoniambiental.com.ar\/info\/?s={search_term_string}"},"query-input":{"@type":"PropertyValueSpecification","valueRequired":true,"valueName":"search_term_string"}}],"inLanguage":"es"},{"@type":"Organization","@id":"https:\/\/patagoniambiental.com.ar\/info\/#organization","name":"Patagonia Ambiental","url":"https:\/\/patagoniambiental.com.ar\/info\/","logo":{"@type":"ImageObject","inLanguage":"es","@id":"https:\/\/patagoniambiental.com.ar\/info\/#\/schema\/logo\/image\/","url":"https:\/\/patagoniambiental.com.ar\/info\/wp-content\/uploads\/2025\/05\/LOGO-PATAGONIA-AMBIENTAL.png","contentUrl":"https:\/\/patagoniambiental.com.ar\/info\/wp-content\/uploads\/2025\/05\/LOGO-PATAGONIA-AMBIENTAL.png","width":433,"height":250,"caption":"Patagonia Ambiental"},"image":{"@id":"https:\/\/patagoniambiental.com.ar\/info\/#\/schema\/logo\/image\/"},"sameAs":["https:\/\/www.facebook.com\/patagonia.ambiental","https:\/\/x.com\/PatAmb"]},{"@type":"Person","@id":"https:\/\/patagoniambiental.com.ar\/info\/#\/schema\/person\/db12bff64bbcbf6a253710bf0ea37b5d","name":"Patagonia Ambiental","description":"Andr\u00e9s Nievas T\u00e9cnico en manejo ambiental, consultor Ambiental y escritor para medios locales e internacionales sobre temas de geopolitica y medio ambiente.","sameAs":["http:\/\/www.patagoniambiental.com.ar","https:\/\/www.facebook.com\/share\/1C1V8Gv9BX\/?mibextid=qi2Omg","@patagoniambiental","https:\/\/youtube.com\/@patagoniaambiental2023?si=BLt58t0wuXquxlYZ"]}]}},"_links":{"self":[{"href":"https:\/\/patagoniambiental.com.ar\/info\/wp-json\/wp\/v2\/posts\/46164","targetHints":{"allow":["GET"]}}],"collection":[{"href":"https:\/\/patagoniambiental.com.ar\/info\/wp-json\/wp\/v2\/posts"}],"about":[{"href":"https:\/\/patagoniambiental.com.ar\/info\/wp-json\/wp\/v2\/types\/post"}],"author":[{"embeddable":true,"href":"https:\/\/patagoniambiental.com.ar\/info\/wp-json\/wp\/v2\/users\/2"}],"replies":[{"embeddable":true,"href":"https:\/\/patagoniambiental.com.ar\/info\/wp-json\/wp\/v2\/comments?post=46164"}],"version-history":[{"count":0,"href":"https:\/\/patagoniambiental.com.ar\/info\/wp-json\/wp\/v2\/posts\/46164\/revisions"}],"wp:featuredmedia":[{"embeddable":true,"href":"https:\/\/patagoniambiental.com.ar\/info\/wp-json\/wp\/v2\/media\/46166"}],"wp:attachment":[{"href":"https:\/\/patagoniambiental.com.ar\/info\/wp-json\/wp\/v2\/media?parent=46164"}],"wp:term":[{"taxonomy":"category","embeddable":true,"href":"https:\/\/patagoniambiental.com.ar\/info\/wp-json\/wp\/v2\/categories?post=46164"},{"taxonomy":"post_tag","embeddable":true,"href":"https:\/\/patagoniambiental.com.ar\/info\/wp-json\/wp\/v2\/tags?post=46164"}],"curies":[{"name":"wp","href":"https:\/\/api.w.org\/{rel}","templated":true}]}}