{"id":46197,"date":"2018-05-11T09:00:54","date_gmt":"2018-05-11T12:00:54","guid":{"rendered":"http:\/\/patagoniambiental.com.ar\/info\/?p=46197"},"modified":"2018-05-10T19:42:48","modified_gmt":"2018-05-10T22:42:48","slug":"alemania-un-pueblo-produce-mas-energia-de-la-que-consume-2","status":"publish","type":"post","link":"https:\/\/patagoniambiental.com.ar\/info\/alemania-un-pueblo-produce-mas-energia-de-la-que-consume-2\/","title":{"rendered":"Alemania: un pueblo produce m\u00e1s energ\u00eda de la que consume"},"content":{"rendered":"<div class=\"teaser\">El peque\u00f1o pueblo de Wildpoldsried genera seis veces m\u00e1s energ\u00eda renovable de la que necesita. Grupo Edisur te cuenta m\u00e1s acerca de este proyecto que se erige como modelo para el mundo.<\/div>\n<div class=\"body\">\n<p>Los gobiernos del mundo cada vez incluyen m\u00e1s en su agenda medidas que hagan de sus pa\u00edses lugares m\u00e1s sustentables y amigables con el ambiente. Alrededor del globo se proclaman leyes para evitar la contaminaci\u00f3n y para propiciar el uso de energ\u00edas renovables.<\/p>\n<p>Sin embargo, son contados casos en los que la iniciativa la toman los habitantes.\u00a0<a href=\"http:\/\/www.grupoedisur.com.ar\/web\/es\/\" target=\"_blank\" rel=\"nofollow noopener\">Grupo Edisur<\/a>\u00a0te\u00a0 trae un curioso caso donde el pueblo de Wildpoldsried se puso de acuerdo para llegar a ser un lugar autosustentable.<\/p>\n<p><img decoding=\"async\" class=\"image-landscape_565_318\" title=\"Este peque\u00f1o pueblo de 5.000 habitantes se ubica a 100 km de M\u00fanich, en Baviera. (Grupo Edisur)\" src=\"http:\/\/staticd71.lavozdelinterior.com.ar\/sites\/default\/files\/styles\/landscape_770_433\/public\/articulo_patrocinado\/wildpoldsried2.jpg\" alt=\"Este peque\u00f1o pueblo de 5.000 habitantes se ubica a 100 km de M\u00fanich, en Baviera. (Grupo Edisur)\" width=\"100%\" height=\"auto\" \/><\/p>\n<p>Este peque\u00f1o pueblo de 5.000 habitantes se ubica a 100 km de M\u00fanich, en Baviera. (Grupo Edisur)Este peque\u00f1o pueblo de cinco mil habitantes se ubica a 100 kil\u00f3metros de M\u00fanich, en Baviera. Se alza en una zona monta\u00f1osa donde se pueden observar siete aerogeneradores y m\u00faltiples paneles solares instalados en los establos y las casas. Es as\u00ed como Wildpoldsried produce seis veces m\u00e1s energ\u00eda renovable de la que puede consumir.<\/p>\n<p class=\"TextoDestacado\">El fen\u00f3meno de Wildpoldsried se produce en el marco de la pol\u00edtica de transformaci\u00f3n energ\u00e9tica en Alemania, llamada Energiewende, para reducir la dependencia de energ\u00eda nuclear e hidrocarburos.<\/p>\n<p>En 1999 los habitantes del lugar votaron para instalar paneles solares en los edificios p\u00fablicos, con el objetivo de que en 2020 toda la energ\u00eda consumida en la aldea fuera renovable. Esta meta se cumpli\u00f3 en el a\u00f1o 2012.<\/p>\n<p>A su vez, fueron invirtiendo paulatinamente en los aerogeneradores que proporcionan gran parte de la energ\u00eda renovable del lugar. Las inversiones provinieron de los vecinos preocupados por reducir la huella contaminante en el medioambiente por uso de otras energ\u00edas.<\/p>\n<p><img decoding=\"async\" class=\"image-landscape_565_318\" title=\"En Wildpoldsried se pueden observar 7 aerogeneradores y m\u00faltiples paneles solares instalados en los establos y las casas. (Grupo Edisur)\" src=\"http:\/\/staticd71.lavozdelinterior.com.ar\/sites\/default\/files\/styles\/landscape_770_433\/public\/articulo_patrocinado\/wildpoldsried3.jpg\" alt=\"En Wildpoldsried se pueden observar 7 aerogeneradores y m\u00faltiples paneles solares instalados en los establos y las casas. (Grupo Edisur)\" width=\"100%\" height=\"auto\" \/><\/p>\n<p>En Wildpoldsried se pueden observar 7 aerogeneradores y m\u00faltiples paneles solares instalados en los establos y las casas. (Grupo Edisur)<\/p>\n<p class=\"TextoDestacado\">Wildpoldsried ha llamado la atenci\u00f3n de empresas como Siemens y algunas universidades que buscan colaborar para aprovechar la energ\u00eda que se produce y que no sea desperdiciada.<\/p>\n<p class=\"SubTitulo\">Modelo de sustentabilidad<\/p>\n<p>Wildpoldsried no s\u00f3lo aprovecha la energ\u00eda solar y e\u00f3lica. Entre otras medidas ecol\u00f3gicas, el pueblo cuenta con una tuber\u00eda que cruza el lugar para transportar combustible generado en una planta de biog\u00e1s, cuya materia prima proviene de los desperdicios de vacas y del ma\u00edz.<\/p>\n<p class=\"TextoDestacado\">A su vez, el calor se utiliza para calentar el agua de las viviendas. De esta manera, tanto la producci\u00f3n como el consumo de combustibles es totalmente \u201cverde\u201d y se vuelve accesible a los usuarios que son a su vez productores. El costo del kilovatio se reduce a tan solo 0,57 de euro.<\/p>\n<p><img decoding=\"async\" class=\"image-landscape_565_318\" title=\"El fen\u00f3meno de Wildpoldsried se produce en el marco de la pol\u00edtica de transformaci\u00f3n energ\u00e9tica en Alemania. (Grupo Edisur)\" src=\"http:\/\/staticd71.lavozdelinterior.com.ar\/sites\/default\/files\/styles\/landscape_770_433\/public\/articulo_patrocinado\/wildpoldsried4.jpg\" alt=\"El fen\u00f3meno de Wildpoldsried se produce en el marco de la pol\u00edtica de transformaci\u00f3n energ\u00e9tica en Alemania. (Grupo Edisur)\" width=\"100%\" height=\"auto\" \/><\/p>\n<p>El fen\u00f3meno de Wildpoldsried se produce en el marco de la pol\u00edtica de transformaci\u00f3n energ\u00e9tica en Alemania. (Grupo Edisur)Hace casi 20 a\u00f1os, en la consulta conocida como \u00abliderazgo de innovaci\u00f3n para Wildpoldsried\u00bb, la ciudadan\u00eda pens\u00f3 proyectos para 2020. Entre las \u00e1reas abordadas se encontraron: la energ\u00eda renovable y el ahorro, construcci\u00f3n ecol\u00f3gica con materiales ecol\u00f3gicos, y protecci\u00f3n del agua y recursos acu\u00edferos.<\/p>\n<p class=\"TextoDestacado\">Con estos proyectos en mente, Wildpoldsried no descansa en sus metas logradas, sino que visualiza mejores ideas para continuar con su compromiso con el cuidado del ambiente.<\/p>\n<p><b>Fuente:\u00a0http:\/\/www.lavoz.com.ar\/espacio-de-marca\/alemania-un-pueblo-produce-mas-energia-de-la-que-consume<\/b><\/p>\n<\/div>\n","protected":false},"excerpt":{"rendered":"<p>El peque\u00f1o pueblo de Wildpoldsried genera seis veces m\u00e1s energ\u00eda renovable de la que necesita. Grupo Edisur te cuenta m\u00e1s [&hellip;]<\/p>\n","protected":false},"author":2,"featured_media":46198,"comment_status":"open","ping_status":"open","sticky":false,"template":"","format":"standard","meta":{"site-sidebar-layout":"default","site-content-layout":"","ast-site-content-layout":"default","site-content-style":"default","site-sidebar-style":"default","ast-global-header-display":"","ast-banner-title-visibility":"","ast-main-header-display":"","ast-hfb-above-header-display":"","ast-hfb-below-header-display":"","ast-hfb-mobile-header-display":"","site-post-title":"","ast-breadcrumbs-content":"","ast-featured-img":"","footer-sml-layout":"","ast-disable-related-posts":"","theme-transparent-header-meta":"","adv-header-id-meta":"","stick-header-meta":"","header-above-stick-meta":"","header-main-stick-meta":"","header-below-stick-meta":"","astra-migrate-meta-layouts":"default","ast-page-background-enabled":"default","ast-page-background-meta":{"desktop":{"background-color":"var(--ast-global-color-5)","background-image":"","background-repeat":"repeat","background-position":"center center","background-size":"auto","background-attachment":"scroll","background-type":"","background-media":"","overlay-type":"","overlay-color":"","overlay-opacity":"","overlay-gradient":""},"tablet":{"background-color":"","background-image":"","background-repeat":"repeat","background-position":"center center","background-size":"auto","background-attachment":"scroll","background-type":"","background-media":"","overlay-type":"","overlay-color":"","overlay-opacity":"","overlay-gradient":""},"mobile":{"background-color":"","background-image":"","background-repeat":"repeat","background-position":"center center","background-size":"auto","background-attachment":"scroll","background-type":"","background-media":"","overlay-type":"","overlay-color":"","overlay-opacity":"","overlay-gradient":""}},"ast-content-background-meta":{"desktop":{"background-color":"var(--ast-global-color-4)","background-image":"","background-repeat":"repeat","background-position":"center center","background-size":"auto","background-attachment":"scroll","background-type":"","background-media":"","overlay-type":"","overlay-color":"","overlay-opacity":"","overlay-gradient":""},"tablet":{"background-color":"var(--ast-global-color-4)","background-image":"","background-repeat":"repeat","background-position":"center center","background-size":"auto","background-attachment":"scroll","background-type":"","background-media":"","overlay-type":"","overlay-color":"","overlay-opacity":"","overlay-gradient":""},"mobile":{"background-color":"var(--ast-global-color-4)","background-image":"","background-repeat":"repeat","background-position":"center center","background-size":"auto","background-attachment":"scroll","background-type":"","background-media":"","overlay-type":"","overlay-color":"","overlay-opacity":"","overlay-gradient":""}},"footnotes":""},"categories":[23,1],"tags":[],"class_list":["post-46197","post","type-post","status-publish","format-standard","has-post-thumbnail","hentry","category-internacionales","category-noticias"],"yoast_head":"<!-- This site is optimized with the Yoast SEO Premium plugin v23.0 (Yoast SEO v27.4) - https:\/\/yoast.com\/product\/yoast-seo-premium-wordpress\/ -->\n<title>Alemania: un pueblo produce m\u00e1s energ\u00eda de la que consume<\/title>\n<meta name=\"robots\" content=\"index, follow, max-snippet:-1, max-image-preview:large, max-video-preview:-1\" \/>\n<link rel=\"canonical\" href=\"https:\/\/patagoniambiental.com.ar\/info\/alemania-un-pueblo-produce-mas-energia-de-la-que-consume-2\/\" \/>\n<meta property=\"og:locale\" content=\"es_ES\" \/>\n<meta property=\"og:type\" content=\"article\" \/>\n<meta property=\"og:title\" content=\"Alemania: un pueblo produce m\u00e1s energ\u00eda de la que consume\" \/>\n<meta property=\"og:description\" content=\"El peque\u00f1o pueblo de Wildpoldsried genera seis veces m\u00e1s energ\u00eda renovable de la que necesita. Grupo Edisur te cuenta m\u00e1s [&hellip;]\" \/>\n<meta property=\"og:url\" content=\"https:\/\/patagoniambiental.com.ar\/info\/alemania-un-pueblo-produce-mas-energia-de-la-que-consume-2\/\" \/>\n<meta property=\"og:site_name\" content=\"Patagonia Ambiental\" \/>\n<meta property=\"article:publisher\" content=\"https:\/\/www.facebook.com\/patagonia.ambiental\" \/>\n<meta property=\"article:author\" content=\"https:\/\/www.facebook.com\/share\/1C1V8Gv9BX\/?mibextid=qi2Omg\" \/>\n<meta property=\"article:published_time\" content=\"2018-05-11T12:00:54+00:00\" \/>\n<meta property=\"og:image\" content=\"https:\/\/patagoniambiental.com.ar\/info\/wp-content\/uploads\/2018\/05\/pueblo-de-alemania.jpg\" \/>\n\t<meta property=\"og:image:width\" content=\"1020\" \/>\n\t<meta property=\"og:image:height\" content=\"560\" \/>\n\t<meta property=\"og:image:type\" content=\"image\/jpeg\" \/>\n<meta name=\"author\" content=\"Patagonia Ambiental\" \/>\n<meta name=\"twitter:card\" content=\"summary_large_image\" \/>\n<meta name=\"twitter:creator\" content=\"@PatAmb\" \/>\n<meta name=\"twitter:site\" content=\"@PatAmb\" \/>\n<script type=\"application\/ld+json\" class=\"yoast-schema-graph\">{\"@context\":\"https:\\\/\\\/schema.org\",\"@graph\":[{\"@type\":\"Article\",\"@id\":\"https:\\\/\\\/patagoniambiental.com.ar\\\/info\\\/alemania-un-pueblo-produce-mas-energia-de-la-que-consume-2\\\/#article\",\"isPartOf\":{\"@id\":\"https:\\\/\\\/patagoniambiental.com.ar\\\/info\\\/alemania-un-pueblo-produce-mas-energia-de-la-que-consume-2\\\/\"},\"author\":{\"name\":\"Patagonia Ambiental\",\"@id\":\"https:\\\/\\\/patagoniambiental.com.ar\\\/info\\\/#\\\/schema\\\/person\\\/db12bff64bbcbf6a253710bf0ea37b5d\"},\"headline\":\"Alemania: un pueblo produce m\u00e1s energ\u00eda de la que consume\",\"datePublished\":\"2018-05-11T12:00:54+00:00\",\"mainEntityOfPage\":{\"@id\":\"https:\\\/\\\/patagoniambiental.com.ar\\\/info\\\/alemania-un-pueblo-produce-mas-energia-de-la-que-consume-2\\\/\"},\"wordCount\":588,\"commentCount\":0,\"publisher\":{\"@id\":\"https:\\\/\\\/patagoniambiental.com.ar\\\/info\\\/#organization\"},\"image\":{\"@id\":\"https:\\\/\\\/patagoniambiental.com.ar\\\/info\\\/alemania-un-pueblo-produce-mas-energia-de-la-que-consume-2\\\/#primaryimage\"},\"thumbnailUrl\":\"https:\\\/\\\/patagoniambiental.com.ar\\\/info\\\/wp-content\\\/uploads\\\/2018\\\/05\\\/pueblo-de-alemania.jpg\",\"articleSection\":[\"Internacionales\",\"Noticias\"],\"inLanguage\":\"es\",\"potentialAction\":[{\"@type\":\"CommentAction\",\"name\":\"Comment\",\"target\":[\"https:\\\/\\\/patagoniambiental.com.ar\\\/info\\\/alemania-un-pueblo-produce-mas-energia-de-la-que-consume-2\\\/#respond\"]}]},{\"@type\":\"WebPage\",\"@id\":\"https:\\\/\\\/patagoniambiental.com.ar\\\/info\\\/alemania-un-pueblo-produce-mas-energia-de-la-que-consume-2\\\/\",\"url\":\"https:\\\/\\\/patagoniambiental.com.ar\\\/info\\\/alemania-un-pueblo-produce-mas-energia-de-la-que-consume-2\\\/\",\"name\":\"Alemania: un pueblo produce m\u00e1s energ\u00eda de la que consume\",\"isPartOf\":{\"@id\":\"https:\\\/\\\/patagoniambiental.com.ar\\\/info\\\/#website\"},\"primaryImageOfPage\":{\"@id\":\"https:\\\/\\\/patagoniambiental.com.ar\\\/info\\\/alemania-un-pueblo-produce-mas-energia-de-la-que-consume-2\\\/#primaryimage\"},\"image\":{\"@id\":\"https:\\\/\\\/patagoniambiental.com.ar\\\/info\\\/alemania-un-pueblo-produce-mas-energia-de-la-que-consume-2\\\/#primaryimage\"},\"thumbnailUrl\":\"https:\\\/\\\/patagoniambiental.com.ar\\\/info\\\/wp-content\\\/uploads\\\/2018\\\/05\\\/pueblo-de-alemania.jpg\",\"datePublished\":\"2018-05-11T12:00:54+00:00\",\"breadcrumb\":{\"@id\":\"https:\\\/\\\/patagoniambiental.com.ar\\\/info\\\/alemania-un-pueblo-produce-mas-energia-de-la-que-consume-2\\\/#breadcrumb\"},\"inLanguage\":\"es\",\"potentialAction\":[{\"@type\":\"ReadAction\",\"target\":[\"https:\\\/\\\/patagoniambiental.com.ar\\\/info\\\/alemania-un-pueblo-produce-mas-energia-de-la-que-consume-2\\\/\"]}]},{\"@type\":\"ImageObject\",\"inLanguage\":\"es\",\"@id\":\"https:\\\/\\\/patagoniambiental.com.ar\\\/info\\\/alemania-un-pueblo-produce-mas-energia-de-la-que-consume-2\\\/#primaryimage\",\"url\":\"https:\\\/\\\/patagoniambiental.com.ar\\\/info\\\/wp-content\\\/uploads\\\/2018\\\/05\\\/pueblo-de-alemania.jpg\",\"contentUrl\":\"https:\\\/\\\/patagoniambiental.com.ar\\\/info\\\/wp-content\\\/uploads\\\/2018\\\/05\\\/pueblo-de-alemania.jpg\",\"width\":1020,\"height\":560,\"caption\":\"En 1999 los habitantes del lugar votaron para instalar paneles solares en los edificios p\u00fablicos. (Grupo Edisur)\"},{\"@type\":\"BreadcrumbList\",\"@id\":\"https:\\\/\\\/patagoniambiental.com.ar\\\/info\\\/alemania-un-pueblo-produce-mas-energia-de-la-que-consume-2\\\/#breadcrumb\",\"itemListElement\":[{\"@type\":\"ListItem\",\"position\":1,\"name\":\"Inicio\",\"item\":\"https:\\\/\\\/patagoniambiental.com.ar\\\/info\\\/\"},{\"@type\":\"ListItem\",\"position\":2,\"name\":\"Alemania: un pueblo produce m\u00e1s energ\u00eda de la que consume\"}]},{\"@type\":\"WebSite\",\"@id\":\"https:\\\/\\\/patagoniambiental.com.ar\\\/info\\\/#website\",\"url\":\"https:\\\/\\\/patagoniambiental.com.ar\\\/info\\\/\",\"name\":\"Patagonia Ambiental\",\"description\":\"Monitoreo y an\u00e1lisis de la situaci\u00f3n geopol\u00edtica en el mundo y su implicancia en la Patagonia\",\"publisher\":{\"@id\":\"https:\\\/\\\/patagoniambiental.com.ar\\\/info\\\/#organization\"},\"potentialAction\":[{\"@type\":\"SearchAction\",\"target\":{\"@type\":\"EntryPoint\",\"urlTemplate\":\"https:\\\/\\\/patagoniambiental.com.ar\\\/info\\\/?s={search_term_string}\"},\"query-input\":{\"@type\":\"PropertyValueSpecification\",\"valueRequired\":true,\"valueName\":\"search_term_string\"}}],\"inLanguage\":\"es\"},{\"@type\":\"Organization\",\"@id\":\"https:\\\/\\\/patagoniambiental.com.ar\\\/info\\\/#organization\",\"name\":\"Patagonia Ambiental\",\"url\":\"https:\\\/\\\/patagoniambiental.com.ar\\\/info\\\/\",\"logo\":{\"@type\":\"ImageObject\",\"inLanguage\":\"es\",\"@id\":\"https:\\\/\\\/patagoniambiental.com.ar\\\/info\\\/#\\\/schema\\\/logo\\\/image\\\/\",\"url\":\"https:\\\/\\\/patagoniambiental.com.ar\\\/info\\\/wp-content\\\/uploads\\\/2025\\\/05\\\/LOGO-PATAGONIA-AMBIENTAL.png\",\"contentUrl\":\"https:\\\/\\\/patagoniambiental.com.ar\\\/info\\\/wp-content\\\/uploads\\\/2025\\\/05\\\/LOGO-PATAGONIA-AMBIENTAL.png\",\"width\":433,\"height\":250,\"caption\":\"Patagonia Ambiental\"},\"image\":{\"@id\":\"https:\\\/\\\/patagoniambiental.com.ar\\\/info\\\/#\\\/schema\\\/logo\\\/image\\\/\"},\"sameAs\":[\"https:\\\/\\\/www.facebook.com\\\/patagonia.ambiental\",\"https:\\\/\\\/x.com\\\/PatAmb\"]},{\"@type\":\"Person\",\"@id\":\"https:\\\/\\\/patagoniambiental.com.ar\\\/info\\\/#\\\/schema\\\/person\\\/db12bff64bbcbf6a253710bf0ea37b5d\",\"name\":\"Patagonia Ambiental\",\"description\":\"Andr\u00e9s Nievas T\u00e9cnico en manejo ambiental, consultor Ambiental y escritor para medios locales e internacionales sobre temas de geopolitica y medio ambiente.\",\"sameAs\":[\"http:\\\/\\\/www.patagoniambiental.com.ar\",\"https:\\\/\\\/www.facebook.com\\\/share\\\/1C1V8Gv9BX\\\/?mibextid=qi2Omg\",\"@patagoniambiental\",\"https:\\\/\\\/youtube.com\\\/@patagoniaambiental2023?si=BLt58t0wuXquxlYZ\"]}]}<\/script>\n<!-- \/ Yoast SEO Premium plugin. -->","yoast_head_json":{"title":"Alemania: un pueblo produce m\u00e1s energ\u00eda de la que consume","robots":{"index":"index","follow":"follow","max-snippet":"max-snippet:-1","max-image-preview":"max-image-preview:large","max-video-preview":"max-video-preview:-1"},"canonical":"https:\/\/patagoniambiental.com.ar\/info\/alemania-un-pueblo-produce-mas-energia-de-la-que-consume-2\/","og_locale":"es_ES","og_type":"article","og_title":"Alemania: un pueblo produce m\u00e1s energ\u00eda de la que consume","og_description":"El peque\u00f1o pueblo de Wildpoldsried genera seis veces m\u00e1s energ\u00eda renovable de la que necesita. Grupo Edisur te cuenta m\u00e1s [&hellip;]","og_url":"https:\/\/patagoniambiental.com.ar\/info\/alemania-un-pueblo-produce-mas-energia-de-la-que-consume-2\/","og_site_name":"Patagonia Ambiental","article_publisher":"https:\/\/www.facebook.com\/patagonia.ambiental","article_author":"https:\/\/www.facebook.com\/share\/1C1V8Gv9BX\/?mibextid=qi2Omg","article_published_time":"2018-05-11T12:00:54+00:00","og_image":[{"width":1020,"height":560,"url":"https:\/\/patagoniambiental.com.ar\/info\/wp-content\/uploads\/2018\/05\/pueblo-de-alemania.jpg","type":"image\/jpeg"}],"author":"Patagonia Ambiental","twitter_card":"summary_large_image","twitter_creator":"@PatAmb","twitter_site":"@PatAmb","schema":{"@context":"https:\/\/schema.org","@graph":[{"@type":"Article","@id":"https:\/\/patagoniambiental.com.ar\/info\/alemania-un-pueblo-produce-mas-energia-de-la-que-consume-2\/#article","isPartOf":{"@id":"https:\/\/patagoniambiental.com.ar\/info\/alemania-un-pueblo-produce-mas-energia-de-la-que-consume-2\/"},"author":{"name":"Patagonia Ambiental","@id":"https:\/\/patagoniambiental.com.ar\/info\/#\/schema\/person\/db12bff64bbcbf6a253710bf0ea37b5d"},"headline":"Alemania: un pueblo produce m\u00e1s energ\u00eda de la que consume","datePublished":"2018-05-11T12:00:54+00:00","mainEntityOfPage":{"@id":"https:\/\/patagoniambiental.com.ar\/info\/alemania-un-pueblo-produce-mas-energia-de-la-que-consume-2\/"},"wordCount":588,"commentCount":0,"publisher":{"@id":"https:\/\/patagoniambiental.com.ar\/info\/#organization"},"image":{"@id":"https:\/\/patagoniambiental.com.ar\/info\/alemania-un-pueblo-produce-mas-energia-de-la-que-consume-2\/#primaryimage"},"thumbnailUrl":"https:\/\/patagoniambiental.com.ar\/info\/wp-content\/uploads\/2018\/05\/pueblo-de-alemania.jpg","articleSection":["Internacionales","Noticias"],"inLanguage":"es","potentialAction":[{"@type":"CommentAction","name":"Comment","target":["https:\/\/patagoniambiental.com.ar\/info\/alemania-un-pueblo-produce-mas-energia-de-la-que-consume-2\/#respond"]}]},{"@type":"WebPage","@id":"https:\/\/patagoniambiental.com.ar\/info\/alemania-un-pueblo-produce-mas-energia-de-la-que-consume-2\/","url":"https:\/\/patagoniambiental.com.ar\/info\/alemania-un-pueblo-produce-mas-energia-de-la-que-consume-2\/","name":"Alemania: un pueblo produce m\u00e1s energ\u00eda de la que consume","isPartOf":{"@id":"https:\/\/patagoniambiental.com.ar\/info\/#website"},"primaryImageOfPage":{"@id":"https:\/\/patagoniambiental.com.ar\/info\/alemania-un-pueblo-produce-mas-energia-de-la-que-consume-2\/#primaryimage"},"image":{"@id":"https:\/\/patagoniambiental.com.ar\/info\/alemania-un-pueblo-produce-mas-energia-de-la-que-consume-2\/#primaryimage"},"thumbnailUrl":"https:\/\/patagoniambiental.com.ar\/info\/wp-content\/uploads\/2018\/05\/pueblo-de-alemania.jpg","datePublished":"2018-05-11T12:00:54+00:00","breadcrumb":{"@id":"https:\/\/patagoniambiental.com.ar\/info\/alemania-un-pueblo-produce-mas-energia-de-la-que-consume-2\/#breadcrumb"},"inLanguage":"es","potentialAction":[{"@type":"ReadAction","target":["https:\/\/patagoniambiental.com.ar\/info\/alemania-un-pueblo-produce-mas-energia-de-la-que-consume-2\/"]}]},{"@type":"ImageObject","inLanguage":"es","@id":"https:\/\/patagoniambiental.com.ar\/info\/alemania-un-pueblo-produce-mas-energia-de-la-que-consume-2\/#primaryimage","url":"https:\/\/patagoniambiental.com.ar\/info\/wp-content\/uploads\/2018\/05\/pueblo-de-alemania.jpg","contentUrl":"https:\/\/patagoniambiental.com.ar\/info\/wp-content\/uploads\/2018\/05\/pueblo-de-alemania.jpg","width":1020,"height":560,"caption":"En 1999 los habitantes del lugar votaron para instalar paneles solares en los edificios p\u00fablicos. (Grupo Edisur)"},{"@type":"BreadcrumbList","@id":"https:\/\/patagoniambiental.com.ar\/info\/alemania-un-pueblo-produce-mas-energia-de-la-que-consume-2\/#breadcrumb","itemListElement":[{"@type":"ListItem","position":1,"name":"Inicio","item":"https:\/\/patagoniambiental.com.ar\/info\/"},{"@type":"ListItem","position":2,"name":"Alemania: un pueblo produce m\u00e1s energ\u00eda de la que consume"}]},{"@type":"WebSite","@id":"https:\/\/patagoniambiental.com.ar\/info\/#website","url":"https:\/\/patagoniambiental.com.ar\/info\/","name":"Patagonia Ambiental","description":"Monitoreo y an\u00e1lisis de la situaci\u00f3n geopol\u00edtica en el mundo y su implicancia en la Patagonia","publisher":{"@id":"https:\/\/patagoniambiental.com.ar\/info\/#organization"},"potentialAction":[{"@type":"SearchAction","target":{"@type":"EntryPoint","urlTemplate":"https:\/\/patagoniambiental.com.ar\/info\/?s={search_term_string}"},"query-input":{"@type":"PropertyValueSpecification","valueRequired":true,"valueName":"search_term_string"}}],"inLanguage":"es"},{"@type":"Organization","@id":"https:\/\/patagoniambiental.com.ar\/info\/#organization","name":"Patagonia Ambiental","url":"https:\/\/patagoniambiental.com.ar\/info\/","logo":{"@type":"ImageObject","inLanguage":"es","@id":"https:\/\/patagoniambiental.com.ar\/info\/#\/schema\/logo\/image\/","url":"https:\/\/patagoniambiental.com.ar\/info\/wp-content\/uploads\/2025\/05\/LOGO-PATAGONIA-AMBIENTAL.png","contentUrl":"https:\/\/patagoniambiental.com.ar\/info\/wp-content\/uploads\/2025\/05\/LOGO-PATAGONIA-AMBIENTAL.png","width":433,"height":250,"caption":"Patagonia Ambiental"},"image":{"@id":"https:\/\/patagoniambiental.com.ar\/info\/#\/schema\/logo\/image\/"},"sameAs":["https:\/\/www.facebook.com\/patagonia.ambiental","https:\/\/x.com\/PatAmb"]},{"@type":"Person","@id":"https:\/\/patagoniambiental.com.ar\/info\/#\/schema\/person\/db12bff64bbcbf6a253710bf0ea37b5d","name":"Patagonia Ambiental","description":"Andr\u00e9s Nievas T\u00e9cnico en manejo ambiental, consultor Ambiental y escritor para medios locales e internacionales sobre temas de geopolitica y medio ambiente.","sameAs":["http:\/\/www.patagoniambiental.com.ar","https:\/\/www.facebook.com\/share\/1C1V8Gv9BX\/?mibextid=qi2Omg","@patagoniambiental","https:\/\/youtube.com\/@patagoniaambiental2023?si=BLt58t0wuXquxlYZ"]}]}},"_links":{"self":[{"href":"https:\/\/patagoniambiental.com.ar\/info\/wp-json\/wp\/v2\/posts\/46197","targetHints":{"allow":["GET"]}}],"collection":[{"href":"https:\/\/patagoniambiental.com.ar\/info\/wp-json\/wp\/v2\/posts"}],"about":[{"href":"https:\/\/patagoniambiental.com.ar\/info\/wp-json\/wp\/v2\/types\/post"}],"author":[{"embeddable":true,"href":"https:\/\/patagoniambiental.com.ar\/info\/wp-json\/wp\/v2\/users\/2"}],"replies":[{"embeddable":true,"href":"https:\/\/patagoniambiental.com.ar\/info\/wp-json\/wp\/v2\/comments?post=46197"}],"version-history":[{"count":0,"href":"https:\/\/patagoniambiental.com.ar\/info\/wp-json\/wp\/v2\/posts\/46197\/revisions"}],"wp:featuredmedia":[{"embeddable":true,"href":"https:\/\/patagoniambiental.com.ar\/info\/wp-json\/wp\/v2\/media\/46198"}],"wp:attachment":[{"href":"https:\/\/patagoniambiental.com.ar\/info\/wp-json\/wp\/v2\/media?parent=46197"}],"wp:term":[{"taxonomy":"category","embeddable":true,"href":"https:\/\/patagoniambiental.com.ar\/info\/wp-json\/wp\/v2\/categories?post=46197"},{"taxonomy":"post_tag","embeddable":true,"href":"https:\/\/patagoniambiental.com.ar\/info\/wp-json\/wp\/v2\/tags?post=46197"}],"curies":[{"name":"wp","href":"https:\/\/api.w.org\/{rel}","templated":true}]}}