{"id":46307,"date":"2018-05-14T09:00:07","date_gmt":"2018-05-14T12:00:07","guid":{"rendered":"http:\/\/patagoniambiental.com.ar\/info\/?p=46307"},"modified":"2018-05-13T23:26:42","modified_gmt":"2018-05-14T02:26:42","slug":"no-hay-avances-en-el-libro-de-reglas-del-acuerdo-de-paris-si-mucho-trabajo-pendiente","status":"publish","type":"post","link":"https:\/\/patagoniambiental.com.ar\/info\/no-hay-avances-en-el-libro-de-reglas-del-acuerdo-de-paris-si-mucho-trabajo-pendiente\/","title":{"rendered":"No hay avances en el libro de reglas del Acuerdo de Par\u00eds, s\u00ed mucho trabajo pendiente"},"content":{"rendered":"<p class=\"entradilla\"><strong>Las negociaciones internacionales de cambio clim\u00e1tico celebradas en la sede de la convenci\u00f3n del clima de la ONU en Bonn las \u00faltimas dos semanas han concluido con buen tono pero pocos avances, como es habitual en los a\u00f1os en los que toca tomar decisiones importantes, y 2018 es uno de ellos.<\/strong><\/p>\n<p>Los pa\u00edses se han comprometido a cerrar en diciembre, en la\u00a0<strong>cumbre del clima de Katowice (COP24)<\/strong>, el llamado libro de reglas por el que se regir\u00e1 el funcionamiento y cumplimiento del Acuerdo de Par\u00eds. Pues bien, los textos de trabajo salen de Bonn abiertos en todo lo que ata\u00f1e a sus puntos conflictivos: el mecanismo quinquenal para revisar que las naciones han hecho sus deberes, y la financiaci\u00f3n a los pa\u00edses en desarrollo.<\/p>\n<h2><strong>M\u00e1s reuniones<\/strong><\/h2>\n<p>En un a\u00f1o normal de negociaciones la reuni\u00f3n de Bonn en mayo sirve para que los diplom\u00e1ticos de los cerca de 200 pa\u00edses de la convenci\u00f3n de cambio clim\u00e1tico concreten los textos oficiales de negociaci\u00f3n de la cumbre de final de a\u00f1o. En a\u00f1os excepcionales, como este, hay que convocar m\u00e1s reuniones intermedias antes de la cumbre.<\/p>\n<p>En este caso, los negociadores han quedado en verse las caras de manera oficial del\u00a0<strong>3 al 8 de septiembre en Bangkok<\/strong>\u00a0(Tailandia) para avanzar en todos los programas de trabajo que formar\u00e1n parte de ese libro de reglas.<\/p>\n<p>Antes y despu\u00e9s de la gran cita de agosto, habr\u00e1 otras rondas de contactos \u201cextraoficiales\u201d en citas como la reuni\u00f3n del\u00a0<strong>G7<\/strong>\u00a0(8-9 junio en Quebec), el\u00a0<strong>Di\u00e1logo de Petersberg<\/strong>\u00a0(17-19 junio en Berl\u00edn), el\u00a0<strong>MOCA<\/strong>, siglas en ingl\u00e9s del encuentro ministerial de acci\u00f3n clim\u00e1tica entre la UE, China y Canad\u00e1 (Bruselas, 20-21 junio), la cumbre de acci\u00f3n clim\u00e1tica de\u00a0<strong>San Francisco<\/strong>\u00a0a comienzos de septiembre, la Asamblea General de la ONU en Nueva York a finales de ese mes, o las reuniones anuales del\u00a0<strong>Banco Mundial y el Fondo Monetario Internacional.<\/strong><\/p>\n<h2><strong>Di\u00e1logo de Talanoa<\/strong><\/h2>\n<p>El pa\u00eds que presidi\u00f3 la \u00faltima cumbre del clima (COP23), Fiji, estableci\u00f3 un procedimiento de rendici\u00f3n de cuentas en materia de acci\u00f3n clim\u00e1tica denominado: Di\u00e1logo de Talanoa, en referencia al modo en el que los nativos de estas islas del Pac\u00edfico se sientan en c\u00edrculo y mir\u00e1ndose a la cara para resolver sus asuntos.<\/p>\n<p>Pues bien, los pa\u00edses y los agentes sociales fueron llamados a hacer este ejercicio en 2018 con el objetivo de que respondieran a tres preguntas referentes a la acci\u00f3n contra el cambio clim\u00e1tico:\u00a0<strong>\u00bfD\u00f3nde estamos? \u00bfA d\u00f3nde queremos llegar? \u00bfDe qu\u00e9 manera lo conseguiremos?<\/strong><\/p>\n<p>La convenci\u00f3n de cambio clim\u00e1tico presentar\u00e1 un informe en breve de estas dos semanas de Di\u00e1logo y emplaza a los pa\u00edses a llevar a cabo esta pr\u00e1ctica de manera regional y local. La UE ya ha anunciado que har\u00e1 su propio Di\u00e1logo de Talanoa en\u00a0<strong>Bruselas el 13 de junio<\/strong>.<\/p>\n<p>\u201cLas historias individuales presentadas fueron muy interesantes y pusieron de manifiesto, desde la gran vulnerabilidad de las islas,\u00a0a la existencia de muchos pa\u00edses con historias de \u00e9xito a la hora de conseguir reducir sus emisiones, el compromiso de todos para hacer frente a este reto, la fuerte apuesta por la innovaci\u00f3n y las tecnolog\u00edas, o la importancia de la cooperaci\u00f3n internacional y la necesidad de marcos regulatorios claros a medio y largo plazo\u201d, han se\u00f1alado a Efe fuentes de la<strong>\u00a0Oficina Espa\u00f1ola de Cambio Clim\u00e1tico (OECC).<\/strong><\/p>\n<p>Entre las seis empresas que han participado en esta ronda del Di\u00e1logo de Talanoa en Bonn est\u00e1<strong>Iberdrola<\/strong>. Su portavoz de cambio clim\u00e1tico, Gonzalo S\u00e1enz de Miera ha explicado en Bonn que lograr la descarbonizaci\u00f3n de la econom\u00eda en 2050 es \u201cposible y deseable\u201d para \u201cmejorar la calidad del aire, generar energ\u00eda a precios m\u00e1s asequibles, as\u00ed como empleo y tejido industrial\u201d.<\/p>\n<p>Su respuesta a la tercera pregunta (la manera de avanzar) ha sido: \u201ccon objetivos claros de a d\u00f3nde quieres llegar a 2050 para, a partir de ah\u00ed, definir 2030; con un precio al CO2 en los consumos de energ\u00eda finalistas y con una fiscalidad basada en el principio de que quien contamina paga\u201d.<\/p>\n<p>S\u00e1enz de Miera destac\u00f3 tambi\u00e9n en su intervenci\u00f3n\u00a0la creaci\u00f3n de la\u00a0<strong><a href=\"https:\/\/www.efeverde.com\/noticias\/nace-plataforma-frente-al-cambio-climatico\/\" target=\"_blank\" rel=\"noopener noreferrer\">Plataforma Espa\u00f1ola de Acci\u00f3n Clim\u00e1tica<\/a>\u00a0<\/strong>como\u00a0ejemplo de iniciativa que promueve la cooperaci\u00f3n p\u00fablico-privada y acciones por parte de las empresas que dan lugar a reducciones reales de emisiones.<\/p>\n<p>El primer ministro de\u00a0<strong>Fiji<\/strong>, Frank Bainimarama, quien dirige el di\u00e1logo, lo ha cerrado en Bonn con una frase: \u201c<strong>Por favor, hagan m\u00e1s<\/strong>\u201c.<\/p>\n<h2><strong>Objetivo 2020<\/strong><\/h2>\n<p>El objetivo final del Di\u00e1logo es inspirar a los pa\u00edses de cara a una fecha: 2020, cuando deben presentar compromisos de cambio clim\u00e1tico m\u00e1s ambiciosos; y, seg\u00fan fuentes consultadas por EFE, esta primera ronda de conversaciones ha ido \u201cen direcci\u00f3n correcta\u201d, y se han escuchado historias \u201cinspiradoras\u201d.<\/p>\n<p>Las cumbres importantes, como la de 2020, encuentran a muchos pa\u00edses aspirantes a organizarlas -\u00a1no olvidar que los acuerdos acaban llevando los nombres de las ciudades donde se alcanzan!-. Estas dos semanas en Bonn hay siete pa\u00edses que han insinuado que les gustar\u00eda albergar la\u00a0<strong>COP26<\/strong>: Australia, Canad\u00e1, Israel, Nueva Zelanda, Reino unido y Turqu\u00eda.<\/p>\n<h2><strong>IPCC<\/strong><\/h2>\n<p>El siguiente paso para responder a la primera pregunta del Di\u00e1logo de Talanoa -\u00bfD\u00f3nde estamos con respecto al cambio clim\u00e1tico?- ser\u00e1 el informe que el Panel Intergubernamental de Expertos en Cambio Clim\u00e1tico (IPCC, por sus siglas en ingl\u00e9s) presentar\u00e1 el\u00a0<strong>8 de octubre<\/strong>. Con el mismo dar\u00e1 contestaci\u00f3n a cu\u00e1nto queda para que la temperatura media del planeta rebase el aumento de 1,5 grados y cu\u00e1les ser\u00e1n los impactos.<\/p>\n<h2><strong>Financiaci\u00f3n<\/strong><\/h2>\n<p>Campo de batalla de toda ronda de negociaciones que se precie. El m\u00e1ximo conflicto en Bonn ha atendido a que los pa\u00edses en desarrollo quieren predictivilidad: que los pa\u00edses ricos les digan con dos a\u00f1os de antelaci\u00f3n cu\u00e1nto dinero les van a transferir para mitigar y adaptarse a un cambio clim\u00e1tico que, fundamentalmente, no han provocado ellos.<\/p>\n<p>Los pa\u00edses en desarrollo englobados en el G77 tambi\u00e9n reclaman que los pa\u00edses ricos detallen c\u00f3mo van a suplir los fondos que el presidente estadounidense Trump va a dejar de dar hasta 2020 (2.000 millones en el caso del Fondo Verde para el Clima).<\/p>\n<h2><strong>Polonia<\/strong><\/h2>\n<p>El pa\u00eds que ostenta el r\u00e9cord en organizaci\u00f3n de cumbres del clima (va por cuatro) ha anunciado que su ministro de Energ\u00eda,\u00a0<strong>Michal Kurtyka<\/strong>\u00a0ser\u00e1 el presidente de la COP24 de Katowice, algo que no ha sentado nada bien al dimitido ministro de Medio Ambiente, Jan Szyzko, quien aspiraba a liderar las negociaciones.<\/p>\n<h2><strong>Pisar el acelerador<\/strong><\/h2>\n<p>No cabe duda de que este es el gran mensaje pol\u00edtico resultante de estas dos semanas y ha salido de boca de la jefa de cambio clim\u00e1tico de la ONU, Patricia Espinosa: \u201cEstoy satisfecha con los progresos de estas dos semanas de negociaciones, pero urge avanzar m\u00e1s r\u00e1pido para finalizar el libro de reglas del Acuerdo de Par\u00eds\u201d.<\/p>\n<div>Fuente: Por\u00a0<a href=\"https:\/\/twitter.com\/CatyArevalo\" target=\"_blank\" rel=\"noopener noreferrer\">Caty Ar\u00e9valo para EFE Verde<\/a><\/div>\n","protected":false},"excerpt":{"rendered":"<p>Las negociaciones internacionales de cambio clim\u00e1tico celebradas en la sede de la convenci\u00f3n del clima de la ONU en Bonn [&hellip;]<\/p>\n","protected":false},"author":2,"featured_media":46308,"comment_status":"open","ping_status":"open","sticky":false,"template":"","format":"standard","meta":{"site-sidebar-layout":"default","site-content-layout":"","ast-site-content-layout":"default","site-content-style":"default","site-sidebar-style":"default","ast-global-header-display":"","ast-banner-title-visibility":"","ast-main-header-display":"","ast-hfb-above-header-display":"","ast-hfb-below-header-display":"","ast-hfb-mobile-header-display":"","site-post-title":"","ast-breadcrumbs-content":"","ast-featured-img":"","footer-sml-layout":"","ast-disable-related-posts":"","theme-transparent-header-meta":"","adv-header-id-meta":"","stick-header-meta":"","header-above-stick-meta":"","header-main-stick-meta":"","header-below-stick-meta":"","astra-migrate-meta-layouts":"default","ast-page-background-enabled":"default","ast-page-background-meta":{"desktop":{"background-color":"var(--ast-global-color-5)","background-image":"","background-repeat":"repeat","background-position":"center center","background-size":"auto","background-attachment":"scroll","background-type":"","background-media":"","overlay-type":"","overlay-color":"","overlay-opacity":"","overlay-gradient":""},"tablet":{"background-color":"","background-image":"","background-repeat":"repeat","background-position":"center center","background-size":"auto","background-attachment":"scroll","background-type":"","background-media":"","overlay-type":"","overlay-color":"","overlay-opacity":"","overlay-gradient":""},"mobile":{"background-color":"","background-image":"","background-repeat":"repeat","background-position":"center center","background-size":"auto","background-attachment":"scroll","background-type":"","background-media":"","overlay-type":"","overlay-color":"","overlay-opacity":"","overlay-gradient":""}},"ast-content-background-meta":{"desktop":{"background-color":"var(--ast-global-color-4)","background-image":"","background-repeat":"repeat","background-position":"center center","background-size":"auto","background-attachment":"scroll","background-type":"","background-media":"","overlay-type":"","overlay-color":"","overlay-opacity":"","overlay-gradient":""},"tablet":{"background-color":"var(--ast-global-color-4)","background-image":"","background-repeat":"repeat","background-position":"center center","background-size":"auto","background-attachment":"scroll","background-type":"","background-media":"","overlay-type":"","overlay-color":"","overlay-opacity":"","overlay-gradient":""},"mobile":{"background-color":"var(--ast-global-color-4)","background-image":"","background-repeat":"repeat","background-position":"center center","background-size":"auto","background-attachment":"scroll","background-type":"","background-media":"","overlay-type":"","overlay-color":"","overlay-opacity":"","overlay-gradient":""}},"footnotes":""},"categories":[23,1],"tags":[],"class_list":["post-46307","post","type-post","status-publish","format-standard","has-post-thumbnail","hentry","category-internacionales","category-noticias"],"yoast_head":"<!-- This site is optimized with the Yoast SEO Premium plugin v23.0 (Yoast SEO v27.4) - https:\/\/yoast.com\/product\/yoast-seo-premium-wordpress\/ -->\n<title>No hay avances en el libro de reglas del Acuerdo de Par\u00eds, s\u00ed mucho trabajo pendiente<\/title>\n<meta name=\"robots\" content=\"index, follow, max-snippet:-1, max-image-preview:large, max-video-preview:-1\" \/>\n<link rel=\"canonical\" href=\"https:\/\/patagoniambiental.com.ar\/info\/no-hay-avances-en-el-libro-de-reglas-del-acuerdo-de-paris-si-mucho-trabajo-pendiente\/\" \/>\n<meta property=\"og:locale\" content=\"es_ES\" \/>\n<meta property=\"og:type\" content=\"article\" \/>\n<meta property=\"og:title\" content=\"No hay avances en el libro de reglas del Acuerdo de Par\u00eds, s\u00ed mucho trabajo pendiente\" \/>\n<meta property=\"og:description\" content=\"Las negociaciones internacionales de cambio clim\u00e1tico celebradas en la sede de la convenci\u00f3n del clima de la ONU en Bonn [&hellip;]\" \/>\n<meta property=\"og:url\" content=\"https:\/\/patagoniambiental.com.ar\/info\/no-hay-avances-en-el-libro-de-reglas-del-acuerdo-de-paris-si-mucho-trabajo-pendiente\/\" \/>\n<meta property=\"og:site_name\" content=\"Patagonia Ambiental\" \/>\n<meta property=\"article:publisher\" content=\"https:\/\/www.facebook.com\/patagonia.ambiental\" \/>\n<meta property=\"article:author\" content=\"https:\/\/www.facebook.com\/share\/1C1V8Gv9BX\/?mibextid=qi2Omg\" \/>\n<meta property=\"article:published_time\" content=\"2018-05-14T12:00:07+00:00\" \/>\n<meta property=\"og:image\" content=\"https:\/\/patagoniambiental.com.ar\/info\/wp-content\/uploads\/2018\/05\/bonn.jpg\" \/>\n\t<meta property=\"og:image:width\" content=\"620\" \/>\n\t<meta property=\"og:image:height\" content=\"310\" \/>\n\t<meta property=\"og:image:type\" content=\"image\/jpeg\" \/>\n<meta name=\"author\" content=\"Patagonia Ambiental\" \/>\n<meta name=\"twitter:card\" content=\"summary_large_image\" \/>\n<meta name=\"twitter:creator\" content=\"@PatAmb\" \/>\n<meta name=\"twitter:site\" content=\"@PatAmb\" \/>\n<script type=\"application\/ld+json\" class=\"yoast-schema-graph\">{\"@context\":\"https:\\\/\\\/schema.org\",\"@graph\":[{\"@type\":\"Article\",\"@id\":\"https:\\\/\\\/patagoniambiental.com.ar\\\/info\\\/no-hay-avances-en-el-libro-de-reglas-del-acuerdo-de-paris-si-mucho-trabajo-pendiente\\\/#article\",\"isPartOf\":{\"@id\":\"https:\\\/\\\/patagoniambiental.com.ar\\\/info\\\/no-hay-avances-en-el-libro-de-reglas-del-acuerdo-de-paris-si-mucho-trabajo-pendiente\\\/\"},\"author\":{\"name\":\"Patagonia Ambiental\",\"@id\":\"https:\\\/\\\/patagoniambiental.com.ar\\\/info\\\/#\\\/schema\\\/person\\\/db12bff64bbcbf6a253710bf0ea37b5d\"},\"headline\":\"No hay avances en el libro de reglas del Acuerdo de Par\u00eds, s\u00ed mucho trabajo pendiente\",\"datePublished\":\"2018-05-14T12:00:07+00:00\",\"mainEntityOfPage\":{\"@id\":\"https:\\\/\\\/patagoniambiental.com.ar\\\/info\\\/no-hay-avances-en-el-libro-de-reglas-del-acuerdo-de-paris-si-mucho-trabajo-pendiente\\\/\"},\"wordCount\":1252,\"commentCount\":0,\"publisher\":{\"@id\":\"https:\\\/\\\/patagoniambiental.com.ar\\\/info\\\/#organization\"},\"image\":{\"@id\":\"https:\\\/\\\/patagoniambiental.com.ar\\\/info\\\/no-hay-avances-en-el-libro-de-reglas-del-acuerdo-de-paris-si-mucho-trabajo-pendiente\\\/#primaryimage\"},\"thumbnailUrl\":\"https:\\\/\\\/patagoniambiental.com.ar\\\/info\\\/wp-content\\\/uploads\\\/2018\\\/05\\\/bonn.jpg\",\"articleSection\":[\"Internacionales\",\"Noticias\"],\"inLanguage\":\"es\",\"potentialAction\":[{\"@type\":\"CommentAction\",\"name\":\"Comment\",\"target\":[\"https:\\\/\\\/patagoniambiental.com.ar\\\/info\\\/no-hay-avances-en-el-libro-de-reglas-del-acuerdo-de-paris-si-mucho-trabajo-pendiente\\\/#respond\"]}]},{\"@type\":\"WebPage\",\"@id\":\"https:\\\/\\\/patagoniambiental.com.ar\\\/info\\\/no-hay-avances-en-el-libro-de-reglas-del-acuerdo-de-paris-si-mucho-trabajo-pendiente\\\/\",\"url\":\"https:\\\/\\\/patagoniambiental.com.ar\\\/info\\\/no-hay-avances-en-el-libro-de-reglas-del-acuerdo-de-paris-si-mucho-trabajo-pendiente\\\/\",\"name\":\"No hay avances en el libro de reglas del Acuerdo de Par\u00eds, s\u00ed mucho trabajo pendiente\",\"isPartOf\":{\"@id\":\"https:\\\/\\\/patagoniambiental.com.ar\\\/info\\\/#website\"},\"primaryImageOfPage\":{\"@id\":\"https:\\\/\\\/patagoniambiental.com.ar\\\/info\\\/no-hay-avances-en-el-libro-de-reglas-del-acuerdo-de-paris-si-mucho-trabajo-pendiente\\\/#primaryimage\"},\"image\":{\"@id\":\"https:\\\/\\\/patagoniambiental.com.ar\\\/info\\\/no-hay-avances-en-el-libro-de-reglas-del-acuerdo-de-paris-si-mucho-trabajo-pendiente\\\/#primaryimage\"},\"thumbnailUrl\":\"https:\\\/\\\/patagoniambiental.com.ar\\\/info\\\/wp-content\\\/uploads\\\/2018\\\/05\\\/bonn.jpg\",\"datePublished\":\"2018-05-14T12:00:07+00:00\",\"breadcrumb\":{\"@id\":\"https:\\\/\\\/patagoniambiental.com.ar\\\/info\\\/no-hay-avances-en-el-libro-de-reglas-del-acuerdo-de-paris-si-mucho-trabajo-pendiente\\\/#breadcrumb\"},\"inLanguage\":\"es\",\"potentialAction\":[{\"@type\":\"ReadAction\",\"target\":[\"https:\\\/\\\/patagoniambiental.com.ar\\\/info\\\/no-hay-avances-en-el-libro-de-reglas-del-acuerdo-de-paris-si-mucho-trabajo-pendiente\\\/\"]}]},{\"@type\":\"ImageObject\",\"inLanguage\":\"es\",\"@id\":\"https:\\\/\\\/patagoniambiental.com.ar\\\/info\\\/no-hay-avances-en-el-libro-de-reglas-del-acuerdo-de-paris-si-mucho-trabajo-pendiente\\\/#primaryimage\",\"url\":\"https:\\\/\\\/patagoniambiental.com.ar\\\/info\\\/wp-content\\\/uploads\\\/2018\\\/05\\\/bonn.jpg\",\"contentUrl\":\"https:\\\/\\\/patagoniambiental.com.ar\\\/info\\\/wp-content\\\/uploads\\\/2018\\\/05\\\/bonn.jpg\",\"width\":620,\"height\":310,\"caption\":\"Negociaciones de cambio clim\u00e1tico en Bonn (Alemania). EFE\\\/PHILIPP GUELLAND\"},{\"@type\":\"BreadcrumbList\",\"@id\":\"https:\\\/\\\/patagoniambiental.com.ar\\\/info\\\/no-hay-avances-en-el-libro-de-reglas-del-acuerdo-de-paris-si-mucho-trabajo-pendiente\\\/#breadcrumb\",\"itemListElement\":[{\"@type\":\"ListItem\",\"position\":1,\"name\":\"Inicio\",\"item\":\"https:\\\/\\\/patagoniambiental.com.ar\\\/info\\\/\"},{\"@type\":\"ListItem\",\"position\":2,\"name\":\"No hay avances en el libro de reglas del Acuerdo de Par\u00eds, s\u00ed mucho trabajo pendiente\"}]},{\"@type\":\"WebSite\",\"@id\":\"https:\\\/\\\/patagoniambiental.com.ar\\\/info\\\/#website\",\"url\":\"https:\\\/\\\/patagoniambiental.com.ar\\\/info\\\/\",\"name\":\"Patagonia Ambiental\",\"description\":\"Monitoreo y an\u00e1lisis de la situaci\u00f3n geopol\u00edtica en el mundo y su implicancia en la Patagonia\",\"publisher\":{\"@id\":\"https:\\\/\\\/patagoniambiental.com.ar\\\/info\\\/#organization\"},\"potentialAction\":[{\"@type\":\"SearchAction\",\"target\":{\"@type\":\"EntryPoint\",\"urlTemplate\":\"https:\\\/\\\/patagoniambiental.com.ar\\\/info\\\/?s={search_term_string}\"},\"query-input\":{\"@type\":\"PropertyValueSpecification\",\"valueRequired\":true,\"valueName\":\"search_term_string\"}}],\"inLanguage\":\"es\"},{\"@type\":\"Organization\",\"@id\":\"https:\\\/\\\/patagoniambiental.com.ar\\\/info\\\/#organization\",\"name\":\"Patagonia Ambiental\",\"url\":\"https:\\\/\\\/patagoniambiental.com.ar\\\/info\\\/\",\"logo\":{\"@type\":\"ImageObject\",\"inLanguage\":\"es\",\"@id\":\"https:\\\/\\\/patagoniambiental.com.ar\\\/info\\\/#\\\/schema\\\/logo\\\/image\\\/\",\"url\":\"https:\\\/\\\/patagoniambiental.com.ar\\\/info\\\/wp-content\\\/uploads\\\/2025\\\/05\\\/LOGO-PATAGONIA-AMBIENTAL.png\",\"contentUrl\":\"https:\\\/\\\/patagoniambiental.com.ar\\\/info\\\/wp-content\\\/uploads\\\/2025\\\/05\\\/LOGO-PATAGONIA-AMBIENTAL.png\",\"width\":433,\"height\":250,\"caption\":\"Patagonia Ambiental\"},\"image\":{\"@id\":\"https:\\\/\\\/patagoniambiental.com.ar\\\/info\\\/#\\\/schema\\\/logo\\\/image\\\/\"},\"sameAs\":[\"https:\\\/\\\/www.facebook.com\\\/patagonia.ambiental\",\"https:\\\/\\\/x.com\\\/PatAmb\"]},{\"@type\":\"Person\",\"@id\":\"https:\\\/\\\/patagoniambiental.com.ar\\\/info\\\/#\\\/schema\\\/person\\\/db12bff64bbcbf6a253710bf0ea37b5d\",\"name\":\"Patagonia Ambiental\",\"description\":\"Andr\u00e9s Nievas T\u00e9cnico en manejo ambiental, consultor Ambiental y escritor para medios locales e internacionales sobre temas de geopolitica y medio ambiente.\",\"sameAs\":[\"http:\\\/\\\/www.patagoniambiental.com.ar\",\"https:\\\/\\\/www.facebook.com\\\/share\\\/1C1V8Gv9BX\\\/?mibextid=qi2Omg\",\"@patagoniambiental\",\"https:\\\/\\\/youtube.com\\\/@patagoniaambiental2023?si=BLt58t0wuXquxlYZ\"]}]}<\/script>\n<!-- \/ Yoast SEO Premium plugin. -->","yoast_head_json":{"title":"No hay avances en el libro de reglas del Acuerdo de Par\u00eds, s\u00ed mucho trabajo pendiente","robots":{"index":"index","follow":"follow","max-snippet":"max-snippet:-1","max-image-preview":"max-image-preview:large","max-video-preview":"max-video-preview:-1"},"canonical":"https:\/\/patagoniambiental.com.ar\/info\/no-hay-avances-en-el-libro-de-reglas-del-acuerdo-de-paris-si-mucho-trabajo-pendiente\/","og_locale":"es_ES","og_type":"article","og_title":"No hay avances en el libro de reglas del Acuerdo de Par\u00eds, s\u00ed mucho trabajo pendiente","og_description":"Las negociaciones internacionales de cambio clim\u00e1tico celebradas en la sede de la convenci\u00f3n del clima de la ONU en Bonn [&hellip;]","og_url":"https:\/\/patagoniambiental.com.ar\/info\/no-hay-avances-en-el-libro-de-reglas-del-acuerdo-de-paris-si-mucho-trabajo-pendiente\/","og_site_name":"Patagonia Ambiental","article_publisher":"https:\/\/www.facebook.com\/patagonia.ambiental","article_author":"https:\/\/www.facebook.com\/share\/1C1V8Gv9BX\/?mibextid=qi2Omg","article_published_time":"2018-05-14T12:00:07+00:00","og_image":[{"width":620,"height":310,"url":"https:\/\/patagoniambiental.com.ar\/info\/wp-content\/uploads\/2018\/05\/bonn.jpg","type":"image\/jpeg"}],"author":"Patagonia Ambiental","twitter_card":"summary_large_image","twitter_creator":"@PatAmb","twitter_site":"@PatAmb","schema":{"@context":"https:\/\/schema.org","@graph":[{"@type":"Article","@id":"https:\/\/patagoniambiental.com.ar\/info\/no-hay-avances-en-el-libro-de-reglas-del-acuerdo-de-paris-si-mucho-trabajo-pendiente\/#article","isPartOf":{"@id":"https:\/\/patagoniambiental.com.ar\/info\/no-hay-avances-en-el-libro-de-reglas-del-acuerdo-de-paris-si-mucho-trabajo-pendiente\/"},"author":{"name":"Patagonia Ambiental","@id":"https:\/\/patagoniambiental.com.ar\/info\/#\/schema\/person\/db12bff64bbcbf6a253710bf0ea37b5d"},"headline":"No hay avances en el libro de reglas del Acuerdo de Par\u00eds, s\u00ed mucho trabajo pendiente","datePublished":"2018-05-14T12:00:07+00:00","mainEntityOfPage":{"@id":"https:\/\/patagoniambiental.com.ar\/info\/no-hay-avances-en-el-libro-de-reglas-del-acuerdo-de-paris-si-mucho-trabajo-pendiente\/"},"wordCount":1252,"commentCount":0,"publisher":{"@id":"https:\/\/patagoniambiental.com.ar\/info\/#organization"},"image":{"@id":"https:\/\/patagoniambiental.com.ar\/info\/no-hay-avances-en-el-libro-de-reglas-del-acuerdo-de-paris-si-mucho-trabajo-pendiente\/#primaryimage"},"thumbnailUrl":"https:\/\/patagoniambiental.com.ar\/info\/wp-content\/uploads\/2018\/05\/bonn.jpg","articleSection":["Internacionales","Noticias"],"inLanguage":"es","potentialAction":[{"@type":"CommentAction","name":"Comment","target":["https:\/\/patagoniambiental.com.ar\/info\/no-hay-avances-en-el-libro-de-reglas-del-acuerdo-de-paris-si-mucho-trabajo-pendiente\/#respond"]}]},{"@type":"WebPage","@id":"https:\/\/patagoniambiental.com.ar\/info\/no-hay-avances-en-el-libro-de-reglas-del-acuerdo-de-paris-si-mucho-trabajo-pendiente\/","url":"https:\/\/patagoniambiental.com.ar\/info\/no-hay-avances-en-el-libro-de-reglas-del-acuerdo-de-paris-si-mucho-trabajo-pendiente\/","name":"No hay avances en el libro de reglas del Acuerdo de Par\u00eds, s\u00ed mucho trabajo pendiente","isPartOf":{"@id":"https:\/\/patagoniambiental.com.ar\/info\/#website"},"primaryImageOfPage":{"@id":"https:\/\/patagoniambiental.com.ar\/info\/no-hay-avances-en-el-libro-de-reglas-del-acuerdo-de-paris-si-mucho-trabajo-pendiente\/#primaryimage"},"image":{"@id":"https:\/\/patagoniambiental.com.ar\/info\/no-hay-avances-en-el-libro-de-reglas-del-acuerdo-de-paris-si-mucho-trabajo-pendiente\/#primaryimage"},"thumbnailUrl":"https:\/\/patagoniambiental.com.ar\/info\/wp-content\/uploads\/2018\/05\/bonn.jpg","datePublished":"2018-05-14T12:00:07+00:00","breadcrumb":{"@id":"https:\/\/patagoniambiental.com.ar\/info\/no-hay-avances-en-el-libro-de-reglas-del-acuerdo-de-paris-si-mucho-trabajo-pendiente\/#breadcrumb"},"inLanguage":"es","potentialAction":[{"@type":"ReadAction","target":["https:\/\/patagoniambiental.com.ar\/info\/no-hay-avances-en-el-libro-de-reglas-del-acuerdo-de-paris-si-mucho-trabajo-pendiente\/"]}]},{"@type":"ImageObject","inLanguage":"es","@id":"https:\/\/patagoniambiental.com.ar\/info\/no-hay-avances-en-el-libro-de-reglas-del-acuerdo-de-paris-si-mucho-trabajo-pendiente\/#primaryimage","url":"https:\/\/patagoniambiental.com.ar\/info\/wp-content\/uploads\/2018\/05\/bonn.jpg","contentUrl":"https:\/\/patagoniambiental.com.ar\/info\/wp-content\/uploads\/2018\/05\/bonn.jpg","width":620,"height":310,"caption":"Negociaciones de cambio clim\u00e1tico en Bonn (Alemania). EFE\/PHILIPP GUELLAND"},{"@type":"BreadcrumbList","@id":"https:\/\/patagoniambiental.com.ar\/info\/no-hay-avances-en-el-libro-de-reglas-del-acuerdo-de-paris-si-mucho-trabajo-pendiente\/#breadcrumb","itemListElement":[{"@type":"ListItem","position":1,"name":"Inicio","item":"https:\/\/patagoniambiental.com.ar\/info\/"},{"@type":"ListItem","position":2,"name":"No hay avances en el libro de reglas del Acuerdo de Par\u00eds, s\u00ed mucho trabajo pendiente"}]},{"@type":"WebSite","@id":"https:\/\/patagoniambiental.com.ar\/info\/#website","url":"https:\/\/patagoniambiental.com.ar\/info\/","name":"Patagonia Ambiental","description":"Monitoreo y an\u00e1lisis de la situaci\u00f3n geopol\u00edtica en el mundo y su implicancia en la Patagonia","publisher":{"@id":"https:\/\/patagoniambiental.com.ar\/info\/#organization"},"potentialAction":[{"@type":"SearchAction","target":{"@type":"EntryPoint","urlTemplate":"https:\/\/patagoniambiental.com.ar\/info\/?s={search_term_string}"},"query-input":{"@type":"PropertyValueSpecification","valueRequired":true,"valueName":"search_term_string"}}],"inLanguage":"es"},{"@type":"Organization","@id":"https:\/\/patagoniambiental.com.ar\/info\/#organization","name":"Patagonia Ambiental","url":"https:\/\/patagoniambiental.com.ar\/info\/","logo":{"@type":"ImageObject","inLanguage":"es","@id":"https:\/\/patagoniambiental.com.ar\/info\/#\/schema\/logo\/image\/","url":"https:\/\/patagoniambiental.com.ar\/info\/wp-content\/uploads\/2025\/05\/LOGO-PATAGONIA-AMBIENTAL.png","contentUrl":"https:\/\/patagoniambiental.com.ar\/info\/wp-content\/uploads\/2025\/05\/LOGO-PATAGONIA-AMBIENTAL.png","width":433,"height":250,"caption":"Patagonia Ambiental"},"image":{"@id":"https:\/\/patagoniambiental.com.ar\/info\/#\/schema\/logo\/image\/"},"sameAs":["https:\/\/www.facebook.com\/patagonia.ambiental","https:\/\/x.com\/PatAmb"]},{"@type":"Person","@id":"https:\/\/patagoniambiental.com.ar\/info\/#\/schema\/person\/db12bff64bbcbf6a253710bf0ea37b5d","name":"Patagonia Ambiental","description":"Andr\u00e9s Nievas T\u00e9cnico en manejo ambiental, consultor Ambiental y escritor para medios locales e internacionales sobre temas de geopolitica y medio ambiente.","sameAs":["http:\/\/www.patagoniambiental.com.ar","https:\/\/www.facebook.com\/share\/1C1V8Gv9BX\/?mibextid=qi2Omg","@patagoniambiental","https:\/\/youtube.com\/@patagoniaambiental2023?si=BLt58t0wuXquxlYZ"]}]}},"_links":{"self":[{"href":"https:\/\/patagoniambiental.com.ar\/info\/wp-json\/wp\/v2\/posts\/46307","targetHints":{"allow":["GET"]}}],"collection":[{"href":"https:\/\/patagoniambiental.com.ar\/info\/wp-json\/wp\/v2\/posts"}],"about":[{"href":"https:\/\/patagoniambiental.com.ar\/info\/wp-json\/wp\/v2\/types\/post"}],"author":[{"embeddable":true,"href":"https:\/\/patagoniambiental.com.ar\/info\/wp-json\/wp\/v2\/users\/2"}],"replies":[{"embeddable":true,"href":"https:\/\/patagoniambiental.com.ar\/info\/wp-json\/wp\/v2\/comments?post=46307"}],"version-history":[{"count":0,"href":"https:\/\/patagoniambiental.com.ar\/info\/wp-json\/wp\/v2\/posts\/46307\/revisions"}],"wp:featuredmedia":[{"embeddable":true,"href":"https:\/\/patagoniambiental.com.ar\/info\/wp-json\/wp\/v2\/media\/46308"}],"wp:attachment":[{"href":"https:\/\/patagoniambiental.com.ar\/info\/wp-json\/wp\/v2\/media?parent=46307"}],"wp:term":[{"taxonomy":"category","embeddable":true,"href":"https:\/\/patagoniambiental.com.ar\/info\/wp-json\/wp\/v2\/categories?post=46307"},{"taxonomy":"post_tag","embeddable":true,"href":"https:\/\/patagoniambiental.com.ar\/info\/wp-json\/wp\/v2\/tags?post=46307"}],"curies":[{"name":"wp","href":"https:\/\/api.w.org\/{rel}","templated":true}]}}