{"id":46453,"date":"2018-05-16T09:00:07","date_gmt":"2018-05-16T12:00:07","guid":{"rendered":"http:\/\/patagoniambiental.com.ar\/info\/?p=46453"},"modified":"2018-05-15T21:42:05","modified_gmt":"2018-05-16T00:42:05","slug":"moscu-sofocada-por-el-hedor-de-su-propia-basura","status":"publish","type":"post","link":"https:\/\/patagoniambiental.com.ar\/info\/moscu-sofocada-por-el-hedor-de-su-propia-basura\/","title":{"rendered":"Mosc\u00fa sofocada por el hedor de su propia basura"},"content":{"rendered":"<p class=\"style5\">El hedor y las emisiones t\u00f3xicas de la basura que se acumula en los vertederos exasperan a los habitantes de los suburbios de Mosc\u00fa, mientras que la incineraci\u00f3n dista mucho de satisfacer a todo el mundo.<\/p>\n<p>Rusia produce casi 70 millones de toneladas de desechos al a\u00f1o, seg\u00fan las estimaciones de la organizaci\u00f3n ecologista Greenpeace.<\/p>\n<p>La selecci\u00f3n de basuras solo existe en un centenar de ciudades rusas y la mayor\u00eda de la basura se acumula desde hace d\u00e9cadas en vertederos cada vez m\u00e1s contaminantes.<\/p>\n<p>\u201cRusia parece realizar la predicci\u00f3n [del f\u00edsico] Niels Bohr de que la humanidad morir\u00e1 asfixi\u00e1ndose en su propia basura\u201d, ironiz\u00f3 un responsable de Greenpeace-Rusia, Alexei Kiseliov.<\/p>\n<p>Seg\u00fan Greenpeace, en los diez \u00faltimos a\u00f1os, el volumen de basura de Rusia aument\u00f3 un 30%. Solo el 2% de esa basura es incinerada y el 7% reciclada, mientras que el resto se va acumulando en los vertederos.<\/p>\n<p>En los alrededores de Mosc\u00fa se cerraron 24 vertederos en los \u00faltimos cinco a\u00f1os por problemas de insalubridad, mientras que otros 15 -enormes monta\u00f1as apestosas a cielo abierto- siguen recibiendo nuevas masas de desechos contaminantes no seleccionados.<br \/>\n\u201cLa mayor\u00eda fueron creados hace 50 a\u00f1os, sin ninguna tecnolog\u00eda de tratamiento del gas ni de las aguas usadas\u201d que sueltan, admiti\u00f3 el ministerio local de Ecolog\u00eda.<\/p>\n<p><b>Manifestaciones<\/b><br \/>\nEl problema irrumpi\u00f3 en el debate p\u00fablico hace un a\u00f1o, cuando los habitantes de Balashikha, una ciudad a 6 km al oeste de Mosc\u00fa, asfixiados por el hedor de un vertedero vecino, le pidieron al presidente Vladimir Putin que lo cerrara durante una sesi\u00f3n de preguntas-respuestas en televisi\u00f3n.<\/p>\n<p>Desde entonces, las expresiones de descontento no han dejado de crecer, a veces con una virulencia inusual en un pa\u00eds en el que cualquier tipo de protesta se topa con la firmeza del poder.<\/p>\n<p>A finales de marzo, unos 50 ni\u00f1os tuvieron que recibir atenci\u00f3n m\u00e9dica en Volokolams, al noroeste de Mosc\u00fa, tras haber sido intoxicados por un gas procedente de un vertedero cercano. Miles de habitantes se manifestaron entonces, algo raro en Rusia, para reclamar su cierre.<\/p>\n<p>Tras ello, Rusia le pidi\u00f3 a Holanda un sistema para neutralizar los servicios t\u00f3xicos, a falta de tecnolog\u00eda rusa en ese campo.<\/p>\n<p>Seg\u00fan los expertos, casi 11 millones de toneladas de basura se acumulan cada a\u00f1o en los alrededores de Mosc\u00fa, un 16% de los desechos de todo el pa\u00eds.<\/p>\n<p>\u201cLo m\u00e1s grave es que nadie se ocupa del problema hasta que hay una emisi\u00f3n de gas, una fuga de agua contaminada o un incendio en un vertedero\u201d, lament\u00f3 Kiseliov.<\/p>\n<p>Frente a esta cat\u00e1strofe ecol\u00f3gica, el gobierno ruso prometi\u00f3 construir cinco incineradoras de residuos, cuatro en la regi\u00f3n de Mosc\u00fa y una en Kazan, a orillas del Volga.<\/p>\n<p>Las dos primeras plantas, con capacidad para incinerar 700.000 toneladas de residuos al a\u00f1o y producir, cada una, 70 megavatios de electricidad, deber\u00edan estar terminadas para 2021 en Voskresensk, en el sureste de Mosc\u00fa, y en Naro-Fominsk, en el noreste.<br \/>\n. .<br \/>\n<b>\u00bfIncinerar o reciclar?<\/b><br \/>\nLas obras deber\u00edan empezar en las pr\u00f3ximas semanas, pero la poblaci\u00f3n local se ha manifestado en contra, temiendo un impacto negativo en el medio ambiente.<\/p>\n<p>\u201cQueremos plantas de reciclaje y no incineradoras\u201d, grit\u00f3 una vecina de Naro-Fomisnk, Marina Melnikova.<\/p>\n<p>Como otros habitantes de su ciudad, que reunieron 4.000 firmas contra el proyecto, enviadas al presidente Putin, Marina confiesa que teme la contaminaci\u00f3n por dioxinas cancer\u00edgenas que podr\u00edan expulsar los residuos de la f\u00e1brica.<\/p>\n<p>\u201cHay que resolver el problema de la basura. \u00bfPero por qu\u00e9 comenzar por el \u00faltimo eslab\u00f3n de la cadena? \u00bfD\u00f3nde est\u00e1 el reciclaje y la separaci\u00f3n de basura?\u201d, se preguntaba Igor Vavilov, militante comunista.<\/p>\n<p>Pero Andrei Chipelov, director del proyecto de construcci\u00f3n de incineradoras, asegur\u00f3 que se trata de \u201clas tecnolog\u00edas m\u00e1s sofisticadas\u201d, desarrolladas por el grupo suizo-japon\u00e9s Hiatchi Zosen Inova, que ya ha construido 500 incineradoras en varios pa\u00edses, es decir, un tercio de todas las f\u00e1bricas de este tipo en el mundo.<\/p>\n<p>\u201cEsas f\u00e1bricas no son en absoluto peligrosas. Ni las dioxinas ni otros elementos peligrosos saldr\u00e1n de la f\u00e1brica\u201d, prometi\u00f3 Chipelov. \u201cLas altas temperaturas permitir\u00e1n destruir las dioxinas m\u00e1s peligrosas en el reactor\u201d, afirm\u00f3.<\/p>\n<p>Pero los ecologistas est\u00e1n convencidos de que esa no es la soluci\u00f3n. \u201c\u00bfPara qu\u00e9 crear una nueva fuente de contaminaci\u00f3n, cuando podemos resolver el problema con f\u00e1bricas de tratamiento?\u201d, apunt\u00f3 Kiseliov.<\/p>\n<p>Fuente: AFP-NA Por Victoria LOGUINOVA-YAKOVLEVA<\/p>\n","protected":false},"excerpt":{"rendered":"<p>El hedor y las emisiones t\u00f3xicas de la basura que se acumula en los vertederos exasperan a los habitantes de [&hellip;]<\/p>\n","protected":false},"author":2,"featured_media":46454,"comment_status":"open","ping_status":"open","sticky":false,"template":"","format":"standard","meta":{"site-sidebar-layout":"default","site-content-layout":"","ast-site-content-layout":"default","site-content-style":"default","site-sidebar-style":"default","ast-global-header-display":"","ast-banner-title-visibility":"","ast-main-header-display":"","ast-hfb-above-header-display":"","ast-hfb-below-header-display":"","ast-hfb-mobile-header-display":"","site-post-title":"","ast-breadcrumbs-content":"","ast-featured-img":"","footer-sml-layout":"","ast-disable-related-posts":"","theme-transparent-header-meta":"","adv-header-id-meta":"","stick-header-meta":"","header-above-stick-meta":"","header-main-stick-meta":"","header-below-stick-meta":"","astra-migrate-meta-layouts":"default","ast-page-background-enabled":"default","ast-page-background-meta":{"desktop":{"background-color":"var(--ast-global-color-5)","background-image":"","background-repeat":"repeat","background-position":"center center","background-size":"auto","background-attachment":"scroll","background-type":"","background-media":"","overlay-type":"","overlay-color":"","overlay-opacity":"","overlay-gradient":""},"tablet":{"background-color":"","background-image":"","background-repeat":"repeat","background-position":"center center","background-size":"auto","background-attachment":"scroll","background-type":"","background-media":"","overlay-type":"","overlay-color":"","overlay-opacity":"","overlay-gradient":""},"mobile":{"background-color":"","background-image":"","background-repeat":"repeat","background-position":"center center","background-size":"auto","background-attachment":"scroll","background-type":"","background-media":"","overlay-type":"","overlay-color":"","overlay-opacity":"","overlay-gradient":""}},"ast-content-background-meta":{"desktop":{"background-color":"var(--ast-global-color-4)","background-image":"","background-repeat":"repeat","background-position":"center center","background-size":"auto","background-attachment":"scroll","background-type":"","background-media":"","overlay-type":"","overlay-color":"","overlay-opacity":"","overlay-gradient":""},"tablet":{"background-color":"var(--ast-global-color-4)","background-image":"","background-repeat":"repeat","background-position":"center center","background-size":"auto","background-attachment":"scroll","background-type":"","background-media":"","overlay-type":"","overlay-color":"","overlay-opacity":"","overlay-gradient":""},"mobile":{"background-color":"var(--ast-global-color-4)","background-image":"","background-repeat":"repeat","background-position":"center center","background-size":"auto","background-attachment":"scroll","background-type":"","background-media":"","overlay-type":"","overlay-color":"","overlay-opacity":"","overlay-gradient":""}},"footnotes":""},"categories":[23,1],"tags":[],"class_list":["post-46453","post","type-post","status-publish","format-standard","has-post-thumbnail","hentry","category-internacionales","category-noticias"],"yoast_head":"<!-- This site is optimized with the Yoast SEO Premium plugin v23.0 (Yoast SEO v27.4) - https:\/\/yoast.com\/product\/yoast-seo-premium-wordpress\/ -->\n<title>Mosc\u00fa sofocada por el hedor de su propia basura<\/title>\n<meta name=\"robots\" content=\"index, follow, max-snippet:-1, max-image-preview:large, max-video-preview:-1\" \/>\n<link rel=\"canonical\" href=\"https:\/\/patagoniambiental.com.ar\/info\/moscu-sofocada-por-el-hedor-de-su-propia-basura\/\" \/>\n<meta property=\"og:locale\" content=\"es_ES\" \/>\n<meta property=\"og:type\" content=\"article\" \/>\n<meta property=\"og:title\" content=\"Mosc\u00fa sofocada por el hedor de su propia basura\" \/>\n<meta property=\"og:description\" content=\"El hedor y las emisiones t\u00f3xicas de la basura que se acumula en los vertederos exasperan a los habitantes de [&hellip;]\" \/>\n<meta property=\"og:url\" content=\"https:\/\/patagoniambiental.com.ar\/info\/moscu-sofocada-por-el-hedor-de-su-propia-basura\/\" \/>\n<meta property=\"og:site_name\" content=\"Patagonia Ambiental\" \/>\n<meta property=\"article:publisher\" content=\"https:\/\/www.facebook.com\/patagonia.ambiental\" \/>\n<meta property=\"article:author\" content=\"https:\/\/www.facebook.com\/share\/1C1V8Gv9BX\/?mibextid=qi2Omg\" \/>\n<meta property=\"article:published_time\" content=\"2018-05-16T12:00:07+00:00\" \/>\n<meta property=\"og:image\" content=\"https:\/\/patagoniambiental.com.ar\/info\/wp-content\/uploads\/2018\/05\/moscu.jpg\" \/>\n\t<meta property=\"og:image:width\" content=\"1200\" \/>\n\t<meta property=\"og:image:height\" content=\"675\" \/>\n\t<meta property=\"og:image:type\" content=\"image\/jpeg\" \/>\n<meta name=\"author\" content=\"Patagonia Ambiental\" \/>\n<meta name=\"twitter:card\" content=\"summary_large_image\" \/>\n<meta name=\"twitter:creator\" content=\"@PatAmb\" \/>\n<meta name=\"twitter:site\" content=\"@PatAmb\" \/>\n<script type=\"application\/ld+json\" class=\"yoast-schema-graph\">{\"@context\":\"https:\\\/\\\/schema.org\",\"@graph\":[{\"@type\":\"Article\",\"@id\":\"https:\\\/\\\/patagoniambiental.com.ar\\\/info\\\/moscu-sofocada-por-el-hedor-de-su-propia-basura\\\/#article\",\"isPartOf\":{\"@id\":\"https:\\\/\\\/patagoniambiental.com.ar\\\/info\\\/moscu-sofocada-por-el-hedor-de-su-propia-basura\\\/\"},\"author\":{\"name\":\"Patagonia Ambiental\",\"@id\":\"https:\\\/\\\/patagoniambiental.com.ar\\\/info\\\/#\\\/schema\\\/person\\\/db12bff64bbcbf6a253710bf0ea37b5d\"},\"headline\":\"Mosc\u00fa sofocada por el hedor de su propia basura\",\"datePublished\":\"2018-05-16T12:00:07+00:00\",\"mainEntityOfPage\":{\"@id\":\"https:\\\/\\\/patagoniambiental.com.ar\\\/info\\\/moscu-sofocada-por-el-hedor-de-su-propia-basura\\\/\"},\"wordCount\":774,\"commentCount\":0,\"publisher\":{\"@id\":\"https:\\\/\\\/patagoniambiental.com.ar\\\/info\\\/#organization\"},\"image\":{\"@id\":\"https:\\\/\\\/patagoniambiental.com.ar\\\/info\\\/moscu-sofocada-por-el-hedor-de-su-propia-basura\\\/#primaryimage\"},\"thumbnailUrl\":\"https:\\\/\\\/patagoniambiental.com.ar\\\/info\\\/wp-content\\\/uploads\\\/2018\\\/05\\\/moscu.jpg\",\"articleSection\":[\"Internacionales\",\"Noticias\"],\"inLanguage\":\"es\",\"potentialAction\":[{\"@type\":\"CommentAction\",\"name\":\"Comment\",\"target\":[\"https:\\\/\\\/patagoniambiental.com.ar\\\/info\\\/moscu-sofocada-por-el-hedor-de-su-propia-basura\\\/#respond\"]}]},{\"@type\":\"WebPage\",\"@id\":\"https:\\\/\\\/patagoniambiental.com.ar\\\/info\\\/moscu-sofocada-por-el-hedor-de-su-propia-basura\\\/\",\"url\":\"https:\\\/\\\/patagoniambiental.com.ar\\\/info\\\/moscu-sofocada-por-el-hedor-de-su-propia-basura\\\/\",\"name\":\"Mosc\u00fa sofocada por el hedor de su propia basura\",\"isPartOf\":{\"@id\":\"https:\\\/\\\/patagoniambiental.com.ar\\\/info\\\/#website\"},\"primaryImageOfPage\":{\"@id\":\"https:\\\/\\\/patagoniambiental.com.ar\\\/info\\\/moscu-sofocada-por-el-hedor-de-su-propia-basura\\\/#primaryimage\"},\"image\":{\"@id\":\"https:\\\/\\\/patagoniambiental.com.ar\\\/info\\\/moscu-sofocada-por-el-hedor-de-su-propia-basura\\\/#primaryimage\"},\"thumbnailUrl\":\"https:\\\/\\\/patagoniambiental.com.ar\\\/info\\\/wp-content\\\/uploads\\\/2018\\\/05\\\/moscu.jpg\",\"datePublished\":\"2018-05-16T12:00:07+00:00\",\"breadcrumb\":{\"@id\":\"https:\\\/\\\/patagoniambiental.com.ar\\\/info\\\/moscu-sofocada-por-el-hedor-de-su-propia-basura\\\/#breadcrumb\"},\"inLanguage\":\"es\",\"potentialAction\":[{\"@type\":\"ReadAction\",\"target\":[\"https:\\\/\\\/patagoniambiental.com.ar\\\/info\\\/moscu-sofocada-por-el-hedor-de-su-propia-basura\\\/\"]}]},{\"@type\":\"ImageObject\",\"inLanguage\":\"es\",\"@id\":\"https:\\\/\\\/patagoniambiental.com.ar\\\/info\\\/moscu-sofocada-por-el-hedor-de-su-propia-basura\\\/#primaryimage\",\"url\":\"https:\\\/\\\/patagoniambiental.com.ar\\\/info\\\/wp-content\\\/uploads\\\/2018\\\/05\\\/moscu.jpg\",\"contentUrl\":\"https:\\\/\\\/patagoniambiental.com.ar\\\/info\\\/wp-content\\\/uploads\\\/2018\\\/05\\\/moscu.jpg\",\"width\":1200,\"height\":675},{\"@type\":\"BreadcrumbList\",\"@id\":\"https:\\\/\\\/patagoniambiental.com.ar\\\/info\\\/moscu-sofocada-por-el-hedor-de-su-propia-basura\\\/#breadcrumb\",\"itemListElement\":[{\"@type\":\"ListItem\",\"position\":1,\"name\":\"Inicio\",\"item\":\"https:\\\/\\\/patagoniambiental.com.ar\\\/info\\\/\"},{\"@type\":\"ListItem\",\"position\":2,\"name\":\"Mosc\u00fa sofocada por el hedor de su propia basura\"}]},{\"@type\":\"WebSite\",\"@id\":\"https:\\\/\\\/patagoniambiental.com.ar\\\/info\\\/#website\",\"url\":\"https:\\\/\\\/patagoniambiental.com.ar\\\/info\\\/\",\"name\":\"Patagonia Ambiental\",\"description\":\"Monitoreo y an\u00e1lisis de la situaci\u00f3n geopol\u00edtica en el mundo y su implicancia en la Patagonia\",\"publisher\":{\"@id\":\"https:\\\/\\\/patagoniambiental.com.ar\\\/info\\\/#organization\"},\"potentialAction\":[{\"@type\":\"SearchAction\",\"target\":{\"@type\":\"EntryPoint\",\"urlTemplate\":\"https:\\\/\\\/patagoniambiental.com.ar\\\/info\\\/?s={search_term_string}\"},\"query-input\":{\"@type\":\"PropertyValueSpecification\",\"valueRequired\":true,\"valueName\":\"search_term_string\"}}],\"inLanguage\":\"es\"},{\"@type\":\"Organization\",\"@id\":\"https:\\\/\\\/patagoniambiental.com.ar\\\/info\\\/#organization\",\"name\":\"Patagonia Ambiental\",\"url\":\"https:\\\/\\\/patagoniambiental.com.ar\\\/info\\\/\",\"logo\":{\"@type\":\"ImageObject\",\"inLanguage\":\"es\",\"@id\":\"https:\\\/\\\/patagoniambiental.com.ar\\\/info\\\/#\\\/schema\\\/logo\\\/image\\\/\",\"url\":\"https:\\\/\\\/patagoniambiental.com.ar\\\/info\\\/wp-content\\\/uploads\\\/2025\\\/05\\\/LOGO-PATAGONIA-AMBIENTAL.png\",\"contentUrl\":\"https:\\\/\\\/patagoniambiental.com.ar\\\/info\\\/wp-content\\\/uploads\\\/2025\\\/05\\\/LOGO-PATAGONIA-AMBIENTAL.png\",\"width\":433,\"height\":250,\"caption\":\"Patagonia Ambiental\"},\"image\":{\"@id\":\"https:\\\/\\\/patagoniambiental.com.ar\\\/info\\\/#\\\/schema\\\/logo\\\/image\\\/\"},\"sameAs\":[\"https:\\\/\\\/www.facebook.com\\\/patagonia.ambiental\",\"https:\\\/\\\/x.com\\\/PatAmb\"]},{\"@type\":\"Person\",\"@id\":\"https:\\\/\\\/patagoniambiental.com.ar\\\/info\\\/#\\\/schema\\\/person\\\/db12bff64bbcbf6a253710bf0ea37b5d\",\"name\":\"Patagonia Ambiental\",\"description\":\"Andr\u00e9s Nievas T\u00e9cnico en manejo ambiental, consultor Ambiental y escritor para medios locales e internacionales sobre temas de geopolitica y medio ambiente.\",\"sameAs\":[\"http:\\\/\\\/www.patagoniambiental.com.ar\",\"https:\\\/\\\/www.facebook.com\\\/share\\\/1C1V8Gv9BX\\\/?mibextid=qi2Omg\",\"@patagoniambiental\",\"https:\\\/\\\/youtube.com\\\/@patagoniaambiental2023?si=BLt58t0wuXquxlYZ\"]}]}<\/script>\n<!-- \/ Yoast SEO Premium plugin. -->","yoast_head_json":{"title":"Mosc\u00fa sofocada por el hedor de su propia basura","robots":{"index":"index","follow":"follow","max-snippet":"max-snippet:-1","max-image-preview":"max-image-preview:large","max-video-preview":"max-video-preview:-1"},"canonical":"https:\/\/patagoniambiental.com.ar\/info\/moscu-sofocada-por-el-hedor-de-su-propia-basura\/","og_locale":"es_ES","og_type":"article","og_title":"Mosc\u00fa sofocada por el hedor de su propia basura","og_description":"El hedor y las emisiones t\u00f3xicas de la basura que se acumula en los vertederos exasperan a los habitantes de [&hellip;]","og_url":"https:\/\/patagoniambiental.com.ar\/info\/moscu-sofocada-por-el-hedor-de-su-propia-basura\/","og_site_name":"Patagonia Ambiental","article_publisher":"https:\/\/www.facebook.com\/patagonia.ambiental","article_author":"https:\/\/www.facebook.com\/share\/1C1V8Gv9BX\/?mibextid=qi2Omg","article_published_time":"2018-05-16T12:00:07+00:00","og_image":[{"width":1200,"height":675,"url":"https:\/\/patagoniambiental.com.ar\/info\/wp-content\/uploads\/2018\/05\/moscu.jpg","type":"image\/jpeg"}],"author":"Patagonia Ambiental","twitter_card":"summary_large_image","twitter_creator":"@PatAmb","twitter_site":"@PatAmb","schema":{"@context":"https:\/\/schema.org","@graph":[{"@type":"Article","@id":"https:\/\/patagoniambiental.com.ar\/info\/moscu-sofocada-por-el-hedor-de-su-propia-basura\/#article","isPartOf":{"@id":"https:\/\/patagoniambiental.com.ar\/info\/moscu-sofocada-por-el-hedor-de-su-propia-basura\/"},"author":{"name":"Patagonia Ambiental","@id":"https:\/\/patagoniambiental.com.ar\/info\/#\/schema\/person\/db12bff64bbcbf6a253710bf0ea37b5d"},"headline":"Mosc\u00fa sofocada por el hedor de su propia basura","datePublished":"2018-05-16T12:00:07+00:00","mainEntityOfPage":{"@id":"https:\/\/patagoniambiental.com.ar\/info\/moscu-sofocada-por-el-hedor-de-su-propia-basura\/"},"wordCount":774,"commentCount":0,"publisher":{"@id":"https:\/\/patagoniambiental.com.ar\/info\/#organization"},"image":{"@id":"https:\/\/patagoniambiental.com.ar\/info\/moscu-sofocada-por-el-hedor-de-su-propia-basura\/#primaryimage"},"thumbnailUrl":"https:\/\/patagoniambiental.com.ar\/info\/wp-content\/uploads\/2018\/05\/moscu.jpg","articleSection":["Internacionales","Noticias"],"inLanguage":"es","potentialAction":[{"@type":"CommentAction","name":"Comment","target":["https:\/\/patagoniambiental.com.ar\/info\/moscu-sofocada-por-el-hedor-de-su-propia-basura\/#respond"]}]},{"@type":"WebPage","@id":"https:\/\/patagoniambiental.com.ar\/info\/moscu-sofocada-por-el-hedor-de-su-propia-basura\/","url":"https:\/\/patagoniambiental.com.ar\/info\/moscu-sofocada-por-el-hedor-de-su-propia-basura\/","name":"Mosc\u00fa sofocada por el hedor de su propia basura","isPartOf":{"@id":"https:\/\/patagoniambiental.com.ar\/info\/#website"},"primaryImageOfPage":{"@id":"https:\/\/patagoniambiental.com.ar\/info\/moscu-sofocada-por-el-hedor-de-su-propia-basura\/#primaryimage"},"image":{"@id":"https:\/\/patagoniambiental.com.ar\/info\/moscu-sofocada-por-el-hedor-de-su-propia-basura\/#primaryimage"},"thumbnailUrl":"https:\/\/patagoniambiental.com.ar\/info\/wp-content\/uploads\/2018\/05\/moscu.jpg","datePublished":"2018-05-16T12:00:07+00:00","breadcrumb":{"@id":"https:\/\/patagoniambiental.com.ar\/info\/moscu-sofocada-por-el-hedor-de-su-propia-basura\/#breadcrumb"},"inLanguage":"es","potentialAction":[{"@type":"ReadAction","target":["https:\/\/patagoniambiental.com.ar\/info\/moscu-sofocada-por-el-hedor-de-su-propia-basura\/"]}]},{"@type":"ImageObject","inLanguage":"es","@id":"https:\/\/patagoniambiental.com.ar\/info\/moscu-sofocada-por-el-hedor-de-su-propia-basura\/#primaryimage","url":"https:\/\/patagoniambiental.com.ar\/info\/wp-content\/uploads\/2018\/05\/moscu.jpg","contentUrl":"https:\/\/patagoniambiental.com.ar\/info\/wp-content\/uploads\/2018\/05\/moscu.jpg","width":1200,"height":675},{"@type":"BreadcrumbList","@id":"https:\/\/patagoniambiental.com.ar\/info\/moscu-sofocada-por-el-hedor-de-su-propia-basura\/#breadcrumb","itemListElement":[{"@type":"ListItem","position":1,"name":"Inicio","item":"https:\/\/patagoniambiental.com.ar\/info\/"},{"@type":"ListItem","position":2,"name":"Mosc\u00fa sofocada por el hedor de su propia basura"}]},{"@type":"WebSite","@id":"https:\/\/patagoniambiental.com.ar\/info\/#website","url":"https:\/\/patagoniambiental.com.ar\/info\/","name":"Patagonia Ambiental","description":"Monitoreo y an\u00e1lisis de la situaci\u00f3n geopol\u00edtica en el mundo y su implicancia en la Patagonia","publisher":{"@id":"https:\/\/patagoniambiental.com.ar\/info\/#organization"},"potentialAction":[{"@type":"SearchAction","target":{"@type":"EntryPoint","urlTemplate":"https:\/\/patagoniambiental.com.ar\/info\/?s={search_term_string}"},"query-input":{"@type":"PropertyValueSpecification","valueRequired":true,"valueName":"search_term_string"}}],"inLanguage":"es"},{"@type":"Organization","@id":"https:\/\/patagoniambiental.com.ar\/info\/#organization","name":"Patagonia Ambiental","url":"https:\/\/patagoniambiental.com.ar\/info\/","logo":{"@type":"ImageObject","inLanguage":"es","@id":"https:\/\/patagoniambiental.com.ar\/info\/#\/schema\/logo\/image\/","url":"https:\/\/patagoniambiental.com.ar\/info\/wp-content\/uploads\/2025\/05\/LOGO-PATAGONIA-AMBIENTAL.png","contentUrl":"https:\/\/patagoniambiental.com.ar\/info\/wp-content\/uploads\/2025\/05\/LOGO-PATAGONIA-AMBIENTAL.png","width":433,"height":250,"caption":"Patagonia Ambiental"},"image":{"@id":"https:\/\/patagoniambiental.com.ar\/info\/#\/schema\/logo\/image\/"},"sameAs":["https:\/\/www.facebook.com\/patagonia.ambiental","https:\/\/x.com\/PatAmb"]},{"@type":"Person","@id":"https:\/\/patagoniambiental.com.ar\/info\/#\/schema\/person\/db12bff64bbcbf6a253710bf0ea37b5d","name":"Patagonia Ambiental","description":"Andr\u00e9s Nievas T\u00e9cnico en manejo ambiental, consultor Ambiental y escritor para medios locales e internacionales sobre temas de geopolitica y medio ambiente.","sameAs":["http:\/\/www.patagoniambiental.com.ar","https:\/\/www.facebook.com\/share\/1C1V8Gv9BX\/?mibextid=qi2Omg","@patagoniambiental","https:\/\/youtube.com\/@patagoniaambiental2023?si=BLt58t0wuXquxlYZ"]}]}},"_links":{"self":[{"href":"https:\/\/patagoniambiental.com.ar\/info\/wp-json\/wp\/v2\/posts\/46453","targetHints":{"allow":["GET"]}}],"collection":[{"href":"https:\/\/patagoniambiental.com.ar\/info\/wp-json\/wp\/v2\/posts"}],"about":[{"href":"https:\/\/patagoniambiental.com.ar\/info\/wp-json\/wp\/v2\/types\/post"}],"author":[{"embeddable":true,"href":"https:\/\/patagoniambiental.com.ar\/info\/wp-json\/wp\/v2\/users\/2"}],"replies":[{"embeddable":true,"href":"https:\/\/patagoniambiental.com.ar\/info\/wp-json\/wp\/v2\/comments?post=46453"}],"version-history":[{"count":0,"href":"https:\/\/patagoniambiental.com.ar\/info\/wp-json\/wp\/v2\/posts\/46453\/revisions"}],"wp:featuredmedia":[{"embeddable":true,"href":"https:\/\/patagoniambiental.com.ar\/info\/wp-json\/wp\/v2\/media\/46454"}],"wp:attachment":[{"href":"https:\/\/patagoniambiental.com.ar\/info\/wp-json\/wp\/v2\/media?parent=46453"}],"wp:term":[{"taxonomy":"category","embeddable":true,"href":"https:\/\/patagoniambiental.com.ar\/info\/wp-json\/wp\/v2\/categories?post=46453"},{"taxonomy":"post_tag","embeddable":true,"href":"https:\/\/patagoniambiental.com.ar\/info\/wp-json\/wp\/v2\/tags?post=46453"}],"curies":[{"name":"wp","href":"https:\/\/api.w.org\/{rel}","templated":true}]}}