{"id":46633,"date":"2018-05-18T19:00:55","date_gmt":"2018-05-18T22:00:55","guid":{"rendered":"http:\/\/patagoniambiental.com.ar\/info\/?p=46633"},"modified":"2018-05-17T13:38:06","modified_gmt":"2018-05-17T16:38:06","slug":"chile-participara-en-iniciativa-para-estudiar-clima-en-la-antartida","status":"publish","type":"post","link":"https:\/\/patagoniambiental.com.ar\/info\/chile-participara-en-iniciativa-para-estudiar-clima-en-la-antartida\/","title":{"rendered":"CHILE PARTICIPAR\u00c1 EN INICIATIVA PARA ESTUDIAR CLIMA EN LA ANT\u00c1RTIDA"},"content":{"rendered":"<div class=\"td-pb-row\">\n<div class=\"td-pb-span12\">\n<div class=\"td-post-header\">\n<header class=\"td-post-title\">\n<div class=\"td-module-meta-info\">\n<div class=\"td-post-views\">\u00a0Ant\u00e1rtida.-Un grupo de cient\u00edficos chilenos participar\u00e1 en la iniciativa mundial \u201cYear of Polar Prediction\u201d (YOPP-A\u00f1o de la Predicci\u00f3n Polar), la cual busca estudiar en detalle el clima en\u00a0<a href=\"http:\/\/elgaraje.mx\/?s=Ant%C3%A1rtida\" target=\"_blank\" rel=\"noopener\">Ant\u00e1rtida<\/a>, informaron\u00a0 fuentes acad\u00e9micas.<\/div>\n<\/div>\n<\/header>\n<\/div>\n<\/div>\n<\/div>\n<div class=\"td-pb-row\">\n<div class=\"td-pb-span8 td-main-content\" role=\"main\">\n<div class=\"td-ss-main-content\">\n<div class=\"td-post-content\">\n<div class=\"td-post-featured-image\">\n<p><!--more--><\/p>\n<figure><a class=\"td-modal-image\" href=\"https:\/\/i2.wp.com\/elgaraje.mx\/wp-content\/uploads\/2018\/05\/Ant%C3%A1rtida.jpg?fit=600%2C338\" data-caption=\"Foto: Internet \"><img fetchpriority=\"high\" decoding=\"async\" class=\"entry-thumb td-animation-stack-type0-1\" title=\"Ant\u00e1rtida\" src=\"https:\/\/i2.wp.com\/elgaraje.mx\/wp-content\/uploads\/2018\/05\/Ant%C3%A1rtida.jpg?resize=600%2C338\" sizes=\"(max-width: 600px) 100vw, 600px\" srcset=\"https:\/\/i2.wp.com\/elgaraje.mx\/wp-content\/uploads\/2018\/05\/Ant\u00e1rtida.jpg?w=600 600w, https:\/\/i2.wp.com\/elgaraje.mx\/wp-content\/uploads\/2018\/05\/Ant\u00e1rtida.jpg?resize=300%2C169 300w\" alt=\"\" width=\"600\" height=\"338\" \/><\/a><figcaption class=\"wp-caption-text\">Foto: Internet<\/figcaption><\/figure>\n<\/div>\n<p>&nbsp;<\/p>\n<p>El investigador de la Universidad de Santiago de Chile, Ra\u00fal Cordero, se\u00f1al\u00f3 en rueda de prensa que a partir de noviembre pr\u00f3ximo \u201cse realizar\u00e1n mediciones meteorol\u00f3gicas y climatol\u00f3gicas en la pen\u00ednsula ant\u00e1rtica (como se denomina en este pa\u00eds a la Ant\u00e1rtida), por parte de Chile, para caracterizar de mejor forma la nubosidad\u201d.<\/p>\n<p>\u201cNos interesa medir el espesor \u00f3ptico de las nubes y la fracci\u00f3n de hielo en la nubosidad. Esas son propiedades necesarias para calibrar modelos meteorol\u00f3gicos y mediciones satelitales y, en \u00faltimo t\u00e9rmino, mejorar las proyecciones meteorol\u00f3gicas\u201d, detall\u00f3 en una actividad organizada por Imagen de Chile.<\/p>\n<p>A\u00f1adi\u00f3 que \u201cse trata de una gran oportunidad para colaborar en una mejor caracterizaci\u00f3n de las nubes. El cambio clim\u00e1tico en la Ant\u00e1rtica y en el hemisferio sur est\u00e1 marcado por cambios en los patrones de nubosidad y, en \u00faltimo t\u00e9rmino, por cambios en los patrones de precipitaci\u00f3n\u201d.<\/p>\n<p>Los expertos chilenos lanzar\u00e1n globos meteorol\u00f3gicos y radio-sondas en la Ant\u00e1rtida para medir varios par\u00e1metros, como la humedad a diferentes altitudes, entre noviembre de este a\u00f1o y marzo de 2019.<\/p>\n<p>Cordero explic\u00f3 que \u201cesperamos que nuestra campa\u00f1a de medici\u00f3n, en colaboraci\u00f3n con otras entidades naciones e internacionales, permita entender de mejor forma la nubosidad actual y mejorar las proyecciones de los cambios en la nubosidad que se esperan\u201d.<\/p>\n<p>Asever\u00f3 que el calentamiento global y el agujero de la capa de ozono \u201chan provocado cambios significativos en la atm\u00f3sfera ant\u00e1rtica, los que a su vez han inducido cambios en los patrones de viento y anomal\u00edas en la nubosidad y precipitaciones en las \u00faltimas d\u00e9cadas en todo el hemisferio sur\u201d.<\/p>\n<p>Coment\u00f3 que \u201clos frentes donde se libra la batalla para entender mejor el cambio clim\u00e1tico son los polos, entonces el \u00c1rtico y la Ant\u00e1rtida son los lugares que determinan las anomal\u00edas clim\u00e1ticas que se esperan para las pr\u00f3ximas d\u00e9cadas en el mundo\u201d.<\/p>\n<p>Advirti\u00f3 que, producto del calentamiento global, la Ant\u00e1rtida est\u00e1 perdiendo una gran cantidad de hielo debido al ingreso de aguas c\u00e1lidas provenientes del norte, las que est\u00e1n socavando las g\u00e9lidas plataformas.<\/p>\n<p>\u201cSe estima que la Ant\u00e1rtica est\u00e1 perdiendo del orden de 125 mil millones de metros c\u00fabicos de hielo por a\u00f1o, lo que contribuye al alza del nivel del mar en todo el mundo. Esa cifra equivale a arrojar al oc\u00e9ano el contenido de 500 mil camiones aljibes, de 30 metros c\u00fabicos cada uno, cada una hora\u201d, puntualiz\u00f3 el experto.<\/p>\n<p>La iniciativa YOPP est\u00e1 auspiciada por la Organizaci\u00f3n Meteorol\u00f3gica Mundial (WMO, por sus siglas en ingl\u00e9s) y en Chile participan la Universidad de Santiago, la Direcci\u00f3n Meteorol\u00f3gica y el Instituto Ant\u00e1rtico.<\/p>\n<p>Las mediciones chilenas se realizar\u00e1n en una plataforma cient\u00edfica de la Universidad de Santiago, anexa a la base Escudero del Instituto Ant\u00e1rtico Chileno, ubicada en la isla Rey Jorge, en la Pen\u00ednsula Ant\u00e1rtica.<\/p>\n<p>Fuente: Notimex<\/p>\n<\/div>\n<\/div>\n<\/div>\n<\/div>\n<p>&nbsp;<\/p>\n","protected":false},"excerpt":{"rendered":"<p>\u00a0Ant\u00e1rtida.-Un grupo de cient\u00edficos chilenos participar\u00e1 en la iniciativa mundial \u201cYear of Polar Prediction\u201d (YOPP-A\u00f1o de la Predicci\u00f3n Polar), la [&hellip;]<\/p>\n","protected":false},"author":2,"featured_media":46634,"comment_status":"open","ping_status":"open","sticky":false,"template":"","format":"standard","meta":{"site-sidebar-layout":"default","site-content-layout":"","ast-site-content-layout":"default","site-content-style":"default","site-sidebar-style":"default","ast-global-header-display":"","ast-banner-title-visibility":"","ast-main-header-display":"","ast-hfb-above-header-display":"","ast-hfb-below-header-display":"","ast-hfb-mobile-header-display":"","site-post-title":"","ast-breadcrumbs-content":"","ast-featured-img":"","footer-sml-layout":"","ast-disable-related-posts":"","theme-transparent-header-meta":"","adv-header-id-meta":"","stick-header-meta":"","header-above-stick-meta":"","header-main-stick-meta":"","header-below-stick-meta":"","astra-migrate-meta-layouts":"default","ast-page-background-enabled":"default","ast-page-background-meta":{"desktop":{"background-color":"var(--ast-global-color-5)","background-image":"","background-repeat":"repeat","background-position":"center center","background-size":"auto","background-attachment":"scroll","background-type":"","background-media":"","overlay-type":"","overlay-color":"","overlay-opacity":"","overlay-gradient":""},"tablet":{"background-color":"","background-image":"","background-repeat":"repeat","background-position":"center center","background-size":"auto","background-attachment":"scroll","background-type":"","background-media":"","overlay-type":"","overlay-color":"","overlay-opacity":"","overlay-gradient":""},"mobile":{"background-color":"","background-image":"","background-repeat":"repeat","background-position":"center center","background-size":"auto","background-attachment":"scroll","background-type":"","background-media":"","overlay-type":"","overlay-color":"","overlay-opacity":"","overlay-gradient":""}},"ast-content-background-meta":{"desktop":{"background-color":"var(--ast-global-color-4)","background-image":"","background-repeat":"repeat","background-position":"center center","background-size":"auto","background-attachment":"scroll","background-type":"","background-media":"","overlay-type":"","overlay-color":"","overlay-opacity":"","overlay-gradient":""},"tablet":{"background-color":"var(--ast-global-color-4)","background-image":"","background-repeat":"repeat","background-position":"center center","background-size":"auto","background-attachment":"scroll","background-type":"","background-media":"","overlay-type":"","overlay-color":"","overlay-opacity":"","overlay-gradient":""},"mobile":{"background-color":"var(--ast-global-color-4)","background-image":"","background-repeat":"repeat","background-position":"center center","background-size":"auto","background-attachment":"scroll","background-type":"","background-media":"","overlay-type":"","overlay-color":"","overlay-opacity":"","overlay-gradient":""}},"footnotes":""},"categories":[23,1],"tags":[],"class_list":["post-46633","post","type-post","status-publish","format-standard","has-post-thumbnail","hentry","category-internacionales","category-noticias"],"yoast_head":"<!-- This site is optimized with the Yoast SEO Premium plugin v23.0 (Yoast SEO v27.4) - https:\/\/yoast.com\/product\/yoast-seo-premium-wordpress\/ -->\n<title>CHILE PARTICIPAR\u00c1 EN INICIATIVA PARA ESTUDIAR CLIMA EN LA ANT\u00c1RTIDA<\/title>\n<meta name=\"robots\" content=\"index, follow, max-snippet:-1, max-image-preview:large, max-video-preview:-1\" \/>\n<link rel=\"canonical\" href=\"https:\/\/patagoniambiental.com.ar\/info\/chile-participara-en-iniciativa-para-estudiar-clima-en-la-antartida\/\" \/>\n<meta property=\"og:locale\" content=\"es_ES\" \/>\n<meta property=\"og:type\" content=\"article\" \/>\n<meta property=\"og:title\" content=\"CHILE PARTICIPAR\u00c1 EN INICIATIVA PARA ESTUDIAR CLIMA EN LA ANT\u00c1RTIDA\" \/>\n<meta property=\"og:description\" content=\"\u00a0Ant\u00e1rtida.-Un grupo de cient\u00edficos chilenos participar\u00e1 en la iniciativa mundial \u201cYear of Polar Prediction\u201d (YOPP-A\u00f1o de la Predicci\u00f3n Polar), la [&hellip;]\" \/>\n<meta property=\"og:url\" content=\"https:\/\/patagoniambiental.com.ar\/info\/chile-participara-en-iniciativa-para-estudiar-clima-en-la-antartida\/\" \/>\n<meta property=\"og:site_name\" content=\"Patagonia Ambiental\" \/>\n<meta property=\"article:publisher\" content=\"https:\/\/www.facebook.com\/patagonia.ambiental\" \/>\n<meta property=\"article:author\" content=\"https:\/\/www.facebook.com\/share\/1C1V8Gv9BX\/?mibextid=qi2Omg\" \/>\n<meta property=\"article:published_time\" content=\"2018-05-18T22:00:55+00:00\" \/>\n<meta property=\"og:image\" content=\"https:\/\/patagoniambiental.com.ar\/info\/wp-content\/uploads\/2018\/05\/Ant\u00e1rtida.jpg\" \/>\n\t<meta property=\"og:image:width\" content=\"600\" \/>\n\t<meta property=\"og:image:height\" content=\"338\" \/>\n\t<meta property=\"og:image:type\" content=\"image\/jpeg\" \/>\n<meta name=\"author\" content=\"Patagonia Ambiental\" \/>\n<meta name=\"twitter:card\" content=\"summary_large_image\" \/>\n<meta name=\"twitter:creator\" content=\"@PatAmb\" \/>\n<meta name=\"twitter:site\" content=\"@PatAmb\" \/>\n<script type=\"application\/ld+json\" class=\"yoast-schema-graph\">{\"@context\":\"https:\\\/\\\/schema.org\",\"@graph\":[{\"@type\":\"Article\",\"@id\":\"https:\\\/\\\/patagoniambiental.com.ar\\\/info\\\/chile-participara-en-iniciativa-para-estudiar-clima-en-la-antartida\\\/#article\",\"isPartOf\":{\"@id\":\"https:\\\/\\\/patagoniambiental.com.ar\\\/info\\\/chile-participara-en-iniciativa-para-estudiar-clima-en-la-antartida\\\/\"},\"author\":{\"name\":\"Patagonia Ambiental\",\"@id\":\"https:\\\/\\\/patagoniambiental.com.ar\\\/info\\\/#\\\/schema\\\/person\\\/db12bff64bbcbf6a253710bf0ea37b5d\"},\"headline\":\"CHILE PARTICIPAR\u00c1 EN INICIATIVA PARA ESTUDIAR CLIMA EN LA ANT\u00c1RTIDA\",\"datePublished\":\"2018-05-18T22:00:55+00:00\",\"mainEntityOfPage\":{\"@id\":\"https:\\\/\\\/patagoniambiental.com.ar\\\/info\\\/chile-participara-en-iniciativa-para-estudiar-clima-en-la-antartida\\\/\"},\"wordCount\":569,\"commentCount\":0,\"publisher\":{\"@id\":\"https:\\\/\\\/patagoniambiental.com.ar\\\/info\\\/#organization\"},\"image\":{\"@id\":\"https:\\\/\\\/patagoniambiental.com.ar\\\/info\\\/chile-participara-en-iniciativa-para-estudiar-clima-en-la-antartida\\\/#primaryimage\"},\"thumbnailUrl\":\"https:\\\/\\\/patagoniambiental.com.ar\\\/info\\\/wp-content\\\/uploads\\\/2018\\\/05\\\/Ant\u00e1rtida.jpg\",\"articleSection\":[\"Internacionales\",\"Noticias\"],\"inLanguage\":\"es\",\"potentialAction\":[{\"@type\":\"CommentAction\",\"name\":\"Comment\",\"target\":[\"https:\\\/\\\/patagoniambiental.com.ar\\\/info\\\/chile-participara-en-iniciativa-para-estudiar-clima-en-la-antartida\\\/#respond\"]}]},{\"@type\":\"WebPage\",\"@id\":\"https:\\\/\\\/patagoniambiental.com.ar\\\/info\\\/chile-participara-en-iniciativa-para-estudiar-clima-en-la-antartida\\\/\",\"url\":\"https:\\\/\\\/patagoniambiental.com.ar\\\/info\\\/chile-participara-en-iniciativa-para-estudiar-clima-en-la-antartida\\\/\",\"name\":\"CHILE PARTICIPAR\u00c1 EN INICIATIVA PARA ESTUDIAR CLIMA EN LA ANT\u00c1RTIDA\",\"isPartOf\":{\"@id\":\"https:\\\/\\\/patagoniambiental.com.ar\\\/info\\\/#website\"},\"primaryImageOfPage\":{\"@id\":\"https:\\\/\\\/patagoniambiental.com.ar\\\/info\\\/chile-participara-en-iniciativa-para-estudiar-clima-en-la-antartida\\\/#primaryimage\"},\"image\":{\"@id\":\"https:\\\/\\\/patagoniambiental.com.ar\\\/info\\\/chile-participara-en-iniciativa-para-estudiar-clima-en-la-antartida\\\/#primaryimage\"},\"thumbnailUrl\":\"https:\\\/\\\/patagoniambiental.com.ar\\\/info\\\/wp-content\\\/uploads\\\/2018\\\/05\\\/Ant\u00e1rtida.jpg\",\"datePublished\":\"2018-05-18T22:00:55+00:00\",\"breadcrumb\":{\"@id\":\"https:\\\/\\\/patagoniambiental.com.ar\\\/info\\\/chile-participara-en-iniciativa-para-estudiar-clima-en-la-antartida\\\/#breadcrumb\"},\"inLanguage\":\"es\",\"potentialAction\":[{\"@type\":\"ReadAction\",\"target\":[\"https:\\\/\\\/patagoniambiental.com.ar\\\/info\\\/chile-participara-en-iniciativa-para-estudiar-clima-en-la-antartida\\\/\"]}]},{\"@type\":\"ImageObject\",\"inLanguage\":\"es\",\"@id\":\"https:\\\/\\\/patagoniambiental.com.ar\\\/info\\\/chile-participara-en-iniciativa-para-estudiar-clima-en-la-antartida\\\/#primaryimage\",\"url\":\"https:\\\/\\\/patagoniambiental.com.ar\\\/info\\\/wp-content\\\/uploads\\\/2018\\\/05\\\/Ant\u00e1rtida.jpg\",\"contentUrl\":\"https:\\\/\\\/patagoniambiental.com.ar\\\/info\\\/wp-content\\\/uploads\\\/2018\\\/05\\\/Ant\u00e1rtida.jpg\",\"width\":600,\"height\":338},{\"@type\":\"BreadcrumbList\",\"@id\":\"https:\\\/\\\/patagoniambiental.com.ar\\\/info\\\/chile-participara-en-iniciativa-para-estudiar-clima-en-la-antartida\\\/#breadcrumb\",\"itemListElement\":[{\"@type\":\"ListItem\",\"position\":1,\"name\":\"Inicio\",\"item\":\"https:\\\/\\\/patagoniambiental.com.ar\\\/info\\\/\"},{\"@type\":\"ListItem\",\"position\":2,\"name\":\"CHILE PARTICIPAR\u00c1 EN INICIATIVA PARA ESTUDIAR CLIMA EN LA ANT\u00c1RTIDA\"}]},{\"@type\":\"WebSite\",\"@id\":\"https:\\\/\\\/patagoniambiental.com.ar\\\/info\\\/#website\",\"url\":\"https:\\\/\\\/patagoniambiental.com.ar\\\/info\\\/\",\"name\":\"Patagonia Ambiental\",\"description\":\"Monitoreo y an\u00e1lisis de la situaci\u00f3n geopol\u00edtica en el mundo y su implicancia en la Patagonia\",\"publisher\":{\"@id\":\"https:\\\/\\\/patagoniambiental.com.ar\\\/info\\\/#organization\"},\"potentialAction\":[{\"@type\":\"SearchAction\",\"target\":{\"@type\":\"EntryPoint\",\"urlTemplate\":\"https:\\\/\\\/patagoniambiental.com.ar\\\/info\\\/?s={search_term_string}\"},\"query-input\":{\"@type\":\"PropertyValueSpecification\",\"valueRequired\":true,\"valueName\":\"search_term_string\"}}],\"inLanguage\":\"es\"},{\"@type\":\"Organization\",\"@id\":\"https:\\\/\\\/patagoniambiental.com.ar\\\/info\\\/#organization\",\"name\":\"Patagonia Ambiental\",\"url\":\"https:\\\/\\\/patagoniambiental.com.ar\\\/info\\\/\",\"logo\":{\"@type\":\"ImageObject\",\"inLanguage\":\"es\",\"@id\":\"https:\\\/\\\/patagoniambiental.com.ar\\\/info\\\/#\\\/schema\\\/logo\\\/image\\\/\",\"url\":\"https:\\\/\\\/patagoniambiental.com.ar\\\/info\\\/wp-content\\\/uploads\\\/2025\\\/05\\\/LOGO-PATAGONIA-AMBIENTAL.png\",\"contentUrl\":\"https:\\\/\\\/patagoniambiental.com.ar\\\/info\\\/wp-content\\\/uploads\\\/2025\\\/05\\\/LOGO-PATAGONIA-AMBIENTAL.png\",\"width\":433,\"height\":250,\"caption\":\"Patagonia Ambiental\"},\"image\":{\"@id\":\"https:\\\/\\\/patagoniambiental.com.ar\\\/info\\\/#\\\/schema\\\/logo\\\/image\\\/\"},\"sameAs\":[\"https:\\\/\\\/www.facebook.com\\\/patagonia.ambiental\",\"https:\\\/\\\/x.com\\\/PatAmb\"]},{\"@type\":\"Person\",\"@id\":\"https:\\\/\\\/patagoniambiental.com.ar\\\/info\\\/#\\\/schema\\\/person\\\/db12bff64bbcbf6a253710bf0ea37b5d\",\"name\":\"Patagonia Ambiental\",\"description\":\"Andr\u00e9s Nievas T\u00e9cnico en manejo ambiental, consultor Ambiental y escritor para medios locales e internacionales sobre temas de geopolitica y medio ambiente.\",\"sameAs\":[\"http:\\\/\\\/www.patagoniambiental.com.ar\",\"https:\\\/\\\/www.facebook.com\\\/share\\\/1C1V8Gv9BX\\\/?mibextid=qi2Omg\",\"@patagoniambiental\",\"https:\\\/\\\/youtube.com\\\/@patagoniaambiental2023?si=BLt58t0wuXquxlYZ\"]}]}<\/script>\n<!-- \/ Yoast SEO Premium plugin. -->","yoast_head_json":{"title":"CHILE PARTICIPAR\u00c1 EN INICIATIVA PARA ESTUDIAR CLIMA EN LA ANT\u00c1RTIDA","robots":{"index":"index","follow":"follow","max-snippet":"max-snippet:-1","max-image-preview":"max-image-preview:large","max-video-preview":"max-video-preview:-1"},"canonical":"https:\/\/patagoniambiental.com.ar\/info\/chile-participara-en-iniciativa-para-estudiar-clima-en-la-antartida\/","og_locale":"es_ES","og_type":"article","og_title":"CHILE PARTICIPAR\u00c1 EN INICIATIVA PARA ESTUDIAR CLIMA EN LA ANT\u00c1RTIDA","og_description":"\u00a0Ant\u00e1rtida.-Un grupo de cient\u00edficos chilenos participar\u00e1 en la iniciativa mundial \u201cYear of Polar Prediction\u201d (YOPP-A\u00f1o de la Predicci\u00f3n Polar), la [&hellip;]","og_url":"https:\/\/patagoniambiental.com.ar\/info\/chile-participara-en-iniciativa-para-estudiar-clima-en-la-antartida\/","og_site_name":"Patagonia Ambiental","article_publisher":"https:\/\/www.facebook.com\/patagonia.ambiental","article_author":"https:\/\/www.facebook.com\/share\/1C1V8Gv9BX\/?mibextid=qi2Omg","article_published_time":"2018-05-18T22:00:55+00:00","og_image":[{"width":600,"height":338,"url":"https:\/\/patagoniambiental.com.ar\/info\/wp-content\/uploads\/2018\/05\/Ant\u00e1rtida.jpg","type":"image\/jpeg"}],"author":"Patagonia Ambiental","twitter_card":"summary_large_image","twitter_creator":"@PatAmb","twitter_site":"@PatAmb","schema":{"@context":"https:\/\/schema.org","@graph":[{"@type":"Article","@id":"https:\/\/patagoniambiental.com.ar\/info\/chile-participara-en-iniciativa-para-estudiar-clima-en-la-antartida\/#article","isPartOf":{"@id":"https:\/\/patagoniambiental.com.ar\/info\/chile-participara-en-iniciativa-para-estudiar-clima-en-la-antartida\/"},"author":{"name":"Patagonia Ambiental","@id":"https:\/\/patagoniambiental.com.ar\/info\/#\/schema\/person\/db12bff64bbcbf6a253710bf0ea37b5d"},"headline":"CHILE PARTICIPAR\u00c1 EN INICIATIVA PARA ESTUDIAR CLIMA EN LA ANT\u00c1RTIDA","datePublished":"2018-05-18T22:00:55+00:00","mainEntityOfPage":{"@id":"https:\/\/patagoniambiental.com.ar\/info\/chile-participara-en-iniciativa-para-estudiar-clima-en-la-antartida\/"},"wordCount":569,"commentCount":0,"publisher":{"@id":"https:\/\/patagoniambiental.com.ar\/info\/#organization"},"image":{"@id":"https:\/\/patagoniambiental.com.ar\/info\/chile-participara-en-iniciativa-para-estudiar-clima-en-la-antartida\/#primaryimage"},"thumbnailUrl":"https:\/\/patagoniambiental.com.ar\/info\/wp-content\/uploads\/2018\/05\/Ant\u00e1rtida.jpg","articleSection":["Internacionales","Noticias"],"inLanguage":"es","potentialAction":[{"@type":"CommentAction","name":"Comment","target":["https:\/\/patagoniambiental.com.ar\/info\/chile-participara-en-iniciativa-para-estudiar-clima-en-la-antartida\/#respond"]}]},{"@type":"WebPage","@id":"https:\/\/patagoniambiental.com.ar\/info\/chile-participara-en-iniciativa-para-estudiar-clima-en-la-antartida\/","url":"https:\/\/patagoniambiental.com.ar\/info\/chile-participara-en-iniciativa-para-estudiar-clima-en-la-antartida\/","name":"CHILE PARTICIPAR\u00c1 EN INICIATIVA PARA ESTUDIAR CLIMA EN LA ANT\u00c1RTIDA","isPartOf":{"@id":"https:\/\/patagoniambiental.com.ar\/info\/#website"},"primaryImageOfPage":{"@id":"https:\/\/patagoniambiental.com.ar\/info\/chile-participara-en-iniciativa-para-estudiar-clima-en-la-antartida\/#primaryimage"},"image":{"@id":"https:\/\/patagoniambiental.com.ar\/info\/chile-participara-en-iniciativa-para-estudiar-clima-en-la-antartida\/#primaryimage"},"thumbnailUrl":"https:\/\/patagoniambiental.com.ar\/info\/wp-content\/uploads\/2018\/05\/Ant\u00e1rtida.jpg","datePublished":"2018-05-18T22:00:55+00:00","breadcrumb":{"@id":"https:\/\/patagoniambiental.com.ar\/info\/chile-participara-en-iniciativa-para-estudiar-clima-en-la-antartida\/#breadcrumb"},"inLanguage":"es","potentialAction":[{"@type":"ReadAction","target":["https:\/\/patagoniambiental.com.ar\/info\/chile-participara-en-iniciativa-para-estudiar-clima-en-la-antartida\/"]}]},{"@type":"ImageObject","inLanguage":"es","@id":"https:\/\/patagoniambiental.com.ar\/info\/chile-participara-en-iniciativa-para-estudiar-clima-en-la-antartida\/#primaryimage","url":"https:\/\/patagoniambiental.com.ar\/info\/wp-content\/uploads\/2018\/05\/Ant\u00e1rtida.jpg","contentUrl":"https:\/\/patagoniambiental.com.ar\/info\/wp-content\/uploads\/2018\/05\/Ant\u00e1rtida.jpg","width":600,"height":338},{"@type":"BreadcrumbList","@id":"https:\/\/patagoniambiental.com.ar\/info\/chile-participara-en-iniciativa-para-estudiar-clima-en-la-antartida\/#breadcrumb","itemListElement":[{"@type":"ListItem","position":1,"name":"Inicio","item":"https:\/\/patagoniambiental.com.ar\/info\/"},{"@type":"ListItem","position":2,"name":"CHILE PARTICIPAR\u00c1 EN INICIATIVA PARA ESTUDIAR CLIMA EN LA ANT\u00c1RTIDA"}]},{"@type":"WebSite","@id":"https:\/\/patagoniambiental.com.ar\/info\/#website","url":"https:\/\/patagoniambiental.com.ar\/info\/","name":"Patagonia Ambiental","description":"Monitoreo y an\u00e1lisis de la situaci\u00f3n geopol\u00edtica en el mundo y su implicancia en la Patagonia","publisher":{"@id":"https:\/\/patagoniambiental.com.ar\/info\/#organization"},"potentialAction":[{"@type":"SearchAction","target":{"@type":"EntryPoint","urlTemplate":"https:\/\/patagoniambiental.com.ar\/info\/?s={search_term_string}"},"query-input":{"@type":"PropertyValueSpecification","valueRequired":true,"valueName":"search_term_string"}}],"inLanguage":"es"},{"@type":"Organization","@id":"https:\/\/patagoniambiental.com.ar\/info\/#organization","name":"Patagonia Ambiental","url":"https:\/\/patagoniambiental.com.ar\/info\/","logo":{"@type":"ImageObject","inLanguage":"es","@id":"https:\/\/patagoniambiental.com.ar\/info\/#\/schema\/logo\/image\/","url":"https:\/\/patagoniambiental.com.ar\/info\/wp-content\/uploads\/2025\/05\/LOGO-PATAGONIA-AMBIENTAL.png","contentUrl":"https:\/\/patagoniambiental.com.ar\/info\/wp-content\/uploads\/2025\/05\/LOGO-PATAGONIA-AMBIENTAL.png","width":433,"height":250,"caption":"Patagonia Ambiental"},"image":{"@id":"https:\/\/patagoniambiental.com.ar\/info\/#\/schema\/logo\/image\/"},"sameAs":["https:\/\/www.facebook.com\/patagonia.ambiental","https:\/\/x.com\/PatAmb"]},{"@type":"Person","@id":"https:\/\/patagoniambiental.com.ar\/info\/#\/schema\/person\/db12bff64bbcbf6a253710bf0ea37b5d","name":"Patagonia Ambiental","description":"Andr\u00e9s Nievas T\u00e9cnico en manejo ambiental, consultor Ambiental y escritor para medios locales e internacionales sobre temas de geopolitica y medio ambiente.","sameAs":["http:\/\/www.patagoniambiental.com.ar","https:\/\/www.facebook.com\/share\/1C1V8Gv9BX\/?mibextid=qi2Omg","@patagoniambiental","https:\/\/youtube.com\/@patagoniaambiental2023?si=BLt58t0wuXquxlYZ"]}]}},"_links":{"self":[{"href":"https:\/\/patagoniambiental.com.ar\/info\/wp-json\/wp\/v2\/posts\/46633","targetHints":{"allow":["GET"]}}],"collection":[{"href":"https:\/\/patagoniambiental.com.ar\/info\/wp-json\/wp\/v2\/posts"}],"about":[{"href":"https:\/\/patagoniambiental.com.ar\/info\/wp-json\/wp\/v2\/types\/post"}],"author":[{"embeddable":true,"href":"https:\/\/patagoniambiental.com.ar\/info\/wp-json\/wp\/v2\/users\/2"}],"replies":[{"embeddable":true,"href":"https:\/\/patagoniambiental.com.ar\/info\/wp-json\/wp\/v2\/comments?post=46633"}],"version-history":[{"count":0,"href":"https:\/\/patagoniambiental.com.ar\/info\/wp-json\/wp\/v2\/posts\/46633\/revisions"}],"wp:featuredmedia":[{"embeddable":true,"href":"https:\/\/patagoniambiental.com.ar\/info\/wp-json\/wp\/v2\/media\/46634"}],"wp:attachment":[{"href":"https:\/\/patagoniambiental.com.ar\/info\/wp-json\/wp\/v2\/media?parent=46633"}],"wp:term":[{"taxonomy":"category","embeddable":true,"href":"https:\/\/patagoniambiental.com.ar\/info\/wp-json\/wp\/v2\/categories?post=46633"},{"taxonomy":"post_tag","embeddable":true,"href":"https:\/\/patagoniambiental.com.ar\/info\/wp-json\/wp\/v2\/tags?post=46633"}],"curies":[{"name":"wp","href":"https:\/\/api.w.org\/{rel}","templated":true}]}}