{"id":46768,"date":"2018-05-21T19:00:58","date_gmt":"2018-05-21T22:00:58","guid":{"rendered":"http:\/\/patagoniambiental.com.ar\/info\/?p=46768"},"modified":"2018-05-21T09:33:38","modified_gmt":"2018-05-21T12:33:38","slug":"acuerdo-bilateral-con-la-omision-de-presencia-fueguina-antartida-se-firmo-un-convenio-de-cooperacion-entre-argentina-y-uruguay","status":"publish","type":"post","link":"https:\/\/patagoniambiental.com.ar\/info\/acuerdo-bilateral-con-la-omision-de-presencia-fueguina-antartida-se-firmo-un-convenio-de-cooperacion-entre-argentina-y-uruguay\/","title":{"rendered":"ACUERDO BILATERAL CON LA OMISI\u00d3N DE PRESENCIA FUEGUINA  Ant\u00e1rtida: Se firm\u00f3 un convenio de cooperaci\u00f3n entre Argentina y Uruguay"},"content":{"rendered":"<div class=\"f-right\">\n<p>Ant\u00e1rtida.-Es con la finalidad de &#8216;fomentar intercambios cient\u00edficos&#8217; entre ambos pa\u00edses hermanos, en el continente blanco. Cabe recordar que Tierra del Fuego no fue invitada a participar del encuentro, motivo que ocasion\u00f3 marcado malestar y una queja formal de la misma gobernadora Rosana Bertone al Gobierno Nacional.<\/p>\n<\/div>\n<p><!--more--><\/p>\n<div class=\"w620 noborde\">\n<div class=\"cajaherramientas\">\n<h6 class=\"fecha_interna\"><\/h6>\n<\/div>\n<\/div>\n<div class=\"caja\">\n<div class=\"fotonota floatLeft mb20 cycle-slideshow\" style=\"margin-bottom: 20px !important; position: relative; background-color: #000000;\" data-cycle-fx=\"scrollHorz\" data-cycle-timeout=\"0\" data-cycle-prev=\"#foto-ant\" data-cycle-next=\"#foto-sig\" data-cycle-slides=\"&gt; .item\">\n<div class=\"item cycle-slide cycle-sentinel\"><\/div>\n<div class=\"item cycle-slide cycle-slide-active\"><a class=\"gal_fotonota cboxElement\" title=\"\" href=\"https:\/\/www.infofueguina.com\/u\/fotografias\/fotosnoticias\/2018\/5\/20\/42302.jpg\"><img decoding=\"async\" src=\"https:\/\/www.infofueguina.com\/u\/fotografias\/m\/2018\/5\/20\/f620x350-42302_73320_9.jpg\" alt=\"Ant\u00e1rtida: Se firm\u00f3 un convenio de cooperaci\u00f3n entre Argentina y Uruguay\" \/><\/a><\/div>\n<\/div>\n<div id=\"noticiaint\">\n<div class=\"w300\">\n<div class=\"notas_relacionadas\">\n<div class=\"cabezal\">NOTAS RELACIONADAS<\/div>\n<ul>\n<li><a href=\"https:\/\/www.infofueguina.com\/politica\/2018\/5\/20\/ex-combatientes-apoyaron-reclamo-de-bertone-ante-cancilleria-30029.html\">Ex Combatientes apoyaron reclamo de Bertone ante Canciller\u00eda<\/a><\/li>\n<li><a href=\"https:\/\/www.infofueguina.com\/politica\/2018\/5\/17\/nacion-excluyo-tierra-del-fuego-de-reuniones-por-el-tratado-antartico-29981.html\">Naci\u00f3n excluy\u00f3 a Tierra del Fuego de reuniones por el Tratado Ant\u00e1rtico (17\/5\/2018)<\/a><\/li>\n<li><a href=\"https:\/\/www.infofueguina.com\/tu-ciudad\/2018\/4\/4\/el-gobierno-sorteara-dos-pasajes-la-antartida-para-fueguinos-29053.html\">El Gobierno sortear\u00e1 dos pasajes a la Ant\u00e1rtida para fueguinos (4\/4\/2018)<\/a><\/li>\n<\/ul>\n<\/div>\n<\/div>\n<div id=\"txtcontenido\">\n<p>En el marco de la 41\u00aa Reuni\u00f3n Consultiva del Tratado Ant\u00e1rtico (RCTA), de la cual Tierra del Fuego<strong>llamativamente no fue invitada a participar<\/strong>\u00a0por Canciller\u00eda,\u00a0la Rep\u00fablica Argentina\u00a0firm\u00f3 -este s\u00e1bado- un memor\u00e1ndum de entendimiento con la Rep\u00fablica Oriental del\u00a0Uruguay, en materia de cooperaci\u00f3n ant\u00e1rtica.<\/p>\n<p>&nbsp;<\/p>\n<p>Seg\u00fan inform\u00f3 la agencia T\u00e9lam, el convenio fue suscrito por la Jefa de la Direcci\u00f3n Nacional del Ant\u00e1rtico (DNA) argentina, Fernanda Millicay, y el director del Instituto Ant\u00e1rtico Uruguayo (IAU), contralmirante Daniel N\u00fa\u00f1ez,\u00a0con el prop\u00f3sito de \u00ab<strong>fomentar los intercambios cient\u00edficos<\/strong>\u00bb entre ambos pa\u00edses, que poseen bases en el continente blanco.<\/p>\n<p>&nbsp;<\/p>\n<p>\u00abEste memor\u00e1ndum se enmarca en los principios del Tratado Ant\u00e1rtico: la paz, la ciencia, la protecci\u00f3n del Medio Ambiente y la cooperaci\u00f3n internacional en la Ant\u00e1rtida\u00bb, indicaron desde el Ministerio de Relaciones Exteriores, a trav\u00e9s de un comunicado.<\/p>\n<p>&nbsp;<\/p>\n<p>En este sentido, se explic\u00f3 que la DNA, que depende de Canciller\u00eda,\u00a0\u00abes el organismo que tiene a su cargo la administraci\u00f3n del Programa Ant\u00e1rtico Argentino\u00bb y que, dentro de su \u00f3rbita, se encuentra el Instituto Ant\u00e1rtico Argentino, el cual \u00abplanifica, coordina y supervisa la actividad cient\u00edfica argentina en el continente\u00bb.<\/p>\n<p>&nbsp;<\/p>\n<p>Es menester recordar que, d\u00edas atr\u00e1s, distintos organismos no gubernamentales y autoridades provinciales -entre ellos, la propia gobernadora\u00a0<strong>Rosana Bertone-<\/strong>\u00a0manifestaron su enojo\u00a0y malestar, al \u00abomitirse\u00bb la presencia de\u00a0<strong>Tierra del Fuego<\/strong>\u00a0en la reuni\u00f3n. Todo esto,\u00a0con el agravante que se trata de\u00a0la provincia argentina\u00a0<strong>que tiene la jurisdicci\u00f3n sobre las bases argentinas en la Ant\u00e1rtida.<\/strong><\/p>\n<p>Fuente:\u00a0https:\/\/www.infofueguina.com\/tu-ciudad\/2018\/5\/20\/antartida-se-firmo-un-convenio-de-cooperacion-entre-argentina-uruguay-30034.html<\/p>\n<\/div>\n<\/div>\n<\/div>\n","protected":false},"excerpt":{"rendered":"<p>Ant\u00e1rtida.-Es con la finalidad de &#8216;fomentar intercambios cient\u00edficos&#8217; entre ambos pa\u00edses hermanos, en el continente blanco. Cabe recordar que Tierra [&hellip;]<\/p>\n","protected":false},"author":2,"featured_media":46769,"comment_status":"open","ping_status":"open","sticky":false,"template":"","format":"standard","meta":{"site-sidebar-layout":"default","site-content-layout":"","ast-site-content-layout":"default","site-content-style":"default","site-sidebar-style":"default","ast-global-header-display":"","ast-banner-title-visibility":"","ast-main-header-display":"","ast-hfb-above-header-display":"","ast-hfb-below-header-display":"","ast-hfb-mobile-header-display":"","site-post-title":"","ast-breadcrumbs-content":"","ast-featured-img":"","footer-sml-layout":"","ast-disable-related-posts":"","theme-transparent-header-meta":"","adv-header-id-meta":"","stick-header-meta":"","header-above-stick-meta":"","header-main-stick-meta":"","header-below-stick-meta":"","astra-migrate-meta-layouts":"default","ast-page-background-enabled":"default","ast-page-background-meta":{"desktop":{"background-color":"var(--ast-global-color-5)","background-image":"","background-repeat":"repeat","background-position":"center center","background-size":"auto","background-attachment":"scroll","background-type":"","background-media":"","overlay-type":"","overlay-color":"","overlay-opacity":"","overlay-gradient":""},"tablet":{"background-color":"","background-image":"","background-repeat":"repeat","background-position":"center center","background-size":"auto","background-attachment":"scroll","background-type":"","background-media":"","overlay-type":"","overlay-color":"","overlay-opacity":"","overlay-gradient":""},"mobile":{"background-color":"","background-image":"","background-repeat":"repeat","background-position":"center center","background-size":"auto","background-attachment":"scroll","background-type":"","background-media":"","overlay-type":"","overlay-color":"","overlay-opacity":"","overlay-gradient":""}},"ast-content-background-meta":{"desktop":{"background-color":"var(--ast-global-color-4)","background-image":"","background-repeat":"repeat","background-position":"center center","background-size":"auto","background-attachment":"scroll","background-type":"","background-media":"","overlay-type":"","overlay-color":"","overlay-opacity":"","overlay-gradient":""},"tablet":{"background-color":"var(--ast-global-color-4)","background-image":"","background-repeat":"repeat","background-position":"center center","background-size":"auto","background-attachment":"scroll","background-type":"","background-media":"","overlay-type":"","overlay-color":"","overlay-opacity":"","overlay-gradient":""},"mobile":{"background-color":"var(--ast-global-color-4)","background-image":"","background-repeat":"repeat","background-position":"center center","background-size":"auto","background-attachment":"scroll","background-type":"","background-media":"","overlay-type":"","overlay-color":"","overlay-opacity":"","overlay-gradient":""}},"footnotes":""},"categories":[23,1],"tags":[],"class_list":["post-46768","post","type-post","status-publish","format-standard","has-post-thumbnail","hentry","category-internacionales","category-noticias"],"yoast_head":"<!-- This site is optimized with the Yoast SEO Premium plugin v23.0 (Yoast SEO v27.4) - https:\/\/yoast.com\/product\/yoast-seo-premium-wordpress\/ -->\n<title>ACUERDO BILATERAL CON LA OMISI\u00d3N DE PRESENCIA FUEGUINA Ant\u00e1rtida: Se firm\u00f3 un convenio de cooperaci\u00f3n entre Argentina y Uruguay<\/title>\n<meta name=\"robots\" content=\"index, follow, max-snippet:-1, max-image-preview:large, max-video-preview:-1\" \/>\n<link rel=\"canonical\" href=\"https:\/\/patagoniambiental.com.ar\/info\/acuerdo-bilateral-con-la-omision-de-presencia-fueguina-antartida-se-firmo-un-convenio-de-cooperacion-entre-argentina-y-uruguay\/\" \/>\n<meta property=\"og:locale\" content=\"es_ES\" \/>\n<meta property=\"og:type\" content=\"article\" \/>\n<meta property=\"og:title\" content=\"ACUERDO BILATERAL CON LA OMISI\u00d3N DE PRESENCIA FUEGUINA Ant\u00e1rtida: Se firm\u00f3 un convenio de cooperaci\u00f3n entre Argentina y Uruguay\" \/>\n<meta property=\"og:description\" content=\"Ant\u00e1rtida.-Es con la finalidad de &#8216;fomentar intercambios cient\u00edficos&#8217; entre ambos pa\u00edses hermanos, en el continente blanco. Cabe recordar que Tierra [&hellip;]\" \/>\n<meta property=\"og:url\" content=\"https:\/\/patagoniambiental.com.ar\/info\/acuerdo-bilateral-con-la-omision-de-presencia-fueguina-antartida-se-firmo-un-convenio-de-cooperacion-entre-argentina-y-uruguay\/\" \/>\n<meta property=\"og:site_name\" content=\"Patagonia Ambiental\" \/>\n<meta property=\"article:publisher\" content=\"https:\/\/www.facebook.com\/patagonia.ambiental\" \/>\n<meta property=\"article:author\" content=\"https:\/\/www.facebook.com\/share\/1C1V8Gv9BX\/?mibextid=qi2Omg\" \/>\n<meta property=\"article:published_time\" content=\"2018-05-21T22:00:58+00:00\" \/>\n<meta property=\"og:image\" content=\"https:\/\/patagoniambiental.com.ar\/info\/wp-content\/uploads\/2018\/05\/f620x350-42302_73320_9.jpg\" \/>\n\t<meta property=\"og:image:width\" content=\"620\" \/>\n\t<meta property=\"og:image:height\" content=\"349\" \/>\n\t<meta property=\"og:image:type\" content=\"image\/jpeg\" \/>\n<meta name=\"author\" content=\"Patagonia Ambiental\" \/>\n<meta name=\"twitter:card\" content=\"summary_large_image\" \/>\n<meta name=\"twitter:creator\" content=\"@PatAmb\" \/>\n<meta name=\"twitter:site\" content=\"@PatAmb\" \/>\n<script type=\"application\/ld+json\" class=\"yoast-schema-graph\">{\"@context\":\"https:\\\/\\\/schema.org\",\"@graph\":[{\"@type\":\"Article\",\"@id\":\"https:\\\/\\\/patagoniambiental.com.ar\\\/info\\\/acuerdo-bilateral-con-la-omision-de-presencia-fueguina-antartida-se-firmo-un-convenio-de-cooperacion-entre-argentina-y-uruguay\\\/#article\",\"isPartOf\":{\"@id\":\"https:\\\/\\\/patagoniambiental.com.ar\\\/info\\\/acuerdo-bilateral-con-la-omision-de-presencia-fueguina-antartida-se-firmo-un-convenio-de-cooperacion-entre-argentina-y-uruguay\\\/\"},\"author\":{\"name\":\"Patagonia Ambiental\",\"@id\":\"https:\\\/\\\/patagoniambiental.com.ar\\\/info\\\/#\\\/schema\\\/person\\\/db12bff64bbcbf6a253710bf0ea37b5d\"},\"headline\":\"ACUERDO BILATERAL CON LA OMISI\u00d3N DE PRESENCIA FUEGUINA Ant\u00e1rtida: Se firm\u00f3 un convenio de cooperaci\u00f3n entre Argentina y Uruguay\",\"datePublished\":\"2018-05-21T22:00:58+00:00\",\"mainEntityOfPage\":{\"@id\":\"https:\\\/\\\/patagoniambiental.com.ar\\\/info\\\/acuerdo-bilateral-con-la-omision-de-presencia-fueguina-antartida-se-firmo-un-convenio-de-cooperacion-entre-argentina-y-uruguay\\\/\"},\"wordCount\":399,\"commentCount\":0,\"publisher\":{\"@id\":\"https:\\\/\\\/patagoniambiental.com.ar\\\/info\\\/#organization\"},\"image\":{\"@id\":\"https:\\\/\\\/patagoniambiental.com.ar\\\/info\\\/acuerdo-bilateral-con-la-omision-de-presencia-fueguina-antartida-se-firmo-un-convenio-de-cooperacion-entre-argentina-y-uruguay\\\/#primaryimage\"},\"thumbnailUrl\":\"https:\\\/\\\/patagoniambiental.com.ar\\\/info\\\/wp-content\\\/uploads\\\/2018\\\/05\\\/f620x350-42302_73320_9.jpg\",\"articleSection\":[\"Internacionales\",\"Noticias\"],\"inLanguage\":\"es\",\"potentialAction\":[{\"@type\":\"CommentAction\",\"name\":\"Comment\",\"target\":[\"https:\\\/\\\/patagoniambiental.com.ar\\\/info\\\/acuerdo-bilateral-con-la-omision-de-presencia-fueguina-antartida-se-firmo-un-convenio-de-cooperacion-entre-argentina-y-uruguay\\\/#respond\"]}]},{\"@type\":\"WebPage\",\"@id\":\"https:\\\/\\\/patagoniambiental.com.ar\\\/info\\\/acuerdo-bilateral-con-la-omision-de-presencia-fueguina-antartida-se-firmo-un-convenio-de-cooperacion-entre-argentina-y-uruguay\\\/\",\"url\":\"https:\\\/\\\/patagoniambiental.com.ar\\\/info\\\/acuerdo-bilateral-con-la-omision-de-presencia-fueguina-antartida-se-firmo-un-convenio-de-cooperacion-entre-argentina-y-uruguay\\\/\",\"name\":\"ACUERDO BILATERAL CON LA OMISI\u00d3N DE PRESENCIA FUEGUINA Ant\u00e1rtida: Se firm\u00f3 un convenio de cooperaci\u00f3n entre Argentina y Uruguay\",\"isPartOf\":{\"@id\":\"https:\\\/\\\/patagoniambiental.com.ar\\\/info\\\/#website\"},\"primaryImageOfPage\":{\"@id\":\"https:\\\/\\\/patagoniambiental.com.ar\\\/info\\\/acuerdo-bilateral-con-la-omision-de-presencia-fueguina-antartida-se-firmo-un-convenio-de-cooperacion-entre-argentina-y-uruguay\\\/#primaryimage\"},\"image\":{\"@id\":\"https:\\\/\\\/patagoniambiental.com.ar\\\/info\\\/acuerdo-bilateral-con-la-omision-de-presencia-fueguina-antartida-se-firmo-un-convenio-de-cooperacion-entre-argentina-y-uruguay\\\/#primaryimage\"},\"thumbnailUrl\":\"https:\\\/\\\/patagoniambiental.com.ar\\\/info\\\/wp-content\\\/uploads\\\/2018\\\/05\\\/f620x350-42302_73320_9.jpg\",\"datePublished\":\"2018-05-21T22:00:58+00:00\",\"breadcrumb\":{\"@id\":\"https:\\\/\\\/patagoniambiental.com.ar\\\/info\\\/acuerdo-bilateral-con-la-omision-de-presencia-fueguina-antartida-se-firmo-un-convenio-de-cooperacion-entre-argentina-y-uruguay\\\/#breadcrumb\"},\"inLanguage\":\"es\",\"potentialAction\":[{\"@type\":\"ReadAction\",\"target\":[\"https:\\\/\\\/patagoniambiental.com.ar\\\/info\\\/acuerdo-bilateral-con-la-omision-de-presencia-fueguina-antartida-se-firmo-un-convenio-de-cooperacion-entre-argentina-y-uruguay\\\/\"]}]},{\"@type\":\"ImageObject\",\"inLanguage\":\"es\",\"@id\":\"https:\\\/\\\/patagoniambiental.com.ar\\\/info\\\/acuerdo-bilateral-con-la-omision-de-presencia-fueguina-antartida-se-firmo-un-convenio-de-cooperacion-entre-argentina-y-uruguay\\\/#primaryimage\",\"url\":\"https:\\\/\\\/patagoniambiental.com.ar\\\/info\\\/wp-content\\\/uploads\\\/2018\\\/05\\\/f620x350-42302_73320_9.jpg\",\"contentUrl\":\"https:\\\/\\\/patagoniambiental.com.ar\\\/info\\\/wp-content\\\/uploads\\\/2018\\\/05\\\/f620x350-42302_73320_9.jpg\",\"width\":620,\"height\":349},{\"@type\":\"BreadcrumbList\",\"@id\":\"https:\\\/\\\/patagoniambiental.com.ar\\\/info\\\/acuerdo-bilateral-con-la-omision-de-presencia-fueguina-antartida-se-firmo-un-convenio-de-cooperacion-entre-argentina-y-uruguay\\\/#breadcrumb\",\"itemListElement\":[{\"@type\":\"ListItem\",\"position\":1,\"name\":\"Inicio\",\"item\":\"https:\\\/\\\/patagoniambiental.com.ar\\\/info\\\/\"},{\"@type\":\"ListItem\",\"position\":2,\"name\":\"ACUERDO BILATERAL CON LA OMISI\u00d3N DE PRESENCIA FUEGUINA Ant\u00e1rtida: Se firm\u00f3 un convenio de cooperaci\u00f3n entre Argentina y Uruguay\"}]},{\"@type\":\"WebSite\",\"@id\":\"https:\\\/\\\/patagoniambiental.com.ar\\\/info\\\/#website\",\"url\":\"https:\\\/\\\/patagoniambiental.com.ar\\\/info\\\/\",\"name\":\"Patagonia Ambiental\",\"description\":\"Monitoreo y an\u00e1lisis de la situaci\u00f3n geopol\u00edtica en el mundo y su implicancia en la Patagonia\",\"publisher\":{\"@id\":\"https:\\\/\\\/patagoniambiental.com.ar\\\/info\\\/#organization\"},\"potentialAction\":[{\"@type\":\"SearchAction\",\"target\":{\"@type\":\"EntryPoint\",\"urlTemplate\":\"https:\\\/\\\/patagoniambiental.com.ar\\\/info\\\/?s={search_term_string}\"},\"query-input\":{\"@type\":\"PropertyValueSpecification\",\"valueRequired\":true,\"valueName\":\"search_term_string\"}}],\"inLanguage\":\"es\"},{\"@type\":\"Organization\",\"@id\":\"https:\\\/\\\/patagoniambiental.com.ar\\\/info\\\/#organization\",\"name\":\"Patagonia Ambiental\",\"url\":\"https:\\\/\\\/patagoniambiental.com.ar\\\/info\\\/\",\"logo\":{\"@type\":\"ImageObject\",\"inLanguage\":\"es\",\"@id\":\"https:\\\/\\\/patagoniambiental.com.ar\\\/info\\\/#\\\/schema\\\/logo\\\/image\\\/\",\"url\":\"https:\\\/\\\/patagoniambiental.com.ar\\\/info\\\/wp-content\\\/uploads\\\/2025\\\/05\\\/LOGO-PATAGONIA-AMBIENTAL.png\",\"contentUrl\":\"https:\\\/\\\/patagoniambiental.com.ar\\\/info\\\/wp-content\\\/uploads\\\/2025\\\/05\\\/LOGO-PATAGONIA-AMBIENTAL.png\",\"width\":433,\"height\":250,\"caption\":\"Patagonia Ambiental\"},\"image\":{\"@id\":\"https:\\\/\\\/patagoniambiental.com.ar\\\/info\\\/#\\\/schema\\\/logo\\\/image\\\/\"},\"sameAs\":[\"https:\\\/\\\/www.facebook.com\\\/patagonia.ambiental\",\"https:\\\/\\\/x.com\\\/PatAmb\"]},{\"@type\":\"Person\",\"@id\":\"https:\\\/\\\/patagoniambiental.com.ar\\\/info\\\/#\\\/schema\\\/person\\\/db12bff64bbcbf6a253710bf0ea37b5d\",\"name\":\"Patagonia Ambiental\",\"description\":\"Andr\u00e9s Nievas T\u00e9cnico en manejo ambiental, consultor Ambiental y escritor para medios locales e internacionales sobre temas de geopolitica y medio ambiente.\",\"sameAs\":[\"http:\\\/\\\/www.patagoniambiental.com.ar\",\"https:\\\/\\\/www.facebook.com\\\/share\\\/1C1V8Gv9BX\\\/?mibextid=qi2Omg\",\"@patagoniambiental\",\"https:\\\/\\\/youtube.com\\\/@patagoniaambiental2023?si=BLt58t0wuXquxlYZ\"]}]}<\/script>\n<!-- \/ Yoast SEO Premium plugin. -->","yoast_head_json":{"title":"ACUERDO BILATERAL CON LA OMISI\u00d3N DE PRESENCIA FUEGUINA Ant\u00e1rtida: Se firm\u00f3 un convenio de cooperaci\u00f3n entre Argentina y Uruguay","robots":{"index":"index","follow":"follow","max-snippet":"max-snippet:-1","max-image-preview":"max-image-preview:large","max-video-preview":"max-video-preview:-1"},"canonical":"https:\/\/patagoniambiental.com.ar\/info\/acuerdo-bilateral-con-la-omision-de-presencia-fueguina-antartida-se-firmo-un-convenio-de-cooperacion-entre-argentina-y-uruguay\/","og_locale":"es_ES","og_type":"article","og_title":"ACUERDO BILATERAL CON LA OMISI\u00d3N DE PRESENCIA FUEGUINA Ant\u00e1rtida: Se firm\u00f3 un convenio de cooperaci\u00f3n entre Argentina y Uruguay","og_description":"Ant\u00e1rtida.-Es con la finalidad de &#8216;fomentar intercambios cient\u00edficos&#8217; entre ambos pa\u00edses hermanos, en el continente blanco. Cabe recordar que Tierra [&hellip;]","og_url":"https:\/\/patagoniambiental.com.ar\/info\/acuerdo-bilateral-con-la-omision-de-presencia-fueguina-antartida-se-firmo-un-convenio-de-cooperacion-entre-argentina-y-uruguay\/","og_site_name":"Patagonia Ambiental","article_publisher":"https:\/\/www.facebook.com\/patagonia.ambiental","article_author":"https:\/\/www.facebook.com\/share\/1C1V8Gv9BX\/?mibextid=qi2Omg","article_published_time":"2018-05-21T22:00:58+00:00","og_image":[{"width":620,"height":349,"url":"https:\/\/patagoniambiental.com.ar\/info\/wp-content\/uploads\/2018\/05\/f620x350-42302_73320_9.jpg","type":"image\/jpeg"}],"author":"Patagonia Ambiental","twitter_card":"summary_large_image","twitter_creator":"@PatAmb","twitter_site":"@PatAmb","schema":{"@context":"https:\/\/schema.org","@graph":[{"@type":"Article","@id":"https:\/\/patagoniambiental.com.ar\/info\/acuerdo-bilateral-con-la-omision-de-presencia-fueguina-antartida-se-firmo-un-convenio-de-cooperacion-entre-argentina-y-uruguay\/#article","isPartOf":{"@id":"https:\/\/patagoniambiental.com.ar\/info\/acuerdo-bilateral-con-la-omision-de-presencia-fueguina-antartida-se-firmo-un-convenio-de-cooperacion-entre-argentina-y-uruguay\/"},"author":{"name":"Patagonia Ambiental","@id":"https:\/\/patagoniambiental.com.ar\/info\/#\/schema\/person\/db12bff64bbcbf6a253710bf0ea37b5d"},"headline":"ACUERDO BILATERAL CON LA OMISI\u00d3N DE PRESENCIA FUEGUINA Ant\u00e1rtida: Se firm\u00f3 un convenio de cooperaci\u00f3n entre Argentina y Uruguay","datePublished":"2018-05-21T22:00:58+00:00","mainEntityOfPage":{"@id":"https:\/\/patagoniambiental.com.ar\/info\/acuerdo-bilateral-con-la-omision-de-presencia-fueguina-antartida-se-firmo-un-convenio-de-cooperacion-entre-argentina-y-uruguay\/"},"wordCount":399,"commentCount":0,"publisher":{"@id":"https:\/\/patagoniambiental.com.ar\/info\/#organization"},"image":{"@id":"https:\/\/patagoniambiental.com.ar\/info\/acuerdo-bilateral-con-la-omision-de-presencia-fueguina-antartida-se-firmo-un-convenio-de-cooperacion-entre-argentina-y-uruguay\/#primaryimage"},"thumbnailUrl":"https:\/\/patagoniambiental.com.ar\/info\/wp-content\/uploads\/2018\/05\/f620x350-42302_73320_9.jpg","articleSection":["Internacionales","Noticias"],"inLanguage":"es","potentialAction":[{"@type":"CommentAction","name":"Comment","target":["https:\/\/patagoniambiental.com.ar\/info\/acuerdo-bilateral-con-la-omision-de-presencia-fueguina-antartida-se-firmo-un-convenio-de-cooperacion-entre-argentina-y-uruguay\/#respond"]}]},{"@type":"WebPage","@id":"https:\/\/patagoniambiental.com.ar\/info\/acuerdo-bilateral-con-la-omision-de-presencia-fueguina-antartida-se-firmo-un-convenio-de-cooperacion-entre-argentina-y-uruguay\/","url":"https:\/\/patagoniambiental.com.ar\/info\/acuerdo-bilateral-con-la-omision-de-presencia-fueguina-antartida-se-firmo-un-convenio-de-cooperacion-entre-argentina-y-uruguay\/","name":"ACUERDO BILATERAL CON LA OMISI\u00d3N DE PRESENCIA FUEGUINA Ant\u00e1rtida: Se firm\u00f3 un convenio de cooperaci\u00f3n entre Argentina y Uruguay","isPartOf":{"@id":"https:\/\/patagoniambiental.com.ar\/info\/#website"},"primaryImageOfPage":{"@id":"https:\/\/patagoniambiental.com.ar\/info\/acuerdo-bilateral-con-la-omision-de-presencia-fueguina-antartida-se-firmo-un-convenio-de-cooperacion-entre-argentina-y-uruguay\/#primaryimage"},"image":{"@id":"https:\/\/patagoniambiental.com.ar\/info\/acuerdo-bilateral-con-la-omision-de-presencia-fueguina-antartida-se-firmo-un-convenio-de-cooperacion-entre-argentina-y-uruguay\/#primaryimage"},"thumbnailUrl":"https:\/\/patagoniambiental.com.ar\/info\/wp-content\/uploads\/2018\/05\/f620x350-42302_73320_9.jpg","datePublished":"2018-05-21T22:00:58+00:00","breadcrumb":{"@id":"https:\/\/patagoniambiental.com.ar\/info\/acuerdo-bilateral-con-la-omision-de-presencia-fueguina-antartida-se-firmo-un-convenio-de-cooperacion-entre-argentina-y-uruguay\/#breadcrumb"},"inLanguage":"es","potentialAction":[{"@type":"ReadAction","target":["https:\/\/patagoniambiental.com.ar\/info\/acuerdo-bilateral-con-la-omision-de-presencia-fueguina-antartida-se-firmo-un-convenio-de-cooperacion-entre-argentina-y-uruguay\/"]}]},{"@type":"ImageObject","inLanguage":"es","@id":"https:\/\/patagoniambiental.com.ar\/info\/acuerdo-bilateral-con-la-omision-de-presencia-fueguina-antartida-se-firmo-un-convenio-de-cooperacion-entre-argentina-y-uruguay\/#primaryimage","url":"https:\/\/patagoniambiental.com.ar\/info\/wp-content\/uploads\/2018\/05\/f620x350-42302_73320_9.jpg","contentUrl":"https:\/\/patagoniambiental.com.ar\/info\/wp-content\/uploads\/2018\/05\/f620x350-42302_73320_9.jpg","width":620,"height":349},{"@type":"BreadcrumbList","@id":"https:\/\/patagoniambiental.com.ar\/info\/acuerdo-bilateral-con-la-omision-de-presencia-fueguina-antartida-se-firmo-un-convenio-de-cooperacion-entre-argentina-y-uruguay\/#breadcrumb","itemListElement":[{"@type":"ListItem","position":1,"name":"Inicio","item":"https:\/\/patagoniambiental.com.ar\/info\/"},{"@type":"ListItem","position":2,"name":"ACUERDO BILATERAL CON LA OMISI\u00d3N DE PRESENCIA FUEGUINA Ant\u00e1rtida: Se firm\u00f3 un convenio de cooperaci\u00f3n entre Argentina y Uruguay"}]},{"@type":"WebSite","@id":"https:\/\/patagoniambiental.com.ar\/info\/#website","url":"https:\/\/patagoniambiental.com.ar\/info\/","name":"Patagonia Ambiental","description":"Monitoreo y an\u00e1lisis de la situaci\u00f3n geopol\u00edtica en el mundo y su implicancia en la Patagonia","publisher":{"@id":"https:\/\/patagoniambiental.com.ar\/info\/#organization"},"potentialAction":[{"@type":"SearchAction","target":{"@type":"EntryPoint","urlTemplate":"https:\/\/patagoniambiental.com.ar\/info\/?s={search_term_string}"},"query-input":{"@type":"PropertyValueSpecification","valueRequired":true,"valueName":"search_term_string"}}],"inLanguage":"es"},{"@type":"Organization","@id":"https:\/\/patagoniambiental.com.ar\/info\/#organization","name":"Patagonia Ambiental","url":"https:\/\/patagoniambiental.com.ar\/info\/","logo":{"@type":"ImageObject","inLanguage":"es","@id":"https:\/\/patagoniambiental.com.ar\/info\/#\/schema\/logo\/image\/","url":"https:\/\/patagoniambiental.com.ar\/info\/wp-content\/uploads\/2025\/05\/LOGO-PATAGONIA-AMBIENTAL.png","contentUrl":"https:\/\/patagoniambiental.com.ar\/info\/wp-content\/uploads\/2025\/05\/LOGO-PATAGONIA-AMBIENTAL.png","width":433,"height":250,"caption":"Patagonia Ambiental"},"image":{"@id":"https:\/\/patagoniambiental.com.ar\/info\/#\/schema\/logo\/image\/"},"sameAs":["https:\/\/www.facebook.com\/patagonia.ambiental","https:\/\/x.com\/PatAmb"]},{"@type":"Person","@id":"https:\/\/patagoniambiental.com.ar\/info\/#\/schema\/person\/db12bff64bbcbf6a253710bf0ea37b5d","name":"Patagonia Ambiental","description":"Andr\u00e9s Nievas T\u00e9cnico en manejo ambiental, consultor Ambiental y escritor para medios locales e internacionales sobre temas de geopolitica y medio ambiente.","sameAs":["http:\/\/www.patagoniambiental.com.ar","https:\/\/www.facebook.com\/share\/1C1V8Gv9BX\/?mibextid=qi2Omg","@patagoniambiental","https:\/\/youtube.com\/@patagoniaambiental2023?si=BLt58t0wuXquxlYZ"]}]}},"_links":{"self":[{"href":"https:\/\/patagoniambiental.com.ar\/info\/wp-json\/wp\/v2\/posts\/46768","targetHints":{"allow":["GET"]}}],"collection":[{"href":"https:\/\/patagoniambiental.com.ar\/info\/wp-json\/wp\/v2\/posts"}],"about":[{"href":"https:\/\/patagoniambiental.com.ar\/info\/wp-json\/wp\/v2\/types\/post"}],"author":[{"embeddable":true,"href":"https:\/\/patagoniambiental.com.ar\/info\/wp-json\/wp\/v2\/users\/2"}],"replies":[{"embeddable":true,"href":"https:\/\/patagoniambiental.com.ar\/info\/wp-json\/wp\/v2\/comments?post=46768"}],"version-history":[{"count":0,"href":"https:\/\/patagoniambiental.com.ar\/info\/wp-json\/wp\/v2\/posts\/46768\/revisions"}],"wp:featuredmedia":[{"embeddable":true,"href":"https:\/\/patagoniambiental.com.ar\/info\/wp-json\/wp\/v2\/media\/46769"}],"wp:attachment":[{"href":"https:\/\/patagoniambiental.com.ar\/info\/wp-json\/wp\/v2\/media?parent=46768"}],"wp:term":[{"taxonomy":"category","embeddable":true,"href":"https:\/\/patagoniambiental.com.ar\/info\/wp-json\/wp\/v2\/categories?post=46768"},{"taxonomy":"post_tag","embeddable":true,"href":"https:\/\/patagoniambiental.com.ar\/info\/wp-json\/wp\/v2\/tags?post=46768"}],"curies":[{"name":"wp","href":"https:\/\/api.w.org\/{rel}","templated":true}]}}