{"id":46861,"date":"2018-05-23T19:00:41","date_gmt":"2018-05-23T22:00:41","guid":{"rendered":"http:\/\/patagoniambiental.com.ar\/info\/?p=46861"},"modified":"2018-05-22T11:35:31","modified_gmt":"2018-05-22T14:35:31","slug":"un-gran-asteroide-se-acerca-a-la-tierra-2010-wc9","status":"publish","type":"post","link":"https:\/\/patagoniambiental.com.ar\/info\/un-gran-asteroide-se-acerca-a-la-tierra-2010-wc9\/","title":{"rendered":"Un gran asteroide se acerca a la Tierra: \u201c2010 WC9\u201d"},"content":{"rendered":"<header class=\"article__header\">\n<div class=\"article__header__wrapper\">\n<div>\n<div>\n<p>Estados Unidos.-Los cient\u00edficos de la NASA calcularon su trayectoria y confirmaron a qu\u00e9 distancia pasar\u00e1. \u201cApenas un roce\u201d, describieron.<\/p>\n<\/div>\n<\/div>\n<p>&nbsp;<\/p>\n<\/div>\n<\/header>\n<p><!--more--><\/p>\n<div class=\"article__body\">\n<p>Hac\u00eda siete a\u00f1os que la\u00a0<strong>NASA<\/strong>\u00a0no ten\u00eda noticias del\u00a0<strong>asteroide \u00ab2010 WC9\u00bb<\/strong>, hasta que la semana pasada comenz\u00f3 a acercarse a la Tierra. Por fortuna, no chocar\u00e1 con nuestro planeta y pasar\u00e1 de largo en la noche del martes.<\/p>\n<p>Los cient\u00edficos de la NASA\u00a0<strong>calcularon su trayectoria<\/strong>\u00a0y confirmaron que pasar\u00e1 a unos 200.000 km de la Tierra, la mitad de la distancia que nos separa de la Luna, lo que significa \u201capenas un roce a escala c\u00f3smica\u201d, describieron.<\/p>\n<div>\n<figure class=\"media-image undefined media-image--state-success\"><img decoding=\"async\" src=\"https:\/\/cdn.tn.com.ar\/sites\/default\/files\/styles\/embed_image\/public\/2018\/05\/22\/5b03a43910128_tnpic_1526965281.jpg\" srcset=\"\/\/cdn.tn.com.ar\/sites\/default\/files\/styles\/embed_image\/public\/2018\/05\/22\/5b03a43910128_tnpic_1526965281.jpg 1080w,\/\/cdn.tn.com.ar\/sites\/default\/files\/styles\/embed_image\/public\/2018\/05\/22\/5b03a43910128_tnpic_1526965281.jpg 720w\" \/><\/figure>\n<\/div>\n<p>Desde luego que<strong>\u00a0otros asteroides\u00a0<\/strong>pasaron m\u00e1s cerca de nuestro planeta, como el \u00ab2012 TC4\u00bb, que pas\u00f3 a 44.000 km el pasado mes de octubre, u otro que se acerc\u00f3 a 28.000 km en 2013, pero apenas med\u00edan una decena de metros y 45 metros de di\u00e1metro respectivamente.<\/p>\n<div>\n<div class=\"article__body__related-content\"><\/div>\n<\/div>\n<p>En cuanto al asteroide que cay\u00f3 en 2013 sobre la ciudad rusa de Tcheliabinsk y que provoc\u00f3 m\u00e1s de mil heridos, ten\u00eda un di\u00e1metro de unos 19 metros.<\/p>\n<div>\n<figure class=\"media-image undefined media-image--state-success\"><img decoding=\"async\" src=\"https:\/\/cdn.tn.com.ar\/sites\/default\/files\/styles\/embed_image\/public\/2018\/05\/22\/5b03a39fa1e02_asteroide_3.jpg\" srcset=\"\/\/cdn.tn.com.ar\/sites\/default\/files\/styles\/embed_image\/public\/2018\/05\/22\/5b03a39fa1e02_asteroide_3.jpg 1080w,\/\/cdn.tn.com.ar\/sites\/default\/files\/styles\/embed_image\/public\/2018\/05\/22\/5b03a39fa1e02_asteroide_3.jpg 720w\" alt=\"Pasar\u00e1 a mitad de camino entre la Luna y la Tierra.\" \/><figcaption>Pasar\u00e1 a mitad de camino entre la Luna y la Tierra.<\/figcaption><\/figure>\n<\/div>\n<p>Esta vez se trata de una escala mayor. El asteroide \u00ab2010 WC9\u00bb\u00a0<strong>mide entre 50 y 120 metros de di\u00e1metro<\/strong>, vuela a 12,8 km por segundo y pasar\u00e1 \u00abbajo\u00bb la Tierra a las 22.04 GMT, a la altura de la Ant\u00e1rtida.<\/p>\n<p>Uno de los mejores lugares para observarlo ser\u00e1 Ciudad del Cabo, en\u00a0<strong>Sud\u00e1frica<\/strong>, donde se podr\u00e1 interceptar con un telescopio de alcance medio.<\/p>\n<div>\n<div class=\"article__body__related-content\"><span class=\"article__body__related-content__header\">Le\u00e9 tambi\u00e9n<\/span><a class=\"article__body__related-content__link\" href=\"https:\/\/tn.com.ar\/salud\/lo-ultimo\/esta-es-la-adiccion-de-los-astronautas-que-mas-preocupa-la-nasa_854670\">\u00c9sta es la adicci\u00f3n de los astronautas que m\u00e1s preocupa a la NASA<\/a><\/div>\n<\/div>\n<p>Se calcula que \u00ab2010 WC9\u00bb no regresar\u00e1 a las inmediaciones de la Tierra\u00a0<strong>antes de 2019<\/strong>, pero lo har\u00e1 a una distancia m\u00e1s segura: a 43 millones de kil\u00f3metros.<\/p>\n<p>Fuente: TN<\/p>\n<\/div>\n","protected":false},"excerpt":{"rendered":"<p>Estados Unidos.-Los cient\u00edficos de la NASA calcularon su trayectoria y confirmaron a qu\u00e9 distancia pasar\u00e1. \u201cApenas un roce\u201d, describieron. &nbsp;<\/p>\n","protected":false},"author":2,"featured_media":46862,"comment_status":"open","ping_status":"open","sticky":false,"template":"","format":"standard","meta":{"site-sidebar-layout":"default","site-content-layout":"","ast-site-content-layout":"default","site-content-style":"default","site-sidebar-style":"default","ast-global-header-display":"","ast-banner-title-visibility":"","ast-main-header-display":"","ast-hfb-above-header-display":"","ast-hfb-below-header-display":"","ast-hfb-mobile-header-display":"","site-post-title":"","ast-breadcrumbs-content":"","ast-featured-img":"","footer-sml-layout":"","ast-disable-related-posts":"","theme-transparent-header-meta":"","adv-header-id-meta":"","stick-header-meta":"","header-above-stick-meta":"","header-main-stick-meta":"","header-below-stick-meta":"","astra-migrate-meta-layouts":"default","ast-page-background-enabled":"default","ast-page-background-meta":{"desktop":{"background-color":"var(--ast-global-color-5)","background-image":"","background-repeat":"repeat","background-position":"center center","background-size":"auto","background-attachment":"scroll","background-type":"","background-media":"","overlay-type":"","overlay-color":"","overlay-opacity":"","overlay-gradient":""},"tablet":{"background-color":"","background-image":"","background-repeat":"repeat","background-position":"center center","background-size":"auto","background-attachment":"scroll","background-type":"","background-media":"","overlay-type":"","overlay-color":"","overlay-opacity":"","overlay-gradient":""},"mobile":{"background-color":"","background-image":"","background-repeat":"repeat","background-position":"center center","background-size":"auto","background-attachment":"scroll","background-type":"","background-media":"","overlay-type":"","overlay-color":"","overlay-opacity":"","overlay-gradient":""}},"ast-content-background-meta":{"desktop":{"background-color":"var(--ast-global-color-4)","background-image":"","background-repeat":"repeat","background-position":"center center","background-size":"auto","background-attachment":"scroll","background-type":"","background-media":"","overlay-type":"","overlay-color":"","overlay-opacity":"","overlay-gradient":""},"tablet":{"background-color":"var(--ast-global-color-4)","background-image":"","background-repeat":"repeat","background-position":"center center","background-size":"auto","background-attachment":"scroll","background-type":"","background-media":"","overlay-type":"","overlay-color":"","overlay-opacity":"","overlay-gradient":""},"mobile":{"background-color":"var(--ast-global-color-4)","background-image":"","background-repeat":"repeat","background-position":"center center","background-size":"auto","background-attachment":"scroll","background-type":"","background-media":"","overlay-type":"","overlay-color":"","overlay-opacity":"","overlay-gradient":""}},"footnotes":""},"categories":[23,1],"tags":[],"class_list":["post-46861","post","type-post","status-publish","format-standard","has-post-thumbnail","hentry","category-internacionales","category-noticias"],"yoast_head":"<!-- This site is optimized with the Yoast SEO Premium plugin v23.0 (Yoast SEO v27.4) - https:\/\/yoast.com\/product\/yoast-seo-premium-wordpress\/ -->\n<title>Un gran asteroide se acerca a la Tierra: \u201c2010 WC9\u201d<\/title>\n<meta name=\"robots\" content=\"index, follow, max-snippet:-1, max-image-preview:large, max-video-preview:-1\" \/>\n<link rel=\"canonical\" href=\"https:\/\/patagoniambiental.com.ar\/info\/un-gran-asteroide-se-acerca-a-la-tierra-2010-wc9\/\" \/>\n<meta property=\"og:locale\" content=\"es_ES\" \/>\n<meta property=\"og:type\" content=\"article\" \/>\n<meta property=\"og:title\" content=\"Un gran asteroide se acerca a la Tierra: \u201c2010 WC9\u201d\" \/>\n<meta property=\"og:description\" content=\"Estados Unidos.-Los cient\u00edficos de la NASA calcularon su trayectoria y confirmaron a qu\u00e9 distancia pasar\u00e1. \u201cApenas un roce\u201d, describieron. &nbsp;\" \/>\n<meta property=\"og:url\" content=\"https:\/\/patagoniambiental.com.ar\/info\/un-gran-asteroide-se-acerca-a-la-tierra-2010-wc9\/\" \/>\n<meta property=\"og:site_name\" content=\"Patagonia Ambiental\" \/>\n<meta property=\"article:publisher\" content=\"https:\/\/www.facebook.com\/patagonia.ambiental\" \/>\n<meta property=\"article:author\" content=\"https:\/\/www.facebook.com\/share\/1C1V8Gv9BX\/?mibextid=qi2Omg\" \/>\n<meta property=\"article:published_time\" content=\"2018-05-23T22:00:41+00:00\" \/>\n<meta property=\"og:image\" content=\"https:\/\/patagoniambiental.com.ar\/info\/wp-content\/uploads\/2018\/05\/Sin-t\u00edtulo-5.jpg\" \/>\n\t<meta property=\"og:image:width\" content=\"656\" \/>\n\t<meta property=\"og:image:height\" content=\"466\" \/>\n\t<meta property=\"og:image:type\" content=\"image\/jpeg\" \/>\n<meta name=\"author\" content=\"Patagonia Ambiental\" \/>\n<meta name=\"twitter:card\" content=\"summary_large_image\" \/>\n<meta name=\"twitter:creator\" content=\"@PatAmb\" \/>\n<meta name=\"twitter:site\" content=\"@PatAmb\" \/>\n<script type=\"application\/ld+json\" class=\"yoast-schema-graph\">{\"@context\":\"https:\\\/\\\/schema.org\",\"@graph\":[{\"@type\":\"Article\",\"@id\":\"https:\\\/\\\/patagoniambiental.com.ar\\\/info\\\/un-gran-asteroide-se-acerca-a-la-tierra-2010-wc9\\\/#article\",\"isPartOf\":{\"@id\":\"https:\\\/\\\/patagoniambiental.com.ar\\\/info\\\/un-gran-asteroide-se-acerca-a-la-tierra-2010-wc9\\\/\"},\"author\":{\"name\":\"Patagonia Ambiental\",\"@id\":\"https:\\\/\\\/patagoniambiental.com.ar\\\/info\\\/#\\\/schema\\\/person\\\/db12bff64bbcbf6a253710bf0ea37b5d\"},\"headline\":\"Un gran asteroide se acerca a la Tierra: \u201c2010 WC9\u201d\",\"datePublished\":\"2018-05-23T22:00:41+00:00\",\"mainEntityOfPage\":{\"@id\":\"https:\\\/\\\/patagoniambiental.com.ar\\\/info\\\/un-gran-asteroide-se-acerca-a-la-tierra-2010-wc9\\\/\"},\"wordCount\":310,\"commentCount\":0,\"publisher\":{\"@id\":\"https:\\\/\\\/patagoniambiental.com.ar\\\/info\\\/#organization\"},\"image\":{\"@id\":\"https:\\\/\\\/patagoniambiental.com.ar\\\/info\\\/un-gran-asteroide-se-acerca-a-la-tierra-2010-wc9\\\/#primaryimage\"},\"thumbnailUrl\":\"https:\\\/\\\/patagoniambiental.com.ar\\\/info\\\/wp-content\\\/uploads\\\/2018\\\/05\\\/Sin-t\u00edtulo-5.jpg\",\"articleSection\":[\"Internacionales\",\"Noticias\"],\"inLanguage\":\"es\",\"potentialAction\":[{\"@type\":\"CommentAction\",\"name\":\"Comment\",\"target\":[\"https:\\\/\\\/patagoniambiental.com.ar\\\/info\\\/un-gran-asteroide-se-acerca-a-la-tierra-2010-wc9\\\/#respond\"]}]},{\"@type\":\"WebPage\",\"@id\":\"https:\\\/\\\/patagoniambiental.com.ar\\\/info\\\/un-gran-asteroide-se-acerca-a-la-tierra-2010-wc9\\\/\",\"url\":\"https:\\\/\\\/patagoniambiental.com.ar\\\/info\\\/un-gran-asteroide-se-acerca-a-la-tierra-2010-wc9\\\/\",\"name\":\"Un gran asteroide se acerca a la Tierra: \u201c2010 WC9\u201d\",\"isPartOf\":{\"@id\":\"https:\\\/\\\/patagoniambiental.com.ar\\\/info\\\/#website\"},\"primaryImageOfPage\":{\"@id\":\"https:\\\/\\\/patagoniambiental.com.ar\\\/info\\\/un-gran-asteroide-se-acerca-a-la-tierra-2010-wc9\\\/#primaryimage\"},\"image\":{\"@id\":\"https:\\\/\\\/patagoniambiental.com.ar\\\/info\\\/un-gran-asteroide-se-acerca-a-la-tierra-2010-wc9\\\/#primaryimage\"},\"thumbnailUrl\":\"https:\\\/\\\/patagoniambiental.com.ar\\\/info\\\/wp-content\\\/uploads\\\/2018\\\/05\\\/Sin-t\u00edtulo-5.jpg\",\"datePublished\":\"2018-05-23T22:00:41+00:00\",\"breadcrumb\":{\"@id\":\"https:\\\/\\\/patagoniambiental.com.ar\\\/info\\\/un-gran-asteroide-se-acerca-a-la-tierra-2010-wc9\\\/#breadcrumb\"},\"inLanguage\":\"es\",\"potentialAction\":[{\"@type\":\"ReadAction\",\"target\":[\"https:\\\/\\\/patagoniambiental.com.ar\\\/info\\\/un-gran-asteroide-se-acerca-a-la-tierra-2010-wc9\\\/\"]}]},{\"@type\":\"ImageObject\",\"inLanguage\":\"es\",\"@id\":\"https:\\\/\\\/patagoniambiental.com.ar\\\/info\\\/un-gran-asteroide-se-acerca-a-la-tierra-2010-wc9\\\/#primaryimage\",\"url\":\"https:\\\/\\\/patagoniambiental.com.ar\\\/info\\\/wp-content\\\/uploads\\\/2018\\\/05\\\/Sin-t\u00edtulo-5.jpg\",\"contentUrl\":\"https:\\\/\\\/patagoniambiental.com.ar\\\/info\\\/wp-content\\\/uploads\\\/2018\\\/05\\\/Sin-t\u00edtulo-5.jpg\",\"width\":656,\"height\":466},{\"@type\":\"BreadcrumbList\",\"@id\":\"https:\\\/\\\/patagoniambiental.com.ar\\\/info\\\/un-gran-asteroide-se-acerca-a-la-tierra-2010-wc9\\\/#breadcrumb\",\"itemListElement\":[{\"@type\":\"ListItem\",\"position\":1,\"name\":\"Inicio\",\"item\":\"https:\\\/\\\/patagoniambiental.com.ar\\\/info\\\/\"},{\"@type\":\"ListItem\",\"position\":2,\"name\":\"Un gran asteroide se acerca a la Tierra: \u201c2010 WC9\u201d\"}]},{\"@type\":\"WebSite\",\"@id\":\"https:\\\/\\\/patagoniambiental.com.ar\\\/info\\\/#website\",\"url\":\"https:\\\/\\\/patagoniambiental.com.ar\\\/info\\\/\",\"name\":\"Patagonia Ambiental\",\"description\":\"Monitoreo y an\u00e1lisis de la situaci\u00f3n geopol\u00edtica en el mundo y su implicancia en la Patagonia\",\"publisher\":{\"@id\":\"https:\\\/\\\/patagoniambiental.com.ar\\\/info\\\/#organization\"},\"potentialAction\":[{\"@type\":\"SearchAction\",\"target\":{\"@type\":\"EntryPoint\",\"urlTemplate\":\"https:\\\/\\\/patagoniambiental.com.ar\\\/info\\\/?s={search_term_string}\"},\"query-input\":{\"@type\":\"PropertyValueSpecification\",\"valueRequired\":true,\"valueName\":\"search_term_string\"}}],\"inLanguage\":\"es\"},{\"@type\":\"Organization\",\"@id\":\"https:\\\/\\\/patagoniambiental.com.ar\\\/info\\\/#organization\",\"name\":\"Patagonia Ambiental\",\"url\":\"https:\\\/\\\/patagoniambiental.com.ar\\\/info\\\/\",\"logo\":{\"@type\":\"ImageObject\",\"inLanguage\":\"es\",\"@id\":\"https:\\\/\\\/patagoniambiental.com.ar\\\/info\\\/#\\\/schema\\\/logo\\\/image\\\/\",\"url\":\"https:\\\/\\\/patagoniambiental.com.ar\\\/info\\\/wp-content\\\/uploads\\\/2025\\\/05\\\/LOGO-PATAGONIA-AMBIENTAL.png\",\"contentUrl\":\"https:\\\/\\\/patagoniambiental.com.ar\\\/info\\\/wp-content\\\/uploads\\\/2025\\\/05\\\/LOGO-PATAGONIA-AMBIENTAL.png\",\"width\":433,\"height\":250,\"caption\":\"Patagonia Ambiental\"},\"image\":{\"@id\":\"https:\\\/\\\/patagoniambiental.com.ar\\\/info\\\/#\\\/schema\\\/logo\\\/image\\\/\"},\"sameAs\":[\"https:\\\/\\\/www.facebook.com\\\/patagonia.ambiental\",\"https:\\\/\\\/x.com\\\/PatAmb\"]},{\"@type\":\"Person\",\"@id\":\"https:\\\/\\\/patagoniambiental.com.ar\\\/info\\\/#\\\/schema\\\/person\\\/db12bff64bbcbf6a253710bf0ea37b5d\",\"name\":\"Patagonia Ambiental\",\"description\":\"Andr\u00e9s Nievas T\u00e9cnico en manejo ambiental, consultor Ambiental y escritor para medios locales e internacionales sobre temas de geopolitica y medio ambiente.\",\"sameAs\":[\"http:\\\/\\\/www.patagoniambiental.com.ar\",\"https:\\\/\\\/www.facebook.com\\\/share\\\/1C1V8Gv9BX\\\/?mibextid=qi2Omg\",\"@patagoniambiental\",\"https:\\\/\\\/youtube.com\\\/@patagoniaambiental2023?si=BLt58t0wuXquxlYZ\"]}]}<\/script>\n<!-- \/ Yoast SEO Premium plugin. -->","yoast_head_json":{"title":"Un gran asteroide se acerca a la Tierra: \u201c2010 WC9\u201d","robots":{"index":"index","follow":"follow","max-snippet":"max-snippet:-1","max-image-preview":"max-image-preview:large","max-video-preview":"max-video-preview:-1"},"canonical":"https:\/\/patagoniambiental.com.ar\/info\/un-gran-asteroide-se-acerca-a-la-tierra-2010-wc9\/","og_locale":"es_ES","og_type":"article","og_title":"Un gran asteroide se acerca a la Tierra: \u201c2010 WC9\u201d","og_description":"Estados Unidos.-Los cient\u00edficos de la NASA calcularon su trayectoria y confirmaron a qu\u00e9 distancia pasar\u00e1. \u201cApenas un roce\u201d, describieron. &nbsp;","og_url":"https:\/\/patagoniambiental.com.ar\/info\/un-gran-asteroide-se-acerca-a-la-tierra-2010-wc9\/","og_site_name":"Patagonia Ambiental","article_publisher":"https:\/\/www.facebook.com\/patagonia.ambiental","article_author":"https:\/\/www.facebook.com\/share\/1C1V8Gv9BX\/?mibextid=qi2Omg","article_published_time":"2018-05-23T22:00:41+00:00","og_image":[{"width":656,"height":466,"url":"https:\/\/patagoniambiental.com.ar\/info\/wp-content\/uploads\/2018\/05\/Sin-t\u00edtulo-5.jpg","type":"image\/jpeg"}],"author":"Patagonia Ambiental","twitter_card":"summary_large_image","twitter_creator":"@PatAmb","twitter_site":"@PatAmb","schema":{"@context":"https:\/\/schema.org","@graph":[{"@type":"Article","@id":"https:\/\/patagoniambiental.com.ar\/info\/un-gran-asteroide-se-acerca-a-la-tierra-2010-wc9\/#article","isPartOf":{"@id":"https:\/\/patagoniambiental.com.ar\/info\/un-gran-asteroide-se-acerca-a-la-tierra-2010-wc9\/"},"author":{"name":"Patagonia Ambiental","@id":"https:\/\/patagoniambiental.com.ar\/info\/#\/schema\/person\/db12bff64bbcbf6a253710bf0ea37b5d"},"headline":"Un gran asteroide se acerca a la Tierra: \u201c2010 WC9\u201d","datePublished":"2018-05-23T22:00:41+00:00","mainEntityOfPage":{"@id":"https:\/\/patagoniambiental.com.ar\/info\/un-gran-asteroide-se-acerca-a-la-tierra-2010-wc9\/"},"wordCount":310,"commentCount":0,"publisher":{"@id":"https:\/\/patagoniambiental.com.ar\/info\/#organization"},"image":{"@id":"https:\/\/patagoniambiental.com.ar\/info\/un-gran-asteroide-se-acerca-a-la-tierra-2010-wc9\/#primaryimage"},"thumbnailUrl":"https:\/\/patagoniambiental.com.ar\/info\/wp-content\/uploads\/2018\/05\/Sin-t\u00edtulo-5.jpg","articleSection":["Internacionales","Noticias"],"inLanguage":"es","potentialAction":[{"@type":"CommentAction","name":"Comment","target":["https:\/\/patagoniambiental.com.ar\/info\/un-gran-asteroide-se-acerca-a-la-tierra-2010-wc9\/#respond"]}]},{"@type":"WebPage","@id":"https:\/\/patagoniambiental.com.ar\/info\/un-gran-asteroide-se-acerca-a-la-tierra-2010-wc9\/","url":"https:\/\/patagoniambiental.com.ar\/info\/un-gran-asteroide-se-acerca-a-la-tierra-2010-wc9\/","name":"Un gran asteroide se acerca a la Tierra: \u201c2010 WC9\u201d","isPartOf":{"@id":"https:\/\/patagoniambiental.com.ar\/info\/#website"},"primaryImageOfPage":{"@id":"https:\/\/patagoniambiental.com.ar\/info\/un-gran-asteroide-se-acerca-a-la-tierra-2010-wc9\/#primaryimage"},"image":{"@id":"https:\/\/patagoniambiental.com.ar\/info\/un-gran-asteroide-se-acerca-a-la-tierra-2010-wc9\/#primaryimage"},"thumbnailUrl":"https:\/\/patagoniambiental.com.ar\/info\/wp-content\/uploads\/2018\/05\/Sin-t\u00edtulo-5.jpg","datePublished":"2018-05-23T22:00:41+00:00","breadcrumb":{"@id":"https:\/\/patagoniambiental.com.ar\/info\/un-gran-asteroide-se-acerca-a-la-tierra-2010-wc9\/#breadcrumb"},"inLanguage":"es","potentialAction":[{"@type":"ReadAction","target":["https:\/\/patagoniambiental.com.ar\/info\/un-gran-asteroide-se-acerca-a-la-tierra-2010-wc9\/"]}]},{"@type":"ImageObject","inLanguage":"es","@id":"https:\/\/patagoniambiental.com.ar\/info\/un-gran-asteroide-se-acerca-a-la-tierra-2010-wc9\/#primaryimage","url":"https:\/\/patagoniambiental.com.ar\/info\/wp-content\/uploads\/2018\/05\/Sin-t\u00edtulo-5.jpg","contentUrl":"https:\/\/patagoniambiental.com.ar\/info\/wp-content\/uploads\/2018\/05\/Sin-t\u00edtulo-5.jpg","width":656,"height":466},{"@type":"BreadcrumbList","@id":"https:\/\/patagoniambiental.com.ar\/info\/un-gran-asteroide-se-acerca-a-la-tierra-2010-wc9\/#breadcrumb","itemListElement":[{"@type":"ListItem","position":1,"name":"Inicio","item":"https:\/\/patagoniambiental.com.ar\/info\/"},{"@type":"ListItem","position":2,"name":"Un gran asteroide se acerca a la Tierra: \u201c2010 WC9\u201d"}]},{"@type":"WebSite","@id":"https:\/\/patagoniambiental.com.ar\/info\/#website","url":"https:\/\/patagoniambiental.com.ar\/info\/","name":"Patagonia Ambiental","description":"Monitoreo y an\u00e1lisis de la situaci\u00f3n geopol\u00edtica en el mundo y su implicancia en la Patagonia","publisher":{"@id":"https:\/\/patagoniambiental.com.ar\/info\/#organization"},"potentialAction":[{"@type":"SearchAction","target":{"@type":"EntryPoint","urlTemplate":"https:\/\/patagoniambiental.com.ar\/info\/?s={search_term_string}"},"query-input":{"@type":"PropertyValueSpecification","valueRequired":true,"valueName":"search_term_string"}}],"inLanguage":"es"},{"@type":"Organization","@id":"https:\/\/patagoniambiental.com.ar\/info\/#organization","name":"Patagonia Ambiental","url":"https:\/\/patagoniambiental.com.ar\/info\/","logo":{"@type":"ImageObject","inLanguage":"es","@id":"https:\/\/patagoniambiental.com.ar\/info\/#\/schema\/logo\/image\/","url":"https:\/\/patagoniambiental.com.ar\/info\/wp-content\/uploads\/2025\/05\/LOGO-PATAGONIA-AMBIENTAL.png","contentUrl":"https:\/\/patagoniambiental.com.ar\/info\/wp-content\/uploads\/2025\/05\/LOGO-PATAGONIA-AMBIENTAL.png","width":433,"height":250,"caption":"Patagonia Ambiental"},"image":{"@id":"https:\/\/patagoniambiental.com.ar\/info\/#\/schema\/logo\/image\/"},"sameAs":["https:\/\/www.facebook.com\/patagonia.ambiental","https:\/\/x.com\/PatAmb"]},{"@type":"Person","@id":"https:\/\/patagoniambiental.com.ar\/info\/#\/schema\/person\/db12bff64bbcbf6a253710bf0ea37b5d","name":"Patagonia Ambiental","description":"Andr\u00e9s Nievas T\u00e9cnico en manejo ambiental, consultor Ambiental y escritor para medios locales e internacionales sobre temas de geopolitica y medio ambiente.","sameAs":["http:\/\/www.patagoniambiental.com.ar","https:\/\/www.facebook.com\/share\/1C1V8Gv9BX\/?mibextid=qi2Omg","@patagoniambiental","https:\/\/youtube.com\/@patagoniaambiental2023?si=BLt58t0wuXquxlYZ"]}]}},"_links":{"self":[{"href":"https:\/\/patagoniambiental.com.ar\/info\/wp-json\/wp\/v2\/posts\/46861","targetHints":{"allow":["GET"]}}],"collection":[{"href":"https:\/\/patagoniambiental.com.ar\/info\/wp-json\/wp\/v2\/posts"}],"about":[{"href":"https:\/\/patagoniambiental.com.ar\/info\/wp-json\/wp\/v2\/types\/post"}],"author":[{"embeddable":true,"href":"https:\/\/patagoniambiental.com.ar\/info\/wp-json\/wp\/v2\/users\/2"}],"replies":[{"embeddable":true,"href":"https:\/\/patagoniambiental.com.ar\/info\/wp-json\/wp\/v2\/comments?post=46861"}],"version-history":[{"count":0,"href":"https:\/\/patagoniambiental.com.ar\/info\/wp-json\/wp\/v2\/posts\/46861\/revisions"}],"wp:featuredmedia":[{"embeddable":true,"href":"https:\/\/patagoniambiental.com.ar\/info\/wp-json\/wp\/v2\/media\/46862"}],"wp:attachment":[{"href":"https:\/\/patagoniambiental.com.ar\/info\/wp-json\/wp\/v2\/media?parent=46861"}],"wp:term":[{"taxonomy":"category","embeddable":true,"href":"https:\/\/patagoniambiental.com.ar\/info\/wp-json\/wp\/v2\/categories?post=46861"},{"taxonomy":"post_tag","embeddable":true,"href":"https:\/\/patagoniambiental.com.ar\/info\/wp-json\/wp\/v2\/tags?post=46861"}],"curies":[{"name":"wp","href":"https:\/\/api.w.org\/{rel}","templated":true}]}}